{"id":22799,"date":"2021-06-09T11:58:44","date_gmt":"2021-06-09T14:58:44","guid":{"rendered":"https:\/\/about.fb.com\/br\/?p=22799"},"modified":"2021-07-01T17:04:04","modified_gmt":"2021-07-01T20:04:04","slug":"preta-gil-e-joao-luiz-do-bbb21-apresentam-serie-de-video-no-mes-do-orgulho-lgbti-no-facebook-watch","status":"publish","type":"post","link":"https:\/\/about.fb.com\/br\/news\/2021\/06\/preta-gil-e-joao-luiz-do-bbb21-apresentam-serie-de-video-no-mes-do-orgulho-lgbti-no-facebook-watch\/","title":{"rendered":"Preta Gil e Jo\u00e3o Luiz, do BBB21, apresentam s\u00e9rie de v\u00eddeo no M\u00eas do Orgulho LGBTI+ no Facebook Watch"},"content":{"rendered":"<p><span style=\"font-weight: 400\">A partir desta quarta-feira, dia 9 de junho, a s\u00e9rie &#8216;<\/span><a href=\"https:\/\/www.facebook.com\/watch\/?v=2984216051903296\"><span style=\"font-weight: 400\">Aliades pela Diversidade<\/span><\/a><span style=\"font-weight: 400\">&#8216; chega ao Facebook Watch. Apresentada pela cantora <\/span><a href=\"https:\/\/www.facebook.com\/pretagiloficial\"><span style=\"font-weight: 400\">Preta Gil<\/span><\/a><span style=\"font-weight: 400\">, pelo professor e ex-BBB21, <\/span><a href=\"https:\/\/www.facebook.com\/joaoluizpedrosadasilva\/\"><span style=\"font-weight: 400\">Jo\u00e3o Luiz<\/span><\/a><span style=\"font-weight: 400\">, pela influenciadora <\/span><a href=\"https:\/\/www.facebook.com\/HelloBielo\"><span style=\"font-weight: 400\">Bielo Pereira<\/span><\/a><span style=\"font-weight: 400\"> e pela cantora <\/span><a href=\"https:\/\/www.facebook.com\/MulherPepita\"><span style=\"font-weight: 400\">Pepita<\/span><\/a><span style=\"font-weight: 400\">, a s\u00e9rie traz, em quatro epis\u00f3dios, os momentos da jornada das pessoas LGBTI+ e a import\u00e2ncia das pessoas aliadas ao longo de sua vida. Com epis\u00f3dios semanais, o conte\u00fado ser\u00e1 publicado nas p\u00e1ginas da <\/span><a href=\"https:\/\/www.facebook.com\/todxsbrasil\"><span style=\"font-weight: 400\">TODXS<\/span><\/a><span style=\"font-weight: 400\"> e das personalidades no Facebook, sempre \u00e0s 16h.<\/span><\/p>\n<p><i><span style=\"font-weight: 400\">&#8220;Ampliar vozes e espa\u00e7os! \u00c9 o que buscamos com parcerias como esta, trazer conte\u00fado relevante em prol de diversidade e inclus\u00e3o, que contribua para aprofundar a discuss\u00e3o em torno dos temas que geram impactos positivos a toda a sociedade&#8221;<\/span><\/i><span style=\"font-weight: 400\">, comenta o gerente de parcerias do Facebook no Brasil e integrante do Pride@Facebook, grupo de afinidade interno LGBTI+, Pedro Vilhena.<\/span><\/p>\n<p><span style=\"font-weight: 400\">Com objetivo de convidar o p\u00fablico a sair dos seus espa\u00e7os habituais e mostrar apoio \u00e0s pautas de diversidade e inclus\u00e3o da comunidade LGBTI+, o conte\u00fado segue os cinco passos fundamentais para que uma pessoa se torne uma aliada: reconhecimento de privil\u00e9gios, informa\u00e7\u00e3o, di\u00e1logo, acompanhamento de viv\u00eancias e a\u00e7\u00e3o para ser uma pessoa aliada na pr\u00e1tica.<\/span><\/p>\n<p><span style=\"font-weight: 400\">A cantora, apresentadora da s\u00e9rie e s\u00f3cia da Mynd, Preta Gil, conta que o conte\u00fado a ajudou a entender mais sobre o conceito de aliade:<\/span><i><span style=\"font-weight: 400\"> \u201cEu entrei nesse projeto e entendi que os aliades n\u00e3o s\u00e3o apenas pessoas externas \u00e0 sigla LGBTI+, mas todos n\u00f3s. \u00c9 tamb\u00e9m sobre o apoio e a empatia que temos uns pelos outros. Porque quando temos la\u00e7os entre n\u00f3s, isso reverbera com muito mais for\u00e7a\u201d. <\/span><\/i><span style=\"font-weight: 400\">Jo\u00e3o Luiz, apresentador de um dos epis\u00f3dios, completa: <\/span><i><span style=\"font-weight: 400\">\u201cA s\u00e9rie traz temas potentes que ajudam a construir uma discuss\u00e3o ampla e cr\u00edtica sobre a diversidade\u201d.<\/span><\/i><\/p>\n<p><span style=\"font-weight: 400\">Com um time diverso e duas pessoas convidadas por epis\u00f3dio, entre eles a Drag Queen e cantora<\/span><a href=\"https:\/\/www.facebook.com\/aretuzalovioficial\"><span style=\"font-weight: 400\"> Aretuza Lovi<\/span><\/a><span style=\"font-weight: 400\">, o ator e apresentador <\/span><a href=\"http:\/\/www.instagram.com\/laddynada\"><span style=\"font-weight: 400\">Gabriel Rocha<\/span><\/a><span style=\"font-weight: 400\"> (Lady Nada), a cofundadora do \u201cTransempregos\u201d, <\/span><a href=\"https:\/\/www.instagram.com\/maiteschneideroficial\/?hl=pt-br\"><span style=\"font-weight: 400\">Mait\u00ea Schneider<\/span><\/a><span style=\"font-weight: 400\">, e o produtor de conte\u00fado e criador do canal <\/span><a href=\"https:\/\/www.facebook.com\/bee40tona\"><span style=\"font-weight: 400\">Bee40tona<\/span><\/a><span style=\"font-weight: 400\">, M\u00e1rcio Rolim, a s\u00e9rie debater\u00e1 os temas\u00a0 \u201cG\u00eanero na Inf\u00e2ncia\u201d, \u201cRespeito nas Escolas&#8221;, &#8220;Empregabilidade: pelo direito \u00e0 vida\u201d e \u201cDa sa\u00edda do arm\u00e1rio ao cotidiano da pessoa LGBTI+\u201d.\u00a0<\/span><\/p>\n<p><span style=\"font-weight: 400\">Os epis\u00f3dios trar\u00e3o, ainda, a participa\u00e7\u00e3o de pessoas empreendedoras e de lideran\u00e7as de Grupos do Facebook voltados para o p\u00fablico LGBTI+ e, dia 28, dia do Orgulho, ser\u00e1 apresentado um v\u00eddeo manifesto de todos os participantes da s\u00e9rie em suas P\u00e1ginas no Facebook.<\/span><\/p>\n<p><span style=\"font-weight: 400\">Apoiada pelo Facebook, a s\u00e9rie foi desenvolvida e produzida pela Mynd, ag\u00eancia especializada em marketing de influ\u00eancia e entretenimento, e contou com a consultoria da startup social sem fins lucrativos TODXS. O conte\u00fado, inclusive, faz parte da campanha criada pela ONG, \u201c<\/span><a href=\"http:\/\/www.todxs.org\/colorir-o-brasil\"><span style=\"font-weight: 400\">COLORIR O BRASIL: caminhos para ser uma pessoa aliada da causa LGBTI+<\/span><\/a><span style=\"font-weight: 400\">\u201d, que ao longo do m\u00eas de junho trar\u00e1 conte\u00fados focados na jornada das pessoas LGBTI+ e no conceito de aliades.<\/span><\/p>\n<p><i><span style=\"font-weight: 400\">\u201cA campanha \u00e9 um convite para que todes nos acompanhem na luta por direitos LGBTI+. Foi a nossa forma de mostrar que todas as pessoas t\u00eam um papel na hora de construir um pa\u00eds mais inclusivo para pessoas LGBTI+, isso n\u00e3o pode ser uma luta s\u00f3 de pessoas da comunidade\u201d,<\/span><\/i><span style=\"font-weight: 400\"> conta a diretora-geral da TODXS, Bia Santos.\u00a0<\/span><\/p>\n<p><span style=\"font-weight: 400\">Integrando a parceria, o Canal Brasil, ao longo do m\u00eas de junho, trar\u00e1 na TV e em suas P\u00e1ginas no <\/span><a href=\"https:\/\/www.facebook.com\/canal.brasil\"><span style=\"font-weight: 400\">Facebook<\/span><\/a><span style=\"font-weight: 400\"> e <\/span><a href=\"https:\/\/www.instagram.com\/canalbrasil\/?hl=pt-br\"><span style=\"font-weight: 400\">Instagram<\/span><\/a><span style=\"font-weight: 400\"> imagens de momentos de Orgulho e depoimentos enviados pela audi\u00eancia. A iniciativa tamb\u00e9m \u00e9 parte da campanha \u201cCom Muito Orgulho\u201d, apresentada por Linn da Quebrada e Jup do Bairro, e buscam ampliar o convite \u00e0 reflex\u00e3o e uni\u00e3o em prol da diversidade e inclus\u00e3o.<\/span><\/p>\n<p><b><a href=\"https:\/\/about.fb.com\/br\/wp-content\/uploads\/sites\/11\/2021\/06\/Aliades-pela-Diversidade_Calendario-dos-episodios.png\"><img data-recalc-dims=\"1\" loading=\"lazy\" decoding=\"async\" class=\"aligncenter size-thumbnail wp-image-22800\" src=\"https:\/\/about.fb.com\/br\/wp-content\/uploads\/sites\/11\/2021\/06\/Aliades-pela-Diversidade_Calendario-dos-episodios.png?w=600&#038;resize=600%2C338\" alt=\"\" width=\"600\" height=\"338\" srcset=\"https:\/\/about.fb.com\/br\/wp-content\/uploads\/sites\/11\/2021\/06\/Aliades-pela-Diversidade_Calendario-dos-episodios.png?w=1920 1920w, https:\/\/about.fb.com\/br\/wp-content\/uploads\/sites\/11\/2021\/06\/Aliades-pela-Diversidade_Calendario-dos-episodios.png?w=600 600w, https:\/\/about.fb.com\/br\/wp-content\/uploads\/sites\/11\/2021\/06\/Aliades-pela-Diversidade_Calendario-dos-episodios.png?w=300 300w, https:\/\/about.fb.com\/br\/wp-content\/uploads\/sites\/11\/2021\/06\/Aliades-pela-Diversidade_Calendario-dos-episodios.png?w=768 768w, https:\/\/about.fb.com\/br\/wp-content\/uploads\/sites\/11\/2021\/06\/Aliades-pela-Diversidade_Calendario-dos-episodios.png?w=1024 1024w, https:\/\/about.fb.com\/br\/wp-content\/uploads\/sites\/11\/2021\/06\/Aliades-pela-Diversidade_Calendario-dos-episodios.png?w=1536 1536w, https:\/\/about.fb.com\/br\/wp-content\/uploads\/sites\/11\/2021\/06\/Aliades-pela-Diversidade_Calendario-dos-episodios.png?w=800 800w\" sizes=\"auto, (max-width: 600px) 100vw, 600px\" \/><\/a><\/b><\/p>\n<p><b>M\u00eas do Orgulho LGBTI+ no Facebook<\/b><\/p>\n<p><span style=\"font-weight: 400\">O M\u00eas do Orgulho \u00e9 um momento para dar especial visibilidade \u00e0 forma como a comunidade LGBTI+ e aliades se apoiam, inspiram uns aos outros e se unem para desenvolver e progredir em torno de quest\u00f5es profundas e extremamente relevantes, como justi\u00e7a social, sa\u00fade mental e empoderamento econ\u00f4mico. Na impossibilidade de que esse movimento tome as ruas das cidades neste ano, o Facebook e o Instagram buscar\u00e3o despertar os principais sentimentos dessa importante mobiliza\u00e7\u00e3o lan\u00e7ando uma s\u00e9rie de outras iniciativas focadas na celebra\u00e7\u00e3o e empoderamento da comunidade ao longo das pr\u00f3ximas semanas.<\/span><\/p>\n<p><span style=\"text-decoration: underline\"><span style=\"font-weight: 400\">Sobre a TODXS<\/span><\/span><\/p>\n<p><span style=\"font-weight: 400\">A TODXS \u00e9 uma startup social sem fins lucrativos criada em mar\u00e7o de 2016, com objetivo de coletar e processar dados sobre a popula\u00e7\u00e3o LGBTI+ e desenvolver iniciativas de alto impacto social. Com foco na promo\u00e7\u00e3o e inclus\u00e3o de pessoas LGBTI+ na sociedade, possui iniciativas de forma\u00e7\u00e3o de lideran\u00e7as, pesquisa, conscientiza\u00e7\u00e3o e seguran\u00e7a.<\/span><\/p>\n<p><span style=\"text-decoration: underline\"><span style=\"font-weight: 400\">Sobre a Mynd<\/span><\/span><\/p>\n<p><span style=\"font-weight: 400\">Dos s\u00f3cios F\u00e1tima Pissarra, Preta Gil e Carlos Scappini, a Mynd auxilia empresas e ag\u00eancias na identifica\u00e7\u00e3o de oportunidades, planejamento de estrat\u00e9gias e execu\u00e7\u00e3o de projetos publicit\u00e1rios, unindo m\u00fasica, entretenimento, artistas e influenciadores. Com diversidade e representatividade como principais pilares, a ag\u00eancia conta com um casting exclusivo, composto por grandes nomes do cen\u00e1rio nacional e internacional, e atua com gest\u00e3o de imagem e desenvolvimento de estrat\u00e9gias individuais dos artistas, identificando oportunidades no mercado publicit\u00e1rio com marcas que tenham fit com os perfis.<\/span><\/p>\n<p><i><span style=\"font-weight: 400\">*Todos os pronomes foram colocados de acordo com as cita\u00e7\u00f5es das pessoas convidadas em entrevistas e em suas contas no instagram.<\/span><\/i><\/p>\n","protected":false},"excerpt":{"rendered":"Projeto desenvolvido em parceria com a TODXS e Mynd conta com 4 epis\u00f3dios e v\u00eddeo manifesto sobre como se tornar uma pessoa aliada da causa LGBTI+","protected":false},"author":81109636,"featured_media":22801,"comment_status":"closed","ping_status":"closed","sticky":false,"template":"","format":"standard","meta":{"_jetpack_memberships_contains_paid_content":false,"footnotes":""},"categories":[396542115,396542111],"tags":[],"class_list":["post-22799","post","type-post","status-publish","format-standard","has-post-thumbnail","hentry","category-facebook","category-comunidades"],"yoast_head":"<!-- This site is optimized with the Yoast SEO plugin v27.2 - https:\/\/yoast.com\/product\/yoast-seo-wordpress\/ -->\n<title>Preta Gil e Jo\u00e3o Luiz, do BBB21, apresentam s\u00e9rie de v\u00eddeo no M\u00eas do Orgulho LGBTI+ no Facebook Watch | Sobre a Meta<\/title>\n<meta name=\"robots\" content=\"index, follow, max-snippet:-1, max-image-preview:large, max-video-preview:-1\" \/>\n<link rel=\"canonical\" href=\"https:\/\/about.fb.com\/br\/news\/2021\/06\/preta-gil-e-joao-luiz-do-bbb21-apresentam-serie-de-video-no-mes-do-orgulho-lgbti-no-facebook-watch\/\" \/>\n<meta property=\"og:locale\" content=\"pt_BR\" \/>\n<meta property=\"og:type\" content=\"article\" \/>\n<meta property=\"og:title\" content=\"Preta Gil e Jo\u00e3o Luiz, do BBB21, apresentam s\u00e9rie de v\u00eddeo no M\u00eas do Orgulho LGBTI+ no Facebook Watch | Sobre a Meta\" \/>\n<meta property=\"og:description\" content=\"Projeto desenvolvido em parceria com a TODXS e Mynd conta com 4 epis\u00f3dios e v\u00eddeo manifesto sobre como se tornar uma pessoa aliada da causa LGBTI+\" \/>\n<meta property=\"og:url\" content=\"https:\/\/about.fb.com\/br\/news\/2021\/06\/preta-gil-e-joao-luiz-do-bbb21-apresentam-serie-de-video-no-mes-do-orgulho-lgbti-no-facebook-watch\/\" \/>\n<meta property=\"og:site_name\" content=\"Sobre a Meta\" \/>\n<meta property=\"article:published_time\" content=\"2021-06-09T14:58:44+00:00\" \/>\n<meta property=\"article:modified_time\" content=\"2021-07-01T20:04:04+00:00\" \/>\n<meta property=\"og:image\" content=\"https:\/\/about.fb.com\/br\/wp-content\/uploads\/sites\/11\/2021\/06\/Aliades-pela-Diversidade_Apresentadores.png?resize=1024,576\" \/>\n\t<meta property=\"og:image:width\" content=\"1024\" \/>\n\t<meta property=\"og:image:height\" content=\"576\" \/>\n\t<meta property=\"og:image:type\" content=\"image\/png\" \/>\n<meta name=\"author\" content=\"facebookbr\" \/>\n<meta name=\"twitter:card\" content=\"summary_large_image\" \/>\n<meta name=\"twitter:label1\" content=\"Written by\" \/>\n\t<meta name=\"twitter:data1\" content=\"Meta\" \/>\n\t<meta name=\"twitter:label2\" content=\"Est. reading time\" \/>\n\t<meta name=\"twitter:data2\" content=\"4 minutos\" \/>\n<script type=\"application\/ld+json\" class=\"yoast-schema-graph\">{\"@context\":\"https:\/\/schema.org\",\"@graph\":[{\"@type\":\"Article\",\"@id\":\"https:\/\/about.fb.com\/br\/news\/2021\/06\/preta-gil-e-joao-luiz-do-bbb21-apresentam-serie-de-video-no-mes-do-orgulho-lgbti-no-facebook-watch\/#article\",\"isPartOf\":{\"@id\":\"https:\/\/about.fb.com\/br\/news\/2021\/06\/preta-gil-e-joao-luiz-do-bbb21-apresentam-serie-de-video-no-mes-do-orgulho-lgbti-no-facebook-watch\/\"},\"author\":\"Facebook company\",\"headline\":\"Preta Gil e Jo\u00e3o Luiz, do BBB21, apresentam s\u00e9rie de v\u00eddeo no M\u00eas do Orgulho LGBTI+ no Facebook Watch\",\"datePublished\":\"2021-06-09T14:58:44+00:00\",\"dateModified\":\"2021-07-01T20:04:04+00:00\",\"mainEntityOfPage\":{\"@id\":\"https:\/\/about.fb.com\/br\/news\/2021\/06\/preta-gil-e-joao-luiz-do-bbb21-apresentam-serie-de-video-no-mes-do-orgulho-lgbti-no-facebook-watch\/\"},\"wordCount\":975,\"publisher\":{\"@id\":\"https:\/\/about.fb.com\/br\/#organization\"},\"image\":{\"@id\":\"https:\/\/about.fb.com\/br\/news\/2021\/06\/preta-gil-e-joao-luiz-do-bbb21-apresentam-serie-de-video-no-mes-do-orgulho-lgbti-no-facebook-watch\/#primaryimage\"},\"thumbnailUrl\":\"https:\/\/about.fb.com\/br\/wp-content\/uploads\/sites\/11\/2021\/06\/Aliades-pela-Diversidade_Apresentadores.png?fit=1920%2C1080\",\"articleSection\":[\"Facebook\",\"Fortalecendo Comunidades\"],\"inLanguage\":\"pt-BR\"},{\"@type\":\"WebPage\",\"@id\":\"https:\/\/about.fb.com\/br\/news\/2021\/06\/preta-gil-e-joao-luiz-do-bbb21-apresentam-serie-de-video-no-mes-do-orgulho-lgbti-no-facebook-watch\/\",\"url\":\"https:\/\/about.fb.com\/br\/news\/2021\/06\/preta-gil-e-joao-luiz-do-bbb21-apresentam-serie-de-video-no-mes-do-orgulho-lgbti-no-facebook-watch\/\",\"name\":\"Preta Gil e Jo\u00e3o Luiz, do BBB21, apresentam s\u00e9rie de v\u00eddeo no M\u00eas do Orgulho LGBTI+ no Facebook Watch | Sobre a Meta\",\"isPartOf\":{\"@id\":\"https:\/\/about.fb.com\/br\/#website\"},\"primaryImageOfPage\":{\"@id\":\"https:\/\/about.fb.com\/br\/news\/2021\/06\/preta-gil-e-joao-luiz-do-bbb21-apresentam-serie-de-video-no-mes-do-orgulho-lgbti-no-facebook-watch\/#primaryimage\"},\"image\":{\"@id\":\"https:\/\/about.fb.com\/br\/news\/2021\/06\/preta-gil-e-joao-luiz-do-bbb21-apresentam-serie-de-video-no-mes-do-orgulho-lgbti-no-facebook-watch\/#primaryimage\"},\"thumbnailUrl\":\"https:\/\/about.fb.com\/br\/wp-content\/uploads\/sites\/11\/2021\/06\/Aliades-pela-Diversidade_Apresentadores.png?fit=1920%2C1080\",\"datePublished\":\"2021-06-09T14:58:44+00:00\",\"dateModified\":\"2021-07-01T20:04:04+00:00\",\"breadcrumb\":{\"@id\":\"https:\/\/about.fb.com\/br\/news\/2021\/06\/preta-gil-e-joao-luiz-do-bbb21-apresentam-serie-de-video-no-mes-do-orgulho-lgbti-no-facebook-watch\/#breadcrumb\"},\"inLanguage\":\"pt-BR\",\"potentialAction\":[{\"@type\":\"ReadAction\",\"target\":[\"https:\/\/about.fb.com\/br\/news\/2021\/06\/preta-gil-e-joao-luiz-do-bbb21-apresentam-serie-de-video-no-mes-do-orgulho-lgbti-no-facebook-watch\/\"]}],\"author\":\"Sobre a Meta\"},{\"@type\":\"ImageObject\",\"inLanguage\":\"pt-BR\",\"@id\":\"https:\/\/about.fb.com\/br\/news\/2021\/06\/preta-gil-e-joao-luiz-do-bbb21-apresentam-serie-de-video-no-mes-do-orgulho-lgbti-no-facebook-watch\/#primaryimage\",\"url\":\"https:\/\/about.fb.com\/br\/wp-content\/uploads\/sites\/11\/2021\/06\/Aliades-pela-Diversidade_Apresentadores.png?fit=1920%2C1080\",\"contentUrl\":\"https:\/\/about.fb.com\/br\/wp-content\/uploads\/sites\/11\/2021\/06\/Aliades-pela-Diversidade_Apresentadores.png?fit=1920%2C1080\",\"width\":1920,\"height\":1080},{\"@type\":\"BreadcrumbList\",\"@id\":\"https:\/\/about.fb.com\/br\/news\/2021\/06\/preta-gil-e-joao-luiz-do-bbb21-apresentam-serie-de-video-no-mes-do-orgulho-lgbti-no-facebook-watch\/#breadcrumb\",\"itemListElement\":[{\"@type\":\"ListItem\",\"position\":1,\"name\":\"Home\",\"item\":\"https:\/\/about.fb.com\/br\/\"},{\"@type\":\"ListItem\",\"position\":2,\"name\":\"Preta Gil e Jo\u00e3o Luiz, do BBB21, apresentam s\u00e9rie de v\u00eddeo no M\u00eas do Orgulho LGBTI+ no Facebook Watch\"}]},{\"@type\":\"WebSite\",\"@id\":\"https:\/\/about.fb.com\/br\/#website\",\"url\":\"https:\/\/about.fb.com\/news\/\",\"name\":\"Sobre a Meta\",\"description\":\"\",\"publisher\":{\"@id\":\"https:\/\/about.fb.com\/br\/#organization\"},\"potentialAction\":[{\"@type\":\"SearchAction\",\"target\":{\"@type\":\"EntryPoint\",\"urlTemplate\":\"https:\/\/about.fb.com\/br\/?s={search_term_string}\"},\"query-input\":{\"@type\":\"PropertyValueSpecification\",\"valueRequired\":true,\"valueName\":\"search_term_string\"}}],\"inLanguage\":\"pt-BR\",\"alternateName\":[\"Meta Newsroom\",\"Meta\"]},{\"@type\":\"Organization\",\"@id\":\"https:\/\/about.fb.com\/br\/#organization\",\"name\":\"Meta\",\"url\":\"https:\/\/about.fb.com\/br\/\",\"logo\":{\"@type\":\"ImageObject\",\"inLanguage\":\"pt-BR\",\"@id\":\"https:\/\/about.fb.com\/br\/#\/schema\/logo\/image\/\",\"url\":\"https:\/\/about.fb.com\/br\/wp-content\/uploads\/sites\/11\/2021\/10\/meta-social-16x9-1.jpg?fit=8000%2C4500\",\"contentUrl\":\"https:\/\/about.fb.com\/br\/wp-content\/uploads\/sites\/11\/2021\/10\/meta-social-16x9-1.jpg?fit=8000%2C4500\",\"width\":8000,\"height\":4500,\"caption\":\"Meta\"},\"image\":{\"@id\":\"https:\/\/about.fb.com\/br\/#\/schema\/logo\/image\/\"}}]}<\/script>\n<!-- \/ Yoast SEO plugin. -->","yoast_head_json":{"title":"Preta Gil e Jo\u00e3o Luiz, do BBB21, apresentam s\u00e9rie de v\u00eddeo no M\u00eas do Orgulho LGBTI+ no Facebook Watch | Sobre a Meta","robots":{"index":"index","follow":"follow","max-snippet":"max-snippet:-1","max-image-preview":"max-image-preview:large","max-video-preview":"max-video-preview:-1"},"canonical":"https:\/\/about.fb.com\/br\/news\/2021\/06\/preta-gil-e-joao-luiz-do-bbb21-apresentam-serie-de-video-no-mes-do-orgulho-lgbti-no-facebook-watch\/","og_locale":"pt_BR","og_type":"article","og_title":"Preta Gil e Jo\u00e3o Luiz, do BBB21, apresentam s\u00e9rie de v\u00eddeo no M\u00eas do Orgulho LGBTI+ no Facebook Watch | Sobre a Meta","og_description":"Projeto desenvolvido em parceria com a TODXS e Mynd conta com 4 epis\u00f3dios e v\u00eddeo manifesto sobre como se tornar uma pessoa aliada da causa LGBTI+","og_url":"https:\/\/about.fb.com\/br\/news\/2021\/06\/preta-gil-e-joao-luiz-do-bbb21-apresentam-serie-de-video-no-mes-do-orgulho-lgbti-no-facebook-watch\/","og_site_name":"Sobre a Meta","article_published_time":"2021-06-09T14:58:44+00:00","article_modified_time":"2021-07-01T20:04:04+00:00","og_image":[{"width":1024,"height":576,"url":"https:\/\/about.fb.com\/br\/wp-content\/uploads\/sites\/11\/2021\/06\/Aliades-pela-Diversidade_Apresentadores.png?resize=1024,576","type":"image\/png"}],"author":"facebookbr","twitter_card":"summary_large_image","twitter_misc":{"Written by":"Meta","Est. reading time":"4 minutos"},"schema":{"@context":"https:\/\/schema.org","@graph":[{"@type":"Article","@id":"https:\/\/about.fb.com\/br\/news\/2021\/06\/preta-gil-e-joao-luiz-do-bbb21-apresentam-serie-de-video-no-mes-do-orgulho-lgbti-no-facebook-watch\/#article","isPartOf":{"@id":"https:\/\/about.fb.com\/br\/news\/2021\/06\/preta-gil-e-joao-luiz-do-bbb21-apresentam-serie-de-video-no-mes-do-orgulho-lgbti-no-facebook-watch\/"},"author":"Facebook company","headline":"Preta Gil e Jo\u00e3o Luiz, do BBB21, apresentam s\u00e9rie de v\u00eddeo no M\u00eas do Orgulho LGBTI+ no Facebook Watch","datePublished":"2021-06-09T14:58:44+00:00","dateModified":"2021-07-01T20:04:04+00:00","mainEntityOfPage":{"@id":"https:\/\/about.fb.com\/br\/news\/2021\/06\/preta-gil-e-joao-luiz-do-bbb21-apresentam-serie-de-video-no-mes-do-orgulho-lgbti-no-facebook-watch\/"},"wordCount":975,"publisher":{"@id":"https:\/\/about.fb.com\/br\/#organization"},"image":{"@id":"https:\/\/about.fb.com\/br\/news\/2021\/06\/preta-gil-e-joao-luiz-do-bbb21-apresentam-serie-de-video-no-mes-do-orgulho-lgbti-no-facebook-watch\/#primaryimage"},"thumbnailUrl":"https:\/\/about.fb.com\/br\/wp-content\/uploads\/sites\/11\/2021\/06\/Aliades-pela-Diversidade_Apresentadores.png?fit=1920%2C1080","articleSection":["Facebook","Fortalecendo Comunidades"],"inLanguage":"pt-BR"},{"@type":"WebPage","@id":"https:\/\/about.fb.com\/br\/news\/2021\/06\/preta-gil-e-joao-luiz-do-bbb21-apresentam-serie-de-video-no-mes-do-orgulho-lgbti-no-facebook-watch\/","url":"https:\/\/about.fb.com\/br\/news\/2021\/06\/preta-gil-e-joao-luiz-do-bbb21-apresentam-serie-de-video-no-mes-do-orgulho-lgbti-no-facebook-watch\/","name":"Preta Gil e Jo\u00e3o Luiz, do BBB21, apresentam s\u00e9rie de v\u00eddeo no M\u00eas do Orgulho LGBTI+ no Facebook Watch | Sobre a Meta","isPartOf":{"@id":"https:\/\/about.fb.com\/br\/#website"},"primaryImageOfPage":{"@id":"https:\/\/about.fb.com\/br\/news\/2021\/06\/preta-gil-e-joao-luiz-do-bbb21-apresentam-serie-de-video-no-mes-do-orgulho-lgbti-no-facebook-watch\/#primaryimage"},"image":{"@id":"https:\/\/about.fb.com\/br\/news\/2021\/06\/preta-gil-e-joao-luiz-do-bbb21-apresentam-serie-de-video-no-mes-do-orgulho-lgbti-no-facebook-watch\/#primaryimage"},"thumbnailUrl":"https:\/\/about.fb.com\/br\/wp-content\/uploads\/sites\/11\/2021\/06\/Aliades-pela-Diversidade_Apresentadores.png?fit=1920%2C1080","datePublished":"2021-06-09T14:58:44+00:00","dateModified":"2021-07-01T20:04:04+00:00","breadcrumb":{"@id":"https:\/\/about.fb.com\/br\/news\/2021\/06\/preta-gil-e-joao-luiz-do-bbb21-apresentam-serie-de-video-no-mes-do-orgulho-lgbti-no-facebook-watch\/#breadcrumb"},"inLanguage":"pt-BR","potentialAction":[{"@type":"ReadAction","target":["https:\/\/about.fb.com\/br\/news\/2021\/06\/preta-gil-e-joao-luiz-do-bbb21-apresentam-serie-de-video-no-mes-do-orgulho-lgbti-no-facebook-watch\/"]}],"author":"Sobre a Meta"},{"@type":"ImageObject","inLanguage":"pt-BR","@id":"https:\/\/about.fb.com\/br\/news\/2021\/06\/preta-gil-e-joao-luiz-do-bbb21-apresentam-serie-de-video-no-mes-do-orgulho-lgbti-no-facebook-watch\/#primaryimage","url":"https:\/\/about.fb.com\/br\/wp-content\/uploads\/sites\/11\/2021\/06\/Aliades-pela-Diversidade_Apresentadores.png?fit=1920%2C1080","contentUrl":"https:\/\/about.fb.com\/br\/wp-content\/uploads\/sites\/11\/2021\/06\/Aliades-pela-Diversidade_Apresentadores.png?fit=1920%2C1080","width":1920,"height":1080},{"@type":"BreadcrumbList","@id":"https:\/\/about.fb.com\/br\/news\/2021\/06\/preta-gil-e-joao-luiz-do-bbb21-apresentam-serie-de-video-no-mes-do-orgulho-lgbti-no-facebook-watch\/#breadcrumb","itemListElement":[{"@type":"ListItem","position":1,"name":"Home","item":"https:\/\/about.fb.com\/br\/"},{"@type":"ListItem","position":2,"name":"Preta Gil e Jo\u00e3o Luiz, do BBB21, apresentam s\u00e9rie de v\u00eddeo no M\u00eas do Orgulho LGBTI+ no Facebook Watch"}]},{"@type":"WebSite","@id":"https:\/\/about.fb.com\/br\/#website","url":"https:\/\/about.fb.com\/news\/","name":"Sobre a Meta","description":"","publisher":{"@id":"https:\/\/about.fb.com\/br\/#organization"},"potentialAction":[{"@type":"SearchAction","target":{"@type":"EntryPoint","urlTemplate":"https:\/\/about.fb.com\/br\/?s={search_term_string}"},"query-input":{"@type":"PropertyValueSpecification","valueRequired":true,"valueName":"search_term_string"}}],"inLanguage":"pt-BR","alternateName":["Meta Newsroom","Meta"]},{"@type":"Organization","@id":"https:\/\/about.fb.com\/br\/#organization","name":"Meta","url":"https:\/\/about.fb.com\/br\/","logo":{"@type":"ImageObject","inLanguage":"pt-BR","@id":"https:\/\/about.fb.com\/br\/#\/schema\/logo\/image\/","url":"https:\/\/about.fb.com\/br\/wp-content\/uploads\/sites\/11\/2021\/10\/meta-social-16x9-1.jpg?fit=8000%2C4500","contentUrl":"https:\/\/about.fb.com\/br\/wp-content\/uploads\/sites\/11\/2021\/10\/meta-social-16x9-1.jpg?fit=8000%2C4500","width":8000,"height":4500,"caption":"Meta"},"image":{"@id":"https:\/\/about.fb.com\/br\/#\/schema\/logo\/image\/"}}]}},"jetpack_featured_media_url":"https:\/\/about.fb.com\/br\/wp-content\/uploads\/sites\/11\/2021\/06\/Aliades-pela-Diversidade_Apresentadores.png?fit=1920%2C1080","jetpack-related-posts":[{"id":26798,"url":"https:\/\/about.fb.com\/br\/news\/2025\/11\/apresentamos-o-whatsapp-para-apple-watch\/","url_meta":{"origin":22799,"position":0},"title":"Apresentamos o WhatsApp para Apple Watch","author":"Meta","date":"04\/11\/2025","format":false,"excerpt":"Anunciamos hoje uma grande novidade para seu pulso: o novo app do WhatsApp para Apple Watch*. Essa nova experi\u00eancia ajudar\u00e1 voc\u00ea a ficar por dentro das suas conversas sem precisar pegar o iPhone. Al\u00e9m de ler e responder a mensagens, o WhatsApp no Apple Watch agora oferece suporte a v\u00e1rios\u2026","rel":"","context":"In &quot;Recent News&quot;","block_context":{"text":"Recent News","link":"https:\/\/about.fb.com\/br\/news\/category\/recent-news\/"},"img":{"alt_text":"","src":"https:\/\/about.fb.com\/br\/wp-content\/uploads\/sites\/11\/2025\/11\/Brazilian-Portuguese_WhatsApp-apple-watch-1.png?resize=350%2C200","width":350,"height":200,"srcset":"https:\/\/about.fb.com\/br\/wp-content\/uploads\/sites\/11\/2025\/11\/Brazilian-Portuguese_WhatsApp-apple-watch-1.png?resize=350%2C200 1x, https:\/\/about.fb.com\/br\/wp-content\/uploads\/sites\/11\/2025\/11\/Brazilian-Portuguese_WhatsApp-apple-watch-1.png?resize=525%2C300 1.5x, https:\/\/about.fb.com\/br\/wp-content\/uploads\/sites\/11\/2025\/11\/Brazilian-Portuguese_WhatsApp-apple-watch-1.png?resize=700%2C400 2x, https:\/\/about.fb.com\/br\/wp-content\/uploads\/sites\/11\/2025\/11\/Brazilian-Portuguese_WhatsApp-apple-watch-1.png?resize=1050%2C600 3x, https:\/\/about.fb.com\/br\/wp-content\/uploads\/sites\/11\/2025\/11\/Brazilian-Portuguese_WhatsApp-apple-watch-1.png?resize=1400%2C800 4x"},"classes":[]},{"id":26461,"url":"https:\/\/about.fb.com\/br\/news\/2025\/06\/performance-talks-wmccann\/","url_meta":{"origin":22799,"position":1},"title":"Performance Talks &#8211; WMcCann","author":"Meta","date":"13\/06\/2025","format":false,"excerpt":"A rela\u00e7\u00e3o das marcas com criadores de conte\u00fado tem evolu\u00eddo muito na busca por mais autenticidade e conex\u00e3o com as pessoas. De acordo com a CEO da WMcCann, Renata Bokel, essas parcerias s\u00e3o fundamentais hoje para o sucesso das campanhas. Nessa conversa com a gente, a executiva tamb\u00e9m refor\u00e7a o\u2026","rel":"","context":"In &quot;Homepage - Hidden&quot;","block_context":{"text":"Homepage - Hidden","link":"https:\/\/about.fb.com\/br\/news\/category\/homepage-hidden\/"},"img":{"alt_text":"","src":"","width":0,"height":0},"classes":[]},{"id":26457,"url":"https:\/\/about.fb.com\/br\/news\/2025\/06\/performance-talks-africa\/","url_meta":{"origin":22799,"position":2},"title":"Performance Talks &#8211; Africa","author":"Meta","date":"13\/06\/2025","format":false,"excerpt":"A personaliza\u00e7\u00e3o por meio da diversifica\u00e7\u00e3o de criativos vai permitir entregas de mensagens mais consistentes e coerentes para as pessoas, de acordo com o s\u00f3cio, CEO e Co-presidente da Africa, Marcio Santoro. A ag\u00eancia, que\u00a0 mant\u00e9m rela\u00e7\u00f5es de d\u00e9cadas com seus clientes, tem usado inova\u00e7\u00e3o e criatividade para reconquista-los ano\u2026","rel":"","context":"In &quot;Homepage - Hidden&quot;","block_context":{"text":"Homepage - Hidden","link":"https:\/\/about.fb.com\/br\/news\/category\/homepage-hidden\/"},"img":{"alt_text":"","src":"","width":0,"height":0},"classes":[]},{"id":26337,"url":"https:\/\/about.fb.com\/br\/news\/2025\/04\/meta-lanca-campanha-agiliza-ai-com-meta-ai-estrelada-por-shawn-mendes\/","url_meta":{"origin":22799,"position":3},"title":"Meta lan\u00e7a campanha \u2018Agiliza a\u00ed com Meta AI\u2019, estrelada por Shawn Mendes","author":"Meta","date":"23\/04\/2025","format":false,"excerpt":"A Meta, empresa controladora do WhatsApp, Instagram, Facebook e Threads, acaba de lan\u00e7ar a campanha \u201cAgiliza a\u00ed com Meta AI\u201d, idealizada pela Droga5, que convida os brasileiros a explorarem as in\u00fameras possibilidades que o assistente virtual oferece para facilitar a rotina. Dispon\u00edvel gratuitamente nos aplicativos da empresa desde o fim\u2026","rel":"","context":"In &quot;Meta&quot;","block_context":{"text":"Meta","link":"https:\/\/about.fb.com\/br\/news\/category\/temas-home\/meta\/"},"img":{"alt_text":"","src":"https:\/\/about.fb.com\/br\/wp-content\/uploads\/sites\/11\/2025\/04\/ALLTYPE-169_-copiar.jpg?fit=1920%2C1080&resize=350%2C200","width":350,"height":200,"srcset":"https:\/\/about.fb.com\/br\/wp-content\/uploads\/sites\/11\/2025\/04\/ALLTYPE-169_-copiar.jpg?fit=1920%2C1080&resize=350%2C200 1x, https:\/\/about.fb.com\/br\/wp-content\/uploads\/sites\/11\/2025\/04\/ALLTYPE-169_-copiar.jpg?fit=1920%2C1080&resize=525%2C300 1.5x, https:\/\/about.fb.com\/br\/wp-content\/uploads\/sites\/11\/2025\/04\/ALLTYPE-169_-copiar.jpg?fit=1920%2C1080&resize=700%2C400 2x, https:\/\/about.fb.com\/br\/wp-content\/uploads\/sites\/11\/2025\/04\/ALLTYPE-169_-copiar.jpg?fit=1920%2C1080&resize=1050%2C600 3x, https:\/\/about.fb.com\/br\/wp-content\/uploads\/sites\/11\/2025\/04\/ALLTYPE-169_-copiar.jpg?fit=1920%2C1080&resize=1400%2C800 4x"},"classes":[]},{"id":26738,"url":"https:\/\/about.fb.com\/br\/news\/2025\/10\/apresentando-o-instagram-rings-reconhecendo-e-celebrando-a-criatividade\/","url_meta":{"origin":22799,"position":4},"title":"Apresentando o Instagram Rings: Reconhecendo e Celebrando a Criatividade","author":"Meta","date":"16\/10\/2025","format":false,"excerpt":"Estamos animados para compartilhar uma novidade: Rings \u2013 um pr\u00eamio do Instagram que celebra quem n\u00e3o tem medo de ousar criativamente e faz as coisas do seu jeito. Pessoas que unem outras atrav\u00e9s da criatividade e merecem reconhecimento. Rings n\u00e3o \u00e9 sobre homenagear um tipo espec\u00edfico de conte\u00fado \u2013 \u00e9\u2026","rel":"","context":"In &quot;Recent News&quot;","block_context":{"text":"Recent News","link":"https:\/\/about.fb.com\/br\/news\/category\/recent-news\/"},"img":{"alt_text":"","src":"https:\/\/about.fb.com\/br\/wp-content\/uploads\/sites\/11\/2025\/10\/RINGS_Hero-Comms-Image_16-9.png?fit=4000%2C2250&resize=350%2C200","width":350,"height":200,"srcset":"https:\/\/about.fb.com\/br\/wp-content\/uploads\/sites\/11\/2025\/10\/RINGS_Hero-Comms-Image_16-9.png?fit=4000%2C2250&resize=350%2C200 1x, https:\/\/about.fb.com\/br\/wp-content\/uploads\/sites\/11\/2025\/10\/RINGS_Hero-Comms-Image_16-9.png?fit=4000%2C2250&resize=525%2C300 1.5x, https:\/\/about.fb.com\/br\/wp-content\/uploads\/sites\/11\/2025\/10\/RINGS_Hero-Comms-Image_16-9.png?fit=4000%2C2250&resize=700%2C400 2x, https:\/\/about.fb.com\/br\/wp-content\/uploads\/sites\/11\/2025\/10\/RINGS_Hero-Comms-Image_16-9.png?fit=4000%2C2250&resize=1050%2C600 3x, https:\/\/about.fb.com\/br\/wp-content\/uploads\/sites\/11\/2025\/10\/RINGS_Hero-Comms-Image_16-9.png?fit=4000%2C2250&resize=1400%2C800 4x"},"classes":[]},{"id":26390,"url":"https:\/\/about.fb.com\/br\/news\/2025\/05\/meta-apresenta-novas-solucoes-para-criadores-e-marcas\/","url_meta":{"origin":22799,"position":5},"title":"Meta apresenta novas solu\u00e7\u00f5es para criadores e marcas","author":"Meta","date":"08\/05\/2025","format":false,"excerpt":"Com bilh\u00f5es de intera\u00e7\u00f5es di\u00e1rias, a Meta \u00e9 o lugar onde as pessoas descobrem, se conectam e compram. Nossos diversos formatos e posicionamentos de an\u00fancios ajudam as mensagens a serem vistas e ouvidas. Somente os Reels geram 4,5 bilh\u00f5es de compartilhamentos por dia. Hoje, anunciamos novas solu\u00e7\u00f5es de marketing com\u2026","rel":"","context":"In &quot;Meta&quot;","block_context":{"text":"Meta","link":"https:\/\/about.fb.com\/br\/news\/category\/temas-home\/meta\/"},"img":{"alt_text":"","src":"https:\/\/about.fb.com\/br\/wp-content\/uploads\/sites\/11\/2025\/05\/495518465_1208029907787418_2711818781208175959_n.gif?resize=350%2C200","width":350,"height":200},"classes":[]}],"jetpack_sharing_enabled":true,"amp_enabled":true,"_links":{"self":[{"href":"https:\/\/about.fb.com\/br\/wp-json\/wp\/v2\/posts\/22799","targetHints":{"allow":["GET"]}}],"collection":[{"href":"https:\/\/about.fb.com\/br\/wp-json\/wp\/v2\/posts"}],"about":[{"href":"https:\/\/about.fb.com\/br\/wp-json\/wp\/v2\/types\/post"}],"author":[{"embeddable":true,"href":"https:\/\/about.fb.com\/br\/wp-json\/wp\/v2\/users\/81109636"}],"replies":[{"embeddable":true,"href":"https:\/\/about.fb.com\/br\/wp-json\/wp\/v2\/comments?post=22799"}],"version-history":[{"count":2,"href":"https:\/\/about.fb.com\/br\/wp-json\/wp\/v2\/posts\/22799\/revisions"}],"predecessor-version":[{"id":22804,"href":"https:\/\/about.fb.com\/br\/wp-json\/wp\/v2\/posts\/22799\/revisions\/22804"}],"wp:featuredmedia":[{"embeddable":true,"href":"https:\/\/about.fb.com\/br\/wp-json\/wp\/v2\/media\/22801"}],"wp:attachment":[{"href":"https:\/\/about.fb.com\/br\/wp-json\/wp\/v2\/media?parent=22799"}],"wp:term":[{"taxonomy":"category","embeddable":true,"href":"https:\/\/about.fb.com\/br\/wp-json\/wp\/v2\/categories?post=22799"},{"taxonomy":"post_tag","embeddable":true,"href":"https:\/\/about.fb.com\/br\/wp-json\/wp\/v2\/tags?post=22799"}],"curies":[{"name":"wp","href":"https:\/\/api.w.org\/{rel}","templated":true}]}}