{"id":22722,"date":"2021-05-21T14:38:39","date_gmt":"2021-05-21T17:38:39","guid":{"rendered":"https:\/\/about.fb.com\/br\/?p=22722"},"modified":"2021-07-01T16:53:53","modified_gmt":"2021-07-01T19:53:53","slug":"com-apoio-do-facebook-id_br-e-trace-brasil-lancam-a-serie-de-videos-futuros-ancestrais-em-parceria-com-influenciadores-negros-e-indigenas","status":"publish","type":"post","link":"https:\/\/about.fb.com\/br\/news\/2021\/05\/com-apoio-do-facebook-id_br-e-trace-brasil-lancam-a-serie-de-videos-futuros-ancestrais-em-parceria-com-influenciadores-negros-e-indigenas\/","title":{"rendered":"Com apoio do Facebook, ID_BR e Trace Brasil lan\u00e7am a s\u00e9rie de v\u00eddeos &#8216;Futuros Ancestrais&#8217; em parceria com influenciadores negros e ind\u00edgenas"},"content":{"rendered":"<p><span style=\"font-weight: 400\">A partir de 24 de maio, a s\u00e9rie de v\u00eddeos &#8216;Futuros Ancestrais&#8217; chega ao Facebook Watch. Criada pelo <\/span><a href=\"https:\/\/www.facebook.com\/salveidbr\"><span style=\"font-weight: 400\">Instituto Identidades do Brasil<\/span><\/a><span style=\"font-weight: 400\"> (ID_BR) e <\/span><a href=\"https:\/\/www.facebook.com\/tracebrasiloficial\"><span style=\"font-weight: 400\">Trace Brasil<\/span><\/a><span style=\"font-weight: 400\">, em parceria com influenciadores negros e ind\u00edgenas, a s\u00e9rie conta com 5 epis\u00f3dios e um v\u00eddeo manifesto, com artes criadas pelo artista <\/span><a href=\"https:\/\/www.instagram.com\/jeffcorsi\/?hl=pt-br\"><span style=\"font-weight: 400\">Jeff Corsi<\/span><\/a><span style=\"font-weight: 400\">, e busca amplificar as conversas e reflex\u00f5es sobre igualdade \u00e9tnico-racial no Brasil.<\/span><\/p>\n<p><span style=\"font-weight: 400\">Ao lado de <\/span><a href=\"https:\/\/www.facebook.com\/BabuSantana\"><span style=\"font-weight: 400\">Babu Santana<\/span><\/a><span style=\"font-weight: 400\">, <\/span><a href=\"https:\/\/www.facebook.com\/jualvesoficial\"><span style=\"font-weight: 400\">Juliana Alves<\/span><\/a><span style=\"font-weight: 400\">, <\/span><a href=\"https:\/\/www.facebook.com\/negblackoficial\"><span style=\"font-weight: 400\">Jonathan Azevedo<\/span><\/a><span style=\"font-weight: 400\">, <\/span><a href=\"https:\/\/www.facebook.com\/ellenoleriaOficial\"><span style=\"font-weight: 400\">Ellen Ol\u00e9ria<\/span><\/a><span style=\"font-weight: 400\"> e <\/span><a href=\"https:\/\/www.facebook.com\/wera.kunumi\"><span style=\"font-weight: 400\">Kunumi MC<\/span><\/a><span style=\"font-weight: 400\">, nomes como Luana G\u00e9not, fundadora do Instituto Identidades do Brasil, Ad Junior, Tukum\u00e3 Patax\u00f3, Kenya Sade, Alberto Pereira Jr, entre outros, v\u00e3o debater diferentes temas relacionados \u00e0 comunidade negra e ind\u00edgena no pa\u00eds. Todos os v\u00eddeos estar\u00e3o dispon\u00edveis nas P\u00e1ginas das Figuras P\u00fablicas, do <\/span><a href=\"https:\/\/www.facebook.com\/salveidbr\"><span style=\"font-weight: 400\">ID_BR<\/span><\/a><span style=\"font-weight: 400\"> e da <\/span><a href=\"https:\/\/www.facebook.com\/tracebrasiloficial\"><span style=\"font-weight: 400\">Trace Brasil<\/span><\/a><span style=\"font-weight: 400\"> no Facebook.<\/span><\/p>\n<blockquote><p><span style=\"font-weight: 400\">&#8220;Acreditamos que seja importante, cada vez mais, ampliar a voz e o alcance das comunidades \u00e9tnico-raciais no Brasil, para que essa conversa seja perene. Essa parceria promove um repert\u00f3rio rico em informa\u00e7\u00e3o e reflex\u00f5es, al\u00e9m de conectar parceiros e figuras p\u00fablicas e estimular o debate sobre o tema por meio da plataforma&#8221;, comenta a Gerente de Parcerias com Figuras P\u00fablicas do Facebook no Brasil, Nathalia Cabral.<\/span><\/p><\/blockquote>\n<p><span style=\"font-weight: 400\">Com estreia de um epis\u00f3dio por dia durante toda a pr\u00f3xima semana, o conte\u00fado criado pelo ID_BR e pela Trace Brasil busca destacar um assunto diferente a cada v\u00eddeo, sob os t\u00edtulos &#8220;Entendendo o conceito &#8216;O mundo ideal&#8217;\u201d, &#8220;Futuras Ancestrais: Mulheres Negras e Ind\u00edgenas Liderando o Futuro&#8221;, &#8220;Empoderando Crian\u00e7as Negras e Ind\u00edgenas&#8221;, &#8220;Conhecendo os Expoentes da Arte Afrofuturista no Brasil&#8221; e &#8220;Ancestralidade na M\u00fasica&#8221;.<\/span><\/p>\n<p><a href=\"https:\/\/about.fb.com\/br\/wp-content\/uploads\/sites\/11\/2021\/05\/Agenda-Episo\u0301dios_Futuros-Ancestrais.png\"><img data-recalc-dims=\"1\" loading=\"lazy\" decoding=\"async\" class=\"aligncenter size-thumbnail wp-image-22735\" src=\"https:\/\/about.fb.com\/br\/wp-content\/uploads\/sites\/11\/2021\/05\/Agenda-Episo\u0301dios_Futuros-Ancestrais.png?w=600&#038;resize=600%2C338\" alt=\"\" width=\"600\" height=\"338\" srcset=\"https:\/\/about.fb.com\/br\/wp-content\/uploads\/sites\/11\/2021\/05\/Agenda-Episo\u0301dios_Futuros-Ancestrais.png?w=1920 1920w, https:\/\/about.fb.com\/br\/wp-content\/uploads\/sites\/11\/2021\/05\/Agenda-Episo\u0301dios_Futuros-Ancestrais.png?w=600 600w, https:\/\/about.fb.com\/br\/wp-content\/uploads\/sites\/11\/2021\/05\/Agenda-Episo\u0301dios_Futuros-Ancestrais.png?w=300 300w, https:\/\/about.fb.com\/br\/wp-content\/uploads\/sites\/11\/2021\/05\/Agenda-Episo\u0301dios_Futuros-Ancestrais.png?w=768 768w, https:\/\/about.fb.com\/br\/wp-content\/uploads\/sites\/11\/2021\/05\/Agenda-Episo\u0301dios_Futuros-Ancestrais.png?w=1024 1024w, https:\/\/about.fb.com\/br\/wp-content\/uploads\/sites\/11\/2021\/05\/Agenda-Episo\u0301dios_Futuros-Ancestrais.png?w=1536 1536w, https:\/\/about.fb.com\/br\/wp-content\/uploads\/sites\/11\/2021\/05\/Agenda-Episo\u0301dios_Futuros-Ancestrais.png?w=800 800w\" sizes=\"auto, (max-width: 600px) 100vw, 600px\" \/><\/a><\/p>\n<blockquote><p><span style=\"font-weight: 400\">\u201cTransformar o ideal da igualdade em realidade \u00e9 poss\u00edvel. Somos todas e todos respons\u00e1veis por esta co-constru\u00e7\u00e3o, e entendemos que para mudar o mundo precisamos antes de tudo mudar a n\u00f3s mesmos. N\u00e3o devemos ter medo de abordar temas delicados como a pauta antirracista e revisar constantemente nossas atitudes do dia a dia. Esse \u00e9 o primeiro passo para chegarmos no mundo ideal que queremos ter num futuro n\u00e3o t\u00e3o distante. Ao provocar o p\u00fablico atrav\u00e9s desta s\u00e9rie de conversas e do Pr\u00eamio Sim \u00e0 Igualdade Racial, o ID_BR pretende espalhar esperan\u00e7a e inspirar a a\u00e7\u00e3o individual e coletiva para um mundo antirracista\u201d, afirmou a fundadora e Diretora-Executiva do ID_BR, Luana G\u00e9not.\u00a0<\/span><\/p><\/blockquote>\n<p><span style=\"font-weight: 400\">Al\u00e9m da s\u00e9rie no Facebook, as pessoas poder\u00e3o tamb\u00e9m interagir e engajar com o tema usando o Filtro de realidade aumentada nos Stories do Facebook e do Instagram. Ainda no Instagram, as pessoas poder\u00e3o aderir a um desafio no Reels usando o \u00e1udio original do rapper <\/span><a href=\"https:\/\/www.instagram.com\/renegado\/?hl=pt-br\"><span style=\"font-weight: 400\">Renegado<\/span><\/a><span style=\"font-weight: 400\"> e compartilhando suas principais refer\u00eancias sobre as tem\u00e1ticas negra e ind\u00edgena com seus seguidores.<\/span><\/p>\n<p><a href=\"https:\/\/about.fb.com\/br\/wp-content\/uploads\/sites\/11\/2021\/05\/filtro.png\"><img data-recalc-dims=\"1\" loading=\"lazy\" decoding=\"async\" class=\"aligncenter size-thumbnail wp-image-22726\" src=\"https:\/\/about.fb.com\/br\/wp-content\/uploads\/sites\/11\/2021\/05\/filtro.png?w=600&#038;resize=600%2C337\" alt=\"\" width=\"600\" height=\"337\" srcset=\"https:\/\/about.fb.com\/br\/wp-content\/uploads\/sites\/11\/2021\/05\/filtro.png?w=939 939w, https:\/\/about.fb.com\/br\/wp-content\/uploads\/sites\/11\/2021\/05\/filtro.png?w=600 600w, https:\/\/about.fb.com\/br\/wp-content\/uploads\/sites\/11\/2021\/05\/filtro.png?w=300 300w, https:\/\/about.fb.com\/br\/wp-content\/uploads\/sites\/11\/2021\/05\/filtro.png?w=768 768w, https:\/\/about.fb.com\/br\/wp-content\/uploads\/sites\/11\/2021\/05\/filtro.png?w=800 800w\" sizes=\"auto, (max-width: 600px) 100vw, 600px\" \/><\/a><\/p>\n<blockquote><p><span style=\"font-weight: 400\">\u201cEssa parceria fortalece aquilo em que sempre acreditamos: a promo\u00e7\u00e3o da diversidade atrav\u00e9s do di\u00e1logo. Para a Trace, poder participar desse projeto com o ID_BR e lev\u00e1-lo para as redes sociais refor\u00e7a o nosso pioneirismo em trazer mais pluralidade e igualdade para o mercado\u00a0 de entretenimento,\u00a0 apostando em novos rostos, olhares e saberes. Acreditamos em um futuro cada vez mais conectado com iniciativas como a deste projeto, que est\u00e1 incr\u00edvel.\u201d conta o Head de Marketing e Comunica\u00e7\u00e3o da Trace Brasil, Ad Junior.<\/span><\/p><\/blockquote>\n<p><b>Pr\u00eamio Sim \u00e0 Igualdade Racial<\/b><\/p>\n<p><span style=\"font-weight: 400\">Al\u00e9m da s\u00e9rie &#8220;Futuros Ancestrais&#8221;, o ID_BR transmite ao vivo em sua <\/span><a href=\"https:\/\/www.facebook.com\/salveidbr\"><span style=\"font-weight: 400\">P\u00e1gina no Facebook,<\/span><\/a><span style=\"font-weight: 400\"> pelo segundo ano consecutivo, o <\/span><a href=\"https:\/\/simaigualdaderacial.com.br\/site\/premio-sim-a-igualdade-racial-2021-indicacoes-abertas\/\"><span style=\"font-weight: 400\">Pr\u00eamio Sim \u00e0 Igualdade Racial<\/span><\/a><span style=\"font-weight: 400\">. Promovido pelo pr\u00f3prio instituto, o pr\u00eamio vai ao ar no dia 29 de maio, a partir das 16h30.\u00a0<\/span><\/p>\n<p><a href=\"https:\/\/corplogin-my.sharepoint.com\/:f:\/p\/facebook_time\/EgUiTrojUptPvgaFj0n5ohIBeGq1YM37ps_7puF5773F8A?e=0zxK1A\"><b>Link para baixar as artes de Jeff Corsi<\/b><\/a><\/p>\n","protected":false},"excerpt":{"rendered":"A partir de 24 de maio, a s\u00e9rie de v\u00eddeos &#8216;Futuros Ancestrais&#8217; chega ao Facebook Watch. Criada pelo Instituto Identidades do Brasil (ID_BR) e Trace Brasil, em parceria com influenciadores negros e ind\u00edgenas, a s\u00e9rie conta com 5 epis\u00f3dios e um v\u00eddeo manifesto, com artes criadas pelo artista Jeff Corsi, e busca amplificar as conversas e reflex\u00f5es sobre igualdade \u00e9tnico-racial no Brasil. Ao lado de Babu Santana, Juliana Alves, Jonathan Azevedo, Ellen Ol\u00e9ria e Kunumi MC, nomes como Luana G\u00e9not, fundadora do Instituto Identidades do Brasil, Ad Junior, Tukum\u00e3 Patax\u00f3, Kenya Sade, Alberto Pereira Jr, entre outros, v\u00e3o debater diferentes temas relacionados \u00e0 comunidade negra e ind\u00edgena no pa\u00eds. Todos os v\u00eddeos estar\u00e3o dispon\u00edveis nas P\u00e1ginas das Figuras P\u00fablicas, do ID_BR e da Trace Brasil no Facebook. &#8220;Acreditamos que seja importante, cada vez mais, ampliar a voz e o alcance das comunidades \u00e9tnico-raciais no Brasil, para que essa conversa seja perene. Essa parceria promove um repert\u00f3rio rico em informa\u00e7\u00e3o e reflex\u00f5es, al\u00e9m de conectar parceiros e figuras p\u00fablicas e estimular o debate sobre o tema por meio da plataforma&#8221;, comenta a Gerente de Parcerias com Figuras P\u00fablicas do Facebook no Brasil, Nathalia Cabral. Com estreia de um epis\u00f3dio por dia durante toda a pr\u00f3xima semana, o conte\u00fado criado pelo ID_BR e pela Trace Brasil busca destacar um assunto diferente a cada v\u00eddeo, sob os t\u00edtulos &#8220;Entendendo o conceito &#8216;O mundo ideal&#8217;\u201d, &#8220;Futuras Ancestrais: Mulheres Negras e Ind\u00edgenas Liderando o Futuro&#8221;, &#8220;Empoderando Crian\u00e7as Negras e Ind\u00edgenas&#8221;, &#8220;Conhecendo os Expoentes da Arte Afrofuturista no Brasil&#8221; e &#8220;Ancestralidade na M\u00fasica&#8221;. \u201cTransformar o ideal da igualdade em realidade \u00e9 poss\u00edvel. Somos todas e todos respons\u00e1veis por esta co-constru\u00e7\u00e3o, e entendemos que para mudar o mundo precisamos antes de tudo mudar a n\u00f3s mesmos. N\u00e3o devemos ter medo de abordar temas delicados como a pauta antirracista e revisar constantemente nossas atitudes do dia a dia. Esse \u00e9 o primeiro passo para chegarmos no mundo ideal que queremos ter num futuro n\u00e3o t\u00e3o distante. Ao provocar o p\u00fablico atrav\u00e9s desta s\u00e9rie de conversas e do Pr\u00eamio Sim \u00e0 Igualdade Racial, o ID_BR pretende espalhar esperan\u00e7a e inspirar a a\u00e7\u00e3o individual e coletiva para um mundo antirracista\u201d, afirmou a fundadora e Diretora-Executiva do ID_BR, Luana G\u00e9not.\u00a0 Al\u00e9m da s\u00e9rie no Facebook, as pessoas poder\u00e3o tamb\u00e9m interagir e engajar com o tema usando o Filtro de realidade aumentada nos Stories do Facebook e do Instagram. Ainda no Instagram, as pessoas poder\u00e3o aderir a um desafio no Reels usando o \u00e1udio original do rapper Renegado e compartilhando suas principais refer\u00eancias sobre as tem\u00e1ticas negra e ind\u00edgena com seus seguidores. \u201cEssa parceria fortalece aquilo em que sempre acreditamos: a promo\u00e7\u00e3o da diversidade atrav\u00e9s do di\u00e1logo. Para a Trace, poder participar desse projeto com o ID_BR e lev\u00e1-lo para as redes sociais refor\u00e7a o nosso pioneirismo em trazer mais pluralidade e igualdade para o mercado\u00a0 de entretenimento,\u00a0 apostando em novos rostos, olhares e saberes. Acreditamos em um futuro cada vez mais conectado com iniciativas como a deste projeto, que est\u00e1 incr\u00edvel.\u201d conta o Head de Marketing e Comunica\u00e7\u00e3o da Trace Brasil, Ad Junior. Pr\u00eamio Sim \u00e0 Igualdade Racial Al\u00e9m da s\u00e9rie &#8220;Futuros Ancestrais&#8221;, o ID_BR transmite ao vivo em sua P\u00e1gina no Facebook, pelo segundo ano consecutivo, o Pr\u00eamio Sim \u00e0 Igualdade Racial. Promovido pelo pr\u00f3prio instituto, o pr\u00eamio vai ao ar no dia 29 de maio, a partir das 16h30.\u00a0 Link para baixar as artes de Jeff Corsi","protected":false},"author":81109636,"featured_media":22724,"comment_status":"closed","ping_status":"closed","sticky":false,"template":"","format":"standard","meta":{"_jetpack_memberships_contains_paid_content":false,"footnotes":""},"categories":[396542111,1],"tags":[396542161,396542153,396541920,396542156,396532422,396542160,396542162,396542158,396542155,396542154,396542157,396542159],"class_list":["post-22722","post","type-post","status-publish","format-standard","has-post-thumbnail","hentry","category-comunidades","category-recent-news","tag-afrofuturismo","tag-babu-santana","tag-diversidade","tag-ellen-oleria","tag-facebook","tag-id_br","tag-indigena","tag-jeff-corsi","tag-jonathan-azevedo","tag-juliana-alves","tag-kunumi-mc","tag-trace-brasil"],"yoast_head":"<!-- This site is optimized with the Yoast SEO plugin v27.2 - https:\/\/yoast.com\/product\/yoast-seo-wordpress\/ -->\n<title>Com apoio do Facebook, ID_BR e Trace Brasil lan\u00e7am a s\u00e9rie de v\u00eddeos &#039;Futuros Ancestrais&#039; em parceria com influenciadores negros e ind\u00edgenas | Sobre a Meta<\/title>\n<meta name=\"robots\" content=\"index, follow, max-snippet:-1, max-image-preview:large, max-video-preview:-1\" \/>\n<link rel=\"canonical\" href=\"https:\/\/about.fb.com\/br\/news\/2021\/05\/com-apoio-do-facebook-id_br-e-trace-brasil-lancam-a-serie-de-videos-futuros-ancestrais-em-parceria-com-influenciadores-negros-e-indigenas\/\" \/>\n<meta property=\"og:locale\" content=\"pt_BR\" \/>\n<meta property=\"og:type\" content=\"article\" \/>\n<meta property=\"og:title\" content=\"Com apoio do Facebook, ID_BR e Trace Brasil lan\u00e7am a s\u00e9rie de v\u00eddeos &#039;Futuros Ancestrais&#039; em parceria com influenciadores negros e ind\u00edgenas | Sobre a Meta\" \/>\n<meta property=\"og:description\" content=\"A partir de 24 de maio, a s\u00e9rie de v\u00eddeos &#8216;Futuros Ancestrais&#8217; chega ao Facebook Watch. Criada pelo Instituto Identidades do Brasil (ID_BR) e Trace Brasil, em parceria com influenciadores negros e ind\u00edgenas, a s\u00e9rie conta com 5 epis\u00f3dios e um v\u00eddeo manifesto, com artes criadas pelo artista Jeff Corsi, e busca amplificar as conversas e reflex\u00f5es sobre igualdade \u00e9tnico-racial no Brasil. Ao lado de Babu Santana, Juliana Alves, Jonathan Azevedo, Ellen Ol\u00e9ria e Kunumi MC, nomes como Luana G\u00e9not, fundadora do Instituto Identidades do Brasil, Ad Junior, Tukum\u00e3 Patax\u00f3, Kenya Sade, Alberto Pereira Jr, entre outros, v\u00e3o debater diferentes temas relacionados \u00e0 comunidade negra e ind\u00edgena no pa\u00eds. Todos os v\u00eddeos estar\u00e3o dispon\u00edveis nas P\u00e1ginas das Figuras P\u00fablicas, do ID_BR e da Trace Brasil no Facebook. &#8220;Acreditamos que seja importante, cada vez mais, ampliar a voz e o alcance das comunidades \u00e9tnico-raciais no Brasil, para que essa conversa seja perene. Essa parceria promove um repert\u00f3rio rico em informa\u00e7\u00e3o e reflex\u00f5es, al\u00e9m de conectar parceiros e figuras p\u00fablicas e estimular o debate sobre o tema por meio da plataforma&#8221;, comenta a Gerente de Parcerias com Figuras P\u00fablicas do Facebook no Brasil, Nathalia Cabral. Com estreia de um epis\u00f3dio por dia durante toda a pr\u00f3xima semana, o conte\u00fado criado pelo ID_BR e pela Trace Brasil busca destacar um assunto diferente a cada v\u00eddeo, sob os t\u00edtulos &#8220;Entendendo o conceito &#8216;O mundo ideal&#8217;\u201d, &#8220;Futuras Ancestrais: Mulheres Negras e Ind\u00edgenas Liderando o Futuro&#8221;, &#8220;Empoderando Crian\u00e7as Negras e Ind\u00edgenas&#8221;, &#8220;Conhecendo os Expoentes da Arte Afrofuturista no Brasil&#8221; e &#8220;Ancestralidade na M\u00fasica&#8221;. \u201cTransformar o ideal da igualdade em realidade \u00e9 poss\u00edvel. Somos todas e todos respons\u00e1veis por esta co-constru\u00e7\u00e3o, e entendemos que para mudar o mundo precisamos antes de tudo mudar a n\u00f3s mesmos. N\u00e3o devemos ter medo de abordar temas delicados como a pauta antirracista e revisar constantemente nossas atitudes do dia a dia. Esse \u00e9 o primeiro passo para chegarmos no mundo ideal que queremos ter num futuro n\u00e3o t\u00e3o distante. Ao provocar o p\u00fablico atrav\u00e9s desta s\u00e9rie de conversas e do Pr\u00eamio Sim \u00e0 Igualdade Racial, o ID_BR pretende espalhar esperan\u00e7a e inspirar a a\u00e7\u00e3o individual e coletiva para um mundo antirracista\u201d, afirmou a fundadora e Diretora-Executiva do ID_BR, Luana G\u00e9not.\u00a0 Al\u00e9m da s\u00e9rie no Facebook, as pessoas poder\u00e3o tamb\u00e9m interagir e engajar com o tema usando o Filtro de realidade aumentada nos Stories do Facebook e do Instagram. Ainda no Instagram, as pessoas poder\u00e3o aderir a um desafio no Reels usando o \u00e1udio original do rapper Renegado e compartilhando suas principais refer\u00eancias sobre as tem\u00e1ticas negra e ind\u00edgena com seus seguidores. \u201cEssa parceria fortalece aquilo em que sempre acreditamos: a promo\u00e7\u00e3o da diversidade atrav\u00e9s do di\u00e1logo. Para a Trace, poder participar desse projeto com o ID_BR e lev\u00e1-lo para as redes sociais refor\u00e7a o nosso pioneirismo em trazer mais pluralidade e igualdade para o mercado\u00a0 de entretenimento,\u00a0 apostando em novos rostos, olhares e saberes. Acreditamos em um futuro cada vez mais conectado com iniciativas como a deste projeto, que est\u00e1 incr\u00edvel.\u201d conta o Head de Marketing e Comunica\u00e7\u00e3o da Trace Brasil, Ad Junior. Pr\u00eamio Sim \u00e0 Igualdade Racial Al\u00e9m da s\u00e9rie &#8220;Futuros Ancestrais&#8221;, o ID_BR transmite ao vivo em sua P\u00e1gina no Facebook, pelo segundo ano consecutivo, o Pr\u00eamio Sim \u00e0 Igualdade Racial. Promovido pelo pr\u00f3prio instituto, o pr\u00eamio vai ao ar no dia 29 de maio, a partir das 16h30.\u00a0 Link para baixar as artes de Jeff Corsi\" \/>\n<meta property=\"og:url\" content=\"https:\/\/about.fb.com\/br\/news\/2021\/05\/com-apoio-do-facebook-id_br-e-trace-brasil-lancam-a-serie-de-videos-futuros-ancestrais-em-parceria-com-influenciadores-negros-e-indigenas\/\" \/>\n<meta property=\"og:site_name\" content=\"Sobre a Meta\" \/>\n<meta property=\"article:published_time\" content=\"2021-05-21T17:38:39+00:00\" \/>\n<meta property=\"article:modified_time\" content=\"2021-07-01T19:53:53+00:00\" \/>\n<meta property=\"og:image\" content=\"https:\/\/about.fb.com\/br\/wp-content\/uploads\/sites\/11\/2021\/05\/Futuros-Ancestrais.png?resize=1024,576\" \/>\n\t<meta property=\"og:image:width\" content=\"1024\" \/>\n\t<meta property=\"og:image:height\" content=\"576\" \/>\n\t<meta property=\"og:image:type\" content=\"image\/png\" \/>\n<meta name=\"author\" content=\"facebookbr\" \/>\n<meta name=\"twitter:card\" content=\"summary_large_image\" \/>\n<meta name=\"twitter:label1\" content=\"Written by\" \/>\n\t<meta name=\"twitter:data1\" content=\"Meta\" \/>\n\t<meta name=\"twitter:label2\" content=\"Est. reading time\" \/>\n\t<meta name=\"twitter:data2\" content=\"3 minutos\" \/>\n<script type=\"application\/ld+json\" class=\"yoast-schema-graph\">{\"@context\":\"https:\/\/schema.org\",\"@graph\":[{\"@type\":\"Article\",\"@id\":\"https:\/\/about.fb.com\/br\/news\/2021\/05\/com-apoio-do-facebook-id_br-e-trace-brasil-lancam-a-serie-de-videos-futuros-ancestrais-em-parceria-com-influenciadores-negros-e-indigenas\/#article\",\"isPartOf\":{\"@id\":\"https:\/\/about.fb.com\/br\/news\/2021\/05\/com-apoio-do-facebook-id_br-e-trace-brasil-lancam-a-serie-de-videos-futuros-ancestrais-em-parceria-com-influenciadores-negros-e-indigenas\/\"},\"author\":\"Facebook company\",\"headline\":\"Com apoio do Facebook, ID_BR e Trace Brasil lan\u00e7am a s\u00e9rie de v\u00eddeos &#8216;Futuros Ancestrais&#8217; em parceria com influenciadores negros e ind\u00edgenas\",\"datePublished\":\"2021-05-21T17:38:39+00:00\",\"dateModified\":\"2021-07-01T19:53:53+00:00\",\"mainEntityOfPage\":{\"@id\":\"https:\/\/about.fb.com\/br\/news\/2021\/05\/com-apoio-do-facebook-id_br-e-trace-brasil-lancam-a-serie-de-videos-futuros-ancestrais-em-parceria-com-influenciadores-negros-e-indigenas\/\"},\"wordCount\":661,\"publisher\":{\"@id\":\"https:\/\/about.fb.com\/br\/#organization\"},\"image\":{\"@id\":\"https:\/\/about.fb.com\/br\/news\/2021\/05\/com-apoio-do-facebook-id_br-e-trace-brasil-lancam-a-serie-de-videos-futuros-ancestrais-em-parceria-com-influenciadores-negros-e-indigenas\/#primaryimage\"},\"thumbnailUrl\":\"https:\/\/about.fb.com\/br\/wp-content\/uploads\/sites\/11\/2021\/05\/Futuros-Ancestrais.png?fit=1040%2C585\",\"keywords\":[\"afrofuturismo\",\"Babu Santana\",\"Diversidade\",\"Ellen Ol\u00e9ria\",\"Facebook\",\"ID_BR\",\"ind\u00edgena\",\"Jeff Corsi\",\"Jonathan Azevedo\",\"Juliana Alves\",\"Kunumi MC\",\"Trace Brasil\"],\"articleSection\":[\"Fortalecendo Comunidades\",\"Recent News\"],\"inLanguage\":\"pt-BR\"},{\"@type\":\"WebPage\",\"@id\":\"https:\/\/about.fb.com\/br\/news\/2021\/05\/com-apoio-do-facebook-id_br-e-trace-brasil-lancam-a-serie-de-videos-futuros-ancestrais-em-parceria-com-influenciadores-negros-e-indigenas\/\",\"url\":\"https:\/\/about.fb.com\/br\/news\/2021\/05\/com-apoio-do-facebook-id_br-e-trace-brasil-lancam-a-serie-de-videos-futuros-ancestrais-em-parceria-com-influenciadores-negros-e-indigenas\/\",\"name\":\"Com apoio do Facebook, ID_BR e Trace Brasil lan\u00e7am a s\u00e9rie de v\u00eddeos 'Futuros Ancestrais' em parceria com influenciadores negros e ind\u00edgenas | Sobre a Meta\",\"isPartOf\":{\"@id\":\"https:\/\/about.fb.com\/br\/#website\"},\"primaryImageOfPage\":{\"@id\":\"https:\/\/about.fb.com\/br\/news\/2021\/05\/com-apoio-do-facebook-id_br-e-trace-brasil-lancam-a-serie-de-videos-futuros-ancestrais-em-parceria-com-influenciadores-negros-e-indigenas\/#primaryimage\"},\"image\":{\"@id\":\"https:\/\/about.fb.com\/br\/news\/2021\/05\/com-apoio-do-facebook-id_br-e-trace-brasil-lancam-a-serie-de-videos-futuros-ancestrais-em-parceria-com-influenciadores-negros-e-indigenas\/#primaryimage\"},\"thumbnailUrl\":\"https:\/\/about.fb.com\/br\/wp-content\/uploads\/sites\/11\/2021\/05\/Futuros-Ancestrais.png?fit=1040%2C585\",\"datePublished\":\"2021-05-21T17:38:39+00:00\",\"dateModified\":\"2021-07-01T19:53:53+00:00\",\"breadcrumb\":{\"@id\":\"https:\/\/about.fb.com\/br\/news\/2021\/05\/com-apoio-do-facebook-id_br-e-trace-brasil-lancam-a-serie-de-videos-futuros-ancestrais-em-parceria-com-influenciadores-negros-e-indigenas\/#breadcrumb\"},\"inLanguage\":\"pt-BR\",\"potentialAction\":[{\"@type\":\"ReadAction\",\"target\":[\"https:\/\/about.fb.com\/br\/news\/2021\/05\/com-apoio-do-facebook-id_br-e-trace-brasil-lancam-a-serie-de-videos-futuros-ancestrais-em-parceria-com-influenciadores-negros-e-indigenas\/\"]}],\"author\":\"Sobre a Meta\"},{\"@type\":\"ImageObject\",\"inLanguage\":\"pt-BR\",\"@id\":\"https:\/\/about.fb.com\/br\/news\/2021\/05\/com-apoio-do-facebook-id_br-e-trace-brasil-lancam-a-serie-de-videos-futuros-ancestrais-em-parceria-com-influenciadores-negros-e-indigenas\/#primaryimage\",\"url\":\"https:\/\/about.fb.com\/br\/wp-content\/uploads\/sites\/11\/2021\/05\/Futuros-Ancestrais.png?fit=1040%2C585\",\"contentUrl\":\"https:\/\/about.fb.com\/br\/wp-content\/uploads\/sites\/11\/2021\/05\/Futuros-Ancestrais.png?fit=1040%2C585\",\"width\":1040,\"height\":585},{\"@type\":\"BreadcrumbList\",\"@id\":\"https:\/\/about.fb.com\/br\/news\/2021\/05\/com-apoio-do-facebook-id_br-e-trace-brasil-lancam-a-serie-de-videos-futuros-ancestrais-em-parceria-com-influenciadores-negros-e-indigenas\/#breadcrumb\",\"itemListElement\":[{\"@type\":\"ListItem\",\"position\":1,\"name\":\"Home\",\"item\":\"https:\/\/about.fb.com\/br\/\"},{\"@type\":\"ListItem\",\"position\":2,\"name\":\"Com apoio do Facebook, ID_BR e Trace Brasil lan\u00e7am a s\u00e9rie de v\u00eddeos &#8216;Futuros Ancestrais&#8217; em parceria com influenciadores negros e ind\u00edgenas\"}]},{\"@type\":\"WebSite\",\"@id\":\"https:\/\/about.fb.com\/br\/#website\",\"url\":\"https:\/\/about.fb.com\/news\/\",\"name\":\"Sobre a Meta\",\"description\":\"\",\"publisher\":{\"@id\":\"https:\/\/about.fb.com\/br\/#organization\"},\"potentialAction\":[{\"@type\":\"SearchAction\",\"target\":{\"@type\":\"EntryPoint\",\"urlTemplate\":\"https:\/\/about.fb.com\/br\/?s={search_term_string}\"},\"query-input\":{\"@type\":\"PropertyValueSpecification\",\"valueRequired\":true,\"valueName\":\"search_term_string\"}}],\"inLanguage\":\"pt-BR\",\"alternateName\":[\"Meta Newsroom\",\"Meta\"]},{\"@type\":\"Organization\",\"@id\":\"https:\/\/about.fb.com\/br\/#organization\",\"name\":\"Meta\",\"url\":\"https:\/\/about.fb.com\/br\/\",\"logo\":{\"@type\":\"ImageObject\",\"inLanguage\":\"pt-BR\",\"@id\":\"https:\/\/about.fb.com\/br\/#\/schema\/logo\/image\/\",\"url\":\"https:\/\/about.fb.com\/br\/wp-content\/uploads\/sites\/11\/2021\/10\/meta-social-16x9-1.jpg?fit=8000%2C4500\",\"contentUrl\":\"https:\/\/about.fb.com\/br\/wp-content\/uploads\/sites\/11\/2021\/10\/meta-social-16x9-1.jpg?fit=8000%2C4500\",\"width\":8000,\"height\":4500,\"caption\":\"Meta\"},\"image\":{\"@id\":\"https:\/\/about.fb.com\/br\/#\/schema\/logo\/image\/\"}}]}<\/script>\n<!-- \/ Yoast SEO plugin. -->","yoast_head_json":{"title":"Com apoio do Facebook, ID_BR e Trace Brasil lan\u00e7am a s\u00e9rie de v\u00eddeos 'Futuros Ancestrais' em parceria com influenciadores negros e ind\u00edgenas | Sobre a Meta","robots":{"index":"index","follow":"follow","max-snippet":"max-snippet:-1","max-image-preview":"max-image-preview:large","max-video-preview":"max-video-preview:-1"},"canonical":"https:\/\/about.fb.com\/br\/news\/2021\/05\/com-apoio-do-facebook-id_br-e-trace-brasil-lancam-a-serie-de-videos-futuros-ancestrais-em-parceria-com-influenciadores-negros-e-indigenas\/","og_locale":"pt_BR","og_type":"article","og_title":"Com apoio do Facebook, ID_BR e Trace Brasil lan\u00e7am a s\u00e9rie de v\u00eddeos 'Futuros Ancestrais' em parceria com influenciadores negros e ind\u00edgenas | Sobre a Meta","og_description":"A partir de 24 de maio, a s\u00e9rie de v\u00eddeos &#8216;Futuros Ancestrais&#8217; chega ao Facebook Watch. Criada pelo Instituto Identidades do Brasil (ID_BR) e Trace Brasil, em parceria com influenciadores negros e ind\u00edgenas, a s\u00e9rie conta com 5 epis\u00f3dios e um v\u00eddeo manifesto, com artes criadas pelo artista Jeff Corsi, e busca amplificar as conversas e reflex\u00f5es sobre igualdade \u00e9tnico-racial no Brasil. Ao lado de Babu Santana, Juliana Alves, Jonathan Azevedo, Ellen Ol\u00e9ria e Kunumi MC, nomes como Luana G\u00e9not, fundadora do Instituto Identidades do Brasil, Ad Junior, Tukum\u00e3 Patax\u00f3, Kenya Sade, Alberto Pereira Jr, entre outros, v\u00e3o debater diferentes temas relacionados \u00e0 comunidade negra e ind\u00edgena no pa\u00eds. Todos os v\u00eddeos estar\u00e3o dispon\u00edveis nas P\u00e1ginas das Figuras P\u00fablicas, do ID_BR e da Trace Brasil no Facebook. &#8220;Acreditamos que seja importante, cada vez mais, ampliar a voz e o alcance das comunidades \u00e9tnico-raciais no Brasil, para que essa conversa seja perene. Essa parceria promove um repert\u00f3rio rico em informa\u00e7\u00e3o e reflex\u00f5es, al\u00e9m de conectar parceiros e figuras p\u00fablicas e estimular o debate sobre o tema por meio da plataforma&#8221;, comenta a Gerente de Parcerias com Figuras P\u00fablicas do Facebook no Brasil, Nathalia Cabral. Com estreia de um epis\u00f3dio por dia durante toda a pr\u00f3xima semana, o conte\u00fado criado pelo ID_BR e pela Trace Brasil busca destacar um assunto diferente a cada v\u00eddeo, sob os t\u00edtulos &#8220;Entendendo o conceito &#8216;O mundo ideal&#8217;\u201d, &#8220;Futuras Ancestrais: Mulheres Negras e Ind\u00edgenas Liderando o Futuro&#8221;, &#8220;Empoderando Crian\u00e7as Negras e Ind\u00edgenas&#8221;, &#8220;Conhecendo os Expoentes da Arte Afrofuturista no Brasil&#8221; e &#8220;Ancestralidade na M\u00fasica&#8221;. \u201cTransformar o ideal da igualdade em realidade \u00e9 poss\u00edvel. Somos todas e todos respons\u00e1veis por esta co-constru\u00e7\u00e3o, e entendemos que para mudar o mundo precisamos antes de tudo mudar a n\u00f3s mesmos. N\u00e3o devemos ter medo de abordar temas delicados como a pauta antirracista e revisar constantemente nossas atitudes do dia a dia. Esse \u00e9 o primeiro passo para chegarmos no mundo ideal que queremos ter num futuro n\u00e3o t\u00e3o distante. Ao provocar o p\u00fablico atrav\u00e9s desta s\u00e9rie de conversas e do Pr\u00eamio Sim \u00e0 Igualdade Racial, o ID_BR pretende espalhar esperan\u00e7a e inspirar a a\u00e7\u00e3o individual e coletiva para um mundo antirracista\u201d, afirmou a fundadora e Diretora-Executiva do ID_BR, Luana G\u00e9not.\u00a0 Al\u00e9m da s\u00e9rie no Facebook, as pessoas poder\u00e3o tamb\u00e9m interagir e engajar com o tema usando o Filtro de realidade aumentada nos Stories do Facebook e do Instagram. Ainda no Instagram, as pessoas poder\u00e3o aderir a um desafio no Reels usando o \u00e1udio original do rapper Renegado e compartilhando suas principais refer\u00eancias sobre as tem\u00e1ticas negra e ind\u00edgena com seus seguidores. \u201cEssa parceria fortalece aquilo em que sempre acreditamos: a promo\u00e7\u00e3o da diversidade atrav\u00e9s do di\u00e1logo. Para a Trace, poder participar desse projeto com o ID_BR e lev\u00e1-lo para as redes sociais refor\u00e7a o nosso pioneirismo em trazer mais pluralidade e igualdade para o mercado\u00a0 de entretenimento,\u00a0 apostando em novos rostos, olhares e saberes. Acreditamos em um futuro cada vez mais conectado com iniciativas como a deste projeto, que est\u00e1 incr\u00edvel.\u201d conta o Head de Marketing e Comunica\u00e7\u00e3o da Trace Brasil, Ad Junior. Pr\u00eamio Sim \u00e0 Igualdade Racial Al\u00e9m da s\u00e9rie &#8220;Futuros Ancestrais&#8221;, o ID_BR transmite ao vivo em sua P\u00e1gina no Facebook, pelo segundo ano consecutivo, o Pr\u00eamio Sim \u00e0 Igualdade Racial. Promovido pelo pr\u00f3prio instituto, o pr\u00eamio vai ao ar no dia 29 de maio, a partir das 16h30.\u00a0 Link para baixar as artes de Jeff Corsi","og_url":"https:\/\/about.fb.com\/br\/news\/2021\/05\/com-apoio-do-facebook-id_br-e-trace-brasil-lancam-a-serie-de-videos-futuros-ancestrais-em-parceria-com-influenciadores-negros-e-indigenas\/","og_site_name":"Sobre a Meta","article_published_time":"2021-05-21T17:38:39+00:00","article_modified_time":"2021-07-01T19:53:53+00:00","og_image":[{"width":1024,"height":576,"url":"https:\/\/about.fb.com\/br\/wp-content\/uploads\/sites\/11\/2021\/05\/Futuros-Ancestrais.png?resize=1024,576","type":"image\/png"}],"author":"facebookbr","twitter_card":"summary_large_image","twitter_misc":{"Written by":"Meta","Est. reading time":"3 minutos"},"schema":{"@context":"https:\/\/schema.org","@graph":[{"@type":"Article","@id":"https:\/\/about.fb.com\/br\/news\/2021\/05\/com-apoio-do-facebook-id_br-e-trace-brasil-lancam-a-serie-de-videos-futuros-ancestrais-em-parceria-com-influenciadores-negros-e-indigenas\/#article","isPartOf":{"@id":"https:\/\/about.fb.com\/br\/news\/2021\/05\/com-apoio-do-facebook-id_br-e-trace-brasil-lancam-a-serie-de-videos-futuros-ancestrais-em-parceria-com-influenciadores-negros-e-indigenas\/"},"author":"Facebook company","headline":"Com apoio do Facebook, ID_BR e Trace Brasil lan\u00e7am a s\u00e9rie de v\u00eddeos &#8216;Futuros Ancestrais&#8217; em parceria com influenciadores negros e ind\u00edgenas","datePublished":"2021-05-21T17:38:39+00:00","dateModified":"2021-07-01T19:53:53+00:00","mainEntityOfPage":{"@id":"https:\/\/about.fb.com\/br\/news\/2021\/05\/com-apoio-do-facebook-id_br-e-trace-brasil-lancam-a-serie-de-videos-futuros-ancestrais-em-parceria-com-influenciadores-negros-e-indigenas\/"},"wordCount":661,"publisher":{"@id":"https:\/\/about.fb.com\/br\/#organization"},"image":{"@id":"https:\/\/about.fb.com\/br\/news\/2021\/05\/com-apoio-do-facebook-id_br-e-trace-brasil-lancam-a-serie-de-videos-futuros-ancestrais-em-parceria-com-influenciadores-negros-e-indigenas\/#primaryimage"},"thumbnailUrl":"https:\/\/about.fb.com\/br\/wp-content\/uploads\/sites\/11\/2021\/05\/Futuros-Ancestrais.png?fit=1040%2C585","keywords":["afrofuturismo","Babu Santana","Diversidade","Ellen Ol\u00e9ria","Facebook","ID_BR","ind\u00edgena","Jeff Corsi","Jonathan Azevedo","Juliana Alves","Kunumi MC","Trace Brasil"],"articleSection":["Fortalecendo Comunidades","Recent News"],"inLanguage":"pt-BR"},{"@type":"WebPage","@id":"https:\/\/about.fb.com\/br\/news\/2021\/05\/com-apoio-do-facebook-id_br-e-trace-brasil-lancam-a-serie-de-videos-futuros-ancestrais-em-parceria-com-influenciadores-negros-e-indigenas\/","url":"https:\/\/about.fb.com\/br\/news\/2021\/05\/com-apoio-do-facebook-id_br-e-trace-brasil-lancam-a-serie-de-videos-futuros-ancestrais-em-parceria-com-influenciadores-negros-e-indigenas\/","name":"Com apoio do Facebook, ID_BR e Trace Brasil lan\u00e7am a s\u00e9rie de v\u00eddeos 'Futuros Ancestrais' em parceria com influenciadores negros e ind\u00edgenas | Sobre a Meta","isPartOf":{"@id":"https:\/\/about.fb.com\/br\/#website"},"primaryImageOfPage":{"@id":"https:\/\/about.fb.com\/br\/news\/2021\/05\/com-apoio-do-facebook-id_br-e-trace-brasil-lancam-a-serie-de-videos-futuros-ancestrais-em-parceria-com-influenciadores-negros-e-indigenas\/#primaryimage"},"image":{"@id":"https:\/\/about.fb.com\/br\/news\/2021\/05\/com-apoio-do-facebook-id_br-e-trace-brasil-lancam-a-serie-de-videos-futuros-ancestrais-em-parceria-com-influenciadores-negros-e-indigenas\/#primaryimage"},"thumbnailUrl":"https:\/\/about.fb.com\/br\/wp-content\/uploads\/sites\/11\/2021\/05\/Futuros-Ancestrais.png?fit=1040%2C585","datePublished":"2021-05-21T17:38:39+00:00","dateModified":"2021-07-01T19:53:53+00:00","breadcrumb":{"@id":"https:\/\/about.fb.com\/br\/news\/2021\/05\/com-apoio-do-facebook-id_br-e-trace-brasil-lancam-a-serie-de-videos-futuros-ancestrais-em-parceria-com-influenciadores-negros-e-indigenas\/#breadcrumb"},"inLanguage":"pt-BR","potentialAction":[{"@type":"ReadAction","target":["https:\/\/about.fb.com\/br\/news\/2021\/05\/com-apoio-do-facebook-id_br-e-trace-brasil-lancam-a-serie-de-videos-futuros-ancestrais-em-parceria-com-influenciadores-negros-e-indigenas\/"]}],"author":"Sobre a Meta"},{"@type":"ImageObject","inLanguage":"pt-BR","@id":"https:\/\/about.fb.com\/br\/news\/2021\/05\/com-apoio-do-facebook-id_br-e-trace-brasil-lancam-a-serie-de-videos-futuros-ancestrais-em-parceria-com-influenciadores-negros-e-indigenas\/#primaryimage","url":"https:\/\/about.fb.com\/br\/wp-content\/uploads\/sites\/11\/2021\/05\/Futuros-Ancestrais.png?fit=1040%2C585","contentUrl":"https:\/\/about.fb.com\/br\/wp-content\/uploads\/sites\/11\/2021\/05\/Futuros-Ancestrais.png?fit=1040%2C585","width":1040,"height":585},{"@type":"BreadcrumbList","@id":"https:\/\/about.fb.com\/br\/news\/2021\/05\/com-apoio-do-facebook-id_br-e-trace-brasil-lancam-a-serie-de-videos-futuros-ancestrais-em-parceria-com-influenciadores-negros-e-indigenas\/#breadcrumb","itemListElement":[{"@type":"ListItem","position":1,"name":"Home","item":"https:\/\/about.fb.com\/br\/"},{"@type":"ListItem","position":2,"name":"Com apoio do Facebook, ID_BR e Trace Brasil lan\u00e7am a s\u00e9rie de v\u00eddeos &#8216;Futuros Ancestrais&#8217; em parceria com influenciadores negros e ind\u00edgenas"}]},{"@type":"WebSite","@id":"https:\/\/about.fb.com\/br\/#website","url":"https:\/\/about.fb.com\/news\/","name":"Sobre a Meta","description":"","publisher":{"@id":"https:\/\/about.fb.com\/br\/#organization"},"potentialAction":[{"@type":"SearchAction","target":{"@type":"EntryPoint","urlTemplate":"https:\/\/about.fb.com\/br\/?s={search_term_string}"},"query-input":{"@type":"PropertyValueSpecification","valueRequired":true,"valueName":"search_term_string"}}],"inLanguage":"pt-BR","alternateName":["Meta Newsroom","Meta"]},{"@type":"Organization","@id":"https:\/\/about.fb.com\/br\/#organization","name":"Meta","url":"https:\/\/about.fb.com\/br\/","logo":{"@type":"ImageObject","inLanguage":"pt-BR","@id":"https:\/\/about.fb.com\/br\/#\/schema\/logo\/image\/","url":"https:\/\/about.fb.com\/br\/wp-content\/uploads\/sites\/11\/2021\/10\/meta-social-16x9-1.jpg?fit=8000%2C4500","contentUrl":"https:\/\/about.fb.com\/br\/wp-content\/uploads\/sites\/11\/2021\/10\/meta-social-16x9-1.jpg?fit=8000%2C4500","width":8000,"height":4500,"caption":"Meta"},"image":{"@id":"https:\/\/about.fb.com\/br\/#\/schema\/logo\/image\/"}}]}},"jetpack_featured_media_url":"https:\/\/about.fb.com\/br\/wp-content\/uploads\/sites\/11\/2021\/05\/Futuros-Ancestrais.png?fit=1040%2C585","jetpack-related-posts":[{"id":27025,"url":"https:\/\/about.fb.com\/br\/news\/2026\/03\/apresentando-uma-nova-era-de-descoberta-de-produtos-impulsionada-por-ia-e-criadores\/","url_meta":{"origin":22722,"position":0},"title":"Apresentando uma nova era de descoberta de produtos impulsionada por IA e criadores","author":"Meta","date":"25\/03\/2026","format":false,"excerpt":"Todos os dias, bilh\u00f5es de pessoas acessam os aplicativos da Meta para descobrir algo novo \u2014 um produto que um criador adora, uma marca que chama sua aten\u00e7\u00e3o ou um estilo que elas nem sabiam que estavam procurando.A IA est\u00e1 ajudando a impulsionar esses momentos de descoberta, seja exibindo conte\u00fados\u2026","rel":"","context":"In &quot;Recent News&quot;","block_context":{"text":"Recent News","link":"https:\/\/about.fb.com\/br\/news\/category\/recent-news\/"},"img":{"alt_text":"","src":"https:\/\/about.fb.com\/br\/wp-content\/uploads\/sites\/11\/2026\/03\/newsroom-shoptalk.gif?w=312&resize=350%2C200","width":350,"height":200},"classes":[]},{"id":26166,"url":"https:\/\/about.fb.com\/br\/news\/2025\/02\/anunciando-o-programa-de-parceria-em-tecnologia-de-linguagem\/","url_meta":{"origin":22722,"position":1},"title":"Anunciando o Programa de Parceria em Tecnologia de Linguagem","author":"Meta","date":"07\/02\/2025","format":false,"excerpt":"A equipe do Fundamental AI Research (FAIR) da Meta est\u00e1 focada em alcan\u00e7ar a intelig\u00eancia avan\u00e7ada de m\u00e1quina (AMI, na sigla em ingl\u00eas) \u2014 uma IA que pode usar o racioc\u00ednio humano para realizar tarefas cognitivamente exigentes, como a tradu\u00e7\u00e3o \u2014 e us\u00e1-la para impulsionar produtos e inova\u00e7\u00f5es que beneficiem\u2026","rel":"","context":"In &quot;Meta&quot;","block_context":{"text":"Meta","link":"https:\/\/about.fb.com\/br\/news\/category\/temas-home\/meta\/"},"img":{"alt_text":"","src":"","width":0,"height":0},"classes":[]},{"id":26696,"url":"https:\/\/about.fb.com\/br\/news\/2025\/10\/desempenho-potencializado-por-ia-para-o-agora-e-o-futuro\/","url_meta":{"origin":22722,"position":2},"title":"Desempenho potencializado por IA para o agora e o futuro","author":"Meta","date":"02\/10\/2025","format":false,"excerpt":"Para os profissionais de marketing, cada ponto de desempenho incremental pode significar a diferen\u00e7a entre empatar e bater recordes. Por isso, a Meta continua investindo em solu\u00e7\u00f5es l\u00edderes com IA, incluindo o Advantage+ e a infraestrutura que o sustenta, para ajudar empresas, anunciantes e ag\u00eancias a expandirem rapidamente. Estamos escrevendo\u2026","rel":"","context":"In &quot;Meta&quot;","block_context":{"text":"Meta","link":"https:\/\/about.fb.com\/br\/news\/category\/temas-home\/meta\/"},"img":{"alt_text":"","src":"https:\/\/about.fb.com\/br\/wp-content\/uploads\/sites\/11\/2025\/07\/Logo-Meta-1.jpg?fit=633%2C356&resize=350%2C200","width":350,"height":200,"srcset":"https:\/\/about.fb.com\/br\/wp-content\/uploads\/sites\/11\/2025\/07\/Logo-Meta-1.jpg?fit=633%2C356&resize=350%2C200 1x, https:\/\/about.fb.com\/br\/wp-content\/uploads\/sites\/11\/2025\/07\/Logo-Meta-1.jpg?fit=633%2C356&resize=525%2C300 1.5x"},"classes":[]},{"id":26390,"url":"https:\/\/about.fb.com\/br\/news\/2025\/05\/meta-apresenta-novas-solucoes-para-criadores-e-marcas\/","url_meta":{"origin":22722,"position":3},"title":"Meta apresenta novas solu\u00e7\u00f5es para criadores e marcas","author":"Meta","date":"08\/05\/2025","format":false,"excerpt":"Com bilh\u00f5es de intera\u00e7\u00f5es di\u00e1rias, a Meta \u00e9 o lugar onde as pessoas descobrem, se conectam e compram. Nossos diversos formatos e posicionamentos de an\u00fancios ajudam as mensagens a serem vistas e ouvidas. Somente os Reels geram 4,5 bilh\u00f5es de compartilhamentos por dia. Hoje, anunciamos novas solu\u00e7\u00f5es de marketing com\u2026","rel":"","context":"In &quot;Meta&quot;","block_context":{"text":"Meta","link":"https:\/\/about.fb.com\/br\/news\/category\/temas-home\/meta\/"},"img":{"alt_text":"","src":"https:\/\/about.fb.com\/br\/wp-content\/uploads\/sites\/11\/2025\/05\/495518465_1208029907787418_2711818781208175959_n.gif?resize=350%2C200","width":350,"height":200},"classes":[]},{"id":26367,"url":"https:\/\/about.fb.com\/br\/news\/2025\/05\/insights-dos-resultados-do-1o-trimestre-da-meta-para-impulsionar-o-desempenho-dos-negocios\/","url_meta":{"origin":22722,"position":4},"title":"Insights dos resultados do 1\u00ba trimestre da Meta para impulsionar o desempenho dos neg\u00f3cios","author":"Meta","date":"02\/05\/2025","format":false,"excerpt":"Hoje, estamos compartilhando alguns insights importantes sobre ganhos de performance com o uso de produtos de an\u00fancios baseados em intelig\u00eancia artificial, v\u00eddeos e Reels, al\u00e9m de a\u00e7\u00f5es que as empresas podem adotar para atrair mais clientes e aproveitar ao m\u00e1ximo cada investimento em marketing. As dicas se baseiam nos destaques\u2026","rel":"","context":"In &quot;Meta&quot;","block_context":{"text":"Meta","link":"https:\/\/about.fb.com\/br\/news\/category\/temas-home\/meta\/"},"img":{"alt_text":"","src":"https:\/\/about.fb.com\/br\/wp-content\/uploads\/sites\/11\/2025\/05\/capa.png?fit=1920%2C1080&resize=350%2C200","width":350,"height":200,"srcset":"https:\/\/about.fb.com\/br\/wp-content\/uploads\/sites\/11\/2025\/05\/capa.png?fit=1920%2C1080&resize=350%2C200 1x, https:\/\/about.fb.com\/br\/wp-content\/uploads\/sites\/11\/2025\/05\/capa.png?fit=1920%2C1080&resize=525%2C300 1.5x, https:\/\/about.fb.com\/br\/wp-content\/uploads\/sites\/11\/2025\/05\/capa.png?fit=1920%2C1080&resize=700%2C400 2x, https:\/\/about.fb.com\/br\/wp-content\/uploads\/sites\/11\/2025\/05\/capa.png?fit=1920%2C1080&resize=1050%2C600 3x, https:\/\/about.fb.com\/br\/wp-content\/uploads\/sites\/11\/2025\/05\/capa.png?fit=1920%2C1080&resize=1400%2C800 4x"},"classes":[]},{"id":26728,"url":"https:\/\/about.fb.com\/br\/news\/2025\/10\/lancamento-do-oakley-meta-hstn-no-brasil-uma-nova-categoria-de-oculos-de-performance-com-inteligencia-artificial\/","url_meta":{"origin":22722,"position":5},"title":"Lan\u00e7amento do Oakley Meta HSTN no Brasil: uma nova categoria de \u00f3culos de performance com Intelig\u00eancia Artificial","author":"Meta","date":"10\/10\/2025","format":false,"excerpt":"A Meta e a Oakley anunciam a chegada ao Brasil, no pr\u00f3ximo dia 11 de outubro, de uma nova categoria de \u00f3culos de performance com Intelig\u00eancia Artificial (IA): o Oakley Meta HSTN, que combina o design ic\u00f4nico da Oakley com a tecnologia l\u00edder da Meta para oferecer insights mais profundos\u2026","rel":"","context":"In &quot;Meta&quot;","block_context":{"text":"Meta","link":"https:\/\/about.fb.com\/br\/news\/category\/temas-home\/meta\/"},"img":{"alt_text":"","src":"https:\/\/about.fb.com\/br\/wp-content\/uploads\/sites\/11\/2025\/10\/Oakley-Meta-HSTN-Gabriel-Medina-3.jpg?fit=12250%2C8449&resize=350%2C200","width":350,"height":200,"srcset":"https:\/\/about.fb.com\/br\/wp-content\/uploads\/sites\/11\/2025\/10\/Oakley-Meta-HSTN-Gabriel-Medina-3.jpg?fit=12250%2C8449&resize=350%2C200 1x, https:\/\/about.fb.com\/br\/wp-content\/uploads\/sites\/11\/2025\/10\/Oakley-Meta-HSTN-Gabriel-Medina-3.jpg?fit=12250%2C8449&resize=525%2C300 1.5x, https:\/\/about.fb.com\/br\/wp-content\/uploads\/sites\/11\/2025\/10\/Oakley-Meta-HSTN-Gabriel-Medina-3.jpg?fit=12250%2C8449&resize=700%2C400 2x, https:\/\/about.fb.com\/br\/wp-content\/uploads\/sites\/11\/2025\/10\/Oakley-Meta-HSTN-Gabriel-Medina-3.jpg?fit=12250%2C8449&resize=1050%2C600 3x, https:\/\/about.fb.com\/br\/wp-content\/uploads\/sites\/11\/2025\/10\/Oakley-Meta-HSTN-Gabriel-Medina-3.jpg?fit=12250%2C8449&resize=1400%2C800 4x"},"classes":[]}],"jetpack_sharing_enabled":true,"amp_enabled":true,"_links":{"self":[{"href":"https:\/\/about.fb.com\/br\/wp-json\/wp\/v2\/posts\/22722","targetHints":{"allow":["GET"]}}],"collection":[{"href":"https:\/\/about.fb.com\/br\/wp-json\/wp\/v2\/posts"}],"about":[{"href":"https:\/\/about.fb.com\/br\/wp-json\/wp\/v2\/types\/post"}],"author":[{"embeddable":true,"href":"https:\/\/about.fb.com\/br\/wp-json\/wp\/v2\/users\/81109636"}],"replies":[{"embeddable":true,"href":"https:\/\/about.fb.com\/br\/wp-json\/wp\/v2\/comments?post=22722"}],"version-history":[{"count":11,"href":"https:\/\/about.fb.com\/br\/wp-json\/wp\/v2\/posts\/22722\/revisions"}],"predecessor-version":[{"id":22737,"href":"https:\/\/about.fb.com\/br\/wp-json\/wp\/v2\/posts\/22722\/revisions\/22737"}],"wp:featuredmedia":[{"embeddable":true,"href":"https:\/\/about.fb.com\/br\/wp-json\/wp\/v2\/media\/22724"}],"wp:attachment":[{"href":"https:\/\/about.fb.com\/br\/wp-json\/wp\/v2\/media?parent=22722"}],"wp:term":[{"taxonomy":"category","embeddable":true,"href":"https:\/\/about.fb.com\/br\/wp-json\/wp\/v2\/categories?post=22722"},{"taxonomy":"post_tag","embeddable":true,"href":"https:\/\/about.fb.com\/br\/wp-json\/wp\/v2\/tags?post=22722"}],"curies":[{"name":"wp","href":"https:\/\/api.w.org\/{rel}","templated":true}]}}