{"id":22705,"date":"2021-05-19T14:42:03","date_gmt":"2021-05-19T17:42:03","guid":{"rendered":"https:\/\/about.fb.com\/br\/?p=22705"},"modified":"2023-06-22T16:56:35","modified_gmt":"2023-06-22T19:56:35","slug":"relatorio-de-aplicacao-dos-padroes-da-comunidade-primeiro-trimestre-de-2021","status":"publish","type":"post","link":"https:\/\/about.fb.com\/br\/news\/2021\/05\/relatorio-de-aplicacao-dos-padroes-da-comunidade-primeiro-trimestre-de-2021\/","title":{"rendered":"Relat\u00f3rio de Aplica\u00e7\u00e3o dos Padr\u00f5es da Comunidade, primeiro trimestre de 2021"},"content":{"rendered":"<p><i><span style=\"font-weight: 400\">Adicionalmente ao Relat\u00f3rio de Aplica\u00e7\u00e3o dos Padr\u00f5es da Comunidade, neste trimestre tamb\u00e9m estamos compartilhando:<\/span><\/i><\/p>\n<ul>\n<li style=\"font-weight: 400\"><span style=\"font-weight: 400\">Nossa nova <\/span><a href=\"https:\/\/transparency.fb.com\/\"><span style=\"font-weight: 400\">Central de Transpar\u00eancia<\/span><\/a><span style=\"font-weight: 400\"> fornecendo um destino \u00fanico para nossos esfor\u00e7os de integridade e transpar\u00eancia<\/span><\/li>\n<li style=\"font-weight: 400\"><span style=\"font-weight: 400\">Nosso <\/span><a href=\"https:\/\/about.fb.com\/br\/news\/2021\/05\/nosso-comprometimento-continuo-com-a-transparencia\/\"><span style=\"font-weight: 400\">Relat\u00f3rio de Transpar\u00eancia<\/span><\/a><span style=\"font-weight: 400\"> semestral que compartilha informa\u00e7\u00f5es sobre solicita\u00e7\u00f5es governamentais de dados do usu\u00e1rio, restri\u00e7\u00f5es de conte\u00fado com base nas leis locais, <\/span><a href=\"https:\/\/about.fb.com\/news\/2021\/05\/how-were-proactively-combating-counterfeits-and-piracy\/\"><span style=\"font-weight: 400\">remo\u00e7\u00f5es baseadas em propriedade intelectual<\/span><\/a><span style=\"font-weight: 400\"> e interrup\u00e7\u00f5es na Internet\u00a0<\/span><\/li>\n<li style=\"font-weight: 400\"><a href=\"https:\/\/about.fb.com\/br\/news\/2021\/05\/privacidade-e-essencial-raspagem-de-dados-em-numeros\/\"><span style=\"font-weight: 400\">N\u00fameros em <\/span><span style=\"font-weight: 400\">raspagem de dados<\/span><\/a><\/li>\n<li style=\"font-weight: 400\"><span style=\"font-weight: 400\">Atualiza\u00e7\u00f5es recentes sobre <a href=\"https:\/\/about.fb.com\/news\/2021\/01\/oversight-board-selects-case-on-zwarte-piet\/\">recomenda\u00e7\u00f5es do Comit\u00ea de Supervis\u00e3o<\/a>\u00a0<\/span><\/li>\n<\/ul>\n<p><span style=\"font-weight: 400\">Estamos publicando hoje o nosso <\/span><a href=\"https:\/\/transparency.facebook.com\/community-standards-enforcement\"><span style=\"font-weight: 400\">Relat\u00f3rio de Aplica\u00e7\u00e3o dos Padr\u00f5es da Comunidade<\/span><\/a><span style=\"font-weight: 400\"> referente ao primeiro trimestre de 2021. Este relat\u00f3rio fornece m\u00e9tricas sobre como aplicamos nossas pol\u00edticas entre os meses de janeiro e mar\u00e7o, incluindo dados sobre 12 pol\u00edticas no Facebook e 10 pol\u00edticas no Instagram.<\/span><\/p>\n<p><span style=\"font-weight: 400\">A nova Central de Transpar\u00eancia \u00e9 um destino \u00fanico para nossos esfor\u00e7os em integridade e transpar\u00eancia. Ela inclui informa\u00e7\u00f5es sobre:\u00a0<\/span><\/p>\n<ul>\n<li style=\"font-weight: 400\"><a href=\"https:\/\/transparency.fb.com\/policies\/\"><span style=\"font-weight: 400\">Nossas pol\u00edticas<\/span><\/a><span style=\"font-weight: 400\"> e como s\u00e3o desenvolvidas e atualizadas\u00a0<\/span><\/li>\n<li style=\"font-weight: 400\"><a href=\"https:\/\/transparency.fb.com\/enforcement\/\"><span style=\"font-weight: 400\">Nossa abordagem para aplicar essas pol\u00edticas de conte\u00fado<\/span><\/a><span style=\"font-weight: 400\">, usando revisores e tecnologia\u00a0<\/span><\/li>\n<li style=\"font-weight: 400\"><span style=\"font-weight: 400\">Aprofundamento em como trabalhamos para <\/span><a href=\"https:\/\/transparency.fb.com\/features\/\"><span style=\"font-weight: 400\">proteger as elei\u00e7\u00f5es e combater a desinforma\u00e7\u00e3o<\/span><\/a><\/li>\n<li style=\"font-weight: 400\"><a href=\"https:\/\/transparency.fb.com\/data\/\"><span style=\"font-weight: 400\">Relat\u00f3rios compartilhando dados sobre nossos esfor\u00e7os<\/span><\/a><span style=\"font-weight: 400\">\u00a0<\/span><\/li>\n<\/ul>\n<p><span style=\"font-weight: 400\">Continuaremos a adicionar mais informa\u00e7\u00f5es e construir a Central de Transpar\u00eancia \u00e0 medida que nossos esfor\u00e7os em integridade continuam a evoluir.<\/span><\/p>\n<p><a href=\"https:\/\/about.fb.com\/br\/wp-content\/uploads\/sites\/11\/2021\/05\/NR_TransparencyCenter.jpg\"><img data-recalc-dims=\"1\" loading=\"lazy\" decoding=\"async\" class=\"aligncenter size-thumbnail wp-image-22708\" src=\"https:\/\/about.fb.com\/br\/wp-content\/uploads\/sites\/11\/2021\/05\/NR_TransparencyCenter.jpg?w=600&#038;resize=600%2C382\" alt=\"\" width=\"600\" height=\"382\" srcset=\"https:\/\/about.fb.com\/br\/wp-content\/uploads\/sites\/11\/2021\/05\/NR_TransparencyCenter.jpg?w=890 890w, https:\/\/about.fb.com\/br\/wp-content\/uploads\/sites\/11\/2021\/05\/NR_TransparencyCenter.jpg?w=600 600w, https:\/\/about.fb.com\/br\/wp-content\/uploads\/sites\/11\/2021\/05\/NR_TransparencyCenter.jpg?w=300 300w, https:\/\/about.fb.com\/br\/wp-content\/uploads\/sites\/11\/2021\/05\/NR_TransparencyCenter.jpg?w=768 768w, https:\/\/about.fb.com\/br\/wp-content\/uploads\/sites\/11\/2021\/05\/NR_TransparencyCenter.jpg?w=800 800w\" sizes=\"auto, (max-width: 600px) 100vw, 600px\" \/><\/a><\/p>\n<p><span style=\"font-weight: 400\">Ano passado, nos comprometemos a passar por uma <\/span><a href=\"https:\/\/about.fb.com\/br\/news\/2020\/08\/auditoria-independente-de-metricas-apresentadas-no-relatorio-de-aplicacao-dos-padroes-da-comunidade\/\"><span style=\"font-weight: 400\">auditoria independente<\/span><\/a><span style=\"font-weight: 400\"> para validar se nossas m\u00e9tricas s\u00e3o mensuradas e reportadas corretamente. Selecionamos a EY para conduzir essa avalia\u00e7\u00e3o e estamos ansiosos para trabalhar com eles.<\/span><\/p>\n<p><strong>Destaques do Relat\u00f3rio de Aplica\u00e7\u00e3o dos Padr\u00f5es da Comunidade<\/strong><\/p>\n<p><span style=\"font-weight: 400\">A preval\u00eancia \u00e9 uma das m\u00e9tricas mais \u00fateis para entender com que frequ\u00eancia as pessoas veem conte\u00fado nocivo em nossa plataforma, portanto, neste relat\u00f3rio, estamos expandindo as m\u00e9tricas de preval\u00eancia no Instagram para incluir nudez adulta e viol\u00eancia e conte\u00fado expl\u00edcito.<\/span><\/p>\n<p><span style=\"font-weight: 400\">No primeiro trimestre de 2021, a preval\u00eancia de nudez adulta no Facebook e no Instagram foi de 0,03-0,04%. A preval\u00eancia de viol\u00eancia e conte\u00fado expl\u00edcito foi de 0,01-0,02% no Instagram. No Facebook foi de 0,03-0,04% ante 0,05% no \u00faltimo trimestre. Estamos trabalhando para compartilhar mais dados e corresponder \u00e0s m\u00e9tricas que compartilhamos no Facebook e no Instagram. \u00c9 por isso que estamos liberando esses n\u00fameros de preval\u00eancia pela primeira vez e continuaremos a compartilh\u00e1-los a cada trimestre para acompanhar nosso progresso.<\/span><\/p>\n<p><a href=\"https:\/\/about.fb.com\/br\/wp-content\/uploads\/sites\/11\/2021\/05\/NR_CSER_Inline_Prevalence.png\"><img data-recalc-dims=\"1\" loading=\"lazy\" decoding=\"async\" class=\"aligncenter size-thumbnail wp-image-22710\" src=\"https:\/\/about.fb.com\/br\/wp-content\/uploads\/sites\/11\/2021\/05\/NR_CSER_Inline_Prevalence.png?w=600&#038;resize=600%2C249\" alt=\"\" width=\"600\" height=\"249\" srcset=\"https:\/\/about.fb.com\/br\/wp-content\/uploads\/sites\/11\/2021\/05\/NR_CSER_Inline_Prevalence.png?w=890 890w, https:\/\/about.fb.com\/br\/wp-content\/uploads\/sites\/11\/2021\/05\/NR_CSER_Inline_Prevalence.png?w=600 600w, https:\/\/about.fb.com\/br\/wp-content\/uploads\/sites\/11\/2021\/05\/NR_CSER_Inline_Prevalence.png?w=300 300w, https:\/\/about.fb.com\/br\/wp-content\/uploads\/sites\/11\/2021\/05\/NR_CSER_Inline_Prevalence.png?w=768 768w, https:\/\/about.fb.com\/br\/wp-content\/uploads\/sites\/11\/2021\/05\/NR_CSER_Inline_Prevalence.png?w=800 800w\" sizes=\"auto, (max-width: 600px) 100vw, 600px\" \/><\/a><\/p>\n<p><strong>Progresso em Discurso de \u00f3dio<i>\u00a0<\/i><\/strong><\/p>\n<p><span style=\"font-weight: 400\">A preval\u00eancia do discurso de \u00f3dio no Facebook continua diminuindo. No primeiro trimestre, foi de 0,05-0,06%, ou 5 a 6 visualiza\u00e7\u00f5es a cada 10 mil.<\/span><\/p>\n<p><a href=\"https:\/\/about.fb.com\/br\/wp-content\/uploads\/sites\/11\/2021\/05\/NR_CSER_Inline_FB-Hate-speech.png\"><img data-recalc-dims=\"1\" loading=\"lazy\" decoding=\"async\" class=\"aligncenter size-thumbnail wp-image-22709\" src=\"https:\/\/about.fb.com\/br\/wp-content\/uploads\/sites\/11\/2021\/05\/NR_CSER_Inline_FB-Hate-speech.png?w=600&#038;resize=600%2C378\" alt=\"\" width=\"600\" height=\"378\" srcset=\"https:\/\/about.fb.com\/br\/wp-content\/uploads\/sites\/11\/2021\/05\/NR_CSER_Inline_FB-Hate-speech.png?w=890 890w, https:\/\/about.fb.com\/br\/wp-content\/uploads\/sites\/11\/2021\/05\/NR_CSER_Inline_FB-Hate-speech.png?w=600 600w, https:\/\/about.fb.com\/br\/wp-content\/uploads\/sites\/11\/2021\/05\/NR_CSER_Inline_FB-Hate-speech.png?w=300 300w, https:\/\/about.fb.com\/br\/wp-content\/uploads\/sites\/11\/2021\/05\/NR_CSER_Inline_FB-Hate-speech.png?w=768 768w, https:\/\/about.fb.com\/br\/wp-content\/uploads\/sites\/11\/2021\/05\/NR_CSER_Inline_FB-Hate-speech.png?w=800 800w\" sizes=\"auto, (max-width: 600px) 100vw, 600px\" \/><\/a><\/p>\n<p><span style=\"font-weight: 400\">Avaliamos a efic\u00e1cia de nossa aplica\u00e7\u00e3o de medidas tentando manter a preval\u00eancia de discurso de \u00f3dio em nossa plataforma o mais baixo poss\u00edvel, ao mesmo tempo em que minimizamos erros sobre conte\u00fado que removemos. Essa melhoria na preval\u00eancia no Facebook se deve \u00e0s <\/span><a href=\"https:\/\/about.fb.com\/br\/news\/2021\/02\/relatorio-de-aplicacao-dos-padroes-da-comunidade-quarto-trimestre-de-2020\/\"><span style=\"font-weight: 400\">mudan\u00e7as que fizemos para reduzir o conte\u00fado problem\u00e1tico no Feed de Not\u00edcias.<\/span><\/a><\/p>\n<p><span style=\"font-weight: 400\">Avan\u00e7os em <\/span><span style=\"font-weight: 400\">tecnologias de IA<\/span><span style=\"font-weight: 400\"> nos permitiram <\/span><a href=\"https:\/\/about.fb.com\/br\/news\/2020\/11\/medindo-nosso-progresso-no-combate-ao-discurso-de-odio\/\"><span style=\"font-weight: 400\">remover mais discurso de \u00f3dio<\/span><\/a><span style=\"font-weight: 400\"> do Facebook, ao longo do tempo, e encontrar mais dele antes que os usu\u00e1rios os denunciem a n\u00f3s. Quando come\u00e7amos a reportar nossas m\u00e9tricas sobre discurso de \u00f3dio, no quarto trimestre de 2017, nossa taxa de detec\u00e7\u00e3o proativa era de 23,6%. Isso significa que, do discurso de \u00f3dio que removemos, 23,6% dele foi encontrado antes de um usu\u00e1rio denunci\u00e1-lo. A maioria dos conte\u00fados restantes foi removida depois que um usu\u00e1rio o denunciou. Hoje, detectamos proativamente cerca de 97% do conte\u00fado de discurso de \u00f3dio que removemos.<\/span><\/p>\n<p><strong>Tend\u00eancias recentes<\/strong><\/p>\n<p><span style=\"font-weight: 400\">Al\u00e9m de novas m\u00e9tricas e melhorias cont\u00ednuas em preval\u00eancia, vimos n\u00fameros est\u00e1veis em conte\u00fado em que agimos em muitas \u00e1reas problem\u00e1ticas.\u00a0<\/span><\/p>\n<p><span style=\"font-weight: 400\">No Facebook, no primeiro trimestre, agimos em:<\/span><\/p>\n<ul>\n<li style=\"font-weight: 400\"><span style=\"font-weight: 400\">8,8 milh\u00f5es de pe\u00e7as de conte\u00fado de bullying e ass\u00e9dio, ante 6,3 milh\u00f5es no quarto trimestre de 2020, devido em parte a melhorias em nossa tecnologia de detec\u00e7\u00e3o proativa\u00a0<\/span><\/li>\n<li style=\"font-weight: 400\"><span style=\"font-weight: 400\">9,8 milh\u00f5es de pe\u00e7as de conte\u00fado de \u00f3dio organizado, ante 6,4 milh\u00f5es no quarto trimestre de 2020<\/span><\/li>\n<li style=\"font-weight: 400\"><span style=\"font-weight: 400\">25,2 milh\u00f5es de pe\u00e7as de conte\u00fado de discurso de \u00f3dio, em compara\u00e7\u00e3o com 26,9 milh\u00f5es no quarto trimestre de 2020<\/span><\/li>\n<\/ul>\n<p><span style=\"font-weight: 400\">No Instagram, no primeiro trimestre, agimos em:<\/span><\/p>\n<ul>\n<li style=\"font-weight: 400\"><span style=\"font-weight: 400\">5,5 milh\u00f5es de pe\u00e7as de conte\u00fado de bullying e ass\u00e9dio, ante 5 milh\u00f5es no quarto trimestre de 2020, devido em parte a melhorias em nossa tecnologia de detec\u00e7\u00e3o proativa<\/span><\/li>\n<li style=\"font-weight: 400\"><span style=\"font-weight: 400\">324.500 de pe\u00e7as de conte\u00fados de \u00f3dio organizado, ante 308 mil no quarto trimestre de 2020<\/span><\/li>\n<li style=\"font-weight: 400\"><span style=\"font-weight: 400\">6,3 milh\u00f5es de pe\u00e7as de conte\u00fado de discurso de \u00f3dio, em compara\u00e7\u00e3o com 6,6 milh\u00f5es no quarto trimestre de 2020<\/span><\/li>\n<\/ul>\n<p><b>Combatendo a desinforma\u00e7\u00e3o e conte\u00fado nocivo sobre COVID-19<\/b><\/p>\n<p><span style=\"font-weight: 400\">O COVID-19 continua sendo um grande problema de sa\u00fade p\u00fablica e temos o compromisso de ajudar as pessoas a obter informa\u00e7\u00f5es confi\u00e1veis, incluindo informa\u00e7\u00f5es sobre vacinas. <\/span><span style=\"font-weight: 400\">Desde o in\u00edcio da pandemia at\u00e9 abril deste ano, removemos mais de 18 milh\u00f5es de pe\u00e7as de conte\u00fado do Facebook e Instagram em todo o mundo por violar nossas pol\u00edticas de desinforma\u00e7\u00e3o e danos relacionados ao COVID-19. Tamb\u00e9m estamos trabalhando para aumentar a aceita\u00e7\u00e3o da vacina e <\/span><a href=\"https:\/\/about.fb.com\/news\/2021\/05\/supporting-vaccination-efforts-on-our-apps\/\"><span style=\"font-weight: 400\">combater a desinforma\u00e7\u00e3o sobre ela<\/span><\/a><span style=\"font-weight: 400\">.<\/span><\/p>\n","protected":false},"excerpt":{"rendered":"Adicionalmente ao Relat\u00f3rio de Aplica\u00e7\u00e3o dos Padr\u00f5es da Comunidade, neste trimestre tamb\u00e9m estamos compartilhando: Nossa nova Central de Transpar\u00eancia fornecendo um destino \u00fanico para nossos esfor\u00e7os de integridade e transpar\u00eancia Nosso Relat\u00f3rio de Transpar\u00eancia semestral que compartilha informa\u00e7\u00f5es sobre solicita\u00e7\u00f5es governamentais de dados do usu\u00e1rio, restri\u00e7\u00f5es de conte\u00fado com base nas leis locais, remo\u00e7\u00f5es baseadas em propriedade intelectual e interrup\u00e7\u00f5es na Internet\u00a0 N\u00fameros em raspagem de dados Atualiza\u00e7\u00f5es recentes sobre recomenda\u00e7\u00f5es do Comit\u00ea de Supervis\u00e3o\u00a0 Estamos publicando hoje o nosso Relat\u00f3rio de Aplica\u00e7\u00e3o dos Padr\u00f5es da Comunidade referente ao primeiro trimestre de 2021. Este relat\u00f3rio fornece m\u00e9tricas sobre como aplicamos nossas pol\u00edticas entre os meses de janeiro e mar\u00e7o, incluindo dados sobre 12 pol\u00edticas no Facebook e 10 pol\u00edticas no Instagram. A nova Central de Transpar\u00eancia \u00e9 um destino \u00fanico para nossos esfor\u00e7os em integridade e transpar\u00eancia. Ela inclui informa\u00e7\u00f5es sobre:\u00a0 Nossas pol\u00edticas e como s\u00e3o desenvolvidas e atualizadas\u00a0 Nossa abordagem para aplicar essas pol\u00edticas de conte\u00fado, usando revisores e tecnologia\u00a0 Aprofundamento em como trabalhamos para proteger as elei\u00e7\u00f5es e combater a desinforma\u00e7\u00e3o Relat\u00f3rios compartilhando dados sobre nossos esfor\u00e7os\u00a0 Continuaremos a adicionar mais informa\u00e7\u00f5es e construir a Central de Transpar\u00eancia \u00e0 medida que nossos esfor\u00e7os em integridade continuam a evoluir. Ano passado, nos comprometemos a passar por uma auditoria independente para validar se nossas m\u00e9tricas s\u00e3o mensuradas e reportadas corretamente. Selecionamos a EY para conduzir essa avalia\u00e7\u00e3o e estamos ansiosos para trabalhar com eles. Destaques do Relat\u00f3rio de Aplica\u00e7\u00e3o dos Padr\u00f5es da Comunidade A preval\u00eancia \u00e9 uma das m\u00e9tricas mais \u00fateis para entender com que frequ\u00eancia as pessoas veem conte\u00fado nocivo em nossa plataforma, portanto, neste relat\u00f3rio, estamos expandindo as m\u00e9tricas de preval\u00eancia no Instagram para incluir nudez adulta e viol\u00eancia e conte\u00fado expl\u00edcito. No primeiro trimestre de 2021, a preval\u00eancia de nudez adulta no Facebook e no Instagram foi de 0,03-0,04%. A preval\u00eancia de viol\u00eancia e conte\u00fado expl\u00edcito foi de 0,01-0,02% no Instagram. No Facebook foi de 0,03-0,04% ante 0,05% no \u00faltimo trimestre. Estamos trabalhando para compartilhar mais dados e corresponder \u00e0s m\u00e9tricas que compartilhamos no Facebook e no Instagram. \u00c9 por isso que estamos liberando esses n\u00fameros de preval\u00eancia pela primeira vez e continuaremos a compartilh\u00e1-los a cada trimestre para acompanhar nosso progresso. Progresso em Discurso de \u00f3dio\u00a0 A preval\u00eancia do discurso de \u00f3dio no Facebook continua diminuindo. No primeiro trimestre, foi de 0,05-0,06%, ou 5 a 6 visualiza\u00e7\u00f5es a cada 10 mil. Avaliamos a efic\u00e1cia de nossa aplica\u00e7\u00e3o de medidas tentando manter a preval\u00eancia de discurso de \u00f3dio em nossa plataforma o mais baixo poss\u00edvel, ao mesmo tempo em que minimizamos erros sobre conte\u00fado que removemos. Essa melhoria na preval\u00eancia no Facebook se deve \u00e0s mudan\u00e7as que fizemos para reduzir o conte\u00fado problem\u00e1tico no Feed de Not\u00edcias. Avan\u00e7os em tecnologias de IA nos permitiram remover mais discurso de \u00f3dio do Facebook, ao longo do tempo, e encontrar mais dele antes que os usu\u00e1rios os denunciem a n\u00f3s. Quando come\u00e7amos a reportar nossas m\u00e9tricas sobre discurso de \u00f3dio, no quarto trimestre de 2017, nossa taxa de detec\u00e7\u00e3o proativa era de 23,6%. Isso significa que, do discurso de \u00f3dio que removemos, 23,6% dele foi encontrado antes de um usu\u00e1rio denunci\u00e1-lo. A maioria dos conte\u00fados restantes foi removida depois que um usu\u00e1rio o denunciou. Hoje, detectamos proativamente cerca de 97% do conte\u00fado de discurso de \u00f3dio que removemos. Tend\u00eancias recentes Al\u00e9m de novas m\u00e9tricas e melhorias cont\u00ednuas em preval\u00eancia, vimos n\u00fameros est\u00e1veis em conte\u00fado em que agimos em muitas \u00e1reas problem\u00e1ticas.\u00a0 No Facebook, no primeiro trimestre, agimos em: 8,8 milh\u00f5es de pe\u00e7as de conte\u00fado de bullying e ass\u00e9dio, ante 6,3 milh\u00f5es no quarto trimestre de 2020, devido em parte a melhorias em nossa tecnologia de detec\u00e7\u00e3o proativa\u00a0 9,8 milh\u00f5es de pe\u00e7as de conte\u00fado de \u00f3dio organizado, ante 6,4 milh\u00f5es no quarto trimestre de 2020 25,2 milh\u00f5es de pe\u00e7as de conte\u00fado de discurso de \u00f3dio, em compara\u00e7\u00e3o com 26,9 milh\u00f5es no quarto trimestre de 2020 No Instagram, no primeiro trimestre, agimos em: 5,5 milh\u00f5es de pe\u00e7as de conte\u00fado de bullying e ass\u00e9dio, ante 5 milh\u00f5es no quarto trimestre de 2020, devido em parte a melhorias em nossa tecnologia de detec\u00e7\u00e3o proativa 324.500 de pe\u00e7as de conte\u00fados de \u00f3dio organizado, ante 308 mil no quarto trimestre de 2020 6,3 milh\u00f5es de pe\u00e7as de conte\u00fado de discurso de \u00f3dio, em compara\u00e7\u00e3o com 6,6 milh\u00f5es no quarto trimestre de 2020 Combatendo a desinforma\u00e7\u00e3o e conte\u00fado nocivo sobre COVID-19 O COVID-19 continua sendo um grande problema de sa\u00fade p\u00fablica e temos o compromisso de ajudar as pessoas a obter informa\u00e7\u00f5es confi\u00e1veis, incluindo informa\u00e7\u00f5es sobre vacinas. Desde o in\u00edcio da pandemia at\u00e9 abril deste ano, removemos mais de 18 milh\u00f5es de pe\u00e7as de conte\u00fado do Facebook e Instagram em todo o mundo por violar nossas pol\u00edticas de desinforma\u00e7\u00e3o e danos relacionados ao COVID-19. Tamb\u00e9m estamos trabalhando para aumentar a aceita\u00e7\u00e3o da vacina e combater a desinforma\u00e7\u00e3o sobre ela.","protected":false},"author":81109636,"featured_media":22707,"comment_status":"closed","ping_status":"closed","sticky":false,"template":"","format":"standard","meta":{"_jetpack_newsletter_access":"","_jetpack_dont_email_post_to_subs":false,"_jetpack_newsletter_tier_id":0,"_jetpack_memberships_contains_paywalled_content":false,"_jetpack_feature_clip_id":0,"_jetpack_memberships_contains_paid_content":false,"footnotes":"","jetpack_post_was_ever_published":false},"categories":[396542172,396542169,396542115,396542117,1],"tags":[396542150],"class_list":["post-22705","post","type-post","status-publish","format-standard","has-post-thumbnail","hentry","category-combatendo-desinformacao","category-dados-e-privacidade","category-facebook","category-instagram","category-recent-news","tag-relatorio-de-aplicacao-dos-padroes-da-comunidade"],"yoast_head":"<!-- This site is optimized with the Yoast SEO plugin v27.2 - https:\/\/yoast.com\/product\/yoast-seo-wordpress\/ -->\n<title>Relat\u00f3rio de Aplica\u00e7\u00e3o dos Padr\u00f5es da Comunidade, primeiro trimestre de 2021 | Sobre a Meta<\/title>\n<meta name=\"robots\" content=\"index, follow, max-snippet:-1, max-image-preview:large, max-video-preview:-1\" \/>\n<link rel=\"canonical\" href=\"https:\/\/about.fb.com\/br\/news\/2021\/05\/relatorio-de-aplicacao-dos-padroes-da-comunidade-primeiro-trimestre-de-2021\/\" \/>\n<meta property=\"og:locale\" content=\"pt_BR\" \/>\n<meta property=\"og:type\" content=\"article\" \/>\n<meta property=\"og:title\" content=\"Relat\u00f3rio de Aplica\u00e7\u00e3o dos Padr\u00f5es da Comunidade, primeiro trimestre de 2021 | Sobre a Meta\" \/>\n<meta property=\"og:description\" content=\"Adicionalmente ao Relat\u00f3rio de Aplica\u00e7\u00e3o dos Padr\u00f5es da Comunidade, neste trimestre tamb\u00e9m estamos compartilhando: Nossa nova Central de Transpar\u00eancia fornecendo um destino \u00fanico para nossos esfor\u00e7os de integridade e transpar\u00eancia Nosso Relat\u00f3rio de Transpar\u00eancia semestral que compartilha informa\u00e7\u00f5es sobre solicita\u00e7\u00f5es governamentais de dados do usu\u00e1rio, restri\u00e7\u00f5es de conte\u00fado com base nas leis locais, remo\u00e7\u00f5es baseadas em propriedade intelectual e interrup\u00e7\u00f5es na Internet\u00a0 N\u00fameros em raspagem de dados Atualiza\u00e7\u00f5es recentes sobre recomenda\u00e7\u00f5es do Comit\u00ea de Supervis\u00e3o\u00a0 Estamos publicando hoje o nosso Relat\u00f3rio de Aplica\u00e7\u00e3o dos Padr\u00f5es da Comunidade referente ao primeiro trimestre de 2021. Este relat\u00f3rio fornece m\u00e9tricas sobre como aplicamos nossas pol\u00edticas entre os meses de janeiro e mar\u00e7o, incluindo dados sobre 12 pol\u00edticas no Facebook e 10 pol\u00edticas no Instagram. A nova Central de Transpar\u00eancia \u00e9 um destino \u00fanico para nossos esfor\u00e7os em integridade e transpar\u00eancia. Ela inclui informa\u00e7\u00f5es sobre:\u00a0 Nossas pol\u00edticas e como s\u00e3o desenvolvidas e atualizadas\u00a0 Nossa abordagem para aplicar essas pol\u00edticas de conte\u00fado, usando revisores e tecnologia\u00a0 Aprofundamento em como trabalhamos para proteger as elei\u00e7\u00f5es e combater a desinforma\u00e7\u00e3o Relat\u00f3rios compartilhando dados sobre nossos esfor\u00e7os\u00a0 Continuaremos a adicionar mais informa\u00e7\u00f5es e construir a Central de Transpar\u00eancia \u00e0 medida que nossos esfor\u00e7os em integridade continuam a evoluir. Ano passado, nos comprometemos a passar por uma auditoria independente para validar se nossas m\u00e9tricas s\u00e3o mensuradas e reportadas corretamente. Selecionamos a EY para conduzir essa avalia\u00e7\u00e3o e estamos ansiosos para trabalhar com eles. Destaques do Relat\u00f3rio de Aplica\u00e7\u00e3o dos Padr\u00f5es da Comunidade A preval\u00eancia \u00e9 uma das m\u00e9tricas mais \u00fateis para entender com que frequ\u00eancia as pessoas veem conte\u00fado nocivo em nossa plataforma, portanto, neste relat\u00f3rio, estamos expandindo as m\u00e9tricas de preval\u00eancia no Instagram para incluir nudez adulta e viol\u00eancia e conte\u00fado expl\u00edcito. No primeiro trimestre de 2021, a preval\u00eancia de nudez adulta no Facebook e no Instagram foi de 0,03-0,04%. A preval\u00eancia de viol\u00eancia e conte\u00fado expl\u00edcito foi de 0,01-0,02% no Instagram. No Facebook foi de 0,03-0,04% ante 0,05% no \u00faltimo trimestre. Estamos trabalhando para compartilhar mais dados e corresponder \u00e0s m\u00e9tricas que compartilhamos no Facebook e no Instagram. \u00c9 por isso que estamos liberando esses n\u00fameros de preval\u00eancia pela primeira vez e continuaremos a compartilh\u00e1-los a cada trimestre para acompanhar nosso progresso. Progresso em Discurso de \u00f3dio\u00a0 A preval\u00eancia do discurso de \u00f3dio no Facebook continua diminuindo. No primeiro trimestre, foi de 0,05-0,06%, ou 5 a 6 visualiza\u00e7\u00f5es a cada 10 mil. Avaliamos a efic\u00e1cia de nossa aplica\u00e7\u00e3o de medidas tentando manter a preval\u00eancia de discurso de \u00f3dio em nossa plataforma o mais baixo poss\u00edvel, ao mesmo tempo em que minimizamos erros sobre conte\u00fado que removemos. Essa melhoria na preval\u00eancia no Facebook se deve \u00e0s mudan\u00e7as que fizemos para reduzir o conte\u00fado problem\u00e1tico no Feed de Not\u00edcias. Avan\u00e7os em tecnologias de IA nos permitiram remover mais discurso de \u00f3dio do Facebook, ao longo do tempo, e encontrar mais dele antes que os usu\u00e1rios os denunciem a n\u00f3s. Quando come\u00e7amos a reportar nossas m\u00e9tricas sobre discurso de \u00f3dio, no quarto trimestre de 2017, nossa taxa de detec\u00e7\u00e3o proativa era de 23,6%. Isso significa que, do discurso de \u00f3dio que removemos, 23,6% dele foi encontrado antes de um usu\u00e1rio denunci\u00e1-lo. A maioria dos conte\u00fados restantes foi removida depois que um usu\u00e1rio o denunciou. Hoje, detectamos proativamente cerca de 97% do conte\u00fado de discurso de \u00f3dio que removemos. Tend\u00eancias recentes Al\u00e9m de novas m\u00e9tricas e melhorias cont\u00ednuas em preval\u00eancia, vimos n\u00fameros est\u00e1veis em conte\u00fado em que agimos em muitas \u00e1reas problem\u00e1ticas.\u00a0 No Facebook, no primeiro trimestre, agimos em: 8,8 milh\u00f5es de pe\u00e7as de conte\u00fado de bullying e ass\u00e9dio, ante 6,3 milh\u00f5es no quarto trimestre de 2020, devido em parte a melhorias em nossa tecnologia de detec\u00e7\u00e3o proativa\u00a0 9,8 milh\u00f5es de pe\u00e7as de conte\u00fado de \u00f3dio organizado, ante 6,4 milh\u00f5es no quarto trimestre de 2020 25,2 milh\u00f5es de pe\u00e7as de conte\u00fado de discurso de \u00f3dio, em compara\u00e7\u00e3o com 26,9 milh\u00f5es no quarto trimestre de 2020 No Instagram, no primeiro trimestre, agimos em: 5,5 milh\u00f5es de pe\u00e7as de conte\u00fado de bullying e ass\u00e9dio, ante 5 milh\u00f5es no quarto trimestre de 2020, devido em parte a melhorias em nossa tecnologia de detec\u00e7\u00e3o proativa 324.500 de pe\u00e7as de conte\u00fados de \u00f3dio organizado, ante 308 mil no quarto trimestre de 2020 6,3 milh\u00f5es de pe\u00e7as de conte\u00fado de discurso de \u00f3dio, em compara\u00e7\u00e3o com 6,6 milh\u00f5es no quarto trimestre de 2020 Combatendo a desinforma\u00e7\u00e3o e conte\u00fado nocivo sobre COVID-19 O COVID-19 continua sendo um grande problema de sa\u00fade p\u00fablica e temos o compromisso de ajudar as pessoas a obter informa\u00e7\u00f5es confi\u00e1veis, incluindo informa\u00e7\u00f5es sobre vacinas. Desde o in\u00edcio da pandemia at\u00e9 abril deste ano, removemos mais de 18 milh\u00f5es de pe\u00e7as de conte\u00fado do Facebook e Instagram em todo o mundo por violar nossas pol\u00edticas de desinforma\u00e7\u00e3o e danos relacionados ao COVID-19. Tamb\u00e9m estamos trabalhando para aumentar a aceita\u00e7\u00e3o da vacina e combater a desinforma\u00e7\u00e3o sobre ela.\" \/>\n<meta property=\"og:url\" content=\"https:\/\/about.fb.com\/br\/news\/2021\/05\/relatorio-de-aplicacao-dos-padroes-da-comunidade-primeiro-trimestre-de-2021\/\" \/>\n<meta property=\"og:site_name\" content=\"Sobre a Meta\" \/>\n<meta property=\"article:published_time\" content=\"2021-05-19T17:42:03+00:00\" \/>\n<meta property=\"article:modified_time\" content=\"2023-06-22T19:56:35+00:00\" \/>\n<meta property=\"og:image\" content=\"https:\/\/about.fb.com\/br\/wp-content\/uploads\/sites\/11\/2021\/05\/NRP_CSER_Banner_Final.jpg?fit=960%2C540\" \/>\n\t<meta property=\"og:image:width\" content=\"960\" \/>\n\t<meta property=\"og:image:height\" content=\"540\" \/>\n\t<meta property=\"og:image:type\" content=\"image\/jpeg\" \/>\n<meta name=\"author\" content=\"facebookbr\" \/>\n<meta name=\"twitter:card\" content=\"summary_large_image\" \/>\n<meta name=\"twitter:label1\" content=\"Written by\" \/>\n\t<meta name=\"twitter:data1\" content=\"Meta\" \/>\n\t<meta name=\"twitter:label2\" content=\"Est. reading time\" \/>\n\t<meta name=\"twitter:data2\" content=\"5 minutos\" \/>\n<script type=\"application\/ld+json\" class=\"yoast-schema-graph\">{\"@context\":\"https:\/\/schema.org\",\"@graph\":[{\"@type\":\"Article\",\"@id\":\"https:\/\/about.fb.com\/br\/news\/2021\/05\/relatorio-de-aplicacao-dos-padroes-da-comunidade-primeiro-trimestre-de-2021\/#article\",\"isPartOf\":{\"@id\":\"https:\/\/about.fb.com\/br\/news\/2021\/05\/relatorio-de-aplicacao-dos-padroes-da-comunidade-primeiro-trimestre-de-2021\/\"},\"author\":\"Facebook company\",\"headline\":\"Relat\u00f3rio de Aplica\u00e7\u00e3o dos Padr\u00f5es da Comunidade, primeiro trimestre de 2021\",\"datePublished\":\"2021-05-19T17:42:03+00:00\",\"dateModified\":\"2023-06-22T19:56:35+00:00\",\"mainEntityOfPage\":{\"@id\":\"https:\/\/about.fb.com\/br\/news\/2021\/05\/relatorio-de-aplicacao-dos-padroes-da-comunidade-primeiro-trimestre-de-2021\/\"},\"wordCount\":925,\"publisher\":{\"@id\":\"https:\/\/about.fb.com\/br\/#organization\"},\"image\":{\"@id\":\"https:\/\/about.fb.com\/br\/news\/2021\/05\/relatorio-de-aplicacao-dos-padroes-da-comunidade-primeiro-trimestre-de-2021\/#primaryimage\"},\"thumbnailUrl\":\"https:\/\/about.fb.com\/br\/wp-content\/uploads\/sites\/11\/2021\/05\/NRP_CSER_Banner_Final.jpg?fit=1024%2C576\",\"keywords\":[\"Relat\u00f3rio de Aplica\u00e7\u00e3o dos Padr\u00f5es da Comunidade\"],\"articleSection\":[\"Combatendo Desinforma\u00e7\u00e3o\",\"Dados e Privacidade\",\"Facebook\",\"Instagram\",\"Recent News\"],\"inLanguage\":\"pt-BR\"},{\"@type\":\"WebPage\",\"@id\":\"https:\/\/about.fb.com\/br\/news\/2021\/05\/relatorio-de-aplicacao-dos-padroes-da-comunidade-primeiro-trimestre-de-2021\/\",\"url\":\"https:\/\/about.fb.com\/br\/news\/2021\/05\/relatorio-de-aplicacao-dos-padroes-da-comunidade-primeiro-trimestre-de-2021\/\",\"name\":\"Relat\u00f3rio de Aplica\u00e7\u00e3o dos Padr\u00f5es da Comunidade, primeiro trimestre de 2021 | Sobre a Meta\",\"isPartOf\":{\"@id\":\"https:\/\/about.fb.com\/br\/#website\"},\"primaryImageOfPage\":{\"@id\":\"https:\/\/about.fb.com\/br\/news\/2021\/05\/relatorio-de-aplicacao-dos-padroes-da-comunidade-primeiro-trimestre-de-2021\/#primaryimage\"},\"image\":{\"@id\":\"https:\/\/about.fb.com\/br\/news\/2021\/05\/relatorio-de-aplicacao-dos-padroes-da-comunidade-primeiro-trimestre-de-2021\/#primaryimage\"},\"thumbnailUrl\":\"https:\/\/about.fb.com\/br\/wp-content\/uploads\/sites\/11\/2021\/05\/NRP_CSER_Banner_Final.jpg?fit=1024%2C576\",\"datePublished\":\"2021-05-19T17:42:03+00:00\",\"dateModified\":\"2023-06-22T19:56:35+00:00\",\"breadcrumb\":{\"@id\":\"https:\/\/about.fb.com\/br\/news\/2021\/05\/relatorio-de-aplicacao-dos-padroes-da-comunidade-primeiro-trimestre-de-2021\/#breadcrumb\"},\"inLanguage\":\"pt-BR\",\"potentialAction\":[{\"@type\":\"ReadAction\",\"target\":[\"https:\/\/about.fb.com\/br\/news\/2021\/05\/relatorio-de-aplicacao-dos-padroes-da-comunidade-primeiro-trimestre-de-2021\/\"]}],\"author\":\"Sobre a Meta\"},{\"@type\":\"ImageObject\",\"inLanguage\":\"pt-BR\",\"@id\":\"https:\/\/about.fb.com\/br\/news\/2021\/05\/relatorio-de-aplicacao-dos-padroes-da-comunidade-primeiro-trimestre-de-2021\/#primaryimage\",\"url\":\"https:\/\/about.fb.com\/br\/wp-content\/uploads\/sites\/11\/2021\/05\/NRP_CSER_Banner_Final.jpg?fit=1024%2C576\",\"contentUrl\":\"https:\/\/about.fb.com\/br\/wp-content\/uploads\/sites\/11\/2021\/05\/NRP_CSER_Banner_Final.jpg?fit=1024%2C576\",\"width\":1024,\"height\":576},{\"@type\":\"BreadcrumbList\",\"@id\":\"https:\/\/about.fb.com\/br\/news\/2021\/05\/relatorio-de-aplicacao-dos-padroes-da-comunidade-primeiro-trimestre-de-2021\/#breadcrumb\",\"itemListElement\":[{\"@type\":\"ListItem\",\"position\":1,\"name\":\"Home\",\"item\":\"https:\/\/about.fb.com\/br\/\"},{\"@type\":\"ListItem\",\"position\":2,\"name\":\"Relat\u00f3rio de Aplica\u00e7\u00e3o dos Padr\u00f5es da Comunidade, primeiro trimestre de 2021\"}]},{\"@type\":\"WebSite\",\"@id\":\"https:\/\/about.fb.com\/br\/#website\",\"url\":\"https:\/\/about.fb.com\/news\/\",\"name\":\"Sobre a Meta\",\"description\":\"\",\"publisher\":{\"@id\":\"https:\/\/about.fb.com\/br\/#organization\"},\"potentialAction\":[{\"@type\":\"SearchAction\",\"target\":{\"@type\":\"EntryPoint\",\"urlTemplate\":\"https:\/\/about.fb.com\/br\/?s={search_term_string}\"},\"query-input\":{\"@type\":\"PropertyValueSpecification\",\"valueRequired\":true,\"valueName\":\"search_term_string\"}}],\"inLanguage\":\"pt-BR\",\"alternateName\":[\"Meta Newsroom\",\"Meta\"]},{\"@type\":\"Organization\",\"@id\":\"https:\/\/about.fb.com\/br\/#organization\",\"name\":\"Meta\",\"url\":\"https:\/\/about.fb.com\/br\/\",\"logo\":{\"@type\":\"ImageObject\",\"inLanguage\":\"pt-BR\",\"@id\":\"https:\/\/about.fb.com\/br\/#\/schema\/logo\/image\/\",\"url\":\"https:\/\/about.fb.com\/br\/wp-content\/uploads\/sites\/11\/2021\/10\/meta-social-16x9-1.jpg?fit=8000%2C4500\",\"contentUrl\":\"https:\/\/about.fb.com\/br\/wp-content\/uploads\/sites\/11\/2021\/10\/meta-social-16x9-1.jpg?fit=8000%2C4500\",\"width\":8000,\"height\":4500,\"caption\":\"Meta\"},\"image\":{\"@id\":\"https:\/\/about.fb.com\/br\/#\/schema\/logo\/image\/\"}}]}<\/script>\n<!-- \/ Yoast SEO plugin. -->","yoast_head_json":{"title":"Relat\u00f3rio de Aplica\u00e7\u00e3o dos Padr\u00f5es da Comunidade, primeiro trimestre de 2021 | Sobre a Meta","robots":{"index":"index","follow":"follow","max-snippet":"max-snippet:-1","max-image-preview":"max-image-preview:large","max-video-preview":"max-video-preview:-1"},"canonical":"https:\/\/about.fb.com\/br\/news\/2021\/05\/relatorio-de-aplicacao-dos-padroes-da-comunidade-primeiro-trimestre-de-2021\/","og_locale":"pt_BR","og_type":"article","og_title":"Relat\u00f3rio de Aplica\u00e7\u00e3o dos Padr\u00f5es da Comunidade, primeiro trimestre de 2021 | Sobre a Meta","og_description":"Adicionalmente ao Relat\u00f3rio de Aplica\u00e7\u00e3o dos Padr\u00f5es da Comunidade, neste trimestre tamb\u00e9m estamos compartilhando: Nossa nova Central de Transpar\u00eancia fornecendo um destino \u00fanico para nossos esfor\u00e7os de integridade e transpar\u00eancia Nosso Relat\u00f3rio de Transpar\u00eancia semestral que compartilha informa\u00e7\u00f5es sobre solicita\u00e7\u00f5es governamentais de dados do usu\u00e1rio, restri\u00e7\u00f5es de conte\u00fado com base nas leis locais, remo\u00e7\u00f5es baseadas em propriedade intelectual e interrup\u00e7\u00f5es na Internet\u00a0 N\u00fameros em raspagem de dados Atualiza\u00e7\u00f5es recentes sobre recomenda\u00e7\u00f5es do Comit\u00ea de Supervis\u00e3o\u00a0 Estamos publicando hoje o nosso Relat\u00f3rio de Aplica\u00e7\u00e3o dos Padr\u00f5es da Comunidade referente ao primeiro trimestre de 2021. Este relat\u00f3rio fornece m\u00e9tricas sobre como aplicamos nossas pol\u00edticas entre os meses de janeiro e mar\u00e7o, incluindo dados sobre 12 pol\u00edticas no Facebook e 10 pol\u00edticas no Instagram. A nova Central de Transpar\u00eancia \u00e9 um destino \u00fanico para nossos esfor\u00e7os em integridade e transpar\u00eancia. Ela inclui informa\u00e7\u00f5es sobre:\u00a0 Nossas pol\u00edticas e como s\u00e3o desenvolvidas e atualizadas\u00a0 Nossa abordagem para aplicar essas pol\u00edticas de conte\u00fado, usando revisores e tecnologia\u00a0 Aprofundamento em como trabalhamos para proteger as elei\u00e7\u00f5es e combater a desinforma\u00e7\u00e3o Relat\u00f3rios compartilhando dados sobre nossos esfor\u00e7os\u00a0 Continuaremos a adicionar mais informa\u00e7\u00f5es e construir a Central de Transpar\u00eancia \u00e0 medida que nossos esfor\u00e7os em integridade continuam a evoluir. Ano passado, nos comprometemos a passar por uma auditoria independente para validar se nossas m\u00e9tricas s\u00e3o mensuradas e reportadas corretamente. Selecionamos a EY para conduzir essa avalia\u00e7\u00e3o e estamos ansiosos para trabalhar com eles. Destaques do Relat\u00f3rio de Aplica\u00e7\u00e3o dos Padr\u00f5es da Comunidade A preval\u00eancia \u00e9 uma das m\u00e9tricas mais \u00fateis para entender com que frequ\u00eancia as pessoas veem conte\u00fado nocivo em nossa plataforma, portanto, neste relat\u00f3rio, estamos expandindo as m\u00e9tricas de preval\u00eancia no Instagram para incluir nudez adulta e viol\u00eancia e conte\u00fado expl\u00edcito. No primeiro trimestre de 2021, a preval\u00eancia de nudez adulta no Facebook e no Instagram foi de 0,03-0,04%. A preval\u00eancia de viol\u00eancia e conte\u00fado expl\u00edcito foi de 0,01-0,02% no Instagram. No Facebook foi de 0,03-0,04% ante 0,05% no \u00faltimo trimestre. Estamos trabalhando para compartilhar mais dados e corresponder \u00e0s m\u00e9tricas que compartilhamos no Facebook e no Instagram. \u00c9 por isso que estamos liberando esses n\u00fameros de preval\u00eancia pela primeira vez e continuaremos a compartilh\u00e1-los a cada trimestre para acompanhar nosso progresso. Progresso em Discurso de \u00f3dio\u00a0 A preval\u00eancia do discurso de \u00f3dio no Facebook continua diminuindo. No primeiro trimestre, foi de 0,05-0,06%, ou 5 a 6 visualiza\u00e7\u00f5es a cada 10 mil. Avaliamos a efic\u00e1cia de nossa aplica\u00e7\u00e3o de medidas tentando manter a preval\u00eancia de discurso de \u00f3dio em nossa plataforma o mais baixo poss\u00edvel, ao mesmo tempo em que minimizamos erros sobre conte\u00fado que removemos. Essa melhoria na preval\u00eancia no Facebook se deve \u00e0s mudan\u00e7as que fizemos para reduzir o conte\u00fado problem\u00e1tico no Feed de Not\u00edcias. Avan\u00e7os em tecnologias de IA nos permitiram remover mais discurso de \u00f3dio do Facebook, ao longo do tempo, e encontrar mais dele antes que os usu\u00e1rios os denunciem a n\u00f3s. Quando come\u00e7amos a reportar nossas m\u00e9tricas sobre discurso de \u00f3dio, no quarto trimestre de 2017, nossa taxa de detec\u00e7\u00e3o proativa era de 23,6%. Isso significa que, do discurso de \u00f3dio que removemos, 23,6% dele foi encontrado antes de um usu\u00e1rio denunci\u00e1-lo. A maioria dos conte\u00fados restantes foi removida depois que um usu\u00e1rio o denunciou. Hoje, detectamos proativamente cerca de 97% do conte\u00fado de discurso de \u00f3dio que removemos. Tend\u00eancias recentes Al\u00e9m de novas m\u00e9tricas e melhorias cont\u00ednuas em preval\u00eancia, vimos n\u00fameros est\u00e1veis em conte\u00fado em que agimos em muitas \u00e1reas problem\u00e1ticas.\u00a0 No Facebook, no primeiro trimestre, agimos em: 8,8 milh\u00f5es de pe\u00e7as de conte\u00fado de bullying e ass\u00e9dio, ante 6,3 milh\u00f5es no quarto trimestre de 2020, devido em parte a melhorias em nossa tecnologia de detec\u00e7\u00e3o proativa\u00a0 9,8 milh\u00f5es de pe\u00e7as de conte\u00fado de \u00f3dio organizado, ante 6,4 milh\u00f5es no quarto trimestre de 2020 25,2 milh\u00f5es de pe\u00e7as de conte\u00fado de discurso de \u00f3dio, em compara\u00e7\u00e3o com 26,9 milh\u00f5es no quarto trimestre de 2020 No Instagram, no primeiro trimestre, agimos em: 5,5 milh\u00f5es de pe\u00e7as de conte\u00fado de bullying e ass\u00e9dio, ante 5 milh\u00f5es no quarto trimestre de 2020, devido em parte a melhorias em nossa tecnologia de detec\u00e7\u00e3o proativa 324.500 de pe\u00e7as de conte\u00fados de \u00f3dio organizado, ante 308 mil no quarto trimestre de 2020 6,3 milh\u00f5es de pe\u00e7as de conte\u00fado de discurso de \u00f3dio, em compara\u00e7\u00e3o com 6,6 milh\u00f5es no quarto trimestre de 2020 Combatendo a desinforma\u00e7\u00e3o e conte\u00fado nocivo sobre COVID-19 O COVID-19 continua sendo um grande problema de sa\u00fade p\u00fablica e temos o compromisso de ajudar as pessoas a obter informa\u00e7\u00f5es confi\u00e1veis, incluindo informa\u00e7\u00f5es sobre vacinas. Desde o in\u00edcio da pandemia at\u00e9 abril deste ano, removemos mais de 18 milh\u00f5es de pe\u00e7as de conte\u00fado do Facebook e Instagram em todo o mundo por violar nossas pol\u00edticas de desinforma\u00e7\u00e3o e danos relacionados ao COVID-19. Tamb\u00e9m estamos trabalhando para aumentar a aceita\u00e7\u00e3o da vacina e combater a desinforma\u00e7\u00e3o sobre ela.","og_url":"https:\/\/about.fb.com\/br\/news\/2021\/05\/relatorio-de-aplicacao-dos-padroes-da-comunidade-primeiro-trimestre-de-2021\/","og_site_name":"Sobre a Meta","article_published_time":"2021-05-19T17:42:03+00:00","article_modified_time":"2023-06-22T19:56:35+00:00","og_image":[{"url":"https:\/\/about.fb.com\/br\/wp-content\/uploads\/sites\/11\/2021\/05\/NRP_CSER_Banner_Final.jpg?fit=960%2C540","width":960,"height":540,"type":"image\/jpeg"}],"author":"facebookbr","twitter_card":"summary_large_image","twitter_misc":{"Written by":"Meta","Est. reading time":"5 minutos"},"schema":{"@context":"https:\/\/schema.org","@graph":[{"@type":"Article","@id":"https:\/\/about.fb.com\/br\/news\/2021\/05\/relatorio-de-aplicacao-dos-padroes-da-comunidade-primeiro-trimestre-de-2021\/#article","isPartOf":{"@id":"https:\/\/about.fb.com\/br\/news\/2021\/05\/relatorio-de-aplicacao-dos-padroes-da-comunidade-primeiro-trimestre-de-2021\/"},"author":"Facebook company","headline":"Relat\u00f3rio de Aplica\u00e7\u00e3o dos Padr\u00f5es da Comunidade, primeiro trimestre de 2021","datePublished":"2021-05-19T17:42:03+00:00","dateModified":"2023-06-22T19:56:35+00:00","mainEntityOfPage":{"@id":"https:\/\/about.fb.com\/br\/news\/2021\/05\/relatorio-de-aplicacao-dos-padroes-da-comunidade-primeiro-trimestre-de-2021\/"},"wordCount":925,"publisher":{"@id":"https:\/\/about.fb.com\/br\/#organization"},"image":{"@id":"https:\/\/about.fb.com\/br\/news\/2021\/05\/relatorio-de-aplicacao-dos-padroes-da-comunidade-primeiro-trimestre-de-2021\/#primaryimage"},"thumbnailUrl":"https:\/\/about.fb.com\/br\/wp-content\/uploads\/sites\/11\/2021\/05\/NRP_CSER_Banner_Final.jpg?fit=1024%2C576","keywords":["Relat\u00f3rio de Aplica\u00e7\u00e3o dos Padr\u00f5es da Comunidade"],"articleSection":["Combatendo Desinforma\u00e7\u00e3o","Dados e Privacidade","Facebook","Instagram","Recent News"],"inLanguage":"pt-BR"},{"@type":"WebPage","@id":"https:\/\/about.fb.com\/br\/news\/2021\/05\/relatorio-de-aplicacao-dos-padroes-da-comunidade-primeiro-trimestre-de-2021\/","url":"https:\/\/about.fb.com\/br\/news\/2021\/05\/relatorio-de-aplicacao-dos-padroes-da-comunidade-primeiro-trimestre-de-2021\/","name":"Relat\u00f3rio de Aplica\u00e7\u00e3o dos Padr\u00f5es da Comunidade, primeiro trimestre de 2021 | Sobre a Meta","isPartOf":{"@id":"https:\/\/about.fb.com\/br\/#website"},"primaryImageOfPage":{"@id":"https:\/\/about.fb.com\/br\/news\/2021\/05\/relatorio-de-aplicacao-dos-padroes-da-comunidade-primeiro-trimestre-de-2021\/#primaryimage"},"image":{"@id":"https:\/\/about.fb.com\/br\/news\/2021\/05\/relatorio-de-aplicacao-dos-padroes-da-comunidade-primeiro-trimestre-de-2021\/#primaryimage"},"thumbnailUrl":"https:\/\/about.fb.com\/br\/wp-content\/uploads\/sites\/11\/2021\/05\/NRP_CSER_Banner_Final.jpg?fit=1024%2C576","datePublished":"2021-05-19T17:42:03+00:00","dateModified":"2023-06-22T19:56:35+00:00","breadcrumb":{"@id":"https:\/\/about.fb.com\/br\/news\/2021\/05\/relatorio-de-aplicacao-dos-padroes-da-comunidade-primeiro-trimestre-de-2021\/#breadcrumb"},"inLanguage":"pt-BR","potentialAction":[{"@type":"ReadAction","target":["https:\/\/about.fb.com\/br\/news\/2021\/05\/relatorio-de-aplicacao-dos-padroes-da-comunidade-primeiro-trimestre-de-2021\/"]}],"author":"Sobre a Meta"},{"@type":"ImageObject","inLanguage":"pt-BR","@id":"https:\/\/about.fb.com\/br\/news\/2021\/05\/relatorio-de-aplicacao-dos-padroes-da-comunidade-primeiro-trimestre-de-2021\/#primaryimage","url":"https:\/\/about.fb.com\/br\/wp-content\/uploads\/sites\/11\/2021\/05\/NRP_CSER_Banner_Final.jpg?fit=1024%2C576","contentUrl":"https:\/\/about.fb.com\/br\/wp-content\/uploads\/sites\/11\/2021\/05\/NRP_CSER_Banner_Final.jpg?fit=1024%2C576","width":1024,"height":576},{"@type":"BreadcrumbList","@id":"https:\/\/about.fb.com\/br\/news\/2021\/05\/relatorio-de-aplicacao-dos-padroes-da-comunidade-primeiro-trimestre-de-2021\/#breadcrumb","itemListElement":[{"@type":"ListItem","position":1,"name":"Home","item":"https:\/\/about.fb.com\/br\/"},{"@type":"ListItem","position":2,"name":"Relat\u00f3rio de Aplica\u00e7\u00e3o dos Padr\u00f5es da Comunidade, primeiro trimestre de 2021"}]},{"@type":"WebSite","@id":"https:\/\/about.fb.com\/br\/#website","url":"https:\/\/about.fb.com\/news\/","name":"Sobre a Meta","description":"","publisher":{"@id":"https:\/\/about.fb.com\/br\/#organization"},"potentialAction":[{"@type":"SearchAction","target":{"@type":"EntryPoint","urlTemplate":"https:\/\/about.fb.com\/br\/?s={search_term_string}"},"query-input":{"@type":"PropertyValueSpecification","valueRequired":true,"valueName":"search_term_string"}}],"inLanguage":"pt-BR","alternateName":["Meta Newsroom","Meta"]},{"@type":"Organization","@id":"https:\/\/about.fb.com\/br\/#organization","name":"Meta","url":"https:\/\/about.fb.com\/br\/","logo":{"@type":"ImageObject","inLanguage":"pt-BR","@id":"https:\/\/about.fb.com\/br\/#\/schema\/logo\/image\/","url":"https:\/\/about.fb.com\/br\/wp-content\/uploads\/sites\/11\/2021\/10\/meta-social-16x9-1.jpg?fit=8000%2C4500","contentUrl":"https:\/\/about.fb.com\/br\/wp-content\/uploads\/sites\/11\/2021\/10\/meta-social-16x9-1.jpg?fit=8000%2C4500","width":8000,"height":4500,"caption":"Meta"},"image":{"@id":"https:\/\/about.fb.com\/br\/#\/schema\/logo\/image\/"}}]}},"jetpack-related-posts":[{"id":27142,"url":"https:\/\/about.fb.com\/br\/news\/2026\/05\/novo-controle-de-brand-safety-e-suitability-para-anuncios-no-threads\/","url_meta":{"origin":22705,"position":0},"title":"Novo controle de Brand Safety e Suitability para an\u00fancios no Threads","author":"Meta","date":"18\/05\/2026","format":false,"excerpt":"Destaques: A partir de hoje, estamos levando as listas de bloqueio de conte\u00fado de terceiros (third-party content block lists), que j\u00e1 estavam dispon\u00edveis no Feed e Reels do Facebook e Instagram, para o Feed do\u00a0Threads. Esse controle agora est\u00e1 dispon\u00edvel por meio de todos os nossos quatro parceiros existentes de\u00a0brand\u2026","rel":"","context":"In &quot;Recent News&quot;","block_context":{"text":"Recent News","link":"https:\/\/about.fb.com\/br\/news\/category\/recent-news\/"},"img":{"alt_text":"","src":"https:\/\/about.fb.com\/br\/wp-content\/uploads\/sites\/11\/2026\/05\/Threads.png?resize=350%2C200","width":350,"height":200,"srcset":"https:\/\/about.fb.com\/br\/wp-content\/uploads\/sites\/11\/2026\/05\/Threads.png?resize=350%2C200 1x, https:\/\/about.fb.com\/br\/wp-content\/uploads\/sites\/11\/2026\/05\/Threads.png?resize=525%2C300 1.5x, https:\/\/about.fb.com\/br\/wp-content\/uploads\/sites\/11\/2026\/05\/Threads.png?resize=700%2C400 2x, https:\/\/about.fb.com\/br\/wp-content\/uploads\/sites\/11\/2026\/05\/Threads.png?resize=1050%2C600 3x"},"classes":[]},{"id":27157,"url":"https:\/\/about.fb.com\/br\/news\/2026\/05\/apresentamos-instants-para-compartilhar-no-momento\/","url_meta":{"origin":22705,"position":1},"title":"Apresentamos Instants: para compartilhar no momento","author":"Meta","date":"14\/05\/2026","format":false,"excerpt":"Estamos animados em anunciar hoje uma nova forma de compartilhar no Instagram: Instants, um recurso e app independente que facilita compartilhar os momentos da vida com amigos \u00e0 medida que acontecem. Queremos que compartilhar o momento com seus amigos seja mais f\u00e1cil, por isso apresentamos Instants, uma nova forma de\u2026","rel":"","context":"In &quot;Instagram&quot;","block_context":{"text":"Instagram","link":"https:\/\/about.fb.com\/br\/news\/category\/technologies\/instagram\/"},"img":{"alt_text":"","src":"https:\/\/about.fb.com\/br\/wp-content\/uploads\/sites\/11\/2026\/05\/Instants_A-New-Way-to-Share-in-the-Moment_Header.gif?fit=960%2C540&resize=350%2C200","width":350,"height":200,"srcset":"https:\/\/about.fb.com\/br\/wp-content\/uploads\/sites\/11\/2026\/05\/Instants_A-New-Way-to-Share-in-the-Moment_Header.gif?fit=960%2C540&resize=350%2C200 1x, https:\/\/about.fb.com\/br\/wp-content\/uploads\/sites\/11\/2026\/05\/Instants_A-New-Way-to-Share-in-the-Moment_Header.gif?fit=960%2C540&resize=525%2C300 1.5x, https:\/\/about.fb.com\/br\/wp-content\/uploads\/sites\/11\/2026\/05\/Instants_A-New-Way-to-Share-in-the-Moment_Header.gif?fit=960%2C540&resize=700%2C400 2x"},"classes":[]},{"id":27443,"url":"https:\/\/about.fb.com\/br\/news\/2026\/08\/novos-recursos-do-meta-ai-para-pequenas-empresas\/","url_meta":{"origin":22705,"position":2},"title":"Novos recursos do Meta AI para pequenas empresas","author":"Meta","date":"19\/08\/2026","format":false,"excerpt":"Destaques Estamos lan\u00e7ando novos recursos do Meta AI projetados para ajudar pequenas empresas a realizarem mais e crescerem. O Meta AI agora pode se integrar \u00e0s m\u00e9tricas do Facebook e Instagram, ao Meta Ads e ao Google Workspace para extrair insights, auditar e otimizar campanhas, comparar sua empresa com marcas\u2026","rel":"","context":"In &quot;Recent News&quot;","block_context":{"text":"Recent News","link":"https:\/\/about.fb.com\/br\/news\/category\/recent-news\/"},"img":{"alt_text":"","src":"https:\/\/about.fb.com\/br\/wp-content\/uploads\/sites\/11\/2026\/08\/AI-to-Help-Growth.jpg?resize=350%2C200","width":350,"height":200,"srcset":"https:\/\/about.fb.com\/br\/wp-content\/uploads\/sites\/11\/2026\/08\/AI-to-Help-Growth.jpg?resize=350%2C200 1x, https:\/\/about.fb.com\/br\/wp-content\/uploads\/sites\/11\/2026\/08\/AI-to-Help-Growth.jpg?resize=525%2C300 1.5x, https:\/\/about.fb.com\/br\/wp-content\/uploads\/sites\/11\/2026\/08\/AI-to-Help-Growth.jpg?resize=700%2C400 2x"},"classes":[]},{"id":27268,"url":"https:\/\/about.fb.com\/br\/news\/2026\/06\/nosso-trabalho-para-as-eleicoes-de-2026-no-brasil\/","url_meta":{"origin":22705,"position":3},"title":"Nosso trabalho para proteger as elei\u00e7\u00f5es de 2026 no Brasil","author":"Meta","date":"08\/06\/2026","format":false,"excerpt":"Atualizado em 04 de setembro de 2026 Atualizamos o guia \"Combatendo a viol\u00eancia pol\u00edtica contra as mulheres\", lan\u00e7ado originalmente em 2022. A nova vers\u00e3o traz orienta\u00e7\u00f5es sobre as ferramentas de seguran\u00e7a e privacidade dispon\u00edveis, informa\u00e7\u00f5es revisadas sobre nossas pol\u00edticas de conduta de \u00f3dio, bullying e ass\u00e9dio e desinforma\u00e7\u00e3o, e uma\u2026","rel":"","context":"In &quot;Meta&quot;","block_context":{"text":"Meta","link":"https:\/\/about.fb.com\/br\/news\/category\/temas-home\/meta\/"},"img":{"alt_text":"","src":"https:\/\/about.fb.com\/br\/wp-content\/uploads\/sites\/11\/2026\/06\/Captura-de-tela-2026-07-06-124959.png?resize=350%2C200","width":350,"height":200},"classes":[]},{"id":27001,"url":"https:\/\/about.fb.com\/br\/news\/2026\/03\/combatendo-golpistas-e-protegendo-pessoas-com-novas-tecnologias-e-parcerias\/","url_meta":{"origin":22705,"position":4},"title":"Combatendo golpistas e protegendo pessoas com novas tecnologias e parcerias","author":"Meta","date":"11\/03\/2026","format":false,"excerpt":"Os golpistas est\u00e3o constantemente evoluindo suas t\u00e1ticas \u2014 e n\u00f3s tamb\u00e9m. Todos os dias, criminosos usam m\u00e9todos cada vez mais sofisticados para enganar pessoas em nossas plataformas e pela Internet. Por isso, estamos anunciando novos investimentos em IA avan\u00e7ada, ferramentas para ajudar as pessoas a identificarem e evitarem golpistas, al\u00e9m\u2026","rel":"","context":"In &quot;Combatendo Desinforma\u00e7\u00e3o&quot;","block_context":{"text":"Combatendo Desinforma\u00e7\u00e3o","link":"https:\/\/about.fb.com\/br\/news\/category\/temas-home\/combatendo-desinformacao\/"},"img":{"alt_text":"","src":"https:\/\/about.fb.com\/br\/wp-content\/uploads\/sites\/11\/2026\/03\/Scams.jpg?fit=819%2C460&resize=350%2C200","width":350,"height":200,"srcset":"https:\/\/about.fb.com\/br\/wp-content\/uploads\/sites\/11\/2026\/03\/Scams.jpg?fit=819%2C460&resize=350%2C200 1x, https:\/\/about.fb.com\/br\/wp-content\/uploads\/sites\/11\/2026\/03\/Scams.jpg?fit=819%2C460&resize=525%2C300 1.5x, https:\/\/about.fb.com\/br\/wp-content\/uploads\/sites\/11\/2026\/03\/Scams.jpg?fit=819%2C460&resize=700%2C400 2x"},"classes":[]},{"id":26997,"url":"https:\/\/about.fb.com\/br\/news\/2026\/03\/simplificando-a-mensuracao-de-anuncios-para-um-mundo-social-first\/","url_meta":{"origin":22705,"position":5},"title":"Simplificando a Mensura\u00e7\u00e3o de An\u00fancios para um Mundo Social-First","author":"Meta","date":"03\/03\/2026","format":false,"excerpt":"Ao mensurar o impacto dos seus an\u00fancios digitais, os anunciantes devem buscar responder \u00e0 pergunta: \"Quais resultados este an\u00fancio ou campanha gerou que n\u00e3o teriam acontecido de outra forma?\" Experimentos de incrementalidade, como o Conversion Lift da Meta, s\u00e3o a melhor maneira de abordar essa quest\u00e3o, e acreditamos que testes\u2026","rel":"","context":"In &quot;Recent News&quot;","block_context":{"text":"Recent News","link":"https:\/\/about.fb.com\/br\/news\/category\/recent-news\/"},"img":{"alt_text":"","src":"","width":0,"height":0},"classes":[]}],"jetpack_sharing_enabled":true,"amp_enabled":true,"jetpack_featured_media_url":"https:\/\/about.fb.com\/br\/wp-content\/uploads\/sites\/11\/2021\/05\/NRP_CSER_Banner_Final.jpg?fit=1024%2C576","_links":{"self":[{"href":"https:\/\/about.fb.com\/br\/wp-json\/wp\/v2\/posts\/22705","targetHints":{"allow":["GET"]}}],"collection":[{"href":"https:\/\/about.fb.com\/br\/wp-json\/wp\/v2\/posts"}],"about":[{"href":"https:\/\/about.fb.com\/br\/wp-json\/wp\/v2\/types\/post"}],"author":[{"embeddable":true,"href":"https:\/\/about.fb.com\/br\/wp-json\/wp\/v2\/users\/81109636"}],"replies":[{"embeddable":true,"href":"https:\/\/about.fb.com\/br\/wp-json\/wp\/v2\/comments?post=22705"}],"version-history":[{"count":6,"href":"https:\/\/about.fb.com\/br\/wp-json\/wp\/v2\/posts\/22705\/revisions"}],"predecessor-version":[{"id":24974,"href":"https:\/\/about.fb.com\/br\/wp-json\/wp\/v2\/posts\/22705\/revisions\/24974"}],"wp:featuredmedia":[{"embeddable":true,"href":"https:\/\/about.fb.com\/br\/wp-json\/wp\/v2\/media\/22707"}],"wp:attachment":[{"href":"https:\/\/about.fb.com\/br\/wp-json\/wp\/v2\/media?parent=22705"}],"wp:term":[{"taxonomy":"category","embeddable":true,"href":"https:\/\/about.fb.com\/br\/wp-json\/wp\/v2\/categories?post=22705"},{"taxonomy":"post_tag","embeddable":true,"href":"https:\/\/about.fb.com\/br\/wp-json\/wp\/v2\/tags?post=22705"}],"curies":[{"name":"wp","href":"https:\/\/api.w.org\/{rel}","templated":true}]}}