{"id":22654,"date":"2021-05-05T10:26:37","date_gmt":"2021-05-05T13:26:37","guid":{"rendered":"https:\/\/about.fb.com\/br\/?p=22654"},"modified":"2021-06-17T10:06:10","modified_gmt":"2021-06-17T13:06:10","slug":"comite-de-supervisao-mantem-decisao-do-facebook-de-suspender-contas-de-donald-trump","status":"publish","type":"post","link":"https:\/\/about.fb.com\/br\/news\/2021\/05\/comite-de-supervisao-mantem-decisao-do-facebook-de-suspender-contas-de-donald-trump\/","title":{"rendered":"Comit\u00ea de Supervis\u00e3o mant\u00e9m decis\u00e3o do Facebook de suspender contas de Donald Trump"},"content":{"rendered":"<p><i><span style=\"font-weight: 400\">Por Nick Clegg, vice-presidente de Assuntos Globais e Comunica\u00e7\u00e3o<\/span><\/i><\/p>\n<p><span style=\"font-weight: 400\">Hoje, o <\/span><a href=\"https:\/\/oversightboard.com\/news\/226612455899839-oversight-board-upholds-former-president-trump-s-suspension-finds-facebook-failed-to-impose-proper-penalty\/\"><span style=\"font-weight: 400\">Comit\u00ea de Supervis\u00e3o decidiu manter a decis\u00e3o do Facebook<\/span><\/a><span style=\"font-weight: 400\"> de suspender as contas do ex-presidente dos Estados Unidos, Donald Trump, no Facebook e no Instagram. <\/span><span style=\"font-weight: 400\">Como dissemos em janeiro<\/span><span style=\"font-weight: 400\">, <\/span><a href=\"https:\/\/about.fb.com\/br\/news\/2021\/01\/facebook-envia-suspensao-da-conta-do-ex-presidente-trump-ao-comite-de-supervisao\/\"><span style=\"font-weight: 400\">acreditamos que nossa decis\u00e3o foi necess\u00e1ria e correta<\/span><\/a><span style=\"font-weight: 400\"> e estamos satisfeitos que o comit\u00ea tenha reconhecido as circunst\u00e2ncias sem precedentes que justificaram nossa tomada de decis\u00e3o excepcional.\u00a0<\/span><\/p>\n<p><span style=\"font-weight: 400\">Contudo, embora o comit\u00ea n\u00e3o tenha exigido que o Facebook restaure imediatamente as contas de Trump, n\u00e3o especificou a dura\u00e7\u00e3o apropriada para essa penalidade. Em vez disso, o comit\u00ea criticou a natureza aberta da suspens\u00e3o, classificando-a de &#8220;penalidade indeterminada e despadronizada&#8221;, e insistiu que devemos revisar a nossa resposta. N\u00f3s vamos considerar a decis\u00e3o do comit\u00ea e determinar uma a\u00e7\u00e3o que seja clara e proporcional. Nesse \u00ednterim, as contas de Trump seguem suspensas.\u00a0<\/span><\/p>\n<p><span style=\"font-weight: 400\">O comit\u00ea tamb\u00e9m fez uma s\u00e9rie de recomenda\u00e7\u00f5es sobre como devemos melhorar nossas pol\u00edticas. Ainda que essas recomenda\u00e7\u00f5es n\u00e3o sejam vinculantes, n\u00f3s ativamente buscamos a orienta\u00e7\u00e3o e vis\u00e3o do comit\u00ea sobre nossas pol\u00edticas para figuras pol\u00edticas e vamos revis\u00e1-las cuidadosamente.\u00a0<\/span><\/p>\n<p><span style=\"font-weight: 400\">Agradecemos ao comit\u00ea pelo cuidado e aten\u00e7\u00e3o desprendidas ao caso.<\/span><\/p>\n","protected":false},"excerpt":{"rendered":"Por Nick Clegg, vice-presidente de Assuntos Globais e Comunica\u00e7\u00e3o Hoje, o Comit\u00ea de Supervis\u00e3o decidiu manter a decis\u00e3o do Facebook de suspender as contas do ex-presidente dos Estados Unidos, Donald Trump, no Facebook e no Instagram. Como dissemos em janeiro, acreditamos que nossa decis\u00e3o foi necess\u00e1ria e correta e estamos satisfeitos que o comit\u00ea tenha reconhecido as circunst\u00e2ncias sem precedentes que justificaram nossa tomada de decis\u00e3o excepcional.\u00a0 Contudo, embora o comit\u00ea n\u00e3o tenha exigido que o Facebook restaure imediatamente as contas de Trump, n\u00e3o especificou a dura\u00e7\u00e3o apropriada para essa penalidade. Em vez disso, o comit\u00ea criticou a natureza aberta da suspens\u00e3o, classificando-a de &#8220;penalidade indeterminada e despadronizada&#8221;, e insistiu que devemos revisar a nossa resposta. N\u00f3s vamos considerar a decis\u00e3o do comit\u00ea e determinar uma a\u00e7\u00e3o que seja clara e proporcional. Nesse \u00ednterim, as contas de Trump seguem suspensas.\u00a0 O comit\u00ea tamb\u00e9m fez uma s\u00e9rie de recomenda\u00e7\u00f5es sobre como devemos melhorar nossas pol\u00edticas. Ainda que essas recomenda\u00e7\u00f5es n\u00e3o sejam vinculantes, n\u00f3s ativamente buscamos a orienta\u00e7\u00e3o e vis\u00e3o do comit\u00ea sobre nossas pol\u00edticas para figuras pol\u00edticas e vamos revis\u00e1-las cuidadosamente.\u00a0 Agradecemos ao comit\u00ea pelo cuidado e aten\u00e7\u00e3o desprendidas ao caso.","protected":false},"author":123719055,"featured_media":0,"comment_status":"closed","ping_status":"closed","sticky":false,"template":"","format":"standard","meta":{"_jetpack_memberships_contains_paid_content":false,"footnotes":""},"categories":[396542131,1],"tags":[],"class_list":["post-22654","post","type-post","status-publish","format-standard","hentry","category-o-comite-de-supervisao","category-recent-news"],"yoast_head":"<!-- This site is optimized with the Yoast SEO plugin v27.2 - https:\/\/yoast.com\/product\/yoast-seo-wordpress\/ -->\n<title>Comit\u00ea de Supervis\u00e3o mant\u00e9m decis\u00e3o do Facebook de suspender contas de Donald Trump | Sobre a Meta<\/title>\n<meta name=\"robots\" content=\"index, follow, max-snippet:-1, max-image-preview:large, max-video-preview:-1\" \/>\n<link rel=\"canonical\" href=\"https:\/\/about.fb.com\/br\/news\/2021\/05\/comite-de-supervisao-mantem-decisao-do-facebook-de-suspender-contas-de-donald-trump\/\" \/>\n<meta property=\"og:locale\" content=\"pt_BR\" \/>\n<meta property=\"og:type\" content=\"article\" \/>\n<meta property=\"og:title\" content=\"Comit\u00ea de Supervis\u00e3o mant\u00e9m decis\u00e3o do Facebook de suspender contas de Donald Trump | Sobre a Meta\" \/>\n<meta property=\"og:description\" content=\"Por Nick Clegg, vice-presidente de Assuntos Globais e Comunica\u00e7\u00e3o Hoje, o Comit\u00ea de Supervis\u00e3o decidiu manter a decis\u00e3o do Facebook de suspender as contas do ex-presidente dos Estados Unidos, Donald Trump, no Facebook e no Instagram. Como dissemos em janeiro, acreditamos que nossa decis\u00e3o foi necess\u00e1ria e correta e estamos satisfeitos que o comit\u00ea tenha reconhecido as circunst\u00e2ncias sem precedentes que justificaram nossa tomada de decis\u00e3o excepcional.\u00a0 Contudo, embora o comit\u00ea n\u00e3o tenha exigido que o Facebook restaure imediatamente as contas de Trump, n\u00e3o especificou a dura\u00e7\u00e3o apropriada para essa penalidade. Em vez disso, o comit\u00ea criticou a natureza aberta da suspens\u00e3o, classificando-a de &#8220;penalidade indeterminada e despadronizada&#8221;, e insistiu que devemos revisar a nossa resposta. N\u00f3s vamos considerar a decis\u00e3o do comit\u00ea e determinar uma a\u00e7\u00e3o que seja clara e proporcional. Nesse \u00ednterim, as contas de Trump seguem suspensas.\u00a0 O comit\u00ea tamb\u00e9m fez uma s\u00e9rie de recomenda\u00e7\u00f5es sobre como devemos melhorar nossas pol\u00edticas. Ainda que essas recomenda\u00e7\u00f5es n\u00e3o sejam vinculantes, n\u00f3s ativamente buscamos a orienta\u00e7\u00e3o e vis\u00e3o do comit\u00ea sobre nossas pol\u00edticas para figuras pol\u00edticas e vamos revis\u00e1-las cuidadosamente.\u00a0 Agradecemos ao comit\u00ea pelo cuidado e aten\u00e7\u00e3o desprendidas ao caso.\" \/>\n<meta property=\"og:url\" content=\"https:\/\/about.fb.com\/br\/news\/2021\/05\/comite-de-supervisao-mantem-decisao-do-facebook-de-suspender-contas-de-donald-trump\/\" \/>\n<meta property=\"og:site_name\" content=\"Sobre a Meta\" \/>\n<meta property=\"article:published_time\" content=\"2021-05-05T13:26:37+00:00\" \/>\n<meta property=\"article:modified_time\" content=\"2021-06-17T13:06:10+00:00\" \/>\n<meta property=\"og:image\" content=\"https:\/\/about.fb.com\/br\/wp-content\/uploads\/sites\/11\/2021\/10\/meta-social-16x9-1.jpg?resize=1024,576\" \/>\n\t<meta property=\"og:image:width\" content=\"1024\" \/>\n\t<meta property=\"og:image:height\" content=\"576\" \/>\n\t<meta property=\"og:image:type\" content=\"image\/jpeg\" \/>\n<meta name=\"author\" content=\"cesarbianconi\" \/>\n<meta name=\"twitter:card\" content=\"summary_large_image\" \/>\n<meta name=\"twitter:label1\" content=\"Written by\" \/>\n\t<meta name=\"twitter:data1\" content=\"Meta\" \/>\n\t<meta name=\"twitter:label2\" content=\"Est. reading time\" \/>\n\t<meta name=\"twitter:data2\" content=\"1 minuto\" \/>\n<script type=\"application\/ld+json\" class=\"yoast-schema-graph\">{\"@context\":\"https:\/\/schema.org\",\"@graph\":[{\"@type\":\"Article\",\"@id\":\"https:\/\/about.fb.com\/br\/news\/2021\/05\/comite-de-supervisao-mantem-decisao-do-facebook-de-suspender-contas-de-donald-trump\/#article\",\"isPartOf\":{\"@id\":\"https:\/\/about.fb.com\/br\/news\/2021\/05\/comite-de-supervisao-mantem-decisao-do-facebook-de-suspender-contas-de-donald-trump\/\"},\"author\":\"Facebook company\",\"headline\":\"Comit\u00ea de Supervis\u00e3o mant\u00e9m decis\u00e3o do Facebook de suspender contas de Donald Trump\",\"datePublished\":\"2021-05-05T13:26:37+00:00\",\"dateModified\":\"2021-06-17T13:06:10+00:00\",\"mainEntityOfPage\":{\"@id\":\"https:\/\/about.fb.com\/br\/news\/2021\/05\/comite-de-supervisao-mantem-decisao-do-facebook-de-suspender-contas-de-donald-trump\/\"},\"wordCount\":233,\"publisher\":{\"@id\":\"https:\/\/about.fb.com\/br\/#organization\"},\"articleSection\":[\"O Comit\u00ea de Supervis\u00e3o\",\"Recent News\"],\"inLanguage\":\"pt-BR\"},{\"@type\":\"WebPage\",\"@id\":\"https:\/\/about.fb.com\/br\/news\/2021\/05\/comite-de-supervisao-mantem-decisao-do-facebook-de-suspender-contas-de-donald-trump\/\",\"url\":\"https:\/\/about.fb.com\/br\/news\/2021\/05\/comite-de-supervisao-mantem-decisao-do-facebook-de-suspender-contas-de-donald-trump\/\",\"name\":\"Comit\u00ea de Supervis\u00e3o mant\u00e9m decis\u00e3o do Facebook de suspender contas de Donald Trump | Sobre a Meta\",\"isPartOf\":{\"@id\":\"https:\/\/about.fb.com\/br\/#website\"},\"datePublished\":\"2021-05-05T13:26:37+00:00\",\"dateModified\":\"2021-06-17T13:06:10+00:00\",\"breadcrumb\":{\"@id\":\"https:\/\/about.fb.com\/br\/news\/2021\/05\/comite-de-supervisao-mantem-decisao-do-facebook-de-suspender-contas-de-donald-trump\/#breadcrumb\"},\"inLanguage\":\"pt-BR\",\"potentialAction\":[{\"@type\":\"ReadAction\",\"target\":[\"https:\/\/about.fb.com\/br\/news\/2021\/05\/comite-de-supervisao-mantem-decisao-do-facebook-de-suspender-contas-de-donald-trump\/\"]}],\"author\":\"Sobre a Meta\"},{\"@type\":\"BreadcrumbList\",\"@id\":\"https:\/\/about.fb.com\/br\/news\/2021\/05\/comite-de-supervisao-mantem-decisao-do-facebook-de-suspender-contas-de-donald-trump\/#breadcrumb\",\"itemListElement\":[{\"@type\":\"ListItem\",\"position\":1,\"name\":\"Home\",\"item\":\"https:\/\/about.fb.com\/br\/\"},{\"@type\":\"ListItem\",\"position\":2,\"name\":\"Comit\u00ea de Supervis\u00e3o mant\u00e9m decis\u00e3o do Facebook de suspender contas de Donald Trump\"}]},{\"@type\":\"WebSite\",\"@id\":\"https:\/\/about.fb.com\/br\/#website\",\"url\":\"https:\/\/about.fb.com\/news\/\",\"name\":\"Sobre a Meta\",\"description\":\"\",\"publisher\":{\"@id\":\"https:\/\/about.fb.com\/br\/#organization\"},\"potentialAction\":[{\"@type\":\"SearchAction\",\"target\":{\"@type\":\"EntryPoint\",\"urlTemplate\":\"https:\/\/about.fb.com\/br\/?s={search_term_string}\"},\"query-input\":{\"@type\":\"PropertyValueSpecification\",\"valueRequired\":true,\"valueName\":\"search_term_string\"}}],\"inLanguage\":\"pt-BR\",\"alternateName\":[\"Meta Newsroom\",\"Meta\"]},{\"@type\":\"Organization\",\"@id\":\"https:\/\/about.fb.com\/br\/#organization\",\"name\":\"Meta\",\"url\":\"https:\/\/about.fb.com\/br\/\",\"logo\":{\"@type\":\"ImageObject\",\"inLanguage\":\"pt-BR\",\"@id\":\"https:\/\/about.fb.com\/br\/#\/schema\/logo\/image\/\",\"url\":\"https:\/\/about.fb.com\/br\/wp-content\/uploads\/sites\/11\/2021\/10\/meta-social-16x9-1.jpg?fit=8000%2C4500\",\"contentUrl\":\"https:\/\/about.fb.com\/br\/wp-content\/uploads\/sites\/11\/2021\/10\/meta-social-16x9-1.jpg?fit=8000%2C4500\",\"width\":8000,\"height\":4500,\"caption\":\"Meta\"},\"image\":{\"@id\":\"https:\/\/about.fb.com\/br\/#\/schema\/logo\/image\/\"}}]}<\/script>\n<!-- \/ Yoast SEO plugin. -->","yoast_head_json":{"title":"Comit\u00ea de Supervis\u00e3o mant\u00e9m decis\u00e3o do Facebook de suspender contas de Donald Trump | Sobre a Meta","robots":{"index":"index","follow":"follow","max-snippet":"max-snippet:-1","max-image-preview":"max-image-preview:large","max-video-preview":"max-video-preview:-1"},"canonical":"https:\/\/about.fb.com\/br\/news\/2021\/05\/comite-de-supervisao-mantem-decisao-do-facebook-de-suspender-contas-de-donald-trump\/","og_locale":"pt_BR","og_type":"article","og_title":"Comit\u00ea de Supervis\u00e3o mant\u00e9m decis\u00e3o do Facebook de suspender contas de Donald Trump | Sobre a Meta","og_description":"Por Nick Clegg, vice-presidente de Assuntos Globais e Comunica\u00e7\u00e3o Hoje, o Comit\u00ea de Supervis\u00e3o decidiu manter a decis\u00e3o do Facebook de suspender as contas do ex-presidente dos Estados Unidos, Donald Trump, no Facebook e no Instagram. Como dissemos em janeiro, acreditamos que nossa decis\u00e3o foi necess\u00e1ria e correta e estamos satisfeitos que o comit\u00ea tenha reconhecido as circunst\u00e2ncias sem precedentes que justificaram nossa tomada de decis\u00e3o excepcional.\u00a0 Contudo, embora o comit\u00ea n\u00e3o tenha exigido que o Facebook restaure imediatamente as contas de Trump, n\u00e3o especificou a dura\u00e7\u00e3o apropriada para essa penalidade. Em vez disso, o comit\u00ea criticou a natureza aberta da suspens\u00e3o, classificando-a de &#8220;penalidade indeterminada e despadronizada&#8221;, e insistiu que devemos revisar a nossa resposta. N\u00f3s vamos considerar a decis\u00e3o do comit\u00ea e determinar uma a\u00e7\u00e3o que seja clara e proporcional. Nesse \u00ednterim, as contas de Trump seguem suspensas.\u00a0 O comit\u00ea tamb\u00e9m fez uma s\u00e9rie de recomenda\u00e7\u00f5es sobre como devemos melhorar nossas pol\u00edticas. Ainda que essas recomenda\u00e7\u00f5es n\u00e3o sejam vinculantes, n\u00f3s ativamente buscamos a orienta\u00e7\u00e3o e vis\u00e3o do comit\u00ea sobre nossas pol\u00edticas para figuras pol\u00edticas e vamos revis\u00e1-las cuidadosamente.\u00a0 Agradecemos ao comit\u00ea pelo cuidado e aten\u00e7\u00e3o desprendidas ao caso.","og_url":"https:\/\/about.fb.com\/br\/news\/2021\/05\/comite-de-supervisao-mantem-decisao-do-facebook-de-suspender-contas-de-donald-trump\/","og_site_name":"Sobre a Meta","article_published_time":"2021-05-05T13:26:37+00:00","article_modified_time":"2021-06-17T13:06:10+00:00","og_image":[{"width":1024,"height":576,"url":"https:\/\/about.fb.com\/br\/wp-content\/uploads\/sites\/11\/2021\/10\/meta-social-16x9-1.jpg?resize=1024,576","type":"image\/jpeg"}],"author":"cesarbianconi","twitter_card":"summary_large_image","twitter_misc":{"Written by":"Meta","Est. reading time":"1 minuto"},"schema":{"@context":"https:\/\/schema.org","@graph":[{"@type":"Article","@id":"https:\/\/about.fb.com\/br\/news\/2021\/05\/comite-de-supervisao-mantem-decisao-do-facebook-de-suspender-contas-de-donald-trump\/#article","isPartOf":{"@id":"https:\/\/about.fb.com\/br\/news\/2021\/05\/comite-de-supervisao-mantem-decisao-do-facebook-de-suspender-contas-de-donald-trump\/"},"author":"Facebook company","headline":"Comit\u00ea de Supervis\u00e3o mant\u00e9m decis\u00e3o do Facebook de suspender contas de Donald Trump","datePublished":"2021-05-05T13:26:37+00:00","dateModified":"2021-06-17T13:06:10+00:00","mainEntityOfPage":{"@id":"https:\/\/about.fb.com\/br\/news\/2021\/05\/comite-de-supervisao-mantem-decisao-do-facebook-de-suspender-contas-de-donald-trump\/"},"wordCount":233,"publisher":{"@id":"https:\/\/about.fb.com\/br\/#organization"},"articleSection":["O Comit\u00ea de Supervis\u00e3o","Recent News"],"inLanguage":"pt-BR"},{"@type":"WebPage","@id":"https:\/\/about.fb.com\/br\/news\/2021\/05\/comite-de-supervisao-mantem-decisao-do-facebook-de-suspender-contas-de-donald-trump\/","url":"https:\/\/about.fb.com\/br\/news\/2021\/05\/comite-de-supervisao-mantem-decisao-do-facebook-de-suspender-contas-de-donald-trump\/","name":"Comit\u00ea de Supervis\u00e3o mant\u00e9m decis\u00e3o do Facebook de suspender contas de Donald Trump | Sobre a Meta","isPartOf":{"@id":"https:\/\/about.fb.com\/br\/#website"},"datePublished":"2021-05-05T13:26:37+00:00","dateModified":"2021-06-17T13:06:10+00:00","breadcrumb":{"@id":"https:\/\/about.fb.com\/br\/news\/2021\/05\/comite-de-supervisao-mantem-decisao-do-facebook-de-suspender-contas-de-donald-trump\/#breadcrumb"},"inLanguage":"pt-BR","potentialAction":[{"@type":"ReadAction","target":["https:\/\/about.fb.com\/br\/news\/2021\/05\/comite-de-supervisao-mantem-decisao-do-facebook-de-suspender-contas-de-donald-trump\/"]}],"author":"Sobre a Meta"},{"@type":"BreadcrumbList","@id":"https:\/\/about.fb.com\/br\/news\/2021\/05\/comite-de-supervisao-mantem-decisao-do-facebook-de-suspender-contas-de-donald-trump\/#breadcrumb","itemListElement":[{"@type":"ListItem","position":1,"name":"Home","item":"https:\/\/about.fb.com\/br\/"},{"@type":"ListItem","position":2,"name":"Comit\u00ea de Supervis\u00e3o mant\u00e9m decis\u00e3o do Facebook de suspender contas de Donald Trump"}]},{"@type":"WebSite","@id":"https:\/\/about.fb.com\/br\/#website","url":"https:\/\/about.fb.com\/news\/","name":"Sobre a Meta","description":"","publisher":{"@id":"https:\/\/about.fb.com\/br\/#organization"},"potentialAction":[{"@type":"SearchAction","target":{"@type":"EntryPoint","urlTemplate":"https:\/\/about.fb.com\/br\/?s={search_term_string}"},"query-input":{"@type":"PropertyValueSpecification","valueRequired":true,"valueName":"search_term_string"}}],"inLanguage":"pt-BR","alternateName":["Meta Newsroom","Meta"]},{"@type":"Organization","@id":"https:\/\/about.fb.com\/br\/#organization","name":"Meta","url":"https:\/\/about.fb.com\/br\/","logo":{"@type":"ImageObject","inLanguage":"pt-BR","@id":"https:\/\/about.fb.com\/br\/#\/schema\/logo\/image\/","url":"https:\/\/about.fb.com\/br\/wp-content\/uploads\/sites\/11\/2021\/10\/meta-social-16x9-1.jpg?fit=8000%2C4500","contentUrl":"https:\/\/about.fb.com\/br\/wp-content\/uploads\/sites\/11\/2021\/10\/meta-social-16x9-1.jpg?fit=8000%2C4500","width":8000,"height":4500,"caption":"Meta"},"image":{"@id":"https:\/\/about.fb.com\/br\/#\/schema\/logo\/image\/"}}]}},"jetpack_featured_media_url":"","jetpack-related-posts":[{"id":27019,"url":"https:\/\/about.fb.com\/br\/news\/2026\/03\/nossas-medidas-para-dar-apoio-as-familias-no-brasil\/","url_meta":{"origin":22654,"position":0},"title":"Nossas medidas para dar apoio \u00e0s fam\u00edlias no Brasil","author":"Meta","date":"17\/03\/2026","format":false,"excerpt":"O Estatuto Digital da Crian\u00e7a e do Adolescente (ECA Digital) entra em vigor hoje (17) no Brasil. Como parte do nosso trabalho para cumprir a lei, estamos implementando recursos adicionais \u00e0s prote\u00e7\u00f5es j\u00e1 existentes nas Contas de Adolescentes para dar aos pais mais formas de supervisionar o uso que seus\u2026","rel":"","context":"In &quot;Recent News&quot;","block_context":{"text":"Recent News","link":"https:\/\/about.fb.com\/br\/news\/category\/recent-news\/"},"img":{"alt_text":"","src":"","width":0,"height":0},"classes":[]},{"id":26491,"url":"https:\/\/about.fb.com\/br\/news\/2025\/06\/tela-consciente-em-brasilia-caminhos-para-facilitar-a-supervisao-parental-online-de-adolescentes\/","url_meta":{"origin":22654,"position":1},"title":"Tela Consciente em Bras\u00edlia: caminhos para facilitar a supervis\u00e3o parental online de adolescentes","author":"Meta","date":"17\/06\/2025","format":false,"excerpt":"Em 12 de junho, a Meta reuniu em Bras\u00edlia autoridades, executivos de empresas e representantes da academia e sociedade civil para a segunda edi\u00e7\u00e3o do Tela Consciente, um debate sobre como apoiar as fam\u00edlias no uso consciente das plataformas digitais por adolescentes. O evento teve como foco os desafios e\u2026","rel":"","context":"In &quot;Recent News&quot;","block_context":{"text":"Recent News","link":"https:\/\/about.fb.com\/br\/news\/category\/recent-news\/"},"img":{"alt_text":"","src":"https:\/\/about.fb.com\/br\/wp-content\/uploads\/sites\/11\/2025\/06\/@leannabdon-1.jpg?fit=4500%2C3000&resize=350%2C200","width":350,"height":200,"srcset":"https:\/\/about.fb.com\/br\/wp-content\/uploads\/sites\/11\/2025\/06\/@leannabdon-1.jpg?fit=4500%2C3000&resize=350%2C200 1x, https:\/\/about.fb.com\/br\/wp-content\/uploads\/sites\/11\/2025\/06\/@leannabdon-1.jpg?fit=4500%2C3000&resize=525%2C300 1.5x, https:\/\/about.fb.com\/br\/wp-content\/uploads\/sites\/11\/2025\/06\/@leannabdon-1.jpg?fit=4500%2C3000&resize=700%2C400 2x, https:\/\/about.fb.com\/br\/wp-content\/uploads\/sites\/11\/2025\/06\/@leannabdon-1.jpg?fit=4500%2C3000&resize=1050%2C600 3x, https:\/\/about.fb.com\/br\/wp-content\/uploads\/sites\/11\/2025\/06\/@leannabdon-1.jpg?fit=4500%2C3000&resize=1400%2C800 4x"},"classes":[]},{"id":26838,"url":"https:\/\/about.fb.com\/br\/news\/2025\/12\/facilitando-o-acesso-ao-suporte-de-conta-no-facebook-e-instagram\/","url_meta":{"origin":22654,"position":2},"title":"Facilitando o acesso ao suporte de conta no Facebook e Instagram","author":"Meta","date":"04\/12\/2025","format":false,"excerpt":"\u00a0 Destaque Estamos tornando mais f\u00e1cil\u00a0 o acesso ao\u00a0 nosso\u00a0 suporte de conta 24 horas no Facebook e Instagram,com novas ferramentas,\u00a0 incluindo\u00a0 um hub de suporte centralizado. No \u00faltimo ano, novos casos de invas\u00e3o de contas diminu\u00edram mais de 30% globalmente no Facebook e Instagram, e a recupera\u00e7\u00e3o de contas\u2026","rel":"","context":"In &quot;Feed - Categorias&quot;","block_context":{"text":"Feed - Categorias","link":"https:\/\/about.fb.com\/br\/news\/category\/technologies\/"},"img":{"alt_text":"","src":"https:\/\/about.fb.com\/br\/wp-content\/uploads\/sites\/11\/2025\/12\/01_Support-Hubsmall-entry_Carousel-01.gif?resize=350%2C200","width":350,"height":200,"srcset":"https:\/\/about.fb.com\/br\/wp-content\/uploads\/sites\/11\/2025\/12\/01_Support-Hubsmall-entry_Carousel-01.gif?resize=350%2C200 1x, https:\/\/about.fb.com\/br\/wp-content\/uploads\/sites\/11\/2025\/12\/01_Support-Hubsmall-entry_Carousel-01.gif?resize=525%2C300 1.5x, https:\/\/about.fb.com\/br\/wp-content\/uploads\/sites\/11\/2025\/12\/01_Support-Hubsmall-entry_Carousel-01.gif?resize=700%2C400 2x"},"classes":[]},{"id":27097,"url":"https:\/\/about.fb.com\/br\/news\/2026\/04\/ajudando-pais-a-entender-as-conversas-que-seus-adolescentes-estao-tendo-com-ia\/","url_meta":{"origin":22654,"position":3},"title":"Ajudando pais a entender as conversas que seus adolescentes est\u00e3o tendo com IA","author":"Meta","date":"23\/04\/2026","format":false,"excerpt":"Em outubro do ano passado, anunciamos que est\u00e1vamos desenvolvendo novas formas de apoiar os pais na miss\u00e3o de acompanhar e orientar seus filhos adolescentes no universo da Intelig\u00eancia Artificial. Isso inclui fornecer aos pais informa\u00e7\u00f5es sobre os t\u00f3picos a respeito dos quais seus adolescentes t\u00eam interagido com o assistente de\u2026","rel":"","context":"In &quot;Facebook&quot;","block_context":{"text":"Facebook","link":"https:\/\/about.fb.com\/br\/news\/category\/technologies\/facebook\/"},"img":{"alt_text":"","src":"https:\/\/about.fb.com\/br\/wp-content\/uploads\/sites\/11\/2026\/04\/AI-Youth-Saftey_Header.jpg?fit=1920%2C1080&resize=350%2C200","width":350,"height":200,"srcset":"https:\/\/about.fb.com\/br\/wp-content\/uploads\/sites\/11\/2026\/04\/AI-Youth-Saftey_Header.jpg?fit=1920%2C1080&resize=350%2C200 1x, https:\/\/about.fb.com\/br\/wp-content\/uploads\/sites\/11\/2026\/04\/AI-Youth-Saftey_Header.jpg?fit=1920%2C1080&resize=525%2C300 1.5x, https:\/\/about.fb.com\/br\/wp-content\/uploads\/sites\/11\/2026\/04\/AI-Youth-Saftey_Header.jpg?fit=1920%2C1080&resize=700%2C400 2x, https:\/\/about.fb.com\/br\/wp-content\/uploads\/sites\/11\/2026\/04\/AI-Youth-Saftey_Header.jpg?fit=1920%2C1080&resize=1050%2C600 3x, https:\/\/about.fb.com\/br\/wp-content\/uploads\/sites\/11\/2026\/04\/AI-Youth-Saftey_Header.jpg?fit=1920%2C1080&resize=1400%2C800 4x"},"classes":[]},{"id":27104,"url":"https:\/\/about.fb.com\/br\/news\/2026\/04\/conta-meta-a-maneira-mais-simples-de-acessar-seus-apps-e-dispositivos\/","url_meta":{"origin":22654,"position":4},"title":"Conta Meta: a maneira mais simples de acessar seus apps e dispositivos","author":"Meta","date":"23\/04\/2026","format":false,"excerpt":"Mais pessoas do que nunca est\u00e3o usando as tecnologias da Meta, e nos \u00faltimos anos criamos novos apps e dispositivos que se tornaram parte da forma como as pessoas se conectam \u2014 do Threads \u00e0 Meta AI e aos \u00f3culos com IA. Com tantas maneiras de criar, aprender e se\u2026","rel":"","context":"In &quot;Meta&quot;","block_context":{"text":"Meta","link":"https:\/\/about.fb.com\/br\/news\/category\/temas-home\/meta\/"},"img":{"alt_text":"","src":"https:\/\/about.fb.com\/br\/wp-content\/uploads\/sites\/11\/2026\/04\/02_A-Central-Place-for-Settings_Carousel-01.jpg?resize=350%2C200","width":350,"height":200,"srcset":"https:\/\/about.fb.com\/br\/wp-content\/uploads\/sites\/11\/2026\/04\/02_A-Central-Place-for-Settings_Carousel-01.jpg?resize=350%2C200 1x, https:\/\/about.fb.com\/br\/wp-content\/uploads\/sites\/11\/2026\/04\/02_A-Central-Place-for-Settings_Carousel-01.jpg?resize=525%2C300 1.5x, https:\/\/about.fb.com\/br\/wp-content\/uploads\/sites\/11\/2026\/04\/02_A-Central-Place-for-Settings_Carousel-01.jpg?resize=700%2C400 2x, https:\/\/about.fb.com\/br\/wp-content\/uploads\/sites\/11\/2026\/04\/02_A-Central-Place-for-Settings_Carousel-01.jpg?resize=1050%2C600 3x, https:\/\/about.fb.com\/br\/wp-content\/uploads\/sites\/11\/2026\/04\/02_A-Central-Place-for-Settings_Carousel-01.jpg?resize=1400%2C800 4x"},"classes":[]},{"id":26750,"url":"https:\/\/about.fb.com\/br\/news\/2025\/10\/empoderando-os-pais-e-protegendo-os-adolescentes-a-abordagem-da-meta-para-a-seguranca-de-ia\/","url_meta":{"origin":22654,"position":5},"title":"Empoderando os Pais e Protegendo os Adolescentes: A Abordagem da Meta para a Seguran\u00e7a de IA","author":"Meta","date":"17\/10\/2025","format":false,"excerpt":"Atualizado em 23 de janeiro de 2026, \u00e0s 14h (BRT): Em outubro, compartilhamos que estamos desenvolvendo novas ferramentas para dar aos pais mais visibilidade sobre como seus filhos adolescentes usam IA, al\u00e9m de mais controle sobre os personagens de IA com os quais eles podem interagir. Desde ent\u00e3o, come\u00e7amos a\u2026","rel":"","context":"In &quot;Fortalecendo Comunidades&quot;","block_context":{"text":"Fortalecendo Comunidades","link":"https:\/\/about.fb.com\/br\/news\/category\/temas-home\/comunidades\/"},"img":{"alt_text":"","src":"","width":0,"height":0},"classes":[]}],"jetpack_sharing_enabled":true,"amp_enabled":true,"_links":{"self":[{"href":"https:\/\/about.fb.com\/br\/wp-json\/wp\/v2\/posts\/22654","targetHints":{"allow":["GET"]}}],"collection":[{"href":"https:\/\/about.fb.com\/br\/wp-json\/wp\/v2\/posts"}],"about":[{"href":"https:\/\/about.fb.com\/br\/wp-json\/wp\/v2\/types\/post"}],"author":[{"embeddable":true,"href":"https:\/\/about.fb.com\/br\/wp-json\/wp\/v2\/users\/123719055"}],"replies":[{"embeddable":true,"href":"https:\/\/about.fb.com\/br\/wp-json\/wp\/v2\/comments?post=22654"}],"version-history":[{"count":1,"href":"https:\/\/about.fb.com\/br\/wp-json\/wp\/v2\/posts\/22654\/revisions"}],"predecessor-version":[{"id":22655,"href":"https:\/\/about.fb.com\/br\/wp-json\/wp\/v2\/posts\/22654\/revisions\/22655"}],"wp:attachment":[{"href":"https:\/\/about.fb.com\/br\/wp-json\/wp\/v2\/media?parent=22654"}],"wp:term":[{"taxonomy":"category","embeddable":true,"href":"https:\/\/about.fb.com\/br\/wp-json\/wp\/v2\/categories?post=22654"},{"taxonomy":"post_tag","embeddable":true,"href":"https:\/\/about.fb.com\/br\/wp-json\/wp\/v2\/tags?post=22654"}],"curies":[{"name":"wp","href":"https:\/\/api.w.org\/{rel}","templated":true}]}}