{"id":22552,"date":"2021-04-06T20:29:04","date_gmt":"2021-04-06T23:29:04","guid":{"rendered":"https:\/\/about.fb.com\/br\/?p=22552"},"modified":"2021-07-01T17:35:16","modified_gmt":"2021-07-01T20:35:16","slug":"entenda-os-fatos-por-tras-da-noticia-sobre-dados-do-facebook","status":"publish","type":"post","link":"https:\/\/about.fb.com\/br\/news\/2021\/04\/entenda-os-fatos-por-tras-da-noticia-sobre-dados-do-facebook\/","title":{"rendered":"Entenda os fatos por tr\u00e1s da not\u00edcia sobre dados do Facebook"},"content":{"rendered":"<p>Por <span style=\"font-weight: 400\">Mike Clark, diretor de Gest\u00e3o de Produto<\/span><\/p>\n<p><span style=\"font-weight: 400\">No dia 3 de abril, o Business Insider publicou uma reportagem dizendo que as informa\u00e7\u00f5es de mais de 530 milh\u00f5es de usu\u00e1rios do Facebook foram disponibilizadas publicamente em um banco de dados n\u00e3o seguro. N\u00f3s temos equipes dedicadas a resolver esses tipos de problemas e entendemos o impacto que podem ter nas pessoas que usam nossos servi\u00e7os. \u00c9 importante entender que os agentes mal-intencionados obtiveram esses dados n\u00e3o por meio de <\/span><i><span style=\"font-weight: 400\">hacking<\/span><\/i><span style=\"font-weight: 400\"> em nossos sistemas, mas atrav\u00e9s da raspagem desses dados em nossa plataforma antes de setembro de 2019.<\/span><\/p>\n<p><span style=\"font-weight: 400\">A raspagem \u00e9 uma t\u00e1tica comum, que geralmente depende de um software automatizado para se obter informa\u00e7\u00f5es p\u00fablicas da internet que podem acabar distribu\u00eddas em f\u00f3runs online, como foi o caso. Os m\u00e9todos usados para obter esse conjunto de dados foram <\/span><a href=\"https:\/\/www.cnet.com\/news\/facebook-user-phone-numbers-still-online\/\"><span style=\"font-weight: 400\">relatados anteriormente em 2019<\/span><\/a><span style=\"font-weight: 400\">.\u00a0<\/span><\/p>\n<p><span style=\"font-weight: 400\">Esse \u00e9 outro exemplo de como \u00e9 adverso o relacionamento entre empresas de tecnologia e os fraudadores que violam intencionalmente as pol\u00edticas das plataformas para raspar servi\u00e7os da internet. Como resultado da a\u00e7\u00e3o que tomamos na \u00e9poca, estamos seguros de que o problema espec\u00edfico que permitiu a eles rasparem esses dados em 2019 n\u00e3o existe mais. Por\u00e9m, como ainda h\u00e1 confus\u00e3o sobre o assunto, vamos compartilhar mais informa\u00e7\u00f5es neste post.<\/span><\/p>\n<p><b>O que aconteceu?<\/b><\/p>\n<p><span style=\"font-weight: 400\">Acreditamos que os dados em quest\u00e3o foram extra\u00eddos dos perfis das pessoas no Facebook por agentes mal-intencionados que usaram nosso importador de contatos antes de setembro de 2019. Este recurso foi criado com objetivo de ajudar os usu\u00e1rios a encontrar seus amigos e para que fosse poss\u00edvel se conectar por meio de suas listas de contatos.\u00a0<\/span><\/p>\n<p><span style=\"font-weight: 400\">Quando soubemos que esse recurso estava sendo usado de forma indevida em 2019, fizemos altera\u00e7\u00f5es ao importador de contatos. N\u00f3s o atualizamos para evitar que agentes mal-intencionados usassem softwares para imitar nosso aplicativo e fazer upload de um grande conjunto de n\u00fameros de telefone para ver quais correspondiam aos usu\u00e1rios do Facebook. Por meio da funcionalidade anterior, foi poss\u00edvel consultar um conjunto de perfis de usu\u00e1rios e obter um conjunto limitado de informa\u00e7\u00f5es inclu\u00eddas em seus perfis p\u00fablicos. As informa\u00e7\u00f5es n\u00e3o englobam informa\u00e7\u00f5es financeiras, informa\u00e7\u00f5es de sa\u00fade ou senhas.<\/span><\/p>\n<p><b>Como manter sua conta segura?<\/b><\/p>\n<p><span style=\"font-weight: 400\">A coleta de dados por meio de recursos destinados a ajudar as pessoas \u00e9 uma viola\u00e7\u00e3o dos nossos Termos. N\u00f3s temos equipes em toda a empresa trabalhando para detectar e impedir esses comportamentos.<\/span><\/p>\n<p><span style=\"font-weight: 400\">Estamos focados em proteger os dados das pessoas e estamos trabalhando para remover esse conjunto de dados. Tamb\u00e9m continuaremos a combater agentes mal-intencionados que fazem mau uso de nossas ferramentas sempre que poss\u00edvel. Embora nem sempre possamos evitar que conjuntos de dados como esse continuem circulando ou que novos dados reapare\u00e7am, temos uma equipe dedicada a este trabalho.\u00a0 <\/span><\/p>\n<p><span style=\"font-weight: 400\">Resolvemos o problema identificado em 2019, mas \u00e9 sempre recomend\u00e1vel garantir que todos tenham suas configura\u00e7\u00f5es de privacidade alinhadas com o que se deseja compartilhar publicamente. Por isso, incentivamos que todos garantam que suas configura\u00e7\u00f5es estejam de acordo com o que desejam. Neste caso, atualizar os controles da se\u00e7\u00e3o &#8220;<a href=\"https:\/\/www.facebook.com\/help\/131297846947406\">Como fa\u00e7o para controlar quem pode me procurar no Facebook usando meu e-mail ou n\u00famero de celular<\/a>&#8221; pode ser \u00fatil. Tamb\u00e9m recomendamos que as pessoas acessem a ferramenta <\/span><span style=\"font-weight: 400\">Verifica\u00e7\u00e3o de Privacidade<\/span><span style=\"font-weight: 400\"> para se certificar de que suas configura\u00e7\u00f5es est\u00e3o de acordo, incluindo quem pode ver determinadas informa\u00e7\u00f5es em seus perfis, e que ativem a autentica\u00e7\u00e3o de dois fatores. <\/span><\/p>\n","protected":false},"excerpt":{"rendered":"Por Mike Clark, diretor de Gest\u00e3o de Produto No dia 3 de abril, o Business Insider publicou uma reportagem dizendo que as informa\u00e7\u00f5es de mais de 530 milh\u00f5es de usu\u00e1rios do Facebook foram disponibilizadas publicamente em um banco de dados n\u00e3o seguro. N\u00f3s temos equipes dedicadas a resolver esses tipos de problemas e entendemos o impacto que podem ter nas pessoas que usam nossos servi\u00e7os. \u00c9 importante entender que os agentes mal-intencionados obtiveram esses dados n\u00e3o por meio de hacking em nossos sistemas, mas atrav\u00e9s da raspagem desses dados em nossa plataforma antes de setembro de 2019. A raspagem \u00e9 uma t\u00e1tica comum, que geralmente depende de um software automatizado para se obter informa\u00e7\u00f5es p\u00fablicas da internet que podem acabar distribu\u00eddas em f\u00f3runs online, como foi o caso. Os m\u00e9todos usados para obter esse conjunto de dados foram relatados anteriormente em 2019.\u00a0 Esse \u00e9 outro exemplo de como \u00e9 adverso o relacionamento entre empresas de tecnologia e os fraudadores que violam intencionalmente as pol\u00edticas das plataformas para raspar servi\u00e7os da internet. Como resultado da a\u00e7\u00e3o que tomamos na \u00e9poca, estamos seguros de que o problema espec\u00edfico que permitiu a eles rasparem esses dados em 2019 n\u00e3o existe mais. Por\u00e9m, como ainda h\u00e1 confus\u00e3o sobre o assunto, vamos compartilhar mais informa\u00e7\u00f5es neste post. O que aconteceu? Acreditamos que os dados em quest\u00e3o foram extra\u00eddos dos perfis das pessoas no Facebook por agentes mal-intencionados que usaram nosso importador de contatos antes de setembro de 2019. Este recurso foi criado com objetivo de ajudar os usu\u00e1rios a encontrar seus amigos e para que fosse poss\u00edvel se conectar por meio de suas listas de contatos.\u00a0 Quando soubemos que esse recurso estava sendo usado de forma indevida em 2019, fizemos altera\u00e7\u00f5es ao importador de contatos. N\u00f3s o atualizamos para evitar que agentes mal-intencionados usassem softwares para imitar nosso aplicativo e fazer upload de um grande conjunto de n\u00fameros de telefone para ver quais correspondiam aos usu\u00e1rios do Facebook. Por meio da funcionalidade anterior, foi poss\u00edvel consultar um conjunto de perfis de usu\u00e1rios e obter um conjunto limitado de informa\u00e7\u00f5es inclu\u00eddas em seus perfis p\u00fablicos. As informa\u00e7\u00f5es n\u00e3o englobam informa\u00e7\u00f5es financeiras, informa\u00e7\u00f5es de sa\u00fade ou senhas. Como manter sua conta segura? A coleta de dados por meio de recursos destinados a ajudar as pessoas \u00e9 uma viola\u00e7\u00e3o dos nossos Termos. N\u00f3s temos equipes em toda a empresa trabalhando para detectar e impedir esses comportamentos. Estamos focados em proteger os dados das pessoas e estamos trabalhando para remover esse conjunto de dados. Tamb\u00e9m continuaremos a combater agentes mal-intencionados que fazem mau uso de nossas ferramentas sempre que poss\u00edvel. Embora nem sempre possamos evitar que conjuntos de dados como esse continuem circulando ou que novos dados reapare\u00e7am, temos uma equipe dedicada a este trabalho.\u00a0 Resolvemos o problema identificado em 2019, mas \u00e9 sempre recomend\u00e1vel garantir que todos tenham suas configura\u00e7\u00f5es de privacidade alinhadas com o que se deseja compartilhar publicamente. Por isso, incentivamos que todos garantam que suas configura\u00e7\u00f5es estejam de acordo com o que desejam. Neste caso, atualizar os controles da se\u00e7\u00e3o &#8220;Como fa\u00e7o para controlar quem pode me procurar no Facebook usando meu e-mail ou n\u00famero de celular&#8221; pode ser \u00fatil. Tamb\u00e9m recomendamos que as pessoas acessem a ferramenta Verifica\u00e7\u00e3o de Privacidade para se certificar de que suas configura\u00e7\u00f5es est\u00e3o de acordo, incluindo quem pode ver determinadas informa\u00e7\u00f5es em seus perfis, e que ativem a autentica\u00e7\u00e3o de dois fatores.","protected":false},"author":81109636,"featured_media":0,"comment_status":"closed","ping_status":"closed","sticky":false,"template":"","format":"standard","meta":{"_jetpack_memberships_contains_paid_content":false,"footnotes":""},"categories":[396542169,396542115,1,396542171],"tags":[],"class_list":["post-22552","post","type-post","status-publish","format-standard","hentry","category-dados-e-privacidade","category-facebook","category-recent-news","category-seguranca"],"yoast_head":"<!-- This site is optimized with the Yoast SEO plugin v27.2 - https:\/\/yoast.com\/product\/yoast-seo-wordpress\/ -->\n<title>Entenda os fatos por tr\u00e1s da not\u00edcia sobre dados do Facebook | Sobre a Meta<\/title>\n<meta name=\"robots\" content=\"index, follow, max-snippet:-1, max-image-preview:large, max-video-preview:-1\" \/>\n<link rel=\"canonical\" href=\"https:\/\/about.fb.com\/br\/news\/2021\/04\/entenda-os-fatos-por-tras-da-noticia-sobre-dados-do-facebook\/\" \/>\n<meta property=\"og:locale\" content=\"pt_BR\" \/>\n<meta property=\"og:type\" content=\"article\" \/>\n<meta property=\"og:title\" content=\"Entenda os fatos por tr\u00e1s da not\u00edcia sobre dados do Facebook | Sobre a Meta\" \/>\n<meta property=\"og:description\" content=\"Por Mike Clark, diretor de Gest\u00e3o de Produto No dia 3 de abril, o Business Insider publicou uma reportagem dizendo que as informa\u00e7\u00f5es de mais de 530 milh\u00f5es de usu\u00e1rios do Facebook foram disponibilizadas publicamente em um banco de dados n\u00e3o seguro. N\u00f3s temos equipes dedicadas a resolver esses tipos de problemas e entendemos o impacto que podem ter nas pessoas que usam nossos servi\u00e7os. \u00c9 importante entender que os agentes mal-intencionados obtiveram esses dados n\u00e3o por meio de hacking em nossos sistemas, mas atrav\u00e9s da raspagem desses dados em nossa plataforma antes de setembro de 2019. A raspagem \u00e9 uma t\u00e1tica comum, que geralmente depende de um software automatizado para se obter informa\u00e7\u00f5es p\u00fablicas da internet que podem acabar distribu\u00eddas em f\u00f3runs online, como foi o caso. Os m\u00e9todos usados para obter esse conjunto de dados foram relatados anteriormente em 2019.\u00a0 Esse \u00e9 outro exemplo de como \u00e9 adverso o relacionamento entre empresas de tecnologia e os fraudadores que violam intencionalmente as pol\u00edticas das plataformas para raspar servi\u00e7os da internet. Como resultado da a\u00e7\u00e3o que tomamos na \u00e9poca, estamos seguros de que o problema espec\u00edfico que permitiu a eles rasparem esses dados em 2019 n\u00e3o existe mais. Por\u00e9m, como ainda h\u00e1 confus\u00e3o sobre o assunto, vamos compartilhar mais informa\u00e7\u00f5es neste post. O que aconteceu? Acreditamos que os dados em quest\u00e3o foram extra\u00eddos dos perfis das pessoas no Facebook por agentes mal-intencionados que usaram nosso importador de contatos antes de setembro de 2019. Este recurso foi criado com objetivo de ajudar os usu\u00e1rios a encontrar seus amigos e para que fosse poss\u00edvel se conectar por meio de suas listas de contatos.\u00a0 Quando soubemos que esse recurso estava sendo usado de forma indevida em 2019, fizemos altera\u00e7\u00f5es ao importador de contatos. N\u00f3s o atualizamos para evitar que agentes mal-intencionados usassem softwares para imitar nosso aplicativo e fazer upload de um grande conjunto de n\u00fameros de telefone para ver quais correspondiam aos usu\u00e1rios do Facebook. Por meio da funcionalidade anterior, foi poss\u00edvel consultar um conjunto de perfis de usu\u00e1rios e obter um conjunto limitado de informa\u00e7\u00f5es inclu\u00eddas em seus perfis p\u00fablicos. As informa\u00e7\u00f5es n\u00e3o englobam informa\u00e7\u00f5es financeiras, informa\u00e7\u00f5es de sa\u00fade ou senhas. Como manter sua conta segura? A coleta de dados por meio de recursos destinados a ajudar as pessoas \u00e9 uma viola\u00e7\u00e3o dos nossos Termos. N\u00f3s temos equipes em toda a empresa trabalhando para detectar e impedir esses comportamentos. Estamos focados em proteger os dados das pessoas e estamos trabalhando para remover esse conjunto de dados. Tamb\u00e9m continuaremos a combater agentes mal-intencionados que fazem mau uso de nossas ferramentas sempre que poss\u00edvel. Embora nem sempre possamos evitar que conjuntos de dados como esse continuem circulando ou que novos dados reapare\u00e7am, temos uma equipe dedicada a este trabalho.\u00a0 Resolvemos o problema identificado em 2019, mas \u00e9 sempre recomend\u00e1vel garantir que todos tenham suas configura\u00e7\u00f5es de privacidade alinhadas com o que se deseja compartilhar publicamente. Por isso, incentivamos que todos garantam que suas configura\u00e7\u00f5es estejam de acordo com o que desejam. Neste caso, atualizar os controles da se\u00e7\u00e3o &#8220;Como fa\u00e7o para controlar quem pode me procurar no Facebook usando meu e-mail ou n\u00famero de celular&#8221; pode ser \u00fatil. Tamb\u00e9m recomendamos que as pessoas acessem a ferramenta Verifica\u00e7\u00e3o de Privacidade para se certificar de que suas configura\u00e7\u00f5es est\u00e3o de acordo, incluindo quem pode ver determinadas informa\u00e7\u00f5es em seus perfis, e que ativem a autentica\u00e7\u00e3o de dois fatores.\" \/>\n<meta property=\"og:url\" content=\"https:\/\/about.fb.com\/br\/news\/2021\/04\/entenda-os-fatos-por-tras-da-noticia-sobre-dados-do-facebook\/\" \/>\n<meta property=\"og:site_name\" content=\"Sobre a Meta\" \/>\n<meta property=\"article:published_time\" content=\"2021-04-06T23:29:04+00:00\" \/>\n<meta property=\"article:modified_time\" content=\"2021-07-01T20:35:16+00:00\" \/>\n<meta property=\"og:image\" content=\"https:\/\/about.fb.com\/br\/wp-content\/uploads\/sites\/11\/2021\/10\/meta-social-16x9-1.jpg?resize=1024,576\" \/>\n\t<meta property=\"og:image:width\" content=\"1024\" \/>\n\t<meta property=\"og:image:height\" content=\"576\" \/>\n\t<meta property=\"og:image:type\" content=\"image\/jpeg\" \/>\n<meta name=\"author\" content=\"facebookbr\" \/>\n<meta name=\"twitter:card\" content=\"summary_large_image\" \/>\n<meta name=\"twitter:label1\" content=\"Written by\" \/>\n\t<meta name=\"twitter:data1\" content=\"Meta\" \/>\n\t<meta name=\"twitter:label2\" content=\"Est. reading time\" \/>\n\t<meta name=\"twitter:data2\" content=\"3 minutos\" \/>\n<script type=\"application\/ld+json\" class=\"yoast-schema-graph\">{\"@context\":\"https:\/\/schema.org\",\"@graph\":[{\"@type\":\"Article\",\"@id\":\"https:\/\/about.fb.com\/br\/news\/2021\/04\/entenda-os-fatos-por-tras-da-noticia-sobre-dados-do-facebook\/#article\",\"isPartOf\":{\"@id\":\"https:\/\/about.fb.com\/br\/news\/2021\/04\/entenda-os-fatos-por-tras-da-noticia-sobre-dados-do-facebook\/\"},\"author\":\"Facebook company\",\"headline\":\"Entenda os fatos por tr\u00e1s da not\u00edcia sobre dados do Facebook\",\"datePublished\":\"2021-04-06T23:29:04+00:00\",\"dateModified\":\"2021-07-01T20:35:16+00:00\",\"mainEntityOfPage\":{\"@id\":\"https:\/\/about.fb.com\/br\/news\/2021\/04\/entenda-os-fatos-por-tras-da-noticia-sobre-dados-do-facebook\/\"},\"wordCount\":620,\"publisher\":{\"@id\":\"https:\/\/about.fb.com\/br\/#organization\"},\"articleSection\":[\"Dados e Privacidade\",\"Facebook\",\"Recent News\",\"Seguran\u00e7a\"],\"inLanguage\":\"pt-BR\"},{\"@type\":\"WebPage\",\"@id\":\"https:\/\/about.fb.com\/br\/news\/2021\/04\/entenda-os-fatos-por-tras-da-noticia-sobre-dados-do-facebook\/\",\"url\":\"https:\/\/about.fb.com\/br\/news\/2021\/04\/entenda-os-fatos-por-tras-da-noticia-sobre-dados-do-facebook\/\",\"name\":\"Entenda os fatos por tr\u00e1s da not\u00edcia sobre dados do Facebook | Sobre a Meta\",\"isPartOf\":{\"@id\":\"https:\/\/about.fb.com\/br\/#website\"},\"datePublished\":\"2021-04-06T23:29:04+00:00\",\"dateModified\":\"2021-07-01T20:35:16+00:00\",\"breadcrumb\":{\"@id\":\"https:\/\/about.fb.com\/br\/news\/2021\/04\/entenda-os-fatos-por-tras-da-noticia-sobre-dados-do-facebook\/#breadcrumb\"},\"inLanguage\":\"pt-BR\",\"potentialAction\":[{\"@type\":\"ReadAction\",\"target\":[\"https:\/\/about.fb.com\/br\/news\/2021\/04\/entenda-os-fatos-por-tras-da-noticia-sobre-dados-do-facebook\/\"]}],\"author\":\"Sobre a Meta\"},{\"@type\":\"BreadcrumbList\",\"@id\":\"https:\/\/about.fb.com\/br\/news\/2021\/04\/entenda-os-fatos-por-tras-da-noticia-sobre-dados-do-facebook\/#breadcrumb\",\"itemListElement\":[{\"@type\":\"ListItem\",\"position\":1,\"name\":\"Home\",\"item\":\"https:\/\/about.fb.com\/br\/\"},{\"@type\":\"ListItem\",\"position\":2,\"name\":\"Entenda os fatos por tr\u00e1s da not\u00edcia sobre dados do Facebook\"}]},{\"@type\":\"WebSite\",\"@id\":\"https:\/\/about.fb.com\/br\/#website\",\"url\":\"https:\/\/about.fb.com\/news\/\",\"name\":\"Sobre a Meta\",\"description\":\"\",\"publisher\":{\"@id\":\"https:\/\/about.fb.com\/br\/#organization\"},\"potentialAction\":[{\"@type\":\"SearchAction\",\"target\":{\"@type\":\"EntryPoint\",\"urlTemplate\":\"https:\/\/about.fb.com\/br\/?s={search_term_string}\"},\"query-input\":{\"@type\":\"PropertyValueSpecification\",\"valueRequired\":true,\"valueName\":\"search_term_string\"}}],\"inLanguage\":\"pt-BR\",\"alternateName\":[\"Meta Newsroom\",\"Meta\"]},{\"@type\":\"Organization\",\"@id\":\"https:\/\/about.fb.com\/br\/#organization\",\"name\":\"Meta\",\"url\":\"https:\/\/about.fb.com\/br\/\",\"logo\":{\"@type\":\"ImageObject\",\"inLanguage\":\"pt-BR\",\"@id\":\"https:\/\/about.fb.com\/br\/#\/schema\/logo\/image\/\",\"url\":\"https:\/\/about.fb.com\/br\/wp-content\/uploads\/sites\/11\/2021\/10\/meta-social-16x9-1.jpg?fit=8000%2C4500\",\"contentUrl\":\"https:\/\/about.fb.com\/br\/wp-content\/uploads\/sites\/11\/2021\/10\/meta-social-16x9-1.jpg?fit=8000%2C4500\",\"width\":8000,\"height\":4500,\"caption\":\"Meta\"},\"image\":{\"@id\":\"https:\/\/about.fb.com\/br\/#\/schema\/logo\/image\/\"}}]}<\/script>\n<!-- \/ Yoast SEO plugin. -->","yoast_head_json":{"title":"Entenda os fatos por tr\u00e1s da not\u00edcia sobre dados do Facebook | Sobre a Meta","robots":{"index":"index","follow":"follow","max-snippet":"max-snippet:-1","max-image-preview":"max-image-preview:large","max-video-preview":"max-video-preview:-1"},"canonical":"https:\/\/about.fb.com\/br\/news\/2021\/04\/entenda-os-fatos-por-tras-da-noticia-sobre-dados-do-facebook\/","og_locale":"pt_BR","og_type":"article","og_title":"Entenda os fatos por tr\u00e1s da not\u00edcia sobre dados do Facebook | Sobre a Meta","og_description":"Por Mike Clark, diretor de Gest\u00e3o de Produto No dia 3 de abril, o Business Insider publicou uma reportagem dizendo que as informa\u00e7\u00f5es de mais de 530 milh\u00f5es de usu\u00e1rios do Facebook foram disponibilizadas publicamente em um banco de dados n\u00e3o seguro. N\u00f3s temos equipes dedicadas a resolver esses tipos de problemas e entendemos o impacto que podem ter nas pessoas que usam nossos servi\u00e7os. \u00c9 importante entender que os agentes mal-intencionados obtiveram esses dados n\u00e3o por meio de hacking em nossos sistemas, mas atrav\u00e9s da raspagem desses dados em nossa plataforma antes de setembro de 2019. A raspagem \u00e9 uma t\u00e1tica comum, que geralmente depende de um software automatizado para se obter informa\u00e7\u00f5es p\u00fablicas da internet que podem acabar distribu\u00eddas em f\u00f3runs online, como foi o caso. Os m\u00e9todos usados para obter esse conjunto de dados foram relatados anteriormente em 2019.\u00a0 Esse \u00e9 outro exemplo de como \u00e9 adverso o relacionamento entre empresas de tecnologia e os fraudadores que violam intencionalmente as pol\u00edticas das plataformas para raspar servi\u00e7os da internet. Como resultado da a\u00e7\u00e3o que tomamos na \u00e9poca, estamos seguros de que o problema espec\u00edfico que permitiu a eles rasparem esses dados em 2019 n\u00e3o existe mais. Por\u00e9m, como ainda h\u00e1 confus\u00e3o sobre o assunto, vamos compartilhar mais informa\u00e7\u00f5es neste post. O que aconteceu? Acreditamos que os dados em quest\u00e3o foram extra\u00eddos dos perfis das pessoas no Facebook por agentes mal-intencionados que usaram nosso importador de contatos antes de setembro de 2019. Este recurso foi criado com objetivo de ajudar os usu\u00e1rios a encontrar seus amigos e para que fosse poss\u00edvel se conectar por meio de suas listas de contatos.\u00a0 Quando soubemos que esse recurso estava sendo usado de forma indevida em 2019, fizemos altera\u00e7\u00f5es ao importador de contatos. N\u00f3s o atualizamos para evitar que agentes mal-intencionados usassem softwares para imitar nosso aplicativo e fazer upload de um grande conjunto de n\u00fameros de telefone para ver quais correspondiam aos usu\u00e1rios do Facebook. Por meio da funcionalidade anterior, foi poss\u00edvel consultar um conjunto de perfis de usu\u00e1rios e obter um conjunto limitado de informa\u00e7\u00f5es inclu\u00eddas em seus perfis p\u00fablicos. As informa\u00e7\u00f5es n\u00e3o englobam informa\u00e7\u00f5es financeiras, informa\u00e7\u00f5es de sa\u00fade ou senhas. Como manter sua conta segura? A coleta de dados por meio de recursos destinados a ajudar as pessoas \u00e9 uma viola\u00e7\u00e3o dos nossos Termos. N\u00f3s temos equipes em toda a empresa trabalhando para detectar e impedir esses comportamentos. Estamos focados em proteger os dados das pessoas e estamos trabalhando para remover esse conjunto de dados. Tamb\u00e9m continuaremos a combater agentes mal-intencionados que fazem mau uso de nossas ferramentas sempre que poss\u00edvel. Embora nem sempre possamos evitar que conjuntos de dados como esse continuem circulando ou que novos dados reapare\u00e7am, temos uma equipe dedicada a este trabalho.\u00a0 Resolvemos o problema identificado em 2019, mas \u00e9 sempre recomend\u00e1vel garantir que todos tenham suas configura\u00e7\u00f5es de privacidade alinhadas com o que se deseja compartilhar publicamente. Por isso, incentivamos que todos garantam que suas configura\u00e7\u00f5es estejam de acordo com o que desejam. Neste caso, atualizar os controles da se\u00e7\u00e3o &#8220;Como fa\u00e7o para controlar quem pode me procurar no Facebook usando meu e-mail ou n\u00famero de celular&#8221; pode ser \u00fatil. Tamb\u00e9m recomendamos que as pessoas acessem a ferramenta Verifica\u00e7\u00e3o de Privacidade para se certificar de que suas configura\u00e7\u00f5es est\u00e3o de acordo, incluindo quem pode ver determinadas informa\u00e7\u00f5es em seus perfis, e que ativem a autentica\u00e7\u00e3o de dois fatores.","og_url":"https:\/\/about.fb.com\/br\/news\/2021\/04\/entenda-os-fatos-por-tras-da-noticia-sobre-dados-do-facebook\/","og_site_name":"Sobre a Meta","article_published_time":"2021-04-06T23:29:04+00:00","article_modified_time":"2021-07-01T20:35:16+00:00","og_image":[{"width":1024,"height":576,"url":"https:\/\/about.fb.com\/br\/wp-content\/uploads\/sites\/11\/2021\/10\/meta-social-16x9-1.jpg?resize=1024,576","type":"image\/jpeg"}],"author":"facebookbr","twitter_card":"summary_large_image","twitter_misc":{"Written by":"Meta","Est. reading time":"3 minutos"},"schema":{"@context":"https:\/\/schema.org","@graph":[{"@type":"Article","@id":"https:\/\/about.fb.com\/br\/news\/2021\/04\/entenda-os-fatos-por-tras-da-noticia-sobre-dados-do-facebook\/#article","isPartOf":{"@id":"https:\/\/about.fb.com\/br\/news\/2021\/04\/entenda-os-fatos-por-tras-da-noticia-sobre-dados-do-facebook\/"},"author":"Facebook company","headline":"Entenda os fatos por tr\u00e1s da not\u00edcia sobre dados do Facebook","datePublished":"2021-04-06T23:29:04+00:00","dateModified":"2021-07-01T20:35:16+00:00","mainEntityOfPage":{"@id":"https:\/\/about.fb.com\/br\/news\/2021\/04\/entenda-os-fatos-por-tras-da-noticia-sobre-dados-do-facebook\/"},"wordCount":620,"publisher":{"@id":"https:\/\/about.fb.com\/br\/#organization"},"articleSection":["Dados e Privacidade","Facebook","Recent News","Seguran\u00e7a"],"inLanguage":"pt-BR"},{"@type":"WebPage","@id":"https:\/\/about.fb.com\/br\/news\/2021\/04\/entenda-os-fatos-por-tras-da-noticia-sobre-dados-do-facebook\/","url":"https:\/\/about.fb.com\/br\/news\/2021\/04\/entenda-os-fatos-por-tras-da-noticia-sobre-dados-do-facebook\/","name":"Entenda os fatos por tr\u00e1s da not\u00edcia sobre dados do Facebook | Sobre a Meta","isPartOf":{"@id":"https:\/\/about.fb.com\/br\/#website"},"datePublished":"2021-04-06T23:29:04+00:00","dateModified":"2021-07-01T20:35:16+00:00","breadcrumb":{"@id":"https:\/\/about.fb.com\/br\/news\/2021\/04\/entenda-os-fatos-por-tras-da-noticia-sobre-dados-do-facebook\/#breadcrumb"},"inLanguage":"pt-BR","potentialAction":[{"@type":"ReadAction","target":["https:\/\/about.fb.com\/br\/news\/2021\/04\/entenda-os-fatos-por-tras-da-noticia-sobre-dados-do-facebook\/"]}],"author":"Sobre a Meta"},{"@type":"BreadcrumbList","@id":"https:\/\/about.fb.com\/br\/news\/2021\/04\/entenda-os-fatos-por-tras-da-noticia-sobre-dados-do-facebook\/#breadcrumb","itemListElement":[{"@type":"ListItem","position":1,"name":"Home","item":"https:\/\/about.fb.com\/br\/"},{"@type":"ListItem","position":2,"name":"Entenda os fatos por tr\u00e1s da not\u00edcia sobre dados do Facebook"}]},{"@type":"WebSite","@id":"https:\/\/about.fb.com\/br\/#website","url":"https:\/\/about.fb.com\/news\/","name":"Sobre a Meta","description":"","publisher":{"@id":"https:\/\/about.fb.com\/br\/#organization"},"potentialAction":[{"@type":"SearchAction","target":{"@type":"EntryPoint","urlTemplate":"https:\/\/about.fb.com\/br\/?s={search_term_string}"},"query-input":{"@type":"PropertyValueSpecification","valueRequired":true,"valueName":"search_term_string"}}],"inLanguage":"pt-BR","alternateName":["Meta Newsroom","Meta"]},{"@type":"Organization","@id":"https:\/\/about.fb.com\/br\/#organization","name":"Meta","url":"https:\/\/about.fb.com\/br\/","logo":{"@type":"ImageObject","inLanguage":"pt-BR","@id":"https:\/\/about.fb.com\/br\/#\/schema\/logo\/image\/","url":"https:\/\/about.fb.com\/br\/wp-content\/uploads\/sites\/11\/2021\/10\/meta-social-16x9-1.jpg?fit=8000%2C4500","contentUrl":"https:\/\/about.fb.com\/br\/wp-content\/uploads\/sites\/11\/2021\/10\/meta-social-16x9-1.jpg?fit=8000%2C4500","width":8000,"height":4500,"caption":"Meta"},"image":{"@id":"https:\/\/about.fb.com\/br\/#\/schema\/logo\/image\/"}}]}},"jetpack_featured_media_url":"","jetpack-related-posts":[{"id":26869,"url":"https:\/\/about.fb.com\/br\/news\/2025\/12\/novas-ferramentas-com-ia-para-escalar-parcerias-entre-criadores-e-marcas\/","url_meta":{"origin":22552,"position":0},"title":"Novas ferramentas com IA para escalar parcerias entre criadores e marcas","author":"Meta","date":"11\/12\/2025","format":false,"excerpt":"[Atualizado em 30 de janeiro de 2026] Estamos compartilhando atualiza\u00e7\u00f5es adicionais que facilitam para as marcas descobrirem, avaliarem e se conectarem com criadores para campanhas de an\u00fancios em parceria usando o Marketplace de Criadores do Instagram. Expandindo o Marketplace de Criadores para empresas globalmente: A partir de hoje, estamos ampliando\u2026","rel":"","context":"In &quot;Meta&quot;","block_context":{"text":"Meta","link":"https:\/\/about.fb.com\/br\/news\/category\/temas-home\/meta\/"},"img":{"alt_text":"","src":"https:\/\/about.fb.com\/br\/wp-content\/uploads\/sites\/11\/2025\/07\/Logo-Meta-1.jpg?fit=633%2C356&resize=350%2C200","width":350,"height":200,"srcset":"https:\/\/about.fb.com\/br\/wp-content\/uploads\/sites\/11\/2025\/07\/Logo-Meta-1.jpg?fit=633%2C356&resize=350%2C200 1x, https:\/\/about.fb.com\/br\/wp-content\/uploads\/sites\/11\/2025\/07\/Logo-Meta-1.jpg?fit=633%2C356&resize=525%2C300 1.5x"},"classes":[]},{"id":26109,"url":"https:\/\/about.fb.com\/br\/news\/2025\/01\/apresentando-anuncios-no-threads-amplie-suas-campanhas-para-uma-comunidade-em-constante-crescimento\/","url_meta":{"origin":22552,"position":1},"title":"Apresentando an\u00fancios no Threads: Amplie suas campanhas para uma comunidade em constante crescimento","author":"Meta","date":"24\/01\/2025","format":false,"excerpt":"Atualiza\u00e7\u00e3o em 23 de abril de 2025: As pessoas v\u00eam aos aplicativos da Meta em busca de uma experi\u00eancia personalizada, que as ajude a descobrir neg\u00f3cios e conte\u00fados de que gostam \u2014 e os an\u00fancios s\u00e3o uma parte essencial para tornar isso poss\u00edvel. Para ajudar as pessoas a se conectarem\u2026","rel":"","context":"In &quot;Meta&quot;","block_context":{"text":"Meta","link":"https:\/\/about.fb.com\/br\/news\/category\/temas-home\/meta\/"},"img":{"alt_text":"","src":"https:\/\/about.fb.com\/br\/wp-content\/uploads\/sites\/11\/2025\/01\/asasasas.png?resize=350%2C200","width":350,"height":200},"classes":[]},{"id":26118,"url":"https:\/\/about.fb.com\/br\/news\/2025\/01\/refletindo-sobre-o-investimento-de-us-8-bilhoes-da-meta-em-privacidade\/","url_meta":{"origin":22552,"position":2},"title":"Refletindo sobre o investimento de US$ 8 bilh\u00f5es da Meta em privacidade","author":"Meta","date":"28\/01\/2025","format":false,"excerpt":"Nos \u00faltimos anos, na Meta, destacamos o Dia da Privacidade de Dados com uma retrospectiva de nossos marcos de privacidade do ano anterior. Quando olhamos para tr\u00e1s, para nossas inova\u00e7\u00f5es tecnol\u00f3gicas de 2024, o denominador comum em todas elas \u00e9 uma base s\u00f3lida de privacidade. Essa base s\u00f3 foi poss\u00edvel\u2026","rel":"","context":"In &quot;Recent News&quot;","block_context":{"text":"Recent News","link":"https:\/\/about.fb.com\/br\/news\/category\/recent-news\/"},"img":{"alt_text":"","src":"","width":0,"height":0},"classes":[]},{"id":27082,"url":"https:\/\/about.fb.com\/br\/news\/2026\/04\/removendo-barreiras-tecnicas-para-ajudar-empresas-de-todos-os-tamanhos-a-obterem-melhores-resultados-com-seus-anuncios\/","url_meta":{"origin":22552,"position":3},"title":"Removendo barreiras t\u00e9cnicas para ajudar empresas de todos os tamanhos a obterem melhores resultados com seus an\u00fancios","author":"Meta","date":"15\/04\/2026","format":false,"excerpt":"Hoje, estamos anunciando atualiza\u00e7\u00f5es no Pixel da Meta e na API de Convers\u00f5es que facilitar\u00e3o para qualquer empresa a manuten\u00e7\u00e3o de uma configura\u00e7\u00e3o bem conectada e atualizada, o que impulsiona um forte desempenho de an\u00fancios. Historicamente, fornecer as informa\u00e7\u00f5es corretas para permitir o crescimento dos an\u00fancios exigia conhecimento t\u00e9cnico, como\u2026","rel":"","context":"In &quot;Recent News&quot;","block_context":{"text":"Recent News","link":"https:\/\/about.fb.com\/br\/news\/category\/recent-news\/"},"img":{"alt_text":"","src":"https:\/\/about.fb.com\/br\/wp-content\/uploads\/sites\/11\/2026\/04\/Blogpost.png?resize=350%2C200","width":350,"height":200,"srcset":"https:\/\/about.fb.com\/br\/wp-content\/uploads\/sites\/11\/2026\/04\/Blogpost.png?resize=350%2C200 1x, https:\/\/about.fb.com\/br\/wp-content\/uploads\/sites\/11\/2026\/04\/Blogpost.png?resize=525%2C300 1.5x, https:\/\/about.fb.com\/br\/wp-content\/uploads\/sites\/11\/2026\/04\/Blogpost.png?resize=700%2C400 2x, https:\/\/about.fb.com\/br\/wp-content\/uploads\/sites\/11\/2026\/04\/Blogpost.png?resize=1050%2C600 3x, https:\/\/about.fb.com\/br\/wp-content\/uploads\/sites\/11\/2026\/04\/Blogpost.png?resize=1400%2C800 4x"},"classes":[]},{"id":26525,"url":"https:\/\/about.fb.com\/br\/news\/2025\/07\/combatendo-conteudo-nao-original-para-proteger-e-elevar-criadores-no-facebook\/","url_meta":{"origin":22552,"position":4},"title":"Combatendo conte\u00fado n\u00e3o original para proteger e elevar Criadores no Facebook","author":"Meta","date":"14\/07\/2025","format":false,"excerpt":"Acreditamos que os criadores devem ser celebrados por suas vozes e perspectivas \u00fanicas, e n\u00e3o ofuscados por imitadores e contas falsas. Recentemente, lan\u00e7amos uma iniciativa de longo prazo para tornar o Feed mais relevante e ajudar criadores aut\u00eanticos a se destacarem, come\u00e7ando pela redu\u00e7\u00e3o do conte\u00fado com spam. Estamos avan\u00e7ando\u2026","rel":"","context":"In &quot;Facebook&quot;","block_context":{"text":"Facebook","link":"https:\/\/about.fb.com\/br\/news\/category\/technologies\/facebook\/"},"img":{"alt_text":"","src":"https:\/\/about.fb.com\/br\/wp-content\/uploads\/sites\/11\/2025\/07\/Logo-Meta-1.jpg?fit=633%2C356&resize=350%2C200","width":350,"height":200,"srcset":"https:\/\/about.fb.com\/br\/wp-content\/uploads\/sites\/11\/2025\/07\/Logo-Meta-1.jpg?fit=633%2C356&resize=350%2C200 1x, https:\/\/about.fb.com\/br\/wp-content\/uploads\/sites\/11\/2025\/07\/Logo-Meta-1.jpg?fit=633%2C356&resize=525%2C300 1.5x"},"classes":[]},{"id":26692,"url":"https:\/\/about.fb.com\/br\/news\/2025\/10\/melhorando-suas-recomendacoes-em-nossos-aplicativos-com-ia-na-meta\/","url_meta":{"origin":22552,"position":5},"title":"Melhorando suas recomenda\u00e7\u00f5es em nossos aplicativos com IA na Meta","author":"Meta","date":"01\/10\/2025","format":false,"excerpt":"Mais de 1 bilh\u00e3o de pessoas usam Meta AI todo m\u00eas. Continuamos a melhorar a forma como nossos produtos de IA se mostram relevantes para voc\u00ea, entendem seus objetivos e ajudam a realizar tarefas de maneira mais eficiente. Tamb\u00e9m estamos usando Meta AI, bem como outros recursos de IA para\u2026","rel":"","context":"In &quot;Meta&quot;","block_context":{"text":"Meta","link":"https:\/\/about.fb.com\/br\/news\/category\/temas-home\/meta\/"},"img":{"alt_text":"","src":"https:\/\/about.fb.com\/br\/wp-content\/uploads\/sites\/11\/2025\/10\/Meta-Privacy-Update_Header.jpg?fit=1920%2C1080&resize=350%2C200","width":350,"height":200,"srcset":"https:\/\/about.fb.com\/br\/wp-content\/uploads\/sites\/11\/2025\/10\/Meta-Privacy-Update_Header.jpg?fit=1920%2C1080&resize=350%2C200 1x, https:\/\/about.fb.com\/br\/wp-content\/uploads\/sites\/11\/2025\/10\/Meta-Privacy-Update_Header.jpg?fit=1920%2C1080&resize=525%2C300 1.5x, https:\/\/about.fb.com\/br\/wp-content\/uploads\/sites\/11\/2025\/10\/Meta-Privacy-Update_Header.jpg?fit=1920%2C1080&resize=700%2C400 2x, https:\/\/about.fb.com\/br\/wp-content\/uploads\/sites\/11\/2025\/10\/Meta-Privacy-Update_Header.jpg?fit=1920%2C1080&resize=1050%2C600 3x, https:\/\/about.fb.com\/br\/wp-content\/uploads\/sites\/11\/2025\/10\/Meta-Privacy-Update_Header.jpg?fit=1920%2C1080&resize=1400%2C800 4x"},"classes":[]}],"jetpack_sharing_enabled":true,"amp_enabled":true,"_links":{"self":[{"href":"https:\/\/about.fb.com\/br\/wp-json\/wp\/v2\/posts\/22552","targetHints":{"allow":["GET"]}}],"collection":[{"href":"https:\/\/about.fb.com\/br\/wp-json\/wp\/v2\/posts"}],"about":[{"href":"https:\/\/about.fb.com\/br\/wp-json\/wp\/v2\/types\/post"}],"author":[{"embeddable":true,"href":"https:\/\/about.fb.com\/br\/wp-json\/wp\/v2\/users\/81109636"}],"replies":[{"embeddable":true,"href":"https:\/\/about.fb.com\/br\/wp-json\/wp\/v2\/comments?post=22552"}],"version-history":[{"count":3,"href":"https:\/\/about.fb.com\/br\/wp-json\/wp\/v2\/posts\/22552\/revisions"}],"predecessor-version":[{"id":22555,"href":"https:\/\/about.fb.com\/br\/wp-json\/wp\/v2\/posts\/22552\/revisions\/22555"}],"wp:attachment":[{"href":"https:\/\/about.fb.com\/br\/wp-json\/wp\/v2\/media?parent=22552"}],"wp:term":[{"taxonomy":"category","embeddable":true,"href":"https:\/\/about.fb.com\/br\/wp-json\/wp\/v2\/categories?post=22552"},{"taxonomy":"post_tag","embeddable":true,"href":"https:\/\/about.fb.com\/br\/wp-json\/wp\/v2\/tags?post=22552"}],"curies":[{"name":"wp","href":"https:\/\/api.w.org\/{rel}","templated":true}]}}