{"id":22535,"date":"2021-03-22T09:05:28","date_gmt":"2021-03-22T12:05:28","guid":{"rendered":"https:\/\/about.fb.com\/br\/?p=22535"},"modified":"2021-07-01T17:36:50","modified_gmt":"2021-07-01T20:36:50","slug":"facebook-e-oas-cooperarao-em-integridade-eleitoral-direitos-humanos-e-recuperacao-economica","status":"publish","type":"post","link":"https:\/\/about.fb.com\/br\/news\/2021\/03\/facebook-e-oas-cooperarao-em-integridade-eleitoral-direitos-humanos-e-recuperacao-economica\/","title":{"rendered":"Facebook e OAS cooperar\u00e3o em integridade eleitoral, direitos humanos e recupera\u00e7\u00e3o econ\u00f4mica"},"content":{"rendered":"<p><span style=\"font-weight: 400\">O Facebook e a Organiza\u00e7\u00e3o dos Estados Americanos (OEA) assinaram um acordo para colaborar em iniciativas de integridade eleitoral, promover os direitos humanos e impulsionar o desenvolvimento econ\u00f4mico nas Am\u00e9ricas frente aos desafios colocados pela pandemia.<\/span><\/p>\n<p><span style=\"font-weight: 400\">O acordo foi assinado pelo Secret\u00e1rio-Geral da OEA, Luis Almagro, e pelo vice-presidente de Assuntos Globais e Comunica\u00e7\u00f5es do Facebook, Nick Clegg, em uma cerim\u00f4nia online realizada ap\u00f3s uma reuni\u00e3o de trabalho entre as duas equipes.<\/span><span style=\"font-weight: 400\">\u00a0<\/span><\/p>\n<p><span style=\"font-weight: 400\">\u201cAcreditamos que este acordo \u00e9 o in\u00edcio de uma parceria frut\u00edfera, utilizando meios inovadores para promover a democracia, a seguran\u00e7a, o desenvolvimento e os direitos humanos. Vemos no Facebook um parceiro que compartilha nossos objetivos para as Am\u00e9ricas e com quem podemos trabalhar de forma produtiva para o bem dos cidad\u00e3os de nossa regi\u00e3o. Estamos iniciando a coopera\u00e7\u00e3o em quest\u00f5es de integridade eleitoral, desenvolvimento sustent\u00e1vel e liberdade de express\u00e3o, mas esperamos expandi-la para muitas outras \u00e1reas\u201d, disse o Secret\u00e1rio-Geral da OEA, Luis Almagro.<\/span><\/p>\n<p><span style=\"font-weight: 400\">O Facebook e a OEA desenvolver\u00e3o e implementar\u00e3o projetos conjuntos de pesquisa, programas de treinamento e divulga\u00e7\u00e3o de estudos em \u00e1reas de interesse m\u00fatuo. O acordo visa melhorar as respostas a desafios regionais, como desinforma\u00e7\u00e3o, integridade eleitoral, liberdade de express\u00e3o ou a prote\u00e7\u00e3o daqueles que defendem os direitos humanos, a fim de alcan\u00e7ar um debate cada vez mais plural, online e offline.<\/span><\/p>\n<p><span style=\"font-weight: 400\">\u201cNo Facebook, estamos cientes dos desafios que a regi\u00e3o enfrenta e da import\u00e2ncia da tarefa da OEA de fortalecer a democracia e os direitos humanos nas Am\u00e9ricas. Essa alian\u00e7a fortalece nosso trabalho diante de desafios como desinforma\u00e7\u00e3o, integridade eleitoral, liberdade de express\u00e3o, privacidade e prote\u00e7\u00e3o daqueles que defendem os direitos humanos\u201d, afirma Clegg.<\/span><\/p>\n<p><span style=\"font-weight: 400\">O vice-presidente de Assuntos Globais e Comunica\u00e7\u00f5es do Facebook acrescentou que a empresa criou equipes e sistemas para proteger a integridade das elei\u00e7\u00f5es em suas plataformas em momentos-chave para a democracia. Desde 2017, disse ele, o Facebook j\u00e1 trabalhou em mais de 200 elei\u00e7\u00f5es ao redor do mundo, muitas delas na Am\u00e9rica Latina.<\/span><\/p>\n<p><span style=\"font-weight: 400\">Ambas as equipes tamb\u00e9m discutiram os esfor\u00e7os de desenvolvimento em uma regi\u00e3o que est\u00e1 lutando contra o efeito devastador da pandemia do COVID-19.<\/span><\/p>\n<p><span style=\"font-weight: 400\">O Facebook est\u00e1 empenhado em apoiar as campanhas de vacina\u00e7\u00e3o de governos e ag\u00eancias de sa\u00fade nas Am\u00e9ricas em todas as suas plataformas para promover a imuniza\u00e7\u00e3o do maior n\u00famero poss\u00edvel de pessoas, disse Clegg. A plataforma social tamb\u00e9m est\u00e1 conectando milh\u00f5es de pessoas com informa\u00e7\u00f5es confi\u00e1veis \u200b\u200bpara ajud\u00e1-las a se protegerem da pandemia e equipando as pequenas empresas com ferramentas digitais para enfrentar a crise, acrescentou.<\/span><\/p>\n<p><span style=\"font-weight: 400\">Almagro destacou que a OEA possui ampla experi\u00eancia na promo\u00e7\u00e3o da democracia, dos direitos humanos, do desenvolvimento sustent\u00e1vel e da seguran\u00e7a multidimensional e, especialmente, nas tr\u00eas \u00e1reas de colabora\u00e7\u00e3o deste acordo. A OEA observou mais de 280 processos eleitorais nos \u00faltimos 50 anos e seu trabalho para reduzir a exclus\u00e3o digital ajudou mais de 70 mil pequenas e m\u00e9dias empresas da regi\u00e3o a ter presen\u00e7a online. Por meio do Sistema Interamericano de Direitos Humanos, a OEA levou justi\u00e7a a milhares de v\u00edtimas que n\u00e3o puderam obt\u00ea-la em seus pa\u00edses e concedeu prote\u00e7\u00e3o urgente a indiv\u00edduos e grupos em situa\u00e7\u00f5es vulner\u00e1veis.<\/span><\/p>\n<p>&nbsp;<\/p>\n","protected":false},"excerpt":{"rendered":"O Facebook e a Organiza\u00e7\u00e3o dos Estados Americanos (OEA) assinaram um acordo para colaborar em iniciativas de integridade eleitoral, promover os direitos humanos e impulsionar o desenvolvimento econ\u00f4mico nas Am\u00e9ricas frente aos desafios colocados pela pandemia. O acordo foi assinado pelo Secret\u00e1rio-Geral da OEA, Luis Almagro, e pelo vice-presidente de Assuntos Globais e Comunica\u00e7\u00f5es do Facebook, Nick Clegg, em uma cerim\u00f4nia online realizada ap\u00f3s uma reuni\u00e3o de trabalho entre as duas equipes.\u00a0 \u201cAcreditamos que este acordo \u00e9 o in\u00edcio de uma parceria frut\u00edfera, utilizando meios inovadores para promover a democracia, a seguran\u00e7a, o desenvolvimento e os direitos humanos. Vemos no Facebook um parceiro que compartilha nossos objetivos para as Am\u00e9ricas e com quem podemos trabalhar de forma produtiva para o bem dos cidad\u00e3os de nossa regi\u00e3o. Estamos iniciando a coopera\u00e7\u00e3o em quest\u00f5es de integridade eleitoral, desenvolvimento sustent\u00e1vel e liberdade de express\u00e3o, mas esperamos expandi-la para muitas outras \u00e1reas\u201d, disse o Secret\u00e1rio-Geral da OEA, Luis Almagro. O Facebook e a OEA desenvolver\u00e3o e implementar\u00e3o projetos conjuntos de pesquisa, programas de treinamento e divulga\u00e7\u00e3o de estudos em \u00e1reas de interesse m\u00fatuo. O acordo visa melhorar as respostas a desafios regionais, como desinforma\u00e7\u00e3o, integridade eleitoral, liberdade de express\u00e3o ou a prote\u00e7\u00e3o daqueles que defendem os direitos humanos, a fim de alcan\u00e7ar um debate cada vez mais plural, online e offline. \u201cNo Facebook, estamos cientes dos desafios que a regi\u00e3o enfrenta e da import\u00e2ncia da tarefa da OEA de fortalecer a democracia e os direitos humanos nas Am\u00e9ricas. Essa alian\u00e7a fortalece nosso trabalho diante de desafios como desinforma\u00e7\u00e3o, integridade eleitoral, liberdade de express\u00e3o, privacidade e prote\u00e7\u00e3o daqueles que defendem os direitos humanos\u201d, afirma Clegg. O vice-presidente de Assuntos Globais e Comunica\u00e7\u00f5es do Facebook acrescentou que a empresa criou equipes e sistemas para proteger a integridade das elei\u00e7\u00f5es em suas plataformas em momentos-chave para a democracia. Desde 2017, disse ele, o Facebook j\u00e1 trabalhou em mais de 200 elei\u00e7\u00f5es ao redor do mundo, muitas delas na Am\u00e9rica Latina. Ambas as equipes tamb\u00e9m discutiram os esfor\u00e7os de desenvolvimento em uma regi\u00e3o que est\u00e1 lutando contra o efeito devastador da pandemia do COVID-19. O Facebook est\u00e1 empenhado em apoiar as campanhas de vacina\u00e7\u00e3o de governos e ag\u00eancias de sa\u00fade nas Am\u00e9ricas em todas as suas plataformas para promover a imuniza\u00e7\u00e3o do maior n\u00famero poss\u00edvel de pessoas, disse Clegg. A plataforma social tamb\u00e9m est\u00e1 conectando milh\u00f5es de pessoas com informa\u00e7\u00f5es confi\u00e1veis \u200b\u200bpara ajud\u00e1-las a se protegerem da pandemia e equipando as pequenas empresas com ferramentas digitais para enfrentar a crise, acrescentou. Almagro destacou que a OEA possui ampla experi\u00eancia na promo\u00e7\u00e3o da democracia, dos direitos humanos, do desenvolvimento sustent\u00e1vel e da seguran\u00e7a multidimensional e, especialmente, nas tr\u00eas \u00e1reas de colabora\u00e7\u00e3o deste acordo. A OEA observou mais de 280 processos eleitorais nos \u00faltimos 50 anos e seu trabalho para reduzir a exclus\u00e3o digital ajudou mais de 70 mil pequenas e m\u00e9dias empresas da regi\u00e3o a ter presen\u00e7a online. Por meio do Sistema Interamericano de Direitos Humanos, a OEA levou justi\u00e7a a milhares de v\u00edtimas que n\u00e3o puderam obt\u00ea-la em seus pa\u00edses e concedeu prote\u00e7\u00e3o urgente a indiv\u00edduos e grupos em situa\u00e7\u00f5es vulner\u00e1veis. &nbsp;","protected":false},"author":81109636,"featured_media":0,"comment_status":"closed","ping_status":"closed","sticky":false,"template":"","format":"standard","meta":{"_jetpack_memberships_contains_paid_content":false,"footnotes":""},"categories":[396542111,396542114,1],"tags":[],"class_list":["post-22535","post","type-post","status-publish","format-standard","hentry","category-comunidades","category-meta","category-recent-news"],"yoast_head":"<!-- This site is optimized with the Yoast SEO plugin v27.2 - https:\/\/yoast.com\/product\/yoast-seo-wordpress\/ -->\n<title>Facebook e OAS cooperar\u00e3o em integridade eleitoral, direitos humanos e recupera\u00e7\u00e3o econ\u00f4mica | Sobre a Meta<\/title>\n<meta name=\"robots\" content=\"index, follow, max-snippet:-1, max-image-preview:large, max-video-preview:-1\" \/>\n<link rel=\"canonical\" href=\"https:\/\/about.fb.com\/br\/news\/2021\/03\/facebook-e-oas-cooperarao-em-integridade-eleitoral-direitos-humanos-e-recuperacao-economica\/\" \/>\n<meta property=\"og:locale\" content=\"pt_BR\" \/>\n<meta property=\"og:type\" content=\"article\" \/>\n<meta property=\"og:title\" content=\"Facebook e OAS cooperar\u00e3o em integridade eleitoral, direitos humanos e recupera\u00e7\u00e3o econ\u00f4mica | Sobre a Meta\" \/>\n<meta property=\"og:description\" content=\"O Facebook e a Organiza\u00e7\u00e3o dos Estados Americanos (OEA) assinaram um acordo para colaborar em iniciativas de integridade eleitoral, promover os direitos humanos e impulsionar o desenvolvimento econ\u00f4mico nas Am\u00e9ricas frente aos desafios colocados pela pandemia. O acordo foi assinado pelo Secret\u00e1rio-Geral da OEA, Luis Almagro, e pelo vice-presidente de Assuntos Globais e Comunica\u00e7\u00f5es do Facebook, Nick Clegg, em uma cerim\u00f4nia online realizada ap\u00f3s uma reuni\u00e3o de trabalho entre as duas equipes.\u00a0 \u201cAcreditamos que este acordo \u00e9 o in\u00edcio de uma parceria frut\u00edfera, utilizando meios inovadores para promover a democracia, a seguran\u00e7a, o desenvolvimento e os direitos humanos. Vemos no Facebook um parceiro que compartilha nossos objetivos para as Am\u00e9ricas e com quem podemos trabalhar de forma produtiva para o bem dos cidad\u00e3os de nossa regi\u00e3o. Estamos iniciando a coopera\u00e7\u00e3o em quest\u00f5es de integridade eleitoral, desenvolvimento sustent\u00e1vel e liberdade de express\u00e3o, mas esperamos expandi-la para muitas outras \u00e1reas\u201d, disse o Secret\u00e1rio-Geral da OEA, Luis Almagro. O Facebook e a OEA desenvolver\u00e3o e implementar\u00e3o projetos conjuntos de pesquisa, programas de treinamento e divulga\u00e7\u00e3o de estudos em \u00e1reas de interesse m\u00fatuo. O acordo visa melhorar as respostas a desafios regionais, como desinforma\u00e7\u00e3o, integridade eleitoral, liberdade de express\u00e3o ou a prote\u00e7\u00e3o daqueles que defendem os direitos humanos, a fim de alcan\u00e7ar um debate cada vez mais plural, online e offline. \u201cNo Facebook, estamos cientes dos desafios que a regi\u00e3o enfrenta e da import\u00e2ncia da tarefa da OEA de fortalecer a democracia e os direitos humanos nas Am\u00e9ricas. Essa alian\u00e7a fortalece nosso trabalho diante de desafios como desinforma\u00e7\u00e3o, integridade eleitoral, liberdade de express\u00e3o, privacidade e prote\u00e7\u00e3o daqueles que defendem os direitos humanos\u201d, afirma Clegg. O vice-presidente de Assuntos Globais e Comunica\u00e7\u00f5es do Facebook acrescentou que a empresa criou equipes e sistemas para proteger a integridade das elei\u00e7\u00f5es em suas plataformas em momentos-chave para a democracia. Desde 2017, disse ele, o Facebook j\u00e1 trabalhou em mais de 200 elei\u00e7\u00f5es ao redor do mundo, muitas delas na Am\u00e9rica Latina. Ambas as equipes tamb\u00e9m discutiram os esfor\u00e7os de desenvolvimento em uma regi\u00e3o que est\u00e1 lutando contra o efeito devastador da pandemia do COVID-19. O Facebook est\u00e1 empenhado em apoiar as campanhas de vacina\u00e7\u00e3o de governos e ag\u00eancias de sa\u00fade nas Am\u00e9ricas em todas as suas plataformas para promover a imuniza\u00e7\u00e3o do maior n\u00famero poss\u00edvel de pessoas, disse Clegg. A plataforma social tamb\u00e9m est\u00e1 conectando milh\u00f5es de pessoas com informa\u00e7\u00f5es confi\u00e1veis \u200b\u200bpara ajud\u00e1-las a se protegerem da pandemia e equipando as pequenas empresas com ferramentas digitais para enfrentar a crise, acrescentou. Almagro destacou que a OEA possui ampla experi\u00eancia na promo\u00e7\u00e3o da democracia, dos direitos humanos, do desenvolvimento sustent\u00e1vel e da seguran\u00e7a multidimensional e, especialmente, nas tr\u00eas \u00e1reas de colabora\u00e7\u00e3o deste acordo. A OEA observou mais de 280 processos eleitorais nos \u00faltimos 50 anos e seu trabalho para reduzir a exclus\u00e3o digital ajudou mais de 70 mil pequenas e m\u00e9dias empresas da regi\u00e3o a ter presen\u00e7a online. Por meio do Sistema Interamericano de Direitos Humanos, a OEA levou justi\u00e7a a milhares de v\u00edtimas que n\u00e3o puderam obt\u00ea-la em seus pa\u00edses e concedeu prote\u00e7\u00e3o urgente a indiv\u00edduos e grupos em situa\u00e7\u00f5es vulner\u00e1veis. &nbsp;\" \/>\n<meta property=\"og:url\" content=\"https:\/\/about.fb.com\/br\/news\/2021\/03\/facebook-e-oas-cooperarao-em-integridade-eleitoral-direitos-humanos-e-recuperacao-economica\/\" \/>\n<meta property=\"og:site_name\" content=\"Sobre a Meta\" \/>\n<meta property=\"article:published_time\" content=\"2021-03-22T12:05:28+00:00\" \/>\n<meta property=\"article:modified_time\" content=\"2021-07-01T20:36:50+00:00\" \/>\n<meta property=\"og:image\" content=\"https:\/\/about.fb.com\/br\/wp-content\/uploads\/sites\/11\/2021\/10\/meta-social-16x9-1.jpg?resize=1024,576\" \/>\n\t<meta property=\"og:image:width\" content=\"1024\" \/>\n\t<meta property=\"og:image:height\" content=\"576\" \/>\n\t<meta property=\"og:image:type\" content=\"image\/jpeg\" \/>\n<meta name=\"author\" content=\"facebookbr\" \/>\n<meta name=\"twitter:card\" content=\"summary_large_image\" \/>\n<meta name=\"twitter:label1\" content=\"Written by\" \/>\n\t<meta name=\"twitter:data1\" content=\"Meta\" \/>\n\t<meta name=\"twitter:label2\" content=\"Est. reading time\" \/>\n\t<meta name=\"twitter:data2\" content=\"3 minutos\" \/>\n<script type=\"application\/ld+json\" class=\"yoast-schema-graph\">{\"@context\":\"https:\/\/schema.org\",\"@graph\":[{\"@type\":\"Article\",\"@id\":\"https:\/\/about.fb.com\/br\/news\/2021\/03\/facebook-e-oas-cooperarao-em-integridade-eleitoral-direitos-humanos-e-recuperacao-economica\/#article\",\"isPartOf\":{\"@id\":\"https:\/\/about.fb.com\/br\/news\/2021\/03\/facebook-e-oas-cooperarao-em-integridade-eleitoral-direitos-humanos-e-recuperacao-economica\/\"},\"author\":\"Facebook company\",\"headline\":\"Facebook e OAS cooperar\u00e3o em integridade eleitoral, direitos humanos e recupera\u00e7\u00e3o econ\u00f4mica\",\"datePublished\":\"2021-03-22T12:05:28+00:00\",\"dateModified\":\"2021-07-01T20:36:50+00:00\",\"mainEntityOfPage\":{\"@id\":\"https:\/\/about.fb.com\/br\/news\/2021\/03\/facebook-e-oas-cooperarao-em-integridade-eleitoral-direitos-humanos-e-recuperacao-economica\/\"},\"wordCount\":595,\"publisher\":{\"@id\":\"https:\/\/about.fb.com\/br\/#organization\"},\"articleSection\":[\"Fortalecendo Comunidades\",\"Meta\",\"Recent News\"],\"inLanguage\":\"pt-BR\"},{\"@type\":\"WebPage\",\"@id\":\"https:\/\/about.fb.com\/br\/news\/2021\/03\/facebook-e-oas-cooperarao-em-integridade-eleitoral-direitos-humanos-e-recuperacao-economica\/\",\"url\":\"https:\/\/about.fb.com\/br\/news\/2021\/03\/facebook-e-oas-cooperarao-em-integridade-eleitoral-direitos-humanos-e-recuperacao-economica\/\",\"name\":\"Facebook e OAS cooperar\u00e3o em integridade eleitoral, direitos humanos e recupera\u00e7\u00e3o econ\u00f4mica | Sobre a Meta\",\"isPartOf\":{\"@id\":\"https:\/\/about.fb.com\/br\/#website\"},\"datePublished\":\"2021-03-22T12:05:28+00:00\",\"dateModified\":\"2021-07-01T20:36:50+00:00\",\"breadcrumb\":{\"@id\":\"https:\/\/about.fb.com\/br\/news\/2021\/03\/facebook-e-oas-cooperarao-em-integridade-eleitoral-direitos-humanos-e-recuperacao-economica\/#breadcrumb\"},\"inLanguage\":\"pt-BR\",\"potentialAction\":[{\"@type\":\"ReadAction\",\"target\":[\"https:\/\/about.fb.com\/br\/news\/2021\/03\/facebook-e-oas-cooperarao-em-integridade-eleitoral-direitos-humanos-e-recuperacao-economica\/\"]}],\"author\":\"Sobre a Meta\"},{\"@type\":\"BreadcrumbList\",\"@id\":\"https:\/\/about.fb.com\/br\/news\/2021\/03\/facebook-e-oas-cooperarao-em-integridade-eleitoral-direitos-humanos-e-recuperacao-economica\/#breadcrumb\",\"itemListElement\":[{\"@type\":\"ListItem\",\"position\":1,\"name\":\"Home\",\"item\":\"https:\/\/about.fb.com\/br\/\"},{\"@type\":\"ListItem\",\"position\":2,\"name\":\"Facebook e OAS cooperar\u00e3o em integridade eleitoral, direitos humanos e recupera\u00e7\u00e3o econ\u00f4mica\"}]},{\"@type\":\"WebSite\",\"@id\":\"https:\/\/about.fb.com\/br\/#website\",\"url\":\"https:\/\/about.fb.com\/news\/\",\"name\":\"Sobre a Meta\",\"description\":\"\",\"publisher\":{\"@id\":\"https:\/\/about.fb.com\/br\/#organization\"},\"potentialAction\":[{\"@type\":\"SearchAction\",\"target\":{\"@type\":\"EntryPoint\",\"urlTemplate\":\"https:\/\/about.fb.com\/br\/?s={search_term_string}\"},\"query-input\":{\"@type\":\"PropertyValueSpecification\",\"valueRequired\":true,\"valueName\":\"search_term_string\"}}],\"inLanguage\":\"pt-BR\",\"alternateName\":[\"Meta Newsroom\",\"Meta\"]},{\"@type\":\"Organization\",\"@id\":\"https:\/\/about.fb.com\/br\/#organization\",\"name\":\"Meta\",\"url\":\"https:\/\/about.fb.com\/br\/\",\"logo\":{\"@type\":\"ImageObject\",\"inLanguage\":\"pt-BR\",\"@id\":\"https:\/\/about.fb.com\/br\/#\/schema\/logo\/image\/\",\"url\":\"https:\/\/about.fb.com\/br\/wp-content\/uploads\/sites\/11\/2021\/10\/meta-social-16x9-1.jpg?fit=8000%2C4500\",\"contentUrl\":\"https:\/\/about.fb.com\/br\/wp-content\/uploads\/sites\/11\/2021\/10\/meta-social-16x9-1.jpg?fit=8000%2C4500\",\"width\":8000,\"height\":4500,\"caption\":\"Meta\"},\"image\":{\"@id\":\"https:\/\/about.fb.com\/br\/#\/schema\/logo\/image\/\"}}]}<\/script>\n<!-- \/ Yoast SEO plugin. -->","yoast_head_json":{"title":"Facebook e OAS cooperar\u00e3o em integridade eleitoral, direitos humanos e recupera\u00e7\u00e3o econ\u00f4mica | Sobre a Meta","robots":{"index":"index","follow":"follow","max-snippet":"max-snippet:-1","max-image-preview":"max-image-preview:large","max-video-preview":"max-video-preview:-1"},"canonical":"https:\/\/about.fb.com\/br\/news\/2021\/03\/facebook-e-oas-cooperarao-em-integridade-eleitoral-direitos-humanos-e-recuperacao-economica\/","og_locale":"pt_BR","og_type":"article","og_title":"Facebook e OAS cooperar\u00e3o em integridade eleitoral, direitos humanos e recupera\u00e7\u00e3o econ\u00f4mica | Sobre a Meta","og_description":"O Facebook e a Organiza\u00e7\u00e3o dos Estados Americanos (OEA) assinaram um acordo para colaborar em iniciativas de integridade eleitoral, promover os direitos humanos e impulsionar o desenvolvimento econ\u00f4mico nas Am\u00e9ricas frente aos desafios colocados pela pandemia. O acordo foi assinado pelo Secret\u00e1rio-Geral da OEA, Luis Almagro, e pelo vice-presidente de Assuntos Globais e Comunica\u00e7\u00f5es do Facebook, Nick Clegg, em uma cerim\u00f4nia online realizada ap\u00f3s uma reuni\u00e3o de trabalho entre as duas equipes.\u00a0 \u201cAcreditamos que este acordo \u00e9 o in\u00edcio de uma parceria frut\u00edfera, utilizando meios inovadores para promover a democracia, a seguran\u00e7a, o desenvolvimento e os direitos humanos. Vemos no Facebook um parceiro que compartilha nossos objetivos para as Am\u00e9ricas e com quem podemos trabalhar de forma produtiva para o bem dos cidad\u00e3os de nossa regi\u00e3o. Estamos iniciando a coopera\u00e7\u00e3o em quest\u00f5es de integridade eleitoral, desenvolvimento sustent\u00e1vel e liberdade de express\u00e3o, mas esperamos expandi-la para muitas outras \u00e1reas\u201d, disse o Secret\u00e1rio-Geral da OEA, Luis Almagro. O Facebook e a OEA desenvolver\u00e3o e implementar\u00e3o projetos conjuntos de pesquisa, programas de treinamento e divulga\u00e7\u00e3o de estudos em \u00e1reas de interesse m\u00fatuo. O acordo visa melhorar as respostas a desafios regionais, como desinforma\u00e7\u00e3o, integridade eleitoral, liberdade de express\u00e3o ou a prote\u00e7\u00e3o daqueles que defendem os direitos humanos, a fim de alcan\u00e7ar um debate cada vez mais plural, online e offline. \u201cNo Facebook, estamos cientes dos desafios que a regi\u00e3o enfrenta e da import\u00e2ncia da tarefa da OEA de fortalecer a democracia e os direitos humanos nas Am\u00e9ricas. Essa alian\u00e7a fortalece nosso trabalho diante de desafios como desinforma\u00e7\u00e3o, integridade eleitoral, liberdade de express\u00e3o, privacidade e prote\u00e7\u00e3o daqueles que defendem os direitos humanos\u201d, afirma Clegg. O vice-presidente de Assuntos Globais e Comunica\u00e7\u00f5es do Facebook acrescentou que a empresa criou equipes e sistemas para proteger a integridade das elei\u00e7\u00f5es em suas plataformas em momentos-chave para a democracia. Desde 2017, disse ele, o Facebook j\u00e1 trabalhou em mais de 200 elei\u00e7\u00f5es ao redor do mundo, muitas delas na Am\u00e9rica Latina. Ambas as equipes tamb\u00e9m discutiram os esfor\u00e7os de desenvolvimento em uma regi\u00e3o que est\u00e1 lutando contra o efeito devastador da pandemia do COVID-19. O Facebook est\u00e1 empenhado em apoiar as campanhas de vacina\u00e7\u00e3o de governos e ag\u00eancias de sa\u00fade nas Am\u00e9ricas em todas as suas plataformas para promover a imuniza\u00e7\u00e3o do maior n\u00famero poss\u00edvel de pessoas, disse Clegg. A plataforma social tamb\u00e9m est\u00e1 conectando milh\u00f5es de pessoas com informa\u00e7\u00f5es confi\u00e1veis \u200b\u200bpara ajud\u00e1-las a se protegerem da pandemia e equipando as pequenas empresas com ferramentas digitais para enfrentar a crise, acrescentou. Almagro destacou que a OEA possui ampla experi\u00eancia na promo\u00e7\u00e3o da democracia, dos direitos humanos, do desenvolvimento sustent\u00e1vel e da seguran\u00e7a multidimensional e, especialmente, nas tr\u00eas \u00e1reas de colabora\u00e7\u00e3o deste acordo. A OEA observou mais de 280 processos eleitorais nos \u00faltimos 50 anos e seu trabalho para reduzir a exclus\u00e3o digital ajudou mais de 70 mil pequenas e m\u00e9dias empresas da regi\u00e3o a ter presen\u00e7a online. Por meio do Sistema Interamericano de Direitos Humanos, a OEA levou justi\u00e7a a milhares de v\u00edtimas que n\u00e3o puderam obt\u00ea-la em seus pa\u00edses e concedeu prote\u00e7\u00e3o urgente a indiv\u00edduos e grupos em situa\u00e7\u00f5es vulner\u00e1veis. &nbsp;","og_url":"https:\/\/about.fb.com\/br\/news\/2021\/03\/facebook-e-oas-cooperarao-em-integridade-eleitoral-direitos-humanos-e-recuperacao-economica\/","og_site_name":"Sobre a Meta","article_published_time":"2021-03-22T12:05:28+00:00","article_modified_time":"2021-07-01T20:36:50+00:00","og_image":[{"width":1024,"height":576,"url":"https:\/\/about.fb.com\/br\/wp-content\/uploads\/sites\/11\/2021\/10\/meta-social-16x9-1.jpg?resize=1024,576","type":"image\/jpeg"}],"author":"facebookbr","twitter_card":"summary_large_image","twitter_misc":{"Written by":"Meta","Est. reading time":"3 minutos"},"schema":{"@context":"https:\/\/schema.org","@graph":[{"@type":"Article","@id":"https:\/\/about.fb.com\/br\/news\/2021\/03\/facebook-e-oas-cooperarao-em-integridade-eleitoral-direitos-humanos-e-recuperacao-economica\/#article","isPartOf":{"@id":"https:\/\/about.fb.com\/br\/news\/2021\/03\/facebook-e-oas-cooperarao-em-integridade-eleitoral-direitos-humanos-e-recuperacao-economica\/"},"author":"Facebook company","headline":"Facebook e OAS cooperar\u00e3o em integridade eleitoral, direitos humanos e recupera\u00e7\u00e3o econ\u00f4mica","datePublished":"2021-03-22T12:05:28+00:00","dateModified":"2021-07-01T20:36:50+00:00","mainEntityOfPage":{"@id":"https:\/\/about.fb.com\/br\/news\/2021\/03\/facebook-e-oas-cooperarao-em-integridade-eleitoral-direitos-humanos-e-recuperacao-economica\/"},"wordCount":595,"publisher":{"@id":"https:\/\/about.fb.com\/br\/#organization"},"articleSection":["Fortalecendo Comunidades","Meta","Recent News"],"inLanguage":"pt-BR"},{"@type":"WebPage","@id":"https:\/\/about.fb.com\/br\/news\/2021\/03\/facebook-e-oas-cooperarao-em-integridade-eleitoral-direitos-humanos-e-recuperacao-economica\/","url":"https:\/\/about.fb.com\/br\/news\/2021\/03\/facebook-e-oas-cooperarao-em-integridade-eleitoral-direitos-humanos-e-recuperacao-economica\/","name":"Facebook e OAS cooperar\u00e3o em integridade eleitoral, direitos humanos e recupera\u00e7\u00e3o econ\u00f4mica | Sobre a Meta","isPartOf":{"@id":"https:\/\/about.fb.com\/br\/#website"},"datePublished":"2021-03-22T12:05:28+00:00","dateModified":"2021-07-01T20:36:50+00:00","breadcrumb":{"@id":"https:\/\/about.fb.com\/br\/news\/2021\/03\/facebook-e-oas-cooperarao-em-integridade-eleitoral-direitos-humanos-e-recuperacao-economica\/#breadcrumb"},"inLanguage":"pt-BR","potentialAction":[{"@type":"ReadAction","target":["https:\/\/about.fb.com\/br\/news\/2021\/03\/facebook-e-oas-cooperarao-em-integridade-eleitoral-direitos-humanos-e-recuperacao-economica\/"]}],"author":"Sobre a Meta"},{"@type":"BreadcrumbList","@id":"https:\/\/about.fb.com\/br\/news\/2021\/03\/facebook-e-oas-cooperarao-em-integridade-eleitoral-direitos-humanos-e-recuperacao-economica\/#breadcrumb","itemListElement":[{"@type":"ListItem","position":1,"name":"Home","item":"https:\/\/about.fb.com\/br\/"},{"@type":"ListItem","position":2,"name":"Facebook e OAS cooperar\u00e3o em integridade eleitoral, direitos humanos e recupera\u00e7\u00e3o econ\u00f4mica"}]},{"@type":"WebSite","@id":"https:\/\/about.fb.com\/br\/#website","url":"https:\/\/about.fb.com\/news\/","name":"Sobre a Meta","description":"","publisher":{"@id":"https:\/\/about.fb.com\/br\/#organization"},"potentialAction":[{"@type":"SearchAction","target":{"@type":"EntryPoint","urlTemplate":"https:\/\/about.fb.com\/br\/?s={search_term_string}"},"query-input":{"@type":"PropertyValueSpecification","valueRequired":true,"valueName":"search_term_string"}}],"inLanguage":"pt-BR","alternateName":["Meta Newsroom","Meta"]},{"@type":"Organization","@id":"https:\/\/about.fb.com\/br\/#organization","name":"Meta","url":"https:\/\/about.fb.com\/br\/","logo":{"@type":"ImageObject","inLanguage":"pt-BR","@id":"https:\/\/about.fb.com\/br\/#\/schema\/logo\/image\/","url":"https:\/\/about.fb.com\/br\/wp-content\/uploads\/sites\/11\/2021\/10\/meta-social-16x9-1.jpg?fit=8000%2C4500","contentUrl":"https:\/\/about.fb.com\/br\/wp-content\/uploads\/sites\/11\/2021\/10\/meta-social-16x9-1.jpg?fit=8000%2C4500","width":8000,"height":4500,"caption":"Meta"},"image":{"@id":"https:\/\/about.fb.com\/br\/#\/schema\/logo\/image\/"}}]}},"jetpack_featured_media_url":"","jetpack-related-posts":[{"id":26887,"url":"https:\/\/about.fb.com\/br\/news\/2025\/12\/novo-estudo-revela-o-impacto-potencial-da-inteligencia-artificial-no-brasil-e-na-america-latina\/","url_meta":{"origin":22535,"position":0},"title":"Novo estudo revela o impacto potencial da Intelig\u00eancia Artificial no Brasil e na Am\u00e9rica Latina","author":"Meta","date":"18\/12\/2025","format":false,"excerpt":"Um novo estudo realizado pela Linux Foundation, encomendado pela Meta, apresenta dados e informa\u00e7\u00f5es sobre o cen\u00e1rio do mercado de Intelig\u00eancia Artificial (IA) na Am\u00e9rica Latina, e revela os principais desafios e oportunidades para que a regi\u00e3o possa alavancar essa tecnologia e promover um desenvolvimento tecnol\u00f3gico mais equitativo. Segundo o\u2026","rel":"","context":"In &quot;Impacto Econ\u00f4mico&quot;","block_context":{"text":"Impacto Econ\u00f4mico","link":"https:\/\/about.fb.com\/br\/news\/category\/temas-home\/impacto-economico\/"},"img":{"alt_text":"","src":"https:\/\/about.fb.com\/br\/wp-content\/uploads\/sites\/11\/2025\/12\/Economic-and-Workforce-Impacts-of-OS-AI-Linux-Foundation-paper-1.jpg?fit=1920%2C1080&resize=350%2C200","width":350,"height":200,"srcset":"https:\/\/about.fb.com\/br\/wp-content\/uploads\/sites\/11\/2025\/12\/Economic-and-Workforce-Impacts-of-OS-AI-Linux-Foundation-paper-1.jpg?fit=1920%2C1080&resize=350%2C200 1x, https:\/\/about.fb.com\/br\/wp-content\/uploads\/sites\/11\/2025\/12\/Economic-and-Workforce-Impacts-of-OS-AI-Linux-Foundation-paper-1.jpg?fit=1920%2C1080&resize=525%2C300 1.5x, https:\/\/about.fb.com\/br\/wp-content\/uploads\/sites\/11\/2025\/12\/Economic-and-Workforce-Impacts-of-OS-AI-Linux-Foundation-paper-1.jpg?fit=1920%2C1080&resize=700%2C400 2x, https:\/\/about.fb.com\/br\/wp-content\/uploads\/sites\/11\/2025\/12\/Economic-and-Workforce-Impacts-of-OS-AI-Linux-Foundation-paper-1.jpg?fit=1920%2C1080&resize=1050%2C600 3x, https:\/\/about.fb.com\/br\/wp-content\/uploads\/sites\/11\/2025\/12\/Economic-and-Workforce-Impacts-of-OS-AI-Linux-Foundation-paper-1.jpg?fit=1920%2C1080&resize=1400%2C800 4x"},"classes":[]},{"id":26363,"url":"https:\/\/about.fb.com\/br\/news\/2025\/04\/nova-escola-esta-entre-os-vencedores-do-llama-impact-grants-usando-ia-para-impulsionar-educacao-publica-no-brasil\/","url_meta":{"origin":22535,"position":1},"title":"Nova Escola est\u00e1 entre os vencedores do Llama Impact Grants, usando IA para impulsionar educa\u00e7\u00e3o p\u00fablica no Brasil","author":"Meta","date":"29\/04\/2025","format":false,"excerpt":"Estamos animados em anunciar os 10 vencedores internacionais da segunda edi\u00e7\u00e3o do Llama Impact Grants. As bolsas somam mais de US$ 1,5 milh\u00e3o em premia\u00e7\u00f5es e t\u00eam como objetivo impulsionar a inova\u00e7\u00e3o em empresas, startups e universidades que utilizam o Llama para gerar valor econ\u00f4mico e social. Representando o Brasil\u2026","rel":"","context":"In &quot;Recent News&quot;","block_context":{"text":"Recent News","link":"https:\/\/about.fb.com\/br\/news\/category\/recent-news\/"},"img":{"alt_text":"","src":"https:\/\/about.fb.com\/br\/wp-content\/uploads\/sites\/11\/2025\/04\/Llama-Grant-Winners_Header.png?fit=1920%2C1080&resize=350%2C200","width":350,"height":200,"srcset":"https:\/\/about.fb.com\/br\/wp-content\/uploads\/sites\/11\/2025\/04\/Llama-Grant-Winners_Header.png?fit=1920%2C1080&resize=350%2C200 1x, https:\/\/about.fb.com\/br\/wp-content\/uploads\/sites\/11\/2025\/04\/Llama-Grant-Winners_Header.png?fit=1920%2C1080&resize=525%2C300 1.5x, https:\/\/about.fb.com\/br\/wp-content\/uploads\/sites\/11\/2025\/04\/Llama-Grant-Winners_Header.png?fit=1920%2C1080&resize=700%2C400 2x, https:\/\/about.fb.com\/br\/wp-content\/uploads\/sites\/11\/2025\/04\/Llama-Grant-Winners_Header.png?fit=1920%2C1080&resize=1050%2C600 3x, https:\/\/about.fb.com\/br\/wp-content\/uploads\/sites\/11\/2025\/04\/Llama-Grant-Winners_Header.png?fit=1920%2C1080&resize=1400%2C800 4x"},"classes":[]},{"id":26413,"url":"https:\/\/about.fb.com\/br\/news\/2025\/05\/expandindo-o-cabo-submarino-malbec-para-o-sul-do-brasil\/","url_meta":{"origin":22535,"position":2},"title":"Expandindo o cabo submarino Malbec para o sul do Brasil","author":"Meta","date":"20\/05\/2025","format":false,"excerpt":"Hoje, estamos animados em anunciar a expans\u00e3o do Malbec, um cabo submarino de 2,5 mil quil\u00f4metros que fornece conectividade entre o Cone Sul da Am\u00e9rica do Sul e o Brasil, at\u00e9 a cidade de Porto Alegre (RS). Desenvolvido pela Meta em conjunto com a empresa de infraestrutura digital neutra V.tal,\u2026","rel":"","context":"In &quot;Recent News&quot;","block_context":{"text":"Recent News","link":"https:\/\/about.fb.com\/br\/news\/category\/recent-news\/"},"img":{"alt_text":"","src":"https:\/\/about.fb.com\/br\/wp-content\/uploads\/sites\/11\/2025\/05\/WhatsApp-Image-2025-05-20-at-09.36.21.jpeg?fit=4160%2C2773&resize=350%2C200","width":350,"height":200,"srcset":"https:\/\/about.fb.com\/br\/wp-content\/uploads\/sites\/11\/2025\/05\/WhatsApp-Image-2025-05-20-at-09.36.21.jpeg?fit=4160%2C2773&resize=350%2C200 1x, https:\/\/about.fb.com\/br\/wp-content\/uploads\/sites\/11\/2025\/05\/WhatsApp-Image-2025-05-20-at-09.36.21.jpeg?fit=4160%2C2773&resize=525%2C300 1.5x, https:\/\/about.fb.com\/br\/wp-content\/uploads\/sites\/11\/2025\/05\/WhatsApp-Image-2025-05-20-at-09.36.21.jpeg?fit=4160%2C2773&resize=700%2C400 2x, https:\/\/about.fb.com\/br\/wp-content\/uploads\/sites\/11\/2025\/05\/WhatsApp-Image-2025-05-20-at-09.36.21.jpeg?fit=4160%2C2773&resize=1050%2C600 3x, https:\/\/about.fb.com\/br\/wp-content\/uploads\/sites\/11\/2025\/05\/WhatsApp-Image-2025-05-20-at-09.36.21.jpeg?fit=4160%2C2773&resize=1400%2C800 4x"},"classes":[]},{"id":26491,"url":"https:\/\/about.fb.com\/br\/news\/2025\/06\/tela-consciente-em-brasilia-caminhos-para-facilitar-a-supervisao-parental-online-de-adolescentes\/","url_meta":{"origin":22535,"position":3},"title":"Tela Consciente em Bras\u00edlia: caminhos para facilitar a supervis\u00e3o parental online de adolescentes","author":"Meta","date":"17\/06\/2025","format":false,"excerpt":"Em 12 de junho, a Meta reuniu em Bras\u00edlia autoridades, executivos de empresas e representantes da academia e sociedade civil para a segunda edi\u00e7\u00e3o do Tela Consciente, um debate sobre como apoiar as fam\u00edlias no uso consciente das plataformas digitais por adolescentes. O evento teve como foco os desafios e\u2026","rel":"","context":"In &quot;Recent News&quot;","block_context":{"text":"Recent News","link":"https:\/\/about.fb.com\/br\/news\/category\/recent-news\/"},"img":{"alt_text":"","src":"https:\/\/about.fb.com\/br\/wp-content\/uploads\/sites\/11\/2025\/06\/@leannabdon-1.jpg?fit=4500%2C3000&resize=350%2C200","width":350,"height":200,"srcset":"https:\/\/about.fb.com\/br\/wp-content\/uploads\/sites\/11\/2025\/06\/@leannabdon-1.jpg?fit=4500%2C3000&resize=350%2C200 1x, https:\/\/about.fb.com\/br\/wp-content\/uploads\/sites\/11\/2025\/06\/@leannabdon-1.jpg?fit=4500%2C3000&resize=525%2C300 1.5x, https:\/\/about.fb.com\/br\/wp-content\/uploads\/sites\/11\/2025\/06\/@leannabdon-1.jpg?fit=4500%2C3000&resize=700%2C400 2x, https:\/\/about.fb.com\/br\/wp-content\/uploads\/sites\/11\/2025\/06\/@leannabdon-1.jpg?fit=4500%2C3000&resize=1050%2C600 3x, https:\/\/about.fb.com\/br\/wp-content\/uploads\/sites\/11\/2025\/06\/@leannabdon-1.jpg?fit=4500%2C3000&resize=1400%2C800 4x"},"classes":[]},{"id":26598,"url":"https:\/\/about.fb.com\/br\/news\/2025\/08\/26598-pesquisa-revela-o-impacto-da-meta-nas-mpmes-da-america-latina\/","url_meta":{"origin":22535,"position":4},"title":"Pesquisa revela o impacto da Meta nas MPMEs da Am\u00e9rica Latina","author":"Meta","date":"26\/08\/2025","format":false,"excerpt":"As ferramentas da Meta n\u00e3o apenas conectam as MPMEs da Am\u00e9rica Latina aos seus clientes, como tamb\u00e9m criam novas oportunidades de crescimento. 9 em cada 10 empresas que utilizaram um ou mais produtos da Meta relataram aumento de receita. Aumento de receita por pa\u00eds: Argentina: 84% das empresas que usam\u2026","rel":"","context":"In &quot;Meta&quot;","block_context":{"text":"Meta","link":"https:\/\/about.fb.com\/br\/news\/category\/temas-home\/meta\/"},"img":{"alt_text":"","src":"https:\/\/about.fb.com\/br\/wp-content\/uploads\/sites\/11\/2025\/08\/Portada_Sin-texto.jpg?fit=3544%2C3544&resize=350%2C200","width":350,"height":200,"srcset":"https:\/\/about.fb.com\/br\/wp-content\/uploads\/sites\/11\/2025\/08\/Portada_Sin-texto.jpg?fit=3544%2C3544&resize=350%2C200 1x, https:\/\/about.fb.com\/br\/wp-content\/uploads\/sites\/11\/2025\/08\/Portada_Sin-texto.jpg?fit=3544%2C3544&resize=525%2C300 1.5x, https:\/\/about.fb.com\/br\/wp-content\/uploads\/sites\/11\/2025\/08\/Portada_Sin-texto.jpg?fit=3544%2C3544&resize=700%2C400 2x, https:\/\/about.fb.com\/br\/wp-content\/uploads\/sites\/11\/2025\/08\/Portada_Sin-texto.jpg?fit=3544%2C3544&resize=1050%2C600 3x, https:\/\/about.fb.com\/br\/wp-content\/uploads\/sites\/11\/2025\/08\/Portada_Sin-texto.jpg?fit=3544%2C3544&resize=1400%2C800 4x"},"classes":[]},{"id":26809,"url":"https:\/\/about.fb.com\/br\/news\/2025\/11\/protecao-de-conteudo-seu-novo-guardiao-da-criatividade-no-facebook\/","url_meta":{"origin":22535,"position":5},"title":"Prote\u00e7\u00e3o de conte\u00fado: Seu novo guardi\u00e3o da criatividade no Facebook","author":"Meta","date":"17\/11\/2025","format":false,"excerpt":"O Facebook est\u00e1 lan\u00e7ando a prote\u00e7\u00e3o de conte\u00fado, uma nova ferramenta para criadores que protege automaticamente seus Reels originais, alerta quando conte\u00fados correspondentes a esses Reels s\u00e3o detectados no Facebook ou Instagram e ajuda voc\u00ea a tomar medidas caso seu trabalho seja usado sem permiss\u00e3o. Seu trabalho original \u00e9 a\u2026","rel":"","context":"In &quot;Facebook&quot;","block_context":{"text":"Facebook","link":"https:\/\/about.fb.com\/br\/news\/category\/technologies\/facebook\/"},"img":{"alt_text":"","src":"https:\/\/about.fb.com\/br\/wp-content\/uploads\/sites\/11\/2025\/07\/Logo-Meta-1.jpg?fit=633%2C356&resize=350%2C200","width":350,"height":200,"srcset":"https:\/\/about.fb.com\/br\/wp-content\/uploads\/sites\/11\/2025\/07\/Logo-Meta-1.jpg?fit=633%2C356&resize=350%2C200 1x, https:\/\/about.fb.com\/br\/wp-content\/uploads\/sites\/11\/2025\/07\/Logo-Meta-1.jpg?fit=633%2C356&resize=525%2C300 1.5x"},"classes":[]}],"jetpack_sharing_enabled":true,"amp_enabled":true,"_links":{"self":[{"href":"https:\/\/about.fb.com\/br\/wp-json\/wp\/v2\/posts\/22535","targetHints":{"allow":["GET"]}}],"collection":[{"href":"https:\/\/about.fb.com\/br\/wp-json\/wp\/v2\/posts"}],"about":[{"href":"https:\/\/about.fb.com\/br\/wp-json\/wp\/v2\/types\/post"}],"author":[{"embeddable":true,"href":"https:\/\/about.fb.com\/br\/wp-json\/wp\/v2\/users\/81109636"}],"replies":[{"embeddable":true,"href":"https:\/\/about.fb.com\/br\/wp-json\/wp\/v2\/comments?post=22535"}],"version-history":[{"count":2,"href":"https:\/\/about.fb.com\/br\/wp-json\/wp\/v2\/posts\/22535\/revisions"}],"predecessor-version":[{"id":22538,"href":"https:\/\/about.fb.com\/br\/wp-json\/wp\/v2\/posts\/22535\/revisions\/22538"}],"wp:attachment":[{"href":"https:\/\/about.fb.com\/br\/wp-json\/wp\/v2\/media?parent=22535"}],"wp:term":[{"taxonomy":"category","embeddable":true,"href":"https:\/\/about.fb.com\/br\/wp-json\/wp\/v2\/categories?post=22535"},{"taxonomy":"post_tag","embeddable":true,"href":"https:\/\/about.fb.com\/br\/wp-json\/wp\/v2\/tags?post=22535"}],"curies":[{"name":"wp","href":"https:\/\/api.w.org\/{rel}","templated":true}]}}