{"id":22518,"date":"2021-03-17T12:00:51","date_gmt":"2021-03-17T15:00:51","guid":{"rendered":"https:\/\/about.fb.com\/br\/?p=22518"},"modified":"2021-07-01T17:37:41","modified_gmt":"2021-07-01T20:37:41","slug":"facebook-e-safernet-levam-acoes-de-combate-a-desinformacao-sobre-covid-19-e-vacinas-para-50-mil-alunos-do-ensino-publico","status":"publish","type":"post","link":"https:\/\/about.fb.com\/br\/news\/2021\/03\/facebook-e-safernet-levam-acoes-de-combate-a-desinformacao-sobre-covid-19-e-vacinas-para-50-mil-alunos-do-ensino-publico\/","title":{"rendered":"Facebook e Safernet levam a\u00e7\u00f5es de combate \u00e0 desinforma\u00e7\u00e3o sobre COVID-19 e vacinas para 50 mil alunos do ensino p\u00fablico"},"content":{"rendered":"<p><i><span style=\"font-weight: 400\">Programa que foi lan\u00e7ado em 2020 j\u00e1 capacitou 97 mil alunos. Nova edi\u00e7\u00e3o refor\u00e7a a educa\u00e7\u00e3o midi\u00e1tica sobre COVID-19 e vacinas<\/span><\/i><\/p>\n<p><span style=\"font-weight: 400\">O Facebook, em parceria com a Safernet Brasil e o Instituto Palavra Aberta, anuncia o lan\u00e7amento da segunda edi\u00e7\u00e3o do <\/span><i><span style=\"font-weight: 400\">Cidad\u00e3o Digital<\/span><\/i><span style=\"font-weight: 400\">, programa criado com o intuito de levar a\u00e7\u00f5es de educa\u00e7\u00e3o para cidadania digital a alunos da rede p\u00fablica de todo o pa\u00eds. Neste ano, o programa gratuito tem como prioridade capacitar os jovens para a an\u00e1lise cr\u00edtica de informa\u00e7\u00f5es, principalmente relacionadas \u00e0 Covid-19, j\u00e1 que a epidemia ressaltou a import\u00e2ncia e a urg\u00eancia de combater a desinforma\u00e7\u00e3o na \u00e1rea da sa\u00fade. O Instituto Palavra Aberta, refer\u00eancia em educa\u00e7\u00e3o midi\u00e1tica no Brasil, ser\u00e1 o parceiro respons\u00e1vel por desenvolver esse material para o programa. O objetivo em 2021 ser\u00e1 chegar a 50 mil alunos de escolas p\u00fablicas, prioritariamente entre 13 a 17 anos, e 8 mil educadores, entre junho e dezembro.\u00a0<\/span><\/p>\n<p><span style=\"font-weight: 400\">\u201cA educa\u00e7\u00e3o midi\u00e1tica \u00e9 um grande recurso para construirmos uma sociedade mais informada. Nesta edi\u00e7\u00e3o do Cidad\u00e3o Digital, refor\u00e7amos as bases para que os jovens estejam preparados para identificar informa\u00e7\u00f5es potencialmente incorretas sobre COVID-19 e vacinas, mas isso os ajudar\u00e1 a fazer uma leitura cr\u00edtica de not\u00edcias sobre outros temas tamb\u00e9m. Como o jovem \u00e9 muitas vezes um vetor da informa\u00e7\u00e3o em suas fam\u00edlias, esperamos estar contribuindo tamb\u00e9m para levar informa\u00e7\u00e3o a seus amigos e familiares,\u201d afirma a gerente de bem-estar do Facebook na Am\u00e9rica Latina, Daniele Kleiner<\/span><\/p>\n<p><span style=\"font-weight: 400\">\u201cEntendemos que a educa\u00e7\u00e3o midi\u00e1tica tem que ser encarada como um direito de todos, pois permite que qualquer pessoa passe a analisar criticamente as informa\u00e7\u00f5es em qualquer meio, a produzir conte\u00fado com mais responsabilidade e, principalmente, a atuar de forma \u00e9tica e segura do ambiente digital. Para o Instituto Palavra Aberta, participar desta edi\u00e7\u00e3o do Cidad\u00e3o Digital \u00e9 uma grande oportunidade de contribuirmos para o aprofundamento do letramento digital e informacional de jovens, num momento em que essas habilidades passam a ser cada vez mais necess\u00e1rias com o cen\u00e1rio de pandemia que vivemos\u201d, explica Patricia Blanco, presidente do Instituto Palavra Aberta.<\/span><\/p>\n<p><span style=\"font-weight: 400\">Os temas que foram abordados em 2020 tamb\u00e9m est\u00e3o contemplados na nova edi\u00e7\u00e3o do programa, como seguran\u00e7a, privacidade, comportamentos positivos nas redes e autocuidado online. As atividades desenvolvidas prop\u00f5em educar sobre como verificar e compartilhar informa\u00e7\u00f5es online de forma respons\u00e1vel, como promover o respeito e a empatia na Internet, como prevenir o bullying, al\u00e9m da import\u00e2ncia de gerenciar sua presen\u00e7a online com ferramentas de privacidade e seguran\u00e7a.\u00a0<\/span><\/p>\n<p><span style=\"font-weight: 400\">Esta edi\u00e7\u00e3o contar\u00e1 ainda com o novo m\u00f3dulo Criptografia de Ponto a Ponto para conscientizar sobre a import\u00e2ncia do uso deste recurso para um ambiente digital mais seguro e privado. Entre as novidades, o Cidad\u00e3o Digital lan\u00e7ar\u00e1 um Manual Pr\u00e1tico de Seguran\u00e7a Digital para Escolas e um Guia de Forma\u00e7\u00e3o em Educa\u00e7\u00e3o para Cidadania Digital para Educadores.\u00a0<\/span><\/p>\n<p><span style=\"font-weight: 400\">&#8220;Em 2021, os temas continuam urgentes e nosso objetivo \u00e9 refor\u00e7ar que precisamos falar n\u00e3o apenas das tecnologias como ferramentas no ensino remoto, mas tamb\u00e9m pautar o uso \u00e9tico das tecnologias na vida cotidiana dos alunos, dentro e fora do contexto escolar. Estamos animados para trabalhar com os novos jovens na promo\u00e7\u00e3o de rotinas digitais mais saud\u00e1veis, atentos especialmente aos desafios de cuidado com a sa\u00fade mental deles&#8221;, refor\u00e7a Rodrigo Nejm, diretor de educa\u00e7\u00e3o da Safernet Brasil.<\/span><\/p>\n<p><span style=\"font-weight: 400\">A primeira etapa do projeto se inicia com um processo seletivo de jovens embaixadores que, ap\u00f3s passarem por uma capacita\u00e7\u00e3o e experimentarem a cria\u00e7\u00e3o de conte\u00fados online, receber\u00e3o uma bolsa de R$ 1.500 do programa e ministrar\u00e3o as atividades de educa\u00e7\u00e3o digital com mentoria e supervis\u00e3o da equipe da Safernet. Os jovens interessados em se tornar embaixadores podem se inscrever a partir do dia 17 de mar\u00e7o no site <\/span><a href=\"http:\/\/www.cidadaodigital.org.br\"><span style=\"font-weight: 400\">www.cidadaodigital.org.br<\/span><\/a><span style=\"font-weight: 400\">.<\/span><\/p>\n<p><span style=\"font-weight: 400\">Segundo Jade Christinne dos Santos, embaixadora do programa em 2020 e jovem mentora em 2021, &#8220;O Cidad\u00e3o Digital me ajudou a desenvolver muitas habilidades, como a articula\u00e7\u00e3o. Fechamos uma parceria institucional com a secretaria de educa\u00e7\u00e3o da minha cidade, e isso permitiu que lev\u00e1ssemos as atividades do programa a 28 escolas. Estou muito satisfeita em ter contribu\u00eddo para transformar o Cidad\u00e3o Digital em uma ferramenta de pol\u00edtica p\u00fablica e entusiasmada em facilitar essa trajet\u00f3ria para outros jovens.&#8221;\u00a0<\/span><\/p>\n<p><span style=\"font-weight: 400\">Os educadores poder\u00e3o <\/span><a href=\"http:\/\/bit.ly\/CD_escolas21\"><span style=\"font-weight: 400\">inscrever suas escolas<\/span><\/a><span style=\"font-weight: 400\"> e turmas online para receber as a\u00e7\u00f5es remotas do programa e tamb\u00e9m participar da forma\u00e7\u00e3o online exclusiva sobre cidadania digital, com certifica\u00e7\u00e3o gratuita.\u00a0<\/span><\/p>\n<p><b>Resultados de 2020<\/b><\/p>\n<p><span style=\"font-weight: 400\">Em 2020, o Cidad\u00e3o Digital impactou mais de 97 mil estudantes, superando a meta de alcan\u00e7ar 30 mil estudantes at\u00e9 o fim do ano passado. &#8220;Em 2020, mesmo com as dificuldades decorrentes da pandemia, conseguimos gerar um impacto social enorme, estimulando usos mais positivos das redes. Os jovens embaixadores trouxeram propostas criativas e engajadoras, implementadas como educa\u00e7\u00e3o entre pares, para mobilizar alunos da rede p\u00fablica de forma leve e din\u00e2mica&#8221;, observa Rodrigo Nejm, diretor de educa\u00e7\u00e3o da Safernet Brasil.<\/span><\/p>\n<p><span style=\"font-weight: 400\">Ao todo, foram mais de 922 horas de atividades em diversos formatos que pudessem engajar os estudantes como videoaulas, din\u00e2micas em aplicativos de mensagem, jogos e quizzes e exerc\u00edcios em grupos de redes sociais. Al\u00e9m dos 97 mil alunos que participaram do programa em 18 estados e no Distrito Federal, o Cidad\u00e3o Digital tamb\u00e9m impactou 61 mil educadores, que acompanharam o programa com os estudantes.<\/span><\/p>\n<p><span style=\"font-weight: 400\">Em 2021, todos os conte\u00fados produzidos em 2020 continuar\u00e3o dispon\u00edveis para download e far\u00e3o parte da forma\u00e7\u00e3o dos jovens. Al\u00e9m do Guia Cidad\u00e3o Digital, cartilha que aborda os temas centrais do programa e traz sugest\u00f5es de atividades, h\u00e1 ainda conte\u00fados audiovisuais, como as quatro videoaulas conduzidas por embaixadores do programa, dispon\u00edveis no Facebook e no Instagram da Safernet. O guia est\u00e1 dispon\u00edvel para download no site <\/span><a href=\"http:\/\/www.cidadaodigital.org.br\"><span style=\"font-weight: 400\">www.cidadaodigital.org.br<\/span><\/a><span style=\"font-weight: 400\">, tamb\u00e9m em vers\u00f5es em espanhol e em ingl\u00eas.<\/span><\/p>\n","protected":false},"excerpt":{"rendered":"Programa que foi lan\u00e7ado em 2020 j\u00e1 capacitou 97 mil alunos. Nova edi\u00e7\u00e3o refor\u00e7a a educa\u00e7\u00e3o midi\u00e1tica sobre COVID-19 e vacinas O Facebook, em parceria com a Safernet Brasil e o Instituto Palavra Aberta, anuncia o lan\u00e7amento da segunda edi\u00e7\u00e3o do Cidad\u00e3o Digital, programa criado com o intuito de levar a\u00e7\u00f5es de educa\u00e7\u00e3o para cidadania digital a alunos da rede p\u00fablica de todo o pa\u00eds. Neste ano, o programa gratuito tem como prioridade capacitar os jovens para a an\u00e1lise cr\u00edtica de informa\u00e7\u00f5es, principalmente relacionadas \u00e0 Covid-19, j\u00e1 que a epidemia ressaltou a import\u00e2ncia e a urg\u00eancia de combater a desinforma\u00e7\u00e3o na \u00e1rea da sa\u00fade. O Instituto Palavra Aberta, refer\u00eancia em educa\u00e7\u00e3o midi\u00e1tica no Brasil, ser\u00e1 o parceiro respons\u00e1vel por desenvolver esse material para o programa. O objetivo em 2021 ser\u00e1 chegar a 50 mil alunos de escolas p\u00fablicas, prioritariamente entre 13 a 17 anos, e 8 mil educadores, entre junho e dezembro.\u00a0 \u201cA educa\u00e7\u00e3o midi\u00e1tica \u00e9 um grande recurso para construirmos uma sociedade mais informada. Nesta edi\u00e7\u00e3o do Cidad\u00e3o Digital, refor\u00e7amos as bases para que os jovens estejam preparados para identificar informa\u00e7\u00f5es potencialmente incorretas sobre COVID-19 e vacinas, mas isso os ajudar\u00e1 a fazer uma leitura cr\u00edtica de not\u00edcias sobre outros temas tamb\u00e9m. Como o jovem \u00e9 muitas vezes um vetor da informa\u00e7\u00e3o em suas fam\u00edlias, esperamos estar contribuindo tamb\u00e9m para levar informa\u00e7\u00e3o a seus amigos e familiares,\u201d afirma a gerente de bem-estar do Facebook na Am\u00e9rica Latina, Daniele Kleiner \u201cEntendemos que a educa\u00e7\u00e3o midi\u00e1tica tem que ser encarada como um direito de todos, pois permite que qualquer pessoa passe a analisar criticamente as informa\u00e7\u00f5es em qualquer meio, a produzir conte\u00fado com mais responsabilidade e, principalmente, a atuar de forma \u00e9tica e segura do ambiente digital. Para o Instituto Palavra Aberta, participar desta edi\u00e7\u00e3o do Cidad\u00e3o Digital \u00e9 uma grande oportunidade de contribuirmos para o aprofundamento do letramento digital e informacional de jovens, num momento em que essas habilidades passam a ser cada vez mais necess\u00e1rias com o cen\u00e1rio de pandemia que vivemos\u201d, explica Patricia Blanco, presidente do Instituto Palavra Aberta. Os temas que foram abordados em 2020 tamb\u00e9m est\u00e3o contemplados na nova edi\u00e7\u00e3o do programa, como seguran\u00e7a, privacidade, comportamentos positivos nas redes e autocuidado online. As atividades desenvolvidas prop\u00f5em educar sobre como verificar e compartilhar informa\u00e7\u00f5es online de forma respons\u00e1vel, como promover o respeito e a empatia na Internet, como prevenir o bullying, al\u00e9m da import\u00e2ncia de gerenciar sua presen\u00e7a online com ferramentas de privacidade e seguran\u00e7a.\u00a0 Esta edi\u00e7\u00e3o contar\u00e1 ainda com o novo m\u00f3dulo Criptografia de Ponto a Ponto para conscientizar sobre a import\u00e2ncia do uso deste recurso para um ambiente digital mais seguro e privado. Entre as novidades, o Cidad\u00e3o Digital lan\u00e7ar\u00e1 um Manual Pr\u00e1tico de Seguran\u00e7a Digital para Escolas e um Guia de Forma\u00e7\u00e3o em Educa\u00e7\u00e3o para Cidadania Digital para Educadores.\u00a0 &#8220;Em 2021, os temas continuam urgentes e nosso objetivo \u00e9 refor\u00e7ar que precisamos falar n\u00e3o apenas das tecnologias como ferramentas no ensino remoto, mas tamb\u00e9m pautar o uso \u00e9tico das tecnologias na vida cotidiana dos alunos, dentro e fora do contexto escolar. Estamos animados para trabalhar com os novos jovens na promo\u00e7\u00e3o de rotinas digitais mais saud\u00e1veis, atentos especialmente aos desafios de cuidado com a sa\u00fade mental deles&#8221;, refor\u00e7a Rodrigo Nejm, diretor de educa\u00e7\u00e3o da Safernet Brasil. A primeira etapa do projeto se inicia com um processo seletivo de jovens embaixadores que, ap\u00f3s passarem por uma capacita\u00e7\u00e3o e experimentarem a cria\u00e7\u00e3o de conte\u00fados online, receber\u00e3o uma bolsa de R$ 1.500 do programa e ministrar\u00e3o as atividades de educa\u00e7\u00e3o digital com mentoria e supervis\u00e3o da equipe da Safernet. Os jovens interessados em se tornar embaixadores podem se inscrever a partir do dia 17 de mar\u00e7o no site <a href=\"http:\/\/www.cidadaodigital.org.br\" rel=\"nofollow\">http:\/\/www.cidadaodigital.org.br<\/a>. Segundo Jade Christinne dos Santos, embaixadora do programa em 2020 e jovem mentora em 2021, &#8220;O Cidad\u00e3o Digital me ajudou a desenvolver muitas habilidades, como a articula\u00e7\u00e3o. Fechamos uma parceria institucional com a secretaria de educa\u00e7\u00e3o da minha cidade, e isso permitiu que lev\u00e1ssemos as atividades do programa a 28 escolas. Estou muito satisfeita em ter contribu\u00eddo para transformar o Cidad\u00e3o Digital em uma ferramenta de pol\u00edtica p\u00fablica e entusiasmada em facilitar essa trajet\u00f3ria para outros jovens.&#8221;\u00a0 Os educadores poder\u00e3o inscrever suas escolas e turmas online para receber as a\u00e7\u00f5es remotas do programa e tamb\u00e9m participar da forma\u00e7\u00e3o online exclusiva sobre cidadania digital, com certifica\u00e7\u00e3o gratuita.\u00a0 Resultados de 2020 Em 2020, o Cidad\u00e3o Digital impactou mais de 97 mil estudantes, superando a meta de alcan\u00e7ar 30 mil estudantes at\u00e9 o fim do ano passado. &#8220;Em 2020, mesmo com as dificuldades decorrentes da pandemia, conseguimos gerar um impacto social enorme, estimulando usos mais positivos das redes. Os jovens embaixadores trouxeram propostas criativas e engajadoras, implementadas como educa\u00e7\u00e3o entre pares, para mobilizar alunos da rede p\u00fablica de forma leve e din\u00e2mica&#8221;, observa Rodrigo Nejm, diretor de educa\u00e7\u00e3o da Safernet Brasil. Ao todo, foram mais de 922 horas de atividades em diversos formatos que pudessem engajar os estudantes como videoaulas, din\u00e2micas em aplicativos de mensagem, jogos e quizzes e exerc\u00edcios em grupos de redes sociais. Al\u00e9m dos 97 mil alunos que participaram do programa em 18 estados e no Distrito Federal, o Cidad\u00e3o Digital tamb\u00e9m impactou 61 mil educadores, que acompanharam o programa com os estudantes. Em 2021, todos os conte\u00fados produzidos em 2020 continuar\u00e3o dispon\u00edveis para download e far\u00e3o parte da forma\u00e7\u00e3o dos jovens. Al\u00e9m do Guia Cidad\u00e3o Digital, cartilha que aborda os temas centrais do programa e traz sugest\u00f5es de atividades, h\u00e1 ainda conte\u00fados audiovisuais, como as quatro videoaulas conduzidas por embaixadores do programa, dispon\u00edveis no Facebook e no Instagram da Safernet. O guia est\u00e1 dispon\u00edvel para download no site <a href=\"http:\/\/www.cidadaodigital.org.br\" rel=\"nofollow\">http:\/\/www.cidadaodigital.org.br<\/a>, tamb\u00e9m em vers\u00f5es em espanhol e em ingl\u00eas.","protected":false},"author":81109636,"featured_media":0,"comment_status":"closed","ping_status":"closed","sticky":false,"template":"","format":"standard","meta":{"_jetpack_memberships_contains_paid_content":false,"footnotes":""},"categories":[396542172,396542111,396542114,1],"tags":[396542140],"class_list":["post-22518","post","type-post","status-publish","format-standard","hentry","category-combatendo-desinformacao","category-comunidades","category-meta","category-recent-news","tag-cidadao-digital"],"yoast_head":"<!-- This site is optimized with the Yoast SEO plugin v27.2 - https:\/\/yoast.com\/product\/yoast-seo-wordpress\/ -->\n<title>Facebook e Safernet levam a\u00e7\u00f5es de combate \u00e0 desinforma\u00e7\u00e3o sobre COVID-19 e vacinas para 50 mil alunos do ensino p\u00fablico | Sobre a Meta<\/title>\n<meta name=\"robots\" content=\"index, follow, max-snippet:-1, max-image-preview:large, max-video-preview:-1\" \/>\n<link rel=\"canonical\" href=\"https:\/\/about.fb.com\/br\/news\/2021\/03\/facebook-e-safernet-levam-acoes-de-combate-a-desinformacao-sobre-covid-19-e-vacinas-para-50-mil-alunos-do-ensino-publico\/\" \/>\n<meta property=\"og:locale\" content=\"pt_BR\" \/>\n<meta property=\"og:type\" content=\"article\" \/>\n<meta property=\"og:title\" content=\"Facebook e Safernet levam a\u00e7\u00f5es de combate \u00e0 desinforma\u00e7\u00e3o sobre COVID-19 e vacinas para 50 mil alunos do ensino p\u00fablico | Sobre a Meta\" \/>\n<meta property=\"og:description\" content=\"Programa que foi lan\u00e7ado em 2020 j\u00e1 capacitou 97 mil alunos. Nova edi\u00e7\u00e3o refor\u00e7a a educa\u00e7\u00e3o midi\u00e1tica sobre COVID-19 e vacinas O Facebook, em parceria com a Safernet Brasil e o Instituto Palavra Aberta, anuncia o lan\u00e7amento da segunda edi\u00e7\u00e3o do Cidad\u00e3o Digital, programa criado com o intuito de levar a\u00e7\u00f5es de educa\u00e7\u00e3o para cidadania digital a alunos da rede p\u00fablica de todo o pa\u00eds. Neste ano, o programa gratuito tem como prioridade capacitar os jovens para a an\u00e1lise cr\u00edtica de informa\u00e7\u00f5es, principalmente relacionadas \u00e0 Covid-19, j\u00e1 que a epidemia ressaltou a import\u00e2ncia e a urg\u00eancia de combater a desinforma\u00e7\u00e3o na \u00e1rea da sa\u00fade. O Instituto Palavra Aberta, refer\u00eancia em educa\u00e7\u00e3o midi\u00e1tica no Brasil, ser\u00e1 o parceiro respons\u00e1vel por desenvolver esse material para o programa. O objetivo em 2021 ser\u00e1 chegar a 50 mil alunos de escolas p\u00fablicas, prioritariamente entre 13 a 17 anos, e 8 mil educadores, entre junho e dezembro.\u00a0 \u201cA educa\u00e7\u00e3o midi\u00e1tica \u00e9 um grande recurso para construirmos uma sociedade mais informada. Nesta edi\u00e7\u00e3o do Cidad\u00e3o Digital, refor\u00e7amos as bases para que os jovens estejam preparados para identificar informa\u00e7\u00f5es potencialmente incorretas sobre COVID-19 e vacinas, mas isso os ajudar\u00e1 a fazer uma leitura cr\u00edtica de not\u00edcias sobre outros temas tamb\u00e9m. Como o jovem \u00e9 muitas vezes um vetor da informa\u00e7\u00e3o em suas fam\u00edlias, esperamos estar contribuindo tamb\u00e9m para levar informa\u00e7\u00e3o a seus amigos e familiares,\u201d afirma a gerente de bem-estar do Facebook na Am\u00e9rica Latina, Daniele Kleiner \u201cEntendemos que a educa\u00e7\u00e3o midi\u00e1tica tem que ser encarada como um direito de todos, pois permite que qualquer pessoa passe a analisar criticamente as informa\u00e7\u00f5es em qualquer meio, a produzir conte\u00fado com mais responsabilidade e, principalmente, a atuar de forma \u00e9tica e segura do ambiente digital. Para o Instituto Palavra Aberta, participar desta edi\u00e7\u00e3o do Cidad\u00e3o Digital \u00e9 uma grande oportunidade de contribuirmos para o aprofundamento do letramento digital e informacional de jovens, num momento em que essas habilidades passam a ser cada vez mais necess\u00e1rias com o cen\u00e1rio de pandemia que vivemos\u201d, explica Patricia Blanco, presidente do Instituto Palavra Aberta. Os temas que foram abordados em 2020 tamb\u00e9m est\u00e3o contemplados na nova edi\u00e7\u00e3o do programa, como seguran\u00e7a, privacidade, comportamentos positivos nas redes e autocuidado online. As atividades desenvolvidas prop\u00f5em educar sobre como verificar e compartilhar informa\u00e7\u00f5es online de forma respons\u00e1vel, como promover o respeito e a empatia na Internet, como prevenir o bullying, al\u00e9m da import\u00e2ncia de gerenciar sua presen\u00e7a online com ferramentas de privacidade e seguran\u00e7a.\u00a0 Esta edi\u00e7\u00e3o contar\u00e1 ainda com o novo m\u00f3dulo Criptografia de Ponto a Ponto para conscientizar sobre a import\u00e2ncia do uso deste recurso para um ambiente digital mais seguro e privado. Entre as novidades, o Cidad\u00e3o Digital lan\u00e7ar\u00e1 um Manual Pr\u00e1tico de Seguran\u00e7a Digital para Escolas e um Guia de Forma\u00e7\u00e3o em Educa\u00e7\u00e3o para Cidadania Digital para Educadores.\u00a0 &#8220;Em 2021, os temas continuam urgentes e nosso objetivo \u00e9 refor\u00e7ar que precisamos falar n\u00e3o apenas das tecnologias como ferramentas no ensino remoto, mas tamb\u00e9m pautar o uso \u00e9tico das tecnologias na vida cotidiana dos alunos, dentro e fora do contexto escolar. Estamos animados para trabalhar com os novos jovens na promo\u00e7\u00e3o de rotinas digitais mais saud\u00e1veis, atentos especialmente aos desafios de cuidado com a sa\u00fade mental deles&#8221;, refor\u00e7a Rodrigo Nejm, diretor de educa\u00e7\u00e3o da Safernet Brasil. A primeira etapa do projeto se inicia com um processo seletivo de jovens embaixadores que, ap\u00f3s passarem por uma capacita\u00e7\u00e3o e experimentarem a cria\u00e7\u00e3o de conte\u00fados online, receber\u00e3o uma bolsa de R$ 1.500 do programa e ministrar\u00e3o as atividades de educa\u00e7\u00e3o digital com mentoria e supervis\u00e3o da equipe da Safernet. Os jovens interessados em se tornar embaixadores podem se inscrever a partir do dia 17 de mar\u00e7o no site www.cidadaodigital.org.br. Segundo Jade Christinne dos Santos, embaixadora do programa em 2020 e jovem mentora em 2021, &#8220;O Cidad\u00e3o Digital me ajudou a desenvolver muitas habilidades, como a articula\u00e7\u00e3o. Fechamos uma parceria institucional com a secretaria de educa\u00e7\u00e3o da minha cidade, e isso permitiu que lev\u00e1ssemos as atividades do programa a 28 escolas. Estou muito satisfeita em ter contribu\u00eddo para transformar o Cidad\u00e3o Digital em uma ferramenta de pol\u00edtica p\u00fablica e entusiasmada em facilitar essa trajet\u00f3ria para outros jovens.&#8221;\u00a0 Os educadores poder\u00e3o inscrever suas escolas e turmas online para receber as a\u00e7\u00f5es remotas do programa e tamb\u00e9m participar da forma\u00e7\u00e3o online exclusiva sobre cidadania digital, com certifica\u00e7\u00e3o gratuita.\u00a0 Resultados de 2020 Em 2020, o Cidad\u00e3o Digital impactou mais de 97 mil estudantes, superando a meta de alcan\u00e7ar 30 mil estudantes at\u00e9 o fim do ano passado. &#8220;Em 2020, mesmo com as dificuldades decorrentes da pandemia, conseguimos gerar um impacto social enorme, estimulando usos mais positivos das redes. Os jovens embaixadores trouxeram propostas criativas e engajadoras, implementadas como educa\u00e7\u00e3o entre pares, para mobilizar alunos da rede p\u00fablica de forma leve e din\u00e2mica&#8221;, observa Rodrigo Nejm, diretor de educa\u00e7\u00e3o da Safernet Brasil. Ao todo, foram mais de 922 horas de atividades em diversos formatos que pudessem engajar os estudantes como videoaulas, din\u00e2micas em aplicativos de mensagem, jogos e quizzes e exerc\u00edcios em grupos de redes sociais. Al\u00e9m dos 97 mil alunos que participaram do programa em 18 estados e no Distrito Federal, o Cidad\u00e3o Digital tamb\u00e9m impactou 61 mil educadores, que acompanharam o programa com os estudantes. Em 2021, todos os conte\u00fados produzidos em 2020 continuar\u00e3o dispon\u00edveis para download e far\u00e3o parte da forma\u00e7\u00e3o dos jovens. Al\u00e9m do Guia Cidad\u00e3o Digital, cartilha que aborda os temas centrais do programa e traz sugest\u00f5es de atividades, h\u00e1 ainda conte\u00fados audiovisuais, como as quatro videoaulas conduzidas por embaixadores do programa, dispon\u00edveis no Facebook e no Instagram da Safernet. O guia est\u00e1 dispon\u00edvel para download no site www.cidadaodigital.org.br, tamb\u00e9m em vers\u00f5es em espanhol e em ingl\u00eas.\" \/>\n<meta property=\"og:url\" content=\"https:\/\/about.fb.com\/br\/news\/2021\/03\/facebook-e-safernet-levam-acoes-de-combate-a-desinformacao-sobre-covid-19-e-vacinas-para-50-mil-alunos-do-ensino-publico\/\" \/>\n<meta property=\"og:site_name\" content=\"Sobre a Meta\" \/>\n<meta property=\"article:published_time\" content=\"2021-03-17T15:00:51+00:00\" \/>\n<meta property=\"article:modified_time\" content=\"2021-07-01T20:37:41+00:00\" \/>\n<meta property=\"og:image\" content=\"https:\/\/about.fb.com\/br\/wp-content\/uploads\/sites\/11\/2021\/10\/meta-social-16x9-1.jpg?resize=1024,576\" \/>\n\t<meta property=\"og:image:width\" content=\"1024\" \/>\n\t<meta property=\"og:image:height\" content=\"576\" \/>\n\t<meta property=\"og:image:type\" content=\"image\/jpeg\" \/>\n<meta name=\"author\" content=\"facebookbr\" \/>\n<meta name=\"twitter:card\" content=\"summary_large_image\" \/>\n<meta name=\"twitter:label1\" content=\"Written by\" \/>\n\t<meta name=\"twitter:data1\" content=\"Meta\" \/>\n\t<meta name=\"twitter:label2\" content=\"Est. reading time\" \/>\n\t<meta name=\"twitter:data2\" content=\"5 minutos\" \/>\n<script type=\"application\/ld+json\" class=\"yoast-schema-graph\">{\"@context\":\"https:\/\/schema.org\",\"@graph\":[{\"@type\":\"Article\",\"@id\":\"https:\/\/about.fb.com\/br\/news\/2021\/03\/facebook-e-safernet-levam-acoes-de-combate-a-desinformacao-sobre-covid-19-e-vacinas-para-50-mil-alunos-do-ensino-publico\/#article\",\"isPartOf\":{\"@id\":\"https:\/\/about.fb.com\/br\/news\/2021\/03\/facebook-e-safernet-levam-acoes-de-combate-a-desinformacao-sobre-covid-19-e-vacinas-para-50-mil-alunos-do-ensino-publico\/\"},\"author\":\"Facebook company\",\"headline\":\"Facebook e Safernet levam a\u00e7\u00f5es de combate \u00e0 desinforma\u00e7\u00e3o sobre COVID-19 e vacinas para 50 mil alunos do ensino p\u00fablico\",\"datePublished\":\"2021-03-17T15:00:51+00:00\",\"dateModified\":\"2021-07-01T20:37:41+00:00\",\"mainEntityOfPage\":{\"@id\":\"https:\/\/about.fb.com\/br\/news\/2021\/03\/facebook-e-safernet-levam-acoes-de-combate-a-desinformacao-sobre-covid-19-e-vacinas-para-50-mil-alunos-do-ensino-publico\/\"},\"wordCount\":1059,\"publisher\":{\"@id\":\"https:\/\/about.fb.com\/br\/#organization\"},\"keywords\":[\"Cidad\u00e3o Digital\"],\"articleSection\":[\"Combatendo Desinforma\u00e7\u00e3o\",\"Fortalecendo Comunidades\",\"Meta\",\"Recent News\"],\"inLanguage\":\"pt-BR\"},{\"@type\":\"WebPage\",\"@id\":\"https:\/\/about.fb.com\/br\/news\/2021\/03\/facebook-e-safernet-levam-acoes-de-combate-a-desinformacao-sobre-covid-19-e-vacinas-para-50-mil-alunos-do-ensino-publico\/\",\"url\":\"https:\/\/about.fb.com\/br\/news\/2021\/03\/facebook-e-safernet-levam-acoes-de-combate-a-desinformacao-sobre-covid-19-e-vacinas-para-50-mil-alunos-do-ensino-publico\/\",\"name\":\"Facebook e Safernet levam a\u00e7\u00f5es de combate \u00e0 desinforma\u00e7\u00e3o sobre COVID-19 e vacinas para 50 mil alunos do ensino p\u00fablico | Sobre a Meta\",\"isPartOf\":{\"@id\":\"https:\/\/about.fb.com\/br\/#website\"},\"datePublished\":\"2021-03-17T15:00:51+00:00\",\"dateModified\":\"2021-07-01T20:37:41+00:00\",\"breadcrumb\":{\"@id\":\"https:\/\/about.fb.com\/br\/news\/2021\/03\/facebook-e-safernet-levam-acoes-de-combate-a-desinformacao-sobre-covid-19-e-vacinas-para-50-mil-alunos-do-ensino-publico\/#breadcrumb\"},\"inLanguage\":\"pt-BR\",\"potentialAction\":[{\"@type\":\"ReadAction\",\"target\":[\"https:\/\/about.fb.com\/br\/news\/2021\/03\/facebook-e-safernet-levam-acoes-de-combate-a-desinformacao-sobre-covid-19-e-vacinas-para-50-mil-alunos-do-ensino-publico\/\"]}],\"author\":\"Sobre a Meta\"},{\"@type\":\"BreadcrumbList\",\"@id\":\"https:\/\/about.fb.com\/br\/news\/2021\/03\/facebook-e-safernet-levam-acoes-de-combate-a-desinformacao-sobre-covid-19-e-vacinas-para-50-mil-alunos-do-ensino-publico\/#breadcrumb\",\"itemListElement\":[{\"@type\":\"ListItem\",\"position\":1,\"name\":\"Home\",\"item\":\"https:\/\/about.fb.com\/br\/\"},{\"@type\":\"ListItem\",\"position\":2,\"name\":\"Facebook e Safernet levam a\u00e7\u00f5es de combate \u00e0 desinforma\u00e7\u00e3o sobre COVID-19 e vacinas para 50 mil alunos do ensino p\u00fablico\"}]},{\"@type\":\"WebSite\",\"@id\":\"https:\/\/about.fb.com\/br\/#website\",\"url\":\"https:\/\/about.fb.com\/news\/\",\"name\":\"Sobre a Meta\",\"description\":\"\",\"publisher\":{\"@id\":\"https:\/\/about.fb.com\/br\/#organization\"},\"potentialAction\":[{\"@type\":\"SearchAction\",\"target\":{\"@type\":\"EntryPoint\",\"urlTemplate\":\"https:\/\/about.fb.com\/br\/?s={search_term_string}\"},\"query-input\":{\"@type\":\"PropertyValueSpecification\",\"valueRequired\":true,\"valueName\":\"search_term_string\"}}],\"inLanguage\":\"pt-BR\",\"alternateName\":[\"Meta Newsroom\",\"Meta\"]},{\"@type\":\"Organization\",\"@id\":\"https:\/\/about.fb.com\/br\/#organization\",\"name\":\"Meta\",\"url\":\"https:\/\/about.fb.com\/br\/\",\"logo\":{\"@type\":\"ImageObject\",\"inLanguage\":\"pt-BR\",\"@id\":\"https:\/\/about.fb.com\/br\/#\/schema\/logo\/image\/\",\"url\":\"https:\/\/about.fb.com\/br\/wp-content\/uploads\/sites\/11\/2021\/10\/meta-social-16x9-1.jpg?fit=8000%2C4500\",\"contentUrl\":\"https:\/\/about.fb.com\/br\/wp-content\/uploads\/sites\/11\/2021\/10\/meta-social-16x9-1.jpg?fit=8000%2C4500\",\"width\":8000,\"height\":4500,\"caption\":\"Meta\"},\"image\":{\"@id\":\"https:\/\/about.fb.com\/br\/#\/schema\/logo\/image\/\"}}]}<\/script>\n<!-- \/ Yoast SEO plugin. -->","yoast_head_json":{"title":"Facebook e Safernet levam a\u00e7\u00f5es de combate \u00e0 desinforma\u00e7\u00e3o sobre COVID-19 e vacinas para 50 mil alunos do ensino p\u00fablico | Sobre a Meta","robots":{"index":"index","follow":"follow","max-snippet":"max-snippet:-1","max-image-preview":"max-image-preview:large","max-video-preview":"max-video-preview:-1"},"canonical":"https:\/\/about.fb.com\/br\/news\/2021\/03\/facebook-e-safernet-levam-acoes-de-combate-a-desinformacao-sobre-covid-19-e-vacinas-para-50-mil-alunos-do-ensino-publico\/","og_locale":"pt_BR","og_type":"article","og_title":"Facebook e Safernet levam a\u00e7\u00f5es de combate \u00e0 desinforma\u00e7\u00e3o sobre COVID-19 e vacinas para 50 mil alunos do ensino p\u00fablico | Sobre a Meta","og_description":"Programa que foi lan\u00e7ado em 2020 j\u00e1 capacitou 97 mil alunos. Nova edi\u00e7\u00e3o refor\u00e7a a educa\u00e7\u00e3o midi\u00e1tica sobre COVID-19 e vacinas O Facebook, em parceria com a Safernet Brasil e o Instituto Palavra Aberta, anuncia o lan\u00e7amento da segunda edi\u00e7\u00e3o do Cidad\u00e3o Digital, programa criado com o intuito de levar a\u00e7\u00f5es de educa\u00e7\u00e3o para cidadania digital a alunos da rede p\u00fablica de todo o pa\u00eds. Neste ano, o programa gratuito tem como prioridade capacitar os jovens para a an\u00e1lise cr\u00edtica de informa\u00e7\u00f5es, principalmente relacionadas \u00e0 Covid-19, j\u00e1 que a epidemia ressaltou a import\u00e2ncia e a urg\u00eancia de combater a desinforma\u00e7\u00e3o na \u00e1rea da sa\u00fade. O Instituto Palavra Aberta, refer\u00eancia em educa\u00e7\u00e3o midi\u00e1tica no Brasil, ser\u00e1 o parceiro respons\u00e1vel por desenvolver esse material para o programa. O objetivo em 2021 ser\u00e1 chegar a 50 mil alunos de escolas p\u00fablicas, prioritariamente entre 13 a 17 anos, e 8 mil educadores, entre junho e dezembro.\u00a0 \u201cA educa\u00e7\u00e3o midi\u00e1tica \u00e9 um grande recurso para construirmos uma sociedade mais informada. Nesta edi\u00e7\u00e3o do Cidad\u00e3o Digital, refor\u00e7amos as bases para que os jovens estejam preparados para identificar informa\u00e7\u00f5es potencialmente incorretas sobre COVID-19 e vacinas, mas isso os ajudar\u00e1 a fazer uma leitura cr\u00edtica de not\u00edcias sobre outros temas tamb\u00e9m. Como o jovem \u00e9 muitas vezes um vetor da informa\u00e7\u00e3o em suas fam\u00edlias, esperamos estar contribuindo tamb\u00e9m para levar informa\u00e7\u00e3o a seus amigos e familiares,\u201d afirma a gerente de bem-estar do Facebook na Am\u00e9rica Latina, Daniele Kleiner \u201cEntendemos que a educa\u00e7\u00e3o midi\u00e1tica tem que ser encarada como um direito de todos, pois permite que qualquer pessoa passe a analisar criticamente as informa\u00e7\u00f5es em qualquer meio, a produzir conte\u00fado com mais responsabilidade e, principalmente, a atuar de forma \u00e9tica e segura do ambiente digital. Para o Instituto Palavra Aberta, participar desta edi\u00e7\u00e3o do Cidad\u00e3o Digital \u00e9 uma grande oportunidade de contribuirmos para o aprofundamento do letramento digital e informacional de jovens, num momento em que essas habilidades passam a ser cada vez mais necess\u00e1rias com o cen\u00e1rio de pandemia que vivemos\u201d, explica Patricia Blanco, presidente do Instituto Palavra Aberta. Os temas que foram abordados em 2020 tamb\u00e9m est\u00e3o contemplados na nova edi\u00e7\u00e3o do programa, como seguran\u00e7a, privacidade, comportamentos positivos nas redes e autocuidado online. As atividades desenvolvidas prop\u00f5em educar sobre como verificar e compartilhar informa\u00e7\u00f5es online de forma respons\u00e1vel, como promover o respeito e a empatia na Internet, como prevenir o bullying, al\u00e9m da import\u00e2ncia de gerenciar sua presen\u00e7a online com ferramentas de privacidade e seguran\u00e7a.\u00a0 Esta edi\u00e7\u00e3o contar\u00e1 ainda com o novo m\u00f3dulo Criptografia de Ponto a Ponto para conscientizar sobre a import\u00e2ncia do uso deste recurso para um ambiente digital mais seguro e privado. Entre as novidades, o Cidad\u00e3o Digital lan\u00e7ar\u00e1 um Manual Pr\u00e1tico de Seguran\u00e7a Digital para Escolas e um Guia de Forma\u00e7\u00e3o em Educa\u00e7\u00e3o para Cidadania Digital para Educadores.\u00a0 &#8220;Em 2021, os temas continuam urgentes e nosso objetivo \u00e9 refor\u00e7ar que precisamos falar n\u00e3o apenas das tecnologias como ferramentas no ensino remoto, mas tamb\u00e9m pautar o uso \u00e9tico das tecnologias na vida cotidiana dos alunos, dentro e fora do contexto escolar. Estamos animados para trabalhar com os novos jovens na promo\u00e7\u00e3o de rotinas digitais mais saud\u00e1veis, atentos especialmente aos desafios de cuidado com a sa\u00fade mental deles&#8221;, refor\u00e7a Rodrigo Nejm, diretor de educa\u00e7\u00e3o da Safernet Brasil. A primeira etapa do projeto se inicia com um processo seletivo de jovens embaixadores que, ap\u00f3s passarem por uma capacita\u00e7\u00e3o e experimentarem a cria\u00e7\u00e3o de conte\u00fados online, receber\u00e3o uma bolsa de R$ 1.500 do programa e ministrar\u00e3o as atividades de educa\u00e7\u00e3o digital com mentoria e supervis\u00e3o da equipe da Safernet. Os jovens interessados em se tornar embaixadores podem se inscrever a partir do dia 17 de mar\u00e7o no site www.cidadaodigital.org.br. Segundo Jade Christinne dos Santos, embaixadora do programa em 2020 e jovem mentora em 2021, &#8220;O Cidad\u00e3o Digital me ajudou a desenvolver muitas habilidades, como a articula\u00e7\u00e3o. Fechamos uma parceria institucional com a secretaria de educa\u00e7\u00e3o da minha cidade, e isso permitiu que lev\u00e1ssemos as atividades do programa a 28 escolas. Estou muito satisfeita em ter contribu\u00eddo para transformar o Cidad\u00e3o Digital em uma ferramenta de pol\u00edtica p\u00fablica e entusiasmada em facilitar essa trajet\u00f3ria para outros jovens.&#8221;\u00a0 Os educadores poder\u00e3o inscrever suas escolas e turmas online para receber as a\u00e7\u00f5es remotas do programa e tamb\u00e9m participar da forma\u00e7\u00e3o online exclusiva sobre cidadania digital, com certifica\u00e7\u00e3o gratuita.\u00a0 Resultados de 2020 Em 2020, o Cidad\u00e3o Digital impactou mais de 97 mil estudantes, superando a meta de alcan\u00e7ar 30 mil estudantes at\u00e9 o fim do ano passado. &#8220;Em 2020, mesmo com as dificuldades decorrentes da pandemia, conseguimos gerar um impacto social enorme, estimulando usos mais positivos das redes. Os jovens embaixadores trouxeram propostas criativas e engajadoras, implementadas como educa\u00e7\u00e3o entre pares, para mobilizar alunos da rede p\u00fablica de forma leve e din\u00e2mica&#8221;, observa Rodrigo Nejm, diretor de educa\u00e7\u00e3o da Safernet Brasil. Ao todo, foram mais de 922 horas de atividades em diversos formatos que pudessem engajar os estudantes como videoaulas, din\u00e2micas em aplicativos de mensagem, jogos e quizzes e exerc\u00edcios em grupos de redes sociais. Al\u00e9m dos 97 mil alunos que participaram do programa em 18 estados e no Distrito Federal, o Cidad\u00e3o Digital tamb\u00e9m impactou 61 mil educadores, que acompanharam o programa com os estudantes. Em 2021, todos os conte\u00fados produzidos em 2020 continuar\u00e3o dispon\u00edveis para download e far\u00e3o parte da forma\u00e7\u00e3o dos jovens. Al\u00e9m do Guia Cidad\u00e3o Digital, cartilha que aborda os temas centrais do programa e traz sugest\u00f5es de atividades, h\u00e1 ainda conte\u00fados audiovisuais, como as quatro videoaulas conduzidas por embaixadores do programa, dispon\u00edveis no Facebook e no Instagram da Safernet. O guia est\u00e1 dispon\u00edvel para download no site www.cidadaodigital.org.br, tamb\u00e9m em vers\u00f5es em espanhol e em ingl\u00eas.","og_url":"https:\/\/about.fb.com\/br\/news\/2021\/03\/facebook-e-safernet-levam-acoes-de-combate-a-desinformacao-sobre-covid-19-e-vacinas-para-50-mil-alunos-do-ensino-publico\/","og_site_name":"Sobre a Meta","article_published_time":"2021-03-17T15:00:51+00:00","article_modified_time":"2021-07-01T20:37:41+00:00","og_image":[{"width":1024,"height":576,"url":"https:\/\/about.fb.com\/br\/wp-content\/uploads\/sites\/11\/2021\/10\/meta-social-16x9-1.jpg?resize=1024,576","type":"image\/jpeg"}],"author":"facebookbr","twitter_card":"summary_large_image","twitter_misc":{"Written by":"Meta","Est. reading time":"5 minutos"},"schema":{"@context":"https:\/\/schema.org","@graph":[{"@type":"Article","@id":"https:\/\/about.fb.com\/br\/news\/2021\/03\/facebook-e-safernet-levam-acoes-de-combate-a-desinformacao-sobre-covid-19-e-vacinas-para-50-mil-alunos-do-ensino-publico\/#article","isPartOf":{"@id":"https:\/\/about.fb.com\/br\/news\/2021\/03\/facebook-e-safernet-levam-acoes-de-combate-a-desinformacao-sobre-covid-19-e-vacinas-para-50-mil-alunos-do-ensino-publico\/"},"author":"Facebook company","headline":"Facebook e Safernet levam a\u00e7\u00f5es de combate \u00e0 desinforma\u00e7\u00e3o sobre COVID-19 e vacinas para 50 mil alunos do ensino p\u00fablico","datePublished":"2021-03-17T15:00:51+00:00","dateModified":"2021-07-01T20:37:41+00:00","mainEntityOfPage":{"@id":"https:\/\/about.fb.com\/br\/news\/2021\/03\/facebook-e-safernet-levam-acoes-de-combate-a-desinformacao-sobre-covid-19-e-vacinas-para-50-mil-alunos-do-ensino-publico\/"},"wordCount":1059,"publisher":{"@id":"https:\/\/about.fb.com\/br\/#organization"},"keywords":["Cidad\u00e3o Digital"],"articleSection":["Combatendo Desinforma\u00e7\u00e3o","Fortalecendo Comunidades","Meta","Recent News"],"inLanguage":"pt-BR"},{"@type":"WebPage","@id":"https:\/\/about.fb.com\/br\/news\/2021\/03\/facebook-e-safernet-levam-acoes-de-combate-a-desinformacao-sobre-covid-19-e-vacinas-para-50-mil-alunos-do-ensino-publico\/","url":"https:\/\/about.fb.com\/br\/news\/2021\/03\/facebook-e-safernet-levam-acoes-de-combate-a-desinformacao-sobre-covid-19-e-vacinas-para-50-mil-alunos-do-ensino-publico\/","name":"Facebook e Safernet levam a\u00e7\u00f5es de combate \u00e0 desinforma\u00e7\u00e3o sobre COVID-19 e vacinas para 50 mil alunos do ensino p\u00fablico | Sobre a Meta","isPartOf":{"@id":"https:\/\/about.fb.com\/br\/#website"},"datePublished":"2021-03-17T15:00:51+00:00","dateModified":"2021-07-01T20:37:41+00:00","breadcrumb":{"@id":"https:\/\/about.fb.com\/br\/news\/2021\/03\/facebook-e-safernet-levam-acoes-de-combate-a-desinformacao-sobre-covid-19-e-vacinas-para-50-mil-alunos-do-ensino-publico\/#breadcrumb"},"inLanguage":"pt-BR","potentialAction":[{"@type":"ReadAction","target":["https:\/\/about.fb.com\/br\/news\/2021\/03\/facebook-e-safernet-levam-acoes-de-combate-a-desinformacao-sobre-covid-19-e-vacinas-para-50-mil-alunos-do-ensino-publico\/"]}],"author":"Sobre a Meta"},{"@type":"BreadcrumbList","@id":"https:\/\/about.fb.com\/br\/news\/2021\/03\/facebook-e-safernet-levam-acoes-de-combate-a-desinformacao-sobre-covid-19-e-vacinas-para-50-mil-alunos-do-ensino-publico\/#breadcrumb","itemListElement":[{"@type":"ListItem","position":1,"name":"Home","item":"https:\/\/about.fb.com\/br\/"},{"@type":"ListItem","position":2,"name":"Facebook e Safernet levam a\u00e7\u00f5es de combate \u00e0 desinforma\u00e7\u00e3o sobre COVID-19 e vacinas para 50 mil alunos do ensino p\u00fablico"}]},{"@type":"WebSite","@id":"https:\/\/about.fb.com\/br\/#website","url":"https:\/\/about.fb.com\/news\/","name":"Sobre a Meta","description":"","publisher":{"@id":"https:\/\/about.fb.com\/br\/#organization"},"potentialAction":[{"@type":"SearchAction","target":{"@type":"EntryPoint","urlTemplate":"https:\/\/about.fb.com\/br\/?s={search_term_string}"},"query-input":{"@type":"PropertyValueSpecification","valueRequired":true,"valueName":"search_term_string"}}],"inLanguage":"pt-BR","alternateName":["Meta Newsroom","Meta"]},{"@type":"Organization","@id":"https:\/\/about.fb.com\/br\/#organization","name":"Meta","url":"https:\/\/about.fb.com\/br\/","logo":{"@type":"ImageObject","inLanguage":"pt-BR","@id":"https:\/\/about.fb.com\/br\/#\/schema\/logo\/image\/","url":"https:\/\/about.fb.com\/br\/wp-content\/uploads\/sites\/11\/2021\/10\/meta-social-16x9-1.jpg?fit=8000%2C4500","contentUrl":"https:\/\/about.fb.com\/br\/wp-content\/uploads\/sites\/11\/2021\/10\/meta-social-16x9-1.jpg?fit=8000%2C4500","width":8000,"height":4500,"caption":"Meta"},"image":{"@id":"https:\/\/about.fb.com\/br\/#\/schema\/logo\/image\/"}}]}},"jetpack_featured_media_url":"","jetpack-related-posts":[{"id":26363,"url":"https:\/\/about.fb.com\/br\/news\/2025\/04\/nova-escola-esta-entre-os-vencedores-do-llama-impact-grants-usando-ia-para-impulsionar-educacao-publica-no-brasil\/","url_meta":{"origin":22518,"position":0},"title":"Nova Escola est\u00e1 entre os vencedores do Llama Impact Grants, usando IA para impulsionar educa\u00e7\u00e3o p\u00fablica no Brasil","author":"Meta","date":"29\/04\/2025","format":false,"excerpt":"Estamos animados em anunciar os 10 vencedores internacionais da segunda edi\u00e7\u00e3o do Llama Impact Grants. As bolsas somam mais de US$ 1,5 milh\u00e3o em premia\u00e7\u00f5es e t\u00eam como objetivo impulsionar a inova\u00e7\u00e3o em empresas, startups e universidades que utilizam o Llama para gerar valor econ\u00f4mico e social. Representando o Brasil\u2026","rel":"","context":"In &quot;Recent News&quot;","block_context":{"text":"Recent News","link":"https:\/\/about.fb.com\/br\/news\/category\/recent-news\/"},"img":{"alt_text":"","src":"https:\/\/about.fb.com\/br\/wp-content\/uploads\/sites\/11\/2025\/04\/Llama-Grant-Winners_Header.png?fit=1920%2C1080&resize=350%2C200","width":350,"height":200,"srcset":"https:\/\/about.fb.com\/br\/wp-content\/uploads\/sites\/11\/2025\/04\/Llama-Grant-Winners_Header.png?fit=1920%2C1080&resize=350%2C200 1x, https:\/\/about.fb.com\/br\/wp-content\/uploads\/sites\/11\/2025\/04\/Llama-Grant-Winners_Header.png?fit=1920%2C1080&resize=525%2C300 1.5x, https:\/\/about.fb.com\/br\/wp-content\/uploads\/sites\/11\/2025\/04\/Llama-Grant-Winners_Header.png?fit=1920%2C1080&resize=700%2C400 2x, https:\/\/about.fb.com\/br\/wp-content\/uploads\/sites\/11\/2025\/04\/Llama-Grant-Winners_Header.png?fit=1920%2C1080&resize=1050%2C600 3x, https:\/\/about.fb.com\/br\/wp-content\/uploads\/sites\/11\/2025\/04\/Llama-Grant-Winners_Header.png?fit=1920%2C1080&resize=1400%2C800 4x"},"classes":[]},{"id":27001,"url":"https:\/\/about.fb.com\/br\/news\/2026\/03\/combatendo-golpistas-e-protegendo-pessoas-com-novas-tecnologias-e-parcerias\/","url_meta":{"origin":22518,"position":1},"title":"Combatendo golpistas e protegendo pessoas com novas tecnologias e parcerias","author":"Meta","date":"11\/03\/2026","format":false,"excerpt":"Os golpistas est\u00e3o constantemente evoluindo suas t\u00e1ticas \u2014 e n\u00f3s tamb\u00e9m. Todos os dias, criminosos usam m\u00e9todos cada vez mais sofisticados para enganar pessoas em nossas plataformas e pela Internet. Por isso, estamos anunciando novos investimentos em IA avan\u00e7ada, ferramentas para ajudar as pessoas a identificarem e evitarem golpistas, al\u00e9m\u2026","rel":"","context":"In &quot;Combatendo Desinforma\u00e7\u00e3o&quot;","block_context":{"text":"Combatendo Desinforma\u00e7\u00e3o","link":"https:\/\/about.fb.com\/br\/news\/category\/temas-home\/combatendo-desinformacao\/"},"img":{"alt_text":"","src":"https:\/\/about.fb.com\/br\/wp-content\/uploads\/sites\/11\/2026\/03\/Scams.jpg?fit=819%2C460&resize=350%2C200","width":350,"height":200,"srcset":"https:\/\/about.fb.com\/br\/wp-content\/uploads\/sites\/11\/2026\/03\/Scams.jpg?fit=819%2C460&resize=350%2C200 1x, https:\/\/about.fb.com\/br\/wp-content\/uploads\/sites\/11\/2026\/03\/Scams.jpg?fit=819%2C460&resize=525%2C300 1.5x, https:\/\/about.fb.com\/br\/wp-content\/uploads\/sites\/11\/2026\/03\/Scams.jpg?fit=819%2C460&resize=700%2C400 2x"},"classes":[]},{"id":26491,"url":"https:\/\/about.fb.com\/br\/news\/2025\/06\/tela-consciente-em-brasilia-caminhos-para-facilitar-a-supervisao-parental-online-de-adolescentes\/","url_meta":{"origin":22518,"position":2},"title":"Tela Consciente em Bras\u00edlia: caminhos para facilitar a supervis\u00e3o parental online de adolescentes","author":"Meta","date":"17\/06\/2025","format":false,"excerpt":"Em 12 de junho, a Meta reuniu em Bras\u00edlia autoridades, executivos de empresas e representantes da academia e sociedade civil para a segunda edi\u00e7\u00e3o do Tela Consciente, um debate sobre como apoiar as fam\u00edlias no uso consciente das plataformas digitais por adolescentes. O evento teve como foco os desafios e\u2026","rel":"","context":"In &quot;Recent News&quot;","block_context":{"text":"Recent News","link":"https:\/\/about.fb.com\/br\/news\/category\/recent-news\/"},"img":{"alt_text":"","src":"https:\/\/about.fb.com\/br\/wp-content\/uploads\/sites\/11\/2025\/06\/@leannabdon-1.jpg?fit=4500%2C3000&resize=350%2C200","width":350,"height":200,"srcset":"https:\/\/about.fb.com\/br\/wp-content\/uploads\/sites\/11\/2025\/06\/@leannabdon-1.jpg?fit=4500%2C3000&resize=350%2C200 1x, https:\/\/about.fb.com\/br\/wp-content\/uploads\/sites\/11\/2025\/06\/@leannabdon-1.jpg?fit=4500%2C3000&resize=525%2C300 1.5x, https:\/\/about.fb.com\/br\/wp-content\/uploads\/sites\/11\/2025\/06\/@leannabdon-1.jpg?fit=4500%2C3000&resize=700%2C400 2x, https:\/\/about.fb.com\/br\/wp-content\/uploads\/sites\/11\/2025\/06\/@leannabdon-1.jpg?fit=4500%2C3000&resize=1050%2C600 3x, https:\/\/about.fb.com\/br\/wp-content\/uploads\/sites\/11\/2025\/06\/@leannabdon-1.jpg?fit=4500%2C3000&resize=1400%2C800 4x"},"classes":[]},{"id":26834,"url":"https:\/\/about.fb.com\/br\/news\/2025\/12\/golpes-sao-ruins-para-os-negocios-nossos-esforcos-continuos-para-combater-fraudes\/","url_meta":{"origin":22518,"position":3},"title":"Golpes S\u00e3o Ruins para os Neg\u00f3cios: Nossos esfor\u00e7os cont\u00ednuos para combater fraudes","author":"Meta","date":"03\/12\/2025","format":false,"excerpt":"O aumento dos golpes est\u00e1 ocorrendo em toda a internet \u2014 desde aplicativos de namoro e jogos online, at\u00e9 plataformas de criptomoedas e mensagens de texto. Ningu\u00e9m gosta disso. Nem as pessoas que utilizam nossos servi\u00e7os. Nem os anunciantes. E certamente nem n\u00f3s. Os criminosos sofisticados por tr\u00e1s dos golpes\u2026","rel":"","context":"In &quot;Fortalecendo Comunidades&quot;","block_context":{"text":"Fortalecendo Comunidades","link":"https:\/\/about.fb.com\/br\/news\/category\/temas-home\/comunidades\/"},"img":{"alt_text":"","src":"https:\/\/about.fb.com\/br\/wp-content\/uploads\/sites\/11\/2025\/12\/GASA-Scams-Work_Header.jpg?fit=1920%2C1080&resize=350%2C200","width":350,"height":200,"srcset":"https:\/\/about.fb.com\/br\/wp-content\/uploads\/sites\/11\/2025\/12\/GASA-Scams-Work_Header.jpg?fit=1920%2C1080&resize=350%2C200 1x, https:\/\/about.fb.com\/br\/wp-content\/uploads\/sites\/11\/2025\/12\/GASA-Scams-Work_Header.jpg?fit=1920%2C1080&resize=525%2C300 1.5x, https:\/\/about.fb.com\/br\/wp-content\/uploads\/sites\/11\/2025\/12\/GASA-Scams-Work_Header.jpg?fit=1920%2C1080&resize=700%2C400 2x, https:\/\/about.fb.com\/br\/wp-content\/uploads\/sites\/11\/2025\/12\/GASA-Scams-Work_Header.jpg?fit=1920%2C1080&resize=1050%2C600 3x, https:\/\/about.fb.com\/br\/wp-content\/uploads\/sites\/11\/2025\/12\/GASA-Scams-Work_Header.jpg?fit=1920%2C1080&resize=1400%2C800 4x"},"classes":[]},{"id":26774,"url":"https:\/\/about.fb.com\/br\/news\/2025\/10\/febraban-e-meta-se-unem-em-campanha-de-conscientizacao-contra-tentativas-de-golpes-online\/","url_meta":{"origin":22518,"position":4},"title":"Febraban e Meta se unem em campanha de conscientiza\u00e7\u00e3o contra tentativas de golpes online","author":"Meta","date":"22\/10\/2025","format":false,"excerpt":"Hoje estamos lan\u00e7ando a campanha \u201cDiga n\u00e3o aos golpes: Sua Seguran\u00e7a \u00e9 Coisa S\u00e9ria\u201d em parceria com a Febraban (Federa\u00e7\u00e3o Brasileira de Bancos),\u00a0 com o objetivo disseminar informa\u00e7\u00f5es \u00fateis de forma leve e acess\u00edvel para conscientizar o p\u00fablico sobre tentativas de golpes e fraudes online.\u00a0 A a\u00e7\u00e3o faz parte da\u2026","rel":"","context":"In &quot;Fortalecendo Comunidades&quot;","block_context":{"text":"Fortalecendo Comunidades","link":"https:\/\/about.fb.com\/br\/news\/category\/temas-home\/comunidades\/"},"img":{"alt_text":"","src":"https:\/\/about.fb.com\/br\/wp-content\/uploads\/sites\/11\/2025\/07\/Logo-Meta-1.jpg?fit=633%2C356&resize=350%2C200","width":350,"height":200,"srcset":"https:\/\/about.fb.com\/br\/wp-content\/uploads\/sites\/11\/2025\/07\/Logo-Meta-1.jpg?fit=633%2C356&resize=350%2C200 1x, https:\/\/about.fb.com\/br\/wp-content\/uploads\/sites\/11\/2025\/07\/Logo-Meta-1.jpg?fit=633%2C356&resize=525%2C300 1.5x"},"classes":[]},{"id":26525,"url":"https:\/\/about.fb.com\/br\/news\/2025\/07\/combatendo-conteudo-nao-original-para-proteger-e-elevar-criadores-no-facebook\/","url_meta":{"origin":22518,"position":5},"title":"Combatendo conte\u00fado n\u00e3o original para proteger e elevar Criadores no Facebook","author":"Meta","date":"14\/07\/2025","format":false,"excerpt":"Acreditamos que os criadores devem ser celebrados por suas vozes e perspectivas \u00fanicas, e n\u00e3o ofuscados por imitadores e contas falsas. Recentemente, lan\u00e7amos uma iniciativa de longo prazo para tornar o Feed mais relevante e ajudar criadores aut\u00eanticos a se destacarem, come\u00e7ando pela redu\u00e7\u00e3o do conte\u00fado com spam. Estamos avan\u00e7ando\u2026","rel":"","context":"In &quot;Facebook&quot;","block_context":{"text":"Facebook","link":"https:\/\/about.fb.com\/br\/news\/category\/technologies\/facebook\/"},"img":{"alt_text":"","src":"https:\/\/about.fb.com\/br\/wp-content\/uploads\/sites\/11\/2025\/07\/Logo-Meta-1.jpg?fit=633%2C356&resize=350%2C200","width":350,"height":200,"srcset":"https:\/\/about.fb.com\/br\/wp-content\/uploads\/sites\/11\/2025\/07\/Logo-Meta-1.jpg?fit=633%2C356&resize=350%2C200 1x, https:\/\/about.fb.com\/br\/wp-content\/uploads\/sites\/11\/2025\/07\/Logo-Meta-1.jpg?fit=633%2C356&resize=525%2C300 1.5x"},"classes":[]}],"jetpack_sharing_enabled":true,"amp_enabled":true,"_links":{"self":[{"href":"https:\/\/about.fb.com\/br\/wp-json\/wp\/v2\/posts\/22518","targetHints":{"allow":["GET"]}}],"collection":[{"href":"https:\/\/about.fb.com\/br\/wp-json\/wp\/v2\/posts"}],"about":[{"href":"https:\/\/about.fb.com\/br\/wp-json\/wp\/v2\/types\/post"}],"author":[{"embeddable":true,"href":"https:\/\/about.fb.com\/br\/wp-json\/wp\/v2\/users\/81109636"}],"replies":[{"embeddable":true,"href":"https:\/\/about.fb.com\/br\/wp-json\/wp\/v2\/comments?post=22518"}],"version-history":[{"count":2,"href":"https:\/\/about.fb.com\/br\/wp-json\/wp\/v2\/posts\/22518\/revisions"}],"predecessor-version":[{"id":22520,"href":"https:\/\/about.fb.com\/br\/wp-json\/wp\/v2\/posts\/22518\/revisions\/22520"}],"wp:attachment":[{"href":"https:\/\/about.fb.com\/br\/wp-json\/wp\/v2\/media?parent=22518"}],"wp:term":[{"taxonomy":"category","embeddable":true,"href":"https:\/\/about.fb.com\/br\/wp-json\/wp\/v2\/categories?post=22518"},{"taxonomy":"post_tag","embeddable":true,"href":"https:\/\/about.fb.com\/br\/wp-json\/wp\/v2\/tags?post=22518"}],"curies":[{"name":"wp","href":"https:\/\/api.w.org\/{rel}","templated":true}]}}