{"id":22512,"date":"2021-03-16T18:11:46","date_gmt":"2021-03-16T21:11:46","guid":{"rendered":"https:\/\/about.fb.com\/br\/?p=22512"},"modified":"2021-07-01T17:38:13","modified_gmt":"2021-07-01T20:38:13","slug":"nosso-compromisso-com-direitos-humanos","status":"publish","type":"post","link":"https:\/\/about.fb.com\/br\/news\/2021\/03\/nosso-compromisso-com-direitos-humanos\/","title":{"rendered":"Nosso compromisso com Direitos Humanos"},"content":{"rendered":"<p><span style=\"font-weight: 400\">Por Miranda Sissons, diretora de Direitos Humanos<\/span><\/p>\n<p><span style=\"font-weight: 400\">Cada vez mais, os direitos humanos s\u00e3o exercidos &#8211; e violados &#8211; online. Bilh\u00f5es de pessoas desfrutam de liberdade de express\u00e3o, acesso \u00e0 informa\u00e7\u00e3o e direito \u00e0 educa\u00e7\u00e3o no espa\u00e7o digital. Mas elas tamb\u00e9m podem enfrentar incita\u00e7\u00e3o ao \u00f3dio, bullying e ass\u00e9dio e ter sua privacidade violada nesse mesmo espa\u00e7o. No Facebook, temos o compromisso de respeitar os direitos humanos em nossas opera\u00e7\u00f5es comerciais, desenvolvimento de produtos, pol\u00edticas e programa\u00e7\u00e3o. Para promover esse compromisso, hoje estamos lan\u00e7ando uma <\/span><a href=\"https:\/\/about.fb.com\/wp-content\/uploads\/2021\/03\/Facebooks-Corporate-Human-Rights-Policy.pdf\"><span style=\"font-weight: 400\">pol\u00edtica corporativa de direitos humanos<\/span><\/a><span style=\"font-weight: 400\">, v\u00e1lida para todo o Facebook Inc, e um fundo para apoiar os defensores dos direitos humanos.<\/span><\/p>\n<p><span style=\"font-weight: 400\">De acordo com essa nova pol\u00edtica, tomaremos medidas para respeitar os direitos humanos conforme definido pela legisla\u00e7\u00e3o internacional de direitos humanos e conforme descrito nos <\/span><a href=\"https:\/\/www.ohchr.org\/documents\/publications\/guidingprinciplesbusinesshr_en.pdf\"><span style=\"font-weight: 400\">Princ\u00edpios Orientadores das Na\u00e7\u00f5es Unidas para Empresas e Direitos Humanos<\/span><\/a><span style=\"font-weight: 400\"> (UNGPs). E descrevemos como aplicamos esses princ\u00edpios aos nossos aplicativos e produtos, pol\u00edticas, programa\u00e7\u00e3o e abordagem geral dos nossos neg\u00f3cios. Relataremos nossas quest\u00f5es mais cr\u00edticas de direitos humanos, como riscos \u00e0 liberdade de express\u00e3o, ao nosso Conselho de Administra\u00e7\u00e3o. E publicaremos anualmente um relat\u00f3rio p\u00fablico sobre como estamos tratando das quest\u00f5es de direitos humanos decorrentes de nossos produtos, pol\u00edticas ou pr\u00e1ticas de neg\u00f3cios &#8211; algo que poucas empresas fazem. Este relat\u00f3rio anual ter\u00e1 como base nossa pr\u00e1tica existente de divulgar avalia\u00e7\u00f5es de impacto sobre os direitos humanos e respostas detalhadas \u00e0s recomenda\u00e7\u00f5es.<\/span><\/p>\n<p><span style=\"font-weight: 400\">Trabalhamos ao longo dos anos para apoiar os defensores dos direitos humanos que usam nossa plataforma e agora estamos criando o Fundo para a Liberdade de Express\u00e3o. O fundo dar\u00e1 assist\u00eancia offline aos defensores dos direitos humanos que enfrentam amea\u00e7as cr\u00edticas e apoiar\u00e1 novos esfor\u00e7os de seguran\u00e7a digital, come\u00e7ando na \u00c1sia ainda este ano. Tamb\u00e9m ampliaremos nosso trabalho j\u00e1 existente para proteger as contas de defensores dos direitos humanos &#8211; esfor\u00e7os que incluem o combate a agentes mal-intencionados que visam persegui-los, a prote\u00e7\u00e3o de remo\u00e7\u00f5es incorretas de conte\u00fado usando verifica\u00e7\u00e3o de fatos, <\/span><a href=\"https:\/\/www.facebook.com\/help\/235353253505947\"><span style=\"font-weight: 400\">op\u00e7\u00f5es de seguran\u00e7a<\/span><\/a><span style=\"font-weight: 400\"> avan\u00e7adas, medidas para impedir o acesso n\u00e3o autorizado \u00e0s contas de defensores que s\u00e3o presos ou detidos, al\u00e9m da divulga\u00e7\u00e3o de informa\u00e7\u00f5es e treinamentos em parceria com organiza\u00e7\u00f5es de direitos humanos.<\/span><\/p>\n<p><span style=\"font-weight: 400\">Estamos lan\u00e7ando esta pol\u00edtica para avan\u00e7ar em nossos compromissos como parte da <\/span><a href=\"https:\/\/globalnetworkinitiative.org\/\"><span style=\"font-weight: 400\">Global Network Initiative<\/span><\/a><span style=\"font-weight: 400\"> e nosso recente trabalho de direitos humanos. Esse trabalho inclui:<\/span><\/p>\n<ul>\n<li style=\"font-weight: 400\"><span style=\"font-weight: 400\">estabelecer um <\/span><a href=\"https:\/\/about.fb.com\/br\/news\/2019\/01\/atualizacao-sobre-o-conselho-de-governanca-para-decisoes-de-conteudo\/\"><span style=\"font-weight: 400\">Comit\u00ea de Supervis\u00e3o independente<\/span><\/a><span style=\"font-weight: 400\">,<\/span><\/li>\n<li style=\"font-weight: 400\"><span style=\"font-weight: 400\">compartilhar publicamente nossa <\/span><a href=\"https:\/\/about.fb.com\/br\/news\/2020\/07\/progredindo-na-area-de-direitos-civis-mas-com-um-longo-caminho-pela-frente\/\"><span style=\"font-weight: 400\">auditoria<\/span><\/a><span style=\"font-weight: 400\"> sobre direitos humanos e civis,<\/span><\/li>\n<li style=\"font-weight: 400\"><span style=\"font-weight: 400\">alterar as principais pol\u00edticas de conte\u00fado, incluindo a cria\u00e7\u00e3o de uma nova pol\u00edtica para remover rumores verificados, incorretos e n\u00e3o verific\u00e1veis \u200b\u200bque possam colocar pessoas em risco de danos f\u00edsicos iminentes, como resultado da avalia\u00e7\u00e3o de <\/span><a href=\"https:\/\/about.fb.com\/news\/2020\/05\/human-rights-work-in-asia\/\"><span style=\"font-weight: 400\">impacto dos direitos humanos no Sri Lanka<\/span><\/a><span style=\"font-weight: 400\">,<\/span><\/li>\n<li style=\"font-weight: 400\"><span style=\"font-weight: 400\">construir ferramentas e estrat\u00e9gias para lidar com conte\u00fado prejudicial nos pa\u00edses que priorizamos como os de maior risco de conflito, incluindo mais recentemente Mianmar,<\/span><\/li>\n<li style=\"font-weight: 400\"><span style=\"font-weight: 400\">divulgar dados de forma legal para a Miss\u00e3o de Investiga\u00e7\u00e3o Independente em <\/span><a href=\"https:\/\/about.fb.com\/news\/2021\/02\/an-update-on-myanmar\/\"><span style=\"font-weight: 400\">Mianmar<\/span><\/a><span style=\"font-weight: 400\">,\u00a0<\/span><\/li>\n<li style=\"font-weight: 400\"><span style=\"font-weight: 400\">lan\u00e7ar <\/span><a href=\"https:\/\/www.facebook.com\/journalismproject\/journalist-registration-facebook\"><span style=\"font-weight: 400\">prote\u00e7\u00f5es<\/span><\/a><span style=\"font-weight: 400\"> importantes para ajudar jornalistas contra o ass\u00e9dio e hackers.<\/span><\/li>\n<\/ul>\n<p><span style=\"font-weight: 400\">Nosso objetivo \u00e9 que o Facebook, como neg\u00f3cio e plataforma, seja um lugar de igualdade, seguran\u00e7a, dignidade e liberdade de express\u00e3o &#8211; os princ\u00edpios fundamentais dos direitos humanos &#8211; e que construa sistemas que respeitem os direitos humanos e a orienta\u00e7\u00e3o dos UNGPs. A luta pelos direitos humanos online continuar\u00e1 enfrentando novos desafios, \u00e0 medida que governos autorit\u00e1rios buscam cada vez mais exercer controle sobre a internet e us\u00e1-la como meio de repress\u00e3o. Nenhuma empresa ser\u00e1 perfeita, mas faremos tudo o que pudermos para cumprir os compromissos que assumimos hoje. E sabemos que seremos julgados com base em nossas a\u00e7\u00f5es e n\u00e3o apenas em nossas palavras.<\/span><\/p>\n","protected":false},"excerpt":{"rendered":"Por Miranda Sissons, diretora de Direitos Humanos Cada vez mais, os direitos humanos s\u00e3o exercidos &#8211; e violados &#8211; online. Bilh\u00f5es de pessoas desfrutam de liberdade de express\u00e3o, acesso \u00e0 informa\u00e7\u00e3o e direito \u00e0 educa\u00e7\u00e3o no espa\u00e7o digital. Mas elas tamb\u00e9m podem enfrentar incita\u00e7\u00e3o ao \u00f3dio, bullying e ass\u00e9dio e ter sua privacidade violada nesse mesmo espa\u00e7o. No Facebook, temos o compromisso de respeitar os direitos humanos em nossas opera\u00e7\u00f5es comerciais, desenvolvimento de produtos, pol\u00edticas e programa\u00e7\u00e3o. Para promover esse compromisso, hoje estamos lan\u00e7ando uma pol\u00edtica corporativa de direitos humanos, v\u00e1lida para todo o Facebook Inc, e um fundo para apoiar os defensores dos direitos humanos. De acordo com essa nova pol\u00edtica, tomaremos medidas para respeitar os direitos humanos conforme definido pela legisla\u00e7\u00e3o internacional de direitos humanos e conforme descrito nos Princ\u00edpios Orientadores das Na\u00e7\u00f5es Unidas para Empresas e Direitos Humanos (UNGPs). E descrevemos como aplicamos esses princ\u00edpios aos nossos aplicativos e produtos, pol\u00edticas, programa\u00e7\u00e3o e abordagem geral dos nossos neg\u00f3cios. Relataremos nossas quest\u00f5es mais cr\u00edticas de direitos humanos, como riscos \u00e0 liberdade de express\u00e3o, ao nosso Conselho de Administra\u00e7\u00e3o. E publicaremos anualmente um relat\u00f3rio p\u00fablico sobre como estamos tratando das quest\u00f5es de direitos humanos decorrentes de nossos produtos, pol\u00edticas ou pr\u00e1ticas de neg\u00f3cios &#8211; algo que poucas empresas fazem. Este relat\u00f3rio anual ter\u00e1 como base nossa pr\u00e1tica existente de divulgar avalia\u00e7\u00f5es de impacto sobre os direitos humanos e respostas detalhadas \u00e0s recomenda\u00e7\u00f5es. Trabalhamos ao longo dos anos para apoiar os defensores dos direitos humanos que usam nossa plataforma e agora estamos criando o Fundo para a Liberdade de Express\u00e3o. O fundo dar\u00e1 assist\u00eancia offline aos defensores dos direitos humanos que enfrentam amea\u00e7as cr\u00edticas e apoiar\u00e1 novos esfor\u00e7os de seguran\u00e7a digital, come\u00e7ando na \u00c1sia ainda este ano. Tamb\u00e9m ampliaremos nosso trabalho j\u00e1 existente para proteger as contas de defensores dos direitos humanos &#8211; esfor\u00e7os que incluem o combate a agentes mal-intencionados que visam persegui-los, a prote\u00e7\u00e3o de remo\u00e7\u00f5es incorretas de conte\u00fado usando verifica\u00e7\u00e3o de fatos, op\u00e7\u00f5es de seguran\u00e7a avan\u00e7adas, medidas para impedir o acesso n\u00e3o autorizado \u00e0s contas de defensores que s\u00e3o presos ou detidos, al\u00e9m da divulga\u00e7\u00e3o de informa\u00e7\u00f5es e treinamentos em parceria com organiza\u00e7\u00f5es de direitos humanos. Estamos lan\u00e7ando esta pol\u00edtica para avan\u00e7ar em nossos compromissos como parte da Global Network Initiative e nosso recente trabalho de direitos humanos. Esse trabalho inclui: estabelecer um Comit\u00ea de Supervis\u00e3o independente, compartilhar publicamente nossa auditoria sobre direitos humanos e civis, alterar as principais pol\u00edticas de conte\u00fado, incluindo a cria\u00e7\u00e3o de uma nova pol\u00edtica para remover rumores verificados, incorretos e n\u00e3o verific\u00e1veis \u200b\u200bque possam colocar pessoas em risco de danos f\u00edsicos iminentes, como resultado da avalia\u00e7\u00e3o de impacto dos direitos humanos no Sri Lanka, construir ferramentas e estrat\u00e9gias para lidar com conte\u00fado prejudicial nos pa\u00edses que priorizamos como os de maior risco de conflito, incluindo mais recentemente Mianmar, divulgar dados de forma legal para a Miss\u00e3o de Investiga\u00e7\u00e3o Independente em Mianmar,\u00a0 lan\u00e7ar prote\u00e7\u00f5es importantes para ajudar jornalistas contra o ass\u00e9dio e hackers. Nosso objetivo \u00e9 que o Facebook, como neg\u00f3cio e plataforma, seja um lugar de igualdade, seguran\u00e7a, dignidade e liberdade de express\u00e3o &#8211; os princ\u00edpios fundamentais dos direitos humanos &#8211; e que construa sistemas que respeitem os direitos humanos e a orienta\u00e7\u00e3o dos UNGPs. A luta pelos direitos humanos online continuar\u00e1 enfrentando novos desafios, \u00e0 medida que governos autorit\u00e1rios buscam cada vez mais exercer controle sobre a internet e us\u00e1-la como meio de repress\u00e3o. Nenhuma empresa ser\u00e1 perfeita, mas faremos tudo o que pudermos para cumprir os compromissos que assumimos hoje. E sabemos que seremos julgados com base em nossas a\u00e7\u00f5es e n\u00e3o apenas em nossas palavras.","protected":false},"author":81109636,"featured_media":22517,"comment_status":"closed","ping_status":"closed","sticky":false,"template":"","format":"standard","meta":{"_jetpack_memberships_contains_paid_content":false,"footnotes":""},"categories":[396542111,396542114,1],"tags":[],"class_list":["post-22512","post","type-post","status-publish","format-standard","has-post-thumbnail","hentry","category-comunidades","category-meta","category-recent-news"],"yoast_head":"<!-- This site is optimized with the Yoast SEO plugin v27.2 - https:\/\/yoast.com\/product\/yoast-seo-wordpress\/ -->\n<title>Nosso compromisso com Direitos Humanos | Sobre a Meta<\/title>\n<meta name=\"robots\" content=\"index, follow, max-snippet:-1, max-image-preview:large, max-video-preview:-1\" \/>\n<link rel=\"canonical\" href=\"https:\/\/about.fb.com\/br\/news\/2021\/03\/nosso-compromisso-com-direitos-humanos\/\" \/>\n<meta property=\"og:locale\" content=\"pt_BR\" \/>\n<meta property=\"og:type\" content=\"article\" \/>\n<meta property=\"og:title\" content=\"Nosso compromisso com Direitos Humanos | Sobre a Meta\" \/>\n<meta property=\"og:description\" content=\"Por Miranda Sissons, diretora de Direitos Humanos Cada vez mais, os direitos humanos s\u00e3o exercidos &#8211; e violados &#8211; online. Bilh\u00f5es de pessoas desfrutam de liberdade de express\u00e3o, acesso \u00e0 informa\u00e7\u00e3o e direito \u00e0 educa\u00e7\u00e3o no espa\u00e7o digital. Mas elas tamb\u00e9m podem enfrentar incita\u00e7\u00e3o ao \u00f3dio, bullying e ass\u00e9dio e ter sua privacidade violada nesse mesmo espa\u00e7o. No Facebook, temos o compromisso de respeitar os direitos humanos em nossas opera\u00e7\u00f5es comerciais, desenvolvimento de produtos, pol\u00edticas e programa\u00e7\u00e3o. Para promover esse compromisso, hoje estamos lan\u00e7ando uma pol\u00edtica corporativa de direitos humanos, v\u00e1lida para todo o Facebook Inc, e um fundo para apoiar os defensores dos direitos humanos. De acordo com essa nova pol\u00edtica, tomaremos medidas para respeitar os direitos humanos conforme definido pela legisla\u00e7\u00e3o internacional de direitos humanos e conforme descrito nos Princ\u00edpios Orientadores das Na\u00e7\u00f5es Unidas para Empresas e Direitos Humanos (UNGPs). E descrevemos como aplicamos esses princ\u00edpios aos nossos aplicativos e produtos, pol\u00edticas, programa\u00e7\u00e3o e abordagem geral dos nossos neg\u00f3cios. Relataremos nossas quest\u00f5es mais cr\u00edticas de direitos humanos, como riscos \u00e0 liberdade de express\u00e3o, ao nosso Conselho de Administra\u00e7\u00e3o. E publicaremos anualmente um relat\u00f3rio p\u00fablico sobre como estamos tratando das quest\u00f5es de direitos humanos decorrentes de nossos produtos, pol\u00edticas ou pr\u00e1ticas de neg\u00f3cios &#8211; algo que poucas empresas fazem. Este relat\u00f3rio anual ter\u00e1 como base nossa pr\u00e1tica existente de divulgar avalia\u00e7\u00f5es de impacto sobre os direitos humanos e respostas detalhadas \u00e0s recomenda\u00e7\u00f5es. Trabalhamos ao longo dos anos para apoiar os defensores dos direitos humanos que usam nossa plataforma e agora estamos criando o Fundo para a Liberdade de Express\u00e3o. O fundo dar\u00e1 assist\u00eancia offline aos defensores dos direitos humanos que enfrentam amea\u00e7as cr\u00edticas e apoiar\u00e1 novos esfor\u00e7os de seguran\u00e7a digital, come\u00e7ando na \u00c1sia ainda este ano. Tamb\u00e9m ampliaremos nosso trabalho j\u00e1 existente para proteger as contas de defensores dos direitos humanos &#8211; esfor\u00e7os que incluem o combate a agentes mal-intencionados que visam persegui-los, a prote\u00e7\u00e3o de remo\u00e7\u00f5es incorretas de conte\u00fado usando verifica\u00e7\u00e3o de fatos, op\u00e7\u00f5es de seguran\u00e7a avan\u00e7adas, medidas para impedir o acesso n\u00e3o autorizado \u00e0s contas de defensores que s\u00e3o presos ou detidos, al\u00e9m da divulga\u00e7\u00e3o de informa\u00e7\u00f5es e treinamentos em parceria com organiza\u00e7\u00f5es de direitos humanos. Estamos lan\u00e7ando esta pol\u00edtica para avan\u00e7ar em nossos compromissos como parte da Global Network Initiative e nosso recente trabalho de direitos humanos. Esse trabalho inclui: estabelecer um Comit\u00ea de Supervis\u00e3o independente, compartilhar publicamente nossa auditoria sobre direitos humanos e civis, alterar as principais pol\u00edticas de conte\u00fado, incluindo a cria\u00e7\u00e3o de uma nova pol\u00edtica para remover rumores verificados, incorretos e n\u00e3o verific\u00e1veis \u200b\u200bque possam colocar pessoas em risco de danos f\u00edsicos iminentes, como resultado da avalia\u00e7\u00e3o de impacto dos direitos humanos no Sri Lanka, construir ferramentas e estrat\u00e9gias para lidar com conte\u00fado prejudicial nos pa\u00edses que priorizamos como os de maior risco de conflito, incluindo mais recentemente Mianmar, divulgar dados de forma legal para a Miss\u00e3o de Investiga\u00e7\u00e3o Independente em Mianmar,\u00a0 lan\u00e7ar prote\u00e7\u00f5es importantes para ajudar jornalistas contra o ass\u00e9dio e hackers. Nosso objetivo \u00e9 que o Facebook, como neg\u00f3cio e plataforma, seja um lugar de igualdade, seguran\u00e7a, dignidade e liberdade de express\u00e3o &#8211; os princ\u00edpios fundamentais dos direitos humanos &#8211; e que construa sistemas que respeitem os direitos humanos e a orienta\u00e7\u00e3o dos UNGPs. A luta pelos direitos humanos online continuar\u00e1 enfrentando novos desafios, \u00e0 medida que governos autorit\u00e1rios buscam cada vez mais exercer controle sobre a internet e us\u00e1-la como meio de repress\u00e3o. Nenhuma empresa ser\u00e1 perfeita, mas faremos tudo o que pudermos para cumprir os compromissos que assumimos hoje. E sabemos que seremos julgados com base em nossas a\u00e7\u00f5es e n\u00e3o apenas em nossas palavras.\" \/>\n<meta property=\"og:url\" content=\"https:\/\/about.fb.com\/br\/news\/2021\/03\/nosso-compromisso-com-direitos-humanos\/\" \/>\n<meta property=\"og:site_name\" content=\"Sobre a Meta\" \/>\n<meta property=\"article:published_time\" content=\"2021-03-16T21:11:46+00:00\" \/>\n<meta property=\"article:modified_time\" content=\"2021-07-01T20:38:13+00:00\" \/>\n<meta property=\"og:image\" content=\"https:\/\/about.fb.com\/br\/wp-content\/uploads\/sites\/11\/2021\/03\/header3.png?fit=826%2C551\" \/>\n\t<meta property=\"og:image:width\" content=\"826\" \/>\n\t<meta property=\"og:image:height\" content=\"551\" \/>\n\t<meta property=\"og:image:type\" content=\"image\/png\" \/>\n<meta name=\"author\" content=\"facebookbr\" \/>\n<meta name=\"twitter:card\" content=\"summary_large_image\" \/>\n<meta name=\"twitter:label1\" content=\"Written by\" \/>\n\t<meta name=\"twitter:data1\" content=\"Meta\" \/>\n\t<meta name=\"twitter:label2\" content=\"Est. reading time\" \/>\n\t<meta name=\"twitter:data2\" content=\"3 minutos\" \/>\n<script type=\"application\/ld+json\" class=\"yoast-schema-graph\">{\"@context\":\"https:\/\/schema.org\",\"@graph\":[{\"@type\":\"Article\",\"@id\":\"https:\/\/about.fb.com\/br\/news\/2021\/03\/nosso-compromisso-com-direitos-humanos\/#article\",\"isPartOf\":{\"@id\":\"https:\/\/about.fb.com\/br\/news\/2021\/03\/nosso-compromisso-com-direitos-humanos\/\"},\"author\":\"Facebook company\",\"headline\":\"Nosso compromisso com Direitos Humanos\",\"datePublished\":\"2021-03-16T21:11:46+00:00\",\"dateModified\":\"2021-07-01T20:38:13+00:00\",\"mainEntityOfPage\":{\"@id\":\"https:\/\/about.fb.com\/br\/news\/2021\/03\/nosso-compromisso-com-direitos-humanos\/\"},\"wordCount\":686,\"publisher\":{\"@id\":\"https:\/\/about.fb.com\/br\/#organization\"},\"image\":{\"@id\":\"https:\/\/about.fb.com\/br\/news\/2021\/03\/nosso-compromisso-com-direitos-humanos\/#primaryimage\"},\"thumbnailUrl\":\"https:\/\/about.fb.com\/br\/wp-content\/uploads\/sites\/11\/2021\/03\/header3.png?fit=826%2C551\",\"articleSection\":[\"Fortalecendo Comunidades\",\"Meta\",\"Recent News\"],\"inLanguage\":\"pt-BR\"},{\"@type\":\"WebPage\",\"@id\":\"https:\/\/about.fb.com\/br\/news\/2021\/03\/nosso-compromisso-com-direitos-humanos\/\",\"url\":\"https:\/\/about.fb.com\/br\/news\/2021\/03\/nosso-compromisso-com-direitos-humanos\/\",\"name\":\"Nosso compromisso com Direitos Humanos | Sobre a Meta\",\"isPartOf\":{\"@id\":\"https:\/\/about.fb.com\/br\/#website\"},\"primaryImageOfPage\":{\"@id\":\"https:\/\/about.fb.com\/br\/news\/2021\/03\/nosso-compromisso-com-direitos-humanos\/#primaryimage\"},\"image\":{\"@id\":\"https:\/\/about.fb.com\/br\/news\/2021\/03\/nosso-compromisso-com-direitos-humanos\/#primaryimage\"},\"thumbnailUrl\":\"https:\/\/about.fb.com\/br\/wp-content\/uploads\/sites\/11\/2021\/03\/header3.png?fit=826%2C551\",\"datePublished\":\"2021-03-16T21:11:46+00:00\",\"dateModified\":\"2021-07-01T20:38:13+00:00\",\"breadcrumb\":{\"@id\":\"https:\/\/about.fb.com\/br\/news\/2021\/03\/nosso-compromisso-com-direitos-humanos\/#breadcrumb\"},\"inLanguage\":\"pt-BR\",\"potentialAction\":[{\"@type\":\"ReadAction\",\"target\":[\"https:\/\/about.fb.com\/br\/news\/2021\/03\/nosso-compromisso-com-direitos-humanos\/\"]}],\"author\":\"Sobre a Meta\"},{\"@type\":\"ImageObject\",\"inLanguage\":\"pt-BR\",\"@id\":\"https:\/\/about.fb.com\/br\/news\/2021\/03\/nosso-compromisso-com-direitos-humanos\/#primaryimage\",\"url\":\"https:\/\/about.fb.com\/br\/wp-content\/uploads\/sites\/11\/2021\/03\/header3.png?fit=826%2C551\",\"contentUrl\":\"https:\/\/about.fb.com\/br\/wp-content\/uploads\/sites\/11\/2021\/03\/header3.png?fit=826%2C551\",\"width\":826,\"height\":551},{\"@type\":\"BreadcrumbList\",\"@id\":\"https:\/\/about.fb.com\/br\/news\/2021\/03\/nosso-compromisso-com-direitos-humanos\/#breadcrumb\",\"itemListElement\":[{\"@type\":\"ListItem\",\"position\":1,\"name\":\"Home\",\"item\":\"https:\/\/about.fb.com\/br\/\"},{\"@type\":\"ListItem\",\"position\":2,\"name\":\"Nosso compromisso com Direitos Humanos\"}]},{\"@type\":\"WebSite\",\"@id\":\"https:\/\/about.fb.com\/br\/#website\",\"url\":\"https:\/\/about.fb.com\/news\/\",\"name\":\"Sobre a Meta\",\"description\":\"\",\"publisher\":{\"@id\":\"https:\/\/about.fb.com\/br\/#organization\"},\"potentialAction\":[{\"@type\":\"SearchAction\",\"target\":{\"@type\":\"EntryPoint\",\"urlTemplate\":\"https:\/\/about.fb.com\/br\/?s={search_term_string}\"},\"query-input\":{\"@type\":\"PropertyValueSpecification\",\"valueRequired\":true,\"valueName\":\"search_term_string\"}}],\"inLanguage\":\"pt-BR\",\"alternateName\":[\"Meta Newsroom\",\"Meta\"]},{\"@type\":\"Organization\",\"@id\":\"https:\/\/about.fb.com\/br\/#organization\",\"name\":\"Meta\",\"url\":\"https:\/\/about.fb.com\/br\/\",\"logo\":{\"@type\":\"ImageObject\",\"inLanguage\":\"pt-BR\",\"@id\":\"https:\/\/about.fb.com\/br\/#\/schema\/logo\/image\/\",\"url\":\"https:\/\/about.fb.com\/br\/wp-content\/uploads\/sites\/11\/2021\/10\/meta-social-16x9-1.jpg?fit=8000%2C4500\",\"contentUrl\":\"https:\/\/about.fb.com\/br\/wp-content\/uploads\/sites\/11\/2021\/10\/meta-social-16x9-1.jpg?fit=8000%2C4500\",\"width\":8000,\"height\":4500,\"caption\":\"Meta\"},\"image\":{\"@id\":\"https:\/\/about.fb.com\/br\/#\/schema\/logo\/image\/\"}}]}<\/script>\n<!-- \/ Yoast SEO plugin. -->","yoast_head_json":{"title":"Nosso compromisso com Direitos Humanos | Sobre a Meta","robots":{"index":"index","follow":"follow","max-snippet":"max-snippet:-1","max-image-preview":"max-image-preview:large","max-video-preview":"max-video-preview:-1"},"canonical":"https:\/\/about.fb.com\/br\/news\/2021\/03\/nosso-compromisso-com-direitos-humanos\/","og_locale":"pt_BR","og_type":"article","og_title":"Nosso compromisso com Direitos Humanos | Sobre a Meta","og_description":"Por Miranda Sissons, diretora de Direitos Humanos Cada vez mais, os direitos humanos s\u00e3o exercidos &#8211; e violados &#8211; online. Bilh\u00f5es de pessoas desfrutam de liberdade de express\u00e3o, acesso \u00e0 informa\u00e7\u00e3o e direito \u00e0 educa\u00e7\u00e3o no espa\u00e7o digital. Mas elas tamb\u00e9m podem enfrentar incita\u00e7\u00e3o ao \u00f3dio, bullying e ass\u00e9dio e ter sua privacidade violada nesse mesmo espa\u00e7o. No Facebook, temos o compromisso de respeitar os direitos humanos em nossas opera\u00e7\u00f5es comerciais, desenvolvimento de produtos, pol\u00edticas e programa\u00e7\u00e3o. Para promover esse compromisso, hoje estamos lan\u00e7ando uma pol\u00edtica corporativa de direitos humanos, v\u00e1lida para todo o Facebook Inc, e um fundo para apoiar os defensores dos direitos humanos. De acordo com essa nova pol\u00edtica, tomaremos medidas para respeitar os direitos humanos conforme definido pela legisla\u00e7\u00e3o internacional de direitos humanos e conforme descrito nos Princ\u00edpios Orientadores das Na\u00e7\u00f5es Unidas para Empresas e Direitos Humanos (UNGPs). E descrevemos como aplicamos esses princ\u00edpios aos nossos aplicativos e produtos, pol\u00edticas, programa\u00e7\u00e3o e abordagem geral dos nossos neg\u00f3cios. Relataremos nossas quest\u00f5es mais cr\u00edticas de direitos humanos, como riscos \u00e0 liberdade de express\u00e3o, ao nosso Conselho de Administra\u00e7\u00e3o. E publicaremos anualmente um relat\u00f3rio p\u00fablico sobre como estamos tratando das quest\u00f5es de direitos humanos decorrentes de nossos produtos, pol\u00edticas ou pr\u00e1ticas de neg\u00f3cios &#8211; algo que poucas empresas fazem. Este relat\u00f3rio anual ter\u00e1 como base nossa pr\u00e1tica existente de divulgar avalia\u00e7\u00f5es de impacto sobre os direitos humanos e respostas detalhadas \u00e0s recomenda\u00e7\u00f5es. Trabalhamos ao longo dos anos para apoiar os defensores dos direitos humanos que usam nossa plataforma e agora estamos criando o Fundo para a Liberdade de Express\u00e3o. O fundo dar\u00e1 assist\u00eancia offline aos defensores dos direitos humanos que enfrentam amea\u00e7as cr\u00edticas e apoiar\u00e1 novos esfor\u00e7os de seguran\u00e7a digital, come\u00e7ando na \u00c1sia ainda este ano. Tamb\u00e9m ampliaremos nosso trabalho j\u00e1 existente para proteger as contas de defensores dos direitos humanos &#8211; esfor\u00e7os que incluem o combate a agentes mal-intencionados que visam persegui-los, a prote\u00e7\u00e3o de remo\u00e7\u00f5es incorretas de conte\u00fado usando verifica\u00e7\u00e3o de fatos, op\u00e7\u00f5es de seguran\u00e7a avan\u00e7adas, medidas para impedir o acesso n\u00e3o autorizado \u00e0s contas de defensores que s\u00e3o presos ou detidos, al\u00e9m da divulga\u00e7\u00e3o de informa\u00e7\u00f5es e treinamentos em parceria com organiza\u00e7\u00f5es de direitos humanos. Estamos lan\u00e7ando esta pol\u00edtica para avan\u00e7ar em nossos compromissos como parte da Global Network Initiative e nosso recente trabalho de direitos humanos. Esse trabalho inclui: estabelecer um Comit\u00ea de Supervis\u00e3o independente, compartilhar publicamente nossa auditoria sobre direitos humanos e civis, alterar as principais pol\u00edticas de conte\u00fado, incluindo a cria\u00e7\u00e3o de uma nova pol\u00edtica para remover rumores verificados, incorretos e n\u00e3o verific\u00e1veis \u200b\u200bque possam colocar pessoas em risco de danos f\u00edsicos iminentes, como resultado da avalia\u00e7\u00e3o de impacto dos direitos humanos no Sri Lanka, construir ferramentas e estrat\u00e9gias para lidar com conte\u00fado prejudicial nos pa\u00edses que priorizamos como os de maior risco de conflito, incluindo mais recentemente Mianmar, divulgar dados de forma legal para a Miss\u00e3o de Investiga\u00e7\u00e3o Independente em Mianmar,\u00a0 lan\u00e7ar prote\u00e7\u00f5es importantes para ajudar jornalistas contra o ass\u00e9dio e hackers. Nosso objetivo \u00e9 que o Facebook, como neg\u00f3cio e plataforma, seja um lugar de igualdade, seguran\u00e7a, dignidade e liberdade de express\u00e3o &#8211; os princ\u00edpios fundamentais dos direitos humanos &#8211; e que construa sistemas que respeitem os direitos humanos e a orienta\u00e7\u00e3o dos UNGPs. A luta pelos direitos humanos online continuar\u00e1 enfrentando novos desafios, \u00e0 medida que governos autorit\u00e1rios buscam cada vez mais exercer controle sobre a internet e us\u00e1-la como meio de repress\u00e3o. Nenhuma empresa ser\u00e1 perfeita, mas faremos tudo o que pudermos para cumprir os compromissos que assumimos hoje. E sabemos que seremos julgados com base em nossas a\u00e7\u00f5es e n\u00e3o apenas em nossas palavras.","og_url":"https:\/\/about.fb.com\/br\/news\/2021\/03\/nosso-compromisso-com-direitos-humanos\/","og_site_name":"Sobre a Meta","article_published_time":"2021-03-16T21:11:46+00:00","article_modified_time":"2021-07-01T20:38:13+00:00","og_image":[{"url":"https:\/\/about.fb.com\/br\/wp-content\/uploads\/sites\/11\/2021\/03\/header3.png?fit=826%2C551","width":826,"height":551,"type":"image\/png"}],"author":"facebookbr","twitter_card":"summary_large_image","twitter_misc":{"Written by":"Meta","Est. reading time":"3 minutos"},"schema":{"@context":"https:\/\/schema.org","@graph":[{"@type":"Article","@id":"https:\/\/about.fb.com\/br\/news\/2021\/03\/nosso-compromisso-com-direitos-humanos\/#article","isPartOf":{"@id":"https:\/\/about.fb.com\/br\/news\/2021\/03\/nosso-compromisso-com-direitos-humanos\/"},"author":"Facebook company","headline":"Nosso compromisso com Direitos Humanos","datePublished":"2021-03-16T21:11:46+00:00","dateModified":"2021-07-01T20:38:13+00:00","mainEntityOfPage":{"@id":"https:\/\/about.fb.com\/br\/news\/2021\/03\/nosso-compromisso-com-direitos-humanos\/"},"wordCount":686,"publisher":{"@id":"https:\/\/about.fb.com\/br\/#organization"},"image":{"@id":"https:\/\/about.fb.com\/br\/news\/2021\/03\/nosso-compromisso-com-direitos-humanos\/#primaryimage"},"thumbnailUrl":"https:\/\/about.fb.com\/br\/wp-content\/uploads\/sites\/11\/2021\/03\/header3.png?fit=826%2C551","articleSection":["Fortalecendo Comunidades","Meta","Recent News"],"inLanguage":"pt-BR"},{"@type":"WebPage","@id":"https:\/\/about.fb.com\/br\/news\/2021\/03\/nosso-compromisso-com-direitos-humanos\/","url":"https:\/\/about.fb.com\/br\/news\/2021\/03\/nosso-compromisso-com-direitos-humanos\/","name":"Nosso compromisso com Direitos Humanos | Sobre a Meta","isPartOf":{"@id":"https:\/\/about.fb.com\/br\/#website"},"primaryImageOfPage":{"@id":"https:\/\/about.fb.com\/br\/news\/2021\/03\/nosso-compromisso-com-direitos-humanos\/#primaryimage"},"image":{"@id":"https:\/\/about.fb.com\/br\/news\/2021\/03\/nosso-compromisso-com-direitos-humanos\/#primaryimage"},"thumbnailUrl":"https:\/\/about.fb.com\/br\/wp-content\/uploads\/sites\/11\/2021\/03\/header3.png?fit=826%2C551","datePublished":"2021-03-16T21:11:46+00:00","dateModified":"2021-07-01T20:38:13+00:00","breadcrumb":{"@id":"https:\/\/about.fb.com\/br\/news\/2021\/03\/nosso-compromisso-com-direitos-humanos\/#breadcrumb"},"inLanguage":"pt-BR","potentialAction":[{"@type":"ReadAction","target":["https:\/\/about.fb.com\/br\/news\/2021\/03\/nosso-compromisso-com-direitos-humanos\/"]}],"author":"Sobre a Meta"},{"@type":"ImageObject","inLanguage":"pt-BR","@id":"https:\/\/about.fb.com\/br\/news\/2021\/03\/nosso-compromisso-com-direitos-humanos\/#primaryimage","url":"https:\/\/about.fb.com\/br\/wp-content\/uploads\/sites\/11\/2021\/03\/header3.png?fit=826%2C551","contentUrl":"https:\/\/about.fb.com\/br\/wp-content\/uploads\/sites\/11\/2021\/03\/header3.png?fit=826%2C551","width":826,"height":551},{"@type":"BreadcrumbList","@id":"https:\/\/about.fb.com\/br\/news\/2021\/03\/nosso-compromisso-com-direitos-humanos\/#breadcrumb","itemListElement":[{"@type":"ListItem","position":1,"name":"Home","item":"https:\/\/about.fb.com\/br\/"},{"@type":"ListItem","position":2,"name":"Nosso compromisso com Direitos Humanos"}]},{"@type":"WebSite","@id":"https:\/\/about.fb.com\/br\/#website","url":"https:\/\/about.fb.com\/news\/","name":"Sobre a Meta","description":"","publisher":{"@id":"https:\/\/about.fb.com\/br\/#organization"},"potentialAction":[{"@type":"SearchAction","target":{"@type":"EntryPoint","urlTemplate":"https:\/\/about.fb.com\/br\/?s={search_term_string}"},"query-input":{"@type":"PropertyValueSpecification","valueRequired":true,"valueName":"search_term_string"}}],"inLanguage":"pt-BR","alternateName":["Meta Newsroom","Meta"]},{"@type":"Organization","@id":"https:\/\/about.fb.com\/br\/#organization","name":"Meta","url":"https:\/\/about.fb.com\/br\/","logo":{"@type":"ImageObject","inLanguage":"pt-BR","@id":"https:\/\/about.fb.com\/br\/#\/schema\/logo\/image\/","url":"https:\/\/about.fb.com\/br\/wp-content\/uploads\/sites\/11\/2021\/10\/meta-social-16x9-1.jpg?fit=8000%2C4500","contentUrl":"https:\/\/about.fb.com\/br\/wp-content\/uploads\/sites\/11\/2021\/10\/meta-social-16x9-1.jpg?fit=8000%2C4500","width":8000,"height":4500,"caption":"Meta"},"image":{"@id":"https:\/\/about.fb.com\/br\/#\/schema\/logo\/image\/"}}]}},"jetpack_featured_media_url":"https:\/\/about.fb.com\/br\/wp-content\/uploads\/sites\/11\/2021\/03\/header3.png?fit=826%2C551","jetpack-related-posts":[{"id":26157,"url":"https:\/\/about.fb.com\/br\/news\/2025\/02\/avancando-na-inteligencia-de-maquina-por-meio-de-pesquisas-centradas-no-ser-humano\/","url_meta":{"origin":22512,"position":0},"title":"Avan\u00e7ando na intelig\u00eancia de m\u00e1quina por meio de pesquisas centradas no ser humano","author":"Meta","date":"07\/02\/2025","format":false,"excerpt":"A equipe do Fundamental AI Research (FAIR) da Meta est\u00e1 focada em alcan\u00e7ar intelig\u00eancia avan\u00e7ada de m\u00e1quina (AMI na sigla em ingl\u00eas) e us\u00e1-la para impulsionar produtos e inova\u00e7\u00e3o para o benef\u00edcio de todos. Hoje, estamos animados em compartilhar algumas de nossas pesquisas e modelos mais recentes que apoiam nossa\u2026","rel":"","context":"In &quot;Meta&quot;","block_context":{"text":"Meta","link":"https:\/\/about.fb.com\/br\/news\/category\/temas-home\/meta\/"},"img":{"alt_text":"","src":"https:\/\/about.fb.com\/br\/wp-content\/uploads\/sites\/11\/2025\/02\/476277621_1657111108571585_1619174158963619715_n.jpg?fit=1920%2C1080&resize=350%2C200","width":350,"height":200,"srcset":"https:\/\/about.fb.com\/br\/wp-content\/uploads\/sites\/11\/2025\/02\/476277621_1657111108571585_1619174158963619715_n.jpg?fit=1920%2C1080&resize=350%2C200 1x, https:\/\/about.fb.com\/br\/wp-content\/uploads\/sites\/11\/2025\/02\/476277621_1657111108571585_1619174158963619715_n.jpg?fit=1920%2C1080&resize=525%2C300 1.5x, https:\/\/about.fb.com\/br\/wp-content\/uploads\/sites\/11\/2025\/02\/476277621_1657111108571585_1619174158963619715_n.jpg?fit=1920%2C1080&resize=700%2C400 2x, https:\/\/about.fb.com\/br\/wp-content\/uploads\/sites\/11\/2025\/02\/476277621_1657111108571585_1619174158963619715_n.jpg?fit=1920%2C1080&resize=1050%2C600 3x, https:\/\/about.fb.com\/br\/wp-content\/uploads\/sites\/11\/2025\/02\/476277621_1657111108571585_1619174158963619715_n.jpg?fit=1920%2C1080&resize=1400%2C800 4x"},"classes":[]},{"id":26149,"url":"https:\/\/about.fb.com\/br\/news\/2025\/02\/26149-usando-ia-para-decodificar-a-linguagem-do-cerebro-e-avancar-nossa-compreensao-da-comunicacao-humana\/","url_meta":{"origin":22512,"position":1},"title":"Usando IA para decodificar a linguagem do c\u00e9rebro e avan\u00e7ar nossa compreens\u00e3o da comunica\u00e7\u00e3o humana","author":"Meta","date":"07\/02\/2025","format":false,"excerpt":"Na \u00faltima d\u00e9cada, o laborat\u00f3rio Fundamental Artificial Intelligence Research da Meta, em Paris, tem estado na vanguarda do avan\u00e7o da pesquisa cient\u00edfica. Lideramos avan\u00e7os na medicina, ci\u00eancia clim\u00e1tica e conserva\u00e7\u00e3o, e mantivemos nosso compromisso com a ci\u00eancia aberta e reproduz\u00edvel. Ao olharmos para a pr\u00f3xima d\u00e9cada, nosso foco \u00e9 alcan\u00e7ar\u2026","rel":"","context":"In &quot;Meta&quot;","block_context":{"text":"Meta","link":"https:\/\/about.fb.com\/br\/news\/category\/temas-home\/meta\/"},"img":{"alt_text":"","src":"https:\/\/about.fb.com\/br\/wp-content\/uploads\/sites\/11\/2025\/02\/475953576_2885433131755414_7907212147273826314_n.jpg?fit=1920%2C1080&resize=350%2C200","width":350,"height":200,"srcset":"https:\/\/about.fb.com\/br\/wp-content\/uploads\/sites\/11\/2025\/02\/475953576_2885433131755414_7907212147273826314_n.jpg?fit=1920%2C1080&resize=350%2C200 1x, https:\/\/about.fb.com\/br\/wp-content\/uploads\/sites\/11\/2025\/02\/475953576_2885433131755414_7907212147273826314_n.jpg?fit=1920%2C1080&resize=525%2C300 1.5x, https:\/\/about.fb.com\/br\/wp-content\/uploads\/sites\/11\/2025\/02\/475953576_2885433131755414_7907212147273826314_n.jpg?fit=1920%2C1080&resize=700%2C400 2x, https:\/\/about.fb.com\/br\/wp-content\/uploads\/sites\/11\/2025\/02\/475953576_2885433131755414_7907212147273826314_n.jpg?fit=1920%2C1080&resize=1050%2C600 3x, https:\/\/about.fb.com\/br\/wp-content\/uploads\/sites\/11\/2025\/02\/475953576_2885433131755414_7907212147273826314_n.jpg?fit=1920%2C1080&resize=1400%2C800 4x"},"classes":[]},{"id":26166,"url":"https:\/\/about.fb.com\/br\/news\/2025\/02\/anunciando-o-programa-de-parceria-em-tecnologia-de-linguagem\/","url_meta":{"origin":22512,"position":2},"title":"Anunciando o Programa de Parceria em Tecnologia de Linguagem","author":"Meta","date":"07\/02\/2025","format":false,"excerpt":"A equipe do Fundamental AI Research (FAIR) da Meta est\u00e1 focada em alcan\u00e7ar a intelig\u00eancia avan\u00e7ada de m\u00e1quina (AMI, na sigla em ingl\u00eas) \u2014 uma IA que pode usar o racioc\u00ednio humano para realizar tarefas cognitivamente exigentes, como a tradu\u00e7\u00e3o \u2014 e us\u00e1-la para impulsionar produtos e inova\u00e7\u00f5es que beneficiem\u2026","rel":"","context":"In &quot;Meta&quot;","block_context":{"text":"Meta","link":"https:\/\/about.fb.com\/br\/news\/category\/temas-home\/meta\/"},"img":{"alt_text":"","src":"","width":0,"height":0},"classes":[]},{"id":26809,"url":"https:\/\/about.fb.com\/br\/news\/2025\/11\/protecao-de-conteudo-seu-novo-guardiao-da-criatividade-no-facebook\/","url_meta":{"origin":22512,"position":3},"title":"Prote\u00e7\u00e3o de conte\u00fado: Seu novo guardi\u00e3o da criatividade no Facebook","author":"Meta","date":"17\/11\/2025","format":false,"excerpt":"O Facebook est\u00e1 lan\u00e7ando a prote\u00e7\u00e3o de conte\u00fado, uma nova ferramenta para criadores que protege automaticamente seus Reels originais, alerta quando conte\u00fados correspondentes a esses Reels s\u00e3o detectados no Facebook ou Instagram e ajuda voc\u00ea a tomar medidas caso seu trabalho seja usado sem permiss\u00e3o. Seu trabalho original \u00e9 a\u2026","rel":"","context":"In &quot;Facebook&quot;","block_context":{"text":"Facebook","link":"https:\/\/about.fb.com\/br\/news\/category\/technologies\/facebook\/"},"img":{"alt_text":"","src":"https:\/\/about.fb.com\/br\/wp-content\/uploads\/sites\/11\/2025\/07\/Logo-Meta-1.jpg?fit=633%2C356&resize=350%2C200","width":350,"height":200,"srcset":"https:\/\/about.fb.com\/br\/wp-content\/uploads\/sites\/11\/2025\/07\/Logo-Meta-1.jpg?fit=633%2C356&resize=350%2C200 1x, https:\/\/about.fb.com\/br\/wp-content\/uploads\/sites\/11\/2025\/07\/Logo-Meta-1.jpg?fit=633%2C356&resize=525%2C300 1.5x"},"classes":[]},{"id":26491,"url":"https:\/\/about.fb.com\/br\/news\/2025\/06\/tela-consciente-em-brasilia-caminhos-para-facilitar-a-supervisao-parental-online-de-adolescentes\/","url_meta":{"origin":22512,"position":4},"title":"Tela Consciente em Bras\u00edlia: caminhos para facilitar a supervis\u00e3o parental online de adolescentes","author":"Meta","date":"17\/06\/2025","format":false,"excerpt":"Em 12 de junho, a Meta reuniu em Bras\u00edlia autoridades, executivos de empresas e representantes da academia e sociedade civil para a segunda edi\u00e7\u00e3o do Tela Consciente, um debate sobre como apoiar as fam\u00edlias no uso consciente das plataformas digitais por adolescentes. O evento teve como foco os desafios e\u2026","rel":"","context":"In &quot;Recent News&quot;","block_context":{"text":"Recent News","link":"https:\/\/about.fb.com\/br\/news\/category\/recent-news\/"},"img":{"alt_text":"","src":"https:\/\/about.fb.com\/br\/wp-content\/uploads\/sites\/11\/2025\/06\/@leannabdon-1.jpg?fit=4500%2C3000&resize=350%2C200","width":350,"height":200,"srcset":"https:\/\/about.fb.com\/br\/wp-content\/uploads\/sites\/11\/2025\/06\/@leannabdon-1.jpg?fit=4500%2C3000&resize=350%2C200 1x, https:\/\/about.fb.com\/br\/wp-content\/uploads\/sites\/11\/2025\/06\/@leannabdon-1.jpg?fit=4500%2C3000&resize=525%2C300 1.5x, https:\/\/about.fb.com\/br\/wp-content\/uploads\/sites\/11\/2025\/06\/@leannabdon-1.jpg?fit=4500%2C3000&resize=700%2C400 2x, https:\/\/about.fb.com\/br\/wp-content\/uploads\/sites\/11\/2025\/06\/@leannabdon-1.jpg?fit=4500%2C3000&resize=1050%2C600 3x, https:\/\/about.fb.com\/br\/wp-content\/uploads\/sites\/11\/2025\/06\/@leannabdon-1.jpg?fit=4500%2C3000&resize=1400%2C800 4x"},"classes":[]},{"id":26084,"url":"https:\/\/about.fb.com\/br\/news\/2025\/01\/mais-expressao-e-menos-erros\/","url_meta":{"origin":22512,"position":5},"title":"Mais express\u00e3o e menos erros","author":"Meta","date":"07\/01\/2025","format":false,"excerpt":"As plataformas da Meta s\u00e3o constru\u00eddas para serem lugares em que as pessoas podem se expressar livremente. Isso pode ser um pouco ca\u00f3tico. Em plataformas nas quais bilh\u00f5es de pessoas podem ter voz, tudo o que \u00e9 bom, ruim e feio est\u00e1 exposto. Mas isso \u00e9 a livre express\u00e3o.\u00a0 Em\u2026","rel":"","context":"In &quot;Recent News&quot;","block_context":{"text":"Recent News","link":"https:\/\/about.fb.com\/br\/news\/category\/recent-news\/"},"img":{"alt_text":"","src":"","width":0,"height":0},"classes":[]}],"jetpack_sharing_enabled":true,"amp_enabled":true,"_links":{"self":[{"href":"https:\/\/about.fb.com\/br\/wp-json\/wp\/v2\/posts\/22512","targetHints":{"allow":["GET"]}}],"collection":[{"href":"https:\/\/about.fb.com\/br\/wp-json\/wp\/v2\/posts"}],"about":[{"href":"https:\/\/about.fb.com\/br\/wp-json\/wp\/v2\/types\/post"}],"author":[{"embeddable":true,"href":"https:\/\/about.fb.com\/br\/wp-json\/wp\/v2\/users\/81109636"}],"replies":[{"embeddable":true,"href":"https:\/\/about.fb.com\/br\/wp-json\/wp\/v2\/comments?post=22512"}],"version-history":[{"count":2,"href":"https:\/\/about.fb.com\/br\/wp-json\/wp\/v2\/posts\/22512\/revisions"}],"predecessor-version":[{"id":22515,"href":"https:\/\/about.fb.com\/br\/wp-json\/wp\/v2\/posts\/22512\/revisions\/22515"}],"wp:featuredmedia":[{"embeddable":true,"href":"https:\/\/about.fb.com\/br\/wp-json\/wp\/v2\/media\/22517"}],"wp:attachment":[{"href":"https:\/\/about.fb.com\/br\/wp-json\/wp\/v2\/media?parent=22512"}],"wp:term":[{"taxonomy":"category","embeddable":true,"href":"https:\/\/about.fb.com\/br\/wp-json\/wp\/v2\/categories?post=22512"},{"taxonomy":"post_tag","embeddable":true,"href":"https:\/\/about.fb.com\/br\/wp-json\/wp\/v2\/tags?post=22512"}],"curies":[{"name":"wp","href":"https:\/\/api.w.org\/{rel}","templated":true}]}}