{"id":22413,"date":"2021-03-01T16:31:11","date_gmt":"2021-03-01T19:31:11","guid":{"rendered":"https:\/\/about.fb.com\/br\/?p=22413"},"modified":"2021-07-01T17:12:44","modified_gmt":"2021-07-01T20:12:44","slug":"celebrando-o-mes-da-mulher","status":"publish","type":"post","link":"https:\/\/about.fb.com\/br\/news\/2021\/03\/celebrando-o-mes-da-mulher\/","title":{"rendered":"Celebrando o M\u00eas da Mulher"},"content":{"rendered":"<p><span style=\"font-weight: 400\">Com o impacto da COVID-19 amea\u00e7ando reverter d\u00e9cadas de progresso, mulheres em todo o mundo t\u00eam unido for\u00e7as em nossos aplicativos para se apoiar e incentivar umas \u00e0s outras e suas comunidades. Em 2020, as mulheres criaram duas vezes mais campanhas de arrecada\u00e7\u00e3o de fundos no Facebook do que os homens e fizeram o dobro de doa\u00e7\u00f5es, com 64% do total arrecadado vindo delas em todo o mundo. Elas tamb\u00e9m lideraram comunidades em crescimento e reuniram recursos de apoio, criando 2,7 vezes mais Grupos relacionados \u00e0 COVID-19 do que homens e com 4 vezes mais membros.<\/span><\/p>\n<p><span style=\"font-weight: 400\">Para apoiar esses esfor\u00e7os, estamos lan\u00e7ando mais recursos em nossos aplicativos que ajudar\u00e3o as pessoas a celebrar e empoderar as mulheres, al\u00e9m de elevar as vozes de diversas l\u00edderes femininas, criando mudan\u00e7as em suas \u00e1reas de atua\u00e7\u00e3o e comunidades. Tamb\u00e9m estamos compartilhando novas maneiras de as pessoas apoiarem pequenas empresas lideradas por mulheres.<\/span><\/p>\n<p><b>Celebre com novas funcionalidades em nossos produtos<\/b><\/p>\n<p><span style=\"font-weight: 400\">Criadores e todas as pessoas agora podem entrar ao vivo no Instagram com at\u00e9 tr\u00eas outras pessoas com o lan\u00e7amento de Live Rooms. Durante o M\u00eas das Mulheres, voc\u00ea poder\u00e1 acompanhar as discuss\u00f5es ao vivo com mulheres e criadoras influentes sobre como as mulheres podem ajudar umas \u00e0s outras a superar obst\u00e1culos e ter sucesso. Voc\u00ea tamb\u00e9m pode compartilhar novas figurinhas no Instagram, ilustradas por diversas artistas ao redor do mundo para destacar a interseccionalidade. Dentre a cole\u00e7\u00e3o de imagens est\u00e3o as da brasileira Linoca Souza (<\/span><a href=\"https:\/\/www.instagram.com\/linocasouza\/?hl=pt-br\"><span style=\"font-weight: 400\">@linocasouza<\/span><\/a><span style=\"font-weight: 400\">), ilustradora e artista visual de S\u00e3o Paulo que come\u00e7ou em 2008 desenvolvendo grafittis e, desde 2012, vem produzindo pinturas e ilustra\u00e7\u00f5es acerca de temas como equidade racial. Um dos pacotes de adesivos retrata a atua\u00e7\u00e3o de mulheres em \u00e1reas como ci\u00eancias, tecnologia, engenharia e matem\u00e1tica.<\/span><\/p>\n<p><a href=\"https:\/\/about.fb.com\/br\/wp-content\/uploads\/sites\/11\/2021\/03\/March1.png\"><img data-recalc-dims=\"1\" loading=\"lazy\" decoding=\"async\" class=\"aligncenter wp-image-22416 size-thumbnail\" src=\"https:\/\/about.fb.com\/br\/wp-content\/uploads\/sites\/11\/2021\/03\/March1.png?w=429&#038;resize=429%2C400\" alt=\"\" width=\"429\" height=\"400\" srcset=\"https:\/\/about.fb.com\/br\/wp-content\/uploads\/sites\/11\/2021\/03\/March1.png?w=4328 4328w, https:\/\/about.fb.com\/br\/wp-content\/uploads\/sites\/11\/2021\/03\/March1.png?w=429 429w, https:\/\/about.fb.com\/br\/wp-content\/uploads\/sites\/11\/2021\/03\/March1.png?w=300 300w, https:\/\/about.fb.com\/br\/wp-content\/uploads\/sites\/11\/2021\/03\/March1.png?w=768 768w, https:\/\/about.fb.com\/br\/wp-content\/uploads\/sites\/11\/2021\/03\/March1.png?w=1024 1024w, https:\/\/about.fb.com\/br\/wp-content\/uploads\/sites\/11\/2021\/03\/March1.png?w=1536 1536w, https:\/\/about.fb.com\/br\/wp-content\/uploads\/sites\/11\/2021\/03\/March1.png?w=2048 2048w, https:\/\/about.fb.com\/br\/wp-content\/uploads\/sites\/11\/2021\/03\/March1.png?w=1157 1157w, https:\/\/about.fb.com\/br\/wp-content\/uploads\/sites\/11\/2021\/03\/March1.png?w=643 643w, https:\/\/about.fb.com\/br\/wp-content\/uploads\/sites\/11\/2021\/03\/March1.png?w=1920 1920w, https:\/\/about.fb.com\/br\/wp-content\/uploads\/sites\/11\/2021\/03\/March1.png?w=2880 2880w\" sizes=\"auto, (max-width: 429px) 100vw, 429px\" \/><\/a><\/p>\n<p><span style=\"font-weight: 400\">No Messenger, voc\u00ea poder\u00e1 enviar novas figurinhas personalizadas que foram criadas em parceria com a empresa de m\u00eddia e entretenimento feminino, Refinery29, para celebrar e incentivar a conversa sobre mulheres inspiradoras e que abriram caminho em suas comunidades. A arte foi desenhada pela aclamada ilustradora Jade Purple Brown e estar\u00e1 dispon\u00edvel a partir dessa semana. Al\u00e9m disso, no Messenger Kids, as meninas podem compartilhar figurinhas de uma nova cole\u00e7\u00e3o desenhada para empoder\u00e1-las a se expressar, se conectar com suas paix\u00f5es e escrever suas pr\u00f3prias hist\u00f3rias.<\/span><\/p>\n<p><span style=\"font-weight: 400\">Os Avatares tamb\u00e9m poder\u00e3o ser usados para comemorar a data como op\u00e7\u00e3o de foto tempor\u00e1ria de perfil do Facebook em Portugu\u00eas e novas figurinhas de avatares que podem ser usadas para comentar a publica\u00e7\u00e3o de amigos e familiares e compartilhar no Feed de Not\u00edcias, Messenger e Stories.\u00a0<\/span><\/p>\n<p style=\"text-align: center\"><a href=\"https:\/\/about.fb.com\/br\/wp-content\/uploads\/sites\/11\/2021\/03\/prod_1_its_international_womens_day.png\"><img data-recalc-dims=\"1\" loading=\"lazy\" decoding=\"async\" class=\"alignnone wp-image-22424\" src=\"https:\/\/about.fb.com\/br\/wp-content\/uploads\/sites\/11\/2021\/03\/prod_1_its_international_womens_day.png?w=240&#038;resize=120%2C120\" alt=\"\" width=\"120\" height=\"120\" srcset=\"https:\/\/about.fb.com\/br\/wp-content\/uploads\/sites\/11\/2021\/03\/prod_1_its_international_womens_day.png?w=240 240w, https:\/\/about.fb.com\/br\/wp-content\/uploads\/sites\/11\/2021\/03\/prod_1_its_international_womens_day.png?w=220 220w\" sizes=\"auto, (max-width: 120px) 100vw, 120px\" \/><\/a> \u00a0\u00a0<a href=\"https:\/\/about.fb.com\/br\/wp-content\/uploads\/sites\/11\/2021\/03\/prod_5_empower_women.png\"><img data-recalc-dims=\"1\" loading=\"lazy\" decoding=\"async\" class=\"alignnone wp-image-22423\" src=\"https:\/\/about.fb.com\/br\/wp-content\/uploads\/sites\/11\/2021\/03\/prod_5_empower_women.png?w=240&#038;resize=120%2C120\" alt=\"\" width=\"120\" height=\"120\" srcset=\"https:\/\/about.fb.com\/br\/wp-content\/uploads\/sites\/11\/2021\/03\/prod_5_empower_women.png?w=240 240w, https:\/\/about.fb.com\/br\/wp-content\/uploads\/sites\/11\/2021\/03\/prod_5_empower_women.png?w=220 220w\" sizes=\"auto, (max-width: 120px) 100vw, 120px\" \/><\/a>\u00a0 \u00a0<a href=\"https:\/\/about.fb.com\/br\/wp-content\/uploads\/sites\/11\/2021\/03\/prod_4_the_future_is_female.png\"><img data-recalc-dims=\"1\" loading=\"lazy\" decoding=\"async\" class=\"alignnone wp-image-22422\" src=\"https:\/\/about.fb.com\/br\/wp-content\/uploads\/sites\/11\/2021\/03\/prod_4_the_future_is_female.png?w=240&#038;resize=120%2C120\" alt=\"\" width=\"120\" height=\"120\" srcset=\"https:\/\/about.fb.com\/br\/wp-content\/uploads\/sites\/11\/2021\/03\/prod_4_the_future_is_female.png?w=240 240w, https:\/\/about.fb.com\/br\/wp-content\/uploads\/sites\/11\/2021\/03\/prod_4_the_future_is_female.png?w=220 220w\" sizes=\"auto, (max-width: 120px) 100vw, 120px\" \/><\/a><\/p>\n<p style=\"text-align: center\"><a href=\"https:\/\/about.fb.com\/br\/wp-content\/uploads\/sites\/11\/2021\/03\/prod_3_holding_backs_hug.png\"><img data-recalc-dims=\"1\" loading=\"lazy\" decoding=\"async\" class=\"alignnone wp-image-22421\" src=\"https:\/\/about.fb.com\/br\/wp-content\/uploads\/sites\/11\/2021\/03\/prod_3_holding_backs_hug.png?w=240&#038;resize=120%2C120\" alt=\"\" width=\"120\" height=\"120\" srcset=\"https:\/\/about.fb.com\/br\/wp-content\/uploads\/sites\/11\/2021\/03\/prod_3_holding_backs_hug.png?w=240 240w, https:\/\/about.fb.com\/br\/wp-content\/uploads\/sites\/11\/2021\/03\/prod_3_holding_backs_hug.png?w=220 220w\" sizes=\"auto, (max-width: 120px) 100vw, 120px\" \/><\/a>\u00a0 \u00a0<a href=\"https:\/\/about.fb.com\/br\/wp-content\/uploads\/sites\/11\/2021\/03\/prod_2_heart_shaped_hug.png\"><img data-recalc-dims=\"1\" loading=\"lazy\" decoding=\"async\" class=\"alignnone wp-image-22420\" src=\"https:\/\/about.fb.com\/br\/wp-content\/uploads\/sites\/11\/2021\/03\/prod_2_heart_shaped_hug.png?w=240&#038;resize=120%2C120\" alt=\"\" width=\"120\" height=\"120\" srcset=\"https:\/\/about.fb.com\/br\/wp-content\/uploads\/sites\/11\/2021\/03\/prod_2_heart_shaped_hug.png?w=240 240w, https:\/\/about.fb.com\/br\/wp-content\/uploads\/sites\/11\/2021\/03\/prod_2_heart_shaped_hug.png?w=220 220w\" sizes=\"auto, (max-width: 120px) 100vw, 120px\" \/><\/a><\/p>\n<p><b>Apoie neg\u00f3cios pertencentes a mulheres e a igualdade econ\u00f4mica<\/b><\/p>\n<p><span style=\"font-weight: 400\">Voc\u00ea pode apoiar empresas de mulheres visitando as cole\u00e7\u00f5es de compras do Facebook e Instagram Shop e na conta oficial de compras do Instagram @shop. E na Am\u00e9rica do Norte, Am\u00e9rica Latina e \u00c1sia, mulheres l\u00edderes de neg\u00f3cios podem participar de treinamentos e workshops do #ElaFazHist\u00f3ria, hospedados pelo Facebook para comemorar o anivers\u00e1rio de 5 anos do programa.<\/span><\/p>\n<p><span style=\"font-weight: 400\">Na Europa, Oriente M\u00e9dio e \u00c1frica, estamos fazendo parceria com mulheres l\u00edderes e influenciadoras nos neg\u00f3cios, m\u00eddia e entretenimento para lan\u00e7ar e-books no Dia Internacional da Mulher que trazem aprendizados e conselhos, al\u00e9m de incentivar as mulheres a lutar pela igualdade de g\u00eanero.<\/span><\/p>\n<p><b>Inspire-se<\/b><\/p>\n<p><span style=\"font-weight: 400\">A partir de 8 de mar\u00e7o, daremos in\u00edcio \u00e0 nossa campanha Mulheres x Mulheres, para destacar hist\u00f3rias inspiradoras, celebrar suas realiza\u00e7\u00f5es e mostrar como elas encontraram for\u00e7a e comunidade em nossos aplicativos este ano. Apresentaremos organiza\u00e7\u00f5es como a Generation Women, um coletivo de diversas mulheres de v\u00e1rias idades que se apoiam mutuamente compartilhando experi\u00eancias de vida e incentivando as pessoas a celebrar as mulheres em suas vidas por meio de postagens e hist\u00f3rias no Facebook e Instagram. E ao longo do m\u00eas, voc\u00ea pode visitar nossas contas no Facebook e Instagram para ouvir criadoras, aliadas, empreendedoras e donas de pequenas empresas com relatos inspiradores.<\/span><\/p>\n","protected":false},"excerpt":{"rendered":"Com o impacto da COVID-19 amea\u00e7ando reverter d\u00e9cadas de progresso, mulheres em todo o mundo t\u00eam unido for\u00e7as em nossos aplicativos para se apoiar e incentivar umas \u00e0s outras e suas comunidades. Em 2020, as mulheres criaram duas vezes mais campanhas de arrecada\u00e7\u00e3o de fundos no Facebook do que os homens e fizeram o dobro de doa\u00e7\u00f5es, com 64% do total arrecadado vindo delas em todo o mundo. Elas tamb\u00e9m lideraram comunidades em crescimento e reuniram recursos de apoio, criando 2,7 vezes mais Grupos relacionados \u00e0 COVID-19 do que homens e com 4 vezes mais membros. Para apoiar esses esfor\u00e7os, estamos lan\u00e7ando mais recursos em nossos aplicativos que ajudar\u00e3o as pessoas a celebrar e empoderar as mulheres, al\u00e9m de elevar as vozes de diversas l\u00edderes femininas, criando mudan\u00e7as em suas \u00e1reas de atua\u00e7\u00e3o e comunidades. Tamb\u00e9m estamos compartilhando novas maneiras de as pessoas apoiarem pequenas empresas lideradas por mulheres. Celebre com novas funcionalidades em nossos produtos Criadores e todas as pessoas agora podem entrar ao vivo no Instagram com at\u00e9 tr\u00eas outras pessoas com o lan\u00e7amento de Live Rooms. Durante o M\u00eas das Mulheres, voc\u00ea poder\u00e1 acompanhar as discuss\u00f5es ao vivo com mulheres e criadoras influentes sobre como as mulheres podem ajudar umas \u00e0s outras a superar obst\u00e1culos e ter sucesso. Voc\u00ea tamb\u00e9m pode compartilhar novas figurinhas no Instagram, ilustradas por diversas artistas ao redor do mundo para destacar a interseccionalidade. Dentre a cole\u00e7\u00e3o de imagens est\u00e3o as da brasileira Linoca Souza (@linocasouza), ilustradora e artista visual de S\u00e3o Paulo que come\u00e7ou em 2008 desenvolvendo grafittis e, desde 2012, vem produzindo pinturas e ilustra\u00e7\u00f5es acerca de temas como equidade racial. Um dos pacotes de adesivos retrata a atua\u00e7\u00e3o de mulheres em \u00e1reas como ci\u00eancias, tecnologia, engenharia e matem\u00e1tica. No Messenger, voc\u00ea poder\u00e1 enviar novas figurinhas personalizadas que foram criadas em parceria com a empresa de m\u00eddia e entretenimento feminino, Refinery29, para celebrar e incentivar a conversa sobre mulheres inspiradoras e que abriram caminho em suas comunidades. A arte foi desenhada pela aclamada ilustradora Jade Purple Brown e estar\u00e1 dispon\u00edvel a partir dessa semana. Al\u00e9m disso, no Messenger Kids, as meninas podem compartilhar figurinhas de uma nova cole\u00e7\u00e3o desenhada para empoder\u00e1-las a se expressar, se conectar com suas paix\u00f5es e escrever suas pr\u00f3prias hist\u00f3rias. Os Avatares tamb\u00e9m poder\u00e3o ser usados para comemorar a data como op\u00e7\u00e3o de foto tempor\u00e1ria de perfil do Facebook em Portugu\u00eas e novas figurinhas de avatares que podem ser usadas para comentar a publica\u00e7\u00e3o de amigos e familiares e compartilhar no Feed de Not\u00edcias, Messenger e Stories.\u00a0 \u00a0\u00a0\u00a0 \u00a0 \u00a0 \u00a0 Apoie neg\u00f3cios pertencentes a mulheres e a igualdade econ\u00f4mica Voc\u00ea pode apoiar empresas de mulheres visitando as cole\u00e7\u00f5es de compras do Facebook e Instagram Shop e na conta oficial de compras do Instagram @shop. E na Am\u00e9rica do Norte, Am\u00e9rica Latina e \u00c1sia, mulheres l\u00edderes de neg\u00f3cios podem participar de treinamentos e workshops do #ElaFazHist\u00f3ria, hospedados pelo Facebook para comemorar o anivers\u00e1rio de 5 anos do programa. Na Europa, Oriente M\u00e9dio e \u00c1frica, estamos fazendo parceria com mulheres l\u00edderes e influenciadoras nos neg\u00f3cios, m\u00eddia e entretenimento para lan\u00e7ar e-books no Dia Internacional da Mulher que trazem aprendizados e conselhos, al\u00e9m de incentivar as mulheres a lutar pela igualdade de g\u00eanero. Inspire-se A partir de 8 de mar\u00e7o, daremos in\u00edcio \u00e0 nossa campanha Mulheres x Mulheres, para destacar hist\u00f3rias inspiradoras, celebrar suas realiza\u00e7\u00f5es e mostrar como elas encontraram for\u00e7a e comunidade em nossos aplicativos este ano. Apresentaremos organiza\u00e7\u00f5es como a Generation Women, um coletivo de diversas mulheres de v\u00e1rias idades que se apoiam mutuamente compartilhando experi\u00eancias de vida e incentivando as pessoas a celebrar as mulheres em suas vidas por meio de postagens e hist\u00f3rias no Facebook e Instagram. E ao longo do m\u00eas, voc\u00ea pode visitar nossas contas no Facebook e Instagram para ouvir criadoras, aliadas, empreendedoras e donas de pequenas empresas com relatos inspiradores.","protected":false},"author":81109636,"featured_media":22419,"comment_status":"closed","ping_status":"closed","sticky":false,"template":"","format":"standard","meta":{"_jetpack_newsletter_access":"","_jetpack_dont_email_post_to_subs":false,"_jetpack_newsletter_tier_id":0,"_jetpack_memberships_contains_paywalled_content":false,"_jetpack_feature_clip_id":0,"_jetpack_memberships_contains_paid_content":false,"footnotes":"","jetpack_post_was_ever_published":false},"categories":[396542115,396542111,396542117,396542116,1],"tags":[],"class_list":["post-22413","post","type-post","status-publish","format-standard","has-post-thumbnail","hentry","category-facebook","category-comunidades","category-instagram","category-messenger","category-recent-news"],"yoast_head":"<!-- This site is optimized with the Yoast SEO plugin v27.2 - https:\/\/yoast.com\/product\/yoast-seo-wordpress\/ -->\n<title>Celebrando o M\u00eas da Mulher | Sobre a Meta<\/title>\n<meta name=\"robots\" content=\"index, follow, max-snippet:-1, max-image-preview:large, max-video-preview:-1\" \/>\n<link rel=\"canonical\" href=\"https:\/\/about.fb.com\/br\/news\/2021\/03\/celebrando-o-mes-da-mulher\/\" \/>\n<meta property=\"og:locale\" content=\"pt_BR\" \/>\n<meta property=\"og:type\" content=\"article\" \/>\n<meta property=\"og:title\" content=\"Celebrando o M\u00eas da Mulher | Sobre a Meta\" \/>\n<meta property=\"og:description\" content=\"Com o impacto da COVID-19 amea\u00e7ando reverter d\u00e9cadas de progresso, mulheres em todo o mundo t\u00eam unido for\u00e7as em nossos aplicativos para se apoiar e incentivar umas \u00e0s outras e suas comunidades. Em 2020, as mulheres criaram duas vezes mais campanhas de arrecada\u00e7\u00e3o de fundos no Facebook do que os homens e fizeram o dobro de doa\u00e7\u00f5es, com 64% do total arrecadado vindo delas em todo o mundo. Elas tamb\u00e9m lideraram comunidades em crescimento e reuniram recursos de apoio, criando 2,7 vezes mais Grupos relacionados \u00e0 COVID-19 do que homens e com 4 vezes mais membros. Para apoiar esses esfor\u00e7os, estamos lan\u00e7ando mais recursos em nossos aplicativos que ajudar\u00e3o as pessoas a celebrar e empoderar as mulheres, al\u00e9m de elevar as vozes de diversas l\u00edderes femininas, criando mudan\u00e7as em suas \u00e1reas de atua\u00e7\u00e3o e comunidades. Tamb\u00e9m estamos compartilhando novas maneiras de as pessoas apoiarem pequenas empresas lideradas por mulheres. Celebre com novas funcionalidades em nossos produtos Criadores e todas as pessoas agora podem entrar ao vivo no Instagram com at\u00e9 tr\u00eas outras pessoas com o lan\u00e7amento de Live Rooms. Durante o M\u00eas das Mulheres, voc\u00ea poder\u00e1 acompanhar as discuss\u00f5es ao vivo com mulheres e criadoras influentes sobre como as mulheres podem ajudar umas \u00e0s outras a superar obst\u00e1culos e ter sucesso. Voc\u00ea tamb\u00e9m pode compartilhar novas figurinhas no Instagram, ilustradas por diversas artistas ao redor do mundo para destacar a interseccionalidade. Dentre a cole\u00e7\u00e3o de imagens est\u00e3o as da brasileira Linoca Souza (@linocasouza), ilustradora e artista visual de S\u00e3o Paulo que come\u00e7ou em 2008 desenvolvendo grafittis e, desde 2012, vem produzindo pinturas e ilustra\u00e7\u00f5es acerca de temas como equidade racial. Um dos pacotes de adesivos retrata a atua\u00e7\u00e3o de mulheres em \u00e1reas como ci\u00eancias, tecnologia, engenharia e matem\u00e1tica. No Messenger, voc\u00ea poder\u00e1 enviar novas figurinhas personalizadas que foram criadas em parceria com a empresa de m\u00eddia e entretenimento feminino, Refinery29, para celebrar e incentivar a conversa sobre mulheres inspiradoras e que abriram caminho em suas comunidades. A arte foi desenhada pela aclamada ilustradora Jade Purple Brown e estar\u00e1 dispon\u00edvel a partir dessa semana. Al\u00e9m disso, no Messenger Kids, as meninas podem compartilhar figurinhas de uma nova cole\u00e7\u00e3o desenhada para empoder\u00e1-las a se expressar, se conectar com suas paix\u00f5es e escrever suas pr\u00f3prias hist\u00f3rias. Os Avatares tamb\u00e9m poder\u00e3o ser usados para comemorar a data como op\u00e7\u00e3o de foto tempor\u00e1ria de perfil do Facebook em Portugu\u00eas e novas figurinhas de avatares que podem ser usadas para comentar a publica\u00e7\u00e3o de amigos e familiares e compartilhar no Feed de Not\u00edcias, Messenger e Stories.\u00a0 \u00a0\u00a0\u00a0 \u00a0 \u00a0 \u00a0 Apoie neg\u00f3cios pertencentes a mulheres e a igualdade econ\u00f4mica Voc\u00ea pode apoiar empresas de mulheres visitando as cole\u00e7\u00f5es de compras do Facebook e Instagram Shop e na conta oficial de compras do Instagram @shop. E na Am\u00e9rica do Norte, Am\u00e9rica Latina e \u00c1sia, mulheres l\u00edderes de neg\u00f3cios podem participar de treinamentos e workshops do #ElaFazHist\u00f3ria, hospedados pelo Facebook para comemorar o anivers\u00e1rio de 5 anos do programa. Na Europa, Oriente M\u00e9dio e \u00c1frica, estamos fazendo parceria com mulheres l\u00edderes e influenciadoras nos neg\u00f3cios, m\u00eddia e entretenimento para lan\u00e7ar e-books no Dia Internacional da Mulher que trazem aprendizados e conselhos, al\u00e9m de incentivar as mulheres a lutar pela igualdade de g\u00eanero. Inspire-se A partir de 8 de mar\u00e7o, daremos in\u00edcio \u00e0 nossa campanha Mulheres x Mulheres, para destacar hist\u00f3rias inspiradoras, celebrar suas realiza\u00e7\u00f5es e mostrar como elas encontraram for\u00e7a e comunidade em nossos aplicativos este ano. Apresentaremos organiza\u00e7\u00f5es como a Generation Women, um coletivo de diversas mulheres de v\u00e1rias idades que se apoiam mutuamente compartilhando experi\u00eancias de vida e incentivando as pessoas a celebrar as mulheres em suas vidas por meio de postagens e hist\u00f3rias no Facebook e Instagram. E ao longo do m\u00eas, voc\u00ea pode visitar nossas contas no Facebook e Instagram para ouvir criadoras, aliadas, empreendedoras e donas de pequenas empresas com relatos inspiradores.\" \/>\n<meta property=\"og:url\" content=\"https:\/\/about.fb.com\/br\/news\/2021\/03\/celebrando-o-mes-da-mulher\/\" \/>\n<meta property=\"og:site_name\" content=\"Sobre a Meta\" \/>\n<meta property=\"article:published_time\" content=\"2021-03-01T19:31:11+00:00\" \/>\n<meta property=\"article:modified_time\" content=\"2021-07-01T20:12:44+00:00\" \/>\n<meta property=\"og:image\" content=\"https:\/\/about.fb.com\/br\/wp-content\/uploads\/sites\/11\/2021\/03\/WHM-header.jpg?resize=1024,730\" \/>\n\t<meta property=\"og:image:width\" content=\"1024\" \/>\n\t<meta property=\"og:image:height\" content=\"730\" \/>\n\t<meta property=\"og:image:type\" content=\"image\/jpeg\" \/>\n<meta name=\"author\" content=\"facebookbr\" \/>\n<meta name=\"twitter:card\" content=\"summary_large_image\" \/>\n<meta name=\"twitter:label1\" content=\"Written by\" \/>\n\t<meta name=\"twitter:data1\" content=\"Meta\" \/>\n\t<meta name=\"twitter:label2\" content=\"Est. reading time\" \/>\n\t<meta name=\"twitter:data2\" content=\"4 minutos\" \/>\n<script type=\"application\/ld+json\" class=\"yoast-schema-graph\">{\"@context\":\"https:\/\/schema.org\",\"@graph\":[{\"@type\":\"Article\",\"@id\":\"https:\/\/about.fb.com\/br\/news\/2021\/03\/celebrando-o-mes-da-mulher\/#article\",\"isPartOf\":{\"@id\":\"https:\/\/about.fb.com\/br\/news\/2021\/03\/celebrando-o-mes-da-mulher\/\"},\"author\":\"Facebook company\",\"headline\":\"Celebrando o M\u00eas da Mulher\",\"datePublished\":\"2021-03-01T19:31:11+00:00\",\"dateModified\":\"2021-07-01T20:12:44+00:00\",\"mainEntityOfPage\":{\"@id\":\"https:\/\/about.fb.com\/br\/news\/2021\/03\/celebrando-o-mes-da-mulher\/\"},\"wordCount\":701,\"publisher\":{\"@id\":\"https:\/\/about.fb.com\/br\/#organization\"},\"image\":{\"@id\":\"https:\/\/about.fb.com\/br\/news\/2021\/03\/celebrando-o-mes-da-mulher\/#primaryimage\"},\"thumbnailUrl\":\"https:\/\/about.fb.com\/br\/wp-content\/uploads\/sites\/11\/2021\/03\/WHM-header.jpg?fit=7725%2C5504\",\"articleSection\":[\"Facebook\",\"Fortalecendo Comunidades\",\"Instagram\",\"Messenger\",\"Recent News\"],\"inLanguage\":\"pt-BR\"},{\"@type\":\"WebPage\",\"@id\":\"https:\/\/about.fb.com\/br\/news\/2021\/03\/celebrando-o-mes-da-mulher\/\",\"url\":\"https:\/\/about.fb.com\/br\/news\/2021\/03\/celebrando-o-mes-da-mulher\/\",\"name\":\"Celebrando o M\u00eas da Mulher | Sobre a Meta\",\"isPartOf\":{\"@id\":\"https:\/\/about.fb.com\/br\/#website\"},\"primaryImageOfPage\":{\"@id\":\"https:\/\/about.fb.com\/br\/news\/2021\/03\/celebrando-o-mes-da-mulher\/#primaryimage\"},\"image\":{\"@id\":\"https:\/\/about.fb.com\/br\/news\/2021\/03\/celebrando-o-mes-da-mulher\/#primaryimage\"},\"thumbnailUrl\":\"https:\/\/about.fb.com\/br\/wp-content\/uploads\/sites\/11\/2021\/03\/WHM-header.jpg?fit=7725%2C5504\",\"datePublished\":\"2021-03-01T19:31:11+00:00\",\"dateModified\":\"2021-07-01T20:12:44+00:00\",\"breadcrumb\":{\"@id\":\"https:\/\/about.fb.com\/br\/news\/2021\/03\/celebrando-o-mes-da-mulher\/#breadcrumb\"},\"inLanguage\":\"pt-BR\",\"potentialAction\":[{\"@type\":\"ReadAction\",\"target\":[\"https:\/\/about.fb.com\/br\/news\/2021\/03\/celebrando-o-mes-da-mulher\/\"]}],\"author\":\"Sobre a Meta\"},{\"@type\":\"ImageObject\",\"inLanguage\":\"pt-BR\",\"@id\":\"https:\/\/about.fb.com\/br\/news\/2021\/03\/celebrando-o-mes-da-mulher\/#primaryimage\",\"url\":\"https:\/\/about.fb.com\/br\/wp-content\/uploads\/sites\/11\/2021\/03\/WHM-header.jpg?fit=7725%2C5504\",\"contentUrl\":\"https:\/\/about.fb.com\/br\/wp-content\/uploads\/sites\/11\/2021\/03\/WHM-header.jpg?fit=7725%2C5504\",\"width\":7725,\"height\":5504},{\"@type\":\"BreadcrumbList\",\"@id\":\"https:\/\/about.fb.com\/br\/news\/2021\/03\/celebrando-o-mes-da-mulher\/#breadcrumb\",\"itemListElement\":[{\"@type\":\"ListItem\",\"position\":1,\"name\":\"Home\",\"item\":\"https:\/\/about.fb.com\/br\/\"},{\"@type\":\"ListItem\",\"position\":2,\"name\":\"Celebrando o M\u00eas da Mulher\"}]},{\"@type\":\"WebSite\",\"@id\":\"https:\/\/about.fb.com\/br\/#website\",\"url\":\"https:\/\/about.fb.com\/news\/\",\"name\":\"Sobre a Meta\",\"description\":\"\",\"publisher\":{\"@id\":\"https:\/\/about.fb.com\/br\/#organization\"},\"potentialAction\":[{\"@type\":\"SearchAction\",\"target\":{\"@type\":\"EntryPoint\",\"urlTemplate\":\"https:\/\/about.fb.com\/br\/?s={search_term_string}\"},\"query-input\":{\"@type\":\"PropertyValueSpecification\",\"valueRequired\":true,\"valueName\":\"search_term_string\"}}],\"inLanguage\":\"pt-BR\",\"alternateName\":[\"Meta Newsroom\",\"Meta\"]},{\"@type\":\"Organization\",\"@id\":\"https:\/\/about.fb.com\/br\/#organization\",\"name\":\"Meta\",\"url\":\"https:\/\/about.fb.com\/br\/\",\"logo\":{\"@type\":\"ImageObject\",\"inLanguage\":\"pt-BR\",\"@id\":\"https:\/\/about.fb.com\/br\/#\/schema\/logo\/image\/\",\"url\":\"https:\/\/about.fb.com\/br\/wp-content\/uploads\/sites\/11\/2021\/10\/meta-social-16x9-1.jpg?fit=8000%2C4500\",\"contentUrl\":\"https:\/\/about.fb.com\/br\/wp-content\/uploads\/sites\/11\/2021\/10\/meta-social-16x9-1.jpg?fit=8000%2C4500\",\"width\":8000,\"height\":4500,\"caption\":\"Meta\"},\"image\":{\"@id\":\"https:\/\/about.fb.com\/br\/#\/schema\/logo\/image\/\"}}]}<\/script>\n<!-- \/ Yoast SEO plugin. -->","yoast_head_json":{"title":"Celebrando o M\u00eas da Mulher | Sobre a Meta","robots":{"index":"index","follow":"follow","max-snippet":"max-snippet:-1","max-image-preview":"max-image-preview:large","max-video-preview":"max-video-preview:-1"},"canonical":"https:\/\/about.fb.com\/br\/news\/2021\/03\/celebrando-o-mes-da-mulher\/","og_locale":"pt_BR","og_type":"article","og_title":"Celebrando o M\u00eas da Mulher | Sobre a Meta","og_description":"Com o impacto da COVID-19 amea\u00e7ando reverter d\u00e9cadas de progresso, mulheres em todo o mundo t\u00eam unido for\u00e7as em nossos aplicativos para se apoiar e incentivar umas \u00e0s outras e suas comunidades. Em 2020, as mulheres criaram duas vezes mais campanhas de arrecada\u00e7\u00e3o de fundos no Facebook do que os homens e fizeram o dobro de doa\u00e7\u00f5es, com 64% do total arrecadado vindo delas em todo o mundo. Elas tamb\u00e9m lideraram comunidades em crescimento e reuniram recursos de apoio, criando 2,7 vezes mais Grupos relacionados \u00e0 COVID-19 do que homens e com 4 vezes mais membros. Para apoiar esses esfor\u00e7os, estamos lan\u00e7ando mais recursos em nossos aplicativos que ajudar\u00e3o as pessoas a celebrar e empoderar as mulheres, al\u00e9m de elevar as vozes de diversas l\u00edderes femininas, criando mudan\u00e7as em suas \u00e1reas de atua\u00e7\u00e3o e comunidades. Tamb\u00e9m estamos compartilhando novas maneiras de as pessoas apoiarem pequenas empresas lideradas por mulheres. Celebre com novas funcionalidades em nossos produtos Criadores e todas as pessoas agora podem entrar ao vivo no Instagram com at\u00e9 tr\u00eas outras pessoas com o lan\u00e7amento de Live Rooms. Durante o M\u00eas das Mulheres, voc\u00ea poder\u00e1 acompanhar as discuss\u00f5es ao vivo com mulheres e criadoras influentes sobre como as mulheres podem ajudar umas \u00e0s outras a superar obst\u00e1culos e ter sucesso. Voc\u00ea tamb\u00e9m pode compartilhar novas figurinhas no Instagram, ilustradas por diversas artistas ao redor do mundo para destacar a interseccionalidade. Dentre a cole\u00e7\u00e3o de imagens est\u00e3o as da brasileira Linoca Souza (@linocasouza), ilustradora e artista visual de S\u00e3o Paulo que come\u00e7ou em 2008 desenvolvendo grafittis e, desde 2012, vem produzindo pinturas e ilustra\u00e7\u00f5es acerca de temas como equidade racial. Um dos pacotes de adesivos retrata a atua\u00e7\u00e3o de mulheres em \u00e1reas como ci\u00eancias, tecnologia, engenharia e matem\u00e1tica. No Messenger, voc\u00ea poder\u00e1 enviar novas figurinhas personalizadas que foram criadas em parceria com a empresa de m\u00eddia e entretenimento feminino, Refinery29, para celebrar e incentivar a conversa sobre mulheres inspiradoras e que abriram caminho em suas comunidades. A arte foi desenhada pela aclamada ilustradora Jade Purple Brown e estar\u00e1 dispon\u00edvel a partir dessa semana. Al\u00e9m disso, no Messenger Kids, as meninas podem compartilhar figurinhas de uma nova cole\u00e7\u00e3o desenhada para empoder\u00e1-las a se expressar, se conectar com suas paix\u00f5es e escrever suas pr\u00f3prias hist\u00f3rias. Os Avatares tamb\u00e9m poder\u00e3o ser usados para comemorar a data como op\u00e7\u00e3o de foto tempor\u00e1ria de perfil do Facebook em Portugu\u00eas e novas figurinhas de avatares que podem ser usadas para comentar a publica\u00e7\u00e3o de amigos e familiares e compartilhar no Feed de Not\u00edcias, Messenger e Stories.\u00a0 \u00a0\u00a0\u00a0 \u00a0 \u00a0 \u00a0 Apoie neg\u00f3cios pertencentes a mulheres e a igualdade econ\u00f4mica Voc\u00ea pode apoiar empresas de mulheres visitando as cole\u00e7\u00f5es de compras do Facebook e Instagram Shop e na conta oficial de compras do Instagram @shop. E na Am\u00e9rica do Norte, Am\u00e9rica Latina e \u00c1sia, mulheres l\u00edderes de neg\u00f3cios podem participar de treinamentos e workshops do #ElaFazHist\u00f3ria, hospedados pelo Facebook para comemorar o anivers\u00e1rio de 5 anos do programa. Na Europa, Oriente M\u00e9dio e \u00c1frica, estamos fazendo parceria com mulheres l\u00edderes e influenciadoras nos neg\u00f3cios, m\u00eddia e entretenimento para lan\u00e7ar e-books no Dia Internacional da Mulher que trazem aprendizados e conselhos, al\u00e9m de incentivar as mulheres a lutar pela igualdade de g\u00eanero. Inspire-se A partir de 8 de mar\u00e7o, daremos in\u00edcio \u00e0 nossa campanha Mulheres x Mulheres, para destacar hist\u00f3rias inspiradoras, celebrar suas realiza\u00e7\u00f5es e mostrar como elas encontraram for\u00e7a e comunidade em nossos aplicativos este ano. Apresentaremos organiza\u00e7\u00f5es como a Generation Women, um coletivo de diversas mulheres de v\u00e1rias idades que se apoiam mutuamente compartilhando experi\u00eancias de vida e incentivando as pessoas a celebrar as mulheres em suas vidas por meio de postagens e hist\u00f3rias no Facebook e Instagram. E ao longo do m\u00eas, voc\u00ea pode visitar nossas contas no Facebook e Instagram para ouvir criadoras, aliadas, empreendedoras e donas de pequenas empresas com relatos inspiradores.","og_url":"https:\/\/about.fb.com\/br\/news\/2021\/03\/celebrando-o-mes-da-mulher\/","og_site_name":"Sobre a Meta","article_published_time":"2021-03-01T19:31:11+00:00","article_modified_time":"2021-07-01T20:12:44+00:00","og_image":[{"width":1024,"height":730,"url":"https:\/\/about.fb.com\/br\/wp-content\/uploads\/sites\/11\/2021\/03\/WHM-header.jpg?resize=1024,730","type":"image\/jpeg"}],"author":"facebookbr","twitter_card":"summary_large_image","twitter_misc":{"Written by":"Meta","Est. reading time":"4 minutos"},"schema":{"@context":"https:\/\/schema.org","@graph":[{"@type":"Article","@id":"https:\/\/about.fb.com\/br\/news\/2021\/03\/celebrando-o-mes-da-mulher\/#article","isPartOf":{"@id":"https:\/\/about.fb.com\/br\/news\/2021\/03\/celebrando-o-mes-da-mulher\/"},"author":"Facebook company","headline":"Celebrando o M\u00eas da Mulher","datePublished":"2021-03-01T19:31:11+00:00","dateModified":"2021-07-01T20:12:44+00:00","mainEntityOfPage":{"@id":"https:\/\/about.fb.com\/br\/news\/2021\/03\/celebrando-o-mes-da-mulher\/"},"wordCount":701,"publisher":{"@id":"https:\/\/about.fb.com\/br\/#organization"},"image":{"@id":"https:\/\/about.fb.com\/br\/news\/2021\/03\/celebrando-o-mes-da-mulher\/#primaryimage"},"thumbnailUrl":"https:\/\/about.fb.com\/br\/wp-content\/uploads\/sites\/11\/2021\/03\/WHM-header.jpg?fit=7725%2C5504","articleSection":["Facebook","Fortalecendo Comunidades","Instagram","Messenger","Recent News"],"inLanguage":"pt-BR"},{"@type":"WebPage","@id":"https:\/\/about.fb.com\/br\/news\/2021\/03\/celebrando-o-mes-da-mulher\/","url":"https:\/\/about.fb.com\/br\/news\/2021\/03\/celebrando-o-mes-da-mulher\/","name":"Celebrando o M\u00eas da Mulher | Sobre a Meta","isPartOf":{"@id":"https:\/\/about.fb.com\/br\/#website"},"primaryImageOfPage":{"@id":"https:\/\/about.fb.com\/br\/news\/2021\/03\/celebrando-o-mes-da-mulher\/#primaryimage"},"image":{"@id":"https:\/\/about.fb.com\/br\/news\/2021\/03\/celebrando-o-mes-da-mulher\/#primaryimage"},"thumbnailUrl":"https:\/\/about.fb.com\/br\/wp-content\/uploads\/sites\/11\/2021\/03\/WHM-header.jpg?fit=7725%2C5504","datePublished":"2021-03-01T19:31:11+00:00","dateModified":"2021-07-01T20:12:44+00:00","breadcrumb":{"@id":"https:\/\/about.fb.com\/br\/news\/2021\/03\/celebrando-o-mes-da-mulher\/#breadcrumb"},"inLanguage":"pt-BR","potentialAction":[{"@type":"ReadAction","target":["https:\/\/about.fb.com\/br\/news\/2021\/03\/celebrando-o-mes-da-mulher\/"]}],"author":"Sobre a Meta"},{"@type":"ImageObject","inLanguage":"pt-BR","@id":"https:\/\/about.fb.com\/br\/news\/2021\/03\/celebrando-o-mes-da-mulher\/#primaryimage","url":"https:\/\/about.fb.com\/br\/wp-content\/uploads\/sites\/11\/2021\/03\/WHM-header.jpg?fit=7725%2C5504","contentUrl":"https:\/\/about.fb.com\/br\/wp-content\/uploads\/sites\/11\/2021\/03\/WHM-header.jpg?fit=7725%2C5504","width":7725,"height":5504},{"@type":"BreadcrumbList","@id":"https:\/\/about.fb.com\/br\/news\/2021\/03\/celebrando-o-mes-da-mulher\/#breadcrumb","itemListElement":[{"@type":"ListItem","position":1,"name":"Home","item":"https:\/\/about.fb.com\/br\/"},{"@type":"ListItem","position":2,"name":"Celebrando o M\u00eas da Mulher"}]},{"@type":"WebSite","@id":"https:\/\/about.fb.com\/br\/#website","url":"https:\/\/about.fb.com\/news\/","name":"Sobre a Meta","description":"","publisher":{"@id":"https:\/\/about.fb.com\/br\/#organization"},"potentialAction":[{"@type":"SearchAction","target":{"@type":"EntryPoint","urlTemplate":"https:\/\/about.fb.com\/br\/?s={search_term_string}"},"query-input":{"@type":"PropertyValueSpecification","valueRequired":true,"valueName":"search_term_string"}}],"inLanguage":"pt-BR","alternateName":["Meta Newsroom","Meta"]},{"@type":"Organization","@id":"https:\/\/about.fb.com\/br\/#organization","name":"Meta","url":"https:\/\/about.fb.com\/br\/","logo":{"@type":"ImageObject","inLanguage":"pt-BR","@id":"https:\/\/about.fb.com\/br\/#\/schema\/logo\/image\/","url":"https:\/\/about.fb.com\/br\/wp-content\/uploads\/sites\/11\/2021\/10\/meta-social-16x9-1.jpg?fit=8000%2C4500","contentUrl":"https:\/\/about.fb.com\/br\/wp-content\/uploads\/sites\/11\/2021\/10\/meta-social-16x9-1.jpg?fit=8000%2C4500","width":8000,"height":4500,"caption":"Meta"},"image":{"@id":"https:\/\/about.fb.com\/br\/#\/schema\/logo\/image\/"}}]}},"jetpack-related-posts":[{"id":27019,"url":"https:\/\/about.fb.com\/br\/news\/2026\/03\/nossas-medidas-para-dar-apoio-as-familias-no-brasil\/","url_meta":{"origin":22413,"position":0},"title":"Nossas medidas para dar apoio \u00e0s fam\u00edlias no Brasil","author":"Meta","date":"17\/03\/2026","format":false,"excerpt":"O Estatuto Digital da Crian\u00e7a e do Adolescente (ECA Digital) entra em vigor hoje (17) no Brasil. Como parte do nosso trabalho para cumprir a lei, estamos implementando recursos adicionais \u00e0s prote\u00e7\u00f5es j\u00e1 existentes nas Contas de Adolescentes para dar aos pais mais formas de supervisionar o uso que seus\u2026","rel":"","context":"In &quot;Recent News&quot;","block_context":{"text":"Recent News","link":"https:\/\/about.fb.com\/br\/news\/category\/recent-news\/"},"img":{"alt_text":"","src":"","width":0,"height":0},"classes":[]},{"id":27268,"url":"https:\/\/about.fb.com\/br\/news\/2026\/06\/nosso-trabalho-para-as-eleicoes-de-2026-no-brasil\/","url_meta":{"origin":22413,"position":1},"title":"Nosso trabalho para proteger as elei\u00e7\u00f5es de 2026 no Brasil","author":"Meta","date":"08\/06\/2026","format":false,"excerpt":"Atualizado em 04 de setembro de 2026 Atualizamos o guia \"Combatendo a viol\u00eancia pol\u00edtica contra as mulheres\", lan\u00e7ado originalmente em 2022. A nova vers\u00e3o traz orienta\u00e7\u00f5es sobre as ferramentas de seguran\u00e7a e privacidade dispon\u00edveis, informa\u00e7\u00f5es revisadas sobre nossas pol\u00edticas de conduta de \u00f3dio, bullying e ass\u00e9dio e desinforma\u00e7\u00e3o, e uma\u2026","rel":"","context":"In &quot;Meta&quot;","block_context":{"text":"Meta","link":"https:\/\/about.fb.com\/br\/news\/category\/temas-home\/meta\/"},"img":{"alt_text":"","src":"https:\/\/about.fb.com\/br\/wp-content\/uploads\/sites\/11\/2026\/06\/Captura-de-tela-2026-07-06-124959.png?resize=350%2C200","width":350,"height":200},"classes":[]},{"id":27001,"url":"https:\/\/about.fb.com\/br\/news\/2026\/03\/combatendo-golpistas-e-protegendo-pessoas-com-novas-tecnologias-e-parcerias\/","url_meta":{"origin":22413,"position":2},"title":"Combatendo golpistas e protegendo pessoas com novas tecnologias e parcerias","author":"Meta","date":"11\/03\/2026","format":false,"excerpt":"Os golpistas est\u00e3o constantemente evoluindo suas t\u00e1ticas \u2014 e n\u00f3s tamb\u00e9m. Todos os dias, criminosos usam m\u00e9todos cada vez mais sofisticados para enganar pessoas em nossas plataformas e pela Internet. Por isso, estamos anunciando novos investimentos em IA avan\u00e7ada, ferramentas para ajudar as pessoas a identificarem e evitarem golpistas, al\u00e9m\u2026","rel":"","context":"In &quot;Combatendo Desinforma\u00e7\u00e3o&quot;","block_context":{"text":"Combatendo Desinforma\u00e7\u00e3o","link":"https:\/\/about.fb.com\/br\/news\/category\/temas-home\/combatendo-desinformacao\/"},"img":{"alt_text":"","src":"https:\/\/about.fb.com\/br\/wp-content\/uploads\/sites\/11\/2026\/03\/Scams.jpg?fit=819%2C460&resize=350%2C200","width":350,"height":200,"srcset":"https:\/\/about.fb.com\/br\/wp-content\/uploads\/sites\/11\/2026\/03\/Scams.jpg?fit=819%2C460&resize=350%2C200 1x, https:\/\/about.fb.com\/br\/wp-content\/uploads\/sites\/11\/2026\/03\/Scams.jpg?fit=819%2C460&resize=525%2C300 1.5x, https:\/\/about.fb.com\/br\/wp-content\/uploads\/sites\/11\/2026\/03\/Scams.jpg?fit=819%2C460&resize=700%2C400 2x"},"classes":[]},{"id":26598,"url":"https:\/\/about.fb.com\/br\/news\/2025\/08\/26598-pesquisa-revela-o-impacto-da-meta-nas-mpmes-da-america-latina\/","url_meta":{"origin":22413,"position":3},"title":"Pesquisa revela o impacto da Meta nas MPMEs da Am\u00e9rica Latina","author":"Meta","date":"26\/08\/2025","format":false,"excerpt":"As ferramentas da Meta n\u00e3o apenas conectam as MPMEs da Am\u00e9rica Latina aos seus clientes, como tamb\u00e9m criam novas oportunidades de crescimento. 9 em cada 10 empresas que utilizaram um ou mais produtos da Meta relataram aumento de receita. Aumento de receita por pa\u00eds: Argentina: 84% das empresas que usam\u2026","rel":"","context":"In &quot;Meta&quot;","block_context":{"text":"Meta","link":"https:\/\/about.fb.com\/br\/news\/category\/temas-home\/meta\/"},"img":{"alt_text":"","src":"https:\/\/about.fb.com\/br\/wp-content\/uploads\/sites\/11\/2025\/08\/Portada_Sin-texto.jpg?fit=3544%2C3544&resize=350%2C200","width":350,"height":200,"srcset":"https:\/\/about.fb.com\/br\/wp-content\/uploads\/sites\/11\/2025\/08\/Portada_Sin-texto.jpg?fit=3544%2C3544&resize=350%2C200 1x, https:\/\/about.fb.com\/br\/wp-content\/uploads\/sites\/11\/2025\/08\/Portada_Sin-texto.jpg?fit=3544%2C3544&resize=525%2C300 1.5x, https:\/\/about.fb.com\/br\/wp-content\/uploads\/sites\/11\/2025\/08\/Portada_Sin-texto.jpg?fit=3544%2C3544&resize=700%2C400 2x, https:\/\/about.fb.com\/br\/wp-content\/uploads\/sites\/11\/2025\/08\/Portada_Sin-texto.jpg?fit=3544%2C3544&resize=1050%2C600 3x, https:\/\/about.fb.com\/br\/wp-content\/uploads\/sites\/11\/2025\/08\/Portada_Sin-texto.jpg?fit=3544%2C3544&resize=1400%2C800 4x"},"classes":[]},{"id":26513,"url":"https:\/\/about.fb.com\/br\/news\/2025\/07\/apresentando-dms-e-destaques-no-threads\/","url_meta":{"origin":22413,"position":4},"title":"Apresentando DMs e Destaques no Threads","author":"Meta","date":"01\/07\/2025","format":false,"excerpt":"Atualiza\u00e7\u00e3o em 12 de setembro de 2025 \u00e0s 14h15 (hor\u00e1rio do Pac\u00edfico): Em breve, voc\u00ea poder\u00e1 enviar mensagens diretas para pessoas que voc\u00ea n\u00e3o segue. Para criadores, isso pode abrir portas para colabora\u00e7\u00f5es com outros criadores e oportunidades de monetiza\u00e7\u00e3o. Mas sabemos que nem todo mundo quer uma caixa de\u2026","rel":"","context":"In &quot;Recent News&quot;","block_context":{"text":"Recent News","link":"https:\/\/about.fb.com\/br\/news\/category\/recent-news\/"},"img":{"alt_text":"","src":"https:\/\/about.fb.com\/br\/wp-content\/uploads\/sites\/11\/2025\/07\/Threads_1.jpg?fit=1280%2C720&resize=350%2C200","width":350,"height":200,"srcset":"https:\/\/about.fb.com\/br\/wp-content\/uploads\/sites\/11\/2025\/07\/Threads_1.jpg?fit=1280%2C720&resize=350%2C200 1x, https:\/\/about.fb.com\/br\/wp-content\/uploads\/sites\/11\/2025\/07\/Threads_1.jpg?fit=1280%2C720&resize=525%2C300 1.5x, https:\/\/about.fb.com\/br\/wp-content\/uploads\/sites\/11\/2025\/07\/Threads_1.jpg?fit=1280%2C720&resize=700%2C400 2x, https:\/\/about.fb.com\/br\/wp-content\/uploads\/sites\/11\/2025\/07\/Threads_1.jpg?fit=1280%2C720&resize=1050%2C600 3x"},"classes":[]},{"id":27189,"url":"https:\/\/about.fb.com\/br\/news\/2026\/05\/protegendo-jogadores-e-torcedores-durante-a-copa-do-mundo-da-fifa-2026\/","url_meta":{"origin":22413,"position":5},"title":"Protegendo jogadores e torcedores durante a Copa do Mundo da FIFA 2026\u2122","author":"Meta","date":"28\/05\/2026","format":false,"excerpt":"Nos pr\u00f3ximos meses, torcedores de futebol ao redor do mundo usar\u00e3o nossos aplicativos para se conectar e viver juntos a Copa do Mundo da FIFA 2026\u2122. Enquanto a maioria estar\u00e1 torcendo por seus times e jogadores favoritos, infelizmente pode haver atores mal-intencionados que tentar\u00e3o atrair outras pessoas para golpes ou\u2026","rel":"","context":"In &quot;Recent News&quot;","block_context":{"text":"Recent News","link":"https:\/\/about.fb.com\/br\/news\/category\/recent-news\/"},"img":{"alt_text":"","src":"https:\/\/about.fb.com\/br\/wp-content\/uploads\/sites\/11\/2026\/05\/HIDDEN_.png?resize=350%2C200","width":350,"height":200,"srcset":"https:\/\/about.fb.com\/br\/wp-content\/uploads\/sites\/11\/2026\/05\/HIDDEN_.png?resize=350%2C200 1x, https:\/\/about.fb.com\/br\/wp-content\/uploads\/sites\/11\/2026\/05\/HIDDEN_.png?resize=525%2C300 1.5x, https:\/\/about.fb.com\/br\/wp-content\/uploads\/sites\/11\/2026\/05\/HIDDEN_.png?resize=700%2C400 2x, https:\/\/about.fb.com\/br\/wp-content\/uploads\/sites\/11\/2026\/05\/HIDDEN_.png?resize=1050%2C600 3x"},"classes":[]}],"jetpack_sharing_enabled":true,"amp_enabled":true,"jetpack_featured_media_url":"https:\/\/about.fb.com\/br\/wp-content\/uploads\/sites\/11\/2021\/03\/WHM-header.jpg?fit=7725%2C5504","_links":{"self":[{"href":"https:\/\/about.fb.com\/br\/wp-json\/wp\/v2\/posts\/22413","targetHints":{"allow":["GET"]}}],"collection":[{"href":"https:\/\/about.fb.com\/br\/wp-json\/wp\/v2\/posts"}],"about":[{"href":"https:\/\/about.fb.com\/br\/wp-json\/wp\/v2\/types\/post"}],"author":[{"embeddable":true,"href":"https:\/\/about.fb.com\/br\/wp-json\/wp\/v2\/users\/81109636"}],"replies":[{"embeddable":true,"href":"https:\/\/about.fb.com\/br\/wp-json\/wp\/v2\/comments?post=22413"}],"version-history":[{"count":13,"href":"https:\/\/about.fb.com\/br\/wp-json\/wp\/v2\/posts\/22413\/revisions"}],"predecessor-version":[{"id":22434,"href":"https:\/\/about.fb.com\/br\/wp-json\/wp\/v2\/posts\/22413\/revisions\/22434"}],"wp:featuredmedia":[{"embeddable":true,"href":"https:\/\/about.fb.com\/br\/wp-json\/wp\/v2\/media\/22419"}],"wp:attachment":[{"href":"https:\/\/about.fb.com\/br\/wp-json\/wp\/v2\/media?parent=22413"}],"wp:term":[{"taxonomy":"category","embeddable":true,"href":"https:\/\/about.fb.com\/br\/wp-json\/wp\/v2\/categories?post=22413"},{"taxonomy":"post_tag","embeddable":true,"href":"https:\/\/about.fb.com\/br\/wp-json\/wp\/v2\/tags?post=22413"}],"curies":[{"name":"wp","href":"https:\/\/api.w.org\/{rel}","templated":true}]}}