{"id":22227,"date":"2021-01-11T20:32:37","date_gmt":"2021-01-11T23:32:37","guid":{"rendered":"https:\/\/about.fb.com\/br\/?p=22227"},"modified":"2021-06-17T10:07:06","modified_gmt":"2021-06-17T13:07:06","slug":"nossos-preparativos-para-o-dia-da-posse-nos-estados-unidos","status":"publish","type":"post","link":"https:\/\/about.fb.com\/br\/news\/2021\/01\/nossos-preparativos-para-o-dia-da-posse-nos-estados-unidos\/","title":{"rendered":"Nossos preparativos para o Dia da Posse nos Estados Unidos"},"content":{"rendered":"<p><em><b>Atualizado em 18 de janeiro de 2021:\u00a0<\/b><\/em><\/p>\n<p><span style=\"font-weight: 400\">No dia 16 de janeiro, anunciamos que passamos a proibir an\u00fancios que promovam acess\u00f3rios para armas e equipamentos de prote\u00e7\u00e3o nos Estados Unidos, pelo menos at\u00e9 22 de janeiro. J\u00e1 proibimos an\u00fancios de armas, muni\u00e7\u00f5es e dispositivos para adaptar armas, como silenciadores. Mas agora tamb\u00e9m proibiremos an\u00fancios de acess\u00f3rios como cofres para armas, coletes e coldres para armas nos Estados Unidos.<\/span><\/p>\n<p><span style=\"font-weight: 400\">Estamos monitorando sinais de viol\u00eancia ou outras amea\u00e7as em Washington, DC, e em todos os 50 estados do pa\u00eds. Na prepara\u00e7\u00e3o para o Dia da Posse (Inauguration Day, em ingl\u00eas), implementamos uma s\u00e9rie de medidas adicionais para continuar prevenindo tentativas de uso de nossos servi\u00e7os para fins de viol\u00eancia. Isso inclui nossa pausa cont\u00ednua em todos os an\u00fancios pol\u00edticos.\u00a0<\/span><\/p>\n<p><span style=\"font-weight: 400\">E, como fizemos nas semanas ap\u00f3s a elei\u00e7\u00e3o presidencial, estamos promovendo informa\u00e7\u00f5es precisas sobre a elei\u00e7\u00e3o e a viol\u00eancia no Capit\u00f3lio, em vez de conte\u00fado que nossos sistemas prev\u00eaem ser menos preciso, que deslegitima a elei\u00e7\u00e3o ou retrate os invasores como v\u00edtimas. Tamb\u00e9m implementamos medidas espec\u00edficas para reduzir oportunidades de abuso em Grupos.<\/span><\/p>\n<p><span style=\"font-weight: 400\">Com base nessas etapas, inclu\u00edmos duas medidas adicionais para impedir ainda mais que as pessoas tentem usar nossos servi\u00e7os para incitar a viol\u00eancia.<\/span><\/p>\n<ul>\n<li style=\"font-weight: 400\"><span style=\"font-weight: 400\">Estamos bloqueando a cria\u00e7\u00e3o de qualquer novo evento do Facebook que aconte\u00e7a nas proximidades de locais como a Casa Branca, o edif\u00edcio do Capit\u00f3lio dos EUA e qualquer um dos edif\u00edcios do Capit\u00f3lio do estado, at\u00e9 o Dia da Posse. Nosso centro de opera\u00e7\u00f5es tamb\u00e9m est\u00e1 conduzindo uma revis\u00e3o secund\u00e1ria de todos os eventos do Facebook relacionados \u00e0 posse e removendo aqueles que violam nossas pol\u00edticas. E, como fizemos no in\u00edcio e depois da elei\u00e7\u00e3o presidencial dos EUA, continuaremos a bloquear a cria\u00e7\u00e3o de eventos nos EUA por contas e P\u00e1ginas fora dos EUA.\u00a0<\/span><\/li>\n<li style=\"font-weight: 400\"><span style=\"font-weight: 400\">Tamb\u00e9m estamos restringindo alguns recursos para pessoas nos EUA, baseado em sinais como repetidas viola\u00e7\u00f5es de nossas pol\u00edticas. Essas restri\u00e7\u00f5es incluem bloquear essas contas de criar v\u00eddeos ao vivo ou criar um evento, Grupo ou P\u00e1gina.<\/span><\/li>\n<\/ul>\n<p><span style=\"font-weight: 400\">Continuaremos monitorando e incluindo medidas adicionais conforme necess\u00e1rio.<\/span><\/p>\n<p><strong><i>Originalmente publicado em 11 de janeiro de 2021:<\/i><\/strong><\/p>\n<p><span style=\"font-weight: 400\">Desde o ano passado come\u00e7amos a nos preparar para o Dia da Posse (Inauguration Day, em ingl\u00eas) nos Estados Unidos. No entanto, nosso planejamento ganhou uma nova urg\u00eancia, ap\u00f3s a viol\u00eancia da semana passada em Washington, DC, e estamos tratando as pr\u00f3ximas duas semanas como um grande evento c\u00edvico. Estamos tomando medidas adicionais e adotando as mesmas equipes e tecnologias que usamos durante as elei\u00e7\u00f5es para impedir conte\u00fados e desinforma\u00e7\u00e3o que possam incitar mais viol\u00eancia durante as pr\u00f3ximas semanas.<\/span><\/p>\n<p><span style=\"font-weight: 400\">Agora estamos removendo conte\u00fados com a frase \u201cstop the steal\u201d (&#8220;parem o roubo&#8221;, em tradu\u00e7\u00e3o livre), de acordo com nossa pol\u00edtica de Coordena\u00e7\u00e3o de Danos do Facebook e Instagram. Removemos o Grupo original &#8220;Stop the Steal&#8221; em novembro, e continuamos a remover P\u00e1ginas, Grupos e Eventos que violam qualquer uma de nossas pol\u00edticas, incluindo apelos \u00e0 viol\u00eancia.\u00a0<\/span><\/p>\n<p><span style=\"font-weight: 400\">Temos permitido conversas robustas relacionadas ao resultado da elei\u00e7\u00e3o, e isso continuar\u00e1. Mas com as cont\u00ednuas tentativas de organizar eventos contra o resultado da elei\u00e7\u00e3o presidencial dos EUA que podem levar \u00e0 viol\u00eancia, e o uso do termo por aqueles envolvidos na viol\u00eancia de quarta-feira passada, 6 de dezembro, em DC, estamos dando mais um passo nos preparativos at\u00e9 a posse. Pode levar algum tempo para aumentar nossa aplica\u00e7\u00e3o de medidas nessa nova etapa, mas j\u00e1 removemos um n\u00famero significativo de publica\u00e7\u00f5es.<\/span><\/p>\n<p><span style=\"font-weight: 400\">Nossas equipes est\u00e3o trabalhando 24 horas por dia, 7 dias por semana, para fazer cumprir nossas pol\u00edticas em torno da posse. Vamos manter nosso Centro de Opera\u00e7\u00f5es de Integridade operando pelo menos at\u00e9 o dia 22 de janeiro para monitorar e responder \u00e0s amea\u00e7as em tempo real. Esse Centro j\u00e1 estava ativo antes do segundo turno das elei\u00e7\u00f5es da Ge\u00f3rgia e da contagem dos votos do Col\u00e9gio Eleitoral no Congresso da elei\u00e7\u00e3o presidencial dos EUA. Estendemos o seu funcionamento devido \u00e0 viol\u00eancia no Capit\u00f3lio na semana passada.<\/span><\/p>\n<p><span style=\"font-weight: 400\">Como nas elei\u00e7\u00f5es de 2020, continuamos a entrar em contato proativamente com as autoridades locais e federais e estamos fornecendo informa\u00e7\u00f5es em resposta a solicita\u00e7\u00f5es legais v\u00e1lidas. Continuaremos a remover conte\u00fados, desativar contas e trabalhar com as autoridades quando houver risco de danos f\u00edsicos ou amea\u00e7as diretas \u00e0 seguran\u00e7a p\u00fablica.<\/span><\/p>\n<p><span style=\"font-weight: 400\">Al\u00e9m da suspens\u00e3o indefinida da conta do presidente Trump, que anunciamos em 7 de janeiro, estamos mantendo a interrup\u00e7\u00e3o em todos os an\u00fancios sobre pol\u00edtica ou elei\u00e7\u00f5es nos EUA. Isso significa que n\u00e3o estamos permitindo qualquer an\u00fancio de pol\u00edticos, incluindo do presidente Trump.<\/span><\/p>\n<p><span style=\"font-weight: 400\">Tamb\u00e9m estamos conectando pessoas com informa\u00e7\u00f5es confi\u00e1veis sobre a posse e o processo de transi\u00e7\u00e3o. Ap\u00f3s a posse, nosso r\u00f3tulo nas publica\u00e7\u00f5es que tentam deslegitimar os resultados da elei\u00e7\u00e3o refletir\u00e1 que Joe Biden \u00e9 o presidente em exerc\u00edcio. Nosso Centro de Informa\u00e7\u00e3o de Vota\u00e7\u00e3o permanecer\u00e1 ativo no Facebook e Instagram nos Estados Unidos durante a posse para que possa continuar a ajudar as pessoas a encontrar informa\u00e7\u00f5es confi\u00e1veis e atualiza\u00e7\u00f5es sobre o processo eleitoral.<\/span><\/p>\n<p><span style=\"font-weight: 400\">Durante a semana de posse, adicionaremos um resumo de not\u00edcias ao Facebook News, um local com curadoria (n\u00e3o dispon\u00edvel no Brasil ainda) para as pessoas encontrarem not\u00edcias confi\u00e1veis sobre a posse. Isso incluir\u00e1 um v\u00eddeo ao vivo da posse no Capit\u00f3lio dos EUA, em 20 de janeiro. O Facebook News geralmente inclui compilados de not\u00edcias dedicados a eventos de import\u00e2ncia nacional ou global, como o \u201cCOVID-19\u201d ou o \u201cUnrest in America\u201d com mat\u00e9rias selecionadas pela equipe de curadoria. Haver\u00e1 tamb\u00e9m curadoria de v\u00eddeo ao vivo da posse e de outros momentos importantes no Facebook Watch.<\/span><\/p>\n<p><span style=\"font-weight: 400\">T\u00ednhamos medidas emergenciais em vigor, desde antes das elei\u00e7\u00f5es nos EUA, como n\u00e3o recomendar Grupos c\u00edvicos para as pessoas. Na semana passada, implementamos v\u00e1rios outros, incluindo o aumento da exig\u00eancia de administradores de Grupo para revisar e aprovar publica\u00e7\u00f5es antes que elas possam subir, desativando automaticamente coment\u00e1rios em postagens em Grupos que come\u00e7assem a ter uma alta taxa de discurso de \u00f3dio ou conte\u00fado que incita viol\u00eancia, e usar intelig\u00eancia artificial (IA) para rebaixar ainda mais os conte\u00fados que possivelmente violam nossas pol\u00edticas. Estamos mantendo essas medidas em vigor.<\/span><\/p>\n<p><span style=\"font-weight: 400\">Estaremos alertas para amea\u00e7as adicionais e tomaremos outras medidas, se necess\u00e1rio, para manter as pessoas seguras e informadas.<\/span><\/p>\n","protected":false},"excerpt":{"rendered":"Atualizado em 18 de janeiro de 2021:\u00a0 No dia 16 de janeiro, anunciamos que passamos a proibir an\u00fancios que promovam acess\u00f3rios para armas e equipamentos de prote\u00e7\u00e3o nos Estados Unidos, pelo menos at\u00e9 22 de janeiro. J\u00e1 proibimos an\u00fancios de armas, muni\u00e7\u00f5es e dispositivos para adaptar armas, como silenciadores. Mas agora tamb\u00e9m proibiremos an\u00fancios de acess\u00f3rios como cofres para armas, coletes e coldres para armas nos Estados Unidos. Estamos monitorando sinais de viol\u00eancia ou outras amea\u00e7as em Washington, DC, e em todos os 50 estados do pa\u00eds. Na prepara\u00e7\u00e3o para o Dia da Posse (Inauguration Day, em ingl\u00eas), implementamos uma s\u00e9rie de medidas adicionais para continuar prevenindo tentativas de uso de nossos servi\u00e7os para fins de viol\u00eancia. Isso inclui nossa pausa cont\u00ednua em todos os an\u00fancios pol\u00edticos.\u00a0 E, como fizemos nas semanas ap\u00f3s a elei\u00e7\u00e3o presidencial, estamos promovendo informa\u00e7\u00f5es precisas sobre a elei\u00e7\u00e3o e a viol\u00eancia no Capit\u00f3lio, em vez de conte\u00fado que nossos sistemas prev\u00eaem ser menos preciso, que deslegitima a elei\u00e7\u00e3o ou retrate os invasores como v\u00edtimas. Tamb\u00e9m implementamos medidas espec\u00edficas para reduzir oportunidades de abuso em Grupos. Com base nessas etapas, inclu\u00edmos duas medidas adicionais para impedir ainda mais que as pessoas tentem usar nossos servi\u00e7os para incitar a viol\u00eancia. Estamos bloqueando a cria\u00e7\u00e3o de qualquer novo evento do Facebook que aconte\u00e7a nas proximidades de locais como a Casa Branca, o edif\u00edcio do Capit\u00f3lio dos EUA e qualquer um dos edif\u00edcios do Capit\u00f3lio do estado, at\u00e9 o Dia da Posse. Nosso centro de opera\u00e7\u00f5es tamb\u00e9m est\u00e1 conduzindo uma revis\u00e3o secund\u00e1ria de todos os eventos do Facebook relacionados \u00e0 posse e removendo aqueles que violam nossas pol\u00edticas. E, como fizemos no in\u00edcio e depois da elei\u00e7\u00e3o presidencial dos EUA, continuaremos a bloquear a cria\u00e7\u00e3o de eventos nos EUA por contas e P\u00e1ginas fora dos EUA.\u00a0 Tamb\u00e9m estamos restringindo alguns recursos para pessoas nos EUA, baseado em sinais como repetidas viola\u00e7\u00f5es de nossas pol\u00edticas. Essas restri\u00e7\u00f5es incluem bloquear essas contas de criar v\u00eddeos ao vivo ou criar um evento, Grupo ou P\u00e1gina. Continuaremos monitorando e incluindo medidas adicionais conforme necess\u00e1rio. Originalmente publicado em 11 de janeiro de 2021: Desde o ano passado come\u00e7amos a nos preparar para o Dia da Posse (Inauguration Day, em ingl\u00eas) nos Estados Unidos. No entanto, nosso planejamento ganhou uma nova urg\u00eancia, ap\u00f3s a viol\u00eancia da semana passada em Washington, DC, e estamos tratando as pr\u00f3ximas duas semanas como um grande evento c\u00edvico. Estamos tomando medidas adicionais e adotando as mesmas equipes e tecnologias que usamos durante as elei\u00e7\u00f5es para impedir conte\u00fados e desinforma\u00e7\u00e3o que possam incitar mais viol\u00eancia durante as pr\u00f3ximas semanas. Agora estamos removendo conte\u00fados com a frase \u201cstop the steal\u201d (&#8220;parem o roubo&#8221;, em tradu\u00e7\u00e3o livre), de acordo com nossa pol\u00edtica de Coordena\u00e7\u00e3o de Danos do Facebook e Instagram. Removemos o Grupo original &#8220;Stop the Steal&#8221; em novembro, e continuamos a remover P\u00e1ginas, Grupos e Eventos que violam qualquer uma de nossas pol\u00edticas, incluindo apelos \u00e0 viol\u00eancia.\u00a0 Temos permitido conversas robustas relacionadas ao resultado da elei\u00e7\u00e3o, e isso continuar\u00e1. Mas com as cont\u00ednuas tentativas de organizar eventos contra o resultado da elei\u00e7\u00e3o presidencial dos EUA que podem levar \u00e0 viol\u00eancia, e o uso do termo por aqueles envolvidos na viol\u00eancia de quarta-feira passada, 6 de dezembro, em DC, estamos dando mais um passo nos preparativos at\u00e9 a posse. Pode levar algum tempo para aumentar nossa aplica\u00e7\u00e3o de medidas nessa nova etapa, mas j\u00e1 removemos um n\u00famero significativo de publica\u00e7\u00f5es. Nossas equipes est\u00e3o trabalhando 24 horas por dia, 7 dias por semana, para fazer cumprir nossas pol\u00edticas em torno da posse. Vamos manter nosso Centro de Opera\u00e7\u00f5es de Integridade operando pelo menos at\u00e9 o dia 22 de janeiro para monitorar e responder \u00e0s amea\u00e7as em tempo real. Esse Centro j\u00e1 estava ativo antes do segundo turno das elei\u00e7\u00f5es da Ge\u00f3rgia e da contagem dos votos do Col\u00e9gio Eleitoral no Congresso da elei\u00e7\u00e3o presidencial dos EUA. Estendemos o seu funcionamento devido \u00e0 viol\u00eancia no Capit\u00f3lio na semana passada. Como nas elei\u00e7\u00f5es de 2020, continuamos a entrar em contato proativamente com as autoridades locais e federais e estamos fornecendo informa\u00e7\u00f5es em resposta a solicita\u00e7\u00f5es legais v\u00e1lidas. Continuaremos a remover conte\u00fados, desativar contas e trabalhar com as autoridades quando houver risco de danos f\u00edsicos ou amea\u00e7as diretas \u00e0 seguran\u00e7a p\u00fablica. Al\u00e9m da suspens\u00e3o indefinida da conta do presidente Trump, que anunciamos em 7 de janeiro, estamos mantendo a interrup\u00e7\u00e3o em todos os an\u00fancios sobre pol\u00edtica ou elei\u00e7\u00f5es nos EUA. Isso significa que n\u00e3o estamos permitindo qualquer an\u00fancio de pol\u00edticos, incluindo do presidente Trump. Tamb\u00e9m estamos conectando pessoas com informa\u00e7\u00f5es confi\u00e1veis sobre a posse e o processo de transi\u00e7\u00e3o. Ap\u00f3s a posse, nosso r\u00f3tulo nas publica\u00e7\u00f5es que tentam deslegitimar os resultados da elei\u00e7\u00e3o refletir\u00e1 que Joe Biden \u00e9 o presidente em exerc\u00edcio. Nosso Centro de Informa\u00e7\u00e3o de Vota\u00e7\u00e3o permanecer\u00e1 ativo no Facebook e Instagram nos Estados Unidos durante a posse para que possa continuar a ajudar as pessoas a encontrar informa\u00e7\u00f5es confi\u00e1veis e atualiza\u00e7\u00f5es sobre o processo eleitoral. Durante a semana de posse, adicionaremos um resumo de not\u00edcias ao Facebook News, um local com curadoria (n\u00e3o dispon\u00edvel no Brasil ainda) para as pessoas encontrarem not\u00edcias confi\u00e1veis sobre a posse. Isso incluir\u00e1 um v\u00eddeo ao vivo da posse no Capit\u00f3lio dos EUA, em 20 de janeiro. O Facebook News geralmente inclui compilados de not\u00edcias dedicados a eventos de import\u00e2ncia nacional ou global, como o \u201cCOVID-19\u201d ou o \u201cUnrest in America\u201d com mat\u00e9rias selecionadas pela equipe de curadoria. Haver\u00e1 tamb\u00e9m curadoria de v\u00eddeo ao vivo da posse e de outros momentos importantes no Facebook Watch. T\u00ednhamos medidas emergenciais em vigor, desde antes das elei\u00e7\u00f5es nos EUA, como n\u00e3o recomendar Grupos c\u00edvicos para as pessoas. Na semana passada, implementamos v\u00e1rios outros, incluindo o aumento da exig\u00eancia de administradores de Grupo para revisar e aprovar publica\u00e7\u00f5es antes que elas possam subir, desativando automaticamente coment\u00e1rios em postagens em Grupos que come\u00e7assem a ter uma alta taxa de discurso de \u00f3dio ou conte\u00fado que incita viol\u00eancia, e usar intelig\u00eancia artificial (IA) para rebaixar ainda mais os conte\u00fados que possivelmente violam nossas pol\u00edticas. Estamos mantendo essas medidas em vigor. Estaremos alertas para amea\u00e7as adicionais e tomaremos outras medidas, se necess\u00e1rio, para manter as pessoas seguras e informadas.","protected":false},"author":81109636,"featured_media":0,"comment_status":"closed","ping_status":"closed","sticky":false,"template":"","format":"standard","meta":{"_jetpack_memberships_contains_paid_content":false,"footnotes":""},"categories":[1],"tags":[],"class_list":["post-22227","post","type-post","status-publish","format-standard","hentry","category-recent-news"],"yoast_head":"<!-- This site is optimized with the Yoast SEO plugin v27.2 - https:\/\/yoast.com\/product\/yoast-seo-wordpress\/ -->\n<title>Nossos preparativos para o Dia da Posse nos Estados Unidos | Sobre a Meta<\/title>\n<meta name=\"robots\" content=\"index, follow, max-snippet:-1, max-image-preview:large, max-video-preview:-1\" \/>\n<link rel=\"canonical\" href=\"https:\/\/about.fb.com\/br\/news\/2021\/01\/nossos-preparativos-para-o-dia-da-posse-nos-estados-unidos\/\" \/>\n<meta property=\"og:locale\" content=\"pt_BR\" \/>\n<meta property=\"og:type\" content=\"article\" \/>\n<meta property=\"og:title\" content=\"Nossos preparativos para o Dia da Posse nos Estados Unidos | Sobre a Meta\" \/>\n<meta property=\"og:description\" content=\"Atualizado em 18 de janeiro de 2021:\u00a0 No dia 16 de janeiro, anunciamos que passamos a proibir an\u00fancios que promovam acess\u00f3rios para armas e equipamentos de prote\u00e7\u00e3o nos Estados Unidos, pelo menos at\u00e9 22 de janeiro. J\u00e1 proibimos an\u00fancios de armas, muni\u00e7\u00f5es e dispositivos para adaptar armas, como silenciadores. Mas agora tamb\u00e9m proibiremos an\u00fancios de acess\u00f3rios como cofres para armas, coletes e coldres para armas nos Estados Unidos. Estamos monitorando sinais de viol\u00eancia ou outras amea\u00e7as em Washington, DC, e em todos os 50 estados do pa\u00eds. Na prepara\u00e7\u00e3o para o Dia da Posse (Inauguration Day, em ingl\u00eas), implementamos uma s\u00e9rie de medidas adicionais para continuar prevenindo tentativas de uso de nossos servi\u00e7os para fins de viol\u00eancia. Isso inclui nossa pausa cont\u00ednua em todos os an\u00fancios pol\u00edticos.\u00a0 E, como fizemos nas semanas ap\u00f3s a elei\u00e7\u00e3o presidencial, estamos promovendo informa\u00e7\u00f5es precisas sobre a elei\u00e7\u00e3o e a viol\u00eancia no Capit\u00f3lio, em vez de conte\u00fado que nossos sistemas prev\u00eaem ser menos preciso, que deslegitima a elei\u00e7\u00e3o ou retrate os invasores como v\u00edtimas. Tamb\u00e9m implementamos medidas espec\u00edficas para reduzir oportunidades de abuso em Grupos. Com base nessas etapas, inclu\u00edmos duas medidas adicionais para impedir ainda mais que as pessoas tentem usar nossos servi\u00e7os para incitar a viol\u00eancia. Estamos bloqueando a cria\u00e7\u00e3o de qualquer novo evento do Facebook que aconte\u00e7a nas proximidades de locais como a Casa Branca, o edif\u00edcio do Capit\u00f3lio dos EUA e qualquer um dos edif\u00edcios do Capit\u00f3lio do estado, at\u00e9 o Dia da Posse. Nosso centro de opera\u00e7\u00f5es tamb\u00e9m est\u00e1 conduzindo uma revis\u00e3o secund\u00e1ria de todos os eventos do Facebook relacionados \u00e0 posse e removendo aqueles que violam nossas pol\u00edticas. E, como fizemos no in\u00edcio e depois da elei\u00e7\u00e3o presidencial dos EUA, continuaremos a bloquear a cria\u00e7\u00e3o de eventos nos EUA por contas e P\u00e1ginas fora dos EUA.\u00a0 Tamb\u00e9m estamos restringindo alguns recursos para pessoas nos EUA, baseado em sinais como repetidas viola\u00e7\u00f5es de nossas pol\u00edticas. Essas restri\u00e7\u00f5es incluem bloquear essas contas de criar v\u00eddeos ao vivo ou criar um evento, Grupo ou P\u00e1gina. Continuaremos monitorando e incluindo medidas adicionais conforme necess\u00e1rio. Originalmente publicado em 11 de janeiro de 2021: Desde o ano passado come\u00e7amos a nos preparar para o Dia da Posse (Inauguration Day, em ingl\u00eas) nos Estados Unidos. No entanto, nosso planejamento ganhou uma nova urg\u00eancia, ap\u00f3s a viol\u00eancia da semana passada em Washington, DC, e estamos tratando as pr\u00f3ximas duas semanas como um grande evento c\u00edvico. Estamos tomando medidas adicionais e adotando as mesmas equipes e tecnologias que usamos durante as elei\u00e7\u00f5es para impedir conte\u00fados e desinforma\u00e7\u00e3o que possam incitar mais viol\u00eancia durante as pr\u00f3ximas semanas. Agora estamos removendo conte\u00fados com a frase \u201cstop the steal\u201d (&#8220;parem o roubo&#8221;, em tradu\u00e7\u00e3o livre), de acordo com nossa pol\u00edtica de Coordena\u00e7\u00e3o de Danos do Facebook e Instagram. Removemos o Grupo original &#8220;Stop the Steal&#8221; em novembro, e continuamos a remover P\u00e1ginas, Grupos e Eventos que violam qualquer uma de nossas pol\u00edticas, incluindo apelos \u00e0 viol\u00eancia.\u00a0 Temos permitido conversas robustas relacionadas ao resultado da elei\u00e7\u00e3o, e isso continuar\u00e1. Mas com as cont\u00ednuas tentativas de organizar eventos contra o resultado da elei\u00e7\u00e3o presidencial dos EUA que podem levar \u00e0 viol\u00eancia, e o uso do termo por aqueles envolvidos na viol\u00eancia de quarta-feira passada, 6 de dezembro, em DC, estamos dando mais um passo nos preparativos at\u00e9 a posse. Pode levar algum tempo para aumentar nossa aplica\u00e7\u00e3o de medidas nessa nova etapa, mas j\u00e1 removemos um n\u00famero significativo de publica\u00e7\u00f5es. Nossas equipes est\u00e3o trabalhando 24 horas por dia, 7 dias por semana, para fazer cumprir nossas pol\u00edticas em torno da posse. Vamos manter nosso Centro de Opera\u00e7\u00f5es de Integridade operando pelo menos at\u00e9 o dia 22 de janeiro para monitorar e responder \u00e0s amea\u00e7as em tempo real. Esse Centro j\u00e1 estava ativo antes do segundo turno das elei\u00e7\u00f5es da Ge\u00f3rgia e da contagem dos votos do Col\u00e9gio Eleitoral no Congresso da elei\u00e7\u00e3o presidencial dos EUA. Estendemos o seu funcionamento devido \u00e0 viol\u00eancia no Capit\u00f3lio na semana passada. Como nas elei\u00e7\u00f5es de 2020, continuamos a entrar em contato proativamente com as autoridades locais e federais e estamos fornecendo informa\u00e7\u00f5es em resposta a solicita\u00e7\u00f5es legais v\u00e1lidas. Continuaremos a remover conte\u00fados, desativar contas e trabalhar com as autoridades quando houver risco de danos f\u00edsicos ou amea\u00e7as diretas \u00e0 seguran\u00e7a p\u00fablica. Al\u00e9m da suspens\u00e3o indefinida da conta do presidente Trump, que anunciamos em 7 de janeiro, estamos mantendo a interrup\u00e7\u00e3o em todos os an\u00fancios sobre pol\u00edtica ou elei\u00e7\u00f5es nos EUA. Isso significa que n\u00e3o estamos permitindo qualquer an\u00fancio de pol\u00edticos, incluindo do presidente Trump. Tamb\u00e9m estamos conectando pessoas com informa\u00e7\u00f5es confi\u00e1veis sobre a posse e o processo de transi\u00e7\u00e3o. Ap\u00f3s a posse, nosso r\u00f3tulo nas publica\u00e7\u00f5es que tentam deslegitimar os resultados da elei\u00e7\u00e3o refletir\u00e1 que Joe Biden \u00e9 o presidente em exerc\u00edcio. Nosso Centro de Informa\u00e7\u00e3o de Vota\u00e7\u00e3o permanecer\u00e1 ativo no Facebook e Instagram nos Estados Unidos durante a posse para que possa continuar a ajudar as pessoas a encontrar informa\u00e7\u00f5es confi\u00e1veis e atualiza\u00e7\u00f5es sobre o processo eleitoral. Durante a semana de posse, adicionaremos um resumo de not\u00edcias ao Facebook News, um local com curadoria (n\u00e3o dispon\u00edvel no Brasil ainda) para as pessoas encontrarem not\u00edcias confi\u00e1veis sobre a posse. Isso incluir\u00e1 um v\u00eddeo ao vivo da posse no Capit\u00f3lio dos EUA, em 20 de janeiro. O Facebook News geralmente inclui compilados de not\u00edcias dedicados a eventos de import\u00e2ncia nacional ou global, como o \u201cCOVID-19\u201d ou o \u201cUnrest in America\u201d com mat\u00e9rias selecionadas pela equipe de curadoria. Haver\u00e1 tamb\u00e9m curadoria de v\u00eddeo ao vivo da posse e de outros momentos importantes no Facebook Watch. T\u00ednhamos medidas emergenciais em vigor, desde antes das elei\u00e7\u00f5es nos EUA, como n\u00e3o recomendar Grupos c\u00edvicos para as pessoas. Na semana passada, implementamos v\u00e1rios outros, incluindo o aumento da exig\u00eancia de administradores de Grupo para revisar e aprovar publica\u00e7\u00f5es antes que elas possam subir, desativando automaticamente coment\u00e1rios em postagens em Grupos que come\u00e7assem a ter uma alta taxa de discurso de \u00f3dio ou conte\u00fado que incita viol\u00eancia, e usar intelig\u00eancia artificial (IA) para rebaixar ainda mais os conte\u00fados que possivelmente violam nossas pol\u00edticas. Estamos mantendo essas medidas em vigor. Estaremos alertas para amea\u00e7as adicionais e tomaremos outras medidas, se necess\u00e1rio, para manter as pessoas seguras e informadas.\" \/>\n<meta property=\"og:url\" content=\"https:\/\/about.fb.com\/br\/news\/2021\/01\/nossos-preparativos-para-o-dia-da-posse-nos-estados-unidos\/\" \/>\n<meta property=\"og:site_name\" content=\"Sobre a Meta\" \/>\n<meta property=\"article:published_time\" content=\"2021-01-11T23:32:37+00:00\" \/>\n<meta property=\"article:modified_time\" content=\"2021-06-17T13:07:06+00:00\" \/>\n<meta property=\"og:image\" content=\"https:\/\/about.fb.com\/br\/wp-content\/uploads\/sites\/11\/2021\/10\/meta-social-16x9-1.jpg?resize=1024,576\" \/>\n\t<meta property=\"og:image:width\" content=\"1024\" \/>\n\t<meta property=\"og:image:height\" content=\"576\" \/>\n\t<meta property=\"og:image:type\" content=\"image\/jpeg\" \/>\n<meta name=\"author\" content=\"facebookbr\" \/>\n<meta name=\"twitter:card\" content=\"summary_large_image\" \/>\n<meta name=\"twitter:label1\" content=\"Written by\" \/>\n\t<meta name=\"twitter:data1\" content=\"Meta\" \/>\n\t<meta name=\"twitter:label2\" content=\"Est. reading time\" \/>\n\t<meta name=\"twitter:data2\" content=\"6 minutos\" \/>\n<script type=\"application\/ld+json\" class=\"yoast-schema-graph\">{\"@context\":\"https:\/\/schema.org\",\"@graph\":[{\"@type\":\"Article\",\"@id\":\"https:\/\/about.fb.com\/br\/news\/2021\/01\/nossos-preparativos-para-o-dia-da-posse-nos-estados-unidos\/#article\",\"isPartOf\":{\"@id\":\"https:\/\/about.fb.com\/br\/news\/2021\/01\/nossos-preparativos-para-o-dia-da-posse-nos-estados-unidos\/\"},\"author\":\"Facebook company\",\"headline\":\"Nossos preparativos para o Dia da Posse nos Estados Unidos\",\"datePublished\":\"2021-01-11T23:32:37+00:00\",\"dateModified\":\"2021-06-17T13:07:06+00:00\",\"mainEntityOfPage\":{\"@id\":\"https:\/\/about.fb.com\/br\/news\/2021\/01\/nossos-preparativos-para-o-dia-da-posse-nos-estados-unidos\/\"},\"wordCount\":1166,\"publisher\":{\"@id\":\"https:\/\/about.fb.com\/br\/#organization\"},\"articleSection\":[\"Recent News\"],\"inLanguage\":\"pt-BR\"},{\"@type\":\"WebPage\",\"@id\":\"https:\/\/about.fb.com\/br\/news\/2021\/01\/nossos-preparativos-para-o-dia-da-posse-nos-estados-unidos\/\",\"url\":\"https:\/\/about.fb.com\/br\/news\/2021\/01\/nossos-preparativos-para-o-dia-da-posse-nos-estados-unidos\/\",\"name\":\"Nossos preparativos para o Dia da Posse nos Estados Unidos | Sobre a Meta\",\"isPartOf\":{\"@id\":\"https:\/\/about.fb.com\/br\/#website\"},\"datePublished\":\"2021-01-11T23:32:37+00:00\",\"dateModified\":\"2021-06-17T13:07:06+00:00\",\"breadcrumb\":{\"@id\":\"https:\/\/about.fb.com\/br\/news\/2021\/01\/nossos-preparativos-para-o-dia-da-posse-nos-estados-unidos\/#breadcrumb\"},\"inLanguage\":\"pt-BR\",\"potentialAction\":[{\"@type\":\"ReadAction\",\"target\":[\"https:\/\/about.fb.com\/br\/news\/2021\/01\/nossos-preparativos-para-o-dia-da-posse-nos-estados-unidos\/\"]}],\"author\":\"Sobre a Meta\"},{\"@type\":\"BreadcrumbList\",\"@id\":\"https:\/\/about.fb.com\/br\/news\/2021\/01\/nossos-preparativos-para-o-dia-da-posse-nos-estados-unidos\/#breadcrumb\",\"itemListElement\":[{\"@type\":\"ListItem\",\"position\":1,\"name\":\"Home\",\"item\":\"https:\/\/about.fb.com\/br\/\"},{\"@type\":\"ListItem\",\"position\":2,\"name\":\"Nossos preparativos para o Dia da Posse nos Estados Unidos\"}]},{\"@type\":\"WebSite\",\"@id\":\"https:\/\/about.fb.com\/br\/#website\",\"url\":\"https:\/\/about.fb.com\/news\/\",\"name\":\"Sobre a Meta\",\"description\":\"\",\"publisher\":{\"@id\":\"https:\/\/about.fb.com\/br\/#organization\"},\"potentialAction\":[{\"@type\":\"SearchAction\",\"target\":{\"@type\":\"EntryPoint\",\"urlTemplate\":\"https:\/\/about.fb.com\/br\/?s={search_term_string}\"},\"query-input\":{\"@type\":\"PropertyValueSpecification\",\"valueRequired\":true,\"valueName\":\"search_term_string\"}}],\"inLanguage\":\"pt-BR\",\"alternateName\":[\"Meta Newsroom\",\"Meta\"]},{\"@type\":\"Organization\",\"@id\":\"https:\/\/about.fb.com\/br\/#organization\",\"name\":\"Meta\",\"url\":\"https:\/\/about.fb.com\/br\/\",\"logo\":{\"@type\":\"ImageObject\",\"inLanguage\":\"pt-BR\",\"@id\":\"https:\/\/about.fb.com\/br\/#\/schema\/logo\/image\/\",\"url\":\"https:\/\/about.fb.com\/br\/wp-content\/uploads\/sites\/11\/2021\/10\/meta-social-16x9-1.jpg?fit=8000%2C4500\",\"contentUrl\":\"https:\/\/about.fb.com\/br\/wp-content\/uploads\/sites\/11\/2021\/10\/meta-social-16x9-1.jpg?fit=8000%2C4500\",\"width\":8000,\"height\":4500,\"caption\":\"Meta\"},\"image\":{\"@id\":\"https:\/\/about.fb.com\/br\/#\/schema\/logo\/image\/\"}}]}<\/script>\n<!-- \/ Yoast SEO plugin. -->","yoast_head_json":{"title":"Nossos preparativos para o Dia da Posse nos Estados Unidos | Sobre a Meta","robots":{"index":"index","follow":"follow","max-snippet":"max-snippet:-1","max-image-preview":"max-image-preview:large","max-video-preview":"max-video-preview:-1"},"canonical":"https:\/\/about.fb.com\/br\/news\/2021\/01\/nossos-preparativos-para-o-dia-da-posse-nos-estados-unidos\/","og_locale":"pt_BR","og_type":"article","og_title":"Nossos preparativos para o Dia da Posse nos Estados Unidos | Sobre a Meta","og_description":"Atualizado em 18 de janeiro de 2021:\u00a0 No dia 16 de janeiro, anunciamos que passamos a proibir an\u00fancios que promovam acess\u00f3rios para armas e equipamentos de prote\u00e7\u00e3o nos Estados Unidos, pelo menos at\u00e9 22 de janeiro. J\u00e1 proibimos an\u00fancios de armas, muni\u00e7\u00f5es e dispositivos para adaptar armas, como silenciadores. Mas agora tamb\u00e9m proibiremos an\u00fancios de acess\u00f3rios como cofres para armas, coletes e coldres para armas nos Estados Unidos. Estamos monitorando sinais de viol\u00eancia ou outras amea\u00e7as em Washington, DC, e em todos os 50 estados do pa\u00eds. Na prepara\u00e7\u00e3o para o Dia da Posse (Inauguration Day, em ingl\u00eas), implementamos uma s\u00e9rie de medidas adicionais para continuar prevenindo tentativas de uso de nossos servi\u00e7os para fins de viol\u00eancia. Isso inclui nossa pausa cont\u00ednua em todos os an\u00fancios pol\u00edticos.\u00a0 E, como fizemos nas semanas ap\u00f3s a elei\u00e7\u00e3o presidencial, estamos promovendo informa\u00e7\u00f5es precisas sobre a elei\u00e7\u00e3o e a viol\u00eancia no Capit\u00f3lio, em vez de conte\u00fado que nossos sistemas prev\u00eaem ser menos preciso, que deslegitima a elei\u00e7\u00e3o ou retrate os invasores como v\u00edtimas. Tamb\u00e9m implementamos medidas espec\u00edficas para reduzir oportunidades de abuso em Grupos. Com base nessas etapas, inclu\u00edmos duas medidas adicionais para impedir ainda mais que as pessoas tentem usar nossos servi\u00e7os para incitar a viol\u00eancia. Estamos bloqueando a cria\u00e7\u00e3o de qualquer novo evento do Facebook que aconte\u00e7a nas proximidades de locais como a Casa Branca, o edif\u00edcio do Capit\u00f3lio dos EUA e qualquer um dos edif\u00edcios do Capit\u00f3lio do estado, at\u00e9 o Dia da Posse. Nosso centro de opera\u00e7\u00f5es tamb\u00e9m est\u00e1 conduzindo uma revis\u00e3o secund\u00e1ria de todos os eventos do Facebook relacionados \u00e0 posse e removendo aqueles que violam nossas pol\u00edticas. E, como fizemos no in\u00edcio e depois da elei\u00e7\u00e3o presidencial dos EUA, continuaremos a bloquear a cria\u00e7\u00e3o de eventos nos EUA por contas e P\u00e1ginas fora dos EUA.\u00a0 Tamb\u00e9m estamos restringindo alguns recursos para pessoas nos EUA, baseado em sinais como repetidas viola\u00e7\u00f5es de nossas pol\u00edticas. Essas restri\u00e7\u00f5es incluem bloquear essas contas de criar v\u00eddeos ao vivo ou criar um evento, Grupo ou P\u00e1gina. Continuaremos monitorando e incluindo medidas adicionais conforme necess\u00e1rio. Originalmente publicado em 11 de janeiro de 2021: Desde o ano passado come\u00e7amos a nos preparar para o Dia da Posse (Inauguration Day, em ingl\u00eas) nos Estados Unidos. No entanto, nosso planejamento ganhou uma nova urg\u00eancia, ap\u00f3s a viol\u00eancia da semana passada em Washington, DC, e estamos tratando as pr\u00f3ximas duas semanas como um grande evento c\u00edvico. Estamos tomando medidas adicionais e adotando as mesmas equipes e tecnologias que usamos durante as elei\u00e7\u00f5es para impedir conte\u00fados e desinforma\u00e7\u00e3o que possam incitar mais viol\u00eancia durante as pr\u00f3ximas semanas. Agora estamos removendo conte\u00fados com a frase \u201cstop the steal\u201d (&#8220;parem o roubo&#8221;, em tradu\u00e7\u00e3o livre), de acordo com nossa pol\u00edtica de Coordena\u00e7\u00e3o de Danos do Facebook e Instagram. Removemos o Grupo original &#8220;Stop the Steal&#8221; em novembro, e continuamos a remover P\u00e1ginas, Grupos e Eventos que violam qualquer uma de nossas pol\u00edticas, incluindo apelos \u00e0 viol\u00eancia.\u00a0 Temos permitido conversas robustas relacionadas ao resultado da elei\u00e7\u00e3o, e isso continuar\u00e1. Mas com as cont\u00ednuas tentativas de organizar eventos contra o resultado da elei\u00e7\u00e3o presidencial dos EUA que podem levar \u00e0 viol\u00eancia, e o uso do termo por aqueles envolvidos na viol\u00eancia de quarta-feira passada, 6 de dezembro, em DC, estamos dando mais um passo nos preparativos at\u00e9 a posse. Pode levar algum tempo para aumentar nossa aplica\u00e7\u00e3o de medidas nessa nova etapa, mas j\u00e1 removemos um n\u00famero significativo de publica\u00e7\u00f5es. Nossas equipes est\u00e3o trabalhando 24 horas por dia, 7 dias por semana, para fazer cumprir nossas pol\u00edticas em torno da posse. Vamos manter nosso Centro de Opera\u00e7\u00f5es de Integridade operando pelo menos at\u00e9 o dia 22 de janeiro para monitorar e responder \u00e0s amea\u00e7as em tempo real. Esse Centro j\u00e1 estava ativo antes do segundo turno das elei\u00e7\u00f5es da Ge\u00f3rgia e da contagem dos votos do Col\u00e9gio Eleitoral no Congresso da elei\u00e7\u00e3o presidencial dos EUA. Estendemos o seu funcionamento devido \u00e0 viol\u00eancia no Capit\u00f3lio na semana passada. Como nas elei\u00e7\u00f5es de 2020, continuamos a entrar em contato proativamente com as autoridades locais e federais e estamos fornecendo informa\u00e7\u00f5es em resposta a solicita\u00e7\u00f5es legais v\u00e1lidas. Continuaremos a remover conte\u00fados, desativar contas e trabalhar com as autoridades quando houver risco de danos f\u00edsicos ou amea\u00e7as diretas \u00e0 seguran\u00e7a p\u00fablica. Al\u00e9m da suspens\u00e3o indefinida da conta do presidente Trump, que anunciamos em 7 de janeiro, estamos mantendo a interrup\u00e7\u00e3o em todos os an\u00fancios sobre pol\u00edtica ou elei\u00e7\u00f5es nos EUA. Isso significa que n\u00e3o estamos permitindo qualquer an\u00fancio de pol\u00edticos, incluindo do presidente Trump. Tamb\u00e9m estamos conectando pessoas com informa\u00e7\u00f5es confi\u00e1veis sobre a posse e o processo de transi\u00e7\u00e3o. Ap\u00f3s a posse, nosso r\u00f3tulo nas publica\u00e7\u00f5es que tentam deslegitimar os resultados da elei\u00e7\u00e3o refletir\u00e1 que Joe Biden \u00e9 o presidente em exerc\u00edcio. Nosso Centro de Informa\u00e7\u00e3o de Vota\u00e7\u00e3o permanecer\u00e1 ativo no Facebook e Instagram nos Estados Unidos durante a posse para que possa continuar a ajudar as pessoas a encontrar informa\u00e7\u00f5es confi\u00e1veis e atualiza\u00e7\u00f5es sobre o processo eleitoral. Durante a semana de posse, adicionaremos um resumo de not\u00edcias ao Facebook News, um local com curadoria (n\u00e3o dispon\u00edvel no Brasil ainda) para as pessoas encontrarem not\u00edcias confi\u00e1veis sobre a posse. Isso incluir\u00e1 um v\u00eddeo ao vivo da posse no Capit\u00f3lio dos EUA, em 20 de janeiro. O Facebook News geralmente inclui compilados de not\u00edcias dedicados a eventos de import\u00e2ncia nacional ou global, como o \u201cCOVID-19\u201d ou o \u201cUnrest in America\u201d com mat\u00e9rias selecionadas pela equipe de curadoria. Haver\u00e1 tamb\u00e9m curadoria de v\u00eddeo ao vivo da posse e de outros momentos importantes no Facebook Watch. T\u00ednhamos medidas emergenciais em vigor, desde antes das elei\u00e7\u00f5es nos EUA, como n\u00e3o recomendar Grupos c\u00edvicos para as pessoas. Na semana passada, implementamos v\u00e1rios outros, incluindo o aumento da exig\u00eancia de administradores de Grupo para revisar e aprovar publica\u00e7\u00f5es antes que elas possam subir, desativando automaticamente coment\u00e1rios em postagens em Grupos que come\u00e7assem a ter uma alta taxa de discurso de \u00f3dio ou conte\u00fado que incita viol\u00eancia, e usar intelig\u00eancia artificial (IA) para rebaixar ainda mais os conte\u00fados que possivelmente violam nossas pol\u00edticas. Estamos mantendo essas medidas em vigor. Estaremos alertas para amea\u00e7as adicionais e tomaremos outras medidas, se necess\u00e1rio, para manter as pessoas seguras e informadas.","og_url":"https:\/\/about.fb.com\/br\/news\/2021\/01\/nossos-preparativos-para-o-dia-da-posse-nos-estados-unidos\/","og_site_name":"Sobre a Meta","article_published_time":"2021-01-11T23:32:37+00:00","article_modified_time":"2021-06-17T13:07:06+00:00","og_image":[{"width":1024,"height":576,"url":"https:\/\/about.fb.com\/br\/wp-content\/uploads\/sites\/11\/2021\/10\/meta-social-16x9-1.jpg?resize=1024,576","type":"image\/jpeg"}],"author":"facebookbr","twitter_card":"summary_large_image","twitter_misc":{"Written by":"Meta","Est. reading time":"6 minutos"},"schema":{"@context":"https:\/\/schema.org","@graph":[{"@type":"Article","@id":"https:\/\/about.fb.com\/br\/news\/2021\/01\/nossos-preparativos-para-o-dia-da-posse-nos-estados-unidos\/#article","isPartOf":{"@id":"https:\/\/about.fb.com\/br\/news\/2021\/01\/nossos-preparativos-para-o-dia-da-posse-nos-estados-unidos\/"},"author":"Facebook company","headline":"Nossos preparativos para o Dia da Posse nos Estados Unidos","datePublished":"2021-01-11T23:32:37+00:00","dateModified":"2021-06-17T13:07:06+00:00","mainEntityOfPage":{"@id":"https:\/\/about.fb.com\/br\/news\/2021\/01\/nossos-preparativos-para-o-dia-da-posse-nos-estados-unidos\/"},"wordCount":1166,"publisher":{"@id":"https:\/\/about.fb.com\/br\/#organization"},"articleSection":["Recent News"],"inLanguage":"pt-BR"},{"@type":"WebPage","@id":"https:\/\/about.fb.com\/br\/news\/2021\/01\/nossos-preparativos-para-o-dia-da-posse-nos-estados-unidos\/","url":"https:\/\/about.fb.com\/br\/news\/2021\/01\/nossos-preparativos-para-o-dia-da-posse-nos-estados-unidos\/","name":"Nossos preparativos para o Dia da Posse nos Estados Unidos | Sobre a Meta","isPartOf":{"@id":"https:\/\/about.fb.com\/br\/#website"},"datePublished":"2021-01-11T23:32:37+00:00","dateModified":"2021-06-17T13:07:06+00:00","breadcrumb":{"@id":"https:\/\/about.fb.com\/br\/news\/2021\/01\/nossos-preparativos-para-o-dia-da-posse-nos-estados-unidos\/#breadcrumb"},"inLanguage":"pt-BR","potentialAction":[{"@type":"ReadAction","target":["https:\/\/about.fb.com\/br\/news\/2021\/01\/nossos-preparativos-para-o-dia-da-posse-nos-estados-unidos\/"]}],"author":"Sobre a Meta"},{"@type":"BreadcrumbList","@id":"https:\/\/about.fb.com\/br\/news\/2021\/01\/nossos-preparativos-para-o-dia-da-posse-nos-estados-unidos\/#breadcrumb","itemListElement":[{"@type":"ListItem","position":1,"name":"Home","item":"https:\/\/about.fb.com\/br\/"},{"@type":"ListItem","position":2,"name":"Nossos preparativos para o Dia da Posse nos Estados Unidos"}]},{"@type":"WebSite","@id":"https:\/\/about.fb.com\/br\/#website","url":"https:\/\/about.fb.com\/news\/","name":"Sobre a Meta","description":"","publisher":{"@id":"https:\/\/about.fb.com\/br\/#organization"},"potentialAction":[{"@type":"SearchAction","target":{"@type":"EntryPoint","urlTemplate":"https:\/\/about.fb.com\/br\/?s={search_term_string}"},"query-input":{"@type":"PropertyValueSpecification","valueRequired":true,"valueName":"search_term_string"}}],"inLanguage":"pt-BR","alternateName":["Meta Newsroom","Meta"]},{"@type":"Organization","@id":"https:\/\/about.fb.com\/br\/#organization","name":"Meta","url":"https:\/\/about.fb.com\/br\/","logo":{"@type":"ImageObject","inLanguage":"pt-BR","@id":"https:\/\/about.fb.com\/br\/#\/schema\/logo\/image\/","url":"https:\/\/about.fb.com\/br\/wp-content\/uploads\/sites\/11\/2021\/10\/meta-social-16x9-1.jpg?fit=8000%2C4500","contentUrl":"https:\/\/about.fb.com\/br\/wp-content\/uploads\/sites\/11\/2021\/10\/meta-social-16x9-1.jpg?fit=8000%2C4500","width":8000,"height":4500,"caption":"Meta"},"image":{"@id":"https:\/\/about.fb.com\/br\/#\/schema\/logo\/image\/"}}]}},"jetpack_featured_media_url":"","jetpack-related-posts":[{"id":26214,"url":"https:\/\/about.fb.com\/br\/news\/2025\/03\/26214\/","url_meta":{"origin":22227,"position":0},"title":"Iniciando os testes para Notas da Comunidade no Facebook, Instagram e Threads","author":"Meta","date":"13\/03\/2025","format":false,"excerpt":"Em janeiro, a Meta anunciou que encerrar\u00e1 o programa com organiza\u00e7\u00f5es independentes de verifica\u00e7\u00e3o de fatos e passar\u00e1 a adotar um sistema de Notas da Comunidade baseado em colabora\u00e7\u00e3o coletiva, come\u00e7ando nos Estados Unidos. A partir de 18 de mar\u00e7o, vamos come\u00e7ar a testar essa nova abordagem, permitindo que os\u2026","rel":"","context":"In &quot;Recent News&quot;","block_context":{"text":"Recent News","link":"https:\/\/about.fb.com\/br\/news\/category\/recent-news\/"},"img":{"alt_text":"","src":"https:\/\/about.fb.com\/br\/wp-content\/uploads\/sites\/11\/2025\/03\/03_Rating_Carousel-030.jpg?resize=350%2C200","width":350,"height":200,"srcset":"https:\/\/about.fb.com\/br\/wp-content\/uploads\/sites\/11\/2025\/03\/03_Rating_Carousel-030.jpg?resize=350%2C200 1x, https:\/\/about.fb.com\/br\/wp-content\/uploads\/sites\/11\/2025\/03\/03_Rating_Carousel-030.jpg?resize=525%2C300 1.5x, https:\/\/about.fb.com\/br\/wp-content\/uploads\/sites\/11\/2025\/03\/03_Rating_Carousel-030.jpg?resize=700%2C400 2x, https:\/\/about.fb.com\/br\/wp-content\/uploads\/sites\/11\/2025\/03\/03_Rating_Carousel-030.jpg?resize=1050%2C600 3x, https:\/\/about.fb.com\/br\/wp-content\/uploads\/sites\/11\/2025\/03\/03_Rating_Carousel-030.jpg?resize=1400%2C800 4x"},"classes":[]},{"id":26613,"url":"https:\/\/about.fb.com\/br\/news\/2025\/09\/da-cultura-a-conversao-com-as-ferramentas-de-construcao-de-marca-da-meta\/","url_meta":{"origin":22227,"position":1},"title":"Da Cultura \u00e0 Convers\u00e3o com as Ferramentas de Constru\u00e7\u00e3o de Marca da Meta","author":"Meta","date":"11\/09\/2025","format":false,"excerpt":"Hoje, no Meta Brand Building Summit, estamos anunciando novas atualiza\u00e7\u00f5es de produtos que ajudam as marcas a se conectar com a cultura que acontece em nossos aplicativos, facilitando como nunca antes a participa\u00e7\u00e3o nas conversas que mais ressoam com seu p\u00fablico. A cultura n\u00e3o \u00e9 algo que possa ser programado\u2026","rel":"","context":"In &quot;Meta&quot;","block_context":{"text":"Meta","link":"https:\/\/about.fb.com\/br\/news\/category\/temas-home\/meta\/"},"img":{"alt_text":"","src":"https:\/\/about.fb.com\/br\/wp-content\/uploads\/sites\/11\/2025\/07\/Logo-Meta-1.jpg?fit=633%2C356&resize=350%2C200","width":350,"height":200,"srcset":"https:\/\/about.fb.com\/br\/wp-content\/uploads\/sites\/11\/2025\/07\/Logo-Meta-1.jpg?fit=633%2C356&resize=350%2C200 1x, https:\/\/about.fb.com\/br\/wp-content\/uploads\/sites\/11\/2025\/07\/Logo-Meta-1.jpg?fit=633%2C356&resize=525%2C300 1.5x"},"classes":[]},{"id":26109,"url":"https:\/\/about.fb.com\/br\/news\/2025\/01\/apresentando-anuncios-no-threads-amplie-suas-campanhas-para-uma-comunidade-em-constante-crescimento\/","url_meta":{"origin":22227,"position":2},"title":"Apresentando an\u00fancios no Threads: Amplie suas campanhas para uma comunidade em constante crescimento","author":"Meta","date":"24\/01\/2025","format":false,"excerpt":"Atualiza\u00e7\u00e3o em 23 de abril de 2025: As pessoas v\u00eam aos aplicativos da Meta em busca de uma experi\u00eancia personalizada, que as ajude a descobrir neg\u00f3cios e conte\u00fados de que gostam \u2014 e os an\u00fancios s\u00e3o uma parte essencial para tornar isso poss\u00edvel. Para ajudar as pessoas a se conectarem\u2026","rel":"","context":"In &quot;Meta&quot;","block_context":{"text":"Meta","link":"https:\/\/about.fb.com\/br\/news\/category\/temas-home\/meta\/"},"img":{"alt_text":"","src":"https:\/\/about.fb.com\/br\/wp-content\/uploads\/sites\/11\/2025\/01\/asasasas.png?resize=350%2C200","width":350,"height":200},"classes":[]},{"id":26407,"url":"https:\/\/about.fb.com\/br\/news\/2025\/05\/mais-de-meio-trilhao-de-dolares-e-34-milhoes-de-empregos-nos-eua-estao-ligados-as-tecnologias-de-anuncios-com-ia-da-meta\/","url_meta":{"origin":22227,"position":3},"title":"Mais de meio trilh\u00e3o de d\u00f3lares e 3,4 milh\u00f5es de empregos nos EUA est\u00e3o ligados \u00e0s tecnologias de publicidade com IA da Meta","author":"Meta","date":"13\/05\/2025","format":false,"excerpt":"Milh\u00f5es de empresas nos Estados Unidos - desde com\u00e9rcios familiares at\u00e9 grandes marcas globais - usam nossas ferramentas de publicidade personalizada para alcan\u00e7ar clientes e crescer. Nos \u00faltimos anos, temos aprimorado os sistemas de Intelig\u00eancia Artificial (IA) que alimentam essas ferramentas para torn\u00e1-las mais simples e eficientes de usar e\u2026","rel":"","context":"In &quot;Recent News&quot;","block_context":{"text":"Recent News","link":"https:\/\/about.fb.com\/br\/news\/category\/recent-news\/"},"img":{"alt_text":"","src":"","width":0,"height":0},"classes":[]},{"id":26583,"url":"https:\/\/about.fb.com\/br\/news\/2025\/08\/maximize-seus-resultados-com-novas-formas-de-impulsionar-as-vendas-nesta-temporada-de-compras\/","url_meta":{"origin":22227,"position":4},"title":"Maximize seus resultados com novas formas de impulsionar as vendas nesta temporada de compras","author":"Meta","date":"21\/08\/2025","format":false,"excerpt":"O ritmo da inova\u00e7\u00e3o em IA continua acelerando, e na Meta estamos investindo em pessoas, infraestrutura e ferramentas para levar a superintelig\u00eancia pessoal a todos. Para as empresas no ecossistema da Meta, isso significa investimentos em infraestruturas como Andromeda, GEM, Lattice, a su\u00edte Advantage+ e ferramentas de an\u00fancios com IA\u2026","rel":"","context":"In &quot;Meta&quot;","block_context":{"text":"Meta","link":"https:\/\/about.fb.com\/br\/news\/category\/temas-home\/meta\/"},"img":{"alt_text":"","src":"https:\/\/about.fb.com\/br\/wp-content\/uploads\/sites\/11\/2025\/07\/Logo-Meta-1.jpg?fit=633%2C356&resize=350%2C200","width":350,"height":200,"srcset":"https:\/\/about.fb.com\/br\/wp-content\/uploads\/sites\/11\/2025\/07\/Logo-Meta-1.jpg?fit=633%2C356&resize=350%2C200 1x, https:\/\/about.fb.com\/br\/wp-content\/uploads\/sites\/11\/2025\/07\/Logo-Meta-1.jpg?fit=633%2C356&resize=525%2C300 1.5x"},"classes":[]},{"id":26750,"url":"https:\/\/about.fb.com\/br\/news\/2025\/10\/empoderando-os-pais-e-protegendo-os-adolescentes-a-abordagem-da-meta-para-a-seguranca-de-ia\/","url_meta":{"origin":22227,"position":5},"title":"Empoderando os Pais e Protegendo os Adolescentes: A Abordagem da Meta para a Seguran\u00e7a de IA","author":"Meta","date":"17\/10\/2025","format":false,"excerpt":"Atualizado em 23 de janeiro de 2026, \u00e0s 14h (BRT): Em outubro, compartilhamos que estamos desenvolvendo novas ferramentas para dar aos pais mais visibilidade sobre como seus filhos adolescentes usam IA, al\u00e9m de mais controle sobre os personagens de IA com os quais eles podem interagir. Desde ent\u00e3o, come\u00e7amos a\u2026","rel":"","context":"In &quot;Fortalecendo Comunidades&quot;","block_context":{"text":"Fortalecendo Comunidades","link":"https:\/\/about.fb.com\/br\/news\/category\/temas-home\/comunidades\/"},"img":{"alt_text":"","src":"","width":0,"height":0},"classes":[]}],"jetpack_sharing_enabled":true,"amp_enabled":true,"_links":{"self":[{"href":"https:\/\/about.fb.com\/br\/wp-json\/wp\/v2\/posts\/22227","targetHints":{"allow":["GET"]}}],"collection":[{"href":"https:\/\/about.fb.com\/br\/wp-json\/wp\/v2\/posts"}],"about":[{"href":"https:\/\/about.fb.com\/br\/wp-json\/wp\/v2\/types\/post"}],"author":[{"embeddable":true,"href":"https:\/\/about.fb.com\/br\/wp-json\/wp\/v2\/users\/81109636"}],"replies":[{"embeddable":true,"href":"https:\/\/about.fb.com\/br\/wp-json\/wp\/v2\/comments?post=22227"}],"version-history":[{"count":3,"href":"https:\/\/about.fb.com\/br\/wp-json\/wp\/v2\/posts\/22227\/revisions"}],"predecessor-version":[{"id":22264,"href":"https:\/\/about.fb.com\/br\/wp-json\/wp\/v2\/posts\/22227\/revisions\/22264"}],"wp:attachment":[{"href":"https:\/\/about.fb.com\/br\/wp-json\/wp\/v2\/media?parent=22227"}],"wp:term":[{"taxonomy":"category","embeddable":true,"href":"https:\/\/about.fb.com\/br\/wp-json\/wp\/v2\/categories?post=22227"},{"taxonomy":"post_tag","embeddable":true,"href":"https:\/\/about.fb.com\/br\/wp-json\/wp\/v2\/tags?post=22227"}],"curies":[{"name":"wp","href":"https:\/\/api.w.org\/{rel}","templated":true}]}}