{"id":22099,"date":"2020-12-01T11:58:16","date_gmt":"2020-12-01T14:58:16","guid":{"rendered":"https:\/\/about.fb.com\/br\/?p=22099"},"modified":"2021-06-17T10:07:07","modified_gmt":"2021-06-17T13:07:07","slug":"comite-de-supervisao-seleciona-os-primeiros-casos-para-analisar","status":"publish","type":"post","link":"https:\/\/about.fb.com\/br\/news\/2020\/12\/comite-de-supervisao-seleciona-os-primeiros-casos-para-analisar\/","title":{"rendered":"Comit\u00ea de Supervis\u00e3o seleciona os primeiros casos para analisar"},"content":{"rendered":"<p><strong>Atualiza\u00e7\u00e3o em 4 de dezembro de 2020<\/strong><\/p>\n<p><span style=\"font-weight: 400\">Hoje, o Comit\u00ea de Supervis\u00e3o anunciou que um usu\u00e1rio excluiu o primeiro caso da nossa lista original abaixo e que, por essa raz\u00e3o, n\u00e3o pode mais analis\u00e1-lo. \u00c9 poss\u00edvel encontrar mais informa\u00e7\u00f5es no <a href=\"https:\/\/oversightboard.com\/news\/214935870069648-announcement-of-case-2020-007-fb-fbr\/\">comunicado do Comit\u00ea<\/a> e na <a href=\"https:\/\/about.fb.com\/br\/news\/h\/selecao-de-caso-no-comite-de-supervisao-sobre-a-violencia-contra-os-franceses\/\">publica\u00e7\u00e3o sobre esse caso no Newsroom<\/a>.<\/span><\/p>\n<p><span style=\"font-weight: 400\">O Comit\u00ea tamb\u00e9m anunciou que selecionou outro caso para revis\u00e3o, envolvendo uma publica\u00e7\u00e3o em um Grupo que faz uma <\/span><a href=\"https:\/\/about.fb.com\/br\/news\/h\/comite-de-supervisao-seleciona-caso-de-uma-ameaca-velada-com-base-em-crencas-religiosas\/\"><span style=\"font-weight: 400\">amea\u00e7a velada com base em cren\u00e7as religiosas<\/span><\/a><span style=\"font-weight: 400\">.<\/span><\/p>\n<p><strong>Publicado originalmente em 01 de dezembro de 2020<\/strong><\/p>\n<p><span style=\"font-weight: 400\">Hoje mais cedo, o Comit\u00ea de Supervis\u00e3o <\/span><a href=\"https:\/\/oversightboard.com\/news\/719406882003532-announcing-the-oversight-board-s-first-cases-and-appointment-of-trustees\/\"><span style=\"font-weight: 400\">anunciou<\/span><\/a><span style=\"font-weight: 400\"> que selecionou os seis primeiros casos que analisar\u00e1, incluindo cinco apela\u00e7\u00f5es de usu\u00e1rios e um caso indicado pelo Facebook.<\/span><\/p>\n<p><span style=\"font-weight: 400\">O Comit\u00ea de Supervis\u00e3o \u00e9 um \u00f3rg\u00e3o separado para o qual as pessoas podem fazer uma apela\u00e7\u00e3o quando discordam de nossas decis\u00f5es sobre o conte\u00fado delas no Facebook ou no Instagram. O Comit\u00ea <\/span><a href=\"https:\/\/oversightboard.com\/news\/833880990682078-the-oversight-board-is-now-accepting-cases\/\"><span style=\"font-weight: 400\">come\u00e7ou a aceitar casos<\/span><\/a><span style=\"font-weight: 400\"> no m\u00eas passado e continuar\u00e1 recebendo apela\u00e7\u00f5es enquanto considera esses seis casos. O Facebook tamb\u00e9m continuar\u00e1 indicando os casos que v\u00ea como <\/span><a href=\"https:\/\/about.fb.com\/br\/news\/2019\/09\/estrutura-e-governanca-do-comite-de-supervisao\/\"><span style=\"font-weight: 400\">significativos e dif\u00edceis<\/span><\/a><span style=\"font-weight: 400\">.\u00a0<\/span><\/p>\n<p><span style=\"font-weight: 400\">Esse modelo de supervis\u00e3o independente representa um novo cap\u00edtulo na governan\u00e7a online, e estamos comprometidos a implementar as decis\u00f5es do Comit\u00ea. Aguardamos ansiosamente as primeiras decis\u00f5es do Comit\u00ea, que devem ser divulgadas nos pr\u00f3ximos meses.<\/span><\/p>\n<p><span style=\"font-weight: 400\">Hoje o Comit\u00ea tamb\u00e9m anunciou que seu sistema de coment\u00e1rios p\u00fablicos j\u00e1 est\u00e1 em funcionamento. Ele permitir\u00e1 que qualquer pessoa, do p\u00fablico geral aos especialistas no assunto e organiza\u00e7\u00f5es da sociedade civil, envie pesquisas e perspectivas relacionadas aos casos.<\/span><\/p>\n<p><strong>Atualiza\u00e7\u00f5es de casos do Facebook<\/strong><\/p>\n<p><span style=\"font-weight: 400\">Assim como fizemos hoje, continuaremos publicando um post sobre cada caso que o Comit\u00ea analisa em <a href=\"https:\/\/about.fb.com\/news\/tag\/oversight-board\/\">about.fb.com\/oversight<\/a>.<\/span><\/p>\n<ul>\n<li style=\"font-weight: 400\"><span style=\"font-weight: 400\">Um caso referente a <a href=\"https:\/\/about.fb.com\/br\/news\/h\/selecao-de-caso-no-comite-de-supervisao-sobre-a-violencia-contra-os-franceses\">coment\u00e1rios feitos por uma figura p\u00fablica sobre a viol\u00eancia contra os franceses<\/a>.<\/span><\/li>\n<li style=\"font-weight: 400\"><span style=\"font-weight: 400\">Um caso referente a <a href=\"https:\/\/about.fb.com\/br\/news\/h\/selecao-de-caso-no-comite-de-supervisao-sobre-os-muculmanos-uigures\">uma foto de uma crian\u00e7a falecida\u00a0 e coment\u00e1rios sobre o tratamento da China em rela\u00e7\u00e3o aos mu\u00e7ulmanos uigures<\/a><\/span><span style=\"font-weight: 400\">.\u00a0<\/span><\/li>\n<li style=\"font-weight: 400\"><span style=\"font-weight: 400\">Um caso referente a <a href=\"https:\/\/about.fb.com\/br\/news\/h\/selecao-de-caso-no-comite-de-supervisao-sobre-os-armenios-no-azerbaijao\">fotos hist\u00f3ricas supostamente mostrando igrejas em Baku e uma legenda indicando desprezo pelo povo do Azerbaij\u00e3o e apoio \u00e0 Arm\u00eania no conflito de Nagorno-Karabakh<\/a><\/span><span style=\"font-weight: 400\">.\u00a0<\/span><\/li>\n<li style=\"font-weight: 400\"><span style=\"font-weight: 400\">Um caso referente a <a href=\"https:\/\/about.fb.com\/br\/news\/h\/selecao-de-caso-no-comite-de-supervisao-sobre-sintomas-de-cancer-de-mama-com-nudez\">fotos com nudez relacionada aos sintomas do c\u00e2ncer de mama<\/a><\/span><span style=\"font-weight: 400\">.\u00a0<\/span><\/li>\n<li style=\"font-weight: 400\"><span style=\"font-weight: 400\">Um caso referente a <a href=\"https:\/\/about.fb.com\/br\/news\/h\/selecao-de-caso-do-comite-de-supervisao-sobre-citacao-nazista\">uma publica\u00e7\u00e3o com uma suposta cita\u00e7\u00e3o de Joseph Goebbels, o Ministro da Propaganda na Alemanha nazista<\/a><\/span><span style=\"font-weight: 400\">.\u00a0<\/span><\/li>\n<li style=\"font-weight: 400\"><span style=\"font-weight: 400\">Um caso referente a <a href=\"https:\/\/about.fb.com\/br\/news\/h\/selecao-de-caso-do-comite-de-supervisao-sobre-hidroxicloroquina-azitromicina-e-covid-19\">uma publica\u00e7\u00e3o em um grupo alegando que a hidroxicloroquina e a azitromicina s\u00e3o uma \u201ccura\u201d e criticando a resposta do governo franc\u00eas ao COVID-19<\/a><\/span><span style=\"font-weight: 400\">.\u00a0<\/span><\/li>\n<\/ul>\n<p><span style=\"font-weight: 400\">Quando o Comit\u00ea tomar uma decis\u00e3o, atualizaremos cada publica\u00e7\u00e3o para incluir detalhes sobre a decis\u00e3o e como a implementamos para o conte\u00fado relevante. De acordo com o <\/span><a href=\"https:\/\/oversightboard.com\/governance\/\"><span style=\"font-weight: 400\">estatuto<\/span><\/a><span style=\"font-weight: 400\">, se o Comit\u00ea emitir uma declara\u00e7\u00e3o de orienta\u00e7\u00e3o sobre pol\u00edticas, atualizaremos a publica\u00e7\u00e3o novamente com a nossa resposta a essa declara\u00e7\u00e3o.<\/span><\/p>\n<p><span style=\"font-weight: 400\">As pessoas que tiverem interesse em verificar o caso enviado por elas podem acessar o <\/span><a href=\"https:\/\/oversightboard.com\/\"><span style=\"font-weight: 400\">site do Comit\u00ea de Supervis\u00e3o<\/span><\/a><span style=\"font-weight: 400\"> para obter atualiza\u00e7\u00f5es a qualquer momento ap\u00f3s o envio do caso.<\/span><\/p>\n<p><span style=\"font-weight: 400\">Conforme o Comit\u00ea come\u00e7ar a ouvir mais casos, forneceremos um registro abrangente e totalmente pesquis\u00e1vel das decis\u00f5es sobre os casos e nossas a\u00e7\u00f5es.\u00a0<\/span><\/p>\n<p><strong>Novos trustees do Comit\u00ea de Supervis\u00e3o<\/strong><\/p>\n<p><span style=\"font-weight: 400\">Como parte do <\/span><a href=\"https:\/\/oversightboard.com\/news\/719406882003532-announcing-the-oversight-board-s-first-cases-and-appointment-of-trustees\/\"><span style=\"font-weight: 400\">an\u00fancio<\/span><\/a><span style=\"font-weight: 400\"> de hoje, o Comit\u00ea aprovou cinco novos trustees para o Fundo do Comit\u00ea de Supervis\u00e3o. Os <\/span><span style=\"font-weight: 400\">trustees<\/span><span style=\"font-weight: 400\"> se juntar\u00e3o ao presidente Paul G. Haaga, Jr. para garantir que o Comit\u00ea esteja cumprindo os fins declarados, supervisionar e gerenciar as opera\u00e7\u00f5es financeiras do Comit\u00ea de Supervis\u00e3o e apontar membros do Comit\u00ea de acordo com o estatuto e os regulamentos internos do mesmo. Os <\/span><span style=\"font-weight: 400\">trustees<\/span><span style=\"font-weight: 400\"> n\u00e3o estar\u00e3o envolvidos na audi\u00eancia de casos ou no exerc\u00edcio do Comit\u00ea do julgamento independente das quest\u00f5es de conte\u00fado.<\/span><\/p>\n<p><span style=\"font-weight: 400\">Os nomeados hoje foram: Kristina Arriaga, Cherine Chalaby, Wanda Felton, Kate O\u2019Regan e Robert Post. Gostar\u00edamos de dar nossas boas-vindas aos <\/span><span style=\"font-weight: 400\">trustees<\/span><span style=\"font-weight: 400\"> e agradec\u00ea-los pela contribui\u00e7\u00e3o nos pr\u00f3ximos meses e anos.<\/span><\/p>\n","protected":false},"excerpt":{"rendered":"Atualiza\u00e7\u00e3o em 4 de dezembro de 2020 Hoje, o Comit\u00ea de Supervis\u00e3o anunciou que um usu\u00e1rio excluiu o primeiro caso da nossa lista original abaixo e que, por essa raz\u00e3o, n\u00e3o pode mais analis\u00e1-lo. \u00c9 poss\u00edvel encontrar mais informa\u00e7\u00f5es no comunicado do Comit\u00ea e na publica\u00e7\u00e3o sobre esse caso no Newsroom. O Comit\u00ea tamb\u00e9m anunciou que selecionou outro caso para revis\u00e3o, envolvendo uma publica\u00e7\u00e3o em um Grupo que faz uma amea\u00e7a velada com base em cren\u00e7as religiosas. Publicado originalmente em 01 de dezembro de 2020 Hoje mais cedo, o Comit\u00ea de Supervis\u00e3o anunciou que selecionou os seis primeiros casos que analisar\u00e1, incluindo cinco apela\u00e7\u00f5es de usu\u00e1rios e um caso indicado pelo Facebook. O Comit\u00ea de Supervis\u00e3o \u00e9 um \u00f3rg\u00e3o separado para o qual as pessoas podem fazer uma apela\u00e7\u00e3o quando discordam de nossas decis\u00f5es sobre o conte\u00fado delas no Facebook ou no Instagram. O Comit\u00ea come\u00e7ou a aceitar casos no m\u00eas passado e continuar\u00e1 recebendo apela\u00e7\u00f5es enquanto considera esses seis casos. O Facebook tamb\u00e9m continuar\u00e1 indicando os casos que v\u00ea como significativos e dif\u00edceis.\u00a0 Esse modelo de supervis\u00e3o independente representa um novo cap\u00edtulo na governan\u00e7a online, e estamos comprometidos a implementar as decis\u00f5es do Comit\u00ea. Aguardamos ansiosamente as primeiras decis\u00f5es do Comit\u00ea, que devem ser divulgadas nos pr\u00f3ximos meses. Hoje o Comit\u00ea tamb\u00e9m anunciou que seu sistema de coment\u00e1rios p\u00fablicos j\u00e1 est\u00e1 em funcionamento. Ele permitir\u00e1 que qualquer pessoa, do p\u00fablico geral aos especialistas no assunto e organiza\u00e7\u00f5es da sociedade civil, envie pesquisas e perspectivas relacionadas aos casos. Atualiza\u00e7\u00f5es de casos do Facebook Assim como fizemos hoje, continuaremos publicando um post sobre cada caso que o Comit\u00ea analisa em about.fb.com\/oversight. Um caso referente a coment\u00e1rios feitos por uma figura p\u00fablica sobre a viol\u00eancia contra os franceses. Um caso referente a uma foto de uma crian\u00e7a falecida\u00a0 e coment\u00e1rios sobre o tratamento da China em rela\u00e7\u00e3o aos mu\u00e7ulmanos uigures.\u00a0 Um caso referente a fotos hist\u00f3ricas supostamente mostrando igrejas em Baku e uma legenda indicando desprezo pelo povo do Azerbaij\u00e3o e apoio \u00e0 Arm\u00eania no conflito de Nagorno-Karabakh.\u00a0 Um caso referente a fotos com nudez relacionada aos sintomas do c\u00e2ncer de mama.\u00a0 Um caso referente a uma publica\u00e7\u00e3o com uma suposta cita\u00e7\u00e3o de Joseph Goebbels, o Ministro da Propaganda na Alemanha nazista.\u00a0 Um caso referente a uma publica\u00e7\u00e3o em um grupo alegando que a hidroxicloroquina e a azitromicina s\u00e3o uma \u201ccura\u201d e criticando a resposta do governo franc\u00eas ao COVID-19.\u00a0 Quando o Comit\u00ea tomar uma decis\u00e3o, atualizaremos cada publica\u00e7\u00e3o para incluir detalhes sobre a decis\u00e3o e como a implementamos para o conte\u00fado relevante. De acordo com o estatuto, se o Comit\u00ea emitir uma declara\u00e7\u00e3o de orienta\u00e7\u00e3o sobre pol\u00edticas, atualizaremos a publica\u00e7\u00e3o novamente com a nossa resposta a essa declara\u00e7\u00e3o. As pessoas que tiverem interesse em verificar o caso enviado por elas podem acessar o site do Comit\u00ea de Supervis\u00e3o para obter atualiza\u00e7\u00f5es a qualquer momento ap\u00f3s o envio do caso. Conforme o Comit\u00ea come\u00e7ar a ouvir mais casos, forneceremos um registro abrangente e totalmente pesquis\u00e1vel das decis\u00f5es sobre os casos e nossas a\u00e7\u00f5es.\u00a0 Novos trustees do Comit\u00ea de Supervis\u00e3o Como parte do an\u00fancio de hoje, o Comit\u00ea aprovou cinco novos trustees para o Fundo do Comit\u00ea de Supervis\u00e3o. Os trustees se juntar\u00e3o ao presidente Paul G. Haaga, Jr. para garantir que o Comit\u00ea esteja cumprindo os fins declarados, supervisionar e gerenciar as opera\u00e7\u00f5es financeiras do Comit\u00ea de Supervis\u00e3o e apontar membros do Comit\u00ea de acordo com o estatuto e os regulamentos internos do mesmo. Os trustees n\u00e3o estar\u00e3o envolvidos na audi\u00eancia de casos ou no exerc\u00edcio do Comit\u00ea do julgamento independente das quest\u00f5es de conte\u00fado. Os nomeados hoje foram: Kristina Arriaga, Cherine Chalaby, Wanda Felton, Kate O\u2019Regan e Robert Post. Gostar\u00edamos de dar nossas boas-vindas aos trustees e agradec\u00ea-los pela contribui\u00e7\u00e3o nos pr\u00f3ximos meses e anos.","protected":false},"author":81109636,"featured_media":22110,"comment_status":"closed","ping_status":"closed","sticky":false,"template":"","format":"standard","meta":{"_jetpack_memberships_contains_paid_content":false,"footnotes":""},"categories":[396542131,1],"tags":[],"class_list":["post-22099","post","type-post","status-publish","format-standard","has-post-thumbnail","hentry","category-o-comite-de-supervisao","category-recent-news"],"yoast_head":"<!-- This site is optimized with the Yoast SEO plugin v27.2 - https:\/\/yoast.com\/product\/yoast-seo-wordpress\/ -->\n<title>Comit\u00ea de Supervis\u00e3o seleciona os primeiros casos para analisar | Sobre a Meta<\/title>\n<meta name=\"robots\" content=\"index, follow, max-snippet:-1, max-image-preview:large, max-video-preview:-1\" \/>\n<link rel=\"canonical\" href=\"https:\/\/about.fb.com\/br\/news\/2020\/12\/comite-de-supervisao-seleciona-os-primeiros-casos-para-analisar\/\" \/>\n<meta property=\"og:locale\" content=\"pt_BR\" \/>\n<meta property=\"og:type\" content=\"article\" \/>\n<meta property=\"og:title\" content=\"Comit\u00ea de Supervis\u00e3o seleciona os primeiros casos para analisar | Sobre a Meta\" \/>\n<meta property=\"og:description\" content=\"Atualiza\u00e7\u00e3o em 4 de dezembro de 2020 Hoje, o Comit\u00ea de Supervis\u00e3o anunciou que um usu\u00e1rio excluiu o primeiro caso da nossa lista original abaixo e que, por essa raz\u00e3o, n\u00e3o pode mais analis\u00e1-lo. \u00c9 poss\u00edvel encontrar mais informa\u00e7\u00f5es no comunicado do Comit\u00ea e na publica\u00e7\u00e3o sobre esse caso no Newsroom. O Comit\u00ea tamb\u00e9m anunciou que selecionou outro caso para revis\u00e3o, envolvendo uma publica\u00e7\u00e3o em um Grupo que faz uma amea\u00e7a velada com base em cren\u00e7as religiosas. Publicado originalmente em 01 de dezembro de 2020 Hoje mais cedo, o Comit\u00ea de Supervis\u00e3o anunciou que selecionou os seis primeiros casos que analisar\u00e1, incluindo cinco apela\u00e7\u00f5es de usu\u00e1rios e um caso indicado pelo Facebook. O Comit\u00ea de Supervis\u00e3o \u00e9 um \u00f3rg\u00e3o separado para o qual as pessoas podem fazer uma apela\u00e7\u00e3o quando discordam de nossas decis\u00f5es sobre o conte\u00fado delas no Facebook ou no Instagram. O Comit\u00ea come\u00e7ou a aceitar casos no m\u00eas passado e continuar\u00e1 recebendo apela\u00e7\u00f5es enquanto considera esses seis casos. O Facebook tamb\u00e9m continuar\u00e1 indicando os casos que v\u00ea como significativos e dif\u00edceis.\u00a0 Esse modelo de supervis\u00e3o independente representa um novo cap\u00edtulo na governan\u00e7a online, e estamos comprometidos a implementar as decis\u00f5es do Comit\u00ea. Aguardamos ansiosamente as primeiras decis\u00f5es do Comit\u00ea, que devem ser divulgadas nos pr\u00f3ximos meses. Hoje o Comit\u00ea tamb\u00e9m anunciou que seu sistema de coment\u00e1rios p\u00fablicos j\u00e1 est\u00e1 em funcionamento. Ele permitir\u00e1 que qualquer pessoa, do p\u00fablico geral aos especialistas no assunto e organiza\u00e7\u00f5es da sociedade civil, envie pesquisas e perspectivas relacionadas aos casos. Atualiza\u00e7\u00f5es de casos do Facebook Assim como fizemos hoje, continuaremos publicando um post sobre cada caso que o Comit\u00ea analisa em about.fb.com\/oversight. Um caso referente a coment\u00e1rios feitos por uma figura p\u00fablica sobre a viol\u00eancia contra os franceses. Um caso referente a uma foto de uma crian\u00e7a falecida\u00a0 e coment\u00e1rios sobre o tratamento da China em rela\u00e7\u00e3o aos mu\u00e7ulmanos uigures.\u00a0 Um caso referente a fotos hist\u00f3ricas supostamente mostrando igrejas em Baku e uma legenda indicando desprezo pelo povo do Azerbaij\u00e3o e apoio \u00e0 Arm\u00eania no conflito de Nagorno-Karabakh.\u00a0 Um caso referente a fotos com nudez relacionada aos sintomas do c\u00e2ncer de mama.\u00a0 Um caso referente a uma publica\u00e7\u00e3o com uma suposta cita\u00e7\u00e3o de Joseph Goebbels, o Ministro da Propaganda na Alemanha nazista.\u00a0 Um caso referente a uma publica\u00e7\u00e3o em um grupo alegando que a hidroxicloroquina e a azitromicina s\u00e3o uma \u201ccura\u201d e criticando a resposta do governo franc\u00eas ao COVID-19.\u00a0 Quando o Comit\u00ea tomar uma decis\u00e3o, atualizaremos cada publica\u00e7\u00e3o para incluir detalhes sobre a decis\u00e3o e como a implementamos para o conte\u00fado relevante. De acordo com o estatuto, se o Comit\u00ea emitir uma declara\u00e7\u00e3o de orienta\u00e7\u00e3o sobre pol\u00edticas, atualizaremos a publica\u00e7\u00e3o novamente com a nossa resposta a essa declara\u00e7\u00e3o. As pessoas que tiverem interesse em verificar o caso enviado por elas podem acessar o site do Comit\u00ea de Supervis\u00e3o para obter atualiza\u00e7\u00f5es a qualquer momento ap\u00f3s o envio do caso. Conforme o Comit\u00ea come\u00e7ar a ouvir mais casos, forneceremos um registro abrangente e totalmente pesquis\u00e1vel das decis\u00f5es sobre os casos e nossas a\u00e7\u00f5es.\u00a0 Novos trustees do Comit\u00ea de Supervis\u00e3o Como parte do an\u00fancio de hoje, o Comit\u00ea aprovou cinco novos trustees para o Fundo do Comit\u00ea de Supervis\u00e3o. Os trustees se juntar\u00e3o ao presidente Paul G. Haaga, Jr. para garantir que o Comit\u00ea esteja cumprindo os fins declarados, supervisionar e gerenciar as opera\u00e7\u00f5es financeiras do Comit\u00ea de Supervis\u00e3o e apontar membros do Comit\u00ea de acordo com o estatuto e os regulamentos internos do mesmo. Os trustees n\u00e3o estar\u00e3o envolvidos na audi\u00eancia de casos ou no exerc\u00edcio do Comit\u00ea do julgamento independente das quest\u00f5es de conte\u00fado. Os nomeados hoje foram: Kristina Arriaga, Cherine Chalaby, Wanda Felton, Kate O\u2019Regan e Robert Post. Gostar\u00edamos de dar nossas boas-vindas aos trustees e agradec\u00ea-los pela contribui\u00e7\u00e3o nos pr\u00f3ximos meses e anos.\" \/>\n<meta property=\"og:url\" content=\"https:\/\/about.fb.com\/br\/news\/2020\/12\/comite-de-supervisao-seleciona-os-primeiros-casos-para-analisar\/\" \/>\n<meta property=\"og:site_name\" content=\"Sobre a Meta\" \/>\n<meta property=\"article:published_time\" content=\"2020-12-01T14:58:16+00:00\" \/>\n<meta property=\"article:modified_time\" content=\"2021-06-17T13:07:07+00:00\" \/>\n<meta property=\"og:image\" content=\"https:\/\/about.fb.com\/br\/wp-content\/uploads\/sites\/11\/2020\/12\/Oversight_Board_process_banner.jpg?resize=1024,576\" \/>\n\t<meta property=\"og:image:width\" content=\"1024\" \/>\n\t<meta property=\"og:image:height\" content=\"576\" \/>\n\t<meta property=\"og:image:type\" content=\"image\/jpeg\" \/>\n<meta name=\"author\" content=\"facebookbr\" \/>\n<meta name=\"twitter:card\" content=\"summary_large_image\" \/>\n<meta name=\"twitter:label1\" content=\"Written by\" \/>\n\t<meta name=\"twitter:data1\" content=\"Meta\" \/>\n\t<meta name=\"twitter:label2\" content=\"Est. reading time\" \/>\n\t<meta name=\"twitter:data2\" content=\"4 minutos\" \/>\n<script type=\"application\/ld+json\" class=\"yoast-schema-graph\">{\"@context\":\"https:\/\/schema.org\",\"@graph\":[{\"@type\":\"Article\",\"@id\":\"https:\/\/about.fb.com\/br\/news\/2020\/12\/comite-de-supervisao-seleciona-os-primeiros-casos-para-analisar\/#article\",\"isPartOf\":{\"@id\":\"https:\/\/about.fb.com\/br\/news\/2020\/12\/comite-de-supervisao-seleciona-os-primeiros-casos-para-analisar\/\"},\"author\":\"Facebook company\",\"headline\":\"Comit\u00ea de Supervis\u00e3o seleciona os primeiros casos para analisar\",\"datePublished\":\"2020-12-01T14:58:16+00:00\",\"dateModified\":\"2021-06-17T13:07:07+00:00\",\"mainEntityOfPage\":{\"@id\":\"https:\/\/about.fb.com\/br\/news\/2020\/12\/comite-de-supervisao-seleciona-os-primeiros-casos-para-analisar\/\"},\"wordCount\":718,\"publisher\":{\"@id\":\"https:\/\/about.fb.com\/br\/#organization\"},\"image\":{\"@id\":\"https:\/\/about.fb.com\/br\/news\/2020\/12\/comite-de-supervisao-seleciona-os-primeiros-casos-para-analisar\/#primaryimage\"},\"thumbnailUrl\":\"https:\/\/about.fb.com\/br\/wp-content\/uploads\/sites\/11\/2020\/12\/Oversight_Board_process_banner.jpg?fit=1536%2C864\",\"articleSection\":[\"O Comit\u00ea de Supervis\u00e3o\",\"Recent News\"],\"inLanguage\":\"pt-BR\"},{\"@type\":\"WebPage\",\"@id\":\"https:\/\/about.fb.com\/br\/news\/2020\/12\/comite-de-supervisao-seleciona-os-primeiros-casos-para-analisar\/\",\"url\":\"https:\/\/about.fb.com\/br\/news\/2020\/12\/comite-de-supervisao-seleciona-os-primeiros-casos-para-analisar\/\",\"name\":\"Comit\u00ea de Supervis\u00e3o seleciona os primeiros casos para analisar | Sobre a Meta\",\"isPartOf\":{\"@id\":\"https:\/\/about.fb.com\/br\/#website\"},\"primaryImageOfPage\":{\"@id\":\"https:\/\/about.fb.com\/br\/news\/2020\/12\/comite-de-supervisao-seleciona-os-primeiros-casos-para-analisar\/#primaryimage\"},\"image\":{\"@id\":\"https:\/\/about.fb.com\/br\/news\/2020\/12\/comite-de-supervisao-seleciona-os-primeiros-casos-para-analisar\/#primaryimage\"},\"thumbnailUrl\":\"https:\/\/about.fb.com\/br\/wp-content\/uploads\/sites\/11\/2020\/12\/Oversight_Board_process_banner.jpg?fit=1536%2C864\",\"datePublished\":\"2020-12-01T14:58:16+00:00\",\"dateModified\":\"2021-06-17T13:07:07+00:00\",\"breadcrumb\":{\"@id\":\"https:\/\/about.fb.com\/br\/news\/2020\/12\/comite-de-supervisao-seleciona-os-primeiros-casos-para-analisar\/#breadcrumb\"},\"inLanguage\":\"pt-BR\",\"potentialAction\":[{\"@type\":\"ReadAction\",\"target\":[\"https:\/\/about.fb.com\/br\/news\/2020\/12\/comite-de-supervisao-seleciona-os-primeiros-casos-para-analisar\/\"]}],\"author\":\"Sobre a Meta\"},{\"@type\":\"ImageObject\",\"inLanguage\":\"pt-BR\",\"@id\":\"https:\/\/about.fb.com\/br\/news\/2020\/12\/comite-de-supervisao-seleciona-os-primeiros-casos-para-analisar\/#primaryimage\",\"url\":\"https:\/\/about.fb.com\/br\/wp-content\/uploads\/sites\/11\/2020\/12\/Oversight_Board_process_banner.jpg?fit=1536%2C864\",\"contentUrl\":\"https:\/\/about.fb.com\/br\/wp-content\/uploads\/sites\/11\/2020\/12\/Oversight_Board_process_banner.jpg?fit=1536%2C864\",\"width\":1536,\"height\":864},{\"@type\":\"BreadcrumbList\",\"@id\":\"https:\/\/about.fb.com\/br\/news\/2020\/12\/comite-de-supervisao-seleciona-os-primeiros-casos-para-analisar\/#breadcrumb\",\"itemListElement\":[{\"@type\":\"ListItem\",\"position\":1,\"name\":\"Home\",\"item\":\"https:\/\/about.fb.com\/br\/\"},{\"@type\":\"ListItem\",\"position\":2,\"name\":\"Comit\u00ea de Supervis\u00e3o seleciona os primeiros casos para analisar\"}]},{\"@type\":\"WebSite\",\"@id\":\"https:\/\/about.fb.com\/br\/#website\",\"url\":\"https:\/\/about.fb.com\/news\/\",\"name\":\"Sobre a Meta\",\"description\":\"\",\"publisher\":{\"@id\":\"https:\/\/about.fb.com\/br\/#organization\"},\"potentialAction\":[{\"@type\":\"SearchAction\",\"target\":{\"@type\":\"EntryPoint\",\"urlTemplate\":\"https:\/\/about.fb.com\/br\/?s={search_term_string}\"},\"query-input\":{\"@type\":\"PropertyValueSpecification\",\"valueRequired\":true,\"valueName\":\"search_term_string\"}}],\"inLanguage\":\"pt-BR\",\"alternateName\":[\"Meta Newsroom\",\"Meta\"]},{\"@type\":\"Organization\",\"@id\":\"https:\/\/about.fb.com\/br\/#organization\",\"name\":\"Meta\",\"url\":\"https:\/\/about.fb.com\/br\/\",\"logo\":{\"@type\":\"ImageObject\",\"inLanguage\":\"pt-BR\",\"@id\":\"https:\/\/about.fb.com\/br\/#\/schema\/logo\/image\/\",\"url\":\"https:\/\/about.fb.com\/br\/wp-content\/uploads\/sites\/11\/2021\/10\/meta-social-16x9-1.jpg?fit=8000%2C4500\",\"contentUrl\":\"https:\/\/about.fb.com\/br\/wp-content\/uploads\/sites\/11\/2021\/10\/meta-social-16x9-1.jpg?fit=8000%2C4500\",\"width\":8000,\"height\":4500,\"caption\":\"Meta\"},\"image\":{\"@id\":\"https:\/\/about.fb.com\/br\/#\/schema\/logo\/image\/\"}}]}<\/script>\n<!-- \/ Yoast SEO plugin. -->","yoast_head_json":{"title":"Comit\u00ea de Supervis\u00e3o seleciona os primeiros casos para analisar | Sobre a Meta","robots":{"index":"index","follow":"follow","max-snippet":"max-snippet:-1","max-image-preview":"max-image-preview:large","max-video-preview":"max-video-preview:-1"},"canonical":"https:\/\/about.fb.com\/br\/news\/2020\/12\/comite-de-supervisao-seleciona-os-primeiros-casos-para-analisar\/","og_locale":"pt_BR","og_type":"article","og_title":"Comit\u00ea de Supervis\u00e3o seleciona os primeiros casos para analisar | Sobre a Meta","og_description":"Atualiza\u00e7\u00e3o em 4 de dezembro de 2020 Hoje, o Comit\u00ea de Supervis\u00e3o anunciou que um usu\u00e1rio excluiu o primeiro caso da nossa lista original abaixo e que, por essa raz\u00e3o, n\u00e3o pode mais analis\u00e1-lo. \u00c9 poss\u00edvel encontrar mais informa\u00e7\u00f5es no comunicado do Comit\u00ea e na publica\u00e7\u00e3o sobre esse caso no Newsroom. O Comit\u00ea tamb\u00e9m anunciou que selecionou outro caso para revis\u00e3o, envolvendo uma publica\u00e7\u00e3o em um Grupo que faz uma amea\u00e7a velada com base em cren\u00e7as religiosas. Publicado originalmente em 01 de dezembro de 2020 Hoje mais cedo, o Comit\u00ea de Supervis\u00e3o anunciou que selecionou os seis primeiros casos que analisar\u00e1, incluindo cinco apela\u00e7\u00f5es de usu\u00e1rios e um caso indicado pelo Facebook. O Comit\u00ea de Supervis\u00e3o \u00e9 um \u00f3rg\u00e3o separado para o qual as pessoas podem fazer uma apela\u00e7\u00e3o quando discordam de nossas decis\u00f5es sobre o conte\u00fado delas no Facebook ou no Instagram. O Comit\u00ea come\u00e7ou a aceitar casos no m\u00eas passado e continuar\u00e1 recebendo apela\u00e7\u00f5es enquanto considera esses seis casos. O Facebook tamb\u00e9m continuar\u00e1 indicando os casos que v\u00ea como significativos e dif\u00edceis.\u00a0 Esse modelo de supervis\u00e3o independente representa um novo cap\u00edtulo na governan\u00e7a online, e estamos comprometidos a implementar as decis\u00f5es do Comit\u00ea. Aguardamos ansiosamente as primeiras decis\u00f5es do Comit\u00ea, que devem ser divulgadas nos pr\u00f3ximos meses. Hoje o Comit\u00ea tamb\u00e9m anunciou que seu sistema de coment\u00e1rios p\u00fablicos j\u00e1 est\u00e1 em funcionamento. Ele permitir\u00e1 que qualquer pessoa, do p\u00fablico geral aos especialistas no assunto e organiza\u00e7\u00f5es da sociedade civil, envie pesquisas e perspectivas relacionadas aos casos. Atualiza\u00e7\u00f5es de casos do Facebook Assim como fizemos hoje, continuaremos publicando um post sobre cada caso que o Comit\u00ea analisa em about.fb.com\/oversight. Um caso referente a coment\u00e1rios feitos por uma figura p\u00fablica sobre a viol\u00eancia contra os franceses. Um caso referente a uma foto de uma crian\u00e7a falecida\u00a0 e coment\u00e1rios sobre o tratamento da China em rela\u00e7\u00e3o aos mu\u00e7ulmanos uigures.\u00a0 Um caso referente a fotos hist\u00f3ricas supostamente mostrando igrejas em Baku e uma legenda indicando desprezo pelo povo do Azerbaij\u00e3o e apoio \u00e0 Arm\u00eania no conflito de Nagorno-Karabakh.\u00a0 Um caso referente a fotos com nudez relacionada aos sintomas do c\u00e2ncer de mama.\u00a0 Um caso referente a uma publica\u00e7\u00e3o com uma suposta cita\u00e7\u00e3o de Joseph Goebbels, o Ministro da Propaganda na Alemanha nazista.\u00a0 Um caso referente a uma publica\u00e7\u00e3o em um grupo alegando que a hidroxicloroquina e a azitromicina s\u00e3o uma \u201ccura\u201d e criticando a resposta do governo franc\u00eas ao COVID-19.\u00a0 Quando o Comit\u00ea tomar uma decis\u00e3o, atualizaremos cada publica\u00e7\u00e3o para incluir detalhes sobre a decis\u00e3o e como a implementamos para o conte\u00fado relevante. De acordo com o estatuto, se o Comit\u00ea emitir uma declara\u00e7\u00e3o de orienta\u00e7\u00e3o sobre pol\u00edticas, atualizaremos a publica\u00e7\u00e3o novamente com a nossa resposta a essa declara\u00e7\u00e3o. As pessoas que tiverem interesse em verificar o caso enviado por elas podem acessar o site do Comit\u00ea de Supervis\u00e3o para obter atualiza\u00e7\u00f5es a qualquer momento ap\u00f3s o envio do caso. Conforme o Comit\u00ea come\u00e7ar a ouvir mais casos, forneceremos um registro abrangente e totalmente pesquis\u00e1vel das decis\u00f5es sobre os casos e nossas a\u00e7\u00f5es.\u00a0 Novos trustees do Comit\u00ea de Supervis\u00e3o Como parte do an\u00fancio de hoje, o Comit\u00ea aprovou cinco novos trustees para o Fundo do Comit\u00ea de Supervis\u00e3o. Os trustees se juntar\u00e3o ao presidente Paul G. Haaga, Jr. para garantir que o Comit\u00ea esteja cumprindo os fins declarados, supervisionar e gerenciar as opera\u00e7\u00f5es financeiras do Comit\u00ea de Supervis\u00e3o e apontar membros do Comit\u00ea de acordo com o estatuto e os regulamentos internos do mesmo. Os trustees n\u00e3o estar\u00e3o envolvidos na audi\u00eancia de casos ou no exerc\u00edcio do Comit\u00ea do julgamento independente das quest\u00f5es de conte\u00fado. Os nomeados hoje foram: Kristina Arriaga, Cherine Chalaby, Wanda Felton, Kate O\u2019Regan e Robert Post. Gostar\u00edamos de dar nossas boas-vindas aos trustees e agradec\u00ea-los pela contribui\u00e7\u00e3o nos pr\u00f3ximos meses e anos.","og_url":"https:\/\/about.fb.com\/br\/news\/2020\/12\/comite-de-supervisao-seleciona-os-primeiros-casos-para-analisar\/","og_site_name":"Sobre a Meta","article_published_time":"2020-12-01T14:58:16+00:00","article_modified_time":"2021-06-17T13:07:07+00:00","og_image":[{"width":1024,"height":576,"url":"https:\/\/about.fb.com\/br\/wp-content\/uploads\/sites\/11\/2020\/12\/Oversight_Board_process_banner.jpg?resize=1024,576","type":"image\/jpeg"}],"author":"facebookbr","twitter_card":"summary_large_image","twitter_misc":{"Written by":"Meta","Est. reading time":"4 minutos"},"schema":{"@context":"https:\/\/schema.org","@graph":[{"@type":"Article","@id":"https:\/\/about.fb.com\/br\/news\/2020\/12\/comite-de-supervisao-seleciona-os-primeiros-casos-para-analisar\/#article","isPartOf":{"@id":"https:\/\/about.fb.com\/br\/news\/2020\/12\/comite-de-supervisao-seleciona-os-primeiros-casos-para-analisar\/"},"author":"Facebook company","headline":"Comit\u00ea de Supervis\u00e3o seleciona os primeiros casos para analisar","datePublished":"2020-12-01T14:58:16+00:00","dateModified":"2021-06-17T13:07:07+00:00","mainEntityOfPage":{"@id":"https:\/\/about.fb.com\/br\/news\/2020\/12\/comite-de-supervisao-seleciona-os-primeiros-casos-para-analisar\/"},"wordCount":718,"publisher":{"@id":"https:\/\/about.fb.com\/br\/#organization"},"image":{"@id":"https:\/\/about.fb.com\/br\/news\/2020\/12\/comite-de-supervisao-seleciona-os-primeiros-casos-para-analisar\/#primaryimage"},"thumbnailUrl":"https:\/\/about.fb.com\/br\/wp-content\/uploads\/sites\/11\/2020\/12\/Oversight_Board_process_banner.jpg?fit=1536%2C864","articleSection":["O Comit\u00ea de Supervis\u00e3o","Recent News"],"inLanguage":"pt-BR"},{"@type":"WebPage","@id":"https:\/\/about.fb.com\/br\/news\/2020\/12\/comite-de-supervisao-seleciona-os-primeiros-casos-para-analisar\/","url":"https:\/\/about.fb.com\/br\/news\/2020\/12\/comite-de-supervisao-seleciona-os-primeiros-casos-para-analisar\/","name":"Comit\u00ea de Supervis\u00e3o seleciona os primeiros casos para analisar | Sobre a Meta","isPartOf":{"@id":"https:\/\/about.fb.com\/br\/#website"},"primaryImageOfPage":{"@id":"https:\/\/about.fb.com\/br\/news\/2020\/12\/comite-de-supervisao-seleciona-os-primeiros-casos-para-analisar\/#primaryimage"},"image":{"@id":"https:\/\/about.fb.com\/br\/news\/2020\/12\/comite-de-supervisao-seleciona-os-primeiros-casos-para-analisar\/#primaryimage"},"thumbnailUrl":"https:\/\/about.fb.com\/br\/wp-content\/uploads\/sites\/11\/2020\/12\/Oversight_Board_process_banner.jpg?fit=1536%2C864","datePublished":"2020-12-01T14:58:16+00:00","dateModified":"2021-06-17T13:07:07+00:00","breadcrumb":{"@id":"https:\/\/about.fb.com\/br\/news\/2020\/12\/comite-de-supervisao-seleciona-os-primeiros-casos-para-analisar\/#breadcrumb"},"inLanguage":"pt-BR","potentialAction":[{"@type":"ReadAction","target":["https:\/\/about.fb.com\/br\/news\/2020\/12\/comite-de-supervisao-seleciona-os-primeiros-casos-para-analisar\/"]}],"author":"Sobre a Meta"},{"@type":"ImageObject","inLanguage":"pt-BR","@id":"https:\/\/about.fb.com\/br\/news\/2020\/12\/comite-de-supervisao-seleciona-os-primeiros-casos-para-analisar\/#primaryimage","url":"https:\/\/about.fb.com\/br\/wp-content\/uploads\/sites\/11\/2020\/12\/Oversight_Board_process_banner.jpg?fit=1536%2C864","contentUrl":"https:\/\/about.fb.com\/br\/wp-content\/uploads\/sites\/11\/2020\/12\/Oversight_Board_process_banner.jpg?fit=1536%2C864","width":1536,"height":864},{"@type":"BreadcrumbList","@id":"https:\/\/about.fb.com\/br\/news\/2020\/12\/comite-de-supervisao-seleciona-os-primeiros-casos-para-analisar\/#breadcrumb","itemListElement":[{"@type":"ListItem","position":1,"name":"Home","item":"https:\/\/about.fb.com\/br\/"},{"@type":"ListItem","position":2,"name":"Comit\u00ea de Supervis\u00e3o seleciona os primeiros casos para analisar"}]},{"@type":"WebSite","@id":"https:\/\/about.fb.com\/br\/#website","url":"https:\/\/about.fb.com\/news\/","name":"Sobre a Meta","description":"","publisher":{"@id":"https:\/\/about.fb.com\/br\/#organization"},"potentialAction":[{"@type":"SearchAction","target":{"@type":"EntryPoint","urlTemplate":"https:\/\/about.fb.com\/br\/?s={search_term_string}"},"query-input":{"@type":"PropertyValueSpecification","valueRequired":true,"valueName":"search_term_string"}}],"inLanguage":"pt-BR","alternateName":["Meta Newsroom","Meta"]},{"@type":"Organization","@id":"https:\/\/about.fb.com\/br\/#organization","name":"Meta","url":"https:\/\/about.fb.com\/br\/","logo":{"@type":"ImageObject","inLanguage":"pt-BR","@id":"https:\/\/about.fb.com\/br\/#\/schema\/logo\/image\/","url":"https:\/\/about.fb.com\/br\/wp-content\/uploads\/sites\/11\/2021\/10\/meta-social-16x9-1.jpg?fit=8000%2C4500","contentUrl":"https:\/\/about.fb.com\/br\/wp-content\/uploads\/sites\/11\/2021\/10\/meta-social-16x9-1.jpg?fit=8000%2C4500","width":8000,"height":4500,"caption":"Meta"},"image":{"@id":"https:\/\/about.fb.com\/br\/#\/schema\/logo\/image\/"}}]}},"jetpack_featured_media_url":"https:\/\/about.fb.com\/br\/wp-content\/uploads\/sites\/11\/2020\/12\/Oversight_Board_process_banner.jpg?fit=1536%2C864","jetpack-related-posts":[{"id":26809,"url":"https:\/\/about.fb.com\/br\/news\/2025\/11\/protecao-de-conteudo-seu-novo-guardiao-da-criatividade-no-facebook\/","url_meta":{"origin":22099,"position":0},"title":"Prote\u00e7\u00e3o de conte\u00fado: Seu novo guardi\u00e3o da criatividade no Facebook","author":"Meta","date":"17\/11\/2025","format":false,"excerpt":"O Facebook est\u00e1 lan\u00e7ando a prote\u00e7\u00e3o de conte\u00fado, uma nova ferramenta para criadores que protege automaticamente seus Reels originais, alerta quando conte\u00fados correspondentes a esses Reels s\u00e3o detectados no Facebook ou Instagram e ajuda voc\u00ea a tomar medidas caso seu trabalho seja usado sem permiss\u00e3o. Seu trabalho original \u00e9 a\u2026","rel":"","context":"In &quot;Facebook&quot;","block_context":{"text":"Facebook","link":"https:\/\/about.fb.com\/br\/news\/category\/technologies\/facebook\/"},"img":{"alt_text":"","src":"https:\/\/about.fb.com\/br\/wp-content\/uploads\/sites\/11\/2025\/07\/Logo-Meta-1.jpg?fit=633%2C356&resize=350%2C200","width":350,"height":200,"srcset":"https:\/\/about.fb.com\/br\/wp-content\/uploads\/sites\/11\/2025\/07\/Logo-Meta-1.jpg?fit=633%2C356&resize=350%2C200 1x, https:\/\/about.fb.com\/br\/wp-content\/uploads\/sites\/11\/2025\/07\/Logo-Meta-1.jpg?fit=633%2C356&resize=525%2C300 1.5x"},"classes":[]},{"id":27097,"url":"https:\/\/about.fb.com\/br\/news\/2026\/04\/ajudando-pais-a-entender-as-conversas-que-seus-adolescentes-estao-tendo-com-ia\/","url_meta":{"origin":22099,"position":1},"title":"Ajudando pais a entender as conversas que seus adolescentes est\u00e3o tendo com IA","author":"Meta","date":"23\/04\/2026","format":false,"excerpt":"Em outubro do ano passado, anunciamos que est\u00e1vamos desenvolvendo novas formas de apoiar os pais na miss\u00e3o de acompanhar e orientar seus filhos adolescentes no universo da Intelig\u00eancia Artificial. Isso inclui fornecer aos pais informa\u00e7\u00f5es sobre os t\u00f3picos a respeito dos quais seus adolescentes t\u00eam interagido com o assistente de\u2026","rel":"","context":"In &quot;Facebook&quot;","block_context":{"text":"Facebook","link":"https:\/\/about.fb.com\/br\/news\/category\/technologies\/facebook\/"},"img":{"alt_text":"","src":"https:\/\/about.fb.com\/br\/wp-content\/uploads\/sites\/11\/2026\/04\/AI-Youth-Saftey_Header.jpg?fit=1920%2C1080&resize=350%2C200","width":350,"height":200,"srcset":"https:\/\/about.fb.com\/br\/wp-content\/uploads\/sites\/11\/2026\/04\/AI-Youth-Saftey_Header.jpg?fit=1920%2C1080&resize=350%2C200 1x, https:\/\/about.fb.com\/br\/wp-content\/uploads\/sites\/11\/2026\/04\/AI-Youth-Saftey_Header.jpg?fit=1920%2C1080&resize=525%2C300 1.5x, https:\/\/about.fb.com\/br\/wp-content\/uploads\/sites\/11\/2026\/04\/AI-Youth-Saftey_Header.jpg?fit=1920%2C1080&resize=700%2C400 2x, https:\/\/about.fb.com\/br\/wp-content\/uploads\/sites\/11\/2026\/04\/AI-Youth-Saftey_Header.jpg?fit=1920%2C1080&resize=1050%2C600 3x, https:\/\/about.fb.com\/br\/wp-content\/uploads\/sites\/11\/2026\/04\/AI-Youth-Saftey_Header.jpg?fit=1920%2C1080&resize=1400%2C800 4x"},"classes":[]},{"id":26750,"url":"https:\/\/about.fb.com\/br\/news\/2025\/10\/empoderando-os-pais-e-protegendo-os-adolescentes-a-abordagem-da-meta-para-a-seguranca-de-ia\/","url_meta":{"origin":22099,"position":2},"title":"Empoderando os Pais e Protegendo os Adolescentes: A Abordagem da Meta para a Seguran\u00e7a de IA","author":"Meta","date":"17\/10\/2025","format":false,"excerpt":"Atualizado em 23 de janeiro de 2026, \u00e0s 14h (BRT): Em outubro, compartilhamos que estamos desenvolvendo novas ferramentas para dar aos pais mais visibilidade sobre como seus filhos adolescentes usam IA, al\u00e9m de mais controle sobre os personagens de IA com os quais eles podem interagir. Desde ent\u00e3o, come\u00e7amos a\u2026","rel":"","context":"In &quot;Fortalecendo Comunidades&quot;","block_context":{"text":"Fortalecendo Comunidades","link":"https:\/\/about.fb.com\/br\/news\/category\/temas-home\/comunidades\/"},"img":{"alt_text":"","src":"","width":0,"height":0},"classes":[]},{"id":26491,"url":"https:\/\/about.fb.com\/br\/news\/2025\/06\/tela-consciente-em-brasilia-caminhos-para-facilitar-a-supervisao-parental-online-de-adolescentes\/","url_meta":{"origin":22099,"position":3},"title":"Tela Consciente em Bras\u00edlia: caminhos para facilitar a supervis\u00e3o parental online de adolescentes","author":"Meta","date":"17\/06\/2025","format":false,"excerpt":"Em 12 de junho, a Meta reuniu em Bras\u00edlia autoridades, executivos de empresas e representantes da academia e sociedade civil para a segunda edi\u00e7\u00e3o do Tela Consciente, um debate sobre como apoiar as fam\u00edlias no uso consciente das plataformas digitais por adolescentes. O evento teve como foco os desafios e\u2026","rel":"","context":"In &quot;Recent News&quot;","block_context":{"text":"Recent News","link":"https:\/\/about.fb.com\/br\/news\/category\/recent-news\/"},"img":{"alt_text":"","src":"https:\/\/about.fb.com\/br\/wp-content\/uploads\/sites\/11\/2025\/06\/@leannabdon-1.jpg?fit=4500%2C3000&resize=350%2C200","width":350,"height":200,"srcset":"https:\/\/about.fb.com\/br\/wp-content\/uploads\/sites\/11\/2025\/06\/@leannabdon-1.jpg?fit=4500%2C3000&resize=350%2C200 1x, https:\/\/about.fb.com\/br\/wp-content\/uploads\/sites\/11\/2025\/06\/@leannabdon-1.jpg?fit=4500%2C3000&resize=525%2C300 1.5x, https:\/\/about.fb.com\/br\/wp-content\/uploads\/sites\/11\/2025\/06\/@leannabdon-1.jpg?fit=4500%2C3000&resize=700%2C400 2x, https:\/\/about.fb.com\/br\/wp-content\/uploads\/sites\/11\/2025\/06\/@leannabdon-1.jpg?fit=4500%2C3000&resize=1050%2C600 3x, https:\/\/about.fb.com\/br\/wp-content\/uploads\/sites\/11\/2025\/06\/@leannabdon-1.jpg?fit=4500%2C3000&resize=1400%2C800 4x"},"classes":[]},{"id":27012,"url":"https:\/\/about.fb.com\/br\/news\/2026\/03\/recompensando-criadores-originais-no-facebook\/","url_meta":{"origin":22099,"position":4},"title":"Recompensando Criadores Originais no Facebook","author":"Meta","date":"13\/03\/2026","format":false,"excerpt":"No \u00faltimo ano, tornamos o Feed e o Reels do Facebook mais relevantes ao reduzir conte\u00fados com caracter\u00edsticas de spam e dificultar que copycats e imitadores abafem as vozes aut\u00eanticas de criadores. Hoje, estamos compartilhando nosso progresso e destacando como criadores que publicam conte\u00fado original est\u00e3o sendo recompensados no Facebook.\u2026","rel":"","context":"In &quot;Facebook&quot;","block_context":{"text":"Facebook","link":"https:\/\/about.fb.com\/br\/news\/category\/technologies\/facebook\/"},"img":{"alt_text":"","src":"https:\/\/about.fb.com\/br\/wp-content\/uploads\/sites\/11\/2026\/03\/Originality-on-Facebook_Header.jpg?fit=1920%2C1080&resize=350%2C200","width":350,"height":200,"srcset":"https:\/\/about.fb.com\/br\/wp-content\/uploads\/sites\/11\/2026\/03\/Originality-on-Facebook_Header.jpg?fit=1920%2C1080&resize=350%2C200 1x, https:\/\/about.fb.com\/br\/wp-content\/uploads\/sites\/11\/2026\/03\/Originality-on-Facebook_Header.jpg?fit=1920%2C1080&resize=525%2C300 1.5x, https:\/\/about.fb.com\/br\/wp-content\/uploads\/sites\/11\/2026\/03\/Originality-on-Facebook_Header.jpg?fit=1920%2C1080&resize=700%2C400 2x, https:\/\/about.fb.com\/br\/wp-content\/uploads\/sites\/11\/2026\/03\/Originality-on-Facebook_Header.jpg?fit=1920%2C1080&resize=1050%2C600 3x, https:\/\/about.fb.com\/br\/wp-content\/uploads\/sites\/11\/2026\/03\/Originality-on-Facebook_Header.jpg?fit=1920%2C1080&resize=1400%2C800 4x"},"classes":[]},{"id":26109,"url":"https:\/\/about.fb.com\/br\/news\/2025\/01\/apresentando-anuncios-no-threads-amplie-suas-campanhas-para-uma-comunidade-em-constante-crescimento\/","url_meta":{"origin":22099,"position":5},"title":"Apresentando an\u00fancios no Threads: Amplie suas campanhas para uma comunidade em constante crescimento","author":"Meta","date":"24\/01\/2025","format":false,"excerpt":"Atualiza\u00e7\u00e3o em 23 de abril de 2025: As pessoas v\u00eam aos aplicativos da Meta em busca de uma experi\u00eancia personalizada, que as ajude a descobrir neg\u00f3cios e conte\u00fados de que gostam \u2014 e os an\u00fancios s\u00e3o uma parte essencial para tornar isso poss\u00edvel. Para ajudar as pessoas a se conectarem\u2026","rel":"","context":"In &quot;Meta&quot;","block_context":{"text":"Meta","link":"https:\/\/about.fb.com\/br\/news\/category\/temas-home\/meta\/"},"img":{"alt_text":"","src":"https:\/\/about.fb.com\/br\/wp-content\/uploads\/sites\/11\/2025\/01\/asasasas.png?resize=350%2C200","width":350,"height":200},"classes":[]}],"jetpack_sharing_enabled":true,"amp_enabled":true,"_links":{"self":[{"href":"https:\/\/about.fb.com\/br\/wp-json\/wp\/v2\/posts\/22099","targetHints":{"allow":["GET"]}}],"collection":[{"href":"https:\/\/about.fb.com\/br\/wp-json\/wp\/v2\/posts"}],"about":[{"href":"https:\/\/about.fb.com\/br\/wp-json\/wp\/v2\/types\/post"}],"author":[{"embeddable":true,"href":"https:\/\/about.fb.com\/br\/wp-json\/wp\/v2\/users\/81109636"}],"replies":[{"embeddable":true,"href":"https:\/\/about.fb.com\/br\/wp-json\/wp\/v2\/comments?post=22099"}],"version-history":[{"count":5,"href":"https:\/\/about.fb.com\/br\/wp-json\/wp\/v2\/posts\/22099\/revisions"}],"predecessor-version":[{"id":22139,"href":"https:\/\/about.fb.com\/br\/wp-json\/wp\/v2\/posts\/22099\/revisions\/22139"}],"wp:featuredmedia":[{"embeddable":true,"href":"https:\/\/about.fb.com\/br\/wp-json\/wp\/v2\/media\/22110"}],"wp:attachment":[{"href":"https:\/\/about.fb.com\/br\/wp-json\/wp\/v2\/media?parent=22099"}],"wp:term":[{"taxonomy":"category","embeddable":true,"href":"https:\/\/about.fb.com\/br\/wp-json\/wp\/v2\/categories?post=22099"},{"taxonomy":"post_tag","embeddable":true,"href":"https:\/\/about.fb.com\/br\/wp-json\/wp\/v2\/tags?post=22099"}],"curies":[{"name":"wp","href":"https:\/\/api.w.org\/{rel}","templated":true}]}}