{"id":22095,"date":"2020-11-26T10:01:46","date_gmt":"2020-11-26T13:01:46","guid":{"rendered":"https:\/\/about.fb.com\/br\/?p=22095"},"modified":"2021-06-17T10:07:07","modified_gmt":"2021-06-17T13:07:07","slug":"facebook-traz-universo-exclusivo-da-ccxp-worlds-para-a-plataforma","status":"publish","type":"post","link":"https:\/\/about.fb.com\/br\/news\/2020\/11\/facebook-traz-universo-exclusivo-da-ccxp-worlds-para-a-plataforma\/","title":{"rendered":"Facebook traz universo exclusivo da CCXP Worlds para a plataforma"},"content":{"rendered":"<p><span style=\"font-weight: 400\">O Facebook e a <\/span><a href=\"http:\/\/www.ccxp.com.br\/\"><span style=\"font-weight: 400\">CCXP Worlds<\/span><\/a><span style=\"font-weight: 400\"> anunciam uma parceria in\u00e9dita para trazer, com exclusividade, para os f\u00e3s do universo geek na plataforma os melhores momentos, discuss\u00f5es e entrevistas do festival, que ser\u00e1 realizado pela primeira vez 100% virtualmente. O evento acontece entre os dias 4 e 6 de dezembro e contar\u00e1 ainda com um torneio de gaming com transmiss\u00e3o no Facebook e um desafio de cosplay no Instagram.<\/span><\/p>\n<p><span style=\"font-weight: 400\">Todos os dias, ser\u00e1 poss\u00edvel conferir ao vivo os principais pain\u00e9is e conte\u00fados do evento pela <\/span><a href=\"https:\/\/www.facebook.com\/CCXPoficial\"><span style=\"font-weight: 400\">P\u00e1gina da CCXP<\/span><\/a><span style=\"font-weight: 400\"> no Facebook, a partir da <\/span><b>&#8220;Live das Lives&#8221;<\/b><span style=\"font-weight: 400\">. Com mais de 20 horas de programa\u00e7\u00e3o, os f\u00e3s poder\u00e3o acompanhar em tempo real na plataforma os destaques de diferentes palcos do festival, al\u00e9m dos coment\u00e1rios oficiais do evento pela <\/span><a href=\"http:\/\/facebook.com\/Omelete\"><span style=\"font-weight: 400\">P\u00e1gina do Omelete<\/span><\/a><span style=\"font-weight: 400\">.<\/span><\/p>\n<p><i><span style=\"font-weight: 400\">&#8220;Estamos felizes em trazer novas experi\u00eancias e conte\u00fados exclusivos para a comunidade de f\u00e3s da <\/span><\/i><a href=\"http:\/\/www.ccxp.com.br\/\"><i><span style=\"font-weight: 400\">CCXP Worlds<\/span><\/i><\/a><i><span style=\"font-weight: 400\"> no Facebook, ajudando as pessoas a se conectarem, mesmo quando distantes, com os temas que mais gostam&#8221;, destaca o diretor de parceria de entretenimento no Facebook para Am\u00e9rica Latina, Mauro Bedaque.\u00a0<\/span><\/i><\/p>\n<p><b>Torneio de Gaming\u00a0<\/b><\/p>\n<p><span style=\"font-weight: 400\">Em todo o mundo, mais de 200 milh\u00f5es de pessoas assistem \u00e0 streamings de jogos todos os meses no Facebook. Para reunir essa comunidade, o <\/span><a href=\"https:\/\/www.facebook.com\/gaming\"><span style=\"font-weight: 400\">Facebook Gaming<\/span><\/a><span style=\"font-weight: 400\"> e a CCXP v\u00e3o promover um campeonato de tr\u00eas dias com diversos gamers, como <\/span><a href=\"https:\/\/www.facebook.com\/gaming\/williangORDOx\"><span style=\"font-weight: 400\">Gordox<\/span><\/a><span style=\"font-weight: 400\"> e <\/span><a href=\"https:\/\/www.facebook.com\/gaming\/petarnetotv?fbclid=IwAR00mPK8Eba3BncRVVgx531qQFOvuGUccUY-TmHedQGSUmKGsJpCSH4Whlg\"><span style=\"font-weight: 400\">Petar Neto<\/span><\/a><span style=\"font-weight: 400\">, que ser\u00e1 tamb\u00e9m transmitido na plataforma pela <\/span><a href=\"https:\/\/www.facebook.com\/TheEnemyBR\"><span style=\"font-weight: 400\">P\u00e1gina do The Enemy BR<\/span><\/a><span style=\"font-weight: 400\">.<\/span><\/p>\n<p><i><span style=\"font-weight: 400\">&#8220;Estamos muito empolgados com esta parceria que chega para expandir ainda mais o conte\u00fado da CCXP Worlds. Se antes a gente entregava a experi\u00eancia para o f\u00e3 que estava no festival f\u00edsico, a parceria com o Facebook impulsiona a experi\u00eancia do festival virtual para o mundo inteiro, mostrando o que o Brasil \u00e9 capaz de fazer&#8221;<\/span><\/i><span style=\"font-weight: 400\">, afirma o CEO da CCXP, Pierre Mantovani.<\/span><\/p>\n<p><b>Cosplay no Reels<\/b><\/p>\n<p><span style=\"font-weight: 400\">CCXP sem cosplay, n\u00e3o \u00e9 CCXP. Por isso, este ano o desafio de cosplays acontecer\u00e1 no <\/span><a href=\"https:\/\/www.instagram.com\/ccxpoficial\/?hl=pt-br\"><span style=\"font-weight: 400\">Reels<\/span><\/a><span style=\"font-weight: 400\"> pelo Perfil da CCXP no Instagram. Quem quiser participar, precisa apenas entrar no Reels da CCXP, usar o \u00e1udio original da CCXP Worlds e postar o seu v\u00eddeo marcando o <\/span><a href=\"https:\/\/www.instagram.com\/p\/CHk-Jn9H17Y\/\"><span style=\"font-weight: 400\">Perfil da CCXP no Instagram<\/span><\/a><span style=\"font-weight: 400\"> com a hashtags <\/span><a href=\"https:\/\/www.instagram.com\/explore\/tags\/ccxpworldscosplay\/\"><span style=\"font-weight: 400\">#CCXPWorldsCosplay<\/span><\/a><span style=\"font-weight: 400\"> e <\/span><a href=\"https:\/\/www.instagram.com\/explore\/tags\/reelsccxp\/\"><span style=\"font-weight: 400\">#ReelsCCXP<\/span><\/a><span style=\"font-weight: 400\">.\u00a0<\/span><\/p>\n<p><span style=\"font-weight: 400\">Para os f\u00e3s de outros pa\u00edses, o conte\u00fado das transmiss\u00f5es na P\u00e1gina da CCXP Worlds no Facebook estar\u00e1 dispon\u00edvel tamb\u00e9m com legendas em ingl\u00eas.<\/span><\/p>\n","protected":false},"excerpt":{"rendered":"O Facebook e a CCXP Worlds anunciam uma parceria in\u00e9dita para trazer, com exclusividade, para os f\u00e3s do universo geek na plataforma os melhores momentos, discuss\u00f5es e entrevistas do festival, que ser\u00e1 realizado pela primeira vez 100% virtualmente. O evento acontece entre os dias 4 e 6 de dezembro e contar\u00e1 ainda com um torneio de gaming com transmiss\u00e3o no Facebook e um desafio de cosplay no Instagram. Todos os dias, ser\u00e1 poss\u00edvel conferir ao vivo os principais pain\u00e9is e conte\u00fados do evento pela P\u00e1gina da CCXP no Facebook, a partir da &#8220;Live das Lives&#8221;. Com mais de 20 horas de programa\u00e7\u00e3o, os f\u00e3s poder\u00e3o acompanhar em tempo real na plataforma os destaques de diferentes palcos do festival, al\u00e9m dos coment\u00e1rios oficiais do evento pela P\u00e1gina do Omelete. &#8220;Estamos felizes em trazer novas experi\u00eancias e conte\u00fados exclusivos para a comunidade de f\u00e3s da CCXP Worlds no Facebook, ajudando as pessoas a se conectarem, mesmo quando distantes, com os temas que mais gostam&#8221;, destaca o diretor de parceria de entretenimento no Facebook para Am\u00e9rica Latina, Mauro Bedaque.\u00a0 Torneio de Gaming\u00a0 Em todo o mundo, mais de 200 milh\u00f5es de pessoas assistem \u00e0 streamings de jogos todos os meses no Facebook. Para reunir essa comunidade, o Facebook Gaming e a CCXP v\u00e3o promover um campeonato de tr\u00eas dias com diversos gamers, como Gordox e Petar Neto, que ser\u00e1 tamb\u00e9m transmitido na plataforma pela P\u00e1gina do The Enemy BR. &#8220;Estamos muito empolgados com esta parceria que chega para expandir ainda mais o conte\u00fado da CCXP Worlds. Se antes a gente entregava a experi\u00eancia para o f\u00e3 que estava no festival f\u00edsico, a parceria com o Facebook impulsiona a experi\u00eancia do festival virtual para o mundo inteiro, mostrando o que o Brasil \u00e9 capaz de fazer&#8221;, afirma o CEO da CCXP, Pierre Mantovani. Cosplay no Reels CCXP sem cosplay, n\u00e3o \u00e9 CCXP. Por isso, este ano o desafio de cosplays acontecer\u00e1 no Reels pelo Perfil da CCXP no Instagram. Quem quiser participar, precisa apenas entrar no Reels da CCXP, usar o \u00e1udio original da CCXP Worlds e postar o seu v\u00eddeo marcando o Perfil da CCXP no Instagram com a hashtags #CCXPWorldsCosplay e #ReelsCCXP.\u00a0 Para os f\u00e3s de outros pa\u00edses, o conte\u00fado das transmiss\u00f5es na P\u00e1gina da CCXP Worlds no Facebook estar\u00e1 dispon\u00edvel tamb\u00e9m com legendas em ingl\u00eas.","protected":false},"author":81109636,"featured_media":0,"comment_status":"closed","ping_status":"closed","sticky":false,"template":"","format":"standard","meta":{"_jetpack_memberships_contains_paid_content":false,"footnotes":""},"categories":[1],"tags":[],"class_list":["post-22095","post","type-post","status-publish","format-standard","hentry","category-recent-news"],"yoast_head":"<!-- This site is optimized with the Yoast SEO plugin v27.2 - https:\/\/yoast.com\/product\/yoast-seo-wordpress\/ -->\n<title>Facebook traz universo exclusivo da CCXP Worlds para a plataforma | Sobre a Meta<\/title>\n<meta name=\"robots\" content=\"index, follow, max-snippet:-1, max-image-preview:large, max-video-preview:-1\" \/>\n<link rel=\"canonical\" href=\"https:\/\/about.fb.com\/br\/news\/2020\/11\/facebook-traz-universo-exclusivo-da-ccxp-worlds-para-a-plataforma\/\" \/>\n<meta property=\"og:locale\" content=\"pt_BR\" \/>\n<meta property=\"og:type\" content=\"article\" \/>\n<meta property=\"og:title\" content=\"Facebook traz universo exclusivo da CCXP Worlds para a plataforma | Sobre a Meta\" \/>\n<meta property=\"og:description\" content=\"O Facebook e a CCXP Worlds anunciam uma parceria in\u00e9dita para trazer, com exclusividade, para os f\u00e3s do universo geek na plataforma os melhores momentos, discuss\u00f5es e entrevistas do festival, que ser\u00e1 realizado pela primeira vez 100% virtualmente. O evento acontece entre os dias 4 e 6 de dezembro e contar\u00e1 ainda com um torneio de gaming com transmiss\u00e3o no Facebook e um desafio de cosplay no Instagram. Todos os dias, ser\u00e1 poss\u00edvel conferir ao vivo os principais pain\u00e9is e conte\u00fados do evento pela P\u00e1gina da CCXP no Facebook, a partir da &#8220;Live das Lives&#8221;. Com mais de 20 horas de programa\u00e7\u00e3o, os f\u00e3s poder\u00e3o acompanhar em tempo real na plataforma os destaques de diferentes palcos do festival, al\u00e9m dos coment\u00e1rios oficiais do evento pela P\u00e1gina do Omelete. &#8220;Estamos felizes em trazer novas experi\u00eancias e conte\u00fados exclusivos para a comunidade de f\u00e3s da CCXP Worlds no Facebook, ajudando as pessoas a se conectarem, mesmo quando distantes, com os temas que mais gostam&#8221;, destaca o diretor de parceria de entretenimento no Facebook para Am\u00e9rica Latina, Mauro Bedaque.\u00a0 Torneio de Gaming\u00a0 Em todo o mundo, mais de 200 milh\u00f5es de pessoas assistem \u00e0 streamings de jogos todos os meses no Facebook. Para reunir essa comunidade, o Facebook Gaming e a CCXP v\u00e3o promover um campeonato de tr\u00eas dias com diversos gamers, como Gordox e Petar Neto, que ser\u00e1 tamb\u00e9m transmitido na plataforma pela P\u00e1gina do The Enemy BR. &#8220;Estamos muito empolgados com esta parceria que chega para expandir ainda mais o conte\u00fado da CCXP Worlds. Se antes a gente entregava a experi\u00eancia para o f\u00e3 que estava no festival f\u00edsico, a parceria com o Facebook impulsiona a experi\u00eancia do festival virtual para o mundo inteiro, mostrando o que o Brasil \u00e9 capaz de fazer&#8221;, afirma o CEO da CCXP, Pierre Mantovani. Cosplay no Reels CCXP sem cosplay, n\u00e3o \u00e9 CCXP. Por isso, este ano o desafio de cosplays acontecer\u00e1 no Reels pelo Perfil da CCXP no Instagram. Quem quiser participar, precisa apenas entrar no Reels da CCXP, usar o \u00e1udio original da CCXP Worlds e postar o seu v\u00eddeo marcando o Perfil da CCXP no Instagram com a hashtags #CCXPWorldsCosplay e #ReelsCCXP.\u00a0 Para os f\u00e3s de outros pa\u00edses, o conte\u00fado das transmiss\u00f5es na P\u00e1gina da CCXP Worlds no Facebook estar\u00e1 dispon\u00edvel tamb\u00e9m com legendas em ingl\u00eas.\" \/>\n<meta property=\"og:url\" content=\"https:\/\/about.fb.com\/br\/news\/2020\/11\/facebook-traz-universo-exclusivo-da-ccxp-worlds-para-a-plataforma\/\" \/>\n<meta property=\"og:site_name\" content=\"Sobre a Meta\" \/>\n<meta property=\"article:published_time\" content=\"2020-11-26T13:01:46+00:00\" \/>\n<meta property=\"article:modified_time\" content=\"2021-06-17T13:07:07+00:00\" \/>\n<meta property=\"og:image\" content=\"https:\/\/about.fb.com\/br\/wp-content\/uploads\/sites\/11\/2021\/10\/meta-social-16x9-1.jpg?resize=1024,576\" \/>\n\t<meta property=\"og:image:width\" content=\"1024\" \/>\n\t<meta property=\"og:image:height\" content=\"576\" \/>\n\t<meta property=\"og:image:type\" content=\"image\/jpeg\" \/>\n<meta name=\"author\" content=\"facebookbr\" \/>\n<meta name=\"twitter:card\" content=\"summary_large_image\" \/>\n<meta name=\"twitter:label1\" content=\"Written by\" \/>\n\t<meta name=\"twitter:data1\" content=\"Meta\" \/>\n\t<meta name=\"twitter:label2\" content=\"Est. reading time\" \/>\n\t<meta name=\"twitter:data2\" content=\"2 minutos\" \/>\n<script type=\"application\/ld+json\" class=\"yoast-schema-graph\">{\"@context\":\"https:\/\/schema.org\",\"@graph\":[{\"@type\":\"Article\",\"@id\":\"https:\/\/about.fb.com\/br\/news\/2020\/11\/facebook-traz-universo-exclusivo-da-ccxp-worlds-para-a-plataforma\/#article\",\"isPartOf\":{\"@id\":\"https:\/\/about.fb.com\/br\/news\/2020\/11\/facebook-traz-universo-exclusivo-da-ccxp-worlds-para-a-plataforma\/\"},\"author\":\"Facebook company\",\"headline\":\"Facebook traz universo exclusivo da CCXP Worlds para a plataforma\",\"datePublished\":\"2020-11-26T13:01:46+00:00\",\"dateModified\":\"2021-06-17T13:07:07+00:00\",\"mainEntityOfPage\":{\"@id\":\"https:\/\/about.fb.com\/br\/news\/2020\/11\/facebook-traz-universo-exclusivo-da-ccxp-worlds-para-a-plataforma\/\"},\"wordCount\":423,\"publisher\":{\"@id\":\"https:\/\/about.fb.com\/br\/#organization\"},\"articleSection\":[\"Recent News\"],\"inLanguage\":\"pt-BR\"},{\"@type\":\"WebPage\",\"@id\":\"https:\/\/about.fb.com\/br\/news\/2020\/11\/facebook-traz-universo-exclusivo-da-ccxp-worlds-para-a-plataforma\/\",\"url\":\"https:\/\/about.fb.com\/br\/news\/2020\/11\/facebook-traz-universo-exclusivo-da-ccxp-worlds-para-a-plataforma\/\",\"name\":\"Facebook traz universo exclusivo da CCXP Worlds para a plataforma | Sobre a Meta\",\"isPartOf\":{\"@id\":\"https:\/\/about.fb.com\/br\/#website\"},\"datePublished\":\"2020-11-26T13:01:46+00:00\",\"dateModified\":\"2021-06-17T13:07:07+00:00\",\"breadcrumb\":{\"@id\":\"https:\/\/about.fb.com\/br\/news\/2020\/11\/facebook-traz-universo-exclusivo-da-ccxp-worlds-para-a-plataforma\/#breadcrumb\"},\"inLanguage\":\"pt-BR\",\"potentialAction\":[{\"@type\":\"ReadAction\",\"target\":[\"https:\/\/about.fb.com\/br\/news\/2020\/11\/facebook-traz-universo-exclusivo-da-ccxp-worlds-para-a-plataforma\/\"]}],\"author\":\"Sobre a Meta\"},{\"@type\":\"BreadcrumbList\",\"@id\":\"https:\/\/about.fb.com\/br\/news\/2020\/11\/facebook-traz-universo-exclusivo-da-ccxp-worlds-para-a-plataforma\/#breadcrumb\",\"itemListElement\":[{\"@type\":\"ListItem\",\"position\":1,\"name\":\"Home\",\"item\":\"https:\/\/about.fb.com\/br\/\"},{\"@type\":\"ListItem\",\"position\":2,\"name\":\"Facebook traz universo exclusivo da CCXP Worlds para a plataforma\"}]},{\"@type\":\"WebSite\",\"@id\":\"https:\/\/about.fb.com\/br\/#website\",\"url\":\"https:\/\/about.fb.com\/news\/\",\"name\":\"Sobre a Meta\",\"description\":\"\",\"publisher\":{\"@id\":\"https:\/\/about.fb.com\/br\/#organization\"},\"potentialAction\":[{\"@type\":\"SearchAction\",\"target\":{\"@type\":\"EntryPoint\",\"urlTemplate\":\"https:\/\/about.fb.com\/br\/?s={search_term_string}\"},\"query-input\":{\"@type\":\"PropertyValueSpecification\",\"valueRequired\":true,\"valueName\":\"search_term_string\"}}],\"inLanguage\":\"pt-BR\",\"alternateName\":[\"Meta Newsroom\",\"Meta\"]},{\"@type\":\"Organization\",\"@id\":\"https:\/\/about.fb.com\/br\/#organization\",\"name\":\"Meta\",\"url\":\"https:\/\/about.fb.com\/br\/\",\"logo\":{\"@type\":\"ImageObject\",\"inLanguage\":\"pt-BR\",\"@id\":\"https:\/\/about.fb.com\/br\/#\/schema\/logo\/image\/\",\"url\":\"https:\/\/about.fb.com\/br\/wp-content\/uploads\/sites\/11\/2021\/10\/meta-social-16x9-1.jpg?fit=8000%2C4500\",\"contentUrl\":\"https:\/\/about.fb.com\/br\/wp-content\/uploads\/sites\/11\/2021\/10\/meta-social-16x9-1.jpg?fit=8000%2C4500\",\"width\":8000,\"height\":4500,\"caption\":\"Meta\"},\"image\":{\"@id\":\"https:\/\/about.fb.com\/br\/#\/schema\/logo\/image\/\"}}]}<\/script>\n<!-- \/ Yoast SEO plugin. -->","yoast_head_json":{"title":"Facebook traz universo exclusivo da CCXP Worlds para a plataforma | Sobre a Meta","robots":{"index":"index","follow":"follow","max-snippet":"max-snippet:-1","max-image-preview":"max-image-preview:large","max-video-preview":"max-video-preview:-1"},"canonical":"https:\/\/about.fb.com\/br\/news\/2020\/11\/facebook-traz-universo-exclusivo-da-ccxp-worlds-para-a-plataforma\/","og_locale":"pt_BR","og_type":"article","og_title":"Facebook traz universo exclusivo da CCXP Worlds para a plataforma | Sobre a Meta","og_description":"O Facebook e a CCXP Worlds anunciam uma parceria in\u00e9dita para trazer, com exclusividade, para os f\u00e3s do universo geek na plataforma os melhores momentos, discuss\u00f5es e entrevistas do festival, que ser\u00e1 realizado pela primeira vez 100% virtualmente. O evento acontece entre os dias 4 e 6 de dezembro e contar\u00e1 ainda com um torneio de gaming com transmiss\u00e3o no Facebook e um desafio de cosplay no Instagram. Todos os dias, ser\u00e1 poss\u00edvel conferir ao vivo os principais pain\u00e9is e conte\u00fados do evento pela P\u00e1gina da CCXP no Facebook, a partir da &#8220;Live das Lives&#8221;. Com mais de 20 horas de programa\u00e7\u00e3o, os f\u00e3s poder\u00e3o acompanhar em tempo real na plataforma os destaques de diferentes palcos do festival, al\u00e9m dos coment\u00e1rios oficiais do evento pela P\u00e1gina do Omelete. &#8220;Estamos felizes em trazer novas experi\u00eancias e conte\u00fados exclusivos para a comunidade de f\u00e3s da CCXP Worlds no Facebook, ajudando as pessoas a se conectarem, mesmo quando distantes, com os temas que mais gostam&#8221;, destaca o diretor de parceria de entretenimento no Facebook para Am\u00e9rica Latina, Mauro Bedaque.\u00a0 Torneio de Gaming\u00a0 Em todo o mundo, mais de 200 milh\u00f5es de pessoas assistem \u00e0 streamings de jogos todos os meses no Facebook. Para reunir essa comunidade, o Facebook Gaming e a CCXP v\u00e3o promover um campeonato de tr\u00eas dias com diversos gamers, como Gordox e Petar Neto, que ser\u00e1 tamb\u00e9m transmitido na plataforma pela P\u00e1gina do The Enemy BR. &#8220;Estamos muito empolgados com esta parceria que chega para expandir ainda mais o conte\u00fado da CCXP Worlds. Se antes a gente entregava a experi\u00eancia para o f\u00e3 que estava no festival f\u00edsico, a parceria com o Facebook impulsiona a experi\u00eancia do festival virtual para o mundo inteiro, mostrando o que o Brasil \u00e9 capaz de fazer&#8221;, afirma o CEO da CCXP, Pierre Mantovani. Cosplay no Reels CCXP sem cosplay, n\u00e3o \u00e9 CCXP. Por isso, este ano o desafio de cosplays acontecer\u00e1 no Reels pelo Perfil da CCXP no Instagram. Quem quiser participar, precisa apenas entrar no Reels da CCXP, usar o \u00e1udio original da CCXP Worlds e postar o seu v\u00eddeo marcando o Perfil da CCXP no Instagram com a hashtags #CCXPWorldsCosplay e #ReelsCCXP.\u00a0 Para os f\u00e3s de outros pa\u00edses, o conte\u00fado das transmiss\u00f5es na P\u00e1gina da CCXP Worlds no Facebook estar\u00e1 dispon\u00edvel tamb\u00e9m com legendas em ingl\u00eas.","og_url":"https:\/\/about.fb.com\/br\/news\/2020\/11\/facebook-traz-universo-exclusivo-da-ccxp-worlds-para-a-plataforma\/","og_site_name":"Sobre a Meta","article_published_time":"2020-11-26T13:01:46+00:00","article_modified_time":"2021-06-17T13:07:07+00:00","og_image":[{"width":1024,"height":576,"url":"https:\/\/about.fb.com\/br\/wp-content\/uploads\/sites\/11\/2021\/10\/meta-social-16x9-1.jpg?resize=1024,576","type":"image\/jpeg"}],"author":"facebookbr","twitter_card":"summary_large_image","twitter_misc":{"Written by":"Meta","Est. reading time":"2 minutos"},"schema":{"@context":"https:\/\/schema.org","@graph":[{"@type":"Article","@id":"https:\/\/about.fb.com\/br\/news\/2020\/11\/facebook-traz-universo-exclusivo-da-ccxp-worlds-para-a-plataforma\/#article","isPartOf":{"@id":"https:\/\/about.fb.com\/br\/news\/2020\/11\/facebook-traz-universo-exclusivo-da-ccxp-worlds-para-a-plataforma\/"},"author":"Facebook company","headline":"Facebook traz universo exclusivo da CCXP Worlds para a plataforma","datePublished":"2020-11-26T13:01:46+00:00","dateModified":"2021-06-17T13:07:07+00:00","mainEntityOfPage":{"@id":"https:\/\/about.fb.com\/br\/news\/2020\/11\/facebook-traz-universo-exclusivo-da-ccxp-worlds-para-a-plataforma\/"},"wordCount":423,"publisher":{"@id":"https:\/\/about.fb.com\/br\/#organization"},"articleSection":["Recent News"],"inLanguage":"pt-BR"},{"@type":"WebPage","@id":"https:\/\/about.fb.com\/br\/news\/2020\/11\/facebook-traz-universo-exclusivo-da-ccxp-worlds-para-a-plataforma\/","url":"https:\/\/about.fb.com\/br\/news\/2020\/11\/facebook-traz-universo-exclusivo-da-ccxp-worlds-para-a-plataforma\/","name":"Facebook traz universo exclusivo da CCXP Worlds para a plataforma | Sobre a Meta","isPartOf":{"@id":"https:\/\/about.fb.com\/br\/#website"},"datePublished":"2020-11-26T13:01:46+00:00","dateModified":"2021-06-17T13:07:07+00:00","breadcrumb":{"@id":"https:\/\/about.fb.com\/br\/news\/2020\/11\/facebook-traz-universo-exclusivo-da-ccxp-worlds-para-a-plataforma\/#breadcrumb"},"inLanguage":"pt-BR","potentialAction":[{"@type":"ReadAction","target":["https:\/\/about.fb.com\/br\/news\/2020\/11\/facebook-traz-universo-exclusivo-da-ccxp-worlds-para-a-plataforma\/"]}],"author":"Sobre a Meta"},{"@type":"BreadcrumbList","@id":"https:\/\/about.fb.com\/br\/news\/2020\/11\/facebook-traz-universo-exclusivo-da-ccxp-worlds-para-a-plataforma\/#breadcrumb","itemListElement":[{"@type":"ListItem","position":1,"name":"Home","item":"https:\/\/about.fb.com\/br\/"},{"@type":"ListItem","position":2,"name":"Facebook traz universo exclusivo da CCXP Worlds para a plataforma"}]},{"@type":"WebSite","@id":"https:\/\/about.fb.com\/br\/#website","url":"https:\/\/about.fb.com\/news\/","name":"Sobre a Meta","description":"","publisher":{"@id":"https:\/\/about.fb.com\/br\/#organization"},"potentialAction":[{"@type":"SearchAction","target":{"@type":"EntryPoint","urlTemplate":"https:\/\/about.fb.com\/br\/?s={search_term_string}"},"query-input":{"@type":"PropertyValueSpecification","valueRequired":true,"valueName":"search_term_string"}}],"inLanguage":"pt-BR","alternateName":["Meta Newsroom","Meta"]},{"@type":"Organization","@id":"https:\/\/about.fb.com\/br\/#organization","name":"Meta","url":"https:\/\/about.fb.com\/br\/","logo":{"@type":"ImageObject","inLanguage":"pt-BR","@id":"https:\/\/about.fb.com\/br\/#\/schema\/logo\/image\/","url":"https:\/\/about.fb.com\/br\/wp-content\/uploads\/sites\/11\/2021\/10\/meta-social-16x9-1.jpg?fit=8000%2C4500","contentUrl":"https:\/\/about.fb.com\/br\/wp-content\/uploads\/sites\/11\/2021\/10\/meta-social-16x9-1.jpg?fit=8000%2C4500","width":8000,"height":4500,"caption":"Meta"},"image":{"@id":"https:\/\/about.fb.com\/br\/#\/schema\/logo\/image\/"}}]}},"jetpack_featured_media_url":"","jetpack-related-posts":[{"id":26182,"url":"https:\/\/about.fb.com\/br\/news\/2025\/02\/atualizando-nossa-politica-de-armazenamento-de-lives-no-facebook\/","url_meta":{"origin":22095,"position":0},"title":"Atualizando nossa pol\u00edtica de armazenamento de Lives no Facebook","author":"Meta","date":"18\/02\/2025","format":false,"excerpt":"Pessoas em todo o mundo usam o Facebook Live para compartilhar suas experi\u00eancias com suas comunidades em tempo real. Como a maioria das visualiza\u00e7\u00f5es de v\u00eddeos ao vivo ocorrem nas primeiras semanas ap\u00f3s a transmiss\u00e3o, estamos atualizando por quanto tempo as Lives podem ser armazenadas no Facebook. A partir de\u2026","rel":"","context":"In &quot;Facebook&quot;","block_context":{"text":"Facebook","link":"https:\/\/about.fb.com\/br\/news\/category\/technologies\/facebook\/"},"img":{"alt_text":"","src":"https:\/\/about.fb.com\/br\/wp-content\/uploads\/sites\/11\/2025\/02\/Download-Live-Videos.jpg?fit=1280%2C720&resize=350%2C200","width":350,"height":200,"srcset":"https:\/\/about.fb.com\/br\/wp-content\/uploads\/sites\/11\/2025\/02\/Download-Live-Videos.jpg?fit=1280%2C720&resize=350%2C200 1x, https:\/\/about.fb.com\/br\/wp-content\/uploads\/sites\/11\/2025\/02\/Download-Live-Videos.jpg?fit=1280%2C720&resize=525%2C300 1.5x, https:\/\/about.fb.com\/br\/wp-content\/uploads\/sites\/11\/2025\/02\/Download-Live-Videos.jpg?fit=1280%2C720&resize=700%2C400 2x, https:\/\/about.fb.com\/br\/wp-content\/uploads\/sites\/11\/2025\/02\/Download-Live-Videos.jpg?fit=1280%2C720&resize=1050%2C600 3x"},"classes":[]},{"id":26390,"url":"https:\/\/about.fb.com\/br\/news\/2025\/05\/meta-apresenta-novas-solucoes-para-criadores-e-marcas\/","url_meta":{"origin":22095,"position":1},"title":"Meta apresenta novas solu\u00e7\u00f5es para criadores e marcas","author":"Meta","date":"08\/05\/2025","format":false,"excerpt":"Com bilh\u00f5es de intera\u00e7\u00f5es di\u00e1rias, a Meta \u00e9 o lugar onde as pessoas descobrem, se conectam e compram. Nossos diversos formatos e posicionamentos de an\u00fancios ajudam as mensagens a serem vistas e ouvidas. Somente os Reels geram 4,5 bilh\u00f5es de compartilhamentos por dia. Hoje, anunciamos novas solu\u00e7\u00f5es de marketing com\u2026","rel":"","context":"In &quot;Meta&quot;","block_context":{"text":"Meta","link":"https:\/\/about.fb.com\/br\/news\/category\/temas-home\/meta\/"},"img":{"alt_text":"","src":"https:\/\/about.fb.com\/br\/wp-content\/uploads\/sites\/11\/2025\/05\/495518465_1208029907787418_2711818781208175959_n.gif?resize=350%2C200","width":350,"height":200},"classes":[]},{"id":26476,"url":"https:\/\/about.fb.com\/br\/news\/2025\/06\/cannes-lions-2025-a-nova-era-da-ia-generativa-para-anunciantes-e-agencias-com-foco-em-personalizacao-em-escala\/","url_meta":{"origin":22095,"position":2},"title":"Cannes Lions 2025: A nova era da IA generativa para anunciantes e ag\u00eancias com foco em personaliza\u00e7\u00e3o em escala","author":"Meta","date":"17\/06\/2025","format":false,"excerpt":"Nesta semana, durante o Festival Internacional de Criatividade Cannes Lions, estamos apresentando a nova era das solu\u00e7\u00f5es de IA generativa para anunciantes e ag\u00eancias, com o objetivo de melhorar o desempenho das campanhas publicit\u00e1rias e impulsionar o crescimento dos neg\u00f3cios. \u00c0 medida que a IA continua evoluindo, ela abre novos\u2026","rel":"","context":"In &quot;Meta&quot;","block_context":{"text":"Meta","link":"https:\/\/about.fb.com\/br\/news\/category\/temas-home\/meta\/"},"img":{"alt_text":"","src":"https:\/\/about.fb.com\/br\/wp-content\/uploads\/sites\/11\/2025\/07\/Logo-Meta-1.jpg?fit=633%2C356&resize=350%2C200","width":350,"height":200,"srcset":"https:\/\/about.fb.com\/br\/wp-content\/uploads\/sites\/11\/2025\/07\/Logo-Meta-1.jpg?fit=633%2C356&resize=350%2C200 1x, https:\/\/about.fb.com\/br\/wp-content\/uploads\/sites\/11\/2025\/07\/Logo-Meta-1.jpg?fit=633%2C356&resize=525%2C300 1.5x"},"classes":[]},{"id":26343,"url":"https:\/\/about.fb.com\/br\/news\/2025\/04\/reduzindo-conteudo-com-spam-no-facebook\/","url_meta":{"origin":22095,"position":3},"title":"Reduzindo conte\u00fado com spam no Facebook","author":"Meta","date":"24\/04\/2025","format":false,"excerpt":"Sua opini\u00e3o \u00e9 importante para n\u00f3s. O Feed do Facebook nem sempre oferece posts novos e envolventes, dos quais voc\u00ea sempre gosta. Estamos trabalhando em uma s\u00e9rie de mudan\u00e7as este ano para melhorar o Feed, ajudar os criadores de conte\u00fado a se destacar e dar \u00e0s pessoas mais controle sobre\u2026","rel":"","context":"In &quot;Facebook&quot;","block_context":{"text":"Facebook","link":"https:\/\/about.fb.com\/br\/news\/category\/technologies\/facebook\/"},"img":{"alt_text":"","src":"https:\/\/about.fb.com\/br\/wp-content\/uploads\/sites\/11\/2025\/04\/FB-Spam.jpg?fit=1280%2C720&resize=350%2C200","width":350,"height":200,"srcset":"https:\/\/about.fb.com\/br\/wp-content\/uploads\/sites\/11\/2025\/04\/FB-Spam.jpg?fit=1280%2C720&resize=350%2C200 1x, https:\/\/about.fb.com\/br\/wp-content\/uploads\/sites\/11\/2025\/04\/FB-Spam.jpg?fit=1280%2C720&resize=525%2C300 1.5x, https:\/\/about.fb.com\/br\/wp-content\/uploads\/sites\/11\/2025\/04\/FB-Spam.jpg?fit=1280%2C720&resize=700%2C400 2x, https:\/\/about.fb.com\/br\/wp-content\/uploads\/sites\/11\/2025\/04\/FB-Spam.jpg?fit=1280%2C720&resize=1050%2C600 3x"},"classes":[]},{"id":26084,"url":"https:\/\/about.fb.com\/br\/news\/2025\/01\/mais-expressao-e-menos-erros\/","url_meta":{"origin":22095,"position":4},"title":"Mais express\u00e3o e menos erros","author":"Meta","date":"07\/01\/2025","format":false,"excerpt":"As plataformas da Meta s\u00e3o constru\u00eddas para serem lugares em que as pessoas podem se expressar livremente. Isso pode ser um pouco ca\u00f3tico. Em plataformas nas quais bilh\u00f5es de pessoas podem ter voz, tudo o que \u00e9 bom, ruim e feio est\u00e1 exposto. Mas isso \u00e9 a livre express\u00e3o.\u00a0 Em\u2026","rel":"","context":"In &quot;Recent News&quot;","block_context":{"text":"Recent News","link":"https:\/\/about.fb.com\/br\/news\/category\/recent-news\/"},"img":{"alt_text":"","src":"","width":0,"height":0},"classes":[]},{"id":26696,"url":"https:\/\/about.fb.com\/br\/news\/2025\/10\/desempenho-potencializado-por-ia-para-o-agora-e-o-futuro\/","url_meta":{"origin":22095,"position":5},"title":"Desempenho potencializado por IA para o agora e o futuro","author":"Meta","date":"02\/10\/2025","format":false,"excerpt":"Para os profissionais de marketing, cada ponto de desempenho incremental pode significar a diferen\u00e7a entre empatar e bater recordes. Por isso, a Meta continua investindo em solu\u00e7\u00f5es l\u00edderes com IA, incluindo o Advantage+ e a infraestrutura que o sustenta, para ajudar empresas, anunciantes e ag\u00eancias a expandirem rapidamente. Estamos escrevendo\u2026","rel":"","context":"In &quot;Meta&quot;","block_context":{"text":"Meta","link":"https:\/\/about.fb.com\/br\/news\/category\/temas-home\/meta\/"},"img":{"alt_text":"","src":"https:\/\/about.fb.com\/br\/wp-content\/uploads\/sites\/11\/2025\/07\/Logo-Meta-1.jpg?fit=633%2C356&resize=350%2C200","width":350,"height":200,"srcset":"https:\/\/about.fb.com\/br\/wp-content\/uploads\/sites\/11\/2025\/07\/Logo-Meta-1.jpg?fit=633%2C356&resize=350%2C200 1x, https:\/\/about.fb.com\/br\/wp-content\/uploads\/sites\/11\/2025\/07\/Logo-Meta-1.jpg?fit=633%2C356&resize=525%2C300 1.5x"},"classes":[]}],"jetpack_sharing_enabled":true,"amp_enabled":true,"_links":{"self":[{"href":"https:\/\/about.fb.com\/br\/wp-json\/wp\/v2\/posts\/22095","targetHints":{"allow":["GET"]}}],"collection":[{"href":"https:\/\/about.fb.com\/br\/wp-json\/wp\/v2\/posts"}],"about":[{"href":"https:\/\/about.fb.com\/br\/wp-json\/wp\/v2\/types\/post"}],"author":[{"embeddable":true,"href":"https:\/\/about.fb.com\/br\/wp-json\/wp\/v2\/users\/81109636"}],"replies":[{"embeddable":true,"href":"https:\/\/about.fb.com\/br\/wp-json\/wp\/v2\/comments?post=22095"}],"version-history":[{"count":2,"href":"https:\/\/about.fb.com\/br\/wp-json\/wp\/v2\/posts\/22095\/revisions"}],"predecessor-version":[{"id":22097,"href":"https:\/\/about.fb.com\/br\/wp-json\/wp\/v2\/posts\/22095\/revisions\/22097"}],"wp:attachment":[{"href":"https:\/\/about.fb.com\/br\/wp-json\/wp\/v2\/media?parent=22095"}],"wp:term":[{"taxonomy":"category","embeddable":true,"href":"https:\/\/about.fb.com\/br\/wp-json\/wp\/v2\/categories?post=22095"},{"taxonomy":"post_tag","embeddable":true,"href":"https:\/\/about.fb.com\/br\/wp-json\/wp\/v2\/tags?post=22095"}],"curies":[{"name":"wp","href":"https:\/\/api.w.org\/{rel}","templated":true}]}}