{"id":22087,"date":"2020-11-23T12:14:16","date_gmt":"2020-11-23T15:14:16","guid":{"rendered":"https:\/\/about.fb.com\/br\/?p=22087"},"modified":"2021-06-17T10:07:07","modified_gmt":"2021-06-17T13:07:07","slug":"facebook-remove-mais-de-140-mil-conteudos-no-brasil-por-violar-politicas-de-interferencia-eleitoral-no-periodo-de-campanha","status":"publish","type":"post","link":"https:\/\/about.fb.com\/br\/news\/2020\/11\/facebook-remove-mais-de-140-mil-conteudos-no-brasil-por-violar-politicas-de-interferencia-eleitoral-no-periodo-de-campanha\/","title":{"rendered":"Facebook remove mais de 140 mil conte\u00fados no Brasil por violar pol\u00edticas de interfer\u00eancia eleitoral no per\u00edodo de campanha"},"content":{"rendered":"<p>Trabalhamos intensamente para manter a integridade dos nossos servi\u00e7os durante o primeiro turno das elei\u00e7\u00f5es municipais no Brasil, garantindo que Facebook e o Instagram fossem um espa\u00e7o seguro de express\u00e3o de vozes diversas. Seguimos vigilantes para garantir a integridade dos nossos servi\u00e7os no segundo turno, mas hoje compartilhamos dados que mostram os resultados de nossos esfor\u00e7os at\u00e9 aqui.<\/p>\n<ul>\n<li>Durante a campanha do 1\u00ba turno, <strong>removemos mais de 140 mil conte\u00fados que violavam nossas pol\u00edticas contra interfer\u00eancia eleitoral no Facebook e no Instagram.<\/strong>\u00a0Eles continham informa\u00e7\u00f5es que poderiam desencorajar eleitores de irem votar, como por exemplo o hor\u00e1rio errado de abertura das urnas.<\/li>\n<\/ul>\n<ul>\n<li>Tamb\u00e9m nesse per\u00edodo, <strong>rejeitamos cerca de 250 mil vezes a submiss\u00e3o de an\u00fancios sobre pol\u00edtica ou elei\u00e7\u00f5es que n\u00e3o continham o r\u00f3tulo &#8220;Propaganda Eleitoral&#8221; ou &#8220;Pago por&#8221; direcionados a pessoas no Brasil <\/strong>(conte\u00fados impulsionados). <a href=\"https:\/\/urldefense.proofpoint.com\/v2\/url?u=https-3A__about.fb.com_br_news_2020_08_mais-2Dcontrole-2De-2Dtransparencia-2Dpara-2Danuncios-2Dsobre-2Dpolitica-2Dno-2Dbrasil_&amp;d=DwMFAw&amp;c=5oszCido4egZ9x-32Pvn-g&amp;r=N4KuU6xU6DgRQ7VOMGqF2ls1GlITrPdGg9WUByFJp_4&amp;m=iYZXZZa8nitn-SlDHRMTAZjBV5gWKkCVmIEfVlueeL8&amp;s=P0eiM5r-I1SGfLJlPzxavIghmx3DD9mfwcial7h2cns&amp;e=\">Desde agosto<\/a>, qualquer pessoa ou organiza\u00e7\u00e3o que quiser fazer publicidade sobre pol\u00edtica ou elei\u00e7\u00f5es no pa\u00eds precisa passar por um processo de autoriza\u00e7\u00e3o, confirmando sua identidade e resid\u00eancia no Brasil.<\/li>\n<li>Ajudamos tamb\u00e9m as pessoas a verem <strong>informa\u00e7\u00f5es corretas sobre as elei\u00e7\u00f5es <\/strong>&#8211; a maior parte dos adultos que usam o Facebook no Brasil viu um aviso no topo do Feed de Not\u00edcias convidando as pessoas a se preparar e conferir os protocolos sanit\u00e1rios para o dia da vota\u00e7\u00e3o no site do Tribunal Superior Eleitoral (TSE). <strong>Cerca de 3 milh\u00f5es de pessoas clicaram para saber mais informa\u00e7\u00f5es.\u00a0<\/strong><\/li>\n<\/ul>\n<p>Nos \u00faltimos quatro anos, fizemos investimentos significativos em tecnologia e pessoas para reduzir a desinforma\u00e7\u00e3o, e para identificar e agir mais rapidamente sobre contas e conte\u00fados que violam nossas pol\u00edticas. Tamb\u00e9m demos mais transpar\u00eancia \u00e0 publicidade sobre pol\u00edtica e elei\u00e7\u00f5es no Facebook e Instagram, e fizemos mudan\u00e7as importantes no WhatsApp para diminuir a dissemina\u00e7\u00e3o de conte\u00fados virais.<\/p>\n<p>Nos \u00faltimos anos, mais de 200 elei\u00e7\u00f5es aconteceram pelo mundo e pudemos desenvolver produtos novos e pol\u00edticas mais fortes que nos ajudaram a nos preparar para 2020. As equipes trabalhando para proteger a integridade de nossos servi\u00e7os triplicou desde 2016, para mais de 35 mil pessoas.<\/p>\n<p>Leia mais sobre como nos preparamos para proteger as elei\u00e7\u00f5es no Brasil <a href=\"https:\/\/urldefense.proofpoint.com\/v2\/url?u=https-3A__about.fb.com_br_news_2020_10_como-2Dnos-2Dpreparamos-2Dpara-2Das-2Deleicoes-2Dmunicipais-2Dno-2Dbrasil-2Dem-2D2020_&amp;d=DwMFAw&amp;c=5oszCido4egZ9x-32Pvn-g&amp;r=N4KuU6xU6DgRQ7VOMGqF2ls1GlITrPdGg9WUByFJp_4&amp;m=iYZXZZa8nitn-SlDHRMTAZjBV5gWKkCVmIEfVlueeL8&amp;s=FhilWQZnSd0qDTn2eIHrf0gk4Xg8bDAPQaT9kZFjqcI&amp;e=\">aqui<\/a>.<\/p>\n<p><img data-recalc-dims=\"1\" loading=\"lazy\" decoding=\"async\" class=\"aligncenter size-large wp-image-22090\" src=\"https:\/\/about.fb.com\/br\/wp-content\/uploads\/sites\/11\/2020\/11\/Facebook_WhatsApp_Dados_Eleicoes-01.png?w=890&#038;resize=890%2C890\" alt=\"\" width=\"890\" height=\"890\" srcset=\"https:\/\/about.fb.com\/br\/wp-content\/uploads\/sites\/11\/2020\/11\/Facebook_WhatsApp_Dados_Eleicoes-01.png?w=1080 1080w, https:\/\/about.fb.com\/br\/wp-content\/uploads\/sites\/11\/2020\/11\/Facebook_WhatsApp_Dados_Eleicoes-01.png?w=400 400w, https:\/\/about.fb.com\/br\/wp-content\/uploads\/sites\/11\/2020\/11\/Facebook_WhatsApp_Dados_Eleicoes-01.png?w=300 300w, https:\/\/about.fb.com\/br\/wp-content\/uploads\/sites\/11\/2020\/11\/Facebook_WhatsApp_Dados_Eleicoes-01.png?w=768 768w, https:\/\/about.fb.com\/br\/wp-content\/uploads\/sites\/11\/2020\/11\/Facebook_WhatsApp_Dados_Eleicoes-01.png?w=1024 1024w, https:\/\/about.fb.com\/br\/wp-content\/uploads\/sites\/11\/2020\/11\/Facebook_WhatsApp_Dados_Eleicoes-01.png?w=220 220w, https:\/\/about.fb.com\/br\/wp-content\/uploads\/sites\/11\/2020\/11\/Facebook_WhatsApp_Dados_Eleicoes-01.png?w=600 600w\" sizes=\"auto, (max-width: 890px) 100vw, 890px\" \/> <img data-recalc-dims=\"1\" loading=\"lazy\" decoding=\"async\" class=\"aligncenter size-large wp-image-22091\" src=\"https:\/\/about.fb.com\/br\/wp-content\/uploads\/sites\/11\/2020\/11\/Facebook_WhatsApp_Dados_Eleicoes-02.png?w=890&#038;resize=890%2C890\" alt=\"\" width=\"890\" height=\"890\" srcset=\"https:\/\/about.fb.com\/br\/wp-content\/uploads\/sites\/11\/2020\/11\/Facebook_WhatsApp_Dados_Eleicoes-02.png?w=1080 1080w, https:\/\/about.fb.com\/br\/wp-content\/uploads\/sites\/11\/2020\/11\/Facebook_WhatsApp_Dados_Eleicoes-02.png?w=400 400w, https:\/\/about.fb.com\/br\/wp-content\/uploads\/sites\/11\/2020\/11\/Facebook_WhatsApp_Dados_Eleicoes-02.png?w=300 300w, https:\/\/about.fb.com\/br\/wp-content\/uploads\/sites\/11\/2020\/11\/Facebook_WhatsApp_Dados_Eleicoes-02.png?w=768 768w, https:\/\/about.fb.com\/br\/wp-content\/uploads\/sites\/11\/2020\/11\/Facebook_WhatsApp_Dados_Eleicoes-02.png?w=1024 1024w, https:\/\/about.fb.com\/br\/wp-content\/uploads\/sites\/11\/2020\/11\/Facebook_WhatsApp_Dados_Eleicoes-02.png?w=220 220w, https:\/\/about.fb.com\/br\/wp-content\/uploads\/sites\/11\/2020\/11\/Facebook_WhatsApp_Dados_Eleicoes-02.png?w=600 600w\" sizes=\"auto, (max-width: 890px) 100vw, 890px\" \/> <img data-recalc-dims=\"1\" loading=\"lazy\" decoding=\"async\" class=\"aligncenter size-large wp-image-22092\" src=\"https:\/\/about.fb.com\/br\/wp-content\/uploads\/sites\/11\/2020\/11\/Facebook_WhatsApp_Dados_Eleicoes-03.png?w=890&#038;resize=890%2C890\" alt=\"\" width=\"890\" height=\"890\" srcset=\"https:\/\/about.fb.com\/br\/wp-content\/uploads\/sites\/11\/2020\/11\/Facebook_WhatsApp_Dados_Eleicoes-03.png?w=1080 1080w, https:\/\/about.fb.com\/br\/wp-content\/uploads\/sites\/11\/2020\/11\/Facebook_WhatsApp_Dados_Eleicoes-03.png?w=400 400w, https:\/\/about.fb.com\/br\/wp-content\/uploads\/sites\/11\/2020\/11\/Facebook_WhatsApp_Dados_Eleicoes-03.png?w=300 300w, https:\/\/about.fb.com\/br\/wp-content\/uploads\/sites\/11\/2020\/11\/Facebook_WhatsApp_Dados_Eleicoes-03.png?w=768 768w, https:\/\/about.fb.com\/br\/wp-content\/uploads\/sites\/11\/2020\/11\/Facebook_WhatsApp_Dados_Eleicoes-03.png?w=1024 1024w, https:\/\/about.fb.com\/br\/wp-content\/uploads\/sites\/11\/2020\/11\/Facebook_WhatsApp_Dados_Eleicoes-03.png?w=220 220w, https:\/\/about.fb.com\/br\/wp-content\/uploads\/sites\/11\/2020\/11\/Facebook_WhatsApp_Dados_Eleicoes-03.png?w=600 600w\" sizes=\"auto, (max-width: 890px) 100vw, 890px\" \/><\/p>\n","protected":false},"excerpt":{"rendered":"Trabalhamos intensamente para manter a integridade dos nossos servi\u00e7os durante o primeiro turno das elei\u00e7\u00f5es municipais no Brasil, garantindo que Facebook e o Instagram fossem um espa\u00e7o seguro de express\u00e3o de vozes diversas. Seguimos vigilantes para garantir a integridade dos nossos servi\u00e7os no segundo turno, mas hoje compartilhamos dados que mostram os resultados de nossos esfor\u00e7os at\u00e9 aqui. Durante a campanha do 1\u00ba turno, removemos mais de 140 mil conte\u00fados que violavam nossas pol\u00edticas contra interfer\u00eancia eleitoral no Facebook e no Instagram.\u00a0Eles continham informa\u00e7\u00f5es que poderiam desencorajar eleitores de irem votar, como por exemplo o hor\u00e1rio errado de abertura das urnas. Tamb\u00e9m nesse per\u00edodo, rejeitamos cerca de 250 mil vezes a submiss\u00e3o de an\u00fancios sobre pol\u00edtica ou elei\u00e7\u00f5es que n\u00e3o continham o r\u00f3tulo &#8220;Propaganda Eleitoral&#8221; ou &#8220;Pago por&#8221; direcionados a pessoas no Brasil (conte\u00fados impulsionados). Desde agosto, qualquer pessoa ou organiza\u00e7\u00e3o que quiser fazer publicidade sobre pol\u00edtica ou elei\u00e7\u00f5es no pa\u00eds precisa passar por um processo de autoriza\u00e7\u00e3o, confirmando sua identidade e resid\u00eancia no Brasil. Ajudamos tamb\u00e9m as pessoas a verem informa\u00e7\u00f5es corretas sobre as elei\u00e7\u00f5es &#8211; a maior parte dos adultos que usam o Facebook no Brasil viu um aviso no topo do Feed de Not\u00edcias convidando as pessoas a se preparar e conferir os protocolos sanit\u00e1rios para o dia da vota\u00e7\u00e3o no site do Tribunal Superior Eleitoral (TSE). Cerca de 3 milh\u00f5es de pessoas clicaram para saber mais informa\u00e7\u00f5es.\u00a0 Nos \u00faltimos quatro anos, fizemos investimentos significativos em tecnologia e pessoas para reduzir a desinforma\u00e7\u00e3o, e para identificar e agir mais rapidamente sobre contas e conte\u00fados que violam nossas pol\u00edticas. Tamb\u00e9m demos mais transpar\u00eancia \u00e0 publicidade sobre pol\u00edtica e elei\u00e7\u00f5es no Facebook e Instagram, e fizemos mudan\u00e7as importantes no WhatsApp para diminuir a dissemina\u00e7\u00e3o de conte\u00fados virais. Nos \u00faltimos anos, mais de 200 elei\u00e7\u00f5es aconteceram pelo mundo e pudemos desenvolver produtos novos e pol\u00edticas mais fortes que nos ajudaram a nos preparar para 2020. As equipes trabalhando para proteger a integridade de nossos servi\u00e7os triplicou desde 2016, para mais de 35 mil pessoas. Leia mais sobre como nos preparamos para proteger as elei\u00e7\u00f5es no Brasil aqui.","protected":false},"author":81109636,"featured_media":22089,"comment_status":"closed","ping_status":"closed","sticky":false,"template":"","format":"standard","meta":{"_jetpack_memberships_contains_paid_content":false,"footnotes":""},"categories":[1,93490927],"tags":[],"class_list":["post-22087","post","type-post","status-publish","format-standard","has-post-thumbnail","hentry","category-recent-news","category-featured"],"yoast_head":"<!-- This site is optimized with the Yoast SEO plugin v27.2 - https:\/\/yoast.com\/product\/yoast-seo-wordpress\/ -->\n<title>Facebook remove mais de 140 mil conte\u00fados no Brasil por violar pol\u00edticas de interfer\u00eancia eleitoral no per\u00edodo de campanha | Sobre a Meta<\/title>\n<meta name=\"robots\" content=\"index, follow, max-snippet:-1, max-image-preview:large, max-video-preview:-1\" \/>\n<link rel=\"canonical\" href=\"https:\/\/about.fb.com\/br\/news\/2020\/11\/facebook-remove-mais-de-140-mil-conteudos-no-brasil-por-violar-politicas-de-interferencia-eleitoral-no-periodo-de-campanha\/\" \/>\n<meta property=\"og:locale\" content=\"pt_BR\" \/>\n<meta property=\"og:type\" content=\"article\" \/>\n<meta property=\"og:title\" content=\"Facebook remove mais de 140 mil conte\u00fados no Brasil por violar pol\u00edticas de interfer\u00eancia eleitoral no per\u00edodo de campanha | Sobre a Meta\" \/>\n<meta property=\"og:description\" content=\"Trabalhamos intensamente para manter a integridade dos nossos servi\u00e7os durante o primeiro turno das elei\u00e7\u00f5es municipais no Brasil, garantindo que Facebook e o Instagram fossem um espa\u00e7o seguro de express\u00e3o de vozes diversas. Seguimos vigilantes para garantir a integridade dos nossos servi\u00e7os no segundo turno, mas hoje compartilhamos dados que mostram os resultados de nossos esfor\u00e7os at\u00e9 aqui. Durante a campanha do 1\u00ba turno, removemos mais de 140 mil conte\u00fados que violavam nossas pol\u00edticas contra interfer\u00eancia eleitoral no Facebook e no Instagram.\u00a0Eles continham informa\u00e7\u00f5es que poderiam desencorajar eleitores de irem votar, como por exemplo o hor\u00e1rio errado de abertura das urnas. Tamb\u00e9m nesse per\u00edodo, rejeitamos cerca de 250 mil vezes a submiss\u00e3o de an\u00fancios sobre pol\u00edtica ou elei\u00e7\u00f5es que n\u00e3o continham o r\u00f3tulo &#8220;Propaganda Eleitoral&#8221; ou &#8220;Pago por&#8221; direcionados a pessoas no Brasil (conte\u00fados impulsionados). Desde agosto, qualquer pessoa ou organiza\u00e7\u00e3o que quiser fazer publicidade sobre pol\u00edtica ou elei\u00e7\u00f5es no pa\u00eds precisa passar por um processo de autoriza\u00e7\u00e3o, confirmando sua identidade e resid\u00eancia no Brasil. Ajudamos tamb\u00e9m as pessoas a verem informa\u00e7\u00f5es corretas sobre as elei\u00e7\u00f5es &#8211; a maior parte dos adultos que usam o Facebook no Brasil viu um aviso no topo do Feed de Not\u00edcias convidando as pessoas a se preparar e conferir os protocolos sanit\u00e1rios para o dia da vota\u00e7\u00e3o no site do Tribunal Superior Eleitoral (TSE). Cerca de 3 milh\u00f5es de pessoas clicaram para saber mais informa\u00e7\u00f5es.\u00a0 Nos \u00faltimos quatro anos, fizemos investimentos significativos em tecnologia e pessoas para reduzir a desinforma\u00e7\u00e3o, e para identificar e agir mais rapidamente sobre contas e conte\u00fados que violam nossas pol\u00edticas. Tamb\u00e9m demos mais transpar\u00eancia \u00e0 publicidade sobre pol\u00edtica e elei\u00e7\u00f5es no Facebook e Instagram, e fizemos mudan\u00e7as importantes no WhatsApp para diminuir a dissemina\u00e7\u00e3o de conte\u00fados virais. Nos \u00faltimos anos, mais de 200 elei\u00e7\u00f5es aconteceram pelo mundo e pudemos desenvolver produtos novos e pol\u00edticas mais fortes que nos ajudaram a nos preparar para 2020. As equipes trabalhando para proteger a integridade de nossos servi\u00e7os triplicou desde 2016, para mais de 35 mil pessoas. Leia mais sobre como nos preparamos para proteger as elei\u00e7\u00f5es no Brasil aqui.\" \/>\n<meta property=\"og:url\" content=\"https:\/\/about.fb.com\/br\/news\/2020\/11\/facebook-remove-mais-de-140-mil-conteudos-no-brasil-por-violar-politicas-de-interferencia-eleitoral-no-periodo-de-campanha\/\" \/>\n<meta property=\"og:site_name\" content=\"Sobre a Meta\" \/>\n<meta property=\"article:published_time\" content=\"2020-11-23T15:14:16+00:00\" \/>\n<meta property=\"article:modified_time\" content=\"2021-06-17T13:07:07+00:00\" \/>\n<meta property=\"og:image\" content=\"https:\/\/about.fb.com\/br\/wp-content\/uploads\/sites\/11\/2020\/11\/header-.png?resize=1024,441\" \/>\n\t<meta property=\"og:image:width\" content=\"1024\" \/>\n\t<meta property=\"og:image:height\" content=\"441\" \/>\n\t<meta property=\"og:image:type\" content=\"image\/png\" \/>\n<meta name=\"author\" content=\"facebookbr\" \/>\n<meta name=\"twitter:card\" content=\"summary_large_image\" \/>\n<meta name=\"twitter:label1\" content=\"Written by\" \/>\n\t<meta name=\"twitter:data1\" content=\"Meta\" \/>\n\t<meta name=\"twitter:label2\" content=\"Est. reading time\" \/>\n\t<meta name=\"twitter:data2\" content=\"2 minutos\" \/>\n<script type=\"application\/ld+json\" class=\"yoast-schema-graph\">{\"@context\":\"https:\/\/schema.org\",\"@graph\":[{\"@type\":\"Article\",\"@id\":\"https:\/\/about.fb.com\/br\/news\/2020\/11\/facebook-remove-mais-de-140-mil-conteudos-no-brasil-por-violar-politicas-de-interferencia-eleitoral-no-periodo-de-campanha\/#article\",\"isPartOf\":{\"@id\":\"https:\/\/about.fb.com\/br\/news\/2020\/11\/facebook-remove-mais-de-140-mil-conteudos-no-brasil-por-violar-politicas-de-interferencia-eleitoral-no-periodo-de-campanha\/\"},\"author\":\"Facebook company\",\"headline\":\"Facebook remove mais de 140 mil conte\u00fados no Brasil por violar pol\u00edticas de interfer\u00eancia eleitoral no per\u00edodo de campanha\",\"datePublished\":\"2020-11-23T15:14:16+00:00\",\"dateModified\":\"2021-06-17T13:07:07+00:00\",\"mainEntityOfPage\":{\"@id\":\"https:\/\/about.fb.com\/br\/news\/2020\/11\/facebook-remove-mais-de-140-mil-conteudos-no-brasil-por-violar-politicas-de-interferencia-eleitoral-no-periodo-de-campanha\/\"},\"wordCount\":409,\"publisher\":{\"@id\":\"https:\/\/about.fb.com\/br\/#organization\"},\"image\":{\"@id\":\"https:\/\/about.fb.com\/br\/news\/2020\/11\/facebook-remove-mais-de-140-mil-conteudos-no-brasil-por-violar-politicas-de-interferencia-eleitoral-no-periodo-de-campanha\/#primaryimage\"},\"thumbnailUrl\":\"https:\/\/about.fb.com\/br\/wp-content\/uploads\/sites\/11\/2020\/11\/header-.png?fit=1179%2C508\",\"articleSection\":[\"Recent News\",\"Sidebar - Featured\"],\"inLanguage\":\"pt-BR\"},{\"@type\":\"WebPage\",\"@id\":\"https:\/\/about.fb.com\/br\/news\/2020\/11\/facebook-remove-mais-de-140-mil-conteudos-no-brasil-por-violar-politicas-de-interferencia-eleitoral-no-periodo-de-campanha\/\",\"url\":\"https:\/\/about.fb.com\/br\/news\/2020\/11\/facebook-remove-mais-de-140-mil-conteudos-no-brasil-por-violar-politicas-de-interferencia-eleitoral-no-periodo-de-campanha\/\",\"name\":\"Facebook remove mais de 140 mil conte\u00fados no Brasil por violar pol\u00edticas de interfer\u00eancia eleitoral no per\u00edodo de campanha | Sobre a Meta\",\"isPartOf\":{\"@id\":\"https:\/\/about.fb.com\/br\/#website\"},\"primaryImageOfPage\":{\"@id\":\"https:\/\/about.fb.com\/br\/news\/2020\/11\/facebook-remove-mais-de-140-mil-conteudos-no-brasil-por-violar-politicas-de-interferencia-eleitoral-no-periodo-de-campanha\/#primaryimage\"},\"image\":{\"@id\":\"https:\/\/about.fb.com\/br\/news\/2020\/11\/facebook-remove-mais-de-140-mil-conteudos-no-brasil-por-violar-politicas-de-interferencia-eleitoral-no-periodo-de-campanha\/#primaryimage\"},\"thumbnailUrl\":\"https:\/\/about.fb.com\/br\/wp-content\/uploads\/sites\/11\/2020\/11\/header-.png?fit=1179%2C508\",\"datePublished\":\"2020-11-23T15:14:16+00:00\",\"dateModified\":\"2021-06-17T13:07:07+00:00\",\"breadcrumb\":{\"@id\":\"https:\/\/about.fb.com\/br\/news\/2020\/11\/facebook-remove-mais-de-140-mil-conteudos-no-brasil-por-violar-politicas-de-interferencia-eleitoral-no-periodo-de-campanha\/#breadcrumb\"},\"inLanguage\":\"pt-BR\",\"potentialAction\":[{\"@type\":\"ReadAction\",\"target\":[\"https:\/\/about.fb.com\/br\/news\/2020\/11\/facebook-remove-mais-de-140-mil-conteudos-no-brasil-por-violar-politicas-de-interferencia-eleitoral-no-periodo-de-campanha\/\"]}],\"author\":\"Sobre a Meta\"},{\"@type\":\"ImageObject\",\"inLanguage\":\"pt-BR\",\"@id\":\"https:\/\/about.fb.com\/br\/news\/2020\/11\/facebook-remove-mais-de-140-mil-conteudos-no-brasil-por-violar-politicas-de-interferencia-eleitoral-no-periodo-de-campanha\/#primaryimage\",\"url\":\"https:\/\/about.fb.com\/br\/wp-content\/uploads\/sites\/11\/2020\/11\/header-.png?fit=1179%2C508\",\"contentUrl\":\"https:\/\/about.fb.com\/br\/wp-content\/uploads\/sites\/11\/2020\/11\/header-.png?fit=1179%2C508\",\"width\":1179,\"height\":508},{\"@type\":\"BreadcrumbList\",\"@id\":\"https:\/\/about.fb.com\/br\/news\/2020\/11\/facebook-remove-mais-de-140-mil-conteudos-no-brasil-por-violar-politicas-de-interferencia-eleitoral-no-periodo-de-campanha\/#breadcrumb\",\"itemListElement\":[{\"@type\":\"ListItem\",\"position\":1,\"name\":\"Home\",\"item\":\"https:\/\/about.fb.com\/br\/\"},{\"@type\":\"ListItem\",\"position\":2,\"name\":\"Facebook remove mais de 140 mil conte\u00fados no Brasil por violar pol\u00edticas de interfer\u00eancia eleitoral no per\u00edodo de campanha\"}]},{\"@type\":\"WebSite\",\"@id\":\"https:\/\/about.fb.com\/br\/#website\",\"url\":\"https:\/\/about.fb.com\/news\/\",\"name\":\"Sobre a Meta\",\"description\":\"\",\"publisher\":{\"@id\":\"https:\/\/about.fb.com\/br\/#organization\"},\"potentialAction\":[{\"@type\":\"SearchAction\",\"target\":{\"@type\":\"EntryPoint\",\"urlTemplate\":\"https:\/\/about.fb.com\/br\/?s={search_term_string}\"},\"query-input\":{\"@type\":\"PropertyValueSpecification\",\"valueRequired\":true,\"valueName\":\"search_term_string\"}}],\"inLanguage\":\"pt-BR\",\"alternateName\":[\"Meta Newsroom\",\"Meta\"]},{\"@type\":\"Organization\",\"@id\":\"https:\/\/about.fb.com\/br\/#organization\",\"name\":\"Meta\",\"url\":\"https:\/\/about.fb.com\/br\/\",\"logo\":{\"@type\":\"ImageObject\",\"inLanguage\":\"pt-BR\",\"@id\":\"https:\/\/about.fb.com\/br\/#\/schema\/logo\/image\/\",\"url\":\"https:\/\/about.fb.com\/br\/wp-content\/uploads\/sites\/11\/2021\/10\/meta-social-16x9-1.jpg?fit=8000%2C4500\",\"contentUrl\":\"https:\/\/about.fb.com\/br\/wp-content\/uploads\/sites\/11\/2021\/10\/meta-social-16x9-1.jpg?fit=8000%2C4500\",\"width\":8000,\"height\":4500,\"caption\":\"Meta\"},\"image\":{\"@id\":\"https:\/\/about.fb.com\/br\/#\/schema\/logo\/image\/\"}}]}<\/script>\n<!-- \/ Yoast SEO plugin. -->","yoast_head_json":{"title":"Facebook remove mais de 140 mil conte\u00fados no Brasil por violar pol\u00edticas de interfer\u00eancia eleitoral no per\u00edodo de campanha | Sobre a Meta","robots":{"index":"index","follow":"follow","max-snippet":"max-snippet:-1","max-image-preview":"max-image-preview:large","max-video-preview":"max-video-preview:-1"},"canonical":"https:\/\/about.fb.com\/br\/news\/2020\/11\/facebook-remove-mais-de-140-mil-conteudos-no-brasil-por-violar-politicas-de-interferencia-eleitoral-no-periodo-de-campanha\/","og_locale":"pt_BR","og_type":"article","og_title":"Facebook remove mais de 140 mil conte\u00fados no Brasil por violar pol\u00edticas de interfer\u00eancia eleitoral no per\u00edodo de campanha | Sobre a Meta","og_description":"Trabalhamos intensamente para manter a integridade dos nossos servi\u00e7os durante o primeiro turno das elei\u00e7\u00f5es municipais no Brasil, garantindo que Facebook e o Instagram fossem um espa\u00e7o seguro de express\u00e3o de vozes diversas. Seguimos vigilantes para garantir a integridade dos nossos servi\u00e7os no segundo turno, mas hoje compartilhamos dados que mostram os resultados de nossos esfor\u00e7os at\u00e9 aqui. Durante a campanha do 1\u00ba turno, removemos mais de 140 mil conte\u00fados que violavam nossas pol\u00edticas contra interfer\u00eancia eleitoral no Facebook e no Instagram.\u00a0Eles continham informa\u00e7\u00f5es que poderiam desencorajar eleitores de irem votar, como por exemplo o hor\u00e1rio errado de abertura das urnas. Tamb\u00e9m nesse per\u00edodo, rejeitamos cerca de 250 mil vezes a submiss\u00e3o de an\u00fancios sobre pol\u00edtica ou elei\u00e7\u00f5es que n\u00e3o continham o r\u00f3tulo &#8220;Propaganda Eleitoral&#8221; ou &#8220;Pago por&#8221; direcionados a pessoas no Brasil (conte\u00fados impulsionados). Desde agosto, qualquer pessoa ou organiza\u00e7\u00e3o que quiser fazer publicidade sobre pol\u00edtica ou elei\u00e7\u00f5es no pa\u00eds precisa passar por um processo de autoriza\u00e7\u00e3o, confirmando sua identidade e resid\u00eancia no Brasil. Ajudamos tamb\u00e9m as pessoas a verem informa\u00e7\u00f5es corretas sobre as elei\u00e7\u00f5es &#8211; a maior parte dos adultos que usam o Facebook no Brasil viu um aviso no topo do Feed de Not\u00edcias convidando as pessoas a se preparar e conferir os protocolos sanit\u00e1rios para o dia da vota\u00e7\u00e3o no site do Tribunal Superior Eleitoral (TSE). Cerca de 3 milh\u00f5es de pessoas clicaram para saber mais informa\u00e7\u00f5es.\u00a0 Nos \u00faltimos quatro anos, fizemos investimentos significativos em tecnologia e pessoas para reduzir a desinforma\u00e7\u00e3o, e para identificar e agir mais rapidamente sobre contas e conte\u00fados que violam nossas pol\u00edticas. Tamb\u00e9m demos mais transpar\u00eancia \u00e0 publicidade sobre pol\u00edtica e elei\u00e7\u00f5es no Facebook e Instagram, e fizemos mudan\u00e7as importantes no WhatsApp para diminuir a dissemina\u00e7\u00e3o de conte\u00fados virais. Nos \u00faltimos anos, mais de 200 elei\u00e7\u00f5es aconteceram pelo mundo e pudemos desenvolver produtos novos e pol\u00edticas mais fortes que nos ajudaram a nos preparar para 2020. As equipes trabalhando para proteger a integridade de nossos servi\u00e7os triplicou desde 2016, para mais de 35 mil pessoas. Leia mais sobre como nos preparamos para proteger as elei\u00e7\u00f5es no Brasil aqui.","og_url":"https:\/\/about.fb.com\/br\/news\/2020\/11\/facebook-remove-mais-de-140-mil-conteudos-no-brasil-por-violar-politicas-de-interferencia-eleitoral-no-periodo-de-campanha\/","og_site_name":"Sobre a Meta","article_published_time":"2020-11-23T15:14:16+00:00","article_modified_time":"2021-06-17T13:07:07+00:00","og_image":[{"width":1024,"height":441,"url":"https:\/\/about.fb.com\/br\/wp-content\/uploads\/sites\/11\/2020\/11\/header-.png?resize=1024,441","type":"image\/png"}],"author":"facebookbr","twitter_card":"summary_large_image","twitter_misc":{"Written by":"Meta","Est. reading time":"2 minutos"},"schema":{"@context":"https:\/\/schema.org","@graph":[{"@type":"Article","@id":"https:\/\/about.fb.com\/br\/news\/2020\/11\/facebook-remove-mais-de-140-mil-conteudos-no-brasil-por-violar-politicas-de-interferencia-eleitoral-no-periodo-de-campanha\/#article","isPartOf":{"@id":"https:\/\/about.fb.com\/br\/news\/2020\/11\/facebook-remove-mais-de-140-mil-conteudos-no-brasil-por-violar-politicas-de-interferencia-eleitoral-no-periodo-de-campanha\/"},"author":"Facebook company","headline":"Facebook remove mais de 140 mil conte\u00fados no Brasil por violar pol\u00edticas de interfer\u00eancia eleitoral no per\u00edodo de campanha","datePublished":"2020-11-23T15:14:16+00:00","dateModified":"2021-06-17T13:07:07+00:00","mainEntityOfPage":{"@id":"https:\/\/about.fb.com\/br\/news\/2020\/11\/facebook-remove-mais-de-140-mil-conteudos-no-brasil-por-violar-politicas-de-interferencia-eleitoral-no-periodo-de-campanha\/"},"wordCount":409,"publisher":{"@id":"https:\/\/about.fb.com\/br\/#organization"},"image":{"@id":"https:\/\/about.fb.com\/br\/news\/2020\/11\/facebook-remove-mais-de-140-mil-conteudos-no-brasil-por-violar-politicas-de-interferencia-eleitoral-no-periodo-de-campanha\/#primaryimage"},"thumbnailUrl":"https:\/\/about.fb.com\/br\/wp-content\/uploads\/sites\/11\/2020\/11\/header-.png?fit=1179%2C508","articleSection":["Recent News","Sidebar - Featured"],"inLanguage":"pt-BR"},{"@type":"WebPage","@id":"https:\/\/about.fb.com\/br\/news\/2020\/11\/facebook-remove-mais-de-140-mil-conteudos-no-brasil-por-violar-politicas-de-interferencia-eleitoral-no-periodo-de-campanha\/","url":"https:\/\/about.fb.com\/br\/news\/2020\/11\/facebook-remove-mais-de-140-mil-conteudos-no-brasil-por-violar-politicas-de-interferencia-eleitoral-no-periodo-de-campanha\/","name":"Facebook remove mais de 140 mil conte\u00fados no Brasil por violar pol\u00edticas de interfer\u00eancia eleitoral no per\u00edodo de campanha | Sobre a Meta","isPartOf":{"@id":"https:\/\/about.fb.com\/br\/#website"},"primaryImageOfPage":{"@id":"https:\/\/about.fb.com\/br\/news\/2020\/11\/facebook-remove-mais-de-140-mil-conteudos-no-brasil-por-violar-politicas-de-interferencia-eleitoral-no-periodo-de-campanha\/#primaryimage"},"image":{"@id":"https:\/\/about.fb.com\/br\/news\/2020\/11\/facebook-remove-mais-de-140-mil-conteudos-no-brasil-por-violar-politicas-de-interferencia-eleitoral-no-periodo-de-campanha\/#primaryimage"},"thumbnailUrl":"https:\/\/about.fb.com\/br\/wp-content\/uploads\/sites\/11\/2020\/11\/header-.png?fit=1179%2C508","datePublished":"2020-11-23T15:14:16+00:00","dateModified":"2021-06-17T13:07:07+00:00","breadcrumb":{"@id":"https:\/\/about.fb.com\/br\/news\/2020\/11\/facebook-remove-mais-de-140-mil-conteudos-no-brasil-por-violar-politicas-de-interferencia-eleitoral-no-periodo-de-campanha\/#breadcrumb"},"inLanguage":"pt-BR","potentialAction":[{"@type":"ReadAction","target":["https:\/\/about.fb.com\/br\/news\/2020\/11\/facebook-remove-mais-de-140-mil-conteudos-no-brasil-por-violar-politicas-de-interferencia-eleitoral-no-periodo-de-campanha\/"]}],"author":"Sobre a Meta"},{"@type":"ImageObject","inLanguage":"pt-BR","@id":"https:\/\/about.fb.com\/br\/news\/2020\/11\/facebook-remove-mais-de-140-mil-conteudos-no-brasil-por-violar-politicas-de-interferencia-eleitoral-no-periodo-de-campanha\/#primaryimage","url":"https:\/\/about.fb.com\/br\/wp-content\/uploads\/sites\/11\/2020\/11\/header-.png?fit=1179%2C508","contentUrl":"https:\/\/about.fb.com\/br\/wp-content\/uploads\/sites\/11\/2020\/11\/header-.png?fit=1179%2C508","width":1179,"height":508},{"@type":"BreadcrumbList","@id":"https:\/\/about.fb.com\/br\/news\/2020\/11\/facebook-remove-mais-de-140-mil-conteudos-no-brasil-por-violar-politicas-de-interferencia-eleitoral-no-periodo-de-campanha\/#breadcrumb","itemListElement":[{"@type":"ListItem","position":1,"name":"Home","item":"https:\/\/about.fb.com\/br\/"},{"@type":"ListItem","position":2,"name":"Facebook remove mais de 140 mil conte\u00fados no Brasil por violar pol\u00edticas de interfer\u00eancia eleitoral no per\u00edodo de campanha"}]},{"@type":"WebSite","@id":"https:\/\/about.fb.com\/br\/#website","url":"https:\/\/about.fb.com\/news\/","name":"Sobre a Meta","description":"","publisher":{"@id":"https:\/\/about.fb.com\/br\/#organization"},"potentialAction":[{"@type":"SearchAction","target":{"@type":"EntryPoint","urlTemplate":"https:\/\/about.fb.com\/br\/?s={search_term_string}"},"query-input":{"@type":"PropertyValueSpecification","valueRequired":true,"valueName":"search_term_string"}}],"inLanguage":"pt-BR","alternateName":["Meta Newsroom","Meta"]},{"@type":"Organization","@id":"https:\/\/about.fb.com\/br\/#organization","name":"Meta","url":"https:\/\/about.fb.com\/br\/","logo":{"@type":"ImageObject","inLanguage":"pt-BR","@id":"https:\/\/about.fb.com\/br\/#\/schema\/logo\/image\/","url":"https:\/\/about.fb.com\/br\/wp-content\/uploads\/sites\/11\/2021\/10\/meta-social-16x9-1.jpg?fit=8000%2C4500","contentUrl":"https:\/\/about.fb.com\/br\/wp-content\/uploads\/sites\/11\/2021\/10\/meta-social-16x9-1.jpg?fit=8000%2C4500","width":8000,"height":4500,"caption":"Meta"},"image":{"@id":"https:\/\/about.fb.com\/br\/#\/schema\/logo\/image\/"}}]}},"jetpack_featured_media_url":"https:\/\/about.fb.com\/br\/wp-content\/uploads\/sites\/11\/2020\/11\/header-.png?fit=1179%2C508","jetpack-related-posts":[{"id":26541,"url":"https:\/\/about.fb.com\/br\/news\/2025\/07\/encerramento-da-publicidade-politica-eleitoral-e-de-questoes-sociais-na-ue-em-resposta-a-nova-regulacao-europeia\/","url_meta":{"origin":22087,"position":0},"title":"Encerramento da publicidade pol\u00edtica, eleitoral e de temas sociais na UE em resposta \u00e0 nova regula\u00e7\u00e3o europeia","author":"Meta","date":"25\/07\/2025","format":false,"excerpt":"A partir do in\u00edcio de outubro de 2025, deixaremos de permitir an\u00fancios pol\u00edticos, eleitorais e sobre temas sociais em nossas plataformas na Uni\u00e3o Europeia. Esta \u00e9 uma decis\u00e3o dif\u00edcil \u2013 tomada em resposta \u00e0 nova regula\u00e7\u00e3o da UE sobre Transpar\u00eancia e Segmenta\u00e7\u00e3o da Publicidade Pol\u00edtica (TTPA), que imp\u00f5e desafios operacionais\u2026","rel":"","context":"In &quot;Homepage - Hidden&quot;","block_context":{"text":"Homepage - Hidden","link":"https:\/\/about.fb.com\/br\/news\/category\/homepage-hidden\/"},"img":{"alt_text":"","src":"","width":0,"height":0},"classes":[]},{"id":26169,"url":"https:\/\/about.fb.com\/br\/news\/2025\/02\/introduzindo-conta-de-adolescente-no-brasil\/","url_meta":{"origin":22087,"position":1},"title":"Introduzindo Conta de Adolescente no Brasil","author":"Meta","date":"11\/02\/2025","format":false,"excerpt":"Hoje, estamos animados em anunciar que come\u00e7amos a implementar gradualmente a Conta de Adolescente do Instagram no Brasil. Pensamos constantemente em como podemos continuar a promover experi\u00eancias adequadas \u00e0 idade para os adolescentes\u00a0 e, ao mesmo tempo, dar aos pais a tranquilidade de saber que seus filhos est\u00e3o seguros e\u2026","rel":"","context":"In &quot;Recent News&quot;","block_context":{"text":"Recent News","link":"https:\/\/about.fb.com\/br\/news\/category\/recent-news\/"},"img":{"alt_text":"","src":"https:\/\/about.fb.com\/br\/wp-content\/uploads\/sites\/11\/2025\/02\/Copy-of-ROW_Teen_QPs_pt_BR.png?fit=5760%2C3840&resize=350%2C200","width":350,"height":200,"srcset":"https:\/\/about.fb.com\/br\/wp-content\/uploads\/sites\/11\/2025\/02\/Copy-of-ROW_Teen_QPs_pt_BR.png?fit=5760%2C3840&resize=350%2C200 1x, https:\/\/about.fb.com\/br\/wp-content\/uploads\/sites\/11\/2025\/02\/Copy-of-ROW_Teen_QPs_pt_BR.png?fit=5760%2C3840&resize=525%2C300 1.5x, https:\/\/about.fb.com\/br\/wp-content\/uploads\/sites\/11\/2025\/02\/Copy-of-ROW_Teen_QPs_pt_BR.png?fit=5760%2C3840&resize=700%2C400 2x, https:\/\/about.fb.com\/br\/wp-content\/uploads\/sites\/11\/2025\/02\/Copy-of-ROW_Teen_QPs_pt_BR.png?fit=5760%2C3840&resize=1050%2C600 3x, https:\/\/about.fb.com\/br\/wp-content\/uploads\/sites\/11\/2025\/02\/Copy-of-ROW_Teen_QPs_pt_BR.png?fit=5760%2C3840&resize=1400%2C800 4x"},"classes":[]},{"id":27001,"url":"https:\/\/about.fb.com\/br\/news\/2026\/03\/combatendo-golpistas-e-protegendo-pessoas-com-novas-tecnologias-e-parcerias\/","url_meta":{"origin":22087,"position":2},"title":"Combatendo golpistas e protegendo pessoas com novas tecnologias e parcerias","author":"Meta","date":"11\/03\/2026","format":false,"excerpt":"Os golpistas est\u00e3o constantemente evoluindo suas t\u00e1ticas \u2014 e n\u00f3s tamb\u00e9m. Todos os dias, criminosos usam m\u00e9todos cada vez mais sofisticados para enganar pessoas em nossas plataformas e pela Internet. Por isso, estamos anunciando novos investimentos em IA avan\u00e7ada, ferramentas para ajudar as pessoas a identificarem e evitarem golpistas, al\u00e9m\u2026","rel":"","context":"In &quot;Combatendo Desinforma\u00e7\u00e3o&quot;","block_context":{"text":"Combatendo Desinforma\u00e7\u00e3o","link":"https:\/\/about.fb.com\/br\/news\/category\/temas-home\/combatendo-desinformacao\/"},"img":{"alt_text":"","src":"https:\/\/about.fb.com\/br\/wp-content\/uploads\/sites\/11\/2026\/03\/Scams.jpg?fit=819%2C460&resize=350%2C200","width":350,"height":200,"srcset":"https:\/\/about.fb.com\/br\/wp-content\/uploads\/sites\/11\/2026\/03\/Scams.jpg?fit=819%2C460&resize=350%2C200 1x, https:\/\/about.fb.com\/br\/wp-content\/uploads\/sites\/11\/2026\/03\/Scams.jpg?fit=819%2C460&resize=525%2C300 1.5x, https:\/\/about.fb.com\/br\/wp-content\/uploads\/sites\/11\/2026\/03\/Scams.jpg?fit=819%2C460&resize=700%2C400 2x"},"classes":[]},{"id":26109,"url":"https:\/\/about.fb.com\/br\/news\/2025\/01\/apresentando-anuncios-no-threads-amplie-suas-campanhas-para-uma-comunidade-em-constante-crescimento\/","url_meta":{"origin":22087,"position":3},"title":"Apresentando an\u00fancios no Threads: Amplie suas campanhas para uma comunidade em constante crescimento","author":"Meta","date":"24\/01\/2025","format":false,"excerpt":"Atualiza\u00e7\u00e3o em 23 de abril de 2025: As pessoas v\u00eam aos aplicativos da Meta em busca de uma experi\u00eancia personalizada, que as ajude a descobrir neg\u00f3cios e conte\u00fados de que gostam \u2014 e os an\u00fancios s\u00e3o uma parte essencial para tornar isso poss\u00edvel. Para ajudar as pessoas a se conectarem\u2026","rel":"","context":"In &quot;Meta&quot;","block_context":{"text":"Meta","link":"https:\/\/about.fb.com\/br\/news\/category\/temas-home\/meta\/"},"img":{"alt_text":"","src":"https:\/\/about.fb.com\/br\/wp-content\/uploads\/sites\/11\/2025\/01\/asasasas.png?resize=350%2C200","width":350,"height":200},"classes":[]},{"id":26809,"url":"https:\/\/about.fb.com\/br\/news\/2025\/11\/protecao-de-conteudo-seu-novo-guardiao-da-criatividade-no-facebook\/","url_meta":{"origin":22087,"position":4},"title":"Prote\u00e7\u00e3o de conte\u00fado: Seu novo guardi\u00e3o da criatividade no Facebook","author":"Meta","date":"17\/11\/2025","format":false,"excerpt":"O Facebook est\u00e1 lan\u00e7ando a prote\u00e7\u00e3o de conte\u00fado, uma nova ferramenta para criadores que protege automaticamente seus Reels originais, alerta quando conte\u00fados correspondentes a esses Reels s\u00e3o detectados no Facebook ou Instagram e ajuda voc\u00ea a tomar medidas caso seu trabalho seja usado sem permiss\u00e3o. Seu trabalho original \u00e9 a\u2026","rel":"","context":"In &quot;Facebook&quot;","block_context":{"text":"Facebook","link":"https:\/\/about.fb.com\/br\/news\/category\/technologies\/facebook\/"},"img":{"alt_text":"","src":"https:\/\/about.fb.com\/br\/wp-content\/uploads\/sites\/11\/2025\/07\/Logo-Meta-1.jpg?fit=633%2C356&resize=350%2C200","width":350,"height":200,"srcset":"https:\/\/about.fb.com\/br\/wp-content\/uploads\/sites\/11\/2025\/07\/Logo-Meta-1.jpg?fit=633%2C356&resize=350%2C200 1x, https:\/\/about.fb.com\/br\/wp-content\/uploads\/sites\/11\/2025\/07\/Logo-Meta-1.jpg?fit=633%2C356&resize=525%2C300 1.5x"},"classes":[]},{"id":26834,"url":"https:\/\/about.fb.com\/br\/news\/2025\/12\/golpes-sao-ruins-para-os-negocios-nossos-esforcos-continuos-para-combater-fraudes\/","url_meta":{"origin":22087,"position":5},"title":"Golpes S\u00e3o Ruins para os Neg\u00f3cios: Nossos esfor\u00e7os cont\u00ednuos para combater fraudes","author":"Meta","date":"03\/12\/2025","format":false,"excerpt":"O aumento dos golpes est\u00e1 ocorrendo em toda a internet \u2014 desde aplicativos de namoro e jogos online, at\u00e9 plataformas de criptomoedas e mensagens de texto. Ningu\u00e9m gosta disso. Nem as pessoas que utilizam nossos servi\u00e7os. Nem os anunciantes. E certamente nem n\u00f3s. Os criminosos sofisticados por tr\u00e1s dos golpes\u2026","rel":"","context":"In &quot;Fortalecendo Comunidades&quot;","block_context":{"text":"Fortalecendo Comunidades","link":"https:\/\/about.fb.com\/br\/news\/category\/temas-home\/comunidades\/"},"img":{"alt_text":"","src":"https:\/\/about.fb.com\/br\/wp-content\/uploads\/sites\/11\/2025\/12\/GASA-Scams-Work_Header.jpg?fit=1920%2C1080&resize=350%2C200","width":350,"height":200,"srcset":"https:\/\/about.fb.com\/br\/wp-content\/uploads\/sites\/11\/2025\/12\/GASA-Scams-Work_Header.jpg?fit=1920%2C1080&resize=350%2C200 1x, https:\/\/about.fb.com\/br\/wp-content\/uploads\/sites\/11\/2025\/12\/GASA-Scams-Work_Header.jpg?fit=1920%2C1080&resize=525%2C300 1.5x, https:\/\/about.fb.com\/br\/wp-content\/uploads\/sites\/11\/2025\/12\/GASA-Scams-Work_Header.jpg?fit=1920%2C1080&resize=700%2C400 2x, https:\/\/about.fb.com\/br\/wp-content\/uploads\/sites\/11\/2025\/12\/GASA-Scams-Work_Header.jpg?fit=1920%2C1080&resize=1050%2C600 3x, https:\/\/about.fb.com\/br\/wp-content\/uploads\/sites\/11\/2025\/12\/GASA-Scams-Work_Header.jpg?fit=1920%2C1080&resize=1400%2C800 4x"},"classes":[]}],"jetpack_sharing_enabled":true,"amp_enabled":true,"_links":{"self":[{"href":"https:\/\/about.fb.com\/br\/wp-json\/wp\/v2\/posts\/22087","targetHints":{"allow":["GET"]}}],"collection":[{"href":"https:\/\/about.fb.com\/br\/wp-json\/wp\/v2\/posts"}],"about":[{"href":"https:\/\/about.fb.com\/br\/wp-json\/wp\/v2\/types\/post"}],"author":[{"embeddable":true,"href":"https:\/\/about.fb.com\/br\/wp-json\/wp\/v2\/users\/81109636"}],"replies":[{"embeddable":true,"href":"https:\/\/about.fb.com\/br\/wp-json\/wp\/v2\/comments?post=22087"}],"version-history":[{"count":3,"href":"https:\/\/about.fb.com\/br\/wp-json\/wp\/v2\/posts\/22087\/revisions"}],"predecessor-version":[{"id":22094,"href":"https:\/\/about.fb.com\/br\/wp-json\/wp\/v2\/posts\/22087\/revisions\/22094"}],"wp:featuredmedia":[{"embeddable":true,"href":"https:\/\/about.fb.com\/br\/wp-json\/wp\/v2\/media\/22089"}],"wp:attachment":[{"href":"https:\/\/about.fb.com\/br\/wp-json\/wp\/v2\/media?parent=22087"}],"wp:term":[{"taxonomy":"category","embeddable":true,"href":"https:\/\/about.fb.com\/br\/wp-json\/wp\/v2\/categories?post=22087"},{"taxonomy":"post_tag","embeddable":true,"href":"https:\/\/about.fb.com\/br\/wp-json\/wp\/v2\/tags?post=22087"}],"curies":[{"name":"wp","href":"https:\/\/api.w.org\/{rel}","templated":true}]}}