{"id":22068,"date":"2020-11-19T18:17:59","date_gmt":"2020-11-19T21:17:59","guid":{"rendered":"https:\/\/about.fb.com\/br\/?p=22068"},"modified":"2021-06-17T10:07:07","modified_gmt":"2021-06-17T13:07:07","slug":"nosso-compromisso-continuo-com-a-transparencia-2","status":"publish","type":"post","link":"https:\/\/about.fb.com\/br\/news\/2020\/11\/nosso-compromisso-continuo-com-a-transparencia-2\/","title":{"rendered":"Nosso compromisso cont\u00ednuo com a transpar\u00eancia"},"content":{"rendered":"<p><span style=\"font-weight: 400\">Hoje, estamos lan\u00e7ando nosso mais recente Relat\u00f3rio de Transpar\u00eancia relativo ao primeiro semestre de 2020.<\/span><\/p>\n<p><span style=\"font-weight: 400\">O Facebook tem publicado Relat\u00f3rios de Transpar\u00eancia semestrais desde 2013, porque n\u00f3s nos esfor\u00e7amos para sermos abertos e proativos em rela\u00e7\u00e3o \u00e0 forma como protegemos a privacidade, seguran\u00e7a e acesso a informa\u00e7\u00f5es online dos usu\u00e1rios. Enquanto nossos relat\u00f3rios iniciais focaram na natureza e extens\u00e3o das solicita\u00e7\u00f5es de dados de usu\u00e1rios que n\u00f3s recebemos por parte de autoridades p\u00fablicas, n\u00f3s expandimos nosso relat\u00f3rio ao longo dos anos para incluir o volume de restri\u00e7\u00f5es de conte\u00fado com base em leis locais, o n\u00famero de interrup\u00e7\u00f5es globais da internet que limitam o acesso a nossos produtos e relat\u00f3rios de viola\u00e7\u00e3o de propriedade intelectual.<\/span><\/p>\n<p><span style=\"font-weight: 400\">Nosso Relat\u00f3rio de Transpar\u00eancia tamb\u00e9m inclui o s\u00e9timo <a href=\"https:\/\/about.fb.com\/br\/news\/2020\/11\/relatorio-de-aplicacao-dos-padroes-da-comunidade-novembro-2020\/\">Relat\u00f3rio de Aplica\u00e7\u00e3o dos Padr\u00f5es da Comunidade<\/a> \u2013 com dados sobre como aplicamos medidas contra conte\u00fados que violam as pol\u00edticas das nossas plataformas.\u00a0<\/span><\/p>\n<p><b>Solicita\u00e7\u00f5es de dados de usu\u00e1rio por autoridades<\/b><\/p>\n<p><span style=\"font-weight: 400\">Durante os seis primeiros meses de 2020, as <\/span><a href=\"https:\/\/transparency.facebook.com\/government-data-requests\"><span style=\"font-weight: 400\">solicita\u00e7\u00f5es de dados de usu\u00e1rios por autoridades<\/span><\/a><span style=\"font-weight: 400\"> aumentaram 23%, passando de 140.875 para 173.592. Do volume total, os Estados Unidos continuam a enviar o maior n\u00famero de solicita\u00e7\u00f5es, seguidos pela \u00cdndia, Alemanha, Fran\u00e7a e Reino Unido.<\/span><\/p>\n<p><span style=\"font-weight: 400\">Nos EUA, recebemos 61.528 solicita\u00e7\u00f5es, um aumento de 20% em compara\u00e7\u00e3o ao segundo semestre de 2019. Para solicita\u00e7\u00f5es dos EUA, as ordens de sigilo que pro\u00edbem o Facebook de notificar o usu\u00e1rio permaneceram est\u00e1veis, em 67% no primeiro semestre de 2020. Al\u00e9m disso, como resultado das atualiza\u00e7\u00f5es de transpar\u00eancia introduzidas no Freedom Act dos EUA de 2016, o governo dos EUA suspendeu as ordens de sigilo de 16 Cartas de Seguran\u00e7a Nacional (NSLs) que n\u00f3s recebemos entre 2015 e 2019. Essas solicita\u00e7\u00f5es, juntamente com as cartas de autoriza\u00e7\u00e3o do governo dos EUA, est\u00e3o dispon\u00edveis abaixo.<\/span><\/p>\n<p><b>Prote\u00e7\u00e3o de dados<\/b><\/p>\n<p><span style=\"font-weight: 400\">Agradecemos o foco dos governos em todo o mundo na prote\u00e7\u00e3o e salvaguarda dos dados das pessoas, inclusive nos Estados Unidos e na Europa, e trabalhamos muito para fazer nossa parte. Atendemos \u00e0s solicita\u00e7\u00f5es governamentais de informa\u00e7\u00f5es do usu\u00e1rio somente quando acreditamos de boa f\u00e9 que a lei exige que o fa\u00e7amos. Adicionalmente, avaliamos se uma solicita\u00e7\u00e3o \u00e9 consistente com os padr\u00f5es reconhecidos internacionalmente sobre direitos humanos, incluindo o devido processo legal, privacidade, liberdade de express\u00e3o e estado de direito. Examinamos cada solicita\u00e7\u00e3o governamental que recebemos para garantir que sejam legalmente v\u00e1lidas, independentemente do governo que a fa\u00e7a. Quando atendemos, produzimos apenas informa\u00e7\u00f5es estreitamente adaptadas para responder a essa solicita\u00e7\u00e3o. Se determinarmos que uma solicita\u00e7\u00e3o governamental \u00e9 incompleta, recuamos e envolvemos os governos para tratar de quaisquer defici\u00eancias aparentes. Quando apropriado, contestaremos legalmente tais solicita\u00e7\u00f5es.<\/span><\/p>\n<p><span style=\"font-weight: 400\">Incentivamos as entidades governamentais a enviar apenas solicita\u00e7\u00f5es que sejam necess\u00e1rias, proporcionais, espec\u00edficas e estritamente em conformidade com as leis aplic\u00e1veis, publicando <\/span><a href=\"https:\/\/www.facebook.com\/safety\/groups\/law\/guidelines\/\"><span style=\"font-weight: 400\">diretrizes para solicita\u00e7\u00f5es de autoridades<\/span><\/a><span style=\"font-weight: 400\">. Tamb\u00e9m acreditamos que as pessoas t\u00eam o direito de saber quando um governo solicita seus dados e \u00e9 nossa <\/span><a href=\"https:\/\/www.facebook.com\/safety\/groups\/law\/guidelines\/\"><span style=\"font-weight: 400\">pol\u00edtica<\/span><\/a><span style=\"font-weight: 400\"> notificar as pessoas que usam nosso servi\u00e7o sobre solicita\u00e7\u00f5es de suas informa\u00e7\u00f5es antes da divulga\u00e7\u00e3o, a menos que sejamos proibidos por lei ou em circunst\u00e2ncias excepcionais, tais como casos de explora\u00e7\u00e3o infantil, emerg\u00eancias ou quando o aviso seria contraproducente.<\/span><\/p>\n<p><span style=\"font-weight: 400\">Al\u00e9m disso, nos envolvemos ativamente com os governos para encorajar pr\u00e1ticas que protejam os direitos das pessoas. Pertencemos a grupos de defesa como a Global Network Initiative, cuja miss\u00e3o \u00e9 promover a liberdade de express\u00e3o e os direitos de privacidade das pessoas na Internet em todo o mundo, e o Reform Government Surveillance, que defende que as solicita\u00e7\u00f5es de dados do governo sejam vinculadas a regras, estreitamente adaptadas, transparentes, sujeitas a forte supervis\u00e3o e prote\u00e7\u00e3o de criptografia ponta a ponta.<\/span><\/p>\n<p><span style=\"font-weight: 400\">N\u00e3o oferecemos aos governos acesso direto ou \u201cportas dos fundos\u201d \u00e0s informa\u00e7\u00f5es das pessoas. Acreditamos que enfraquecer intencionalmente nossos servi\u00e7os dessa forma prejudicaria a seguran\u00e7a necess\u00e1ria para proteger as pessoas nas nossas plataformas. Al\u00e9m disso, questionar\u00edamos qualquer ordem que nos obrigasse a redesenhar nossos sistemas para minar a criptografia que fornecemos para proteger os dados das pessoas. Tamb\u00e9m questionar\u00edamos qualquer tentativa de nos amorda\u00e7ar para n\u00e3o revelar a exist\u00eancia de tal ordem e nossos esfor\u00e7os para combat\u00ea-la.<\/span><\/p>\n<p><b>Restri\u00e7\u00f5es de conte\u00fado<\/b><\/p>\n<p><span style=\"font-weight: 400\">Quando um conte\u00fado \u00e9 denunciado por violar a legisla\u00e7\u00e3o local, mas n\u00e3o viola os Padr\u00f5es da Comunidade, podemos limitar o acesso \u00e0quele conte\u00fado no pa\u00eds em que ele \u00e9 supostamente ilegal. Durante o per\u00edodo deste relat\u00f3rio, o volume de restri\u00e7\u00f5es de conte\u00fado com base em leis locais aumentou globalmente em 40% de 15.826 para 22.120. Esse aumento estava, em parte, ligado a restri\u00e7\u00f5es relacionadas a COVID.<\/span><\/p>\n<p><b>Bloqueios na internet<\/b><b><br \/>\n<\/b><\/p>\n<p><span style=\"font-weight: 400\">Por acreditarmos que interrup\u00e7\u00f5es da conectividade \u00e0 Internet podem prejudicar a atividade econ\u00f4mica e a liberdade de express\u00e3o, monitoramos e reportamos tamb\u00e9m o n\u00famero de <\/span><a href=\"https:\/\/transparency.facebook.com\/internet-disruptions\"><span style=\"font-weight: 400\">bloqueios deliberados da Internet<\/span><\/a><span style=\"font-weight: 400\"> causados por autoridades p\u00fablicas ao redor do mundo e que afetam a disponibilidade de nossos produtos. No primeiro semestre de 2020, identificamos 52 interrup\u00e7\u00f5es nos servi\u00e7os do Facebook em nove pa\u00edses, em compara\u00e7\u00e3o com 45 interrup\u00e7\u00f5es em seis pa\u00edses registradas no segundo semestre de 2019.<\/span><\/p>\n<p><b>Propriedade intelectual<\/b><\/p>\n<p><span style=\"font-weight: 400\">Por fim, relatamos o volume e a natureza dos relat\u00f3rios de direitos autorais, marcas registradas e falsifica\u00e7\u00f5es que recebemos a cada semestre \u2013 assim como a quantidade de conte\u00fados afetados por essas den\u00fancias. Durante este per\u00edodo do relat\u00f3rio, removemos 3.716.817 de conte\u00fados com base em 659.444 den\u00fancias de viola\u00e7\u00e3o de direitos autorais; 404.078 pe\u00e7as de conte\u00fado com base em 166.310 den\u00fancias de viola\u00e7\u00e3o de marcas registradas; e 1.308.834 pe\u00e7as de conte\u00fado com base em 97.186 den\u00fancias de falsifica\u00e7\u00e3o. Avan\u00e7os em nossa tecnologia, incluindo as atualiza\u00e7\u00f5es no Rights Manager, ajudaram no aumento das remo\u00e7\u00f5es de conte\u00fado.<\/span><\/p>\n<p><span style=\"font-weight: 400\">A publica\u00e7\u00e3o deste relat\u00f3rio reflete nosso compromisso cont\u00ednuo com a transpar\u00eancia.<\/span><\/p>\n<p><span style=\"font-weight: 400\">Voc\u00ea pode <\/span><a href=\"https:\/\/transparency.facebook.com\/government-data-requests\"><span style=\"font-weight: 400\">conferir o relat\u00f3rio completo<\/span><\/a><span style=\"font-weight: 400\"> para mais informa\u00e7\u00f5es.<\/span><\/p>\n","protected":false},"excerpt":{"rendered":"Hoje, estamos lan\u00e7ando nosso mais recente Relat\u00f3rio de Transpar\u00eancia relativo ao primeiro semestre de 2020. O Facebook tem publicado Relat\u00f3rios de Transpar\u00eancia semestrais desde 2013, porque n\u00f3s nos esfor\u00e7amos para sermos abertos e proativos em rela\u00e7\u00e3o \u00e0 forma como protegemos a privacidade, seguran\u00e7a e acesso a informa\u00e7\u00f5es online dos usu\u00e1rios. Enquanto nossos relat\u00f3rios iniciais focaram na natureza e extens\u00e3o das solicita\u00e7\u00f5es de dados de usu\u00e1rios que n\u00f3s recebemos por parte de autoridades p\u00fablicas, n\u00f3s expandimos nosso relat\u00f3rio ao longo dos anos para incluir o volume de restri\u00e7\u00f5es de conte\u00fado com base em leis locais, o n\u00famero de interrup\u00e7\u00f5es globais da internet que limitam o acesso a nossos produtos e relat\u00f3rios de viola\u00e7\u00e3o de propriedade intelectual. Nosso Relat\u00f3rio de Transpar\u00eancia tamb\u00e9m inclui o s\u00e9timo Relat\u00f3rio de Aplica\u00e7\u00e3o dos Padr\u00f5es da Comunidade \u2013 com dados sobre como aplicamos medidas contra conte\u00fados que violam as pol\u00edticas das nossas plataformas.\u00a0 Solicita\u00e7\u00f5es de dados de usu\u00e1rio por autoridades Durante os seis primeiros meses de 2020, as solicita\u00e7\u00f5es de dados de usu\u00e1rios por autoridades aumentaram 23%, passando de 140.875 para 173.592. Do volume total, os Estados Unidos continuam a enviar o maior n\u00famero de solicita\u00e7\u00f5es, seguidos pela \u00cdndia, Alemanha, Fran\u00e7a e Reino Unido. Nos EUA, recebemos 61.528 solicita\u00e7\u00f5es, um aumento de 20% em compara\u00e7\u00e3o ao segundo semestre de 2019. Para solicita\u00e7\u00f5es dos EUA, as ordens de sigilo que pro\u00edbem o Facebook de notificar o usu\u00e1rio permaneceram est\u00e1veis, em 67% no primeiro semestre de 2020. Al\u00e9m disso, como resultado das atualiza\u00e7\u00f5es de transpar\u00eancia introduzidas no Freedom Act dos EUA de 2016, o governo dos EUA suspendeu as ordens de sigilo de 16 Cartas de Seguran\u00e7a Nacional (NSLs) que n\u00f3s recebemos entre 2015 e 2019. Essas solicita\u00e7\u00f5es, juntamente com as cartas de autoriza\u00e7\u00e3o do governo dos EUA, est\u00e3o dispon\u00edveis abaixo. Prote\u00e7\u00e3o de dados Agradecemos o foco dos governos em todo o mundo na prote\u00e7\u00e3o e salvaguarda dos dados das pessoas, inclusive nos Estados Unidos e na Europa, e trabalhamos muito para fazer nossa parte. Atendemos \u00e0s solicita\u00e7\u00f5es governamentais de informa\u00e7\u00f5es do usu\u00e1rio somente quando acreditamos de boa f\u00e9 que a lei exige que o fa\u00e7amos. Adicionalmente, avaliamos se uma solicita\u00e7\u00e3o \u00e9 consistente com os padr\u00f5es reconhecidos internacionalmente sobre direitos humanos, incluindo o devido processo legal, privacidade, liberdade de express\u00e3o e estado de direito. Examinamos cada solicita\u00e7\u00e3o governamental que recebemos para garantir que sejam legalmente v\u00e1lidas, independentemente do governo que a fa\u00e7a. Quando atendemos, produzimos apenas informa\u00e7\u00f5es estreitamente adaptadas para responder a essa solicita\u00e7\u00e3o. Se determinarmos que uma solicita\u00e7\u00e3o governamental \u00e9 incompleta, recuamos e envolvemos os governos para tratar de quaisquer defici\u00eancias aparentes. Quando apropriado, contestaremos legalmente tais solicita\u00e7\u00f5es. Incentivamos as entidades governamentais a enviar apenas solicita\u00e7\u00f5es que sejam necess\u00e1rias, proporcionais, espec\u00edficas e estritamente em conformidade com as leis aplic\u00e1veis, publicando diretrizes para solicita\u00e7\u00f5es de autoridades. Tamb\u00e9m acreditamos que as pessoas t\u00eam o direito de saber quando um governo solicita seus dados e \u00e9 nossa pol\u00edtica notificar as pessoas que usam nosso servi\u00e7o sobre solicita\u00e7\u00f5es de suas informa\u00e7\u00f5es antes da divulga\u00e7\u00e3o, a menos que sejamos proibidos por lei ou em circunst\u00e2ncias excepcionais, tais como casos de explora\u00e7\u00e3o infantil, emerg\u00eancias ou quando o aviso seria contraproducente. Al\u00e9m disso, nos envolvemos ativamente com os governos para encorajar pr\u00e1ticas que protejam os direitos das pessoas. Pertencemos a grupos de defesa como a Global Network Initiative, cuja miss\u00e3o \u00e9 promover a liberdade de express\u00e3o e os direitos de privacidade das pessoas na Internet em todo o mundo, e o Reform Government Surveillance, que defende que as solicita\u00e7\u00f5es de dados do governo sejam vinculadas a regras, estreitamente adaptadas, transparentes, sujeitas a forte supervis\u00e3o e prote\u00e7\u00e3o de criptografia ponta a ponta. N\u00e3o oferecemos aos governos acesso direto ou \u201cportas dos fundos\u201d \u00e0s informa\u00e7\u00f5es das pessoas. Acreditamos que enfraquecer intencionalmente nossos servi\u00e7os dessa forma prejudicaria a seguran\u00e7a necess\u00e1ria para proteger as pessoas nas nossas plataformas. Al\u00e9m disso, questionar\u00edamos qualquer ordem que nos obrigasse a redesenhar nossos sistemas para minar a criptografia que fornecemos para proteger os dados das pessoas. Tamb\u00e9m questionar\u00edamos qualquer tentativa de nos amorda\u00e7ar para n\u00e3o revelar a exist\u00eancia de tal ordem e nossos esfor\u00e7os para combat\u00ea-la. Restri\u00e7\u00f5es de conte\u00fado Quando um conte\u00fado \u00e9 denunciado por violar a legisla\u00e7\u00e3o local, mas n\u00e3o viola os Padr\u00f5es da Comunidade, podemos limitar o acesso \u00e0quele conte\u00fado no pa\u00eds em que ele \u00e9 supostamente ilegal. Durante o per\u00edodo deste relat\u00f3rio, o volume de restri\u00e7\u00f5es de conte\u00fado com base em leis locais aumentou globalmente em 40% de 15.826 para 22.120. Esse aumento estava, em parte, ligado a restri\u00e7\u00f5es relacionadas a COVID. Bloqueios na internet Por acreditarmos que interrup\u00e7\u00f5es da conectividade \u00e0 Internet podem prejudicar a atividade econ\u00f4mica e a liberdade de express\u00e3o, monitoramos e reportamos tamb\u00e9m o n\u00famero de bloqueios deliberados da Internet causados por autoridades p\u00fablicas ao redor do mundo e que afetam a disponibilidade de nossos produtos. No primeiro semestre de 2020, identificamos 52 interrup\u00e7\u00f5es nos servi\u00e7os do Facebook em nove pa\u00edses, em compara\u00e7\u00e3o com 45 interrup\u00e7\u00f5es em seis pa\u00edses registradas no segundo semestre de 2019. Propriedade intelectual Por fim, relatamos o volume e a natureza dos relat\u00f3rios de direitos autorais, marcas registradas e falsifica\u00e7\u00f5es que recebemos a cada semestre \u2013 assim como a quantidade de conte\u00fados afetados por essas den\u00fancias. Durante este per\u00edodo do relat\u00f3rio, removemos 3.716.817 de conte\u00fados com base em 659.444 den\u00fancias de viola\u00e7\u00e3o de direitos autorais; 404.078 pe\u00e7as de conte\u00fado com base em 166.310 den\u00fancias de viola\u00e7\u00e3o de marcas registradas; e 1.308.834 pe\u00e7as de conte\u00fado com base em 97.186 den\u00fancias de falsifica\u00e7\u00e3o. Avan\u00e7os em nossa tecnologia, incluindo as atualiza\u00e7\u00f5es no Rights Manager, ajudaram no aumento das remo\u00e7\u00f5es de conte\u00fado. A publica\u00e7\u00e3o deste relat\u00f3rio reflete nosso compromisso cont\u00ednuo com a transpar\u00eancia. Voc\u00ea pode conferir o relat\u00f3rio completo para mais informa\u00e7\u00f5es.","protected":false},"author":81109636,"featured_media":22079,"comment_status":"closed","ping_status":"closed","sticky":false,"template":"","format":"standard","meta":{"_jetpack_memberships_contains_paid_content":false,"footnotes":""},"categories":[1],"tags":[],"class_list":["post-22068","post","type-post","status-publish","format-standard","has-post-thumbnail","hentry","category-recent-news"],"yoast_head":"<!-- This site is optimized with the Yoast SEO plugin v27.2 - https:\/\/yoast.com\/product\/yoast-seo-wordpress\/ -->\n<title>Nosso compromisso cont\u00ednuo com a transpar\u00eancia | Sobre a Meta<\/title>\n<meta name=\"robots\" content=\"index, follow, max-snippet:-1, max-image-preview:large, max-video-preview:-1\" \/>\n<link rel=\"canonical\" href=\"https:\/\/about.fb.com\/br\/news\/2020\/11\/nosso-compromisso-continuo-com-a-transparencia-2\/\" \/>\n<meta property=\"og:locale\" content=\"pt_BR\" \/>\n<meta property=\"og:type\" content=\"article\" \/>\n<meta property=\"og:title\" content=\"Nosso compromisso cont\u00ednuo com a transpar\u00eancia | Sobre a Meta\" \/>\n<meta property=\"og:description\" content=\"Hoje, estamos lan\u00e7ando nosso mais recente Relat\u00f3rio de Transpar\u00eancia relativo ao primeiro semestre de 2020. O Facebook tem publicado Relat\u00f3rios de Transpar\u00eancia semestrais desde 2013, porque n\u00f3s nos esfor\u00e7amos para sermos abertos e proativos em rela\u00e7\u00e3o \u00e0 forma como protegemos a privacidade, seguran\u00e7a e acesso a informa\u00e7\u00f5es online dos usu\u00e1rios. Enquanto nossos relat\u00f3rios iniciais focaram na natureza e extens\u00e3o das solicita\u00e7\u00f5es de dados de usu\u00e1rios que n\u00f3s recebemos por parte de autoridades p\u00fablicas, n\u00f3s expandimos nosso relat\u00f3rio ao longo dos anos para incluir o volume de restri\u00e7\u00f5es de conte\u00fado com base em leis locais, o n\u00famero de interrup\u00e7\u00f5es globais da internet que limitam o acesso a nossos produtos e relat\u00f3rios de viola\u00e7\u00e3o de propriedade intelectual. Nosso Relat\u00f3rio de Transpar\u00eancia tamb\u00e9m inclui o s\u00e9timo Relat\u00f3rio de Aplica\u00e7\u00e3o dos Padr\u00f5es da Comunidade \u2013 com dados sobre como aplicamos medidas contra conte\u00fados que violam as pol\u00edticas das nossas plataformas.\u00a0 Solicita\u00e7\u00f5es de dados de usu\u00e1rio por autoridades Durante os seis primeiros meses de 2020, as solicita\u00e7\u00f5es de dados de usu\u00e1rios por autoridades aumentaram 23%, passando de 140.875 para 173.592. Do volume total, os Estados Unidos continuam a enviar o maior n\u00famero de solicita\u00e7\u00f5es, seguidos pela \u00cdndia, Alemanha, Fran\u00e7a e Reino Unido. Nos EUA, recebemos 61.528 solicita\u00e7\u00f5es, um aumento de 20% em compara\u00e7\u00e3o ao segundo semestre de 2019. Para solicita\u00e7\u00f5es dos EUA, as ordens de sigilo que pro\u00edbem o Facebook de notificar o usu\u00e1rio permaneceram est\u00e1veis, em 67% no primeiro semestre de 2020. Al\u00e9m disso, como resultado das atualiza\u00e7\u00f5es de transpar\u00eancia introduzidas no Freedom Act dos EUA de 2016, o governo dos EUA suspendeu as ordens de sigilo de 16 Cartas de Seguran\u00e7a Nacional (NSLs) que n\u00f3s recebemos entre 2015 e 2019. Essas solicita\u00e7\u00f5es, juntamente com as cartas de autoriza\u00e7\u00e3o do governo dos EUA, est\u00e3o dispon\u00edveis abaixo. Prote\u00e7\u00e3o de dados Agradecemos o foco dos governos em todo o mundo na prote\u00e7\u00e3o e salvaguarda dos dados das pessoas, inclusive nos Estados Unidos e na Europa, e trabalhamos muito para fazer nossa parte. Atendemos \u00e0s solicita\u00e7\u00f5es governamentais de informa\u00e7\u00f5es do usu\u00e1rio somente quando acreditamos de boa f\u00e9 que a lei exige que o fa\u00e7amos. Adicionalmente, avaliamos se uma solicita\u00e7\u00e3o \u00e9 consistente com os padr\u00f5es reconhecidos internacionalmente sobre direitos humanos, incluindo o devido processo legal, privacidade, liberdade de express\u00e3o e estado de direito. Examinamos cada solicita\u00e7\u00e3o governamental que recebemos para garantir que sejam legalmente v\u00e1lidas, independentemente do governo que a fa\u00e7a. Quando atendemos, produzimos apenas informa\u00e7\u00f5es estreitamente adaptadas para responder a essa solicita\u00e7\u00e3o. Se determinarmos que uma solicita\u00e7\u00e3o governamental \u00e9 incompleta, recuamos e envolvemos os governos para tratar de quaisquer defici\u00eancias aparentes. Quando apropriado, contestaremos legalmente tais solicita\u00e7\u00f5es. Incentivamos as entidades governamentais a enviar apenas solicita\u00e7\u00f5es que sejam necess\u00e1rias, proporcionais, espec\u00edficas e estritamente em conformidade com as leis aplic\u00e1veis, publicando diretrizes para solicita\u00e7\u00f5es de autoridades. Tamb\u00e9m acreditamos que as pessoas t\u00eam o direito de saber quando um governo solicita seus dados e \u00e9 nossa pol\u00edtica notificar as pessoas que usam nosso servi\u00e7o sobre solicita\u00e7\u00f5es de suas informa\u00e7\u00f5es antes da divulga\u00e7\u00e3o, a menos que sejamos proibidos por lei ou em circunst\u00e2ncias excepcionais, tais como casos de explora\u00e7\u00e3o infantil, emerg\u00eancias ou quando o aviso seria contraproducente. Al\u00e9m disso, nos envolvemos ativamente com os governos para encorajar pr\u00e1ticas que protejam os direitos das pessoas. Pertencemos a grupos de defesa como a Global Network Initiative, cuja miss\u00e3o \u00e9 promover a liberdade de express\u00e3o e os direitos de privacidade das pessoas na Internet em todo o mundo, e o Reform Government Surveillance, que defende que as solicita\u00e7\u00f5es de dados do governo sejam vinculadas a regras, estreitamente adaptadas, transparentes, sujeitas a forte supervis\u00e3o e prote\u00e7\u00e3o de criptografia ponta a ponta. N\u00e3o oferecemos aos governos acesso direto ou \u201cportas dos fundos\u201d \u00e0s informa\u00e7\u00f5es das pessoas. Acreditamos que enfraquecer intencionalmente nossos servi\u00e7os dessa forma prejudicaria a seguran\u00e7a necess\u00e1ria para proteger as pessoas nas nossas plataformas. Al\u00e9m disso, questionar\u00edamos qualquer ordem que nos obrigasse a redesenhar nossos sistemas para minar a criptografia que fornecemos para proteger os dados das pessoas. Tamb\u00e9m questionar\u00edamos qualquer tentativa de nos amorda\u00e7ar para n\u00e3o revelar a exist\u00eancia de tal ordem e nossos esfor\u00e7os para combat\u00ea-la. Restri\u00e7\u00f5es de conte\u00fado Quando um conte\u00fado \u00e9 denunciado por violar a legisla\u00e7\u00e3o local, mas n\u00e3o viola os Padr\u00f5es da Comunidade, podemos limitar o acesso \u00e0quele conte\u00fado no pa\u00eds em que ele \u00e9 supostamente ilegal. Durante o per\u00edodo deste relat\u00f3rio, o volume de restri\u00e7\u00f5es de conte\u00fado com base em leis locais aumentou globalmente em 40% de 15.826 para 22.120. Esse aumento estava, em parte, ligado a restri\u00e7\u00f5es relacionadas a COVID. Bloqueios na internet Por acreditarmos que interrup\u00e7\u00f5es da conectividade \u00e0 Internet podem prejudicar a atividade econ\u00f4mica e a liberdade de express\u00e3o, monitoramos e reportamos tamb\u00e9m o n\u00famero de bloqueios deliberados da Internet causados por autoridades p\u00fablicas ao redor do mundo e que afetam a disponibilidade de nossos produtos. No primeiro semestre de 2020, identificamos 52 interrup\u00e7\u00f5es nos servi\u00e7os do Facebook em nove pa\u00edses, em compara\u00e7\u00e3o com 45 interrup\u00e7\u00f5es em seis pa\u00edses registradas no segundo semestre de 2019. Propriedade intelectual Por fim, relatamos o volume e a natureza dos relat\u00f3rios de direitos autorais, marcas registradas e falsifica\u00e7\u00f5es que recebemos a cada semestre \u2013 assim como a quantidade de conte\u00fados afetados por essas den\u00fancias. Durante este per\u00edodo do relat\u00f3rio, removemos 3.716.817 de conte\u00fados com base em 659.444 den\u00fancias de viola\u00e7\u00e3o de direitos autorais; 404.078 pe\u00e7as de conte\u00fado com base em 166.310 den\u00fancias de viola\u00e7\u00e3o de marcas registradas; e 1.308.834 pe\u00e7as de conte\u00fado com base em 97.186 den\u00fancias de falsifica\u00e7\u00e3o. Avan\u00e7os em nossa tecnologia, incluindo as atualiza\u00e7\u00f5es no Rights Manager, ajudaram no aumento das remo\u00e7\u00f5es de conte\u00fado. A publica\u00e7\u00e3o deste relat\u00f3rio reflete nosso compromisso cont\u00ednuo com a transpar\u00eancia. Voc\u00ea pode conferir o relat\u00f3rio completo para mais informa\u00e7\u00f5es.\" \/>\n<meta property=\"og:url\" content=\"https:\/\/about.fb.com\/br\/news\/2020\/11\/nosso-compromisso-continuo-com-a-transparencia-2\/\" \/>\n<meta property=\"og:site_name\" content=\"Sobre a Meta\" \/>\n<meta property=\"article:published_time\" content=\"2020-11-19T21:17:59+00:00\" \/>\n<meta property=\"article:modified_time\" content=\"2021-06-17T13:07:07+00:00\" \/>\n<meta property=\"og:image\" content=\"https:\/\/about.fb.com\/br\/wp-content\/uploads\/sites\/11\/2020\/11\/NR-Transparency_Report_banner.jpg?resize=1024,576\" \/>\n\t<meta property=\"og:image:width\" content=\"1024\" \/>\n\t<meta property=\"og:image:height\" content=\"576\" \/>\n\t<meta property=\"og:image:type\" content=\"image\/jpeg\" \/>\n<meta name=\"author\" content=\"facebookbr\" \/>\n<meta name=\"twitter:card\" content=\"summary_large_image\" \/>\n<meta name=\"twitter:label1\" content=\"Written by\" \/>\n\t<meta name=\"twitter:data1\" content=\"Meta\" \/>\n\t<meta name=\"twitter:label2\" content=\"Est. reading time\" \/>\n\t<meta name=\"twitter:data2\" content=\"5 minutos\" \/>\n<script type=\"application\/ld+json\" class=\"yoast-schema-graph\">{\"@context\":\"https:\/\/schema.org\",\"@graph\":[{\"@type\":\"Article\",\"@id\":\"https:\/\/about.fb.com\/br\/news\/2020\/11\/nosso-compromisso-continuo-com-a-transparencia-2\/#article\",\"isPartOf\":{\"@id\":\"https:\/\/about.fb.com\/br\/news\/2020\/11\/nosso-compromisso-continuo-com-a-transparencia-2\/\"},\"author\":\"Facebook company\",\"headline\":\"Nosso compromisso cont\u00ednuo com a transpar\u00eancia\",\"datePublished\":\"2020-11-19T21:17:59+00:00\",\"dateModified\":\"2021-06-17T13:07:07+00:00\",\"mainEntityOfPage\":{\"@id\":\"https:\/\/about.fb.com\/br\/news\/2020\/11\/nosso-compromisso-continuo-com-a-transparencia-2\/\"},\"wordCount\":1067,\"publisher\":{\"@id\":\"https:\/\/about.fb.com\/br\/#organization\"},\"image\":{\"@id\":\"https:\/\/about.fb.com\/br\/news\/2020\/11\/nosso-compromisso-continuo-com-a-transparencia-2\/#primaryimage\"},\"thumbnailUrl\":\"https:\/\/about.fb.com\/br\/wp-content\/uploads\/sites\/11\/2020\/11\/NR-Transparency_Report_banner.jpg?fit=1536%2C864\",\"articleSection\":[\"Recent News\"],\"inLanguage\":\"pt-BR\"},{\"@type\":\"WebPage\",\"@id\":\"https:\/\/about.fb.com\/br\/news\/2020\/11\/nosso-compromisso-continuo-com-a-transparencia-2\/\",\"url\":\"https:\/\/about.fb.com\/br\/news\/2020\/11\/nosso-compromisso-continuo-com-a-transparencia-2\/\",\"name\":\"Nosso compromisso cont\u00ednuo com a transpar\u00eancia | Sobre a Meta\",\"isPartOf\":{\"@id\":\"https:\/\/about.fb.com\/br\/#website\"},\"primaryImageOfPage\":{\"@id\":\"https:\/\/about.fb.com\/br\/news\/2020\/11\/nosso-compromisso-continuo-com-a-transparencia-2\/#primaryimage\"},\"image\":{\"@id\":\"https:\/\/about.fb.com\/br\/news\/2020\/11\/nosso-compromisso-continuo-com-a-transparencia-2\/#primaryimage\"},\"thumbnailUrl\":\"https:\/\/about.fb.com\/br\/wp-content\/uploads\/sites\/11\/2020\/11\/NR-Transparency_Report_banner.jpg?fit=1536%2C864\",\"datePublished\":\"2020-11-19T21:17:59+00:00\",\"dateModified\":\"2021-06-17T13:07:07+00:00\",\"breadcrumb\":{\"@id\":\"https:\/\/about.fb.com\/br\/news\/2020\/11\/nosso-compromisso-continuo-com-a-transparencia-2\/#breadcrumb\"},\"inLanguage\":\"pt-BR\",\"potentialAction\":[{\"@type\":\"ReadAction\",\"target\":[\"https:\/\/about.fb.com\/br\/news\/2020\/11\/nosso-compromisso-continuo-com-a-transparencia-2\/\"]}],\"author\":\"Sobre a Meta\"},{\"@type\":\"ImageObject\",\"inLanguage\":\"pt-BR\",\"@id\":\"https:\/\/about.fb.com\/br\/news\/2020\/11\/nosso-compromisso-continuo-com-a-transparencia-2\/#primaryimage\",\"url\":\"https:\/\/about.fb.com\/br\/wp-content\/uploads\/sites\/11\/2020\/11\/NR-Transparency_Report_banner.jpg?fit=1536%2C864\",\"contentUrl\":\"https:\/\/about.fb.com\/br\/wp-content\/uploads\/sites\/11\/2020\/11\/NR-Transparency_Report_banner.jpg?fit=1536%2C864\",\"width\":1536,\"height\":864},{\"@type\":\"BreadcrumbList\",\"@id\":\"https:\/\/about.fb.com\/br\/news\/2020\/11\/nosso-compromisso-continuo-com-a-transparencia-2\/#breadcrumb\",\"itemListElement\":[{\"@type\":\"ListItem\",\"position\":1,\"name\":\"Home\",\"item\":\"https:\/\/about.fb.com\/br\/\"},{\"@type\":\"ListItem\",\"position\":2,\"name\":\"Nosso compromisso cont\u00ednuo com a transpar\u00eancia\"}]},{\"@type\":\"WebSite\",\"@id\":\"https:\/\/about.fb.com\/br\/#website\",\"url\":\"https:\/\/about.fb.com\/news\/\",\"name\":\"Sobre a Meta\",\"description\":\"\",\"publisher\":{\"@id\":\"https:\/\/about.fb.com\/br\/#organization\"},\"potentialAction\":[{\"@type\":\"SearchAction\",\"target\":{\"@type\":\"EntryPoint\",\"urlTemplate\":\"https:\/\/about.fb.com\/br\/?s={search_term_string}\"},\"query-input\":{\"@type\":\"PropertyValueSpecification\",\"valueRequired\":true,\"valueName\":\"search_term_string\"}}],\"inLanguage\":\"pt-BR\",\"alternateName\":[\"Meta Newsroom\",\"Meta\"]},{\"@type\":\"Organization\",\"@id\":\"https:\/\/about.fb.com\/br\/#organization\",\"name\":\"Meta\",\"url\":\"https:\/\/about.fb.com\/br\/\",\"logo\":{\"@type\":\"ImageObject\",\"inLanguage\":\"pt-BR\",\"@id\":\"https:\/\/about.fb.com\/br\/#\/schema\/logo\/image\/\",\"url\":\"https:\/\/about.fb.com\/br\/wp-content\/uploads\/sites\/11\/2021\/10\/meta-social-16x9-1.jpg?fit=8000%2C4500\",\"contentUrl\":\"https:\/\/about.fb.com\/br\/wp-content\/uploads\/sites\/11\/2021\/10\/meta-social-16x9-1.jpg?fit=8000%2C4500\",\"width\":8000,\"height\":4500,\"caption\":\"Meta\"},\"image\":{\"@id\":\"https:\/\/about.fb.com\/br\/#\/schema\/logo\/image\/\"}}]}<\/script>\n<!-- \/ Yoast SEO plugin. -->","yoast_head_json":{"title":"Nosso compromisso cont\u00ednuo com a transpar\u00eancia | Sobre a Meta","robots":{"index":"index","follow":"follow","max-snippet":"max-snippet:-1","max-image-preview":"max-image-preview:large","max-video-preview":"max-video-preview:-1"},"canonical":"https:\/\/about.fb.com\/br\/news\/2020\/11\/nosso-compromisso-continuo-com-a-transparencia-2\/","og_locale":"pt_BR","og_type":"article","og_title":"Nosso compromisso cont\u00ednuo com a transpar\u00eancia | Sobre a Meta","og_description":"Hoje, estamos lan\u00e7ando nosso mais recente Relat\u00f3rio de Transpar\u00eancia relativo ao primeiro semestre de 2020. O Facebook tem publicado Relat\u00f3rios de Transpar\u00eancia semestrais desde 2013, porque n\u00f3s nos esfor\u00e7amos para sermos abertos e proativos em rela\u00e7\u00e3o \u00e0 forma como protegemos a privacidade, seguran\u00e7a e acesso a informa\u00e7\u00f5es online dos usu\u00e1rios. Enquanto nossos relat\u00f3rios iniciais focaram na natureza e extens\u00e3o das solicita\u00e7\u00f5es de dados de usu\u00e1rios que n\u00f3s recebemos por parte de autoridades p\u00fablicas, n\u00f3s expandimos nosso relat\u00f3rio ao longo dos anos para incluir o volume de restri\u00e7\u00f5es de conte\u00fado com base em leis locais, o n\u00famero de interrup\u00e7\u00f5es globais da internet que limitam o acesso a nossos produtos e relat\u00f3rios de viola\u00e7\u00e3o de propriedade intelectual. Nosso Relat\u00f3rio de Transpar\u00eancia tamb\u00e9m inclui o s\u00e9timo Relat\u00f3rio de Aplica\u00e7\u00e3o dos Padr\u00f5es da Comunidade \u2013 com dados sobre como aplicamos medidas contra conte\u00fados que violam as pol\u00edticas das nossas plataformas.\u00a0 Solicita\u00e7\u00f5es de dados de usu\u00e1rio por autoridades Durante os seis primeiros meses de 2020, as solicita\u00e7\u00f5es de dados de usu\u00e1rios por autoridades aumentaram 23%, passando de 140.875 para 173.592. Do volume total, os Estados Unidos continuam a enviar o maior n\u00famero de solicita\u00e7\u00f5es, seguidos pela \u00cdndia, Alemanha, Fran\u00e7a e Reino Unido. Nos EUA, recebemos 61.528 solicita\u00e7\u00f5es, um aumento de 20% em compara\u00e7\u00e3o ao segundo semestre de 2019. Para solicita\u00e7\u00f5es dos EUA, as ordens de sigilo que pro\u00edbem o Facebook de notificar o usu\u00e1rio permaneceram est\u00e1veis, em 67% no primeiro semestre de 2020. Al\u00e9m disso, como resultado das atualiza\u00e7\u00f5es de transpar\u00eancia introduzidas no Freedom Act dos EUA de 2016, o governo dos EUA suspendeu as ordens de sigilo de 16 Cartas de Seguran\u00e7a Nacional (NSLs) que n\u00f3s recebemos entre 2015 e 2019. Essas solicita\u00e7\u00f5es, juntamente com as cartas de autoriza\u00e7\u00e3o do governo dos EUA, est\u00e3o dispon\u00edveis abaixo. Prote\u00e7\u00e3o de dados Agradecemos o foco dos governos em todo o mundo na prote\u00e7\u00e3o e salvaguarda dos dados das pessoas, inclusive nos Estados Unidos e na Europa, e trabalhamos muito para fazer nossa parte. Atendemos \u00e0s solicita\u00e7\u00f5es governamentais de informa\u00e7\u00f5es do usu\u00e1rio somente quando acreditamos de boa f\u00e9 que a lei exige que o fa\u00e7amos. Adicionalmente, avaliamos se uma solicita\u00e7\u00e3o \u00e9 consistente com os padr\u00f5es reconhecidos internacionalmente sobre direitos humanos, incluindo o devido processo legal, privacidade, liberdade de express\u00e3o e estado de direito. Examinamos cada solicita\u00e7\u00e3o governamental que recebemos para garantir que sejam legalmente v\u00e1lidas, independentemente do governo que a fa\u00e7a. Quando atendemos, produzimos apenas informa\u00e7\u00f5es estreitamente adaptadas para responder a essa solicita\u00e7\u00e3o. Se determinarmos que uma solicita\u00e7\u00e3o governamental \u00e9 incompleta, recuamos e envolvemos os governos para tratar de quaisquer defici\u00eancias aparentes. Quando apropriado, contestaremos legalmente tais solicita\u00e7\u00f5es. Incentivamos as entidades governamentais a enviar apenas solicita\u00e7\u00f5es que sejam necess\u00e1rias, proporcionais, espec\u00edficas e estritamente em conformidade com as leis aplic\u00e1veis, publicando diretrizes para solicita\u00e7\u00f5es de autoridades. Tamb\u00e9m acreditamos que as pessoas t\u00eam o direito de saber quando um governo solicita seus dados e \u00e9 nossa pol\u00edtica notificar as pessoas que usam nosso servi\u00e7o sobre solicita\u00e7\u00f5es de suas informa\u00e7\u00f5es antes da divulga\u00e7\u00e3o, a menos que sejamos proibidos por lei ou em circunst\u00e2ncias excepcionais, tais como casos de explora\u00e7\u00e3o infantil, emerg\u00eancias ou quando o aviso seria contraproducente. Al\u00e9m disso, nos envolvemos ativamente com os governos para encorajar pr\u00e1ticas que protejam os direitos das pessoas. Pertencemos a grupos de defesa como a Global Network Initiative, cuja miss\u00e3o \u00e9 promover a liberdade de express\u00e3o e os direitos de privacidade das pessoas na Internet em todo o mundo, e o Reform Government Surveillance, que defende que as solicita\u00e7\u00f5es de dados do governo sejam vinculadas a regras, estreitamente adaptadas, transparentes, sujeitas a forte supervis\u00e3o e prote\u00e7\u00e3o de criptografia ponta a ponta. N\u00e3o oferecemos aos governos acesso direto ou \u201cportas dos fundos\u201d \u00e0s informa\u00e7\u00f5es das pessoas. Acreditamos que enfraquecer intencionalmente nossos servi\u00e7os dessa forma prejudicaria a seguran\u00e7a necess\u00e1ria para proteger as pessoas nas nossas plataformas. Al\u00e9m disso, questionar\u00edamos qualquer ordem que nos obrigasse a redesenhar nossos sistemas para minar a criptografia que fornecemos para proteger os dados das pessoas. Tamb\u00e9m questionar\u00edamos qualquer tentativa de nos amorda\u00e7ar para n\u00e3o revelar a exist\u00eancia de tal ordem e nossos esfor\u00e7os para combat\u00ea-la. Restri\u00e7\u00f5es de conte\u00fado Quando um conte\u00fado \u00e9 denunciado por violar a legisla\u00e7\u00e3o local, mas n\u00e3o viola os Padr\u00f5es da Comunidade, podemos limitar o acesso \u00e0quele conte\u00fado no pa\u00eds em que ele \u00e9 supostamente ilegal. Durante o per\u00edodo deste relat\u00f3rio, o volume de restri\u00e7\u00f5es de conte\u00fado com base em leis locais aumentou globalmente em 40% de 15.826 para 22.120. Esse aumento estava, em parte, ligado a restri\u00e7\u00f5es relacionadas a COVID. Bloqueios na internet Por acreditarmos que interrup\u00e7\u00f5es da conectividade \u00e0 Internet podem prejudicar a atividade econ\u00f4mica e a liberdade de express\u00e3o, monitoramos e reportamos tamb\u00e9m o n\u00famero de bloqueios deliberados da Internet causados por autoridades p\u00fablicas ao redor do mundo e que afetam a disponibilidade de nossos produtos. No primeiro semestre de 2020, identificamos 52 interrup\u00e7\u00f5es nos servi\u00e7os do Facebook em nove pa\u00edses, em compara\u00e7\u00e3o com 45 interrup\u00e7\u00f5es em seis pa\u00edses registradas no segundo semestre de 2019. Propriedade intelectual Por fim, relatamos o volume e a natureza dos relat\u00f3rios de direitos autorais, marcas registradas e falsifica\u00e7\u00f5es que recebemos a cada semestre \u2013 assim como a quantidade de conte\u00fados afetados por essas den\u00fancias. Durante este per\u00edodo do relat\u00f3rio, removemos 3.716.817 de conte\u00fados com base em 659.444 den\u00fancias de viola\u00e7\u00e3o de direitos autorais; 404.078 pe\u00e7as de conte\u00fado com base em 166.310 den\u00fancias de viola\u00e7\u00e3o de marcas registradas; e 1.308.834 pe\u00e7as de conte\u00fado com base em 97.186 den\u00fancias de falsifica\u00e7\u00e3o. Avan\u00e7os em nossa tecnologia, incluindo as atualiza\u00e7\u00f5es no Rights Manager, ajudaram no aumento das remo\u00e7\u00f5es de conte\u00fado. A publica\u00e7\u00e3o deste relat\u00f3rio reflete nosso compromisso cont\u00ednuo com a transpar\u00eancia. Voc\u00ea pode conferir o relat\u00f3rio completo para mais informa\u00e7\u00f5es.","og_url":"https:\/\/about.fb.com\/br\/news\/2020\/11\/nosso-compromisso-continuo-com-a-transparencia-2\/","og_site_name":"Sobre a Meta","article_published_time":"2020-11-19T21:17:59+00:00","article_modified_time":"2021-06-17T13:07:07+00:00","og_image":[{"width":1024,"height":576,"url":"https:\/\/about.fb.com\/br\/wp-content\/uploads\/sites\/11\/2020\/11\/NR-Transparency_Report_banner.jpg?resize=1024,576","type":"image\/jpeg"}],"author":"facebookbr","twitter_card":"summary_large_image","twitter_misc":{"Written by":"Meta","Est. reading time":"5 minutos"},"schema":{"@context":"https:\/\/schema.org","@graph":[{"@type":"Article","@id":"https:\/\/about.fb.com\/br\/news\/2020\/11\/nosso-compromisso-continuo-com-a-transparencia-2\/#article","isPartOf":{"@id":"https:\/\/about.fb.com\/br\/news\/2020\/11\/nosso-compromisso-continuo-com-a-transparencia-2\/"},"author":"Facebook company","headline":"Nosso compromisso cont\u00ednuo com a transpar\u00eancia","datePublished":"2020-11-19T21:17:59+00:00","dateModified":"2021-06-17T13:07:07+00:00","mainEntityOfPage":{"@id":"https:\/\/about.fb.com\/br\/news\/2020\/11\/nosso-compromisso-continuo-com-a-transparencia-2\/"},"wordCount":1067,"publisher":{"@id":"https:\/\/about.fb.com\/br\/#organization"},"image":{"@id":"https:\/\/about.fb.com\/br\/news\/2020\/11\/nosso-compromisso-continuo-com-a-transparencia-2\/#primaryimage"},"thumbnailUrl":"https:\/\/about.fb.com\/br\/wp-content\/uploads\/sites\/11\/2020\/11\/NR-Transparency_Report_banner.jpg?fit=1536%2C864","articleSection":["Recent News"],"inLanguage":"pt-BR"},{"@type":"WebPage","@id":"https:\/\/about.fb.com\/br\/news\/2020\/11\/nosso-compromisso-continuo-com-a-transparencia-2\/","url":"https:\/\/about.fb.com\/br\/news\/2020\/11\/nosso-compromisso-continuo-com-a-transparencia-2\/","name":"Nosso compromisso cont\u00ednuo com a transpar\u00eancia | Sobre a Meta","isPartOf":{"@id":"https:\/\/about.fb.com\/br\/#website"},"primaryImageOfPage":{"@id":"https:\/\/about.fb.com\/br\/news\/2020\/11\/nosso-compromisso-continuo-com-a-transparencia-2\/#primaryimage"},"image":{"@id":"https:\/\/about.fb.com\/br\/news\/2020\/11\/nosso-compromisso-continuo-com-a-transparencia-2\/#primaryimage"},"thumbnailUrl":"https:\/\/about.fb.com\/br\/wp-content\/uploads\/sites\/11\/2020\/11\/NR-Transparency_Report_banner.jpg?fit=1536%2C864","datePublished":"2020-11-19T21:17:59+00:00","dateModified":"2021-06-17T13:07:07+00:00","breadcrumb":{"@id":"https:\/\/about.fb.com\/br\/news\/2020\/11\/nosso-compromisso-continuo-com-a-transparencia-2\/#breadcrumb"},"inLanguage":"pt-BR","potentialAction":[{"@type":"ReadAction","target":["https:\/\/about.fb.com\/br\/news\/2020\/11\/nosso-compromisso-continuo-com-a-transparencia-2\/"]}],"author":"Sobre a Meta"},{"@type":"ImageObject","inLanguage":"pt-BR","@id":"https:\/\/about.fb.com\/br\/news\/2020\/11\/nosso-compromisso-continuo-com-a-transparencia-2\/#primaryimage","url":"https:\/\/about.fb.com\/br\/wp-content\/uploads\/sites\/11\/2020\/11\/NR-Transparency_Report_banner.jpg?fit=1536%2C864","contentUrl":"https:\/\/about.fb.com\/br\/wp-content\/uploads\/sites\/11\/2020\/11\/NR-Transparency_Report_banner.jpg?fit=1536%2C864","width":1536,"height":864},{"@type":"BreadcrumbList","@id":"https:\/\/about.fb.com\/br\/news\/2020\/11\/nosso-compromisso-continuo-com-a-transparencia-2\/#breadcrumb","itemListElement":[{"@type":"ListItem","position":1,"name":"Home","item":"https:\/\/about.fb.com\/br\/"},{"@type":"ListItem","position":2,"name":"Nosso compromisso cont\u00ednuo com a transpar\u00eancia"}]},{"@type":"WebSite","@id":"https:\/\/about.fb.com\/br\/#website","url":"https:\/\/about.fb.com\/news\/","name":"Sobre a Meta","description":"","publisher":{"@id":"https:\/\/about.fb.com\/br\/#organization"},"potentialAction":[{"@type":"SearchAction","target":{"@type":"EntryPoint","urlTemplate":"https:\/\/about.fb.com\/br\/?s={search_term_string}"},"query-input":{"@type":"PropertyValueSpecification","valueRequired":true,"valueName":"search_term_string"}}],"inLanguage":"pt-BR","alternateName":["Meta Newsroom","Meta"]},{"@type":"Organization","@id":"https:\/\/about.fb.com\/br\/#organization","name":"Meta","url":"https:\/\/about.fb.com\/br\/","logo":{"@type":"ImageObject","inLanguage":"pt-BR","@id":"https:\/\/about.fb.com\/br\/#\/schema\/logo\/image\/","url":"https:\/\/about.fb.com\/br\/wp-content\/uploads\/sites\/11\/2021\/10\/meta-social-16x9-1.jpg?fit=8000%2C4500","contentUrl":"https:\/\/about.fb.com\/br\/wp-content\/uploads\/sites\/11\/2021\/10\/meta-social-16x9-1.jpg?fit=8000%2C4500","width":8000,"height":4500,"caption":"Meta"},"image":{"@id":"https:\/\/about.fb.com\/br\/#\/schema\/logo\/image\/"}}]}},"jetpack_featured_media_url":"https:\/\/about.fb.com\/br\/wp-content\/uploads\/sites\/11\/2020\/11\/NR-Transparency_Report_banner.jpg?fit=1536%2C864","jetpack-related-posts":[{"id":26130,"url":"https:\/\/about.fb.com\/br\/news\/2025\/02\/aumentando-a-transparencia-da-ia-generativa-nos-produtos-de-anuncios-da-meta\/","url_meta":{"origin":22068,"position":0},"title":"Aumentando a transpar\u00eancia da IA generativa nos produtos de an\u00fancios da Meta","author":"Meta","date":"03\/02\/2025","format":false,"excerpt":"Na Meta, continuamos priorizando a transpar\u00eancia e a responsabilidade em nossas diretrizes para anunciantes. Desde o ano passado, come\u00e7amos a rotular os an\u00fancios criados ou significativamente editados com o uso dos nossos recursos de criativo de IA generativa, que est\u00e3o dispon\u00edveis nas ferramentas de marketing para anunciantes. Vou explicar a\u2026","rel":"","context":"In &quot;Meta&quot;","block_context":{"text":"Meta","link":"https:\/\/about.fb.com\/br\/news\/category\/temas-home\/meta\/"},"img":{"alt_text":"","src":"https:\/\/about.fb.com\/br\/wp-content\/uploads\/sites\/11\/2025\/02\/Transparency-Labels-for-Ads_Header.jpg?fit=1920%2C1080&resize=350%2C200","width":350,"height":200,"srcset":"https:\/\/about.fb.com\/br\/wp-content\/uploads\/sites\/11\/2025\/02\/Transparency-Labels-for-Ads_Header.jpg?fit=1920%2C1080&resize=350%2C200 1x, https:\/\/about.fb.com\/br\/wp-content\/uploads\/sites\/11\/2025\/02\/Transparency-Labels-for-Ads_Header.jpg?fit=1920%2C1080&resize=525%2C300 1.5x, https:\/\/about.fb.com\/br\/wp-content\/uploads\/sites\/11\/2025\/02\/Transparency-Labels-for-Ads_Header.jpg?fit=1920%2C1080&resize=700%2C400 2x, https:\/\/about.fb.com\/br\/wp-content\/uploads\/sites\/11\/2025\/02\/Transparency-Labels-for-Ads_Header.jpg?fit=1920%2C1080&resize=1050%2C600 3x, https:\/\/about.fb.com\/br\/wp-content\/uploads\/sites\/11\/2025\/02\/Transparency-Labels-for-Ads_Header.jpg?fit=1920%2C1080&resize=1400%2C800 4x"},"classes":[]},{"id":26997,"url":"https:\/\/about.fb.com\/br\/news\/2026\/03\/simplificando-a-mensuracao-de-anuncios-para-um-mundo-social-first\/","url_meta":{"origin":22068,"position":1},"title":"Simplificando a Mensura\u00e7\u00e3o de An\u00fancios para um Mundo Social-First","author":"Meta","date":"03\/03\/2026","format":false,"excerpt":"Ao mensurar o impacto dos seus an\u00fancios digitais, os anunciantes devem buscar responder \u00e0 pergunta: \"Quais resultados este an\u00fancio ou campanha gerou que n\u00e3o teriam acontecido de outra forma?\" Experimentos de incrementalidade, como o Conversion Lift da Meta, s\u00e3o a melhor maneira de abordar essa quest\u00e3o, e acreditamos que testes\u2026","rel":"","context":"In &quot;Recent News&quot;","block_context":{"text":"Recent News","link":"https:\/\/about.fb.com\/br\/news\/category\/recent-news\/"},"img":{"alt_text":"","src":"","width":0,"height":0},"classes":[]},{"id":26421,"url":"https:\/\/about.fb.com\/br\/news\/2025\/05\/novo-estudo-mostra-que-a-ia-de-modelo-aberto-e-catalisadora-do-crescimento-economico\/","url_meta":{"origin":22068,"position":2},"title":"Novo estudo mostra que a IA open source \u00e9 catalisadora do crescimento econ\u00f4mico","author":"Meta","date":"21\/05\/2025","format":false,"excerpt":"O novo estudo, \u201cOs impactos econ\u00f4micos e no mercado de trabalho da IA open source\u201d, divulgado hoje pela Linux Foundation (LF) Research e encomendado pela Meta, mostra que muitas organiza\u00e7\u00f5es adotam modelos de IA open source por serem mais econ\u00f4micos. Dois ter\u00e7os das organiza\u00e7\u00f5es entrevistadas acreditam que a IA open\u2026","rel":"","context":"In &quot;Meta&quot;","block_context":{"text":"Meta","link":"https:\/\/about.fb.com\/br\/news\/category\/temas-home\/meta\/"},"img":{"alt_text":"","src":"https:\/\/about.fb.com\/br\/wp-content\/uploads\/sites\/11\/2025\/05\/Economic-and-Workforce-Impacts-of-OS-AI-Linux-Foundation-paper.jpg?fit=1920%2C1080&resize=350%2C200","width":350,"height":200,"srcset":"https:\/\/about.fb.com\/br\/wp-content\/uploads\/sites\/11\/2025\/05\/Economic-and-Workforce-Impacts-of-OS-AI-Linux-Foundation-paper.jpg?fit=1920%2C1080&resize=350%2C200 1x, https:\/\/about.fb.com\/br\/wp-content\/uploads\/sites\/11\/2025\/05\/Economic-and-Workforce-Impacts-of-OS-AI-Linux-Foundation-paper.jpg?fit=1920%2C1080&resize=525%2C300 1.5x, https:\/\/about.fb.com\/br\/wp-content\/uploads\/sites\/11\/2025\/05\/Economic-and-Workforce-Impacts-of-OS-AI-Linux-Foundation-paper.jpg?fit=1920%2C1080&resize=700%2C400 2x, https:\/\/about.fb.com\/br\/wp-content\/uploads\/sites\/11\/2025\/05\/Economic-and-Workforce-Impacts-of-OS-AI-Linux-Foundation-paper.jpg?fit=1920%2C1080&resize=1050%2C600 3x, https:\/\/about.fb.com\/br\/wp-content\/uploads\/sites\/11\/2025\/05\/Economic-and-Workforce-Impacts-of-OS-AI-Linux-Foundation-paper.jpg?fit=1920%2C1080&resize=1400%2C800 4x"},"classes":[]},{"id":26541,"url":"https:\/\/about.fb.com\/br\/news\/2025\/07\/encerramento-da-publicidade-politica-eleitoral-e-de-questoes-sociais-na-ue-em-resposta-a-nova-regulacao-europeia\/","url_meta":{"origin":22068,"position":3},"title":"Encerramento da publicidade pol\u00edtica, eleitoral e de temas sociais na UE em resposta \u00e0 nova regula\u00e7\u00e3o europeia","author":"Meta","date":"25\/07\/2025","format":false,"excerpt":"A partir do in\u00edcio de outubro de 2025, deixaremos de permitir an\u00fancios pol\u00edticos, eleitorais e sobre temas sociais em nossas plataformas na Uni\u00e3o Europeia. Esta \u00e9 uma decis\u00e3o dif\u00edcil \u2013 tomada em resposta \u00e0 nova regula\u00e7\u00e3o da UE sobre Transpar\u00eancia e Segmenta\u00e7\u00e3o da Publicidade Pol\u00edtica (TTPA), que imp\u00f5e desafios operacionais\u2026","rel":"","context":"In &quot;Homepage - Hidden&quot;","block_context":{"text":"Homepage - Hidden","link":"https:\/\/about.fb.com\/br\/news\/category\/homepage-hidden\/"},"img":{"alt_text":"","src":"","width":0,"height":0},"classes":[]},{"id":26583,"url":"https:\/\/about.fb.com\/br\/news\/2025\/08\/maximize-seus-resultados-com-novas-formas-de-impulsionar-as-vendas-nesta-temporada-de-compras\/","url_meta":{"origin":22068,"position":4},"title":"Maximize seus resultados com novas formas de impulsionar as vendas nesta temporada de compras","author":"Meta","date":"21\/08\/2025","format":false,"excerpt":"O ritmo da inova\u00e7\u00e3o em IA continua acelerando, e na Meta estamos investindo em pessoas, infraestrutura e ferramentas para levar a superintelig\u00eancia pessoal a todos. Para as empresas no ecossistema da Meta, isso significa investimentos em infraestruturas como Andromeda, GEM, Lattice, a su\u00edte Advantage+ e ferramentas de an\u00fancios com IA\u2026","rel":"","context":"In &quot;Meta&quot;","block_context":{"text":"Meta","link":"https:\/\/about.fb.com\/br\/news\/category\/temas-home\/meta\/"},"img":{"alt_text":"","src":"https:\/\/about.fb.com\/br\/wp-content\/uploads\/sites\/11\/2025\/07\/Logo-Meta-1.jpg?fit=633%2C356&resize=350%2C200","width":350,"height":200,"srcset":"https:\/\/about.fb.com\/br\/wp-content\/uploads\/sites\/11\/2025\/07\/Logo-Meta-1.jpg?fit=633%2C356&resize=350%2C200 1x, https:\/\/about.fb.com\/br\/wp-content\/uploads\/sites\/11\/2025\/07\/Logo-Meta-1.jpg?fit=633%2C356&resize=525%2C300 1.5x"},"classes":[]},{"id":26752,"url":"https:\/\/about.fb.com\/br\/news\/2025\/10\/mes-da-conscientizacao-sobre-ciberseguranca-ajudando-idosos-a-evitar-golpes-online\/","url_meta":{"origin":22068,"position":5},"title":"M\u00eas da Conscientiza\u00e7\u00e3o sobre Ciberseguran\u00e7a: Ajudando idosos a evitar golpes online","author":"Meta","date":"21\/10\/2025","format":false,"excerpt":"O Relat\u00f3rio de Crimes Cibern\u00e9ticos de 2024 do FBI indica que adultos com 60 anos ou mais nos EUA perderam um valor combinado de 4,8 bilh\u00f5es de d\u00f3lares em golpes somente em\u00a0 2024. Criminosos usam uma variedade de t\u00e1ticas para ganhar a confian\u00e7a das pessoas e, em determinadas circunst\u00e2ncias, comprometem\u2026","rel":"","context":"In &quot;Dados e Privacidade&quot;","block_context":{"text":"Dados e Privacidade","link":"https:\/\/about.fb.com\/br\/news\/category\/temas-home\/dados-e-privacidade\/"},"img":{"alt_text":"","src":"https:\/\/about.fb.com\/br\/wp-content\/uploads\/sites\/11\/2025\/10\/Cybersecurity-Awareness-Month_Header.jpg?fit=1920%2C1080&resize=350%2C200","width":350,"height":200,"srcset":"https:\/\/about.fb.com\/br\/wp-content\/uploads\/sites\/11\/2025\/10\/Cybersecurity-Awareness-Month_Header.jpg?fit=1920%2C1080&resize=350%2C200 1x, https:\/\/about.fb.com\/br\/wp-content\/uploads\/sites\/11\/2025\/10\/Cybersecurity-Awareness-Month_Header.jpg?fit=1920%2C1080&resize=525%2C300 1.5x, https:\/\/about.fb.com\/br\/wp-content\/uploads\/sites\/11\/2025\/10\/Cybersecurity-Awareness-Month_Header.jpg?fit=1920%2C1080&resize=700%2C400 2x, https:\/\/about.fb.com\/br\/wp-content\/uploads\/sites\/11\/2025\/10\/Cybersecurity-Awareness-Month_Header.jpg?fit=1920%2C1080&resize=1050%2C600 3x, https:\/\/about.fb.com\/br\/wp-content\/uploads\/sites\/11\/2025\/10\/Cybersecurity-Awareness-Month_Header.jpg?fit=1920%2C1080&resize=1400%2C800 4x"},"classes":[]}],"jetpack_sharing_enabled":true,"amp_enabled":true,"_links":{"self":[{"href":"https:\/\/about.fb.com\/br\/wp-json\/wp\/v2\/posts\/22068","targetHints":{"allow":["GET"]}}],"collection":[{"href":"https:\/\/about.fb.com\/br\/wp-json\/wp\/v2\/posts"}],"about":[{"href":"https:\/\/about.fb.com\/br\/wp-json\/wp\/v2\/types\/post"}],"author":[{"embeddable":true,"href":"https:\/\/about.fb.com\/br\/wp-json\/wp\/v2\/users\/81109636"}],"replies":[{"embeddable":true,"href":"https:\/\/about.fb.com\/br\/wp-json\/wp\/v2\/comments?post=22068"}],"version-history":[{"count":4,"href":"https:\/\/about.fb.com\/br\/wp-json\/wp\/v2\/posts\/22068\/revisions"}],"predecessor-version":[{"id":22086,"href":"https:\/\/about.fb.com\/br\/wp-json\/wp\/v2\/posts\/22068\/revisions\/22086"}],"wp:featuredmedia":[{"embeddable":true,"href":"https:\/\/about.fb.com\/br\/wp-json\/wp\/v2\/media\/22079"}],"wp:attachment":[{"href":"https:\/\/about.fb.com\/br\/wp-json\/wp\/v2\/media?parent=22068"}],"wp:term":[{"taxonomy":"category","embeddable":true,"href":"https:\/\/about.fb.com\/br\/wp-json\/wp\/v2\/categories?post=22068"},{"taxonomy":"post_tag","embeddable":true,"href":"https:\/\/about.fb.com\/br\/wp-json\/wp\/v2\/tags?post=22068"}],"curies":[{"name":"wp","href":"https:\/\/api.w.org\/{rel}","templated":true}]}}