{"id":22053,"date":"2020-11-11T18:35:10","date_gmt":"2020-11-11T21:35:10","guid":{"rendered":"https:\/\/about.fb.com\/br\/?p=22053"},"modified":"2021-06-17T10:07:36","modified_gmt":"2021-06-17T13:07:36","slug":"um-caminho-mais-facil-para-gerenciar-os-recursos-disponiveis-em-nossos-aplicativos","status":"publish","type":"post","link":"https:\/\/about.fb.com\/br\/news\/2020\/11\/um-caminho-mais-facil-para-gerenciar-os-recursos-disponiveis-em-nossos-aplicativos\/","title":{"rendered":"Um caminho mais f\u00e1cil para gerenciar os recursos dispon\u00edveis em nossos aplicativos"},"content":{"rendered":"<p><span style=\"font-weight: 400\">Mudar de aplicativo para publicar o mesmo conte\u00fado ou inserir informa\u00e7\u00f5es de cart\u00e3o de cr\u00e9dito dezenas de vezes \u00e9 trabalhoso. Queremos tornar isso mais f\u00e1cil e, ao mesmo tempo, oferecer controles melhores para gerenciar sua experi\u00eancia. Se voc\u00ea deseja compartilhar um Story no Instagram e no Facebook ao mesmo tempo, ou usar sua conta do Facebook para fazer login no Instagram, configurar sua Central de Contas permitir\u00e1 que voc\u00ea controle as experi\u00eancias conectadas que funcionam em nossos aplicativos.<\/span><\/p>\n<p><span style=\"font-weight: 400\">A partir de hoje, a Central de Contas est\u00e1 dispon\u00edvel nas configura\u00e7\u00f5es do Facebook, Instagram e Messenger.<\/span><\/p>\n<p><b>Quais controles eu tenho na Central de Contas?<\/b><\/p>\n<p><span style=\"font-weight: 400\">Usar a Central de Contas e usar experi\u00eancias conectadas \u00e9 opcional. Na Central de Contas, voc\u00ea pode facilmente desligar ou ligar qualquer uma dessas experi\u00eancias conectadas, incluindo o login \u00fanico (SSO), que permite fazer login e recuperar suas contas mais facilmente, e publica\u00e7\u00e3o cruzada, que permite compartilhar o mesmo Story ou publica\u00e7\u00e3o no Instagram e Facebook.\u00a0<\/span><\/p>\n<p><span style=\"font-weight: 400\">Usar a Central de Contas n\u00e3o significa que voc\u00ea precisa ter a mesma identidade em todos os nossos aplicativos \u2013 voc\u00ea ainda pode escolher ser Aisha Ahmed no Facebook, por exemplo, e @bakersdozen na sua conta do Instagram. No entanto, voc\u00ea pode sincronizar seu nome e foto de perfil em nossos aplicativos. Dessa forma, se voc\u00ea alterar seu nome ou sua foto de Perfil no Facebook, ela ser\u00e1 atualizada tamb\u00e9m no Instagram. Se mudar de ideia, voc\u00ea pode interromper a sincroniza\u00e7\u00e3o de seu nome e fotos de Perfil.<\/span><\/p>\n<p><b>Como a configura\u00e7\u00e3o da Central de Contas afeta o uso de dados em nossos aplicativos?<\/b><\/p>\n<p><span style=\"font-weight: 400\">Usamos informa\u00e7\u00f5es em nossos aplicativos para personalizar sua experi\u00eancia e mostrar conte\u00fado mais relevante, incluindo an\u00fancios. Configurar e usar a Central de Contas n\u00e3o mudar\u00e1 isso. Tamb\u00e9m usamos informa\u00e7\u00f5es sobre a atividade em nossos aplicativos para melhorar nossos servi\u00e7os e mant\u00ea-los seguros, por exemplo, para ajudar a identificar e remover contas que violam nossas pol\u00edticas e para manter suas contas seguras. Para garantir que esses novos recursos funcionem perfeitamente, continuaremos a usar informa\u00e7\u00f5es em nossos aplicativos quando voc\u00ea configurar sua Central de Contas. Tamb\u00e9m usaremos suas informa\u00e7\u00f5es para personalizar experi\u00eancias entre contas, como sugest\u00f5es de amigos e contas para seguir. Para saber mais sobre as informa\u00e7\u00f5es que o Facebook coleta e como elas s\u00e3o usadas, consulte nossa <\/span><a href=\"https:\/\/www.facebook.com\/policy.php\"><span style=\"font-weight: 400\">Pol\u00edtica de Dados<\/span><\/a><span style=\"font-weight: 400\"> e <\/span><a href=\"https:\/\/www.facebook.com\/ads\/about\/?entry_product=ad_preferences\"><span style=\"font-weight: 400\">Sobre os An\u00fancios do Facebook<\/span><\/a><span style=\"font-weight: 400\">.<\/span><\/p>\n","protected":false},"excerpt":{"rendered":"Mudar de aplicativo para publicar o mesmo conte\u00fado ou inserir informa\u00e7\u00f5es de cart\u00e3o de cr\u00e9dito dezenas de vezes \u00e9 trabalhoso. Queremos tornar isso mais f\u00e1cil e, ao mesmo tempo, oferecer controles melhores para gerenciar sua experi\u00eancia. Se voc\u00ea deseja compartilhar um Story no Instagram e no Facebook ao mesmo tempo, ou usar sua conta do Facebook para fazer login no Instagram, configurar sua Central de Contas permitir\u00e1 que voc\u00ea controle as experi\u00eancias conectadas que funcionam em nossos aplicativos. A partir de hoje, a Central de Contas est\u00e1 dispon\u00edvel nas configura\u00e7\u00f5es do Facebook, Instagram e Messenger. Quais controles eu tenho na Central de Contas? Usar a Central de Contas e usar experi\u00eancias conectadas \u00e9 opcional. Na Central de Contas, voc\u00ea pode facilmente desligar ou ligar qualquer uma dessas experi\u00eancias conectadas, incluindo o login \u00fanico (SSO), que permite fazer login e recuperar suas contas mais facilmente, e publica\u00e7\u00e3o cruzada, que permite compartilhar o mesmo Story ou publica\u00e7\u00e3o no Instagram e Facebook.\u00a0 Usar a Central de Contas n\u00e3o significa que voc\u00ea precisa ter a mesma identidade em todos os nossos aplicativos \u2013 voc\u00ea ainda pode escolher ser Aisha Ahmed no Facebook, por exemplo, e @bakersdozen na sua conta do Instagram. No entanto, voc\u00ea pode sincronizar seu nome e foto de perfil em nossos aplicativos. Dessa forma, se voc\u00ea alterar seu nome ou sua foto de Perfil no Facebook, ela ser\u00e1 atualizada tamb\u00e9m no Instagram. Se mudar de ideia, voc\u00ea pode interromper a sincroniza\u00e7\u00e3o de seu nome e fotos de Perfil. Como a configura\u00e7\u00e3o da Central de Contas afeta o uso de dados em nossos aplicativos? Usamos informa\u00e7\u00f5es em nossos aplicativos para personalizar sua experi\u00eancia e mostrar conte\u00fado mais relevante, incluindo an\u00fancios. Configurar e usar a Central de Contas n\u00e3o mudar\u00e1 isso. Tamb\u00e9m usamos informa\u00e7\u00f5es sobre a atividade em nossos aplicativos para melhorar nossos servi\u00e7os e mant\u00ea-los seguros, por exemplo, para ajudar a identificar e remover contas que violam nossas pol\u00edticas e para manter suas contas seguras. Para garantir que esses novos recursos funcionem perfeitamente, continuaremos a usar informa\u00e7\u00f5es em nossos aplicativos quando voc\u00ea configurar sua Central de Contas. Tamb\u00e9m usaremos suas informa\u00e7\u00f5es para personalizar experi\u00eancias entre contas, como sugest\u00f5es de amigos e contas para seguir. Para saber mais sobre as informa\u00e7\u00f5es que o Facebook coleta e como elas s\u00e3o usadas, consulte nossa Pol\u00edtica de Dados e Sobre os An\u00fancios do Facebook.","protected":false},"author":81109636,"featured_media":22057,"comment_status":"closed","ping_status":"closed","sticky":false,"template":"","format":"standard","meta":{"_jetpack_memberships_contains_paid_content":false,"footnotes":""},"categories":[1],"tags":[],"class_list":["post-22053","post","type-post","status-publish","format-standard","has-post-thumbnail","hentry","category-recent-news"],"yoast_head":"<!-- This site is optimized with the Yoast SEO plugin v27.2 - https:\/\/yoast.com\/product\/yoast-seo-wordpress\/ -->\n<title>Um caminho mais f\u00e1cil para gerenciar os recursos dispon\u00edveis em nossos aplicativos | Sobre a Meta<\/title>\n<meta name=\"robots\" content=\"index, follow, max-snippet:-1, max-image-preview:large, max-video-preview:-1\" \/>\n<link rel=\"canonical\" href=\"https:\/\/about.fb.com\/br\/news\/2020\/11\/um-caminho-mais-facil-para-gerenciar-os-recursos-disponiveis-em-nossos-aplicativos\/\" \/>\n<meta property=\"og:locale\" content=\"pt_BR\" \/>\n<meta property=\"og:type\" content=\"article\" \/>\n<meta property=\"og:title\" content=\"Um caminho mais f\u00e1cil para gerenciar os recursos dispon\u00edveis em nossos aplicativos | Sobre a Meta\" \/>\n<meta property=\"og:description\" content=\"Mudar de aplicativo para publicar o mesmo conte\u00fado ou inserir informa\u00e7\u00f5es de cart\u00e3o de cr\u00e9dito dezenas de vezes \u00e9 trabalhoso. Queremos tornar isso mais f\u00e1cil e, ao mesmo tempo, oferecer controles melhores para gerenciar sua experi\u00eancia. Se voc\u00ea deseja compartilhar um Story no Instagram e no Facebook ao mesmo tempo, ou usar sua conta do Facebook para fazer login no Instagram, configurar sua Central de Contas permitir\u00e1 que voc\u00ea controle as experi\u00eancias conectadas que funcionam em nossos aplicativos. A partir de hoje, a Central de Contas est\u00e1 dispon\u00edvel nas configura\u00e7\u00f5es do Facebook, Instagram e Messenger. Quais controles eu tenho na Central de Contas? Usar a Central de Contas e usar experi\u00eancias conectadas \u00e9 opcional. Na Central de Contas, voc\u00ea pode facilmente desligar ou ligar qualquer uma dessas experi\u00eancias conectadas, incluindo o login \u00fanico (SSO), que permite fazer login e recuperar suas contas mais facilmente, e publica\u00e7\u00e3o cruzada, que permite compartilhar o mesmo Story ou publica\u00e7\u00e3o no Instagram e Facebook.\u00a0 Usar a Central de Contas n\u00e3o significa que voc\u00ea precisa ter a mesma identidade em todos os nossos aplicativos \u2013 voc\u00ea ainda pode escolher ser Aisha Ahmed no Facebook, por exemplo, e @bakersdozen na sua conta do Instagram. No entanto, voc\u00ea pode sincronizar seu nome e foto de perfil em nossos aplicativos. Dessa forma, se voc\u00ea alterar seu nome ou sua foto de Perfil no Facebook, ela ser\u00e1 atualizada tamb\u00e9m no Instagram. Se mudar de ideia, voc\u00ea pode interromper a sincroniza\u00e7\u00e3o de seu nome e fotos de Perfil. Como a configura\u00e7\u00e3o da Central de Contas afeta o uso de dados em nossos aplicativos? Usamos informa\u00e7\u00f5es em nossos aplicativos para personalizar sua experi\u00eancia e mostrar conte\u00fado mais relevante, incluindo an\u00fancios. Configurar e usar a Central de Contas n\u00e3o mudar\u00e1 isso. Tamb\u00e9m usamos informa\u00e7\u00f5es sobre a atividade em nossos aplicativos para melhorar nossos servi\u00e7os e mant\u00ea-los seguros, por exemplo, para ajudar a identificar e remover contas que violam nossas pol\u00edticas e para manter suas contas seguras. Para garantir que esses novos recursos funcionem perfeitamente, continuaremos a usar informa\u00e7\u00f5es em nossos aplicativos quando voc\u00ea configurar sua Central de Contas. Tamb\u00e9m usaremos suas informa\u00e7\u00f5es para personalizar experi\u00eancias entre contas, como sugest\u00f5es de amigos e contas para seguir. Para saber mais sobre as informa\u00e7\u00f5es que o Facebook coleta e como elas s\u00e3o usadas, consulte nossa Pol\u00edtica de Dados e Sobre os An\u00fancios do Facebook.\" \/>\n<meta property=\"og:url\" content=\"https:\/\/about.fb.com\/br\/news\/2020\/11\/um-caminho-mais-facil-para-gerenciar-os-recursos-disponiveis-em-nossos-aplicativos\/\" \/>\n<meta property=\"og:site_name\" content=\"Sobre a Meta\" \/>\n<meta property=\"article:published_time\" content=\"2020-11-11T21:35:10+00:00\" \/>\n<meta property=\"article:modified_time\" content=\"2021-06-17T13:07:36+00:00\" \/>\n<meta property=\"og:image\" content=\"https:\/\/about.fb.com\/br\/wp-content\/uploads\/sites\/11\/2020\/11\/NRP-Privacy_Matters_Account_Center_NRP-Privacy_Matters_Account_Center_banner_POR.png?resize=1024,576\" \/>\n\t<meta property=\"og:image:width\" content=\"1024\" \/>\n\t<meta property=\"og:image:height\" content=\"576\" \/>\n\t<meta property=\"og:image:type\" content=\"image\/png\" \/>\n<meta name=\"author\" content=\"facebookbr\" \/>\n<meta name=\"twitter:card\" content=\"summary_large_image\" \/>\n<meta name=\"twitter:label1\" content=\"Written by\" \/>\n\t<meta name=\"twitter:data1\" content=\"Meta\" \/>\n\t<meta name=\"twitter:label2\" content=\"Est. reading time\" \/>\n\t<meta name=\"twitter:data2\" content=\"2 minutos\" \/>\n<script type=\"application\/ld+json\" class=\"yoast-schema-graph\">{\"@context\":\"https:\/\/schema.org\",\"@graph\":[{\"@type\":\"Article\",\"@id\":\"https:\/\/about.fb.com\/br\/news\/2020\/11\/um-caminho-mais-facil-para-gerenciar-os-recursos-disponiveis-em-nossos-aplicativos\/#article\",\"isPartOf\":{\"@id\":\"https:\/\/about.fb.com\/br\/news\/2020\/11\/um-caminho-mais-facil-para-gerenciar-os-recursos-disponiveis-em-nossos-aplicativos\/\"},\"author\":\"Facebook company\",\"headline\":\"Um caminho mais f\u00e1cil para gerenciar os recursos dispon\u00edveis em nossos aplicativos\",\"datePublished\":\"2020-11-11T21:35:10+00:00\",\"dateModified\":\"2021-06-17T13:07:36+00:00\",\"mainEntityOfPage\":{\"@id\":\"https:\/\/about.fb.com\/br\/news\/2020\/11\/um-caminho-mais-facil-para-gerenciar-os-recursos-disponiveis-em-nossos-aplicativos\/\"},\"wordCount\":435,\"publisher\":{\"@id\":\"https:\/\/about.fb.com\/br\/#organization\"},\"image\":{\"@id\":\"https:\/\/about.fb.com\/br\/news\/2020\/11\/um-caminho-mais-facil-para-gerenciar-os-recursos-disponiveis-em-nossos-aplicativos\/#primaryimage\"},\"thumbnailUrl\":\"https:\/\/about.fb.com\/br\/wp-content\/uploads\/sites\/11\/2020\/11\/NRP-Privacy_Matters_Account_Center_NRP-Privacy_Matters_Account_Center_banner_POR.png?fit=1921%2C1080\",\"articleSection\":[\"Recent News\"],\"inLanguage\":\"pt-BR\"},{\"@type\":\"WebPage\",\"@id\":\"https:\/\/about.fb.com\/br\/news\/2020\/11\/um-caminho-mais-facil-para-gerenciar-os-recursos-disponiveis-em-nossos-aplicativos\/\",\"url\":\"https:\/\/about.fb.com\/br\/news\/2020\/11\/um-caminho-mais-facil-para-gerenciar-os-recursos-disponiveis-em-nossos-aplicativos\/\",\"name\":\"Um caminho mais f\u00e1cil para gerenciar os recursos dispon\u00edveis em nossos aplicativos | Sobre a Meta\",\"isPartOf\":{\"@id\":\"https:\/\/about.fb.com\/br\/#website\"},\"primaryImageOfPage\":{\"@id\":\"https:\/\/about.fb.com\/br\/news\/2020\/11\/um-caminho-mais-facil-para-gerenciar-os-recursos-disponiveis-em-nossos-aplicativos\/#primaryimage\"},\"image\":{\"@id\":\"https:\/\/about.fb.com\/br\/news\/2020\/11\/um-caminho-mais-facil-para-gerenciar-os-recursos-disponiveis-em-nossos-aplicativos\/#primaryimage\"},\"thumbnailUrl\":\"https:\/\/about.fb.com\/br\/wp-content\/uploads\/sites\/11\/2020\/11\/NRP-Privacy_Matters_Account_Center_NRP-Privacy_Matters_Account_Center_banner_POR.png?fit=1921%2C1080\",\"datePublished\":\"2020-11-11T21:35:10+00:00\",\"dateModified\":\"2021-06-17T13:07:36+00:00\",\"breadcrumb\":{\"@id\":\"https:\/\/about.fb.com\/br\/news\/2020\/11\/um-caminho-mais-facil-para-gerenciar-os-recursos-disponiveis-em-nossos-aplicativos\/#breadcrumb\"},\"inLanguage\":\"pt-BR\",\"potentialAction\":[{\"@type\":\"ReadAction\",\"target\":[\"https:\/\/about.fb.com\/br\/news\/2020\/11\/um-caminho-mais-facil-para-gerenciar-os-recursos-disponiveis-em-nossos-aplicativos\/\"]}],\"author\":\"Sobre a Meta\"},{\"@type\":\"ImageObject\",\"inLanguage\":\"pt-BR\",\"@id\":\"https:\/\/about.fb.com\/br\/news\/2020\/11\/um-caminho-mais-facil-para-gerenciar-os-recursos-disponiveis-em-nossos-aplicativos\/#primaryimage\",\"url\":\"https:\/\/about.fb.com\/br\/wp-content\/uploads\/sites\/11\/2020\/11\/NRP-Privacy_Matters_Account_Center_NRP-Privacy_Matters_Account_Center_banner_POR.png?fit=1921%2C1080\",\"contentUrl\":\"https:\/\/about.fb.com\/br\/wp-content\/uploads\/sites\/11\/2020\/11\/NRP-Privacy_Matters_Account_Center_NRP-Privacy_Matters_Account_Center_banner_POR.png?fit=1921%2C1080\",\"width\":1921,\"height\":1080},{\"@type\":\"BreadcrumbList\",\"@id\":\"https:\/\/about.fb.com\/br\/news\/2020\/11\/um-caminho-mais-facil-para-gerenciar-os-recursos-disponiveis-em-nossos-aplicativos\/#breadcrumb\",\"itemListElement\":[{\"@type\":\"ListItem\",\"position\":1,\"name\":\"Home\",\"item\":\"https:\/\/about.fb.com\/br\/\"},{\"@type\":\"ListItem\",\"position\":2,\"name\":\"Um caminho mais f\u00e1cil para gerenciar os recursos dispon\u00edveis em nossos aplicativos\"}]},{\"@type\":\"WebSite\",\"@id\":\"https:\/\/about.fb.com\/br\/#website\",\"url\":\"https:\/\/about.fb.com\/news\/\",\"name\":\"Sobre a Meta\",\"description\":\"\",\"publisher\":{\"@id\":\"https:\/\/about.fb.com\/br\/#organization\"},\"potentialAction\":[{\"@type\":\"SearchAction\",\"target\":{\"@type\":\"EntryPoint\",\"urlTemplate\":\"https:\/\/about.fb.com\/br\/?s={search_term_string}\"},\"query-input\":{\"@type\":\"PropertyValueSpecification\",\"valueRequired\":true,\"valueName\":\"search_term_string\"}}],\"inLanguage\":\"pt-BR\",\"alternateName\":[\"Meta Newsroom\",\"Meta\"]},{\"@type\":\"Organization\",\"@id\":\"https:\/\/about.fb.com\/br\/#organization\",\"name\":\"Meta\",\"url\":\"https:\/\/about.fb.com\/br\/\",\"logo\":{\"@type\":\"ImageObject\",\"inLanguage\":\"pt-BR\",\"@id\":\"https:\/\/about.fb.com\/br\/#\/schema\/logo\/image\/\",\"url\":\"https:\/\/about.fb.com\/br\/wp-content\/uploads\/sites\/11\/2021\/10\/meta-social-16x9-1.jpg?fit=8000%2C4500\",\"contentUrl\":\"https:\/\/about.fb.com\/br\/wp-content\/uploads\/sites\/11\/2021\/10\/meta-social-16x9-1.jpg?fit=8000%2C4500\",\"width\":8000,\"height\":4500,\"caption\":\"Meta\"},\"image\":{\"@id\":\"https:\/\/about.fb.com\/br\/#\/schema\/logo\/image\/\"}}]}<\/script>\n<!-- \/ Yoast SEO plugin. -->","yoast_head_json":{"title":"Um caminho mais f\u00e1cil para gerenciar os recursos dispon\u00edveis em nossos aplicativos | Sobre a Meta","robots":{"index":"index","follow":"follow","max-snippet":"max-snippet:-1","max-image-preview":"max-image-preview:large","max-video-preview":"max-video-preview:-1"},"canonical":"https:\/\/about.fb.com\/br\/news\/2020\/11\/um-caminho-mais-facil-para-gerenciar-os-recursos-disponiveis-em-nossos-aplicativos\/","og_locale":"pt_BR","og_type":"article","og_title":"Um caminho mais f\u00e1cil para gerenciar os recursos dispon\u00edveis em nossos aplicativos | Sobre a Meta","og_description":"Mudar de aplicativo para publicar o mesmo conte\u00fado ou inserir informa\u00e7\u00f5es de cart\u00e3o de cr\u00e9dito dezenas de vezes \u00e9 trabalhoso. Queremos tornar isso mais f\u00e1cil e, ao mesmo tempo, oferecer controles melhores para gerenciar sua experi\u00eancia. Se voc\u00ea deseja compartilhar um Story no Instagram e no Facebook ao mesmo tempo, ou usar sua conta do Facebook para fazer login no Instagram, configurar sua Central de Contas permitir\u00e1 que voc\u00ea controle as experi\u00eancias conectadas que funcionam em nossos aplicativos. A partir de hoje, a Central de Contas est\u00e1 dispon\u00edvel nas configura\u00e7\u00f5es do Facebook, Instagram e Messenger. Quais controles eu tenho na Central de Contas? Usar a Central de Contas e usar experi\u00eancias conectadas \u00e9 opcional. Na Central de Contas, voc\u00ea pode facilmente desligar ou ligar qualquer uma dessas experi\u00eancias conectadas, incluindo o login \u00fanico (SSO), que permite fazer login e recuperar suas contas mais facilmente, e publica\u00e7\u00e3o cruzada, que permite compartilhar o mesmo Story ou publica\u00e7\u00e3o no Instagram e Facebook.\u00a0 Usar a Central de Contas n\u00e3o significa que voc\u00ea precisa ter a mesma identidade em todos os nossos aplicativos \u2013 voc\u00ea ainda pode escolher ser Aisha Ahmed no Facebook, por exemplo, e @bakersdozen na sua conta do Instagram. No entanto, voc\u00ea pode sincronizar seu nome e foto de perfil em nossos aplicativos. Dessa forma, se voc\u00ea alterar seu nome ou sua foto de Perfil no Facebook, ela ser\u00e1 atualizada tamb\u00e9m no Instagram. Se mudar de ideia, voc\u00ea pode interromper a sincroniza\u00e7\u00e3o de seu nome e fotos de Perfil. Como a configura\u00e7\u00e3o da Central de Contas afeta o uso de dados em nossos aplicativos? Usamos informa\u00e7\u00f5es em nossos aplicativos para personalizar sua experi\u00eancia e mostrar conte\u00fado mais relevante, incluindo an\u00fancios. Configurar e usar a Central de Contas n\u00e3o mudar\u00e1 isso. Tamb\u00e9m usamos informa\u00e7\u00f5es sobre a atividade em nossos aplicativos para melhorar nossos servi\u00e7os e mant\u00ea-los seguros, por exemplo, para ajudar a identificar e remover contas que violam nossas pol\u00edticas e para manter suas contas seguras. Para garantir que esses novos recursos funcionem perfeitamente, continuaremos a usar informa\u00e7\u00f5es em nossos aplicativos quando voc\u00ea configurar sua Central de Contas. Tamb\u00e9m usaremos suas informa\u00e7\u00f5es para personalizar experi\u00eancias entre contas, como sugest\u00f5es de amigos e contas para seguir. Para saber mais sobre as informa\u00e7\u00f5es que o Facebook coleta e como elas s\u00e3o usadas, consulte nossa Pol\u00edtica de Dados e Sobre os An\u00fancios do Facebook.","og_url":"https:\/\/about.fb.com\/br\/news\/2020\/11\/um-caminho-mais-facil-para-gerenciar-os-recursos-disponiveis-em-nossos-aplicativos\/","og_site_name":"Sobre a Meta","article_published_time":"2020-11-11T21:35:10+00:00","article_modified_time":"2021-06-17T13:07:36+00:00","og_image":[{"width":1024,"height":576,"url":"https:\/\/about.fb.com\/br\/wp-content\/uploads\/sites\/11\/2020\/11\/NRP-Privacy_Matters_Account_Center_NRP-Privacy_Matters_Account_Center_banner_POR.png?resize=1024,576","type":"image\/png"}],"author":"facebookbr","twitter_card":"summary_large_image","twitter_misc":{"Written by":"Meta","Est. reading time":"2 minutos"},"schema":{"@context":"https:\/\/schema.org","@graph":[{"@type":"Article","@id":"https:\/\/about.fb.com\/br\/news\/2020\/11\/um-caminho-mais-facil-para-gerenciar-os-recursos-disponiveis-em-nossos-aplicativos\/#article","isPartOf":{"@id":"https:\/\/about.fb.com\/br\/news\/2020\/11\/um-caminho-mais-facil-para-gerenciar-os-recursos-disponiveis-em-nossos-aplicativos\/"},"author":"Facebook company","headline":"Um caminho mais f\u00e1cil para gerenciar os recursos dispon\u00edveis em nossos aplicativos","datePublished":"2020-11-11T21:35:10+00:00","dateModified":"2021-06-17T13:07:36+00:00","mainEntityOfPage":{"@id":"https:\/\/about.fb.com\/br\/news\/2020\/11\/um-caminho-mais-facil-para-gerenciar-os-recursos-disponiveis-em-nossos-aplicativos\/"},"wordCount":435,"publisher":{"@id":"https:\/\/about.fb.com\/br\/#organization"},"image":{"@id":"https:\/\/about.fb.com\/br\/news\/2020\/11\/um-caminho-mais-facil-para-gerenciar-os-recursos-disponiveis-em-nossos-aplicativos\/#primaryimage"},"thumbnailUrl":"https:\/\/about.fb.com\/br\/wp-content\/uploads\/sites\/11\/2020\/11\/NRP-Privacy_Matters_Account_Center_NRP-Privacy_Matters_Account_Center_banner_POR.png?fit=1921%2C1080","articleSection":["Recent News"],"inLanguage":"pt-BR"},{"@type":"WebPage","@id":"https:\/\/about.fb.com\/br\/news\/2020\/11\/um-caminho-mais-facil-para-gerenciar-os-recursos-disponiveis-em-nossos-aplicativos\/","url":"https:\/\/about.fb.com\/br\/news\/2020\/11\/um-caminho-mais-facil-para-gerenciar-os-recursos-disponiveis-em-nossos-aplicativos\/","name":"Um caminho mais f\u00e1cil para gerenciar os recursos dispon\u00edveis em nossos aplicativos | Sobre a Meta","isPartOf":{"@id":"https:\/\/about.fb.com\/br\/#website"},"primaryImageOfPage":{"@id":"https:\/\/about.fb.com\/br\/news\/2020\/11\/um-caminho-mais-facil-para-gerenciar-os-recursos-disponiveis-em-nossos-aplicativos\/#primaryimage"},"image":{"@id":"https:\/\/about.fb.com\/br\/news\/2020\/11\/um-caminho-mais-facil-para-gerenciar-os-recursos-disponiveis-em-nossos-aplicativos\/#primaryimage"},"thumbnailUrl":"https:\/\/about.fb.com\/br\/wp-content\/uploads\/sites\/11\/2020\/11\/NRP-Privacy_Matters_Account_Center_NRP-Privacy_Matters_Account_Center_banner_POR.png?fit=1921%2C1080","datePublished":"2020-11-11T21:35:10+00:00","dateModified":"2021-06-17T13:07:36+00:00","breadcrumb":{"@id":"https:\/\/about.fb.com\/br\/news\/2020\/11\/um-caminho-mais-facil-para-gerenciar-os-recursos-disponiveis-em-nossos-aplicativos\/#breadcrumb"},"inLanguage":"pt-BR","potentialAction":[{"@type":"ReadAction","target":["https:\/\/about.fb.com\/br\/news\/2020\/11\/um-caminho-mais-facil-para-gerenciar-os-recursos-disponiveis-em-nossos-aplicativos\/"]}],"author":"Sobre a Meta"},{"@type":"ImageObject","inLanguage":"pt-BR","@id":"https:\/\/about.fb.com\/br\/news\/2020\/11\/um-caminho-mais-facil-para-gerenciar-os-recursos-disponiveis-em-nossos-aplicativos\/#primaryimage","url":"https:\/\/about.fb.com\/br\/wp-content\/uploads\/sites\/11\/2020\/11\/NRP-Privacy_Matters_Account_Center_NRP-Privacy_Matters_Account_Center_banner_POR.png?fit=1921%2C1080","contentUrl":"https:\/\/about.fb.com\/br\/wp-content\/uploads\/sites\/11\/2020\/11\/NRP-Privacy_Matters_Account_Center_NRP-Privacy_Matters_Account_Center_banner_POR.png?fit=1921%2C1080","width":1921,"height":1080},{"@type":"BreadcrumbList","@id":"https:\/\/about.fb.com\/br\/news\/2020\/11\/um-caminho-mais-facil-para-gerenciar-os-recursos-disponiveis-em-nossos-aplicativos\/#breadcrumb","itemListElement":[{"@type":"ListItem","position":1,"name":"Home","item":"https:\/\/about.fb.com\/br\/"},{"@type":"ListItem","position":2,"name":"Um caminho mais f\u00e1cil para gerenciar os recursos dispon\u00edveis em nossos aplicativos"}]},{"@type":"WebSite","@id":"https:\/\/about.fb.com\/br\/#website","url":"https:\/\/about.fb.com\/news\/","name":"Sobre a Meta","description":"","publisher":{"@id":"https:\/\/about.fb.com\/br\/#organization"},"potentialAction":[{"@type":"SearchAction","target":{"@type":"EntryPoint","urlTemplate":"https:\/\/about.fb.com\/br\/?s={search_term_string}"},"query-input":{"@type":"PropertyValueSpecification","valueRequired":true,"valueName":"search_term_string"}}],"inLanguage":"pt-BR","alternateName":["Meta Newsroom","Meta"]},{"@type":"Organization","@id":"https:\/\/about.fb.com\/br\/#organization","name":"Meta","url":"https:\/\/about.fb.com\/br\/","logo":{"@type":"ImageObject","inLanguage":"pt-BR","@id":"https:\/\/about.fb.com\/br\/#\/schema\/logo\/image\/","url":"https:\/\/about.fb.com\/br\/wp-content\/uploads\/sites\/11\/2021\/10\/meta-social-16x9-1.jpg?fit=8000%2C4500","contentUrl":"https:\/\/about.fb.com\/br\/wp-content\/uploads\/sites\/11\/2021\/10\/meta-social-16x9-1.jpg?fit=8000%2C4500","width":8000,"height":4500,"caption":"Meta"},"image":{"@id":"https:\/\/about.fb.com\/br\/#\/schema\/logo\/image\/"}}]}},"jetpack_featured_media_url":"https:\/\/about.fb.com\/br\/wp-content\/uploads\/sites\/11\/2020\/11\/NRP-Privacy_Matters_Account_Center_NRP-Privacy_Matters_Account_Center_banner_POR.png?fit=1921%2C1080","jetpack-related-posts":[{"id":27104,"url":"https:\/\/about.fb.com\/br\/news\/2026\/04\/conta-meta-a-maneira-mais-simples-de-acessar-seus-apps-e-dispositivos\/","url_meta":{"origin":22053,"position":0},"title":"Conta Meta: a maneira mais simples de acessar seus apps e dispositivos","author":"Meta","date":"23\/04\/2026","format":false,"excerpt":"Mais pessoas do que nunca est\u00e3o usando as tecnologias da Meta, e nos \u00faltimos anos criamos novos apps e dispositivos que se tornaram parte da forma como as pessoas se conectam \u2014 do Threads \u00e0 Meta AI e aos \u00f3culos com IA. Com tantas maneiras de criar, aprender e se\u2026","rel":"","context":"In &quot;Meta&quot;","block_context":{"text":"Meta","link":"https:\/\/about.fb.com\/br\/news\/category\/temas-home\/meta\/"},"img":{"alt_text":"","src":"https:\/\/about.fb.com\/br\/wp-content\/uploads\/sites\/11\/2026\/04\/02_A-Central-Place-for-Settings_Carousel-01.jpg?resize=350%2C200","width":350,"height":200,"srcset":"https:\/\/about.fb.com\/br\/wp-content\/uploads\/sites\/11\/2026\/04\/02_A-Central-Place-for-Settings_Carousel-01.jpg?resize=350%2C200 1x, https:\/\/about.fb.com\/br\/wp-content\/uploads\/sites\/11\/2026\/04\/02_A-Central-Place-for-Settings_Carousel-01.jpg?resize=525%2C300 1.5x, https:\/\/about.fb.com\/br\/wp-content\/uploads\/sites\/11\/2026\/04\/02_A-Central-Place-for-Settings_Carousel-01.jpg?resize=700%2C400 2x, https:\/\/about.fb.com\/br\/wp-content\/uploads\/sites\/11\/2026\/04\/02_A-Central-Place-for-Settings_Carousel-01.jpg?resize=1050%2C600 3x, https:\/\/about.fb.com\/br\/wp-content\/uploads\/sites\/11\/2026\/04\/02_A-Central-Place-for-Settings_Carousel-01.jpg?resize=1400%2C800 4x"},"classes":[]},{"id":26838,"url":"https:\/\/about.fb.com\/br\/news\/2025\/12\/facilitando-o-acesso-ao-suporte-de-conta-no-facebook-e-instagram\/","url_meta":{"origin":22053,"position":1},"title":"Facilitando o acesso ao suporte de conta no Facebook e Instagram","author":"Meta","date":"04\/12\/2025","format":false,"excerpt":"\u00a0 Destaque Estamos tornando mais f\u00e1cil\u00a0 o acesso ao\u00a0 nosso\u00a0 suporte de conta 24 horas no Facebook e Instagram,com novas ferramentas,\u00a0 incluindo\u00a0 um hub de suporte centralizado. No \u00faltimo ano, novos casos de invas\u00e3o de contas diminu\u00edram mais de 30% globalmente no Facebook e Instagram, e a recupera\u00e7\u00e3o de contas\u2026","rel":"","context":"In &quot;Feed - Categorias&quot;","block_context":{"text":"Feed - Categorias","link":"https:\/\/about.fb.com\/br\/news\/category\/technologies\/"},"img":{"alt_text":"","src":"https:\/\/about.fb.com\/br\/wp-content\/uploads\/sites\/11\/2025\/12\/01_Support-Hubsmall-entry_Carousel-01.gif?resize=350%2C200","width":350,"height":200,"srcset":"https:\/\/about.fb.com\/br\/wp-content\/uploads\/sites\/11\/2025\/12\/01_Support-Hubsmall-entry_Carousel-01.gif?resize=350%2C200 1x, https:\/\/about.fb.com\/br\/wp-content\/uploads\/sites\/11\/2025\/12\/01_Support-Hubsmall-entry_Carousel-01.gif?resize=525%2C300 1.5x, https:\/\/about.fb.com\/br\/wp-content\/uploads\/sites\/11\/2025\/12\/01_Support-Hubsmall-entry_Carousel-01.gif?resize=700%2C400 2x"},"classes":[]},{"id":27019,"url":"https:\/\/about.fb.com\/br\/news\/2026\/03\/nossas-medidas-para-dar-apoio-as-familias-no-brasil\/","url_meta":{"origin":22053,"position":2},"title":"Nossas medidas para dar apoio \u00e0s fam\u00edlias no Brasil","author":"Meta","date":"17\/03\/2026","format":false,"excerpt":"O Estatuto Digital da Crian\u00e7a e do Adolescente (ECA Digital) entra em vigor hoje (17) no Brasil. Como parte do nosso trabalho para cumprir a lei, estamos implementando recursos adicionais \u00e0s prote\u00e7\u00f5es j\u00e1 existentes nas Contas de Adolescentes para dar aos pais mais formas de supervisionar o uso que seus\u2026","rel":"","context":"In &quot;Recent News&quot;","block_context":{"text":"Recent News","link":"https:\/\/about.fb.com\/br\/news\/category\/recent-news\/"},"img":{"alt_text":"","src":"","width":0,"height":0},"classes":[]},{"id":26692,"url":"https:\/\/about.fb.com\/br\/news\/2025\/10\/melhorando-suas-recomendacoes-em-nossos-aplicativos-com-ia-na-meta\/","url_meta":{"origin":22053,"position":3},"title":"Melhorando suas recomenda\u00e7\u00f5es em nossos aplicativos com IA na Meta","author":"Meta","date":"01\/10\/2025","format":false,"excerpt":"Mais de 1 bilh\u00e3o de pessoas usam Meta AI todo m\u00eas. Continuamos a melhorar a forma como nossos produtos de IA se mostram relevantes para voc\u00ea, entendem seus objetivos e ajudam a realizar tarefas de maneira mais eficiente. Tamb\u00e9m estamos usando Meta AI, bem como outros recursos de IA para\u2026","rel":"","context":"In &quot;Meta&quot;","block_context":{"text":"Meta","link":"https:\/\/about.fb.com\/br\/news\/category\/temas-home\/meta\/"},"img":{"alt_text":"","src":"https:\/\/about.fb.com\/br\/wp-content\/uploads\/sites\/11\/2025\/10\/Meta-Privacy-Update_Header.jpg?fit=1920%2C1080&resize=350%2C200","width":350,"height":200,"srcset":"https:\/\/about.fb.com\/br\/wp-content\/uploads\/sites\/11\/2025\/10\/Meta-Privacy-Update_Header.jpg?fit=1920%2C1080&resize=350%2C200 1x, https:\/\/about.fb.com\/br\/wp-content\/uploads\/sites\/11\/2025\/10\/Meta-Privacy-Update_Header.jpg?fit=1920%2C1080&resize=525%2C300 1.5x, https:\/\/about.fb.com\/br\/wp-content\/uploads\/sites\/11\/2025\/10\/Meta-Privacy-Update_Header.jpg?fit=1920%2C1080&resize=700%2C400 2x, https:\/\/about.fb.com\/br\/wp-content\/uploads\/sites\/11\/2025\/10\/Meta-Privacy-Update_Header.jpg?fit=1920%2C1080&resize=1050%2C600 3x, https:\/\/about.fb.com\/br\/wp-content\/uploads\/sites\/11\/2025\/10\/Meta-Privacy-Update_Header.jpg?fit=1920%2C1080&resize=1400%2C800 4x"},"classes":[]},{"id":26169,"url":"https:\/\/about.fb.com\/br\/news\/2025\/02\/introduzindo-conta-de-adolescente-no-brasil\/","url_meta":{"origin":22053,"position":4},"title":"Introduzindo Conta de Adolescente no Brasil","author":"Meta","date":"11\/02\/2025","format":false,"excerpt":"Hoje, estamos animados em anunciar que come\u00e7amos a implementar gradualmente a Conta de Adolescente do Instagram no Brasil. Pensamos constantemente em como podemos continuar a promover experi\u00eancias adequadas \u00e0 idade para os adolescentes\u00a0 e, ao mesmo tempo, dar aos pais a tranquilidade de saber que seus filhos est\u00e3o seguros e\u2026","rel":"","context":"In &quot;Recent News&quot;","block_context":{"text":"Recent News","link":"https:\/\/about.fb.com\/br\/news\/category\/recent-news\/"},"img":{"alt_text":"","src":"https:\/\/about.fb.com\/br\/wp-content\/uploads\/sites\/11\/2025\/02\/Copy-of-ROW_Teen_QPs_pt_BR.png?fit=5760%2C3840&resize=350%2C200","width":350,"height":200,"srcset":"https:\/\/about.fb.com\/br\/wp-content\/uploads\/sites\/11\/2025\/02\/Copy-of-ROW_Teen_QPs_pt_BR.png?fit=5760%2C3840&resize=350%2C200 1x, https:\/\/about.fb.com\/br\/wp-content\/uploads\/sites\/11\/2025\/02\/Copy-of-ROW_Teen_QPs_pt_BR.png?fit=5760%2C3840&resize=525%2C300 1.5x, https:\/\/about.fb.com\/br\/wp-content\/uploads\/sites\/11\/2025\/02\/Copy-of-ROW_Teen_QPs_pt_BR.png?fit=5760%2C3840&resize=700%2C400 2x, https:\/\/about.fb.com\/br\/wp-content\/uploads\/sites\/11\/2025\/02\/Copy-of-ROW_Teen_QPs_pt_BR.png?fit=5760%2C3840&resize=1050%2C600 3x, https:\/\/about.fb.com\/br\/wp-content\/uploads\/sites\/11\/2025\/02\/Copy-of-ROW_Teen_QPs_pt_BR.png?fit=5760%2C3840&resize=1400%2C800 4x"},"classes":[]},{"id":26501,"url":"https:\/\/about.fb.com\/br\/news\/2025\/06\/apresentamos-chaves-de-acesso-no-facebook-para-facilitar-o-login\/","url_meta":{"origin":22053,"position":5},"title":"Apresentamos chaves de acesso no Facebook para facilitar o login","author":"Meta","date":"18\/06\/2025","format":false,"excerpt":"Estamos introduzindo as chaves de acesso no Facebook para dispositivos m\u00f3veis, oferecendo outra ferramenta para proteger sua privacidade e seguran\u00e7a. As chaves de acesso s\u00e3o uma nova maneira de verificar sua identidade e fazer login na sua conta com mais facilidade e seguran\u00e7a do que usando as senhas tradicionais. Em\u2026","rel":"","context":"In &quot;Facebook&quot;","block_context":{"text":"Facebook","link":"https:\/\/about.fb.com\/br\/news\/category\/technologies\/facebook\/"},"img":{"alt_text":"","src":"https:\/\/about.fb.com\/br\/wp-content\/uploads\/sites\/11\/2025\/06\/Meta_FB-Chaves-de-Acesso.jpg?fit=1280%2C720&resize=350%2C200","width":350,"height":200,"srcset":"https:\/\/about.fb.com\/br\/wp-content\/uploads\/sites\/11\/2025\/06\/Meta_FB-Chaves-de-Acesso.jpg?fit=1280%2C720&resize=350%2C200 1x, https:\/\/about.fb.com\/br\/wp-content\/uploads\/sites\/11\/2025\/06\/Meta_FB-Chaves-de-Acesso.jpg?fit=1280%2C720&resize=525%2C300 1.5x, https:\/\/about.fb.com\/br\/wp-content\/uploads\/sites\/11\/2025\/06\/Meta_FB-Chaves-de-Acesso.jpg?fit=1280%2C720&resize=700%2C400 2x, https:\/\/about.fb.com\/br\/wp-content\/uploads\/sites\/11\/2025\/06\/Meta_FB-Chaves-de-Acesso.jpg?fit=1280%2C720&resize=1050%2C600 3x"},"classes":[]}],"jetpack_sharing_enabled":true,"amp_enabled":true,"_links":{"self":[{"href":"https:\/\/about.fb.com\/br\/wp-json\/wp\/v2\/posts\/22053","targetHints":{"allow":["GET"]}}],"collection":[{"href":"https:\/\/about.fb.com\/br\/wp-json\/wp\/v2\/posts"}],"about":[{"href":"https:\/\/about.fb.com\/br\/wp-json\/wp\/v2\/types\/post"}],"author":[{"embeddable":true,"href":"https:\/\/about.fb.com\/br\/wp-json\/wp\/v2\/users\/81109636"}],"replies":[{"embeddable":true,"href":"https:\/\/about.fb.com\/br\/wp-json\/wp\/v2\/comments?post=22053"}],"version-history":[{"count":2,"href":"https:\/\/about.fb.com\/br\/wp-json\/wp\/v2\/posts\/22053\/revisions"}],"predecessor-version":[{"id":22059,"href":"https:\/\/about.fb.com\/br\/wp-json\/wp\/v2\/posts\/22053\/revisions\/22059"}],"wp:featuredmedia":[{"embeddable":true,"href":"https:\/\/about.fb.com\/br\/wp-json\/wp\/v2\/media\/22057"}],"wp:attachment":[{"href":"https:\/\/about.fb.com\/br\/wp-json\/wp\/v2\/media?parent=22053"}],"wp:term":[{"taxonomy":"category","embeddable":true,"href":"https:\/\/about.fb.com\/br\/wp-json\/wp\/v2\/categories?post=22053"},{"taxonomy":"post_tag","embeddable":true,"href":"https:\/\/about.fb.com\/br\/wp-json\/wp\/v2\/tags?post=22053"}],"curies":[{"name":"wp","href":"https:\/\/api.w.org\/{rel}","templated":true}]}}