{"id":22023,"date":"2020-10-22T13:48:04","date_gmt":"2020-10-22T16:48:04","guid":{"rendered":"https:\/\/about.fb.com\/br\/?p=22023"},"modified":"2021-07-01T17:15:51","modified_gmt":"2021-07-01T20:15:51","slug":"o-comite-de-supervisao-comeca-a-analisar-casos","status":"publish","type":"post","link":"https:\/\/about.fb.com\/br\/news\/2020\/10\/o-comite-de-supervisao-comeca-a-analisar-casos\/","title":{"rendered":"Comit\u00ea de Supervis\u00e3o come\u00e7a a analisar casos"},"content":{"rendered":"<p><span style=\"font-weight: 400\">A partir de <\/span><a href=\"https:\/\/oversightboard.com\/news\/833880990682078-the-oversight-board-is-now-accepting-cases\/\"><span style=\"font-weight: 400\">hoje<\/span><\/a><span style=\"font-weight: 400\">, caso seu conte\u00fado tenha sido removido do Facebook ou do Instagram, e voc\u00ea esgotou todas as tentativas recursos do Facebook, \u00e9 poss\u00edvel apresentar um recurso sobre seu caso para o <\/span><a href=\"https:\/\/oversightboard.com\/\"><span style=\"font-weight: 400\">Comit\u00ea de Supervis\u00e3o<\/span><\/a><span style=\"font-weight: 400\">, um conjunto global de especialistas, separado do Facebook, que tomar\u00e1 decis\u00f5es independentes e vinculativas sobre os casos que escolherem analisar.\u00a0<\/span><\/p>\n<p><span style=\"font-weight: 400\">Em 2018, Mark Zuckerberg descreveu pela primeira vez <\/span><a href=\"https:\/\/www.facebook.com\/notes\/mark-zuckerberg\/a-blueprint-for-content-governance-and-enforcement\/10156443129621634\/?hc_location=ufi\"><span style=\"font-weight: 400\">uma vis\u00e3o<\/span><\/a><span style=\"font-weight: 400\"> para um novo cap\u00edtulo na governan\u00e7a online e declarou que \u201co Facebook n\u00e3o deve tomar tantas decis\u00f5es importantes sobre liberdade de express\u00e3o e seguran\u00e7a por conta pr\u00f3pria\u201d. O Comit\u00ea de Supervis\u00e3o \u00e9 a concretiza\u00e7\u00e3o dessa vis\u00e3o.<\/span><\/p>\n<p><span style=\"font-weight: 400\">Nas pr\u00f3ximas semanas, nossos quase tr\u00eas bilh\u00f5es de usu\u00e1rios ter\u00e3o acesso a uma an\u00e1lise independente de decis\u00f5es dif\u00edceis sobre conte\u00fado. O Facebook se comprometeu a fazer cumprir as decis\u00f5es do Comit\u00ea sobre conte\u00fado individualmente, al\u00e9m de considerar com cuidado e responder de forma transparente todas as recomenda\u00e7\u00f5es de pol\u00edtica.\u00a0<\/span><\/p>\n<p><span style=\"font-weight: 400\">O Comit\u00ea tomar\u00e1 decis\u00f5es sobre quais casos analisar, selecionando entre os casos enviados por usu\u00e1rios e aqueles indicados pelo Facebook. A sele\u00e7\u00e3o ser\u00e1 feita com base em crit\u00e9rios estabelecidos no comunicado de hoje.\u00a0<\/span><\/p>\n<p><strong>O caminho at\u00e9 o Comit\u00ea de Supervis\u00e3o\u00a0<\/strong><\/p>\n<p><span style=\"font-weight: 400\">Nos \u00faltimos dois anos, o Facebook realizou um processo de consulta global que culminou na cria\u00e7\u00e3o do <\/span><a href=\"https:\/\/about.fb.com\/news\/2019\/12\/oversight-board-update\/\"><span style=\"font-weight: 400\">fundo<\/span><\/a><span style=\"font-weight: 400\">, do <\/span><a href=\"https:\/\/about.fb.com\/br\/news\/2019\/09\/estrutura-e-governanca-do-comite-de-supervisao\/\"><span style=\"font-weight: 400\">estatuto<\/span><\/a><span style=\"font-weight: 400\">, do <\/span><a href=\"https:\/\/about.fb.com\/news\/2020\/01\/facebooks-oversight-board\/\"><span style=\"font-weight: 400\">regulamento interno<\/span><\/a><span style=\"font-weight: 400\"> e da ferramenta de gerenciamento de caso do Comit\u00ea de Supervis\u00e3o, bem como na cria\u00e7\u00e3o de uma equipe interna do Facebook para implementar as decis\u00f5es do Comit\u00ea.\u00a0<\/span><\/p>\n<p><span style=\"font-weight: 400\">Em maio de 2020, ap\u00f3s a conclus\u00e3o de um processo de busca em todo o mundo, o Comit\u00ea <\/span><a href=\"https:\/\/about.fb.com\/br\/news\/2020\/05\/dando-as-boas-vindas-ao-comite-de-supervisao\/\"><span style=\"font-weight: 400\">anunciou<\/span><\/a><span style=\"font-weight: 400\"> os primeiros 20 membros.\u00a0<\/span><\/p>\n<p><span style=\"font-weight: 400\">Desde ent\u00e3o, os membros do Comit\u00ea t\u00eam passado por um rigoroso processo de orienta\u00e7\u00e3o que inclui treinamento sobre a\u00e7\u00f5es e pol\u00edticas de conte\u00fado do Facebook e simula\u00e7\u00f5es do processo de tomada de decis\u00e3o de casos. Paralelamente, a administra\u00e7\u00e3o do Comit\u00ea tamb\u00e9m criou estruturas de apoio \u00e0s opera\u00e7\u00f5es. Tamb\u00e9m criamos uma <\/span><a href=\"https:\/\/about.fb.com\/news\/2020\/10\/privacy-protected-way-to-refer-cases-to-oversight-board\/\"><span style=\"font-weight: 400\">ferramenta de gerenciamento de caso<\/span><\/a> <span style=\"font-weight: 400\">para que os membros do Comit\u00ea tenham a privacidade protegida e, de maneira segura, possam selecionar, analisar e tomar decis\u00f5es sobre os casos.\u00a0<\/span><\/p>\n<p><strong>Como fa\u00e7o para apresentar um recurso sobre meu caso?\u00a0<\/strong><\/p>\n<p><span style=\"font-weight: 400\">No futuro, as pessoas que tenham (1) apresentado um recurso com rela\u00e7\u00e3o a decis\u00f5es qualificadas de conte\u00fado do Facebook ou do Instagram e (2) esgotado todos os recursos disponibilizados pelo Facebook receber\u00e3o uma identifica\u00e7\u00e3o de refer\u00eancia do Comit\u00ea de Supervis\u00e3o na Caixa de Entrada de Suporte no Facebook ou na se\u00e7\u00e3o Solicita\u00e7\u00f5es de suporte no Instagram. As pessoas poder\u00e3o usar essa identifica\u00e7\u00e3o de refer\u00eancia no site do <\/span><a href=\"https:\/\/oversightboard.com\/appeals-process\/\"><span style=\"font-weight: 400\">Comit\u00ea de Supervis\u00e3o<\/span><\/a> <span style=\"font-weight: 400\">para enviar o caso para an\u00e1lise do Comit\u00ea. Nesse momento, elas tamb\u00e9m ter\u00e3o a oportunidade de fornecer uma declara\u00e7\u00e3o sobre por que est\u00e3o contestando a decis\u00e3o do Facebook, explicar como ou por que acreditam que o Facebook errou na decis\u00e3o e compartilhar mais contexto sobre a publica\u00e7\u00e3o em quest\u00e3o, incluindo a motiva\u00e7\u00e3o para publicar.\u00a0<\/span><\/p>\n<p><span style=\"font-weight: 400\">Assim como acontece com todos os produtos do Facebook, lan\u00e7aremos a op\u00e7\u00e3o de apresentar um recurso ao Comit\u00ea de Supervis\u00e3o para pessoas em todo o mundo por etapas, a fim de garantir a estabilidade da experi\u00eancia do produto para os usu\u00e1rios. Esperamos que todos no Facebook e no Instagram qualificados para indicar casos ao Comit\u00ea de Supervis\u00e3o tenham os meios t\u00e9cnicos para fazer isso nas pr\u00f3ximas semanas.\u00a0<\/span><\/p>\n<p>Veja como <span style=\"font-weight: 400\"><a href=\"https:\/\/about.fb.com\/br\/wp-content\/uploads\/sites\/11\/2020\/10\/OB_User-Generated-Appeal_FINAL_OB_pt_BR.png\">apresentar um recurso<\/a> ao Comit\u00ea de Supervis\u00e3o.<\/span><\/p>\n<p><strong>Como o Comit\u00ea de Supervis\u00e3o selecionar\u00e1 os casos?\u00a0<\/strong><\/p>\n<p><span style=\"font-weight: 400\">O Comit\u00ea de Supervis\u00e3o selecionar\u00e1 casos entre aqueles indicados por pessoas que usam o Facebook ou o Instagram, ou pelo pr\u00f3prio Facebook. O Comit\u00ea ter\u00e1 o crit\u00e9rio exclusivo de quais casos analisar, exceto em circunst\u00e2ncias excepcionais quando o Facebook encaminhar um caso para uma an\u00e1lise c\u00e9lere. Nessas situa\u00e7\u00f5es, o Comit\u00ea aceitar\u00e1 e analisar\u00e1 o caso o mais r\u00e1pido poss\u00edvel.\u00a0<\/span><\/p>\n<p><span style=\"font-weight: 400\">No lan\u00e7amento, devido ao modo de funcionamento dos sistemas atuais de modera\u00e7\u00e3o de conte\u00fado do Facebook, somente os usu\u00e1rios que tiveram conte\u00fado removido pelo Facebook poder\u00e3o apresentar um recurso ao Comit\u00ea. No entanto, nosso objetivo \u00e9 trazer para o escopo todos os tipos de conte\u00fado descritos no regulamento interno o mais r\u00e1pido poss\u00edvel. Para tornar isso poss\u00edvel, estamos criando as ferramentas e os sistemas necess\u00e1rios, por exemplo, se uma pessoa acredita que um conte\u00fado publicado por outra deve ser removido ou que um Grupo est\u00e1 violando nossos<\/span><a href=\"https:\/\/www.facebook.com\/communitystandards\/\"><span style=\"font-weight: 400\"> Padr\u00f5es da Comunidade<\/span><\/a><span style=\"font-weight: 400\">\u00a0e deve ser removido. Em qualquer caso, as decis\u00f5es sobre o conte\u00fado que foi mantido pelo Facebook est\u00e3o dentro do escopo desde o come\u00e7o, j\u00e1 que o Facebook pode indicar esse conte\u00fado diretamente ao Comit\u00ea.\u00a0<\/span><\/p>\n<p><span style=\"font-weight: 400\">Segundo o <\/span><a href=\"https:\/\/oversightboard.com\/news\/\"><span style=\"font-weight: 400\">Comit\u00ea<\/span><\/a><span style=\"font-weight: 400\">, o primeiro caso ser\u00e1 selecionado para an\u00e1lise nas pr\u00f3ximas semanas. De acordo com o regulamento interno, as decis\u00f5es do Comit\u00ea ser\u00e3o emitidas e implementadas em at\u00e9 90 dias ap\u00f3s a decis\u00e3o final do Facebook sobre um caso.\u00a0<\/span><\/p>\n<p><a href=\"https:\/\/about.fb.com\/br\/wp-content\/uploads\/sites\/11\/2020\/10\/FB_Oversight-Board_Case-Timeline_v3_1_pt_BR.jpg\" target=\"_blank\" rel=\"noopener noreferrer\"><img data-recalc-dims=\"1\" loading=\"lazy\" decoding=\"async\" class=\"aligncenter wp-image-22037 size-large\" src=\"https:\/\/about.fb.com\/br\/wp-content\/uploads\/sites\/11\/2020\/10\/FB_Oversight-Board_Case-Timeline_v3_1_pt_BR.jpg?w=890&#038;resize=890%2C442\" alt=\"\" width=\"890\" height=\"442\" srcset=\"https:\/\/about.fb.com\/br\/wp-content\/uploads\/sites\/11\/2020\/10\/FB_Oversight-Board_Case-Timeline_v3_1_pt_BR.jpg?w=1401 1401w, https:\/\/about.fb.com\/br\/wp-content\/uploads\/sites\/11\/2020\/10\/FB_Oversight-Board_Case-Timeline_v3_1_pt_BR.jpg?w=600 600w, https:\/\/about.fb.com\/br\/wp-content\/uploads\/sites\/11\/2020\/10\/FB_Oversight-Board_Case-Timeline_v3_1_pt_BR.jpg?w=300 300w, https:\/\/about.fb.com\/br\/wp-content\/uploads\/sites\/11\/2020\/10\/FB_Oversight-Board_Case-Timeline_v3_1_pt_BR.jpg?w=768 768w, https:\/\/about.fb.com\/br\/wp-content\/uploads\/sites\/11\/2020\/10\/FB_Oversight-Board_Case-Timeline_v3_1_pt_BR.jpg?w=1024 1024w, https:\/\/about.fb.com\/br\/wp-content\/uploads\/sites\/11\/2020\/10\/FB_Oversight-Board_Case-Timeline_v3_1_pt_BR.jpg?w=800 800w\" sizes=\"auto, (max-width: 890px) 100vw, 890px\" \/><\/a><\/p>\n<p><strong>Como o Facebook decidir\u00e1 o que encaminhar ao Comit\u00ea?\u00a0<\/strong><\/p>\n<p><span style=\"font-weight: 400\">O Facebook far\u00e1 isso de acordo com o regulamento interno do Comit\u00ea de Supervis\u00e3o, como parte do processo normal de envio de casos. O Facebook pode indicar decis\u00f5es de conte\u00fado<\/span> <a href=\"https:\/\/about.fb.com\/br\/news\/2019\/09\/estrutura-e-governanca-do-comite-de-supervisao\/\"><span style=\"font-weight: 400\">\u201csignificativas e dif\u00edceis\u201d<\/span><\/a><span style=\"font-weight: 400\"> diretamente ao Comit\u00ea de Supervis\u00e3o. Nesse momento, o indiv\u00edduo que publicou o conte\u00fado em quest\u00e3o ser\u00e1 notificado e ter\u00e1 a oportunidade de fornecer uma declara\u00e7\u00e3o. Iniciamos o processo de sele\u00e7\u00e3o de casos para indicar ao Comit\u00ea e indicaremos casos que sejam geograficamente diversos, cubram uma ampla gama de tipos de viola\u00e7\u00e3o encontrados em nossos Padr\u00f5es da Comunidade e incluam tanto conte\u00fado removido quanto mantido. De modo similar aos recursos do usu\u00e1rio, o Comit\u00ea escolher\u00e1 quais casos encaminhados pelo Facebook ser\u00e3o analisados e, em seguida, tomar\u00e1 uma decis\u00e3o vinculativa no Facebook.\u00a0<\/span><\/p>\n<p><span style=\"font-weight: 400\">Al\u00e9m do processo normal de casos encaminhados pelo Facebook, tamb\u00e9m ser\u00e1 poss\u00edvel ao Facebook obter uma an\u00e1lise urgente das decis\u00f5es de conte\u00fado em circunst\u00e2ncias excepcionais por meio de uma an\u00e1lise c\u00e9lere.\u00a0<\/span><\/p>\n<p><a href=\"https:\/\/about.fb.com\/br\/wp-content\/uploads\/sites\/11\/2020\/10\/OB_Case-Pathways_FINAL_OB_pt_BR.png\" target=\"_blank\" rel=\"noopener noreferrer\"><img data-recalc-dims=\"1\" loading=\"lazy\" decoding=\"async\" class=\"aligncenter wp-image-22026 size-large\" src=\"https:\/\/about.fb.com\/br\/wp-content\/uploads\/sites\/11\/2020\/10\/OB_Case-Pathways_FINAL_OB_pt_BR.png?w=640&#038;resize=640%2C1024\" alt=\"\" width=\"640\" height=\"1024\" srcset=\"https:\/\/about.fb.com\/br\/wp-content\/uploads\/sites\/11\/2020\/10\/OB_Case-Pathways_FINAL_OB_pt_BR.png?w=1440 1440w, https:\/\/about.fb.com\/br\/wp-content\/uploads\/sites\/11\/2020\/10\/OB_Case-Pathways_FINAL_OB_pt_BR.png?w=250 250w, https:\/\/about.fb.com\/br\/wp-content\/uploads\/sites\/11\/2020\/10\/OB_Case-Pathways_FINAL_OB_pt_BR.png?w=187 187w, https:\/\/about.fb.com\/br\/wp-content\/uploads\/sites\/11\/2020\/10\/OB_Case-Pathways_FINAL_OB_pt_BR.png?w=768 768w, https:\/\/about.fb.com\/br\/wp-content\/uploads\/sites\/11\/2020\/10\/OB_Case-Pathways_FINAL_OB_pt_BR.png?w=640 640w, https:\/\/about.fb.com\/br\/wp-content\/uploads\/sites\/11\/2020\/10\/OB_Case-Pathways_FINAL_OB_pt_BR.png?w=960 960w, https:\/\/about.fb.com\/br\/wp-content\/uploads\/sites\/11\/2020\/10\/OB_Case-Pathways_FINAL_OB_pt_BR.png?w=1279 1279w, https:\/\/about.fb.com\/br\/wp-content\/uploads\/sites\/11\/2020\/10\/OB_Case-Pathways_FINAL_OB_pt_BR.png?w=675 675w, https:\/\/about.fb.com\/br\/wp-content\/uploads\/sites\/11\/2020\/10\/OB_Case-Pathways_FINAL_OB_pt_BR.png?w=1349 1349w, https:\/\/about.fb.com\/br\/wp-content\/uploads\/sites\/11\/2020\/10\/OB_Case-Pathways_FINAL_OB_pt_BR.png?w=375 375w\" sizes=\"auto, (max-width: 640px) 100vw, 640px\" \/><\/a><\/p>\n<p><strong>Atualiza\u00e7\u00f5es do Fundo e do regulamento interno do Comit\u00ea de Supervis\u00e3o\u00a0<\/strong><\/p>\n<p><span style=\"font-weight: 400\">Em dezembro, o Facebook estabeleceu <\/span><a href=\"https:\/\/about.fb.com\/news\/2019\/12\/oversight-board-update\/\"><span style=\"font-weight: 400\">um fundo independente<\/span><\/a><span style=\"font-weight: 400\"> do Comit\u00ea de Supervis\u00e3o para proteger a independ\u00eancia financeira e de tomada de decis\u00f5es do Comit\u00ea em rela\u00e7\u00e3o ao Facebook. O Fundo e seus curadores s\u00e3o respons\u00e1veis por facilitar a supervis\u00e3o financeira e jur\u00eddica do Comit\u00ea de Supervis\u00e3o, afastando ainda mais o Facebook de qualquer envolvimento nas opera\u00e7\u00f5es do Comit\u00ea. Os curadores n\u00e3o tomar\u00e3o decis\u00f5es relacionadas a conte\u00fado nem a recomenda\u00e7\u00f5es de pol\u00edticas.\u00a0<\/span><\/p>\n<p><span style=\"font-weight: 400\">Hoje, <\/span><a href=\"https:\/\/oversightboard.com\/news\/833880990682078-the-oversight-board-is-now-accepting-cases\/\"><span style=\"font-weight: 400\">o Comit\u00ea de Supervis\u00e3o anunciou<\/span><\/a><span style=\"font-weight: 400\"> o primeiro curador individual, que atuar\u00e1 como presidente do Fundo, o Sr. Paul Haaga<\/span><span style=\"font-weight: 400\">. O Sr. Haaga \u00e9 um experiente administrador e curador de organiza\u00e7\u00f5es com e sem fins lucrativos de v\u00e1rios portes e foi nomeado pelo Facebook com base suas qualifica\u00e7\u00f5es e experi\u00eancia. Al\u00e9m do Sr. Haaga, os futuros curadores ser\u00e3o selecionados com base na experi\u00eancia em ocupar cargos de capacidade jur\u00eddica, financeira ou fiduci\u00e1ria, bem como na experi\u00eancia em quest\u00f5es de supervis\u00e3o e governan\u00e7a institucional.\u00a0<\/span><\/p>\n<p><span style=\"font-weight: 400\">Por fim, como parte do an\u00fancio de hoje, o Facebook e o Fundo do Comit\u00ea de Supervis\u00e3o concordaram com v\u00e1rias atualiza\u00e7\u00f5es de procedimentos no <\/span><a href=\"https:\/\/about.fb.com\/news\/2019\/12\/oversight-board-update\/\"><span style=\"font-weight: 400\">Contrato do Fundo<\/span><\/a><span style=\"font-weight: 400\">. As mudan\u00e7as refletem, com mais detalhes, a responsabilidade dos curadores com rela\u00e7\u00e3o a poss\u00edveis conflitos de interesse e fazem atualiza\u00e7\u00f5es de procedimentos para permitir mais efici\u00eancia nas opera\u00e7\u00f5es.\u00a0<\/span><\/p>\n<p><span style=\"font-weight: 400\">Estamos incrivelmente gratos por todos que tornaram poss\u00edvel a cria\u00e7\u00e3o do Comit\u00ea de Supervis\u00e3o e estamos ansiosos para implementar as decis\u00f5es dele. <\/span><\/p>\n","protected":false},"excerpt":{"rendered":"A partir de hoje, caso seu conte\u00fado tenha sido removido do Facebook ou do Instagram, e voc\u00ea esgotou todas as tentativas recursos do Facebook, \u00e9 poss\u00edvel apresentar um recurso sobre seu caso para o Comit\u00ea de Supervis\u00e3o, um conjunto global de especialistas, separado do Facebook, que tomar\u00e1 decis\u00f5es independentes e vinculativas sobre os casos que escolherem analisar.\u00a0 Em 2018, Mark Zuckerberg descreveu pela primeira vez uma vis\u00e3o para um novo cap\u00edtulo na governan\u00e7a online e declarou que \u201co Facebook n\u00e3o deve tomar tantas decis\u00f5es importantes sobre liberdade de express\u00e3o e seguran\u00e7a por conta pr\u00f3pria\u201d. O Comit\u00ea de Supervis\u00e3o \u00e9 a concretiza\u00e7\u00e3o dessa vis\u00e3o. Nas pr\u00f3ximas semanas, nossos quase tr\u00eas bilh\u00f5es de usu\u00e1rios ter\u00e3o acesso a uma an\u00e1lise independente de decis\u00f5es dif\u00edceis sobre conte\u00fado. O Facebook se comprometeu a fazer cumprir as decis\u00f5es do Comit\u00ea sobre conte\u00fado individualmente, al\u00e9m de considerar com cuidado e responder de forma transparente todas as recomenda\u00e7\u00f5es de pol\u00edtica.\u00a0 O Comit\u00ea tomar\u00e1 decis\u00f5es sobre quais casos analisar, selecionando entre os casos enviados por usu\u00e1rios e aqueles indicados pelo Facebook. A sele\u00e7\u00e3o ser\u00e1 feita com base em crit\u00e9rios estabelecidos no comunicado de hoje.\u00a0 O caminho at\u00e9 o Comit\u00ea de Supervis\u00e3o\u00a0 Nos \u00faltimos dois anos, o Facebook realizou um processo de consulta global que culminou na cria\u00e7\u00e3o do fundo, do estatuto, do regulamento interno e da ferramenta de gerenciamento de caso do Comit\u00ea de Supervis\u00e3o, bem como na cria\u00e7\u00e3o de uma equipe interna do Facebook para implementar as decis\u00f5es do Comit\u00ea.\u00a0 Em maio de 2020, ap\u00f3s a conclus\u00e3o de um processo de busca em todo o mundo, o Comit\u00ea anunciou os primeiros 20 membros.\u00a0 Desde ent\u00e3o, os membros do Comit\u00ea t\u00eam passado por um rigoroso processo de orienta\u00e7\u00e3o que inclui treinamento sobre a\u00e7\u00f5es e pol\u00edticas de conte\u00fado do Facebook e simula\u00e7\u00f5es do processo de tomada de decis\u00e3o de casos. Paralelamente, a administra\u00e7\u00e3o do Comit\u00ea tamb\u00e9m criou estruturas de apoio \u00e0s opera\u00e7\u00f5es. Tamb\u00e9m criamos uma ferramenta de gerenciamento de caso para que os membros do Comit\u00ea tenham a privacidade protegida e, de maneira segura, possam selecionar, analisar e tomar decis\u00f5es sobre os casos.\u00a0 Como fa\u00e7o para apresentar um recurso sobre meu caso?\u00a0 No futuro, as pessoas que tenham (1) apresentado um recurso com rela\u00e7\u00e3o a decis\u00f5es qualificadas de conte\u00fado do Facebook ou do Instagram e (2) esgotado todos os recursos disponibilizados pelo Facebook receber\u00e3o uma identifica\u00e7\u00e3o de refer\u00eancia do Comit\u00ea de Supervis\u00e3o na Caixa de Entrada de Suporte no Facebook ou na se\u00e7\u00e3o Solicita\u00e7\u00f5es de suporte no Instagram. As pessoas poder\u00e3o usar essa identifica\u00e7\u00e3o de refer\u00eancia no site do Comit\u00ea de Supervis\u00e3o para enviar o caso para an\u00e1lise do Comit\u00ea. Nesse momento, elas tamb\u00e9m ter\u00e3o a oportunidade de fornecer uma declara\u00e7\u00e3o sobre por que est\u00e3o contestando a decis\u00e3o do Facebook, explicar como ou por que acreditam que o Facebook errou na decis\u00e3o e compartilhar mais contexto sobre a publica\u00e7\u00e3o em quest\u00e3o, incluindo a motiva\u00e7\u00e3o para publicar.\u00a0 Assim como acontece com todos os produtos do Facebook, lan\u00e7aremos a op\u00e7\u00e3o de apresentar um recurso ao Comit\u00ea de Supervis\u00e3o para pessoas em todo o mundo por etapas, a fim de garantir a estabilidade da experi\u00eancia do produto para os usu\u00e1rios. Esperamos que todos no Facebook e no Instagram qualificados para indicar casos ao Comit\u00ea de Supervis\u00e3o tenham os meios t\u00e9cnicos para fazer isso nas pr\u00f3ximas semanas.\u00a0 Veja como apresentar um recurso ao Comit\u00ea de Supervis\u00e3o. Como o Comit\u00ea de Supervis\u00e3o selecionar\u00e1 os casos?\u00a0 O Comit\u00ea de Supervis\u00e3o selecionar\u00e1 casos entre aqueles indicados por pessoas que usam o Facebook ou o Instagram, ou pelo pr\u00f3prio Facebook. O Comit\u00ea ter\u00e1 o crit\u00e9rio exclusivo de quais casos analisar, exceto em circunst\u00e2ncias excepcionais quando o Facebook encaminhar um caso para uma an\u00e1lise c\u00e9lere. Nessas situa\u00e7\u00f5es, o Comit\u00ea aceitar\u00e1 e analisar\u00e1 o caso o mais r\u00e1pido poss\u00edvel.\u00a0 No lan\u00e7amento, devido ao modo de funcionamento dos sistemas atuais de modera\u00e7\u00e3o de conte\u00fado do Facebook, somente os usu\u00e1rios que tiveram conte\u00fado removido pelo Facebook poder\u00e3o apresentar um recurso ao Comit\u00ea. No entanto, nosso objetivo \u00e9 trazer para o escopo todos os tipos de conte\u00fado descritos no regulamento interno o mais r\u00e1pido poss\u00edvel. Para tornar isso poss\u00edvel, estamos criando as ferramentas e os sistemas necess\u00e1rios, por exemplo, se uma pessoa acredita que um conte\u00fado publicado por outra deve ser removido ou que um Grupo est\u00e1 violando nossos Padr\u00f5es da Comunidade\u00a0e deve ser removido. Em qualquer caso, as decis\u00f5es sobre o conte\u00fado que foi mantido pelo Facebook est\u00e3o dentro do escopo desde o come\u00e7o, j\u00e1 que o Facebook pode indicar esse conte\u00fado diretamente ao Comit\u00ea.\u00a0 Segundo o Comit\u00ea, o primeiro caso ser\u00e1 selecionado para an\u00e1lise nas pr\u00f3ximas semanas. De acordo com o regulamento interno, as decis\u00f5es do Comit\u00ea ser\u00e3o emitidas e implementadas em at\u00e9 90 dias ap\u00f3s a decis\u00e3o final do Facebook sobre um caso.\u00a0 Como o Facebook decidir\u00e1 o que encaminhar ao Comit\u00ea?\u00a0 O Facebook far\u00e1 isso de acordo com o regulamento interno do Comit\u00ea de Supervis\u00e3o, como parte do processo normal de envio de casos. O Facebook pode indicar decis\u00f5es de conte\u00fado \u201csignificativas e dif\u00edceis\u201d diretamente ao Comit\u00ea de Supervis\u00e3o. Nesse momento, o indiv\u00edduo que publicou o conte\u00fado em quest\u00e3o ser\u00e1 notificado e ter\u00e1 a oportunidade de fornecer uma declara\u00e7\u00e3o. Iniciamos o processo de sele\u00e7\u00e3o de casos para indicar ao Comit\u00ea e indicaremos casos que sejam geograficamente diversos, cubram uma ampla gama de tipos de viola\u00e7\u00e3o encontrados em nossos Padr\u00f5es da Comunidade e incluam tanto conte\u00fado removido quanto mantido. De modo similar aos recursos do usu\u00e1rio, o Comit\u00ea escolher\u00e1 quais casos encaminhados pelo Facebook ser\u00e3o analisados e, em seguida, tomar\u00e1 uma decis\u00e3o vinculativa no Facebook.\u00a0 Al\u00e9m do processo normal de casos encaminhados pelo Facebook, tamb\u00e9m ser\u00e1 poss\u00edvel ao Facebook obter uma an\u00e1lise urgente das decis\u00f5es de conte\u00fado em circunst\u00e2ncias excepcionais por meio de uma an\u00e1lise c\u00e9lere.\u00a0 Atualiza\u00e7\u00f5es do Fundo e do regulamento interno do Comit\u00ea de Supervis\u00e3o\u00a0 Em dezembro, o Facebook estabeleceu um fundo independente do Comit\u00ea de Supervis\u00e3o para proteger a independ\u00eancia financeira e de tomada de decis\u00f5es do Comit\u00ea em rela\u00e7\u00e3o ao Facebook. O Fundo e seus curadores s\u00e3o respons\u00e1veis por facilitar a supervis\u00e3o financeira e jur\u00eddica do Comit\u00ea de Supervis\u00e3o, afastando ainda mais o Facebook de qualquer envolvimento nas opera\u00e7\u00f5es do Comit\u00ea. Os curadores n\u00e3o tomar\u00e3o decis\u00f5es relacionadas a conte\u00fado nem a recomenda\u00e7\u00f5es de pol\u00edticas.\u00a0 Hoje, o Comit\u00ea de Supervis\u00e3o anunciou o primeiro curador individual, que atuar\u00e1 como presidente do Fundo, o Sr. Paul Haaga. O Sr. Haaga \u00e9 um experiente administrador e curador de organiza\u00e7\u00f5es com e sem fins lucrativos de v\u00e1rios portes e foi nomeado pelo Facebook com base suas qualifica\u00e7\u00f5es e experi\u00eancia. Al\u00e9m do Sr. Haaga, os futuros curadores ser\u00e3o selecionados com base na experi\u00eancia em ocupar cargos de capacidade jur\u00eddica, financeira ou fiduci\u00e1ria, bem como na experi\u00eancia em quest\u00f5es de supervis\u00e3o e governan\u00e7a institucional.\u00a0 Por fim, como parte do an\u00fancio de hoje, o Facebook e o Fundo do Comit\u00ea de Supervis\u00e3o concordaram com v\u00e1rias atualiza\u00e7\u00f5es de procedimentos no Contrato do Fundo. As mudan\u00e7as refletem, com mais detalhes, a responsabilidade dos curadores com rela\u00e7\u00e3o a poss\u00edveis conflitos de interesse e fazem atualiza\u00e7\u00f5es de procedimentos para permitir mais efici\u00eancia nas opera\u00e7\u00f5es.\u00a0 Estamos incrivelmente gratos por todos que tornaram poss\u00edvel a cria\u00e7\u00e3o do Comit\u00ea de Supervis\u00e3o e estamos ansiosos para implementar as decis\u00f5es dele.","protected":false},"author":81109636,"featured_media":22024,"comment_status":"closed","ping_status":"closed","sticky":false,"template":"","format":"standard","meta":{"_jetpack_memberships_contains_paid_content":false,"footnotes":""},"categories":[396542131,1],"tags":[396542139],"class_list":["post-22023","post","type-post","status-publish","format-standard","has-post-thumbnail","hentry","category-o-comite-de-supervisao","category-recent-news","tag-comite-de-supervisao"],"yoast_head":"<!-- This site is optimized with the Yoast SEO plugin v27.2 - https:\/\/yoast.com\/product\/yoast-seo-wordpress\/ -->\n<title>Comit\u00ea de Supervis\u00e3o come\u00e7a a analisar casos | Sobre a Meta<\/title>\n<meta name=\"robots\" content=\"index, follow, max-snippet:-1, max-image-preview:large, max-video-preview:-1\" \/>\n<link rel=\"canonical\" href=\"https:\/\/about.fb.com\/br\/news\/2020\/10\/o-comite-de-supervisao-comeca-a-analisar-casos\/\" \/>\n<meta property=\"og:locale\" content=\"pt_BR\" \/>\n<meta property=\"og:type\" content=\"article\" \/>\n<meta property=\"og:title\" content=\"Comit\u00ea de Supervis\u00e3o come\u00e7a a analisar casos | Sobre a Meta\" \/>\n<meta property=\"og:description\" content=\"A partir de hoje, caso seu conte\u00fado tenha sido removido do Facebook ou do Instagram, e voc\u00ea esgotou todas as tentativas recursos do Facebook, \u00e9 poss\u00edvel apresentar um recurso sobre seu caso para o Comit\u00ea de Supervis\u00e3o, um conjunto global de especialistas, separado do Facebook, que tomar\u00e1 decis\u00f5es independentes e vinculativas sobre os casos que escolherem analisar.\u00a0 Em 2018, Mark Zuckerberg descreveu pela primeira vez uma vis\u00e3o para um novo cap\u00edtulo na governan\u00e7a online e declarou que \u201co Facebook n\u00e3o deve tomar tantas decis\u00f5es importantes sobre liberdade de express\u00e3o e seguran\u00e7a por conta pr\u00f3pria\u201d. O Comit\u00ea de Supervis\u00e3o \u00e9 a concretiza\u00e7\u00e3o dessa vis\u00e3o. Nas pr\u00f3ximas semanas, nossos quase tr\u00eas bilh\u00f5es de usu\u00e1rios ter\u00e3o acesso a uma an\u00e1lise independente de decis\u00f5es dif\u00edceis sobre conte\u00fado. O Facebook se comprometeu a fazer cumprir as decis\u00f5es do Comit\u00ea sobre conte\u00fado individualmente, al\u00e9m de considerar com cuidado e responder de forma transparente todas as recomenda\u00e7\u00f5es de pol\u00edtica.\u00a0 O Comit\u00ea tomar\u00e1 decis\u00f5es sobre quais casos analisar, selecionando entre os casos enviados por usu\u00e1rios e aqueles indicados pelo Facebook. A sele\u00e7\u00e3o ser\u00e1 feita com base em crit\u00e9rios estabelecidos no comunicado de hoje.\u00a0 O caminho at\u00e9 o Comit\u00ea de Supervis\u00e3o\u00a0 Nos \u00faltimos dois anos, o Facebook realizou um processo de consulta global que culminou na cria\u00e7\u00e3o do fundo, do estatuto, do regulamento interno e da ferramenta de gerenciamento de caso do Comit\u00ea de Supervis\u00e3o, bem como na cria\u00e7\u00e3o de uma equipe interna do Facebook para implementar as decis\u00f5es do Comit\u00ea.\u00a0 Em maio de 2020, ap\u00f3s a conclus\u00e3o de um processo de busca em todo o mundo, o Comit\u00ea anunciou os primeiros 20 membros.\u00a0 Desde ent\u00e3o, os membros do Comit\u00ea t\u00eam passado por um rigoroso processo de orienta\u00e7\u00e3o que inclui treinamento sobre a\u00e7\u00f5es e pol\u00edticas de conte\u00fado do Facebook e simula\u00e7\u00f5es do processo de tomada de decis\u00e3o de casos. Paralelamente, a administra\u00e7\u00e3o do Comit\u00ea tamb\u00e9m criou estruturas de apoio \u00e0s opera\u00e7\u00f5es. Tamb\u00e9m criamos uma ferramenta de gerenciamento de caso para que os membros do Comit\u00ea tenham a privacidade protegida e, de maneira segura, possam selecionar, analisar e tomar decis\u00f5es sobre os casos.\u00a0 Como fa\u00e7o para apresentar um recurso sobre meu caso?\u00a0 No futuro, as pessoas que tenham (1) apresentado um recurso com rela\u00e7\u00e3o a decis\u00f5es qualificadas de conte\u00fado do Facebook ou do Instagram e (2) esgotado todos os recursos disponibilizados pelo Facebook receber\u00e3o uma identifica\u00e7\u00e3o de refer\u00eancia do Comit\u00ea de Supervis\u00e3o na Caixa de Entrada de Suporte no Facebook ou na se\u00e7\u00e3o Solicita\u00e7\u00f5es de suporte no Instagram. As pessoas poder\u00e3o usar essa identifica\u00e7\u00e3o de refer\u00eancia no site do Comit\u00ea de Supervis\u00e3o para enviar o caso para an\u00e1lise do Comit\u00ea. Nesse momento, elas tamb\u00e9m ter\u00e3o a oportunidade de fornecer uma declara\u00e7\u00e3o sobre por que est\u00e3o contestando a decis\u00e3o do Facebook, explicar como ou por que acreditam que o Facebook errou na decis\u00e3o e compartilhar mais contexto sobre a publica\u00e7\u00e3o em quest\u00e3o, incluindo a motiva\u00e7\u00e3o para publicar.\u00a0 Assim como acontece com todos os produtos do Facebook, lan\u00e7aremos a op\u00e7\u00e3o de apresentar um recurso ao Comit\u00ea de Supervis\u00e3o para pessoas em todo o mundo por etapas, a fim de garantir a estabilidade da experi\u00eancia do produto para os usu\u00e1rios. Esperamos que todos no Facebook e no Instagram qualificados para indicar casos ao Comit\u00ea de Supervis\u00e3o tenham os meios t\u00e9cnicos para fazer isso nas pr\u00f3ximas semanas.\u00a0 Veja como apresentar um recurso ao Comit\u00ea de Supervis\u00e3o. Como o Comit\u00ea de Supervis\u00e3o selecionar\u00e1 os casos?\u00a0 O Comit\u00ea de Supervis\u00e3o selecionar\u00e1 casos entre aqueles indicados por pessoas que usam o Facebook ou o Instagram, ou pelo pr\u00f3prio Facebook. O Comit\u00ea ter\u00e1 o crit\u00e9rio exclusivo de quais casos analisar, exceto em circunst\u00e2ncias excepcionais quando o Facebook encaminhar um caso para uma an\u00e1lise c\u00e9lere. Nessas situa\u00e7\u00f5es, o Comit\u00ea aceitar\u00e1 e analisar\u00e1 o caso o mais r\u00e1pido poss\u00edvel.\u00a0 No lan\u00e7amento, devido ao modo de funcionamento dos sistemas atuais de modera\u00e7\u00e3o de conte\u00fado do Facebook, somente os usu\u00e1rios que tiveram conte\u00fado removido pelo Facebook poder\u00e3o apresentar um recurso ao Comit\u00ea. No entanto, nosso objetivo \u00e9 trazer para o escopo todos os tipos de conte\u00fado descritos no regulamento interno o mais r\u00e1pido poss\u00edvel. Para tornar isso poss\u00edvel, estamos criando as ferramentas e os sistemas necess\u00e1rios, por exemplo, se uma pessoa acredita que um conte\u00fado publicado por outra deve ser removido ou que um Grupo est\u00e1 violando nossos Padr\u00f5es da Comunidade\u00a0e deve ser removido. Em qualquer caso, as decis\u00f5es sobre o conte\u00fado que foi mantido pelo Facebook est\u00e3o dentro do escopo desde o come\u00e7o, j\u00e1 que o Facebook pode indicar esse conte\u00fado diretamente ao Comit\u00ea.\u00a0 Segundo o Comit\u00ea, o primeiro caso ser\u00e1 selecionado para an\u00e1lise nas pr\u00f3ximas semanas. De acordo com o regulamento interno, as decis\u00f5es do Comit\u00ea ser\u00e3o emitidas e implementadas em at\u00e9 90 dias ap\u00f3s a decis\u00e3o final do Facebook sobre um caso.\u00a0 Como o Facebook decidir\u00e1 o que encaminhar ao Comit\u00ea?\u00a0 O Facebook far\u00e1 isso de acordo com o regulamento interno do Comit\u00ea de Supervis\u00e3o, como parte do processo normal de envio de casos. O Facebook pode indicar decis\u00f5es de conte\u00fado \u201csignificativas e dif\u00edceis\u201d diretamente ao Comit\u00ea de Supervis\u00e3o. Nesse momento, o indiv\u00edduo que publicou o conte\u00fado em quest\u00e3o ser\u00e1 notificado e ter\u00e1 a oportunidade de fornecer uma declara\u00e7\u00e3o. Iniciamos o processo de sele\u00e7\u00e3o de casos para indicar ao Comit\u00ea e indicaremos casos que sejam geograficamente diversos, cubram uma ampla gama de tipos de viola\u00e7\u00e3o encontrados em nossos Padr\u00f5es da Comunidade e incluam tanto conte\u00fado removido quanto mantido. De modo similar aos recursos do usu\u00e1rio, o Comit\u00ea escolher\u00e1 quais casos encaminhados pelo Facebook ser\u00e3o analisados e, em seguida, tomar\u00e1 uma decis\u00e3o vinculativa no Facebook.\u00a0 Al\u00e9m do processo normal de casos encaminhados pelo Facebook, tamb\u00e9m ser\u00e1 poss\u00edvel ao Facebook obter uma an\u00e1lise urgente das decis\u00f5es de conte\u00fado em circunst\u00e2ncias excepcionais por meio de uma an\u00e1lise c\u00e9lere.\u00a0 Atualiza\u00e7\u00f5es do Fundo e do regulamento interno do Comit\u00ea de Supervis\u00e3o\u00a0 Em dezembro, o Facebook estabeleceu um fundo independente do Comit\u00ea de Supervis\u00e3o para proteger a independ\u00eancia financeira e de tomada de decis\u00f5es do Comit\u00ea em rela\u00e7\u00e3o ao Facebook. O Fundo e seus curadores s\u00e3o respons\u00e1veis por facilitar a supervis\u00e3o financeira e jur\u00eddica do Comit\u00ea de Supervis\u00e3o, afastando ainda mais o Facebook de qualquer envolvimento nas opera\u00e7\u00f5es do Comit\u00ea. Os curadores n\u00e3o tomar\u00e3o decis\u00f5es relacionadas a conte\u00fado nem a recomenda\u00e7\u00f5es de pol\u00edticas.\u00a0 Hoje, o Comit\u00ea de Supervis\u00e3o anunciou o primeiro curador individual, que atuar\u00e1 como presidente do Fundo, o Sr. Paul Haaga. O Sr. Haaga \u00e9 um experiente administrador e curador de organiza\u00e7\u00f5es com e sem fins lucrativos de v\u00e1rios portes e foi nomeado pelo Facebook com base suas qualifica\u00e7\u00f5es e experi\u00eancia. Al\u00e9m do Sr. Haaga, os futuros curadores ser\u00e3o selecionados com base na experi\u00eancia em ocupar cargos de capacidade jur\u00eddica, financeira ou fiduci\u00e1ria, bem como na experi\u00eancia em quest\u00f5es de supervis\u00e3o e governan\u00e7a institucional.\u00a0 Por fim, como parte do an\u00fancio de hoje, o Facebook e o Fundo do Comit\u00ea de Supervis\u00e3o concordaram com v\u00e1rias atualiza\u00e7\u00f5es de procedimentos no Contrato do Fundo. As mudan\u00e7as refletem, com mais detalhes, a responsabilidade dos curadores com rela\u00e7\u00e3o a poss\u00edveis conflitos de interesse e fazem atualiza\u00e7\u00f5es de procedimentos para permitir mais efici\u00eancia nas opera\u00e7\u00f5es.\u00a0 Estamos incrivelmente gratos por todos que tornaram poss\u00edvel a cria\u00e7\u00e3o do Comit\u00ea de Supervis\u00e3o e estamos ansiosos para implementar as decis\u00f5es dele.\" \/>\n<meta property=\"og:url\" content=\"https:\/\/about.fb.com\/br\/news\/2020\/10\/o-comite-de-supervisao-comeca-a-analisar-casos\/\" \/>\n<meta property=\"og:site_name\" content=\"Sobre a Meta\" \/>\n<meta property=\"article:published_time\" content=\"2020-10-22T16:48:04+00:00\" \/>\n<meta property=\"article:modified_time\" content=\"2021-07-01T20:15:51+00:00\" \/>\n<meta property=\"og:image\" content=\"https:\/\/about.fb.com\/br\/wp-content\/uploads\/sites\/11\/2020\/10\/Oversight_Board_series_process1-1.jpg?resize=1024,576\" \/>\n\t<meta property=\"og:image:width\" content=\"1024\" \/>\n\t<meta property=\"og:image:height\" content=\"576\" \/>\n\t<meta property=\"og:image:type\" content=\"image\/jpeg\" \/>\n<meta name=\"author\" content=\"facebookbr\" \/>\n<meta name=\"twitter:card\" content=\"summary_large_image\" \/>\n<meta name=\"twitter:label1\" content=\"Written by\" \/>\n\t<meta name=\"twitter:data1\" content=\"Meta\" \/>\n\t<meta name=\"twitter:label2\" content=\"Est. reading time\" \/>\n\t<meta name=\"twitter:data2\" content=\"7 minutos\" \/>\n<script type=\"application\/ld+json\" class=\"yoast-schema-graph\">{\"@context\":\"https:\/\/schema.org\",\"@graph\":[{\"@type\":\"Article\",\"@id\":\"https:\/\/about.fb.com\/br\/news\/2020\/10\/o-comite-de-supervisao-comeca-a-analisar-casos\/#article\",\"isPartOf\":{\"@id\":\"https:\/\/about.fb.com\/br\/news\/2020\/10\/o-comite-de-supervisao-comeca-a-analisar-casos\/\"},\"author\":\"Facebook company\",\"headline\":\"Comit\u00ea de Supervis\u00e3o come\u00e7a a analisar casos\",\"datePublished\":\"2020-10-22T16:48:04+00:00\",\"dateModified\":\"2021-07-01T20:15:51+00:00\",\"mainEntityOfPage\":{\"@id\":\"https:\/\/about.fb.com\/br\/news\/2020\/10\/o-comite-de-supervisao-comeca-a-analisar-casos\/\"},\"wordCount\":1379,\"publisher\":{\"@id\":\"https:\/\/about.fb.com\/br\/#organization\"},\"image\":{\"@id\":\"https:\/\/about.fb.com\/br\/news\/2020\/10\/o-comite-de-supervisao-comeca-a-analisar-casos\/#primaryimage\"},\"thumbnailUrl\":\"https:\/\/about.fb.com\/br\/wp-content\/uploads\/sites\/11\/2020\/10\/Oversight_Board_series_process1-1.jpg?fit=1536%2C864\",\"keywords\":[\"Comit\u00ea de Supervis\u00e3o\"],\"articleSection\":[\"O Comit\u00ea de Supervis\u00e3o\",\"Recent News\"],\"inLanguage\":\"pt-BR\"},{\"@type\":\"WebPage\",\"@id\":\"https:\/\/about.fb.com\/br\/news\/2020\/10\/o-comite-de-supervisao-comeca-a-analisar-casos\/\",\"url\":\"https:\/\/about.fb.com\/br\/news\/2020\/10\/o-comite-de-supervisao-comeca-a-analisar-casos\/\",\"name\":\"Comit\u00ea de Supervis\u00e3o come\u00e7a a analisar casos | Sobre a Meta\",\"isPartOf\":{\"@id\":\"https:\/\/about.fb.com\/br\/#website\"},\"primaryImageOfPage\":{\"@id\":\"https:\/\/about.fb.com\/br\/news\/2020\/10\/o-comite-de-supervisao-comeca-a-analisar-casos\/#primaryimage\"},\"image\":{\"@id\":\"https:\/\/about.fb.com\/br\/news\/2020\/10\/o-comite-de-supervisao-comeca-a-analisar-casos\/#primaryimage\"},\"thumbnailUrl\":\"https:\/\/about.fb.com\/br\/wp-content\/uploads\/sites\/11\/2020\/10\/Oversight_Board_series_process1-1.jpg?fit=1536%2C864\",\"datePublished\":\"2020-10-22T16:48:04+00:00\",\"dateModified\":\"2021-07-01T20:15:51+00:00\",\"breadcrumb\":{\"@id\":\"https:\/\/about.fb.com\/br\/news\/2020\/10\/o-comite-de-supervisao-comeca-a-analisar-casos\/#breadcrumb\"},\"inLanguage\":\"pt-BR\",\"potentialAction\":[{\"@type\":\"ReadAction\",\"target\":[\"https:\/\/about.fb.com\/br\/news\/2020\/10\/o-comite-de-supervisao-comeca-a-analisar-casos\/\"]}],\"author\":\"Sobre a Meta\"},{\"@type\":\"ImageObject\",\"inLanguage\":\"pt-BR\",\"@id\":\"https:\/\/about.fb.com\/br\/news\/2020\/10\/o-comite-de-supervisao-comeca-a-analisar-casos\/#primaryimage\",\"url\":\"https:\/\/about.fb.com\/br\/wp-content\/uploads\/sites\/11\/2020\/10\/Oversight_Board_series_process1-1.jpg?fit=1536%2C864\",\"contentUrl\":\"https:\/\/about.fb.com\/br\/wp-content\/uploads\/sites\/11\/2020\/10\/Oversight_Board_series_process1-1.jpg?fit=1536%2C864\",\"width\":1536,\"height\":864},{\"@type\":\"BreadcrumbList\",\"@id\":\"https:\/\/about.fb.com\/br\/news\/2020\/10\/o-comite-de-supervisao-comeca-a-analisar-casos\/#breadcrumb\",\"itemListElement\":[{\"@type\":\"ListItem\",\"position\":1,\"name\":\"Home\",\"item\":\"https:\/\/about.fb.com\/br\/\"},{\"@type\":\"ListItem\",\"position\":2,\"name\":\"Comit\u00ea de Supervis\u00e3o come\u00e7a a analisar casos\"}]},{\"@type\":\"WebSite\",\"@id\":\"https:\/\/about.fb.com\/br\/#website\",\"url\":\"https:\/\/about.fb.com\/news\/\",\"name\":\"Sobre a Meta\",\"description\":\"\",\"publisher\":{\"@id\":\"https:\/\/about.fb.com\/br\/#organization\"},\"potentialAction\":[{\"@type\":\"SearchAction\",\"target\":{\"@type\":\"EntryPoint\",\"urlTemplate\":\"https:\/\/about.fb.com\/br\/?s={search_term_string}\"},\"query-input\":{\"@type\":\"PropertyValueSpecification\",\"valueRequired\":true,\"valueName\":\"search_term_string\"}}],\"inLanguage\":\"pt-BR\",\"alternateName\":[\"Meta Newsroom\",\"Meta\"]},{\"@type\":\"Organization\",\"@id\":\"https:\/\/about.fb.com\/br\/#organization\",\"name\":\"Meta\",\"url\":\"https:\/\/about.fb.com\/br\/\",\"logo\":{\"@type\":\"ImageObject\",\"inLanguage\":\"pt-BR\",\"@id\":\"https:\/\/about.fb.com\/br\/#\/schema\/logo\/image\/\",\"url\":\"https:\/\/about.fb.com\/br\/wp-content\/uploads\/sites\/11\/2021\/10\/meta-social-16x9-1.jpg?fit=8000%2C4500\",\"contentUrl\":\"https:\/\/about.fb.com\/br\/wp-content\/uploads\/sites\/11\/2021\/10\/meta-social-16x9-1.jpg?fit=8000%2C4500\",\"width\":8000,\"height\":4500,\"caption\":\"Meta\"},\"image\":{\"@id\":\"https:\/\/about.fb.com\/br\/#\/schema\/logo\/image\/\"}}]}<\/script>\n<!-- \/ Yoast SEO plugin. -->","yoast_head_json":{"title":"Comit\u00ea de Supervis\u00e3o come\u00e7a a analisar casos | Sobre a Meta","robots":{"index":"index","follow":"follow","max-snippet":"max-snippet:-1","max-image-preview":"max-image-preview:large","max-video-preview":"max-video-preview:-1"},"canonical":"https:\/\/about.fb.com\/br\/news\/2020\/10\/o-comite-de-supervisao-comeca-a-analisar-casos\/","og_locale":"pt_BR","og_type":"article","og_title":"Comit\u00ea de Supervis\u00e3o come\u00e7a a analisar casos | Sobre a Meta","og_description":"A partir de hoje, caso seu conte\u00fado tenha sido removido do Facebook ou do Instagram, e voc\u00ea esgotou todas as tentativas recursos do Facebook, \u00e9 poss\u00edvel apresentar um recurso sobre seu caso para o Comit\u00ea de Supervis\u00e3o, um conjunto global de especialistas, separado do Facebook, que tomar\u00e1 decis\u00f5es independentes e vinculativas sobre os casos que escolherem analisar.\u00a0 Em 2018, Mark Zuckerberg descreveu pela primeira vez uma vis\u00e3o para um novo cap\u00edtulo na governan\u00e7a online e declarou que \u201co Facebook n\u00e3o deve tomar tantas decis\u00f5es importantes sobre liberdade de express\u00e3o e seguran\u00e7a por conta pr\u00f3pria\u201d. O Comit\u00ea de Supervis\u00e3o \u00e9 a concretiza\u00e7\u00e3o dessa vis\u00e3o. Nas pr\u00f3ximas semanas, nossos quase tr\u00eas bilh\u00f5es de usu\u00e1rios ter\u00e3o acesso a uma an\u00e1lise independente de decis\u00f5es dif\u00edceis sobre conte\u00fado. O Facebook se comprometeu a fazer cumprir as decis\u00f5es do Comit\u00ea sobre conte\u00fado individualmente, al\u00e9m de considerar com cuidado e responder de forma transparente todas as recomenda\u00e7\u00f5es de pol\u00edtica.\u00a0 O Comit\u00ea tomar\u00e1 decis\u00f5es sobre quais casos analisar, selecionando entre os casos enviados por usu\u00e1rios e aqueles indicados pelo Facebook. A sele\u00e7\u00e3o ser\u00e1 feita com base em crit\u00e9rios estabelecidos no comunicado de hoje.\u00a0 O caminho at\u00e9 o Comit\u00ea de Supervis\u00e3o\u00a0 Nos \u00faltimos dois anos, o Facebook realizou um processo de consulta global que culminou na cria\u00e7\u00e3o do fundo, do estatuto, do regulamento interno e da ferramenta de gerenciamento de caso do Comit\u00ea de Supervis\u00e3o, bem como na cria\u00e7\u00e3o de uma equipe interna do Facebook para implementar as decis\u00f5es do Comit\u00ea.\u00a0 Em maio de 2020, ap\u00f3s a conclus\u00e3o de um processo de busca em todo o mundo, o Comit\u00ea anunciou os primeiros 20 membros.\u00a0 Desde ent\u00e3o, os membros do Comit\u00ea t\u00eam passado por um rigoroso processo de orienta\u00e7\u00e3o que inclui treinamento sobre a\u00e7\u00f5es e pol\u00edticas de conte\u00fado do Facebook e simula\u00e7\u00f5es do processo de tomada de decis\u00e3o de casos. Paralelamente, a administra\u00e7\u00e3o do Comit\u00ea tamb\u00e9m criou estruturas de apoio \u00e0s opera\u00e7\u00f5es. Tamb\u00e9m criamos uma ferramenta de gerenciamento de caso para que os membros do Comit\u00ea tenham a privacidade protegida e, de maneira segura, possam selecionar, analisar e tomar decis\u00f5es sobre os casos.\u00a0 Como fa\u00e7o para apresentar um recurso sobre meu caso?\u00a0 No futuro, as pessoas que tenham (1) apresentado um recurso com rela\u00e7\u00e3o a decis\u00f5es qualificadas de conte\u00fado do Facebook ou do Instagram e (2) esgotado todos os recursos disponibilizados pelo Facebook receber\u00e3o uma identifica\u00e7\u00e3o de refer\u00eancia do Comit\u00ea de Supervis\u00e3o na Caixa de Entrada de Suporte no Facebook ou na se\u00e7\u00e3o Solicita\u00e7\u00f5es de suporte no Instagram. As pessoas poder\u00e3o usar essa identifica\u00e7\u00e3o de refer\u00eancia no site do Comit\u00ea de Supervis\u00e3o para enviar o caso para an\u00e1lise do Comit\u00ea. Nesse momento, elas tamb\u00e9m ter\u00e3o a oportunidade de fornecer uma declara\u00e7\u00e3o sobre por que est\u00e3o contestando a decis\u00e3o do Facebook, explicar como ou por que acreditam que o Facebook errou na decis\u00e3o e compartilhar mais contexto sobre a publica\u00e7\u00e3o em quest\u00e3o, incluindo a motiva\u00e7\u00e3o para publicar.\u00a0 Assim como acontece com todos os produtos do Facebook, lan\u00e7aremos a op\u00e7\u00e3o de apresentar um recurso ao Comit\u00ea de Supervis\u00e3o para pessoas em todo o mundo por etapas, a fim de garantir a estabilidade da experi\u00eancia do produto para os usu\u00e1rios. Esperamos que todos no Facebook e no Instagram qualificados para indicar casos ao Comit\u00ea de Supervis\u00e3o tenham os meios t\u00e9cnicos para fazer isso nas pr\u00f3ximas semanas.\u00a0 Veja como apresentar um recurso ao Comit\u00ea de Supervis\u00e3o. Como o Comit\u00ea de Supervis\u00e3o selecionar\u00e1 os casos?\u00a0 O Comit\u00ea de Supervis\u00e3o selecionar\u00e1 casos entre aqueles indicados por pessoas que usam o Facebook ou o Instagram, ou pelo pr\u00f3prio Facebook. O Comit\u00ea ter\u00e1 o crit\u00e9rio exclusivo de quais casos analisar, exceto em circunst\u00e2ncias excepcionais quando o Facebook encaminhar um caso para uma an\u00e1lise c\u00e9lere. Nessas situa\u00e7\u00f5es, o Comit\u00ea aceitar\u00e1 e analisar\u00e1 o caso o mais r\u00e1pido poss\u00edvel.\u00a0 No lan\u00e7amento, devido ao modo de funcionamento dos sistemas atuais de modera\u00e7\u00e3o de conte\u00fado do Facebook, somente os usu\u00e1rios que tiveram conte\u00fado removido pelo Facebook poder\u00e3o apresentar um recurso ao Comit\u00ea. No entanto, nosso objetivo \u00e9 trazer para o escopo todos os tipos de conte\u00fado descritos no regulamento interno o mais r\u00e1pido poss\u00edvel. Para tornar isso poss\u00edvel, estamos criando as ferramentas e os sistemas necess\u00e1rios, por exemplo, se uma pessoa acredita que um conte\u00fado publicado por outra deve ser removido ou que um Grupo est\u00e1 violando nossos Padr\u00f5es da Comunidade\u00a0e deve ser removido. Em qualquer caso, as decis\u00f5es sobre o conte\u00fado que foi mantido pelo Facebook est\u00e3o dentro do escopo desde o come\u00e7o, j\u00e1 que o Facebook pode indicar esse conte\u00fado diretamente ao Comit\u00ea.\u00a0 Segundo o Comit\u00ea, o primeiro caso ser\u00e1 selecionado para an\u00e1lise nas pr\u00f3ximas semanas. De acordo com o regulamento interno, as decis\u00f5es do Comit\u00ea ser\u00e3o emitidas e implementadas em at\u00e9 90 dias ap\u00f3s a decis\u00e3o final do Facebook sobre um caso.\u00a0 Como o Facebook decidir\u00e1 o que encaminhar ao Comit\u00ea?\u00a0 O Facebook far\u00e1 isso de acordo com o regulamento interno do Comit\u00ea de Supervis\u00e3o, como parte do processo normal de envio de casos. O Facebook pode indicar decis\u00f5es de conte\u00fado \u201csignificativas e dif\u00edceis\u201d diretamente ao Comit\u00ea de Supervis\u00e3o. Nesse momento, o indiv\u00edduo que publicou o conte\u00fado em quest\u00e3o ser\u00e1 notificado e ter\u00e1 a oportunidade de fornecer uma declara\u00e7\u00e3o. Iniciamos o processo de sele\u00e7\u00e3o de casos para indicar ao Comit\u00ea e indicaremos casos que sejam geograficamente diversos, cubram uma ampla gama de tipos de viola\u00e7\u00e3o encontrados em nossos Padr\u00f5es da Comunidade e incluam tanto conte\u00fado removido quanto mantido. De modo similar aos recursos do usu\u00e1rio, o Comit\u00ea escolher\u00e1 quais casos encaminhados pelo Facebook ser\u00e3o analisados e, em seguida, tomar\u00e1 uma decis\u00e3o vinculativa no Facebook.\u00a0 Al\u00e9m do processo normal de casos encaminhados pelo Facebook, tamb\u00e9m ser\u00e1 poss\u00edvel ao Facebook obter uma an\u00e1lise urgente das decis\u00f5es de conte\u00fado em circunst\u00e2ncias excepcionais por meio de uma an\u00e1lise c\u00e9lere.\u00a0 Atualiza\u00e7\u00f5es do Fundo e do regulamento interno do Comit\u00ea de Supervis\u00e3o\u00a0 Em dezembro, o Facebook estabeleceu um fundo independente do Comit\u00ea de Supervis\u00e3o para proteger a independ\u00eancia financeira e de tomada de decis\u00f5es do Comit\u00ea em rela\u00e7\u00e3o ao Facebook. O Fundo e seus curadores s\u00e3o respons\u00e1veis por facilitar a supervis\u00e3o financeira e jur\u00eddica do Comit\u00ea de Supervis\u00e3o, afastando ainda mais o Facebook de qualquer envolvimento nas opera\u00e7\u00f5es do Comit\u00ea. Os curadores n\u00e3o tomar\u00e3o decis\u00f5es relacionadas a conte\u00fado nem a recomenda\u00e7\u00f5es de pol\u00edticas.\u00a0 Hoje, o Comit\u00ea de Supervis\u00e3o anunciou o primeiro curador individual, que atuar\u00e1 como presidente do Fundo, o Sr. Paul Haaga. O Sr. Haaga \u00e9 um experiente administrador e curador de organiza\u00e7\u00f5es com e sem fins lucrativos de v\u00e1rios portes e foi nomeado pelo Facebook com base suas qualifica\u00e7\u00f5es e experi\u00eancia. Al\u00e9m do Sr. Haaga, os futuros curadores ser\u00e3o selecionados com base na experi\u00eancia em ocupar cargos de capacidade jur\u00eddica, financeira ou fiduci\u00e1ria, bem como na experi\u00eancia em quest\u00f5es de supervis\u00e3o e governan\u00e7a institucional.\u00a0 Por fim, como parte do an\u00fancio de hoje, o Facebook e o Fundo do Comit\u00ea de Supervis\u00e3o concordaram com v\u00e1rias atualiza\u00e7\u00f5es de procedimentos no Contrato do Fundo. As mudan\u00e7as refletem, com mais detalhes, a responsabilidade dos curadores com rela\u00e7\u00e3o a poss\u00edveis conflitos de interesse e fazem atualiza\u00e7\u00f5es de procedimentos para permitir mais efici\u00eancia nas opera\u00e7\u00f5es.\u00a0 Estamos incrivelmente gratos por todos que tornaram poss\u00edvel a cria\u00e7\u00e3o do Comit\u00ea de Supervis\u00e3o e estamos ansiosos para implementar as decis\u00f5es dele.","og_url":"https:\/\/about.fb.com\/br\/news\/2020\/10\/o-comite-de-supervisao-comeca-a-analisar-casos\/","og_site_name":"Sobre a Meta","article_published_time":"2020-10-22T16:48:04+00:00","article_modified_time":"2021-07-01T20:15:51+00:00","og_image":[{"width":1024,"height":576,"url":"https:\/\/about.fb.com\/br\/wp-content\/uploads\/sites\/11\/2020\/10\/Oversight_Board_series_process1-1.jpg?resize=1024,576","type":"image\/jpeg"}],"author":"facebookbr","twitter_card":"summary_large_image","twitter_misc":{"Written by":"Meta","Est. reading time":"7 minutos"},"schema":{"@context":"https:\/\/schema.org","@graph":[{"@type":"Article","@id":"https:\/\/about.fb.com\/br\/news\/2020\/10\/o-comite-de-supervisao-comeca-a-analisar-casos\/#article","isPartOf":{"@id":"https:\/\/about.fb.com\/br\/news\/2020\/10\/o-comite-de-supervisao-comeca-a-analisar-casos\/"},"author":"Facebook company","headline":"Comit\u00ea de Supervis\u00e3o come\u00e7a a analisar casos","datePublished":"2020-10-22T16:48:04+00:00","dateModified":"2021-07-01T20:15:51+00:00","mainEntityOfPage":{"@id":"https:\/\/about.fb.com\/br\/news\/2020\/10\/o-comite-de-supervisao-comeca-a-analisar-casos\/"},"wordCount":1379,"publisher":{"@id":"https:\/\/about.fb.com\/br\/#organization"},"image":{"@id":"https:\/\/about.fb.com\/br\/news\/2020\/10\/o-comite-de-supervisao-comeca-a-analisar-casos\/#primaryimage"},"thumbnailUrl":"https:\/\/about.fb.com\/br\/wp-content\/uploads\/sites\/11\/2020\/10\/Oversight_Board_series_process1-1.jpg?fit=1536%2C864","keywords":["Comit\u00ea de Supervis\u00e3o"],"articleSection":["O Comit\u00ea de Supervis\u00e3o","Recent News"],"inLanguage":"pt-BR"},{"@type":"WebPage","@id":"https:\/\/about.fb.com\/br\/news\/2020\/10\/o-comite-de-supervisao-comeca-a-analisar-casos\/","url":"https:\/\/about.fb.com\/br\/news\/2020\/10\/o-comite-de-supervisao-comeca-a-analisar-casos\/","name":"Comit\u00ea de Supervis\u00e3o come\u00e7a a analisar casos | Sobre a Meta","isPartOf":{"@id":"https:\/\/about.fb.com\/br\/#website"},"primaryImageOfPage":{"@id":"https:\/\/about.fb.com\/br\/news\/2020\/10\/o-comite-de-supervisao-comeca-a-analisar-casos\/#primaryimage"},"image":{"@id":"https:\/\/about.fb.com\/br\/news\/2020\/10\/o-comite-de-supervisao-comeca-a-analisar-casos\/#primaryimage"},"thumbnailUrl":"https:\/\/about.fb.com\/br\/wp-content\/uploads\/sites\/11\/2020\/10\/Oversight_Board_series_process1-1.jpg?fit=1536%2C864","datePublished":"2020-10-22T16:48:04+00:00","dateModified":"2021-07-01T20:15:51+00:00","breadcrumb":{"@id":"https:\/\/about.fb.com\/br\/news\/2020\/10\/o-comite-de-supervisao-comeca-a-analisar-casos\/#breadcrumb"},"inLanguage":"pt-BR","potentialAction":[{"@type":"ReadAction","target":["https:\/\/about.fb.com\/br\/news\/2020\/10\/o-comite-de-supervisao-comeca-a-analisar-casos\/"]}],"author":"Sobre a Meta"},{"@type":"ImageObject","inLanguage":"pt-BR","@id":"https:\/\/about.fb.com\/br\/news\/2020\/10\/o-comite-de-supervisao-comeca-a-analisar-casos\/#primaryimage","url":"https:\/\/about.fb.com\/br\/wp-content\/uploads\/sites\/11\/2020\/10\/Oversight_Board_series_process1-1.jpg?fit=1536%2C864","contentUrl":"https:\/\/about.fb.com\/br\/wp-content\/uploads\/sites\/11\/2020\/10\/Oversight_Board_series_process1-1.jpg?fit=1536%2C864","width":1536,"height":864},{"@type":"BreadcrumbList","@id":"https:\/\/about.fb.com\/br\/news\/2020\/10\/o-comite-de-supervisao-comeca-a-analisar-casos\/#breadcrumb","itemListElement":[{"@type":"ListItem","position":1,"name":"Home","item":"https:\/\/about.fb.com\/br\/"},{"@type":"ListItem","position":2,"name":"Comit\u00ea de Supervis\u00e3o come\u00e7a a analisar casos"}]},{"@type":"WebSite","@id":"https:\/\/about.fb.com\/br\/#website","url":"https:\/\/about.fb.com\/news\/","name":"Sobre a Meta","description":"","publisher":{"@id":"https:\/\/about.fb.com\/br\/#organization"},"potentialAction":[{"@type":"SearchAction","target":{"@type":"EntryPoint","urlTemplate":"https:\/\/about.fb.com\/br\/?s={search_term_string}"},"query-input":{"@type":"PropertyValueSpecification","valueRequired":true,"valueName":"search_term_string"}}],"inLanguage":"pt-BR","alternateName":["Meta Newsroom","Meta"]},{"@type":"Organization","@id":"https:\/\/about.fb.com\/br\/#organization","name":"Meta","url":"https:\/\/about.fb.com\/br\/","logo":{"@type":"ImageObject","inLanguage":"pt-BR","@id":"https:\/\/about.fb.com\/br\/#\/schema\/logo\/image\/","url":"https:\/\/about.fb.com\/br\/wp-content\/uploads\/sites\/11\/2021\/10\/meta-social-16x9-1.jpg?fit=8000%2C4500","contentUrl":"https:\/\/about.fb.com\/br\/wp-content\/uploads\/sites\/11\/2021\/10\/meta-social-16x9-1.jpg?fit=8000%2C4500","width":8000,"height":4500,"caption":"Meta"},"image":{"@id":"https:\/\/about.fb.com\/br\/#\/schema\/logo\/image\/"}}]}},"jetpack_featured_media_url":"https:\/\/about.fb.com\/br\/wp-content\/uploads\/sites\/11\/2020\/10\/Oversight_Board_series_process1-1.jpg?fit=1536%2C864","jetpack-related-posts":[{"id":26491,"url":"https:\/\/about.fb.com\/br\/news\/2025\/06\/tela-consciente-em-brasilia-caminhos-para-facilitar-a-supervisao-parental-online-de-adolescentes\/","url_meta":{"origin":22023,"position":0},"title":"Tela Consciente em Bras\u00edlia: caminhos para facilitar a supervis\u00e3o parental online de adolescentes","author":"Meta","date":"17\/06\/2025","format":false,"excerpt":"Em 12 de junho, a Meta reuniu em Bras\u00edlia autoridades, executivos de empresas e representantes da academia e sociedade civil para a segunda edi\u00e7\u00e3o do Tela Consciente, um debate sobre como apoiar as fam\u00edlias no uso consciente das plataformas digitais por adolescentes. O evento teve como foco os desafios e\u2026","rel":"","context":"In &quot;Recent News&quot;","block_context":{"text":"Recent News","link":"https:\/\/about.fb.com\/br\/news\/category\/recent-news\/"},"img":{"alt_text":"","src":"https:\/\/about.fb.com\/br\/wp-content\/uploads\/sites\/11\/2025\/06\/@leannabdon-1.jpg?fit=4500%2C3000&resize=350%2C200","width":350,"height":200,"srcset":"https:\/\/about.fb.com\/br\/wp-content\/uploads\/sites\/11\/2025\/06\/@leannabdon-1.jpg?fit=4500%2C3000&resize=350%2C200 1x, https:\/\/about.fb.com\/br\/wp-content\/uploads\/sites\/11\/2025\/06\/@leannabdon-1.jpg?fit=4500%2C3000&resize=525%2C300 1.5x, https:\/\/about.fb.com\/br\/wp-content\/uploads\/sites\/11\/2025\/06\/@leannabdon-1.jpg?fit=4500%2C3000&resize=700%2C400 2x, https:\/\/about.fb.com\/br\/wp-content\/uploads\/sites\/11\/2025\/06\/@leannabdon-1.jpg?fit=4500%2C3000&resize=1050%2C600 3x, https:\/\/about.fb.com\/br\/wp-content\/uploads\/sites\/11\/2025\/06\/@leannabdon-1.jpg?fit=4500%2C3000&resize=1400%2C800 4x"},"classes":[]},{"id":27097,"url":"https:\/\/about.fb.com\/br\/news\/2026\/04\/ajudando-pais-a-entender-as-conversas-que-seus-adolescentes-estao-tendo-com-ia\/","url_meta":{"origin":22023,"position":1},"title":"Ajudando pais a entender as conversas que seus adolescentes est\u00e3o tendo com IA","author":"Meta","date":"23\/04\/2026","format":false,"excerpt":"Em outubro do ano passado, anunciamos que est\u00e1vamos desenvolvendo novas formas de apoiar os pais na miss\u00e3o de acompanhar e orientar seus filhos adolescentes no universo da Intelig\u00eancia Artificial. Isso inclui fornecer aos pais informa\u00e7\u00f5es sobre os t\u00f3picos a respeito dos quais seus adolescentes t\u00eam interagido com o assistente de\u2026","rel":"","context":"In &quot;Facebook&quot;","block_context":{"text":"Facebook","link":"https:\/\/about.fb.com\/br\/news\/category\/technologies\/facebook\/"},"img":{"alt_text":"","src":"https:\/\/about.fb.com\/br\/wp-content\/uploads\/sites\/11\/2026\/04\/AI-Youth-Saftey_Header.jpg?fit=1920%2C1080&resize=350%2C200","width":350,"height":200,"srcset":"https:\/\/about.fb.com\/br\/wp-content\/uploads\/sites\/11\/2026\/04\/AI-Youth-Saftey_Header.jpg?fit=1920%2C1080&resize=350%2C200 1x, https:\/\/about.fb.com\/br\/wp-content\/uploads\/sites\/11\/2026\/04\/AI-Youth-Saftey_Header.jpg?fit=1920%2C1080&resize=525%2C300 1.5x, https:\/\/about.fb.com\/br\/wp-content\/uploads\/sites\/11\/2026\/04\/AI-Youth-Saftey_Header.jpg?fit=1920%2C1080&resize=700%2C400 2x, https:\/\/about.fb.com\/br\/wp-content\/uploads\/sites\/11\/2026\/04\/AI-Youth-Saftey_Header.jpg?fit=1920%2C1080&resize=1050%2C600 3x, https:\/\/about.fb.com\/br\/wp-content\/uploads\/sites\/11\/2026\/04\/AI-Youth-Saftey_Header.jpg?fit=1920%2C1080&resize=1400%2C800 4x"},"classes":[]},{"id":26987,"url":"https:\/\/about.fb.com\/br\/news\/2026\/02\/novos-alertas-para-informar-aos-pais-se-seus-filhos-adolescentes-precisam-de-apoio\/","url_meta":{"origin":22023,"position":2},"title":"Novos alertas para informar aos pais se seus filhos adolescentes precisam de apoio","author":"Meta","date":"26\/02\/2026","format":false,"excerpt":"Nas pr\u00f3ximas semanas, o Instagram come\u00e7ar\u00e1 a notificar os pais se seus filhos adolescentes tentarem repetidamente pesquisar termos relacionados a suic\u00eddio ou automutila\u00e7\u00e3o em um curto per\u00edodo. Essa \u00e9 a mais recente funcionalidade da Conta de Adolescente e dos recursos de supervis\u00e3o parental do Instagram.\u00a0 Entendemos como essas quest\u00f5es s\u00e3o\u2026","rel":"","context":"In &quot;Fortalecendo Comunidades&quot;","block_context":{"text":"Fortalecendo Comunidades","link":"https:\/\/about.fb.com\/br\/news\/category\/temas-home\/comunidades\/"},"img":{"alt_text":"","src":"https:\/\/about.fb.com\/br\/wp-content\/uploads\/sites\/11\/2026\/02\/New-Alerts-to-Let-Parents-Know-if-Their-Teen-May-Need-Support_Header.jpg?fit=1920%2C1080&resize=350%2C200","width":350,"height":200,"srcset":"https:\/\/about.fb.com\/br\/wp-content\/uploads\/sites\/11\/2026\/02\/New-Alerts-to-Let-Parents-Know-if-Their-Teen-May-Need-Support_Header.jpg?fit=1920%2C1080&resize=350%2C200 1x, https:\/\/about.fb.com\/br\/wp-content\/uploads\/sites\/11\/2026\/02\/New-Alerts-to-Let-Parents-Know-if-Their-Teen-May-Need-Support_Header.jpg?fit=1920%2C1080&resize=525%2C300 1.5x, https:\/\/about.fb.com\/br\/wp-content\/uploads\/sites\/11\/2026\/02\/New-Alerts-to-Let-Parents-Know-if-Their-Teen-May-Need-Support_Header.jpg?fit=1920%2C1080&resize=700%2C400 2x, https:\/\/about.fb.com\/br\/wp-content\/uploads\/sites\/11\/2026\/02\/New-Alerts-to-Let-Parents-Know-if-Their-Teen-May-Need-Support_Header.jpg?fit=1920%2C1080&resize=1050%2C600 3x, https:\/\/about.fb.com\/br\/wp-content\/uploads\/sites\/11\/2026\/02\/New-Alerts-to-Let-Parents-Know-if-Their-Teen-May-Need-Support_Header.jpg?fit=1920%2C1080&resize=1400%2C800 4x"},"classes":[]},{"id":27019,"url":"https:\/\/about.fb.com\/br\/news\/2026\/03\/nossas-medidas-para-dar-apoio-as-familias-no-brasil\/","url_meta":{"origin":22023,"position":3},"title":"Nossas medidas para dar apoio \u00e0s fam\u00edlias no Brasil","author":"Meta","date":"17\/03\/2026","format":false,"excerpt":"O Estatuto Digital da Crian\u00e7a e do Adolescente (ECA Digital) entra em vigor hoje (17) no Brasil. Como parte do nosso trabalho para cumprir a lei, estamos implementando recursos adicionais \u00e0s prote\u00e7\u00f5es j\u00e1 existentes nas Contas de Adolescentes para dar aos pais mais formas de supervisionar o uso que seus\u2026","rel":"","context":"In &quot;Recent News&quot;","block_context":{"text":"Recent News","link":"https:\/\/about.fb.com\/br\/news\/category\/recent-news\/"},"img":{"alt_text":"","src":"","width":0,"height":0},"classes":[]},{"id":26750,"url":"https:\/\/about.fb.com\/br\/news\/2025\/10\/empoderando-os-pais-e-protegendo-os-adolescentes-a-abordagem-da-meta-para-a-seguranca-de-ia\/","url_meta":{"origin":22023,"position":4},"title":"Empoderando os Pais e Protegendo os Adolescentes: A Abordagem da Meta para a Seguran\u00e7a de IA","author":"Meta","date":"17\/10\/2025","format":false,"excerpt":"Atualizado em 23 de janeiro de 2026, \u00e0s 14h (BRT): Em outubro, compartilhamos que estamos desenvolvendo novas ferramentas para dar aos pais mais visibilidade sobre como seus filhos adolescentes usam IA, al\u00e9m de mais controle sobre os personagens de IA com os quais eles podem interagir. Desde ent\u00e3o, come\u00e7amos a\u2026","rel":"","context":"In &quot;Fortalecendo Comunidades&quot;","block_context":{"text":"Fortalecendo Comunidades","link":"https:\/\/about.fb.com\/br\/news\/category\/temas-home\/comunidades\/"},"img":{"alt_text":"","src":"","width":0,"height":0},"classes":[]},{"id":26169,"url":"https:\/\/about.fb.com\/br\/news\/2025\/02\/introduzindo-conta-de-adolescente-no-brasil\/","url_meta":{"origin":22023,"position":5},"title":"Introduzindo Conta de Adolescente no Brasil","author":"Meta","date":"11\/02\/2025","format":false,"excerpt":"Hoje, estamos animados em anunciar que come\u00e7amos a implementar gradualmente a Conta de Adolescente do Instagram no Brasil. Pensamos constantemente em como podemos continuar a promover experi\u00eancias adequadas \u00e0 idade para os adolescentes\u00a0 e, ao mesmo tempo, dar aos pais a tranquilidade de saber que seus filhos est\u00e3o seguros e\u2026","rel":"","context":"In &quot;Recent News&quot;","block_context":{"text":"Recent News","link":"https:\/\/about.fb.com\/br\/news\/category\/recent-news\/"},"img":{"alt_text":"","src":"https:\/\/about.fb.com\/br\/wp-content\/uploads\/sites\/11\/2025\/02\/Copy-of-ROW_Teen_QPs_pt_BR.png?fit=5760%2C3840&resize=350%2C200","width":350,"height":200,"srcset":"https:\/\/about.fb.com\/br\/wp-content\/uploads\/sites\/11\/2025\/02\/Copy-of-ROW_Teen_QPs_pt_BR.png?fit=5760%2C3840&resize=350%2C200 1x, https:\/\/about.fb.com\/br\/wp-content\/uploads\/sites\/11\/2025\/02\/Copy-of-ROW_Teen_QPs_pt_BR.png?fit=5760%2C3840&resize=525%2C300 1.5x, https:\/\/about.fb.com\/br\/wp-content\/uploads\/sites\/11\/2025\/02\/Copy-of-ROW_Teen_QPs_pt_BR.png?fit=5760%2C3840&resize=700%2C400 2x, https:\/\/about.fb.com\/br\/wp-content\/uploads\/sites\/11\/2025\/02\/Copy-of-ROW_Teen_QPs_pt_BR.png?fit=5760%2C3840&resize=1050%2C600 3x, https:\/\/about.fb.com\/br\/wp-content\/uploads\/sites\/11\/2025\/02\/Copy-of-ROW_Teen_QPs_pt_BR.png?fit=5760%2C3840&resize=1400%2C800 4x"},"classes":[]}],"jetpack_sharing_enabled":true,"amp_enabled":true,"_links":{"self":[{"href":"https:\/\/about.fb.com\/br\/wp-json\/wp\/v2\/posts\/22023","targetHints":{"allow":["GET"]}}],"collection":[{"href":"https:\/\/about.fb.com\/br\/wp-json\/wp\/v2\/posts"}],"about":[{"href":"https:\/\/about.fb.com\/br\/wp-json\/wp\/v2\/types\/post"}],"author":[{"embeddable":true,"href":"https:\/\/about.fb.com\/br\/wp-json\/wp\/v2\/users\/81109636"}],"replies":[{"embeddable":true,"href":"https:\/\/about.fb.com\/br\/wp-json\/wp\/v2\/comments?post=22023"}],"version-history":[{"count":7,"href":"https:\/\/about.fb.com\/br\/wp-json\/wp\/v2\/posts\/22023\/revisions"}],"predecessor-version":[{"id":22597,"href":"https:\/\/about.fb.com\/br\/wp-json\/wp\/v2\/posts\/22023\/revisions\/22597"}],"wp:featuredmedia":[{"embeddable":true,"href":"https:\/\/about.fb.com\/br\/wp-json\/wp\/v2\/media\/22024"}],"wp:attachment":[{"href":"https:\/\/about.fb.com\/br\/wp-json\/wp\/v2\/media?parent=22023"}],"wp:term":[{"taxonomy":"category","embeddable":true,"href":"https:\/\/about.fb.com\/br\/wp-json\/wp\/v2\/categories?post=22023"},{"taxonomy":"post_tag","embeddable":true,"href":"https:\/\/about.fb.com\/br\/wp-json\/wp\/v2\/tags?post=22023"}],"curies":[{"name":"wp","href":"https:\/\/api.w.org\/{rel}","templated":true}]}}