{"id":21889,"date":"2020-09-22T10:39:30","date_gmt":"2020-09-22T13:39:30","guid":{"rendered":"https:\/\/about.fb.com\/br\/?p=21889"},"modified":"2021-06-17T10:07:38","modified_gmt":"2021-06-17T13:07:38","slug":"facebook-amplia-transparencia-sobre-publicidade-politica-e-eleitoral-no-brasil-com-recursos-de-pesquisa","status":"publish","type":"post","link":"https:\/\/about.fb.com\/br\/news\/2020\/09\/facebook-amplia-transparencia-sobre-publicidade-politica-e-eleitoral-no-brasil-com-recursos-de-pesquisa\/","title":{"rendered":"Facebook amplia transpar\u00eancia sobre publicidade pol\u00edtica e eleitoral no Brasil com recursos de pesquisa"},"content":{"rendered":"<p><em>Relat\u00f3rio e API s\u00e3o novas ferramentas dispon\u00edveis na Biblioteca de An\u00fancios<\/em><\/p>\n<p>O Facebook passa a disponibilizar no Brasil duas ferramentas que facilitam a pesquisa e an\u00e1lise de publicidade sobre pol\u00edtica ou elei\u00e7\u00f5es no Facebook e no Instagram: o Relat\u00f3rio de Transpar\u00eancia e a Interface de Programa\u00e7\u00e3o de Aplicativo (API, em Ingl\u00eas), ambas como parte da\u00a0<a href=\"https:\/\/www.facebook.com\/ads\/library\" target=\"_blank\" rel=\"noopener noreferrer\">Biblioteca de An\u00fancios<\/a>. Campanhas de publicidade nas duas plataformas com o selo &#8220;Pago por&#8221; ou &#8220;Propaganda Eleitoral&#8221; ficam dispon\u00edveis por sete anos na Biblioteca de An\u00fancios.<\/p>\n<p>No <a href=\"https:\/\/www.facebook.com\/ads\/library\/report\" target=\"_blank\" rel=\"noopener noreferrer\">Relat\u00f3rio de Transpar\u00eancia<\/a>, \u00e9 poss\u00edvel visualizar rapidamente o total de an\u00fancios sobre pol\u00edtica e elei\u00e7\u00f5es criados no Brasil com um dos r\u00f3tulos desde agosto de 2020, assim como o valor total gasto. \u00c9 poss\u00edvel tamb\u00e9m ver as principais buscas na Biblioteca de An\u00fancios e filtrar os gastos por data, regi\u00e3o ou anunciante, al\u00e9m de uma lista com os maiores anunciantes no \u00faltimo dia ou por intervalo de sete dias, trinta dias, noventa dias ou todas as datas.<a href=\"https:\/\/about.fb.com\/br\/wp-content\/uploads\/sites\/11\/2020\/09\/Relatorio-ads.png\"><img data-recalc-dims=\"1\" loading=\"lazy\" decoding=\"async\" class=\"aligncenter wp-image-21890 size-thumbnail\" src=\"https:\/\/about.fb.com\/br\/wp-content\/uploads\/sites\/11\/2020\/09\/Relatorio-ads.png?w=219&#038;resize=219%2C400\" alt=\"\" width=\"219\" height=\"400\" srcset=\"https:\/\/about.fb.com\/br\/wp-content\/uploads\/sites\/11\/2020\/09\/Relatorio-ads.png?w=708 708w, https:\/\/about.fb.com\/br\/wp-content\/uploads\/sites\/11\/2020\/09\/Relatorio-ads.png?w=219 219w, https:\/\/about.fb.com\/br\/wp-content\/uploads\/sites\/11\/2020\/09\/Relatorio-ads.png?w=164 164w, https:\/\/about.fb.com\/br\/wp-content\/uploads\/sites\/11\/2020\/09\/Relatorio-ads.png?w=561 561w, https:\/\/about.fb.com\/br\/wp-content\/uploads\/sites\/11\/2020\/09\/Relatorio-ads.png?w=592 592w, https:\/\/about.fb.com\/br\/wp-content\/uploads\/sites\/11\/2020\/09\/Relatorio-ads.png?w=329 329w\" sizes=\"auto, (max-width: 219px) 100vw, 219px\" \/><\/a><\/p>\n<p>J\u00e1 com a <a href=\"https:\/\/www.facebook.com\/ads\/library\/api\" target=\"_blank\" rel=\"noopener noreferrer\">Interface de Programa\u00e7\u00e3o de Aplicativo (API)<\/a> \u00e9 poss\u00edvel criar pesquisas personalizadas de an\u00fancios com palavras-chave personalizadas armazenadas na Biblioteca de An\u00fancios. Para ter acesso \u00e0 API, \u00e9 necess\u00e1rio confirmar identidade e localiza\u00e7\u00e3o, criar uma conta de desenvolvedor do Facebook e adicionar um novo aplicativo.<\/p>\n<p>O acesso \u00e0 API permite pesquisar dados para todos os an\u00fancios ativos e inativos sobre temas sociais, elei\u00e7\u00f5es ou pol\u00edtica. A API possibilita que pesquisadores, especialistas e jornalistas estudem e avaliem a propaganda pol\u00edtica em nossas plataformas e criem relat\u00f3rios ou reportagens sobre o assunto.<\/p>\n<p><strong>Anunciantes que queiram fazer an\u00fancios sobre pol\u00edtica ou elei\u00e7\u00f5es precisam passar por autoriza\u00e7\u00e3o<\/strong><\/p>\n<p>Desde agosto, o Facebook n\u00e3o permite que an\u00fancios sobre pol\u00edtica ou elei\u00e7\u00f5es no Brasil sejam exibidos no Facebook e no Instagram no Brasil sem o aviso &#8220;Pago por&#8221; ou &#8220;Propaganda Eleitoral&#8221;, conforme <a href=\"https:\/\/about.fb.com\/br\/news\/2020\/06\/mais-transparencia-para-anuncios-com-conteudo-politico-ou-sobre-eleicoes-no-brasil\/\" target=\"_blank\" rel=\"noopener noreferrer\">anunciamos<\/a> em junho deste ano. Qualquer pessoa ou organiza\u00e7\u00e3o que queira fazer an\u00fancios relacionados \u00e0 pol\u00edtica ou elei\u00e7\u00f5es no Facebook ou no Instagram no pa\u00eds precisa primeiro confirmar <a href=\"https:\/\/www.facebook.com\/business\/m\/one-sheeters\/ads-with-political-content-brazil\" target=\"_blank\" rel=\"noopener noreferrer\">sua identidade e que ter uma resid\u00eancia no Brasil<\/a>. Os anunciantes t\u00eam a op\u00e7\u00e3o de fornecer n\u00famero do CNPJ ou CPF.<\/p>\n<p>Ap\u00f3s confirmar sua identidade, o anunciante pode criar um aviso e selecionar os r\u00f3tulos \u201cPago Por\u201d ou \u201cPropaganda Eleitoral\u201d, dependendo do tipo de campanha e sendo observadas, pelos anunciantes, as necessidades de adequa\u00e7\u00e3o \u00e0 legisla\u00e7\u00e3o local. As informa\u00e7\u00f5es fornecidas ficar\u00e3o dispon\u00edveis no topo de cada an\u00fancio ao clicar no \u00edcone \u201ci\u201d.<\/p>\n<p>Todos os an\u00fancios que s\u00e3o exibidos no Facebook e no Instagram precisam estar de acordo com os <a href=\"https:\/\/www.facebook.com\/communitystandards\" target=\"_blank\" rel=\"noopener noreferrer\">Padr\u00f5es da Comunidade<\/a>, assim como as <a href=\"https:\/\/www.facebook.com\/policies\/ads\" target=\"_blank\" rel=\"noopener noreferrer\">Pol\u00edticas de Publicidade<\/a>.<\/p>\n","protected":false},"excerpt":{"rendered":"Relat\u00f3rio e API s\u00e3o novas ferramentas dispon\u00edveis na Biblioteca de An\u00fancios O Facebook passa a disponibilizar no Brasil duas ferramentas que facilitam a pesquisa e an\u00e1lise de publicidade sobre pol\u00edtica ou elei\u00e7\u00f5es no Facebook e no Instagram: o Relat\u00f3rio de Transpar\u00eancia e a Interface de Programa\u00e7\u00e3o de Aplicativo (API, em Ingl\u00eas), ambas como parte da\u00a0Biblioteca de An\u00fancios. Campanhas de publicidade nas duas plataformas com o selo &#8220;Pago por&#8221; ou &#8220;Propaganda Eleitoral&#8221; ficam dispon\u00edveis por sete anos na Biblioteca de An\u00fancios. No Relat\u00f3rio de Transpar\u00eancia, \u00e9 poss\u00edvel visualizar rapidamente o total de an\u00fancios sobre pol\u00edtica e elei\u00e7\u00f5es criados no Brasil com um dos r\u00f3tulos desde agosto de 2020, assim como o valor total gasto. \u00c9 poss\u00edvel tamb\u00e9m ver as principais buscas na Biblioteca de An\u00fancios e filtrar os gastos por data, regi\u00e3o ou anunciante, al\u00e9m de uma lista com os maiores anunciantes no \u00faltimo dia ou por intervalo de sete dias, trinta dias, noventa dias ou todas as datas. J\u00e1 com a Interface de Programa\u00e7\u00e3o de Aplicativo (API) \u00e9 poss\u00edvel criar pesquisas personalizadas de an\u00fancios com palavras-chave personalizadas armazenadas na Biblioteca de An\u00fancios. Para ter acesso \u00e0 API, \u00e9 necess\u00e1rio confirmar identidade e localiza\u00e7\u00e3o, criar uma conta de desenvolvedor do Facebook e adicionar um novo aplicativo. O acesso \u00e0 API permite pesquisar dados para todos os an\u00fancios ativos e inativos sobre temas sociais, elei\u00e7\u00f5es ou pol\u00edtica. A API possibilita que pesquisadores, especialistas e jornalistas estudem e avaliem a propaganda pol\u00edtica em nossas plataformas e criem relat\u00f3rios ou reportagens sobre o assunto. Anunciantes que queiram fazer an\u00fancios sobre pol\u00edtica ou elei\u00e7\u00f5es precisam passar por autoriza\u00e7\u00e3o Desde agosto, o Facebook n\u00e3o permite que an\u00fancios sobre pol\u00edtica ou elei\u00e7\u00f5es no Brasil sejam exibidos no Facebook e no Instagram no Brasil sem o aviso &#8220;Pago por&#8221; ou &#8220;Propaganda Eleitoral&#8221;, conforme anunciamos em junho deste ano. Qualquer pessoa ou organiza\u00e7\u00e3o que queira fazer an\u00fancios relacionados \u00e0 pol\u00edtica ou elei\u00e7\u00f5es no Facebook ou no Instagram no pa\u00eds precisa primeiro confirmar sua identidade e que ter uma resid\u00eancia no Brasil. Os anunciantes t\u00eam a op\u00e7\u00e3o de fornecer n\u00famero do CNPJ ou CPF. Ap\u00f3s confirmar sua identidade, o anunciante pode criar um aviso e selecionar os r\u00f3tulos \u201cPago Por\u201d ou \u201cPropaganda Eleitoral\u201d, dependendo do tipo de campanha e sendo observadas, pelos anunciantes, as necessidades de adequa\u00e7\u00e3o \u00e0 legisla\u00e7\u00e3o local. As informa\u00e7\u00f5es fornecidas ficar\u00e3o dispon\u00edveis no topo de cada an\u00fancio ao clicar no \u00edcone \u201ci\u201d. Todos os an\u00fancios que s\u00e3o exibidos no Facebook e no Instagram precisam estar de acordo com os Padr\u00f5es da Comunidade, assim como as Pol\u00edticas de Publicidade.","protected":false},"author":81109636,"featured_media":0,"comment_status":"closed","ping_status":"closed","sticky":false,"template":"","format":"standard","meta":{"_jetpack_memberships_contains_paid_content":false,"footnotes":""},"categories":[1],"tags":[],"class_list":["post-21889","post","type-post","status-publish","format-standard","hentry","category-recent-news"],"yoast_head":"<!-- This site is optimized with the Yoast SEO plugin v27.2 - https:\/\/yoast.com\/product\/yoast-seo-wordpress\/ -->\n<title>Facebook amplia transpar\u00eancia sobre publicidade pol\u00edtica e eleitoral no Brasil com recursos de pesquisa | Sobre a Meta<\/title>\n<meta name=\"robots\" content=\"index, follow, max-snippet:-1, max-image-preview:large, max-video-preview:-1\" \/>\n<link rel=\"canonical\" href=\"https:\/\/about.fb.com\/br\/news\/2020\/09\/facebook-amplia-transparencia-sobre-publicidade-politica-e-eleitoral-no-brasil-com-recursos-de-pesquisa\/\" \/>\n<meta property=\"og:locale\" content=\"pt_BR\" \/>\n<meta property=\"og:type\" content=\"article\" \/>\n<meta property=\"og:title\" content=\"Facebook amplia transpar\u00eancia sobre publicidade pol\u00edtica e eleitoral no Brasil com recursos de pesquisa | Sobre a Meta\" \/>\n<meta property=\"og:description\" content=\"Relat\u00f3rio e API s\u00e3o novas ferramentas dispon\u00edveis na Biblioteca de An\u00fancios O Facebook passa a disponibilizar no Brasil duas ferramentas que facilitam a pesquisa e an\u00e1lise de publicidade sobre pol\u00edtica ou elei\u00e7\u00f5es no Facebook e no Instagram: o Relat\u00f3rio de Transpar\u00eancia e a Interface de Programa\u00e7\u00e3o de Aplicativo (API, em Ingl\u00eas), ambas como parte da\u00a0Biblioteca de An\u00fancios. Campanhas de publicidade nas duas plataformas com o selo &#8220;Pago por&#8221; ou &#8220;Propaganda Eleitoral&#8221; ficam dispon\u00edveis por sete anos na Biblioteca de An\u00fancios. No Relat\u00f3rio de Transpar\u00eancia, \u00e9 poss\u00edvel visualizar rapidamente o total de an\u00fancios sobre pol\u00edtica e elei\u00e7\u00f5es criados no Brasil com um dos r\u00f3tulos desde agosto de 2020, assim como o valor total gasto. \u00c9 poss\u00edvel tamb\u00e9m ver as principais buscas na Biblioteca de An\u00fancios e filtrar os gastos por data, regi\u00e3o ou anunciante, al\u00e9m de uma lista com os maiores anunciantes no \u00faltimo dia ou por intervalo de sete dias, trinta dias, noventa dias ou todas as datas. J\u00e1 com a Interface de Programa\u00e7\u00e3o de Aplicativo (API) \u00e9 poss\u00edvel criar pesquisas personalizadas de an\u00fancios com palavras-chave personalizadas armazenadas na Biblioteca de An\u00fancios. Para ter acesso \u00e0 API, \u00e9 necess\u00e1rio confirmar identidade e localiza\u00e7\u00e3o, criar uma conta de desenvolvedor do Facebook e adicionar um novo aplicativo. O acesso \u00e0 API permite pesquisar dados para todos os an\u00fancios ativos e inativos sobre temas sociais, elei\u00e7\u00f5es ou pol\u00edtica. A API possibilita que pesquisadores, especialistas e jornalistas estudem e avaliem a propaganda pol\u00edtica em nossas plataformas e criem relat\u00f3rios ou reportagens sobre o assunto. Anunciantes que queiram fazer an\u00fancios sobre pol\u00edtica ou elei\u00e7\u00f5es precisam passar por autoriza\u00e7\u00e3o Desde agosto, o Facebook n\u00e3o permite que an\u00fancios sobre pol\u00edtica ou elei\u00e7\u00f5es no Brasil sejam exibidos no Facebook e no Instagram no Brasil sem o aviso &#8220;Pago por&#8221; ou &#8220;Propaganda Eleitoral&#8221;, conforme anunciamos em junho deste ano. Qualquer pessoa ou organiza\u00e7\u00e3o que queira fazer an\u00fancios relacionados \u00e0 pol\u00edtica ou elei\u00e7\u00f5es no Facebook ou no Instagram no pa\u00eds precisa primeiro confirmar sua identidade e que ter uma resid\u00eancia no Brasil. Os anunciantes t\u00eam a op\u00e7\u00e3o de fornecer n\u00famero do CNPJ ou CPF. Ap\u00f3s confirmar sua identidade, o anunciante pode criar um aviso e selecionar os r\u00f3tulos \u201cPago Por\u201d ou \u201cPropaganda Eleitoral\u201d, dependendo do tipo de campanha e sendo observadas, pelos anunciantes, as necessidades de adequa\u00e7\u00e3o \u00e0 legisla\u00e7\u00e3o local. As informa\u00e7\u00f5es fornecidas ficar\u00e3o dispon\u00edveis no topo de cada an\u00fancio ao clicar no \u00edcone \u201ci\u201d. Todos os an\u00fancios que s\u00e3o exibidos no Facebook e no Instagram precisam estar de acordo com os Padr\u00f5es da Comunidade, assim como as Pol\u00edticas de Publicidade.\" \/>\n<meta property=\"og:url\" content=\"https:\/\/about.fb.com\/br\/news\/2020\/09\/facebook-amplia-transparencia-sobre-publicidade-politica-e-eleitoral-no-brasil-com-recursos-de-pesquisa\/\" \/>\n<meta property=\"og:site_name\" content=\"Sobre a Meta\" \/>\n<meta property=\"article:published_time\" content=\"2020-09-22T13:39:30+00:00\" \/>\n<meta property=\"article:modified_time\" content=\"2021-06-17T13:07:38+00:00\" \/>\n<meta property=\"og:image\" content=\"https:\/\/about.fb.com\/br\/wp-content\/uploads\/sites\/11\/2020\/09\/Relatorio-ads.png?w=219\" \/>\n<meta name=\"author\" content=\"facebookbr\" \/>\n<meta name=\"twitter:card\" content=\"summary_large_image\" \/>\n<meta name=\"twitter:label1\" content=\"Written by\" \/>\n\t<meta name=\"twitter:data1\" content=\"Meta\" \/>\n\t<meta name=\"twitter:label2\" content=\"Est. reading time\" \/>\n\t<meta name=\"twitter:data2\" content=\"2 minutos\" \/>\n<script type=\"application\/ld+json\" class=\"yoast-schema-graph\">{\"@context\":\"https:\/\/schema.org\",\"@graph\":[{\"@type\":\"Article\",\"@id\":\"https:\/\/about.fb.com\/br\/news\/2020\/09\/facebook-amplia-transparencia-sobre-publicidade-politica-e-eleitoral-no-brasil-com-recursos-de-pesquisa\/#article\",\"isPartOf\":{\"@id\":\"https:\/\/about.fb.com\/br\/news\/2020\/09\/facebook-amplia-transparencia-sobre-publicidade-politica-e-eleitoral-no-brasil-com-recursos-de-pesquisa\/\"},\"author\":\"Facebook company\",\"headline\":\"Facebook amplia transpar\u00eancia sobre publicidade pol\u00edtica e eleitoral no Brasil com recursos de pesquisa\",\"datePublished\":\"2020-09-22T13:39:30+00:00\",\"dateModified\":\"2021-06-17T13:07:38+00:00\",\"mainEntityOfPage\":{\"@id\":\"https:\/\/about.fb.com\/br\/news\/2020\/09\/facebook-amplia-transparencia-sobre-publicidade-politica-e-eleitoral-no-brasil-com-recursos-de-pesquisa\/\"},\"wordCount\":495,\"publisher\":{\"@id\":\"https:\/\/about.fb.com\/br\/#organization\"},\"image\":{\"@id\":\"https:\/\/about.fb.com\/br\/news\/2020\/09\/facebook-amplia-transparencia-sobre-publicidade-politica-e-eleitoral-no-brasil-com-recursos-de-pesquisa\/#primaryimage\"},\"thumbnailUrl\":\"https:\/\/about.fb.com\/br\/wp-content\/uploads\/sites\/11\/2020\/09\/Relatorio-ads.png?w=219\",\"articleSection\":[\"Recent News\"],\"inLanguage\":\"pt-BR\"},{\"@type\":\"WebPage\",\"@id\":\"https:\/\/about.fb.com\/br\/news\/2020\/09\/facebook-amplia-transparencia-sobre-publicidade-politica-e-eleitoral-no-brasil-com-recursos-de-pesquisa\/\",\"url\":\"https:\/\/about.fb.com\/br\/news\/2020\/09\/facebook-amplia-transparencia-sobre-publicidade-politica-e-eleitoral-no-brasil-com-recursos-de-pesquisa\/\",\"name\":\"Facebook amplia transpar\u00eancia sobre publicidade pol\u00edtica e eleitoral no Brasil com recursos de pesquisa | Sobre a Meta\",\"isPartOf\":{\"@id\":\"https:\/\/about.fb.com\/br\/#website\"},\"primaryImageOfPage\":{\"@id\":\"https:\/\/about.fb.com\/br\/news\/2020\/09\/facebook-amplia-transparencia-sobre-publicidade-politica-e-eleitoral-no-brasil-com-recursos-de-pesquisa\/#primaryimage\"},\"image\":{\"@id\":\"https:\/\/about.fb.com\/br\/news\/2020\/09\/facebook-amplia-transparencia-sobre-publicidade-politica-e-eleitoral-no-brasil-com-recursos-de-pesquisa\/#primaryimage\"},\"thumbnailUrl\":\"https:\/\/about.fb.com\/br\/wp-content\/uploads\/sites\/11\/2020\/09\/Relatorio-ads.png?w=219\",\"datePublished\":\"2020-09-22T13:39:30+00:00\",\"dateModified\":\"2021-06-17T13:07:38+00:00\",\"breadcrumb\":{\"@id\":\"https:\/\/about.fb.com\/br\/news\/2020\/09\/facebook-amplia-transparencia-sobre-publicidade-politica-e-eleitoral-no-brasil-com-recursos-de-pesquisa\/#breadcrumb\"},\"inLanguage\":\"pt-BR\",\"potentialAction\":[{\"@type\":\"ReadAction\",\"target\":[\"https:\/\/about.fb.com\/br\/news\/2020\/09\/facebook-amplia-transparencia-sobre-publicidade-politica-e-eleitoral-no-brasil-com-recursos-de-pesquisa\/\"]}],\"author\":\"Sobre a Meta\"},{\"@type\":\"ImageObject\",\"inLanguage\":\"pt-BR\",\"@id\":\"https:\/\/about.fb.com\/br\/news\/2020\/09\/facebook-amplia-transparencia-sobre-publicidade-politica-e-eleitoral-no-brasil-com-recursos-de-pesquisa\/#primaryimage\",\"url\":\"https:\/\/about.fb.com\/br\/wp-content\/uploads\/sites\/11\/2020\/09\/Relatorio-ads.png?w=219\",\"contentUrl\":\"https:\/\/about.fb.com\/br\/wp-content\/uploads\/sites\/11\/2020\/09\/Relatorio-ads.png?w=219\"},{\"@type\":\"BreadcrumbList\",\"@id\":\"https:\/\/about.fb.com\/br\/news\/2020\/09\/facebook-amplia-transparencia-sobre-publicidade-politica-e-eleitoral-no-brasil-com-recursos-de-pesquisa\/#breadcrumb\",\"itemListElement\":[{\"@type\":\"ListItem\",\"position\":1,\"name\":\"Home\",\"item\":\"https:\/\/about.fb.com\/br\/\"},{\"@type\":\"ListItem\",\"position\":2,\"name\":\"Facebook amplia transpar\u00eancia sobre publicidade pol\u00edtica e eleitoral no Brasil com recursos de pesquisa\"}]},{\"@type\":\"WebSite\",\"@id\":\"https:\/\/about.fb.com\/br\/#website\",\"url\":\"https:\/\/about.fb.com\/news\/\",\"name\":\"Sobre a Meta\",\"description\":\"\",\"publisher\":{\"@id\":\"https:\/\/about.fb.com\/br\/#organization\"},\"potentialAction\":[{\"@type\":\"SearchAction\",\"target\":{\"@type\":\"EntryPoint\",\"urlTemplate\":\"https:\/\/about.fb.com\/br\/?s={search_term_string}\"},\"query-input\":{\"@type\":\"PropertyValueSpecification\",\"valueRequired\":true,\"valueName\":\"search_term_string\"}}],\"inLanguage\":\"pt-BR\",\"alternateName\":[\"Meta Newsroom\",\"Meta\"]},{\"@type\":\"Organization\",\"@id\":\"https:\/\/about.fb.com\/br\/#organization\",\"name\":\"Meta\",\"url\":\"https:\/\/about.fb.com\/br\/\",\"logo\":{\"@type\":\"ImageObject\",\"inLanguage\":\"pt-BR\",\"@id\":\"https:\/\/about.fb.com\/br\/#\/schema\/logo\/image\/\",\"url\":\"https:\/\/about.fb.com\/br\/wp-content\/uploads\/sites\/11\/2021\/10\/meta-social-16x9-1.jpg?fit=8000%2C4500\",\"contentUrl\":\"https:\/\/about.fb.com\/br\/wp-content\/uploads\/sites\/11\/2021\/10\/meta-social-16x9-1.jpg?fit=8000%2C4500\",\"width\":8000,\"height\":4500,\"caption\":\"Meta\"},\"image\":{\"@id\":\"https:\/\/about.fb.com\/br\/#\/schema\/logo\/image\/\"}}]}<\/script>\n<!-- \/ Yoast SEO plugin. -->","yoast_head_json":{"title":"Facebook amplia transpar\u00eancia sobre publicidade pol\u00edtica e eleitoral no Brasil com recursos de pesquisa | Sobre a Meta","robots":{"index":"index","follow":"follow","max-snippet":"max-snippet:-1","max-image-preview":"max-image-preview:large","max-video-preview":"max-video-preview:-1"},"canonical":"https:\/\/about.fb.com\/br\/news\/2020\/09\/facebook-amplia-transparencia-sobre-publicidade-politica-e-eleitoral-no-brasil-com-recursos-de-pesquisa\/","og_locale":"pt_BR","og_type":"article","og_title":"Facebook amplia transpar\u00eancia sobre publicidade pol\u00edtica e eleitoral no Brasil com recursos de pesquisa | Sobre a Meta","og_description":"Relat\u00f3rio e API s\u00e3o novas ferramentas dispon\u00edveis na Biblioteca de An\u00fancios O Facebook passa a disponibilizar no Brasil duas ferramentas que facilitam a pesquisa e an\u00e1lise de publicidade sobre pol\u00edtica ou elei\u00e7\u00f5es no Facebook e no Instagram: o Relat\u00f3rio de Transpar\u00eancia e a Interface de Programa\u00e7\u00e3o de Aplicativo (API, em Ingl\u00eas), ambas como parte da\u00a0Biblioteca de An\u00fancios. Campanhas de publicidade nas duas plataformas com o selo &#8220;Pago por&#8221; ou &#8220;Propaganda Eleitoral&#8221; ficam dispon\u00edveis por sete anos na Biblioteca de An\u00fancios. No Relat\u00f3rio de Transpar\u00eancia, \u00e9 poss\u00edvel visualizar rapidamente o total de an\u00fancios sobre pol\u00edtica e elei\u00e7\u00f5es criados no Brasil com um dos r\u00f3tulos desde agosto de 2020, assim como o valor total gasto. \u00c9 poss\u00edvel tamb\u00e9m ver as principais buscas na Biblioteca de An\u00fancios e filtrar os gastos por data, regi\u00e3o ou anunciante, al\u00e9m de uma lista com os maiores anunciantes no \u00faltimo dia ou por intervalo de sete dias, trinta dias, noventa dias ou todas as datas. J\u00e1 com a Interface de Programa\u00e7\u00e3o de Aplicativo (API) \u00e9 poss\u00edvel criar pesquisas personalizadas de an\u00fancios com palavras-chave personalizadas armazenadas na Biblioteca de An\u00fancios. Para ter acesso \u00e0 API, \u00e9 necess\u00e1rio confirmar identidade e localiza\u00e7\u00e3o, criar uma conta de desenvolvedor do Facebook e adicionar um novo aplicativo. O acesso \u00e0 API permite pesquisar dados para todos os an\u00fancios ativos e inativos sobre temas sociais, elei\u00e7\u00f5es ou pol\u00edtica. A API possibilita que pesquisadores, especialistas e jornalistas estudem e avaliem a propaganda pol\u00edtica em nossas plataformas e criem relat\u00f3rios ou reportagens sobre o assunto. Anunciantes que queiram fazer an\u00fancios sobre pol\u00edtica ou elei\u00e7\u00f5es precisam passar por autoriza\u00e7\u00e3o Desde agosto, o Facebook n\u00e3o permite que an\u00fancios sobre pol\u00edtica ou elei\u00e7\u00f5es no Brasil sejam exibidos no Facebook e no Instagram no Brasil sem o aviso &#8220;Pago por&#8221; ou &#8220;Propaganda Eleitoral&#8221;, conforme anunciamos em junho deste ano. Qualquer pessoa ou organiza\u00e7\u00e3o que queira fazer an\u00fancios relacionados \u00e0 pol\u00edtica ou elei\u00e7\u00f5es no Facebook ou no Instagram no pa\u00eds precisa primeiro confirmar sua identidade e que ter uma resid\u00eancia no Brasil. Os anunciantes t\u00eam a op\u00e7\u00e3o de fornecer n\u00famero do CNPJ ou CPF. Ap\u00f3s confirmar sua identidade, o anunciante pode criar um aviso e selecionar os r\u00f3tulos \u201cPago Por\u201d ou \u201cPropaganda Eleitoral\u201d, dependendo do tipo de campanha e sendo observadas, pelos anunciantes, as necessidades de adequa\u00e7\u00e3o \u00e0 legisla\u00e7\u00e3o local. As informa\u00e7\u00f5es fornecidas ficar\u00e3o dispon\u00edveis no topo de cada an\u00fancio ao clicar no \u00edcone \u201ci\u201d. Todos os an\u00fancios que s\u00e3o exibidos no Facebook e no Instagram precisam estar de acordo com os Padr\u00f5es da Comunidade, assim como as Pol\u00edticas de Publicidade.","og_url":"https:\/\/about.fb.com\/br\/news\/2020\/09\/facebook-amplia-transparencia-sobre-publicidade-politica-e-eleitoral-no-brasil-com-recursos-de-pesquisa\/","og_site_name":"Sobre a Meta","article_published_time":"2020-09-22T13:39:30+00:00","article_modified_time":"2021-06-17T13:07:38+00:00","og_image":[{"url":"https:\/\/about.fb.com\/br\/wp-content\/uploads\/sites\/11\/2020\/09\/Relatorio-ads.png?w=219","type":"","width":"","height":""}],"author":"facebookbr","twitter_card":"summary_large_image","twitter_misc":{"Written by":"Meta","Est. reading time":"2 minutos"},"schema":{"@context":"https:\/\/schema.org","@graph":[{"@type":"Article","@id":"https:\/\/about.fb.com\/br\/news\/2020\/09\/facebook-amplia-transparencia-sobre-publicidade-politica-e-eleitoral-no-brasil-com-recursos-de-pesquisa\/#article","isPartOf":{"@id":"https:\/\/about.fb.com\/br\/news\/2020\/09\/facebook-amplia-transparencia-sobre-publicidade-politica-e-eleitoral-no-brasil-com-recursos-de-pesquisa\/"},"author":"Facebook company","headline":"Facebook amplia transpar\u00eancia sobre publicidade pol\u00edtica e eleitoral no Brasil com recursos de pesquisa","datePublished":"2020-09-22T13:39:30+00:00","dateModified":"2021-06-17T13:07:38+00:00","mainEntityOfPage":{"@id":"https:\/\/about.fb.com\/br\/news\/2020\/09\/facebook-amplia-transparencia-sobre-publicidade-politica-e-eleitoral-no-brasil-com-recursos-de-pesquisa\/"},"wordCount":495,"publisher":{"@id":"https:\/\/about.fb.com\/br\/#organization"},"image":{"@id":"https:\/\/about.fb.com\/br\/news\/2020\/09\/facebook-amplia-transparencia-sobre-publicidade-politica-e-eleitoral-no-brasil-com-recursos-de-pesquisa\/#primaryimage"},"thumbnailUrl":"https:\/\/about.fb.com\/br\/wp-content\/uploads\/sites\/11\/2020\/09\/Relatorio-ads.png?w=219","articleSection":["Recent News"],"inLanguage":"pt-BR"},{"@type":"WebPage","@id":"https:\/\/about.fb.com\/br\/news\/2020\/09\/facebook-amplia-transparencia-sobre-publicidade-politica-e-eleitoral-no-brasil-com-recursos-de-pesquisa\/","url":"https:\/\/about.fb.com\/br\/news\/2020\/09\/facebook-amplia-transparencia-sobre-publicidade-politica-e-eleitoral-no-brasil-com-recursos-de-pesquisa\/","name":"Facebook amplia transpar\u00eancia sobre publicidade pol\u00edtica e eleitoral no Brasil com recursos de pesquisa | Sobre a Meta","isPartOf":{"@id":"https:\/\/about.fb.com\/br\/#website"},"primaryImageOfPage":{"@id":"https:\/\/about.fb.com\/br\/news\/2020\/09\/facebook-amplia-transparencia-sobre-publicidade-politica-e-eleitoral-no-brasil-com-recursos-de-pesquisa\/#primaryimage"},"image":{"@id":"https:\/\/about.fb.com\/br\/news\/2020\/09\/facebook-amplia-transparencia-sobre-publicidade-politica-e-eleitoral-no-brasil-com-recursos-de-pesquisa\/#primaryimage"},"thumbnailUrl":"https:\/\/about.fb.com\/br\/wp-content\/uploads\/sites\/11\/2020\/09\/Relatorio-ads.png?w=219","datePublished":"2020-09-22T13:39:30+00:00","dateModified":"2021-06-17T13:07:38+00:00","breadcrumb":{"@id":"https:\/\/about.fb.com\/br\/news\/2020\/09\/facebook-amplia-transparencia-sobre-publicidade-politica-e-eleitoral-no-brasil-com-recursos-de-pesquisa\/#breadcrumb"},"inLanguage":"pt-BR","potentialAction":[{"@type":"ReadAction","target":["https:\/\/about.fb.com\/br\/news\/2020\/09\/facebook-amplia-transparencia-sobre-publicidade-politica-e-eleitoral-no-brasil-com-recursos-de-pesquisa\/"]}],"author":"Sobre a Meta"},{"@type":"ImageObject","inLanguage":"pt-BR","@id":"https:\/\/about.fb.com\/br\/news\/2020\/09\/facebook-amplia-transparencia-sobre-publicidade-politica-e-eleitoral-no-brasil-com-recursos-de-pesquisa\/#primaryimage","url":"https:\/\/about.fb.com\/br\/wp-content\/uploads\/sites\/11\/2020\/09\/Relatorio-ads.png?w=219","contentUrl":"https:\/\/about.fb.com\/br\/wp-content\/uploads\/sites\/11\/2020\/09\/Relatorio-ads.png?w=219"},{"@type":"BreadcrumbList","@id":"https:\/\/about.fb.com\/br\/news\/2020\/09\/facebook-amplia-transparencia-sobre-publicidade-politica-e-eleitoral-no-brasil-com-recursos-de-pesquisa\/#breadcrumb","itemListElement":[{"@type":"ListItem","position":1,"name":"Home","item":"https:\/\/about.fb.com\/br\/"},{"@type":"ListItem","position":2,"name":"Facebook amplia transpar\u00eancia sobre publicidade pol\u00edtica e eleitoral no Brasil com recursos de pesquisa"}]},{"@type":"WebSite","@id":"https:\/\/about.fb.com\/br\/#website","url":"https:\/\/about.fb.com\/news\/","name":"Sobre a Meta","description":"","publisher":{"@id":"https:\/\/about.fb.com\/br\/#organization"},"potentialAction":[{"@type":"SearchAction","target":{"@type":"EntryPoint","urlTemplate":"https:\/\/about.fb.com\/br\/?s={search_term_string}"},"query-input":{"@type":"PropertyValueSpecification","valueRequired":true,"valueName":"search_term_string"}}],"inLanguage":"pt-BR","alternateName":["Meta Newsroom","Meta"]},{"@type":"Organization","@id":"https:\/\/about.fb.com\/br\/#organization","name":"Meta","url":"https:\/\/about.fb.com\/br\/","logo":{"@type":"ImageObject","inLanguage":"pt-BR","@id":"https:\/\/about.fb.com\/br\/#\/schema\/logo\/image\/","url":"https:\/\/about.fb.com\/br\/wp-content\/uploads\/sites\/11\/2021\/10\/meta-social-16x9-1.jpg?fit=8000%2C4500","contentUrl":"https:\/\/about.fb.com\/br\/wp-content\/uploads\/sites\/11\/2021\/10\/meta-social-16x9-1.jpg?fit=8000%2C4500","width":8000,"height":4500,"caption":"Meta"},"image":{"@id":"https:\/\/about.fb.com\/br\/#\/schema\/logo\/image\/"}}]}},"jetpack_featured_media_url":"","jetpack-related-posts":[{"id":26541,"url":"https:\/\/about.fb.com\/br\/news\/2025\/07\/encerramento-da-publicidade-politica-eleitoral-e-de-questoes-sociais-na-ue-em-resposta-a-nova-regulacao-europeia\/","url_meta":{"origin":21889,"position":0},"title":"Encerramento da publicidade pol\u00edtica, eleitoral e de temas sociais na UE em resposta \u00e0 nova regula\u00e7\u00e3o europeia","author":"Meta","date":"25\/07\/2025","format":false,"excerpt":"A partir do in\u00edcio de outubro de 2025, deixaremos de permitir an\u00fancios pol\u00edticos, eleitorais e sobre temas sociais em nossas plataformas na Uni\u00e3o Europeia. Esta \u00e9 uma decis\u00e3o dif\u00edcil \u2013 tomada em resposta \u00e0 nova regula\u00e7\u00e3o da UE sobre Transpar\u00eancia e Segmenta\u00e7\u00e3o da Publicidade Pol\u00edtica (TTPA), que imp\u00f5e desafios operacionais\u2026","rel":"","context":"In &quot;Homepage - Hidden&quot;","block_context":{"text":"Homepage - Hidden","link":"https:\/\/about.fb.com\/br\/news\/category\/homepage-hidden\/"},"img":{"alt_text":"","src":"","width":0,"height":0},"classes":[]},{"id":26130,"url":"https:\/\/about.fb.com\/br\/news\/2025\/02\/aumentando-a-transparencia-da-ia-generativa-nos-produtos-de-anuncios-da-meta\/","url_meta":{"origin":21889,"position":1},"title":"Aumentando a transpar\u00eancia da IA generativa nos produtos de an\u00fancios da Meta","author":"Meta","date":"03\/02\/2025","format":false,"excerpt":"Na Meta, continuamos priorizando a transpar\u00eancia e a responsabilidade em nossas diretrizes para anunciantes. Desde o ano passado, come\u00e7amos a rotular os an\u00fancios criados ou significativamente editados com o uso dos nossos recursos de criativo de IA generativa, que est\u00e3o dispon\u00edveis nas ferramentas de marketing para anunciantes. Vou explicar a\u2026","rel":"","context":"In &quot;Meta&quot;","block_context":{"text":"Meta","link":"https:\/\/about.fb.com\/br\/news\/category\/temas-home\/meta\/"},"img":{"alt_text":"","src":"https:\/\/about.fb.com\/br\/wp-content\/uploads\/sites\/11\/2025\/02\/Transparency-Labels-for-Ads_Header.jpg?fit=1920%2C1080&resize=350%2C200","width":350,"height":200,"srcset":"https:\/\/about.fb.com\/br\/wp-content\/uploads\/sites\/11\/2025\/02\/Transparency-Labels-for-Ads_Header.jpg?fit=1920%2C1080&resize=350%2C200 1x, https:\/\/about.fb.com\/br\/wp-content\/uploads\/sites\/11\/2025\/02\/Transparency-Labels-for-Ads_Header.jpg?fit=1920%2C1080&resize=525%2C300 1.5x, https:\/\/about.fb.com\/br\/wp-content\/uploads\/sites\/11\/2025\/02\/Transparency-Labels-for-Ads_Header.jpg?fit=1920%2C1080&resize=700%2C400 2x, https:\/\/about.fb.com\/br\/wp-content\/uploads\/sites\/11\/2025\/02\/Transparency-Labels-for-Ads_Header.jpg?fit=1920%2C1080&resize=1050%2C600 3x, https:\/\/about.fb.com\/br\/wp-content\/uploads\/sites\/11\/2025\/02\/Transparency-Labels-for-Ads_Header.jpg?fit=1920%2C1080&resize=1400%2C800 4x"},"classes":[]},{"id":26257,"url":"https:\/\/about.fb.com\/br\/news\/2025\/03\/novas-ferramentas-de-marketing-com-criadores-para-impulsionar-seu-negocio\/","url_meta":{"origin":21889,"position":2},"title":"Novas ferramentas de marketing com criadores para impulsionar seu neg\u00f3cio","author":"Meta","date":"25\/03\/2025","format":false,"excerpt":"Os criadores de conte\u00fado s\u00e3o pot\u00eancias influentes. Eles possuem um ponto de vista aut\u00eantico que o p\u00fablico deseja consumir e s\u00e3o extremamente talentosos no que fazem. Encontrar o criador ideal para contar a hist\u00f3ria da sua marca \u00e9 fundamental para o sucesso de uma campanha \u2013 53% das pessoas entrevistadas\u2026","rel":"","context":"In &quot;Meta&quot;","block_context":{"text":"Meta","link":"https:\/\/about.fb.com\/br\/news\/category\/temas-home\/meta\/"},"img":{"alt_text":"","src":"https:\/\/about.fb.com\/br\/wp-content\/uploads\/sites\/11\/2025\/03\/486522289_1855176755295072_5704983731428616907_n.png?resize=350%2C200","width":350,"height":200,"srcset":"https:\/\/about.fb.com\/br\/wp-content\/uploads\/sites\/11\/2025\/03\/486522289_1855176755295072_5704983731428616907_n.png?resize=350%2C200 1x, https:\/\/about.fb.com\/br\/wp-content\/uploads\/sites\/11\/2025\/03\/486522289_1855176755295072_5704983731428616907_n.png?resize=525%2C300 1.5x, https:\/\/about.fb.com\/br\/wp-content\/uploads\/sites\/11\/2025\/03\/486522289_1855176755295072_5704983731428616907_n.png?resize=700%2C400 2x, https:\/\/about.fb.com\/br\/wp-content\/uploads\/sites\/11\/2025\/03\/486522289_1855176755295072_5704983731428616907_n.png?resize=1050%2C600 3x, https:\/\/about.fb.com\/br\/wp-content\/uploads\/sites\/11\/2025\/03\/486522289_1855176755295072_5704983731428616907_n.png?resize=1400%2C800 4x"},"classes":[]},{"id":26696,"url":"https:\/\/about.fb.com\/br\/news\/2025\/10\/desempenho-potencializado-por-ia-para-o-agora-e-o-futuro\/","url_meta":{"origin":21889,"position":3},"title":"Desempenho potencializado por IA para o agora e o futuro","author":"Meta","date":"02\/10\/2025","format":false,"excerpt":"Para os profissionais de marketing, cada ponto de desempenho incremental pode significar a diferen\u00e7a entre empatar e bater recordes. Por isso, a Meta continua investindo em solu\u00e7\u00f5es l\u00edderes com IA, incluindo o Advantage+ e a infraestrutura que o sustenta, para ajudar empresas, anunciantes e ag\u00eancias a expandirem rapidamente. Estamos escrevendo\u2026","rel":"","context":"In &quot;Meta&quot;","block_context":{"text":"Meta","link":"https:\/\/about.fb.com\/br\/news\/category\/temas-home\/meta\/"},"img":{"alt_text":"","src":"https:\/\/about.fb.com\/br\/wp-content\/uploads\/sites\/11\/2025\/07\/Logo-Meta-1.jpg?fit=633%2C356&resize=350%2C200","width":350,"height":200,"srcset":"https:\/\/about.fb.com\/br\/wp-content\/uploads\/sites\/11\/2025\/07\/Logo-Meta-1.jpg?fit=633%2C356&resize=350%2C200 1x, https:\/\/about.fb.com\/br\/wp-content\/uploads\/sites\/11\/2025\/07\/Logo-Meta-1.jpg?fit=633%2C356&resize=525%2C300 1.5x"},"classes":[]},{"id":26583,"url":"https:\/\/about.fb.com\/br\/news\/2025\/08\/maximize-seus-resultados-com-novas-formas-de-impulsionar-as-vendas-nesta-temporada-de-compras\/","url_meta":{"origin":21889,"position":4},"title":"Maximize seus resultados com novas formas de impulsionar as vendas nesta temporada de compras","author":"Meta","date":"21\/08\/2025","format":false,"excerpt":"O ritmo da inova\u00e7\u00e3o em IA continua acelerando, e na Meta estamos investindo em pessoas, infraestrutura e ferramentas para levar a superintelig\u00eancia pessoal a todos. Para as empresas no ecossistema da Meta, isso significa investimentos em infraestruturas como Andromeda, GEM, Lattice, a su\u00edte Advantage+ e ferramentas de an\u00fancios com IA\u2026","rel":"","context":"In &quot;Meta&quot;","block_context":{"text":"Meta","link":"https:\/\/about.fb.com\/br\/news\/category\/temas-home\/meta\/"},"img":{"alt_text":"","src":"https:\/\/about.fb.com\/br\/wp-content\/uploads\/sites\/11\/2025\/07\/Logo-Meta-1.jpg?fit=633%2C356&resize=350%2C200","width":350,"height":200,"srcset":"https:\/\/about.fb.com\/br\/wp-content\/uploads\/sites\/11\/2025\/07\/Logo-Meta-1.jpg?fit=633%2C356&resize=350%2C200 1x, https:\/\/about.fb.com\/br\/wp-content\/uploads\/sites\/11\/2025\/07\/Logo-Meta-1.jpg?fit=633%2C356&resize=525%2C300 1.5x"},"classes":[]},{"id":26869,"url":"https:\/\/about.fb.com\/br\/news\/2025\/12\/novas-ferramentas-com-ia-para-escalar-parcerias-entre-criadores-e-marcas\/","url_meta":{"origin":21889,"position":5},"title":"Novas ferramentas com IA para escalar parcerias entre criadores e marcas","author":"Meta","date":"11\/12\/2025","format":false,"excerpt":"[Atualizado em 30 de janeiro de 2026] Estamos compartilhando atualiza\u00e7\u00f5es adicionais que facilitam para as marcas descobrirem, avaliarem e se conectarem com criadores para campanhas de an\u00fancios em parceria usando o Marketplace de Criadores do Instagram. Expandindo o Marketplace de Criadores para empresas globalmente: A partir de hoje, estamos ampliando\u2026","rel":"","context":"In &quot;Meta&quot;","block_context":{"text":"Meta","link":"https:\/\/about.fb.com\/br\/news\/category\/temas-home\/meta\/"},"img":{"alt_text":"","src":"https:\/\/about.fb.com\/br\/wp-content\/uploads\/sites\/11\/2025\/07\/Logo-Meta-1.jpg?fit=633%2C356&resize=350%2C200","width":350,"height":200,"srcset":"https:\/\/about.fb.com\/br\/wp-content\/uploads\/sites\/11\/2025\/07\/Logo-Meta-1.jpg?fit=633%2C356&resize=350%2C200 1x, https:\/\/about.fb.com\/br\/wp-content\/uploads\/sites\/11\/2025\/07\/Logo-Meta-1.jpg?fit=633%2C356&resize=525%2C300 1.5x"},"classes":[]}],"jetpack_sharing_enabled":true,"amp_enabled":true,"_links":{"self":[{"href":"https:\/\/about.fb.com\/br\/wp-json\/wp\/v2\/posts\/21889","targetHints":{"allow":["GET"]}}],"collection":[{"href":"https:\/\/about.fb.com\/br\/wp-json\/wp\/v2\/posts"}],"about":[{"href":"https:\/\/about.fb.com\/br\/wp-json\/wp\/v2\/types\/post"}],"author":[{"embeddable":true,"href":"https:\/\/about.fb.com\/br\/wp-json\/wp\/v2\/users\/81109636"}],"replies":[{"embeddable":true,"href":"https:\/\/about.fb.com\/br\/wp-json\/wp\/v2\/comments?post=21889"}],"version-history":[{"count":7,"href":"https:\/\/about.fb.com\/br\/wp-json\/wp\/v2\/posts\/21889\/revisions"}],"predecessor-version":[{"id":21897,"href":"https:\/\/about.fb.com\/br\/wp-json\/wp\/v2\/posts\/21889\/revisions\/21897"}],"wp:attachment":[{"href":"https:\/\/about.fb.com\/br\/wp-json\/wp\/v2\/media?parent=21889"}],"wp:term":[{"taxonomy":"category","embeddable":true,"href":"https:\/\/about.fb.com\/br\/wp-json\/wp\/v2\/categories?post=21889"},{"taxonomy":"post_tag","embeddable":true,"href":"https:\/\/about.fb.com\/br\/wp-json\/wp\/v2\/tags?post=21889"}],"curies":[{"name":"wp","href":"https:\/\/api.w.org\/{rel}","templated":true}]}}