{"id":21885,"date":"2020-09-21T10:56:47","date_gmt":"2020-09-21T13:56:47","guid":{"rendered":"https:\/\/about.fb.com\/br\/?p=21885"},"modified":"2021-06-17T10:07:39","modified_gmt":"2021-06-17T13:07:39","slug":"facebook-expande-rights-manager-para-proteger-ativos-de-imagem-de-criadores-e-publishers","status":"publish","type":"post","link":"https:\/\/about.fb.com\/br\/news\/2020\/09\/facebook-expande-rights-manager-para-proteger-ativos-de-imagem-de-criadores-e-publishers\/","title":{"rendered":"Facebook expande Rights Manager para proteger ativos de imagem de criadores e publishers"},"content":{"rendered":"<p><span style=\"font-weight: 400\">Queremos garantir que o Facebook seja um lugar seguro e que agregue valor para os criadores. \u00c9 por isso que constru\u00edmos ferramentas como o <\/span><a href=\"https:\/\/rightsmanager.fb.com\/\"><span style=\"font-weight: 400\">Rights Manager<\/span><\/a><span style=\"font-weight: 400\"> no<\/span><a href=\"https:\/\/business.facebook.com\/creatorstudio\/home\"><span style=\"font-weight: 400\"> Est\u00fadio de Cria\u00e7\u00e3o (Creator Studio<\/span><\/a><span style=\"font-weight: 400\">), que ajudam criadores e publishers que t\u00eam um amplo ou crescente cat\u00e1logo de conte\u00fado a controlar melhor quando, como e onde ele \u00e9 compartilhado no Facebook e Instagram. Hoje, apresentamos o Rights Manager para Imagens, uma nova vers\u00e3o do Rights Manager que usa tecnologia de correspond\u00eancia de imagens para oferecer prote\u00e7\u00e3o e gerenciamento de ativos de imagem em escala.<\/span><\/p>\n<p><span style=\"font-weight: 400\">Para acessar o Rights Manager, os administradores de P\u00e1gina podem <\/span><a href=\"https:\/\/www.facebook.com\/rights_manager\/apply\"><span style=\"font-weight: 400\">inscrever<\/span><\/a><span style=\"font-weight: 400\"> a imagem que criaram e desejam proteger, e a ferramenta encontrar\u00e1 o conte\u00fado correspondente no Facebook e Instagram. As configura\u00e7\u00f5es podem ser ajustadas para encontrar itens correspondentes como propriedade, e que devem ser aplicados em todo o mundo ou apenas em determinados locais.<\/span><\/p>\n<p><span style=\"font-weight: 400\">Al\u00e9m das ferramentas gratuitas para gerenciamento de conte\u00fado que oferecemos para ajudar a combater viola\u00e7\u00f5es, tamb\u00e9m temos um sistema de den\u00fancia de IP r\u00e1pido e eficaz, uma <\/span><a href=\"https:\/\/www.facebook.com\/help\/350712395302528\"><span style=\"font-weight: 400\">pol\u00edtica de infrator recorrente<\/span><\/a><span style=\"font-weight: 400\"> e outras medidas.\u00a0<\/span><\/p>\n<p><span style=\"font-weight: 400\">Proteger a propriedade intelectual \u00e9 uma parte importante de nossos <\/span><a href=\"https:\/\/www.facebook.com\/terms.php\"><span style=\"font-weight: 400\">Termos de Servi\u00e7o<\/span><\/a><span style=\"font-weight: 400\">. Saiba mais sobre <\/span><a href=\"https:\/\/www.facebook.com\/help\/intellectual_property\"><span style=\"font-weight: 400\">as prote\u00e7\u00f5es de direitos autorais oferecidas no Facebook<\/span><\/a><span style=\"font-weight: 400\">.<\/span><\/p>\n","protected":false},"excerpt":{"rendered":"Queremos garantir que o Facebook seja um lugar seguro e que agregue valor para os criadores. \u00c9 por isso que constru\u00edmos ferramentas como o Rights Manager no Est\u00fadio de Cria\u00e7\u00e3o (Creator Studio), que ajudam criadores e publishers que t\u00eam um amplo ou crescente cat\u00e1logo de conte\u00fado a controlar melhor quando, como e onde ele \u00e9 compartilhado no Facebook e Instagram. Hoje, apresentamos o Rights Manager para Imagens, uma nova vers\u00e3o do Rights Manager que usa tecnologia de correspond\u00eancia de imagens para oferecer prote\u00e7\u00e3o e gerenciamento de ativos de imagem em escala. Para acessar o Rights Manager, os administradores de P\u00e1gina podem inscrever a imagem que criaram e desejam proteger, e a ferramenta encontrar\u00e1 o conte\u00fado correspondente no Facebook e Instagram. As configura\u00e7\u00f5es podem ser ajustadas para encontrar itens correspondentes como propriedade, e que devem ser aplicados em todo o mundo ou apenas em determinados locais. Al\u00e9m das ferramentas gratuitas para gerenciamento de conte\u00fado que oferecemos para ajudar a combater viola\u00e7\u00f5es, tamb\u00e9m temos um sistema de den\u00fancia de IP r\u00e1pido e eficaz, uma pol\u00edtica de infrator recorrente e outras medidas.\u00a0 Proteger a propriedade intelectual \u00e9 uma parte importante de nossos Termos de Servi\u00e7o. Saiba mais sobre as prote\u00e7\u00f5es de direitos autorais oferecidas no Facebook.","protected":false},"author":81109636,"featured_media":21887,"comment_status":"closed","ping_status":"closed","sticky":false,"template":"","format":"standard","meta":{"_jetpack_memberships_contains_paid_content":false,"footnotes":""},"categories":[1],"tags":[],"class_list":["post-21885","post","type-post","status-publish","format-standard","has-post-thumbnail","hentry","category-recent-news"],"yoast_head":"<!-- This site is optimized with the Yoast SEO plugin v27.2 - https:\/\/yoast.com\/product\/yoast-seo-wordpress\/ -->\n<title>Facebook expande Rights Manager para proteger ativos de imagem de criadores e publishers | Sobre a Meta<\/title>\n<meta name=\"robots\" content=\"index, follow, max-snippet:-1, max-image-preview:large, max-video-preview:-1\" \/>\n<link rel=\"canonical\" href=\"https:\/\/about.fb.com\/br\/news\/2020\/09\/facebook-expande-rights-manager-para-proteger-ativos-de-imagem-de-criadores-e-publishers\/\" \/>\n<meta property=\"og:locale\" content=\"pt_BR\" \/>\n<meta property=\"og:type\" content=\"article\" \/>\n<meta property=\"og:title\" content=\"Facebook expande Rights Manager para proteger ativos de imagem de criadores e publishers | Sobre a Meta\" \/>\n<meta property=\"og:description\" content=\"Queremos garantir que o Facebook seja um lugar seguro e que agregue valor para os criadores. \u00c9 por isso que constru\u00edmos ferramentas como o Rights Manager no Est\u00fadio de Cria\u00e7\u00e3o (Creator Studio), que ajudam criadores e publishers que t\u00eam um amplo ou crescente cat\u00e1logo de conte\u00fado a controlar melhor quando, como e onde ele \u00e9 compartilhado no Facebook e Instagram. Hoje, apresentamos o Rights Manager para Imagens, uma nova vers\u00e3o do Rights Manager que usa tecnologia de correspond\u00eancia de imagens para oferecer prote\u00e7\u00e3o e gerenciamento de ativos de imagem em escala. Para acessar o Rights Manager, os administradores de P\u00e1gina podem inscrever a imagem que criaram e desejam proteger, e a ferramenta encontrar\u00e1 o conte\u00fado correspondente no Facebook e Instagram. As configura\u00e7\u00f5es podem ser ajustadas para encontrar itens correspondentes como propriedade, e que devem ser aplicados em todo o mundo ou apenas em determinados locais. Al\u00e9m das ferramentas gratuitas para gerenciamento de conte\u00fado que oferecemos para ajudar a combater viola\u00e7\u00f5es, tamb\u00e9m temos um sistema de den\u00fancia de IP r\u00e1pido e eficaz, uma pol\u00edtica de infrator recorrente e outras medidas.\u00a0 Proteger a propriedade intelectual \u00e9 uma parte importante de nossos Termos de Servi\u00e7o. Saiba mais sobre as prote\u00e7\u00f5es de direitos autorais oferecidas no Facebook.\" \/>\n<meta property=\"og:url\" content=\"https:\/\/about.fb.com\/br\/news\/2020\/09\/facebook-expande-rights-manager-para-proteger-ativos-de-imagem-de-criadores-e-publishers\/\" \/>\n<meta property=\"og:site_name\" content=\"Sobre a Meta\" \/>\n<meta property=\"article:published_time\" content=\"2020-09-21T13:56:47+00:00\" \/>\n<meta property=\"article:modified_time\" content=\"2021-06-17T13:07:39+00:00\" \/>\n<meta property=\"og:image\" content=\"https:\/\/about.fb.com\/br\/wp-content\/uploads\/sites\/11\/2020\/09\/NRP-Rights_Manager_banner_FINAL.jpg?resize=1024,576\" \/>\n\t<meta property=\"og:image:width\" content=\"1024\" \/>\n\t<meta property=\"og:image:height\" content=\"576\" \/>\n\t<meta property=\"og:image:type\" content=\"image\/jpeg\" \/>\n<meta name=\"author\" content=\"facebookbr\" \/>\n<meta name=\"twitter:card\" content=\"summary_large_image\" \/>\n<meta name=\"twitter:label1\" content=\"Written by\" \/>\n\t<meta name=\"twitter:data1\" content=\"Meta\" \/>\n\t<meta name=\"twitter:label2\" content=\"Est. reading time\" \/>\n\t<meta name=\"twitter:data2\" content=\"1 minuto\" \/>\n<script type=\"application\/ld+json\" class=\"yoast-schema-graph\">{\"@context\":\"https:\/\/schema.org\",\"@graph\":[{\"@type\":\"Article\",\"@id\":\"https:\/\/about.fb.com\/br\/news\/2020\/09\/facebook-expande-rights-manager-para-proteger-ativos-de-imagem-de-criadores-e-publishers\/#article\",\"isPartOf\":{\"@id\":\"https:\/\/about.fb.com\/br\/news\/2020\/09\/facebook-expande-rights-manager-para-proteger-ativos-de-imagem-de-criadores-e-publishers\/\"},\"author\":\"Facebook company\",\"headline\":\"Facebook expande Rights Manager para proteger ativos de imagem de criadores e publishers\",\"datePublished\":\"2020-09-21T13:56:47+00:00\",\"dateModified\":\"2021-06-17T13:07:39+00:00\",\"mainEntityOfPage\":{\"@id\":\"https:\/\/about.fb.com\/br\/news\/2020\/09\/facebook-expande-rights-manager-para-proteger-ativos-de-imagem-de-criadores-e-publishers\/\"},\"wordCount\":234,\"publisher\":{\"@id\":\"https:\/\/about.fb.com\/br\/#organization\"},\"image\":{\"@id\":\"https:\/\/about.fb.com\/br\/news\/2020\/09\/facebook-expande-rights-manager-para-proteger-ativos-de-imagem-de-criadores-e-publishers\/#primaryimage\"},\"thumbnailUrl\":\"https:\/\/about.fb.com\/br\/wp-content\/uploads\/sites\/11\/2020\/09\/NRP-Rights_Manager_banner_FINAL.jpg?fit=1536%2C864\",\"articleSection\":[\"Recent News\"],\"inLanguage\":\"pt-BR\"},{\"@type\":\"WebPage\",\"@id\":\"https:\/\/about.fb.com\/br\/news\/2020\/09\/facebook-expande-rights-manager-para-proteger-ativos-de-imagem-de-criadores-e-publishers\/\",\"url\":\"https:\/\/about.fb.com\/br\/news\/2020\/09\/facebook-expande-rights-manager-para-proteger-ativos-de-imagem-de-criadores-e-publishers\/\",\"name\":\"Facebook expande Rights Manager para proteger ativos de imagem de criadores e publishers | Sobre a Meta\",\"isPartOf\":{\"@id\":\"https:\/\/about.fb.com\/br\/#website\"},\"primaryImageOfPage\":{\"@id\":\"https:\/\/about.fb.com\/br\/news\/2020\/09\/facebook-expande-rights-manager-para-proteger-ativos-de-imagem-de-criadores-e-publishers\/#primaryimage\"},\"image\":{\"@id\":\"https:\/\/about.fb.com\/br\/news\/2020\/09\/facebook-expande-rights-manager-para-proteger-ativos-de-imagem-de-criadores-e-publishers\/#primaryimage\"},\"thumbnailUrl\":\"https:\/\/about.fb.com\/br\/wp-content\/uploads\/sites\/11\/2020\/09\/NRP-Rights_Manager_banner_FINAL.jpg?fit=1536%2C864\",\"datePublished\":\"2020-09-21T13:56:47+00:00\",\"dateModified\":\"2021-06-17T13:07:39+00:00\",\"breadcrumb\":{\"@id\":\"https:\/\/about.fb.com\/br\/news\/2020\/09\/facebook-expande-rights-manager-para-proteger-ativos-de-imagem-de-criadores-e-publishers\/#breadcrumb\"},\"inLanguage\":\"pt-BR\",\"potentialAction\":[{\"@type\":\"ReadAction\",\"target\":[\"https:\/\/about.fb.com\/br\/news\/2020\/09\/facebook-expande-rights-manager-para-proteger-ativos-de-imagem-de-criadores-e-publishers\/\"]}],\"author\":\"Sobre a Meta\"},{\"@type\":\"ImageObject\",\"inLanguage\":\"pt-BR\",\"@id\":\"https:\/\/about.fb.com\/br\/news\/2020\/09\/facebook-expande-rights-manager-para-proteger-ativos-de-imagem-de-criadores-e-publishers\/#primaryimage\",\"url\":\"https:\/\/about.fb.com\/br\/wp-content\/uploads\/sites\/11\/2020\/09\/NRP-Rights_Manager_banner_FINAL.jpg?fit=1536%2C864\",\"contentUrl\":\"https:\/\/about.fb.com\/br\/wp-content\/uploads\/sites\/11\/2020\/09\/NRP-Rights_Manager_banner_FINAL.jpg?fit=1536%2C864\",\"width\":1536,\"height\":864},{\"@type\":\"BreadcrumbList\",\"@id\":\"https:\/\/about.fb.com\/br\/news\/2020\/09\/facebook-expande-rights-manager-para-proteger-ativos-de-imagem-de-criadores-e-publishers\/#breadcrumb\",\"itemListElement\":[{\"@type\":\"ListItem\",\"position\":1,\"name\":\"Home\",\"item\":\"https:\/\/about.fb.com\/br\/\"},{\"@type\":\"ListItem\",\"position\":2,\"name\":\"Facebook expande Rights Manager para proteger ativos de imagem de criadores e publishers\"}]},{\"@type\":\"WebSite\",\"@id\":\"https:\/\/about.fb.com\/br\/#website\",\"url\":\"https:\/\/about.fb.com\/news\/\",\"name\":\"Sobre a Meta\",\"description\":\"\",\"publisher\":{\"@id\":\"https:\/\/about.fb.com\/br\/#organization\"},\"potentialAction\":[{\"@type\":\"SearchAction\",\"target\":{\"@type\":\"EntryPoint\",\"urlTemplate\":\"https:\/\/about.fb.com\/br\/?s={search_term_string}\"},\"query-input\":{\"@type\":\"PropertyValueSpecification\",\"valueRequired\":true,\"valueName\":\"search_term_string\"}}],\"inLanguage\":\"pt-BR\",\"alternateName\":[\"Meta Newsroom\",\"Meta\"]},{\"@type\":\"Organization\",\"@id\":\"https:\/\/about.fb.com\/br\/#organization\",\"name\":\"Meta\",\"url\":\"https:\/\/about.fb.com\/br\/\",\"logo\":{\"@type\":\"ImageObject\",\"inLanguage\":\"pt-BR\",\"@id\":\"https:\/\/about.fb.com\/br\/#\/schema\/logo\/image\/\",\"url\":\"https:\/\/about.fb.com\/br\/wp-content\/uploads\/sites\/11\/2021\/10\/meta-social-16x9-1.jpg?fit=8000%2C4500\",\"contentUrl\":\"https:\/\/about.fb.com\/br\/wp-content\/uploads\/sites\/11\/2021\/10\/meta-social-16x9-1.jpg?fit=8000%2C4500\",\"width\":8000,\"height\":4500,\"caption\":\"Meta\"},\"image\":{\"@id\":\"https:\/\/about.fb.com\/br\/#\/schema\/logo\/image\/\"}}]}<\/script>\n<!-- \/ Yoast SEO plugin. -->","yoast_head_json":{"title":"Facebook expande Rights Manager para proteger ativos de imagem de criadores e publishers | Sobre a Meta","robots":{"index":"index","follow":"follow","max-snippet":"max-snippet:-1","max-image-preview":"max-image-preview:large","max-video-preview":"max-video-preview:-1"},"canonical":"https:\/\/about.fb.com\/br\/news\/2020\/09\/facebook-expande-rights-manager-para-proteger-ativos-de-imagem-de-criadores-e-publishers\/","og_locale":"pt_BR","og_type":"article","og_title":"Facebook expande Rights Manager para proteger ativos de imagem de criadores e publishers | Sobre a Meta","og_description":"Queremos garantir que o Facebook seja um lugar seguro e que agregue valor para os criadores. \u00c9 por isso que constru\u00edmos ferramentas como o Rights Manager no Est\u00fadio de Cria\u00e7\u00e3o (Creator Studio), que ajudam criadores e publishers que t\u00eam um amplo ou crescente cat\u00e1logo de conte\u00fado a controlar melhor quando, como e onde ele \u00e9 compartilhado no Facebook e Instagram. Hoje, apresentamos o Rights Manager para Imagens, uma nova vers\u00e3o do Rights Manager que usa tecnologia de correspond\u00eancia de imagens para oferecer prote\u00e7\u00e3o e gerenciamento de ativos de imagem em escala. Para acessar o Rights Manager, os administradores de P\u00e1gina podem inscrever a imagem que criaram e desejam proteger, e a ferramenta encontrar\u00e1 o conte\u00fado correspondente no Facebook e Instagram. As configura\u00e7\u00f5es podem ser ajustadas para encontrar itens correspondentes como propriedade, e que devem ser aplicados em todo o mundo ou apenas em determinados locais. Al\u00e9m das ferramentas gratuitas para gerenciamento de conte\u00fado que oferecemos para ajudar a combater viola\u00e7\u00f5es, tamb\u00e9m temos um sistema de den\u00fancia de IP r\u00e1pido e eficaz, uma pol\u00edtica de infrator recorrente e outras medidas.\u00a0 Proteger a propriedade intelectual \u00e9 uma parte importante de nossos Termos de Servi\u00e7o. Saiba mais sobre as prote\u00e7\u00f5es de direitos autorais oferecidas no Facebook.","og_url":"https:\/\/about.fb.com\/br\/news\/2020\/09\/facebook-expande-rights-manager-para-proteger-ativos-de-imagem-de-criadores-e-publishers\/","og_site_name":"Sobre a Meta","article_published_time":"2020-09-21T13:56:47+00:00","article_modified_time":"2021-06-17T13:07:39+00:00","og_image":[{"width":1024,"height":576,"url":"https:\/\/about.fb.com\/br\/wp-content\/uploads\/sites\/11\/2020\/09\/NRP-Rights_Manager_banner_FINAL.jpg?resize=1024,576","type":"image\/jpeg"}],"author":"facebookbr","twitter_card":"summary_large_image","twitter_misc":{"Written by":"Meta","Est. reading time":"1 minuto"},"schema":{"@context":"https:\/\/schema.org","@graph":[{"@type":"Article","@id":"https:\/\/about.fb.com\/br\/news\/2020\/09\/facebook-expande-rights-manager-para-proteger-ativos-de-imagem-de-criadores-e-publishers\/#article","isPartOf":{"@id":"https:\/\/about.fb.com\/br\/news\/2020\/09\/facebook-expande-rights-manager-para-proteger-ativos-de-imagem-de-criadores-e-publishers\/"},"author":"Facebook company","headline":"Facebook expande Rights Manager para proteger ativos de imagem de criadores e publishers","datePublished":"2020-09-21T13:56:47+00:00","dateModified":"2021-06-17T13:07:39+00:00","mainEntityOfPage":{"@id":"https:\/\/about.fb.com\/br\/news\/2020\/09\/facebook-expande-rights-manager-para-proteger-ativos-de-imagem-de-criadores-e-publishers\/"},"wordCount":234,"publisher":{"@id":"https:\/\/about.fb.com\/br\/#organization"},"image":{"@id":"https:\/\/about.fb.com\/br\/news\/2020\/09\/facebook-expande-rights-manager-para-proteger-ativos-de-imagem-de-criadores-e-publishers\/#primaryimage"},"thumbnailUrl":"https:\/\/about.fb.com\/br\/wp-content\/uploads\/sites\/11\/2020\/09\/NRP-Rights_Manager_banner_FINAL.jpg?fit=1536%2C864","articleSection":["Recent News"],"inLanguage":"pt-BR"},{"@type":"WebPage","@id":"https:\/\/about.fb.com\/br\/news\/2020\/09\/facebook-expande-rights-manager-para-proteger-ativos-de-imagem-de-criadores-e-publishers\/","url":"https:\/\/about.fb.com\/br\/news\/2020\/09\/facebook-expande-rights-manager-para-proteger-ativos-de-imagem-de-criadores-e-publishers\/","name":"Facebook expande Rights Manager para proteger ativos de imagem de criadores e publishers | Sobre a Meta","isPartOf":{"@id":"https:\/\/about.fb.com\/br\/#website"},"primaryImageOfPage":{"@id":"https:\/\/about.fb.com\/br\/news\/2020\/09\/facebook-expande-rights-manager-para-proteger-ativos-de-imagem-de-criadores-e-publishers\/#primaryimage"},"image":{"@id":"https:\/\/about.fb.com\/br\/news\/2020\/09\/facebook-expande-rights-manager-para-proteger-ativos-de-imagem-de-criadores-e-publishers\/#primaryimage"},"thumbnailUrl":"https:\/\/about.fb.com\/br\/wp-content\/uploads\/sites\/11\/2020\/09\/NRP-Rights_Manager_banner_FINAL.jpg?fit=1536%2C864","datePublished":"2020-09-21T13:56:47+00:00","dateModified":"2021-06-17T13:07:39+00:00","breadcrumb":{"@id":"https:\/\/about.fb.com\/br\/news\/2020\/09\/facebook-expande-rights-manager-para-proteger-ativos-de-imagem-de-criadores-e-publishers\/#breadcrumb"},"inLanguage":"pt-BR","potentialAction":[{"@type":"ReadAction","target":["https:\/\/about.fb.com\/br\/news\/2020\/09\/facebook-expande-rights-manager-para-proteger-ativos-de-imagem-de-criadores-e-publishers\/"]}],"author":"Sobre a Meta"},{"@type":"ImageObject","inLanguage":"pt-BR","@id":"https:\/\/about.fb.com\/br\/news\/2020\/09\/facebook-expande-rights-manager-para-proteger-ativos-de-imagem-de-criadores-e-publishers\/#primaryimage","url":"https:\/\/about.fb.com\/br\/wp-content\/uploads\/sites\/11\/2020\/09\/NRP-Rights_Manager_banner_FINAL.jpg?fit=1536%2C864","contentUrl":"https:\/\/about.fb.com\/br\/wp-content\/uploads\/sites\/11\/2020\/09\/NRP-Rights_Manager_banner_FINAL.jpg?fit=1536%2C864","width":1536,"height":864},{"@type":"BreadcrumbList","@id":"https:\/\/about.fb.com\/br\/news\/2020\/09\/facebook-expande-rights-manager-para-proteger-ativos-de-imagem-de-criadores-e-publishers\/#breadcrumb","itemListElement":[{"@type":"ListItem","position":1,"name":"Home","item":"https:\/\/about.fb.com\/br\/"},{"@type":"ListItem","position":2,"name":"Facebook expande Rights Manager para proteger ativos de imagem de criadores e publishers"}]},{"@type":"WebSite","@id":"https:\/\/about.fb.com\/br\/#website","url":"https:\/\/about.fb.com\/news\/","name":"Sobre a Meta","description":"","publisher":{"@id":"https:\/\/about.fb.com\/br\/#organization"},"potentialAction":[{"@type":"SearchAction","target":{"@type":"EntryPoint","urlTemplate":"https:\/\/about.fb.com\/br\/?s={search_term_string}"},"query-input":{"@type":"PropertyValueSpecification","valueRequired":true,"valueName":"search_term_string"}}],"inLanguage":"pt-BR","alternateName":["Meta Newsroom","Meta"]},{"@type":"Organization","@id":"https:\/\/about.fb.com\/br\/#organization","name":"Meta","url":"https:\/\/about.fb.com\/br\/","logo":{"@type":"ImageObject","inLanguage":"pt-BR","@id":"https:\/\/about.fb.com\/br\/#\/schema\/logo\/image\/","url":"https:\/\/about.fb.com\/br\/wp-content\/uploads\/sites\/11\/2021\/10\/meta-social-16x9-1.jpg?fit=8000%2C4500","contentUrl":"https:\/\/about.fb.com\/br\/wp-content\/uploads\/sites\/11\/2021\/10\/meta-social-16x9-1.jpg?fit=8000%2C4500","width":8000,"height":4500,"caption":"Meta"},"image":{"@id":"https:\/\/about.fb.com\/br\/#\/schema\/logo\/image\/"}}]}},"jetpack_featured_media_url":"https:\/\/about.fb.com\/br\/wp-content\/uploads\/sites\/11\/2020\/09\/NRP-Rights_Manager_banner_FINAL.jpg?fit=1536%2C864","jetpack-related-posts":[{"id":26343,"url":"https:\/\/about.fb.com\/br\/news\/2025\/04\/reduzindo-conteudo-com-spam-no-facebook\/","url_meta":{"origin":21885,"position":0},"title":"Reduzindo conte\u00fado com spam no Facebook","author":"Meta","date":"24\/04\/2025","format":false,"excerpt":"Sua opini\u00e3o \u00e9 importante para n\u00f3s. O Feed do Facebook nem sempre oferece posts novos e envolventes, dos quais voc\u00ea sempre gosta. Estamos trabalhando em uma s\u00e9rie de mudan\u00e7as este ano para melhorar o Feed, ajudar os criadores de conte\u00fado a se destacar e dar \u00e0s pessoas mais controle sobre\u2026","rel":"","context":"In &quot;Facebook&quot;","block_context":{"text":"Facebook","link":"https:\/\/about.fb.com\/br\/news\/category\/technologies\/facebook\/"},"img":{"alt_text":"","src":"https:\/\/about.fb.com\/br\/wp-content\/uploads\/sites\/11\/2025\/04\/FB-Spam.jpg?fit=1280%2C720&resize=350%2C200","width":350,"height":200,"srcset":"https:\/\/about.fb.com\/br\/wp-content\/uploads\/sites\/11\/2025\/04\/FB-Spam.jpg?fit=1280%2C720&resize=350%2C200 1x, https:\/\/about.fb.com\/br\/wp-content\/uploads\/sites\/11\/2025\/04\/FB-Spam.jpg?fit=1280%2C720&resize=525%2C300 1.5x, https:\/\/about.fb.com\/br\/wp-content\/uploads\/sites\/11\/2025\/04\/FB-Spam.jpg?fit=1280%2C720&resize=700%2C400 2x, https:\/\/about.fb.com\/br\/wp-content\/uploads\/sites\/11\/2025\/04\/FB-Spam.jpg?fit=1280%2C720&resize=1050%2C600 3x"},"classes":[]},{"id":27047,"url":"https:\/\/about.fb.com\/br\/news\/2026\/03\/da-cultura-aos-negocios-como-a-ia-esta-impulsionando-conexoes-personalizadas-e-crescimento\/","url_meta":{"origin":21885,"position":1},"title":"Da cultura aos neg\u00f3cios: como a IA est\u00e1 impulsionando conex\u00f5es personalizadas e crescimento","author":"Meta","date":"26\/03\/2026","format":false,"excerpt":"Esta semana, a ind\u00fastria publicit\u00e1ria se reuniu no\u00a0Shoptalk\u00a0e no\u00a0IAB Newfronts\u00a0para explorar o futuro do e-commerce e da publicidade. Embora esses eventos foquem em diferentes partes da jornada do cliente, eles enfatizam um desafio compartilhado por todos os profissionais de marketing: capturar a aten\u00e7\u00e3o e transform\u00e1-la em a\u00e7\u00e3o significativa est\u00e1 mais\u2026","rel":"","context":"In &quot;Recent News&quot;","block_context":{"text":"Recent News","link":"https:\/\/about.fb.com\/br\/news\/category\/recent-news\/"},"img":{"alt_text":"","src":"https:\/\/about.fb.com\/br\/wp-content\/uploads\/sites\/11\/2026\/03\/Product-video-generation-tool-for-catalog-product-video.gif?resize=350%2C200","width":350,"height":200,"srcset":"https:\/\/about.fb.com\/br\/wp-content\/uploads\/sites\/11\/2026\/03\/Product-video-generation-tool-for-catalog-product-video.gif?resize=350%2C200 1x, https:\/\/about.fb.com\/br\/wp-content\/uploads\/sites\/11\/2026\/03\/Product-video-generation-tool-for-catalog-product-video.gif?resize=525%2C300 1.5x, https:\/\/about.fb.com\/br\/wp-content\/uploads\/sites\/11\/2026\/03\/Product-video-generation-tool-for-catalog-product-video.gif?resize=700%2C400 2x, https:\/\/about.fb.com\/br\/wp-content\/uploads\/sites\/11\/2026\/03\/Product-video-generation-tool-for-catalog-product-video.gif?resize=1050%2C600 3x"},"classes":[]},{"id":26337,"url":"https:\/\/about.fb.com\/br\/news\/2025\/04\/meta-lanca-campanha-agiliza-ai-com-meta-ai-estrelada-por-shawn-mendes\/","url_meta":{"origin":21885,"position":2},"title":"Meta lan\u00e7a campanha \u2018Agiliza a\u00ed com Meta AI\u2019, estrelada por Shawn Mendes","author":"Meta","date":"23\/04\/2025","format":false,"excerpt":"A Meta, empresa controladora do WhatsApp, Instagram, Facebook e Threads, acaba de lan\u00e7ar a campanha \u201cAgiliza a\u00ed com Meta AI\u201d, idealizada pela Droga5, que convida os brasileiros a explorarem as in\u00fameras possibilidades que o assistente virtual oferece para facilitar a rotina. Dispon\u00edvel gratuitamente nos aplicativos da empresa desde o fim\u2026","rel":"","context":"In &quot;Meta&quot;","block_context":{"text":"Meta","link":"https:\/\/about.fb.com\/br\/news\/category\/temas-home\/meta\/"},"img":{"alt_text":"","src":"https:\/\/about.fb.com\/br\/wp-content\/uploads\/sites\/11\/2025\/04\/ALLTYPE-169_-copiar.jpg?fit=1920%2C1080&resize=350%2C200","width":350,"height":200,"srcset":"https:\/\/about.fb.com\/br\/wp-content\/uploads\/sites\/11\/2025\/04\/ALLTYPE-169_-copiar.jpg?fit=1920%2C1080&resize=350%2C200 1x, https:\/\/about.fb.com\/br\/wp-content\/uploads\/sites\/11\/2025\/04\/ALLTYPE-169_-copiar.jpg?fit=1920%2C1080&resize=525%2C300 1.5x, https:\/\/about.fb.com\/br\/wp-content\/uploads\/sites\/11\/2025\/04\/ALLTYPE-169_-copiar.jpg?fit=1920%2C1080&resize=700%2C400 2x, https:\/\/about.fb.com\/br\/wp-content\/uploads\/sites\/11\/2025\/04\/ALLTYPE-169_-copiar.jpg?fit=1920%2C1080&resize=1050%2C600 3x, https:\/\/about.fb.com\/br\/wp-content\/uploads\/sites\/11\/2025\/04\/ALLTYPE-169_-copiar.jpg?fit=1920%2C1080&resize=1400%2C800 4x"},"classes":[]},{"id":26696,"url":"https:\/\/about.fb.com\/br\/news\/2025\/10\/desempenho-potencializado-por-ia-para-o-agora-e-o-futuro\/","url_meta":{"origin":21885,"position":3},"title":"Desempenho potencializado por IA para o agora e o futuro","author":"Meta","date":"02\/10\/2025","format":false,"excerpt":"Para os profissionais de marketing, cada ponto de desempenho incremental pode significar a diferen\u00e7a entre empatar e bater recordes. Por isso, a Meta continua investindo em solu\u00e7\u00f5es l\u00edderes com IA, incluindo o Advantage+ e a infraestrutura que o sustenta, para ajudar empresas, anunciantes e ag\u00eancias a expandirem rapidamente. Estamos escrevendo\u2026","rel":"","context":"In &quot;Meta&quot;","block_context":{"text":"Meta","link":"https:\/\/about.fb.com\/br\/news\/category\/temas-home\/meta\/"},"img":{"alt_text":"","src":"https:\/\/about.fb.com\/br\/wp-content\/uploads\/sites\/11\/2025\/07\/Logo-Meta-1.jpg?fit=633%2C356&resize=350%2C200","width":350,"height":200,"srcset":"https:\/\/about.fb.com\/br\/wp-content\/uploads\/sites\/11\/2025\/07\/Logo-Meta-1.jpg?fit=633%2C356&resize=350%2C200 1x, https:\/\/about.fb.com\/br\/wp-content\/uploads\/sites\/11\/2025\/07\/Logo-Meta-1.jpg?fit=633%2C356&resize=525%2C300 1.5x"},"classes":[]},{"id":26720,"url":"https:\/\/about.fb.com\/br\/news\/2025\/10\/descubra-mais-reels-do-mundo-todo-com-traducao-da-meta-ai\/","url_meta":{"origin":21885,"position":4},"title":"Descubra Mais Reels do Mundo Todo com Tradu\u00e7\u00e3o da Meta AI","author":"Meta","date":"09\/10\/2025","format":false,"excerpt":"Imagine descobrir um reel que te faz rir, te inspira ou te ensina algo novo, n\u00e3o importa onde ele foi criado ou em que idioma foi gravado. Esse \u00e9 o futuro que estamos construindo na Meta. No m\u00eas passado, ampliamos o acesso \u00e0s tradu\u00e7\u00f5es entre ingl\u00eas e espanhol (e vice-versa)\u2026","rel":"","context":"In &quot;Facebook&quot;","block_context":{"text":"Facebook","link":"https:\/\/about.fb.com\/br\/news\/category\/technologies\/facebook\/"},"img":{"alt_text":"","src":"https:\/\/about.fb.com\/br\/wp-content\/uploads\/sites\/11\/2025\/10\/Hero-Image_pt_BR.png?fit=1400%2C1000&resize=350%2C200","width":350,"height":200,"srcset":"https:\/\/about.fb.com\/br\/wp-content\/uploads\/sites\/11\/2025\/10\/Hero-Image_pt_BR.png?fit=1400%2C1000&resize=350%2C200 1x, https:\/\/about.fb.com\/br\/wp-content\/uploads\/sites\/11\/2025\/10\/Hero-Image_pt_BR.png?fit=1400%2C1000&resize=525%2C300 1.5x, https:\/\/about.fb.com\/br\/wp-content\/uploads\/sites\/11\/2025\/10\/Hero-Image_pt_BR.png?fit=1400%2C1000&resize=700%2C400 2x, https:\/\/about.fb.com\/br\/wp-content\/uploads\/sites\/11\/2025\/10\/Hero-Image_pt_BR.png?fit=1400%2C1000&resize=1050%2C600 3x, https:\/\/about.fb.com\/br\/wp-content\/uploads\/sites\/11\/2025\/10\/Hero-Image_pt_BR.png?fit=1400%2C1000&resize=1400%2C800 4x"},"classes":[]},{"id":26367,"url":"https:\/\/about.fb.com\/br\/news\/2025\/05\/insights-dos-resultados-do-1o-trimestre-da-meta-para-impulsionar-o-desempenho-dos-negocios\/","url_meta":{"origin":21885,"position":5},"title":"Insights dos resultados do 1\u00ba trimestre da Meta para impulsionar o desempenho dos neg\u00f3cios","author":"Meta","date":"02\/05\/2025","format":false,"excerpt":"Hoje, estamos compartilhando alguns insights importantes sobre ganhos de performance com o uso de produtos de an\u00fancios baseados em intelig\u00eancia artificial, v\u00eddeos e Reels, al\u00e9m de a\u00e7\u00f5es que as empresas podem adotar para atrair mais clientes e aproveitar ao m\u00e1ximo cada investimento em marketing. As dicas se baseiam nos destaques\u2026","rel":"","context":"In &quot;Meta&quot;","block_context":{"text":"Meta","link":"https:\/\/about.fb.com\/br\/news\/category\/temas-home\/meta\/"},"img":{"alt_text":"","src":"https:\/\/about.fb.com\/br\/wp-content\/uploads\/sites\/11\/2025\/05\/capa.png?fit=1920%2C1080&resize=350%2C200","width":350,"height":200,"srcset":"https:\/\/about.fb.com\/br\/wp-content\/uploads\/sites\/11\/2025\/05\/capa.png?fit=1920%2C1080&resize=350%2C200 1x, https:\/\/about.fb.com\/br\/wp-content\/uploads\/sites\/11\/2025\/05\/capa.png?fit=1920%2C1080&resize=525%2C300 1.5x, https:\/\/about.fb.com\/br\/wp-content\/uploads\/sites\/11\/2025\/05\/capa.png?fit=1920%2C1080&resize=700%2C400 2x, https:\/\/about.fb.com\/br\/wp-content\/uploads\/sites\/11\/2025\/05\/capa.png?fit=1920%2C1080&resize=1050%2C600 3x, https:\/\/about.fb.com\/br\/wp-content\/uploads\/sites\/11\/2025\/05\/capa.png?fit=1920%2C1080&resize=1400%2C800 4x"},"classes":[]}],"jetpack_sharing_enabled":true,"amp_enabled":true,"_links":{"self":[{"href":"https:\/\/about.fb.com\/br\/wp-json\/wp\/v2\/posts\/21885","targetHints":{"allow":["GET"]}}],"collection":[{"href":"https:\/\/about.fb.com\/br\/wp-json\/wp\/v2\/posts"}],"about":[{"href":"https:\/\/about.fb.com\/br\/wp-json\/wp\/v2\/types\/post"}],"author":[{"embeddable":true,"href":"https:\/\/about.fb.com\/br\/wp-json\/wp\/v2\/users\/81109636"}],"replies":[{"embeddable":true,"href":"https:\/\/about.fb.com\/br\/wp-json\/wp\/v2\/comments?post=21885"}],"version-history":[{"count":1,"href":"https:\/\/about.fb.com\/br\/wp-json\/wp\/v2\/posts\/21885\/revisions"}],"predecessor-version":[{"id":21886,"href":"https:\/\/about.fb.com\/br\/wp-json\/wp\/v2\/posts\/21885\/revisions\/21886"}],"wp:featuredmedia":[{"embeddable":true,"href":"https:\/\/about.fb.com\/br\/wp-json\/wp\/v2\/media\/21887"}],"wp:attachment":[{"href":"https:\/\/about.fb.com\/br\/wp-json\/wp\/v2\/media?parent=21885"}],"wp:term":[{"taxonomy":"category","embeddable":true,"href":"https:\/\/about.fb.com\/br\/wp-json\/wp\/v2\/categories?post=21885"},{"taxonomy":"post_tag","embeddable":true,"href":"https:\/\/about.fb.com\/br\/wp-json\/wp\/v2\/tags?post=21885"}],"curies":[{"name":"wp","href":"https:\/\/api.w.org\/{rel}","templated":true}]}}