{"id":21804,"date":"2020-09-03T07:00:51","date_gmt":"2020-09-03T10:00:51","guid":{"rendered":"https:\/\/about.fb.com\/br\/?p=21804"},"modified":"2021-06-17T10:07:40","modified_gmt":"2021-06-17T13:07:40","slug":"expandindo-nossa-ferramenta-de-transferencia-de-fotos-e-videos-para-o-dropbox-e-koofr","status":"publish","type":"post","link":"https:\/\/about.fb.com\/br\/news\/2020\/09\/expandindo-nossa-ferramenta-de-transferencia-de-fotos-e-videos-para-o-dropbox-e-koofr\/","title":{"rendered":"Expandindo nossa ferramenta de transfer\u00eancia de fotos e v\u00eddeos para o Dropbox e Koofr"},"content":{"rendered":"<p><i><span style=\"font-weight: 400\">Por Steve Satterfield, Diretor de Privacidade e Pol\u00edticas P\u00fablicas<\/span><\/i><\/p>\n<p><span style=\"font-weight: 400\">A partir de hoje, voc\u00ea pode transferir suas fotos e v\u00eddeos do Facebook diretamente para dois servi\u00e7os adicionais &#8211; Dropbox e Koofr &#8211; usando nossa nova <\/span><a href=\"http:\/\/facebook.com\/dtp\"><span style=\"font-weight: 400\">ferramenta de portabilidade de dados<\/span><\/a><span style=\"font-weight: 400\">.<\/span><\/p>\n<p><span style=\"font-weight: 400\">H\u00e1 muito tempo, acreditamos que, se voc\u00ea compartilha dados com um servi\u00e7o, deveria ser capaz de transferi-los com seguran\u00e7a para outro. Esse \u00e9 o princ\u00edpio da portabilidade de dados, que d\u00e1 \u00e0s pessoas controle e poder de escolha, al\u00e9m de promover inova\u00e7\u00e3o.<\/span><\/p>\n<p><span style=\"font-weight: 400\">Por quase uma d\u00e9cada, permitimos que as pessoas fa\u00e7am o <\/span><a href=\"https:\/\/www.facebook.com\/help\/1701730696756992?helpref=hc_global_nav\"><span style=\"font-weight: 400\">download de suas informa\u00e7\u00f5es<\/span><\/a><span style=\"font-weight: 400\"> no Facebook. Recentemente, lan\u00e7amos uma <\/span><a href=\"https:\/\/about.fb.com\/news\/2019\/12\/data-portability-photo-transfer-tool\/\"><span style=\"font-weight: 400\">ferramenta de transfer\u00eancia de fotos e v\u00eddeos<\/span><\/a><span style=\"font-weight: 400\"> com o Google Fotos e, com base no feedback de usu\u00e1rios e especialistas, come\u00e7amos a facilitar a transfer\u00eancia para outras plataformas.<\/span><\/p>\n<p><span style=\"font-weight: 400\">O <\/span><a href=\"https:\/\/www.dropbox.com\/individual\"><span style=\"font-weight: 400\">Dropbox<\/span><\/a><span style=\"font-weight: 400\"> oferece um espa\u00e7o organizado para suas m\u00eddias e ferramentas de colabora\u00e7\u00e3o. O <\/span><a href=\"https:\/\/koofr.eu\/\"><span style=\"font-weight: 400\">Koofr<\/span><\/a><span style=\"font-weight: 400\"> fornece um armazenamento online seguro e privado para todos os seus arquivos, tudo em um s\u00f3 lugar.<\/span><\/p>\n<p><span style=\"font-weight: 400\">Nossa ferramenta de transfer\u00eancia de fotos e v\u00eddeos \u00e9 baseada em um c\u00f3digo desenvolvido por meio do <\/span><a href=\"https:\/\/datatransferproject.dev\/\"><span style=\"font-weight: 400\">Projeto de Transfer\u00eancia de Dados<\/span><\/a><span style=\"font-weight: 400\"> de c\u00f3digo aberto. Voc\u00ea pode acessar essa ferramenta nas configura\u00e7\u00f5es do Facebook em <\/span><i><span style=\"font-weight: 400\">Suas informa\u00e7\u00f5es do Facebook<\/span><\/i><span style=\"font-weight: 400\">. A partir da\u00ed, agora voc\u00ea pode selecionar Dropbox ou Koofr, al\u00e9m do Google Fotos, e n\u00f3s planejamos expandir essa lista em breve.<\/span><\/p>\n<p><a href=\"https:\/\/about.fb.com\/br\/wp-content\/uploads\/sites\/11\/2020\/09\/data-portability-cobranded-one-pager_DB_FINAL.pdf\">Passo a passo para a transfer\u00eancia<\/a><\/p>\n<p><span style=\"font-weight: 400\">Projetamos esta ferramenta para otimizar a privacidade, a seguran\u00e7a e a utilidade. Pediremos que voc\u00ea insira sua senha novamente antes de iniciar a transfer\u00eancia e criptografe seus dados \u00e0 medida que eles se movem entre os servi\u00e7os, para que voc\u00ea tenha certeza de que seus dados ser\u00e3o transferidos com seguran\u00e7a.<\/span><\/p>\n<p><span style=\"font-weight: 400\">Queremos continuar a construir recursos de portabilidade de dados em que as pessoas possam confiar. Para fazer isso, os servi\u00e7os online precisam de regras mais claras sobre quais tipos de dados devem ser port\u00e1teis e quem \u00e9 respons\u00e1vel por proteger esses dados \u00e0 medida que eles se deslocam para diferentes servi\u00e7os.\u00a0<\/span><\/p>\n<p><span style=\"font-weight: 400\">Os gestores de pol\u00edticas p\u00fablicas t\u00eam um papel vital a desempenhar nisso. Esperamos que esta ferramenta possa promover debates com especialistas, desenvolvedores e gestores de pol\u00edticas p\u00fablicas sobre as quest\u00f5es de privacidade que identificamos em nosso <\/span><a href=\"https:\/\/about.fb.com\/br\/news\/2019\/09\/um-caminho-para-a-privacidade-e-portabilidade-de-dados\/\"><span style=\"font-weight: 400\">relat\u00f3rio<\/span><\/a><span style=\"font-weight: 400\"> sobre portabilidade de dados e no recente <\/span><a href=\"https:\/\/about.fb.com\/news\/2020\/08\/comments-on-data-portability\/\"><span style=\"font-weight: 400\">envio de coment\u00e1rios<\/span><\/a><span style=\"font-weight: 400\"> \u00e0 Federal Trade Commission (FTC), nos Estados Unidos. Sabemos que n\u00e3o podemos fazer isso sozinhos, ent\u00e3o encorajamos outras empresas a se juntarem ao <\/span><a href=\"https:\/\/datatransferproject.dev\/\"><span style=\"font-weight: 400\">Projeto de Transfer\u00eancia de Dados<\/span><\/a><span style=\"font-weight: 400\"> para expandir as op\u00e7\u00f5es para as pessoas e impulsionar a inova\u00e7\u00e3o na portabilidade de dados.<\/span><\/p>\n","protected":false},"excerpt":{"rendered":"Por Steve Satterfield, Diretor de Privacidade e Pol\u00edticas P\u00fablicas A partir de hoje, voc\u00ea pode transferir suas fotos e v\u00eddeos do Facebook diretamente para dois servi\u00e7os adicionais &#8211; Dropbox e Koofr &#8211; usando nossa nova ferramenta de portabilidade de dados. H\u00e1 muito tempo, acreditamos que, se voc\u00ea compartilha dados com um servi\u00e7o, deveria ser capaz de transferi-los com seguran\u00e7a para outro. Esse \u00e9 o princ\u00edpio da portabilidade de dados, que d\u00e1 \u00e0s pessoas controle e poder de escolha, al\u00e9m de promover inova\u00e7\u00e3o. Por quase uma d\u00e9cada, permitimos que as pessoas fa\u00e7am o download de suas informa\u00e7\u00f5es no Facebook. Recentemente, lan\u00e7amos uma ferramenta de transfer\u00eancia de fotos e v\u00eddeos com o Google Fotos e, com base no feedback de usu\u00e1rios e especialistas, come\u00e7amos a facilitar a transfer\u00eancia para outras plataformas. O Dropbox oferece um espa\u00e7o organizado para suas m\u00eddias e ferramentas de colabora\u00e7\u00e3o. O Koofr fornece um armazenamento online seguro e privado para todos os seus arquivos, tudo em um s\u00f3 lugar. Nossa ferramenta de transfer\u00eancia de fotos e v\u00eddeos \u00e9 baseada em um c\u00f3digo desenvolvido por meio do Projeto de Transfer\u00eancia de Dados de c\u00f3digo aberto. Voc\u00ea pode acessar essa ferramenta nas configura\u00e7\u00f5es do Facebook em Suas informa\u00e7\u00f5es do Facebook. A partir da\u00ed, agora voc\u00ea pode selecionar Dropbox ou Koofr, al\u00e9m do Google Fotos, e n\u00f3s planejamos expandir essa lista em breve. Passo a passo para a transfer\u00eancia Projetamos esta ferramenta para otimizar a privacidade, a seguran\u00e7a e a utilidade. Pediremos que voc\u00ea insira sua senha novamente antes de iniciar a transfer\u00eancia e criptografe seus dados \u00e0 medida que eles se movem entre os servi\u00e7os, para que voc\u00ea tenha certeza de que seus dados ser\u00e3o transferidos com seguran\u00e7a. Queremos continuar a construir recursos de portabilidade de dados em que as pessoas possam confiar. Para fazer isso, os servi\u00e7os online precisam de regras mais claras sobre quais tipos de dados devem ser port\u00e1teis e quem \u00e9 respons\u00e1vel por proteger esses dados \u00e0 medida que eles se deslocam para diferentes servi\u00e7os.\u00a0 Os gestores de pol\u00edticas p\u00fablicas t\u00eam um papel vital a desempenhar nisso. Esperamos que esta ferramenta possa promover debates com especialistas, desenvolvedores e gestores de pol\u00edticas p\u00fablicas sobre as quest\u00f5es de privacidade que identificamos em nosso relat\u00f3rio sobre portabilidade de dados e no recente envio de coment\u00e1rios \u00e0 Federal Trade Commission (FTC), nos Estados Unidos. Sabemos que n\u00e3o podemos fazer isso sozinhos, ent\u00e3o encorajamos outras empresas a se juntarem ao Projeto de Transfer\u00eancia de Dados para expandir as op\u00e7\u00f5es para as pessoas e impulsionar a inova\u00e7\u00e3o na portabilidade de dados.","protected":false},"author":81109636,"featured_media":0,"comment_status":"closed","ping_status":"closed","sticky":false,"template":"","format":"standard","meta":{"_jetpack_memberships_contains_paid_content":false,"footnotes":""},"categories":[1],"tags":[396542133],"class_list":["post-21804","post","type-post","status-publish","format-standard","hentry","category-recent-news","tag-privacidade-importa"],"yoast_head":"<!-- This site is optimized with the Yoast SEO plugin v27.2 - https:\/\/yoast.com\/product\/yoast-seo-wordpress\/ -->\n<title>Expandindo nossa ferramenta de transfer\u00eancia de fotos e v\u00eddeos para o Dropbox e Koofr | Sobre a Meta<\/title>\n<meta name=\"robots\" content=\"index, follow, max-snippet:-1, max-image-preview:large, max-video-preview:-1\" \/>\n<link rel=\"canonical\" href=\"https:\/\/about.fb.com\/br\/news\/2020\/09\/expandindo-nossa-ferramenta-de-transferencia-de-fotos-e-videos-para-o-dropbox-e-koofr\/\" \/>\n<meta property=\"og:locale\" content=\"pt_BR\" \/>\n<meta property=\"og:type\" content=\"article\" \/>\n<meta property=\"og:title\" content=\"Expandindo nossa ferramenta de transfer\u00eancia de fotos e v\u00eddeos para o Dropbox e Koofr | Sobre a Meta\" \/>\n<meta property=\"og:description\" content=\"Por Steve Satterfield, Diretor de Privacidade e Pol\u00edticas P\u00fablicas A partir de hoje, voc\u00ea pode transferir suas fotos e v\u00eddeos do Facebook diretamente para dois servi\u00e7os adicionais &#8211; Dropbox e Koofr &#8211; usando nossa nova ferramenta de portabilidade de dados. H\u00e1 muito tempo, acreditamos que, se voc\u00ea compartilha dados com um servi\u00e7o, deveria ser capaz de transferi-los com seguran\u00e7a para outro. Esse \u00e9 o princ\u00edpio da portabilidade de dados, que d\u00e1 \u00e0s pessoas controle e poder de escolha, al\u00e9m de promover inova\u00e7\u00e3o. Por quase uma d\u00e9cada, permitimos que as pessoas fa\u00e7am o download de suas informa\u00e7\u00f5es no Facebook. Recentemente, lan\u00e7amos uma ferramenta de transfer\u00eancia de fotos e v\u00eddeos com o Google Fotos e, com base no feedback de usu\u00e1rios e especialistas, come\u00e7amos a facilitar a transfer\u00eancia para outras plataformas. O Dropbox oferece um espa\u00e7o organizado para suas m\u00eddias e ferramentas de colabora\u00e7\u00e3o. O Koofr fornece um armazenamento online seguro e privado para todos os seus arquivos, tudo em um s\u00f3 lugar. Nossa ferramenta de transfer\u00eancia de fotos e v\u00eddeos \u00e9 baseada em um c\u00f3digo desenvolvido por meio do Projeto de Transfer\u00eancia de Dados de c\u00f3digo aberto. Voc\u00ea pode acessar essa ferramenta nas configura\u00e7\u00f5es do Facebook em Suas informa\u00e7\u00f5es do Facebook. A partir da\u00ed, agora voc\u00ea pode selecionar Dropbox ou Koofr, al\u00e9m do Google Fotos, e n\u00f3s planejamos expandir essa lista em breve. Passo a passo para a transfer\u00eancia Projetamos esta ferramenta para otimizar a privacidade, a seguran\u00e7a e a utilidade. Pediremos que voc\u00ea insira sua senha novamente antes de iniciar a transfer\u00eancia e criptografe seus dados \u00e0 medida que eles se movem entre os servi\u00e7os, para que voc\u00ea tenha certeza de que seus dados ser\u00e3o transferidos com seguran\u00e7a. Queremos continuar a construir recursos de portabilidade de dados em que as pessoas possam confiar. Para fazer isso, os servi\u00e7os online precisam de regras mais claras sobre quais tipos de dados devem ser port\u00e1teis e quem \u00e9 respons\u00e1vel por proteger esses dados \u00e0 medida que eles se deslocam para diferentes servi\u00e7os.\u00a0 Os gestores de pol\u00edticas p\u00fablicas t\u00eam um papel vital a desempenhar nisso. Esperamos que esta ferramenta possa promover debates com especialistas, desenvolvedores e gestores de pol\u00edticas p\u00fablicas sobre as quest\u00f5es de privacidade que identificamos em nosso relat\u00f3rio sobre portabilidade de dados e no recente envio de coment\u00e1rios \u00e0 Federal Trade Commission (FTC), nos Estados Unidos. Sabemos que n\u00e3o podemos fazer isso sozinhos, ent\u00e3o encorajamos outras empresas a se juntarem ao Projeto de Transfer\u00eancia de Dados para expandir as op\u00e7\u00f5es para as pessoas e impulsionar a inova\u00e7\u00e3o na portabilidade de dados.\" \/>\n<meta property=\"og:url\" content=\"https:\/\/about.fb.com\/br\/news\/2020\/09\/expandindo-nossa-ferramenta-de-transferencia-de-fotos-e-videos-para-o-dropbox-e-koofr\/\" \/>\n<meta property=\"og:site_name\" content=\"Sobre a Meta\" \/>\n<meta property=\"article:published_time\" content=\"2020-09-03T10:00:51+00:00\" \/>\n<meta property=\"article:modified_time\" content=\"2021-06-17T13:07:40+00:00\" \/>\n<meta property=\"og:image\" content=\"https:\/\/about.fb.com\/br\/wp-content\/uploads\/sites\/11\/2021\/10\/meta-social-16x9-1.jpg?resize=1024,576\" \/>\n\t<meta property=\"og:image:width\" content=\"1024\" \/>\n\t<meta property=\"og:image:height\" content=\"576\" \/>\n\t<meta property=\"og:image:type\" content=\"image\/jpeg\" \/>\n<meta name=\"author\" content=\"facebookbr\" \/>\n<meta name=\"twitter:card\" content=\"summary_large_image\" \/>\n<meta name=\"twitter:label1\" content=\"Written by\" \/>\n\t<meta name=\"twitter:data1\" content=\"Meta\" \/>\n\t<meta name=\"twitter:label2\" content=\"Est. reading time\" \/>\n\t<meta name=\"twitter:data2\" content=\"2 minutos\" \/>\n<script type=\"application\/ld+json\" class=\"yoast-schema-graph\">{\"@context\":\"https:\/\/schema.org\",\"@graph\":[{\"@type\":\"Article\",\"@id\":\"https:\/\/about.fb.com\/br\/news\/2020\/09\/expandindo-nossa-ferramenta-de-transferencia-de-fotos-e-videos-para-o-dropbox-e-koofr\/#article\",\"isPartOf\":{\"@id\":\"https:\/\/about.fb.com\/br\/news\/2020\/09\/expandindo-nossa-ferramenta-de-transferencia-de-fotos-e-videos-para-o-dropbox-e-koofr\/\"},\"author\":\"Facebook company\",\"headline\":\"Expandindo nossa ferramenta de transfer\u00eancia de fotos e v\u00eddeos para o Dropbox e Koofr\",\"datePublished\":\"2020-09-03T10:00:51+00:00\",\"dateModified\":\"2021-06-17T13:07:40+00:00\",\"mainEntityOfPage\":{\"@id\":\"https:\/\/about.fb.com\/br\/news\/2020\/09\/expandindo-nossa-ferramenta-de-transferencia-de-fotos-e-videos-para-o-dropbox-e-koofr\/\"},\"wordCount\":482,\"publisher\":{\"@id\":\"https:\/\/about.fb.com\/br\/#organization\"},\"keywords\":[\"Privacidade Importa\"],\"articleSection\":[\"Recent News\"],\"inLanguage\":\"pt-BR\"},{\"@type\":\"WebPage\",\"@id\":\"https:\/\/about.fb.com\/br\/news\/2020\/09\/expandindo-nossa-ferramenta-de-transferencia-de-fotos-e-videos-para-o-dropbox-e-koofr\/\",\"url\":\"https:\/\/about.fb.com\/br\/news\/2020\/09\/expandindo-nossa-ferramenta-de-transferencia-de-fotos-e-videos-para-o-dropbox-e-koofr\/\",\"name\":\"Expandindo nossa ferramenta de transfer\u00eancia de fotos e v\u00eddeos para o Dropbox e Koofr | Sobre a Meta\",\"isPartOf\":{\"@id\":\"https:\/\/about.fb.com\/br\/#website\"},\"datePublished\":\"2020-09-03T10:00:51+00:00\",\"dateModified\":\"2021-06-17T13:07:40+00:00\",\"breadcrumb\":{\"@id\":\"https:\/\/about.fb.com\/br\/news\/2020\/09\/expandindo-nossa-ferramenta-de-transferencia-de-fotos-e-videos-para-o-dropbox-e-koofr\/#breadcrumb\"},\"inLanguage\":\"pt-BR\",\"potentialAction\":[{\"@type\":\"ReadAction\",\"target\":[\"https:\/\/about.fb.com\/br\/news\/2020\/09\/expandindo-nossa-ferramenta-de-transferencia-de-fotos-e-videos-para-o-dropbox-e-koofr\/\"]}],\"author\":\"Sobre a Meta\"},{\"@type\":\"BreadcrumbList\",\"@id\":\"https:\/\/about.fb.com\/br\/news\/2020\/09\/expandindo-nossa-ferramenta-de-transferencia-de-fotos-e-videos-para-o-dropbox-e-koofr\/#breadcrumb\",\"itemListElement\":[{\"@type\":\"ListItem\",\"position\":1,\"name\":\"Home\",\"item\":\"https:\/\/about.fb.com\/br\/\"},{\"@type\":\"ListItem\",\"position\":2,\"name\":\"Expandindo nossa ferramenta de transfer\u00eancia de fotos e v\u00eddeos para o Dropbox e Koofr\"}]},{\"@type\":\"WebSite\",\"@id\":\"https:\/\/about.fb.com\/br\/#website\",\"url\":\"https:\/\/about.fb.com\/news\/\",\"name\":\"Sobre a Meta\",\"description\":\"\",\"publisher\":{\"@id\":\"https:\/\/about.fb.com\/br\/#organization\"},\"potentialAction\":[{\"@type\":\"SearchAction\",\"target\":{\"@type\":\"EntryPoint\",\"urlTemplate\":\"https:\/\/about.fb.com\/br\/?s={search_term_string}\"},\"query-input\":{\"@type\":\"PropertyValueSpecification\",\"valueRequired\":true,\"valueName\":\"search_term_string\"}}],\"inLanguage\":\"pt-BR\",\"alternateName\":[\"Meta Newsroom\",\"Meta\"]},{\"@type\":\"Organization\",\"@id\":\"https:\/\/about.fb.com\/br\/#organization\",\"name\":\"Meta\",\"url\":\"https:\/\/about.fb.com\/br\/\",\"logo\":{\"@type\":\"ImageObject\",\"inLanguage\":\"pt-BR\",\"@id\":\"https:\/\/about.fb.com\/br\/#\/schema\/logo\/image\/\",\"url\":\"https:\/\/about.fb.com\/br\/wp-content\/uploads\/sites\/11\/2021\/10\/meta-social-16x9-1.jpg?fit=8000%2C4500\",\"contentUrl\":\"https:\/\/about.fb.com\/br\/wp-content\/uploads\/sites\/11\/2021\/10\/meta-social-16x9-1.jpg?fit=8000%2C4500\",\"width\":8000,\"height\":4500,\"caption\":\"Meta\"},\"image\":{\"@id\":\"https:\/\/about.fb.com\/br\/#\/schema\/logo\/image\/\"}}]}<\/script>\n<!-- \/ Yoast SEO plugin. -->","yoast_head_json":{"title":"Expandindo nossa ferramenta de transfer\u00eancia de fotos e v\u00eddeos para o Dropbox e Koofr | Sobre a Meta","robots":{"index":"index","follow":"follow","max-snippet":"max-snippet:-1","max-image-preview":"max-image-preview:large","max-video-preview":"max-video-preview:-1"},"canonical":"https:\/\/about.fb.com\/br\/news\/2020\/09\/expandindo-nossa-ferramenta-de-transferencia-de-fotos-e-videos-para-o-dropbox-e-koofr\/","og_locale":"pt_BR","og_type":"article","og_title":"Expandindo nossa ferramenta de transfer\u00eancia de fotos e v\u00eddeos para o Dropbox e Koofr | Sobre a Meta","og_description":"Por Steve Satterfield, Diretor de Privacidade e Pol\u00edticas P\u00fablicas A partir de hoje, voc\u00ea pode transferir suas fotos e v\u00eddeos do Facebook diretamente para dois servi\u00e7os adicionais &#8211; Dropbox e Koofr &#8211; usando nossa nova ferramenta de portabilidade de dados. H\u00e1 muito tempo, acreditamos que, se voc\u00ea compartilha dados com um servi\u00e7o, deveria ser capaz de transferi-los com seguran\u00e7a para outro. Esse \u00e9 o princ\u00edpio da portabilidade de dados, que d\u00e1 \u00e0s pessoas controle e poder de escolha, al\u00e9m de promover inova\u00e7\u00e3o. Por quase uma d\u00e9cada, permitimos que as pessoas fa\u00e7am o download de suas informa\u00e7\u00f5es no Facebook. Recentemente, lan\u00e7amos uma ferramenta de transfer\u00eancia de fotos e v\u00eddeos com o Google Fotos e, com base no feedback de usu\u00e1rios e especialistas, come\u00e7amos a facilitar a transfer\u00eancia para outras plataformas. O Dropbox oferece um espa\u00e7o organizado para suas m\u00eddias e ferramentas de colabora\u00e7\u00e3o. O Koofr fornece um armazenamento online seguro e privado para todos os seus arquivos, tudo em um s\u00f3 lugar. Nossa ferramenta de transfer\u00eancia de fotos e v\u00eddeos \u00e9 baseada em um c\u00f3digo desenvolvido por meio do Projeto de Transfer\u00eancia de Dados de c\u00f3digo aberto. Voc\u00ea pode acessar essa ferramenta nas configura\u00e7\u00f5es do Facebook em Suas informa\u00e7\u00f5es do Facebook. A partir da\u00ed, agora voc\u00ea pode selecionar Dropbox ou Koofr, al\u00e9m do Google Fotos, e n\u00f3s planejamos expandir essa lista em breve. Passo a passo para a transfer\u00eancia Projetamos esta ferramenta para otimizar a privacidade, a seguran\u00e7a e a utilidade. Pediremos que voc\u00ea insira sua senha novamente antes de iniciar a transfer\u00eancia e criptografe seus dados \u00e0 medida que eles se movem entre os servi\u00e7os, para que voc\u00ea tenha certeza de que seus dados ser\u00e3o transferidos com seguran\u00e7a. Queremos continuar a construir recursos de portabilidade de dados em que as pessoas possam confiar. Para fazer isso, os servi\u00e7os online precisam de regras mais claras sobre quais tipos de dados devem ser port\u00e1teis e quem \u00e9 respons\u00e1vel por proteger esses dados \u00e0 medida que eles se deslocam para diferentes servi\u00e7os.\u00a0 Os gestores de pol\u00edticas p\u00fablicas t\u00eam um papel vital a desempenhar nisso. Esperamos que esta ferramenta possa promover debates com especialistas, desenvolvedores e gestores de pol\u00edticas p\u00fablicas sobre as quest\u00f5es de privacidade que identificamos em nosso relat\u00f3rio sobre portabilidade de dados e no recente envio de coment\u00e1rios \u00e0 Federal Trade Commission (FTC), nos Estados Unidos. Sabemos que n\u00e3o podemos fazer isso sozinhos, ent\u00e3o encorajamos outras empresas a se juntarem ao Projeto de Transfer\u00eancia de Dados para expandir as op\u00e7\u00f5es para as pessoas e impulsionar a inova\u00e7\u00e3o na portabilidade de dados.","og_url":"https:\/\/about.fb.com\/br\/news\/2020\/09\/expandindo-nossa-ferramenta-de-transferencia-de-fotos-e-videos-para-o-dropbox-e-koofr\/","og_site_name":"Sobre a Meta","article_published_time":"2020-09-03T10:00:51+00:00","article_modified_time":"2021-06-17T13:07:40+00:00","og_image":[{"width":1024,"height":576,"url":"https:\/\/about.fb.com\/br\/wp-content\/uploads\/sites\/11\/2021\/10\/meta-social-16x9-1.jpg?resize=1024,576","type":"image\/jpeg"}],"author":"facebookbr","twitter_card":"summary_large_image","twitter_misc":{"Written by":"Meta","Est. reading time":"2 minutos"},"schema":{"@context":"https:\/\/schema.org","@graph":[{"@type":"Article","@id":"https:\/\/about.fb.com\/br\/news\/2020\/09\/expandindo-nossa-ferramenta-de-transferencia-de-fotos-e-videos-para-o-dropbox-e-koofr\/#article","isPartOf":{"@id":"https:\/\/about.fb.com\/br\/news\/2020\/09\/expandindo-nossa-ferramenta-de-transferencia-de-fotos-e-videos-para-o-dropbox-e-koofr\/"},"author":"Facebook company","headline":"Expandindo nossa ferramenta de transfer\u00eancia de fotos e v\u00eddeos para o Dropbox e Koofr","datePublished":"2020-09-03T10:00:51+00:00","dateModified":"2021-06-17T13:07:40+00:00","mainEntityOfPage":{"@id":"https:\/\/about.fb.com\/br\/news\/2020\/09\/expandindo-nossa-ferramenta-de-transferencia-de-fotos-e-videos-para-o-dropbox-e-koofr\/"},"wordCount":482,"publisher":{"@id":"https:\/\/about.fb.com\/br\/#organization"},"keywords":["Privacidade Importa"],"articleSection":["Recent News"],"inLanguage":"pt-BR"},{"@type":"WebPage","@id":"https:\/\/about.fb.com\/br\/news\/2020\/09\/expandindo-nossa-ferramenta-de-transferencia-de-fotos-e-videos-para-o-dropbox-e-koofr\/","url":"https:\/\/about.fb.com\/br\/news\/2020\/09\/expandindo-nossa-ferramenta-de-transferencia-de-fotos-e-videos-para-o-dropbox-e-koofr\/","name":"Expandindo nossa ferramenta de transfer\u00eancia de fotos e v\u00eddeos para o Dropbox e Koofr | Sobre a Meta","isPartOf":{"@id":"https:\/\/about.fb.com\/br\/#website"},"datePublished":"2020-09-03T10:00:51+00:00","dateModified":"2021-06-17T13:07:40+00:00","breadcrumb":{"@id":"https:\/\/about.fb.com\/br\/news\/2020\/09\/expandindo-nossa-ferramenta-de-transferencia-de-fotos-e-videos-para-o-dropbox-e-koofr\/#breadcrumb"},"inLanguage":"pt-BR","potentialAction":[{"@type":"ReadAction","target":["https:\/\/about.fb.com\/br\/news\/2020\/09\/expandindo-nossa-ferramenta-de-transferencia-de-fotos-e-videos-para-o-dropbox-e-koofr\/"]}],"author":"Sobre a Meta"},{"@type":"BreadcrumbList","@id":"https:\/\/about.fb.com\/br\/news\/2020\/09\/expandindo-nossa-ferramenta-de-transferencia-de-fotos-e-videos-para-o-dropbox-e-koofr\/#breadcrumb","itemListElement":[{"@type":"ListItem","position":1,"name":"Home","item":"https:\/\/about.fb.com\/br\/"},{"@type":"ListItem","position":2,"name":"Expandindo nossa ferramenta de transfer\u00eancia de fotos e v\u00eddeos para o Dropbox e Koofr"}]},{"@type":"WebSite","@id":"https:\/\/about.fb.com\/br\/#website","url":"https:\/\/about.fb.com\/news\/","name":"Sobre a Meta","description":"","publisher":{"@id":"https:\/\/about.fb.com\/br\/#organization"},"potentialAction":[{"@type":"SearchAction","target":{"@type":"EntryPoint","urlTemplate":"https:\/\/about.fb.com\/br\/?s={search_term_string}"},"query-input":{"@type":"PropertyValueSpecification","valueRequired":true,"valueName":"search_term_string"}}],"inLanguage":"pt-BR","alternateName":["Meta Newsroom","Meta"]},{"@type":"Organization","@id":"https:\/\/about.fb.com\/br\/#organization","name":"Meta","url":"https:\/\/about.fb.com\/br\/","logo":{"@type":"ImageObject","inLanguage":"pt-BR","@id":"https:\/\/about.fb.com\/br\/#\/schema\/logo\/image\/","url":"https:\/\/about.fb.com\/br\/wp-content\/uploads\/sites\/11\/2021\/10\/meta-social-16x9-1.jpg?fit=8000%2C4500","contentUrl":"https:\/\/about.fb.com\/br\/wp-content\/uploads\/sites\/11\/2021\/10\/meta-social-16x9-1.jpg?fit=8000%2C4500","width":8000,"height":4500,"caption":"Meta"},"image":{"@id":"https:\/\/about.fb.com\/br\/#\/schema\/logo\/image\/"}}]}},"jetpack_featured_media_url":"","jetpack-related-posts":[{"id":26182,"url":"https:\/\/about.fb.com\/br\/news\/2025\/02\/atualizando-nossa-politica-de-armazenamento-de-lives-no-facebook\/","url_meta":{"origin":21804,"position":0},"title":"Atualizando nossa pol\u00edtica de armazenamento de Lives no Facebook","author":"Meta","date":"18\/02\/2025","format":false,"excerpt":"Pessoas em todo o mundo usam o Facebook Live para compartilhar suas experi\u00eancias com suas comunidades em tempo real. Como a maioria das visualiza\u00e7\u00f5es de v\u00eddeos ao vivo ocorrem nas primeiras semanas ap\u00f3s a transmiss\u00e3o, estamos atualizando por quanto tempo as Lives podem ser armazenadas no Facebook. A partir de\u2026","rel":"","context":"In &quot;Facebook&quot;","block_context":{"text":"Facebook","link":"https:\/\/about.fb.com\/br\/news\/category\/technologies\/facebook\/"},"img":{"alt_text":"","src":"https:\/\/about.fb.com\/br\/wp-content\/uploads\/sites\/11\/2025\/02\/Download-Live-Videos.jpg?fit=1280%2C720&resize=350%2C200","width":350,"height":200,"srcset":"https:\/\/about.fb.com\/br\/wp-content\/uploads\/sites\/11\/2025\/02\/Download-Live-Videos.jpg?fit=1280%2C720&resize=350%2C200 1x, https:\/\/about.fb.com\/br\/wp-content\/uploads\/sites\/11\/2025\/02\/Download-Live-Videos.jpg?fit=1280%2C720&resize=525%2C300 1.5x, https:\/\/about.fb.com\/br\/wp-content\/uploads\/sites\/11\/2025\/02\/Download-Live-Videos.jpg?fit=1280%2C720&resize=700%2C400 2x, https:\/\/about.fb.com\/br\/wp-content\/uploads\/sites\/11\/2025\/02\/Download-Live-Videos.jpg?fit=1280%2C720&resize=1050%2C600 3x"},"classes":[]},{"id":26118,"url":"https:\/\/about.fb.com\/br\/news\/2025\/01\/refletindo-sobre-o-investimento-de-us-8-bilhoes-da-meta-em-privacidade\/","url_meta":{"origin":21804,"position":1},"title":"Refletindo sobre o investimento de US$ 8 bilh\u00f5es da Meta em privacidade","author":"Meta","date":"28\/01\/2025","format":false,"excerpt":"Nos \u00faltimos anos, na Meta, destacamos o Dia da Privacidade de Dados com uma retrospectiva de nossos marcos de privacidade do ano anterior. Quando olhamos para tr\u00e1s, para nossas inova\u00e7\u00f5es tecnol\u00f3gicas de 2024, o denominador comum em todas elas \u00e9 uma base s\u00f3lida de privacidade. Essa base s\u00f3 foi poss\u00edvel\u2026","rel":"","context":"In &quot;Recent News&quot;","block_context":{"text":"Recent News","link":"https:\/\/about.fb.com\/br\/news\/category\/recent-news\/"},"img":{"alt_text":"","src":"","width":0,"height":0},"classes":[]},{"id":26975,"url":"https:\/\/about.fb.com\/br\/news\/2026\/01\/protecao-de-privacidade-mais-recente-do-whatsapp-configuracoes-rigorosas-da-conta\/","url_meta":{"origin":21804,"position":2},"title":"Prote\u00e7\u00e3o de privacidade mais recente do WhatsApp: configura\u00e7\u00f5es rigorosas da conta","author":"Meta","date":"27\/01\/2026","format":false,"excerpt":"N\u00f3s acreditamos que as pessoas devem conseguir ter conversas privadas no WhatsApp, assim como fazem na vida real. Sempre defenderemos o direito \u00e0 privacidade para todos, come\u00e7ando com a criptografia de ponta a ponta padr\u00e3o. Contudo, para al\u00e9m disso, sabemos que algumas pessoas que usam nossos servi\u00e7os, como jornalistas ou\u2026","rel":"","context":"In &quot;WhatsApp&quot;","block_context":{"text":"WhatsApp","link":"https:\/\/about.fb.com\/br\/news\/category\/technologies\/whatsapp\/"},"img":{"alt_text":"","src":"https:\/\/about.fb.com\/br\/wp-content\/uploads\/sites\/11\/2026\/01\/WhatsApp_Protecao-de-Seguranca.jpg?fit=1920%2C1080&resize=350%2C200","width":350,"height":200,"srcset":"https:\/\/about.fb.com\/br\/wp-content\/uploads\/sites\/11\/2026\/01\/WhatsApp_Protecao-de-Seguranca.jpg?fit=1920%2C1080&resize=350%2C200 1x, https:\/\/about.fb.com\/br\/wp-content\/uploads\/sites\/11\/2026\/01\/WhatsApp_Protecao-de-Seguranca.jpg?fit=1920%2C1080&resize=525%2C300 1.5x, https:\/\/about.fb.com\/br\/wp-content\/uploads\/sites\/11\/2026\/01\/WhatsApp_Protecao-de-Seguranca.jpg?fit=1920%2C1080&resize=700%2C400 2x, https:\/\/about.fb.com\/br\/wp-content\/uploads\/sites\/11\/2026\/01\/WhatsApp_Protecao-de-Seguranca.jpg?fit=1920%2C1080&resize=1050%2C600 3x, https:\/\/about.fb.com\/br\/wp-content\/uploads\/sites\/11\/2026\/01\/WhatsApp_Protecao-de-Seguranca.jpg?fit=1920%2C1080&resize=1400%2C800 4x"},"classes":[]},{"id":26752,"url":"https:\/\/about.fb.com\/br\/news\/2025\/10\/mes-da-conscientizacao-sobre-ciberseguranca-ajudando-idosos-a-evitar-golpes-online\/","url_meta":{"origin":21804,"position":3},"title":"M\u00eas da Conscientiza\u00e7\u00e3o sobre Ciberseguran\u00e7a: Ajudando idosos a evitar golpes online","author":"Meta","date":"21\/10\/2025","format":false,"excerpt":"O Relat\u00f3rio de Crimes Cibern\u00e9ticos de 2024 do FBI indica que adultos com 60 anos ou mais nos EUA perderam um valor combinado de 4,8 bilh\u00f5es de d\u00f3lares em golpes somente em\u00a0 2024. Criminosos usam uma variedade de t\u00e1ticas para ganhar a confian\u00e7a das pessoas e, em determinadas circunst\u00e2ncias, comprometem\u2026","rel":"","context":"In &quot;Dados e Privacidade&quot;","block_context":{"text":"Dados e Privacidade","link":"https:\/\/about.fb.com\/br\/news\/category\/temas-home\/dados-e-privacidade\/"},"img":{"alt_text":"","src":"https:\/\/about.fb.com\/br\/wp-content\/uploads\/sites\/11\/2025\/10\/Cybersecurity-Awareness-Month_Header.jpg?fit=1920%2C1080&resize=350%2C200","width":350,"height":200,"srcset":"https:\/\/about.fb.com\/br\/wp-content\/uploads\/sites\/11\/2025\/10\/Cybersecurity-Awareness-Month_Header.jpg?fit=1920%2C1080&resize=350%2C200 1x, https:\/\/about.fb.com\/br\/wp-content\/uploads\/sites\/11\/2025\/10\/Cybersecurity-Awareness-Month_Header.jpg?fit=1920%2C1080&resize=525%2C300 1.5x, https:\/\/about.fb.com\/br\/wp-content\/uploads\/sites\/11\/2025\/10\/Cybersecurity-Awareness-Month_Header.jpg?fit=1920%2C1080&resize=700%2C400 2x, https:\/\/about.fb.com\/br\/wp-content\/uploads\/sites\/11\/2025\/10\/Cybersecurity-Awareness-Month_Header.jpg?fit=1920%2C1080&resize=1050%2C600 3x, https:\/\/about.fb.com\/br\/wp-content\/uploads\/sites\/11\/2025\/10\/Cybersecurity-Awareness-Month_Header.jpg?fit=1920%2C1080&resize=1400%2C800 4x"},"classes":[]},{"id":26358,"url":"https:\/\/about.fb.com\/br\/news\/2025\/04\/tudo-o-que-anunciamos-no-nosso-primeiro-llamacon\/","url_meta":{"origin":21804,"position":4},"title":"Tudo o que anunciamos no nosso primeiro LlamaCon","author":"Meta","date":"29\/04\/2025","format":false,"excerpt":"O LlamaCon come\u00e7ou oficialmente. Nosso evento inaugural integra desenvolvedores do mundo todo que t\u00eam algo em comum: a paix\u00e3o por construir com o Llama. J\u00e1 se passaram pouco mais de dois anos desde o lan\u00e7amento do Llama. Nesse per\u00edodo, ultrapassamos a marca de um bilh\u00e3o de downloads e, o mais\u2026","rel":"","context":"In &quot;Recent News&quot;","block_context":{"text":"Recent News","link":"https:\/\/about.fb.com\/br\/news\/category\/recent-news\/"},"img":{"alt_text":"","src":"https:\/\/about.fb.com\/br\/wp-content\/uploads\/sites\/11\/2025\/04\/493340882_1363289474727356_6058337847885698893_n.png?fit=1920%2C1080&resize=350%2C200","width":350,"height":200,"srcset":"https:\/\/about.fb.com\/br\/wp-content\/uploads\/sites\/11\/2025\/04\/493340882_1363289474727356_6058337847885698893_n.png?fit=1920%2C1080&resize=350%2C200 1x, https:\/\/about.fb.com\/br\/wp-content\/uploads\/sites\/11\/2025\/04\/493340882_1363289474727356_6058337847885698893_n.png?fit=1920%2C1080&resize=525%2C300 1.5x, https:\/\/about.fb.com\/br\/wp-content\/uploads\/sites\/11\/2025\/04\/493340882_1363289474727356_6058337847885698893_n.png?fit=1920%2C1080&resize=700%2C400 2x, https:\/\/about.fb.com\/br\/wp-content\/uploads\/sites\/11\/2025\/04\/493340882_1363289474727356_6058337847885698893_n.png?fit=1920%2C1080&resize=1050%2C600 3x, https:\/\/about.fb.com\/br\/wp-content\/uploads\/sites\/11\/2025\/04\/493340882_1363289474727356_6058337847885698893_n.png?fit=1920%2C1080&resize=1400%2C800 4x"},"classes":[]},{"id":26470,"url":"https:\/\/about.fb.com\/br\/news\/2025\/06\/ajudamos-voce-a-encontrar-mais-canais-e-empresas-no-whatsapp\/","url_meta":{"origin":21804,"position":5},"title":"Ajudamos voc\u00ea a encontrar mais canais e empresas no WhatsApp","author":"Meta","date":"16\/06\/2025","format":false,"excerpt":"Estamos lan\u00e7ando hoje novos recursos para a aba Atualiza\u00e7\u00f5es, onde voc\u00ea encontra os canais e o status. Nos \u00faltimos dois anos, trabalhamos para que essa aba se tornasse um espa\u00e7o em que voc\u00ea pode encontrar coisas novas no WhatsApp. Agora, ela j\u00e1 \u00e9 usada por 1,5 bilh\u00e3o de pessoas todos\u2026","rel":"","context":"In &quot;Recent News&quot;","block_context":{"text":"Recent News","link":"https:\/\/about.fb.com\/br\/news\/category\/recent-news\/"},"img":{"alt_text":"","src":"https:\/\/about.fb.com\/br\/wp-content\/uploads\/sites\/11\/2025\/06\/Brazilian-Portuguese_helping-you-find-more-channels-and-businesses-on-whatsapp-1.pt_BR.png?fit=1920%2C1080&resize=350%2C200","width":350,"height":200,"srcset":"https:\/\/about.fb.com\/br\/wp-content\/uploads\/sites\/11\/2025\/06\/Brazilian-Portuguese_helping-you-find-more-channels-and-businesses-on-whatsapp-1.pt_BR.png?fit=1920%2C1080&resize=350%2C200 1x, https:\/\/about.fb.com\/br\/wp-content\/uploads\/sites\/11\/2025\/06\/Brazilian-Portuguese_helping-you-find-more-channels-and-businesses-on-whatsapp-1.pt_BR.png?fit=1920%2C1080&resize=525%2C300 1.5x, https:\/\/about.fb.com\/br\/wp-content\/uploads\/sites\/11\/2025\/06\/Brazilian-Portuguese_helping-you-find-more-channels-and-businesses-on-whatsapp-1.pt_BR.png?fit=1920%2C1080&resize=700%2C400 2x, https:\/\/about.fb.com\/br\/wp-content\/uploads\/sites\/11\/2025\/06\/Brazilian-Portuguese_helping-you-find-more-channels-and-businesses-on-whatsapp-1.pt_BR.png?fit=1920%2C1080&resize=1050%2C600 3x, https:\/\/about.fb.com\/br\/wp-content\/uploads\/sites\/11\/2025\/06\/Brazilian-Portuguese_helping-you-find-more-channels-and-businesses-on-whatsapp-1.pt_BR.png?fit=1920%2C1080&resize=1400%2C800 4x"},"classes":[]}],"jetpack_sharing_enabled":true,"amp_enabled":true,"_links":{"self":[{"href":"https:\/\/about.fb.com\/br\/wp-json\/wp\/v2\/posts\/21804","targetHints":{"allow":["GET"]}}],"collection":[{"href":"https:\/\/about.fb.com\/br\/wp-json\/wp\/v2\/posts"}],"about":[{"href":"https:\/\/about.fb.com\/br\/wp-json\/wp\/v2\/types\/post"}],"author":[{"embeddable":true,"href":"https:\/\/about.fb.com\/br\/wp-json\/wp\/v2\/users\/81109636"}],"replies":[{"embeddable":true,"href":"https:\/\/about.fb.com\/br\/wp-json\/wp\/v2\/comments?post=21804"}],"version-history":[{"count":2,"href":"https:\/\/about.fb.com\/br\/wp-json\/wp\/v2\/posts\/21804\/revisions"}],"predecessor-version":[{"id":21807,"href":"https:\/\/about.fb.com\/br\/wp-json\/wp\/v2\/posts\/21804\/revisions\/21807"}],"wp:attachment":[{"href":"https:\/\/about.fb.com\/br\/wp-json\/wp\/v2\/media?parent=21804"}],"wp:term":[{"taxonomy":"category","embeddable":true,"href":"https:\/\/about.fb.com\/br\/wp-json\/wp\/v2\/categories?post=21804"},{"taxonomy":"post_tag","embeddable":true,"href":"https:\/\/about.fb.com\/br\/wp-json\/wp\/v2\/tags?post=21804"}],"curies":[{"name":"wp","href":"https:\/\/api.w.org\/{rel}","templated":true}]}}