{"id":21786,"date":"2020-08-27T14:49:49","date_gmt":"2020-08-27T17:49:49","guid":{"rendered":"https:\/\/about.fb.com\/br\/?p=21786"},"modified":"2021-06-17T10:07:40","modified_gmt":"2021-06-17T13:07:40","slug":"final-da-uefa-champions-league-e-a-partida-de-futebol-mais-assistida-na-historia-do-facebook","status":"publish","type":"post","link":"https:\/\/about.fb.com\/br\/news\/2020\/08\/final-da-uefa-champions-league-e-a-partida-de-futebol-mais-assistida-na-historia-do-facebook\/","title":{"rendered":"Final da UEFA Champions League \u00e9 a partida de futebol mais assistida na hist\u00f3ria do Facebook"},"content":{"rendered":"<p><span style=\"font-weight: 400\">No \u00faltimo domingo (23), o Bayern de Munique se tornou o grande campe\u00e3o da UEFA Champions League 2019\/2020 em uma final que reuniu, em toda Am\u00e9rica Latina, mais de 13,7 milh\u00f5es de pessoas que assistiram ao menos um minuto da partida, tornando-se o jogo de futebol mais assistido na hist\u00f3ria do Facebook Watch. Em toda regi\u00e3o, a transmiss\u00e3o contou com pico de 7.2 milh\u00f5es de espectadores simult\u00e2neos\u00a0<\/span><\/p>\n<p><span style=\"font-weight: 400\">Em compara\u00e7\u00e3o com o \u00faltimo ano, houve aumento de 170% no n\u00famero de pessoas que assistiram ao menos um minuto do confronto final nos pa\u00edses da Am\u00e9rica Latina. Al\u00e9m disso, mais de 1,1 milh\u00e3o de intera\u00e7\u00f5es foram geradas na regi\u00e3o ao longo da transmiss\u00e3o ao vivo do jogo, levando a experi\u00eancia de visualiza\u00e7\u00e3o social ao m\u00e1ximo com coment\u00e1rios, rea\u00e7\u00f5es e compartilhamentos.<\/span><\/p>\n<p><i><span style=\"font-weight: 400\">&#8220;\u00c9 um marco! A paix\u00e3o pelo futebol na Am\u00e9rica Latina \u00e9 mundialmente conhecida e, quando combinamos conte\u00fado de alta qualidade, como o que temos na parceria com o Esporte Interativo, a uma experi\u00eancia social na plataforma, vemos coisas incr\u00edveis acontecer. Alcan\u00e7amos um p\u00fablico impressionante e ver fam\u00edlias e amigos torcerem juntos enquanto assistiam \u00e0 partida no Facebook Watch \u00e9 o que sempre buscamos<\/span><\/i><span style=\"font-weight: 400\">&#8220;, comemora Leo Lenz Cesar, diretor de Parcerias Esportivas do Facebook na Am\u00e9rica Latina.<\/span><\/p>\n<p><b>A final no Brasil<\/b><\/p>\n<p><span style=\"font-weight: 400\">Com a presen\u00e7a de craques em campo, os brasileiros puderam acompanhar a final entre PSG e Bayern em busca do t\u00edtulo. O confronto uniu mais de 7 milh\u00f5es de pessoas que assistiram pelo menos a um minuto da transmiss\u00e3o do evento no pa\u00eds, al\u00e9m de gerar mais de 650 mil intera\u00e7\u00f5es e alcan\u00e7ar um pico de 4.3 milh\u00f5es de torcedores assistindo \u00e0 partida simultaneamente.<\/span><\/p>\n<p><span style=\"font-weight: 400\">O Facebook tem os direitos de transmiss\u00e3o das partidas da UEFA Champions League ao vivo at\u00e9 2021. No Brasil, os torcedores podem acompanhar os jogos no Facebook Watch, atrav\u00e9s da P\u00e1gina do <\/span><a href=\"https:\/\/www.facebook.com\/esporteinterativo\"><span style=\"font-weight: 400\">Esporte Interativo<\/span><\/a><span style=\"font-weight: 400\"> e pela P\u00e1gina da <\/span><a href=\"https:\/\/www.facebook.com\/ChampionsLeague\/\"><span style=\"font-weight: 400\">UEFA Champions League<\/span><\/a><span style=\"font-weight: 400\">.<\/span><\/p>\n<p><em><span style=\"font-weight: 400\">Fonte: Facebook. Data: 23 de agosto de 2020\u00a0\u00a0<\/span><\/em><\/p>\n<p>&nbsp;<\/p>\n","protected":false},"excerpt":{"rendered":"No \u00faltimo domingo (23), o Bayern de Munique se tornou o grande campe\u00e3o da UEFA Champions League 2019\/2020 em uma final que reuniu, em toda Am\u00e9rica Latina, mais de 13,7 milh\u00f5es de pessoas que assistiram ao menos um minuto da partida, tornando-se o jogo de futebol mais assistido na hist\u00f3ria do Facebook Watch. Em toda regi\u00e3o, a transmiss\u00e3o contou com pico de 7.2 milh\u00f5es de espectadores simult\u00e2neos\u00a0 Em compara\u00e7\u00e3o com o \u00faltimo ano, houve aumento de 170% no n\u00famero de pessoas que assistiram ao menos um minuto do confronto final nos pa\u00edses da Am\u00e9rica Latina. Al\u00e9m disso, mais de 1,1 milh\u00e3o de intera\u00e7\u00f5es foram geradas na regi\u00e3o ao longo da transmiss\u00e3o ao vivo do jogo, levando a experi\u00eancia de visualiza\u00e7\u00e3o social ao m\u00e1ximo com coment\u00e1rios, rea\u00e7\u00f5es e compartilhamentos. &#8220;\u00c9 um marco! A paix\u00e3o pelo futebol na Am\u00e9rica Latina \u00e9 mundialmente conhecida e, quando combinamos conte\u00fado de alta qualidade, como o que temos na parceria com o Esporte Interativo, a uma experi\u00eancia social na plataforma, vemos coisas incr\u00edveis acontecer. Alcan\u00e7amos um p\u00fablico impressionante e ver fam\u00edlias e amigos torcerem juntos enquanto assistiam \u00e0 partida no Facebook Watch \u00e9 o que sempre buscamos&#8220;, comemora Leo Lenz Cesar, diretor de Parcerias Esportivas do Facebook na Am\u00e9rica Latina. A final no Brasil Com a presen\u00e7a de craques em campo, os brasileiros puderam acompanhar a final entre PSG e Bayern em busca do t\u00edtulo. O confronto uniu mais de 7 milh\u00f5es de pessoas que assistiram pelo menos a um minuto da transmiss\u00e3o do evento no pa\u00eds, al\u00e9m de gerar mais de 650 mil intera\u00e7\u00f5es e alcan\u00e7ar um pico de 4.3 milh\u00f5es de torcedores assistindo \u00e0 partida simultaneamente. O Facebook tem os direitos de transmiss\u00e3o das partidas da UEFA Champions League ao vivo at\u00e9 2021. No Brasil, os torcedores podem acompanhar os jogos no Facebook Watch, atrav\u00e9s da P\u00e1gina do Esporte Interativo e pela P\u00e1gina da UEFA Champions League. Fonte: Facebook. Data: 23 de agosto de 2020\u00a0\u00a0 &nbsp;","protected":false},"author":81109636,"featured_media":0,"comment_status":"closed","ping_status":"closed","sticky":false,"template":"","format":"standard","meta":{"_jetpack_memberships_contains_paid_content":false,"footnotes":""},"categories":[1],"tags":[],"class_list":["post-21786","post","type-post","status-publish","format-standard","hentry","category-recent-news"],"yoast_head":"<!-- This site is optimized with the Yoast SEO plugin v27.2 - https:\/\/yoast.com\/product\/yoast-seo-wordpress\/ -->\n<title>Final da UEFA Champions League \u00e9 a partida de futebol mais assistida na hist\u00f3ria do Facebook | Sobre a Meta<\/title>\n<meta name=\"robots\" content=\"index, follow, max-snippet:-1, max-image-preview:large, max-video-preview:-1\" \/>\n<link rel=\"canonical\" href=\"https:\/\/about.fb.com\/br\/news\/2020\/08\/final-da-uefa-champions-league-e-a-partida-de-futebol-mais-assistida-na-historia-do-facebook\/\" \/>\n<meta property=\"og:locale\" content=\"pt_BR\" \/>\n<meta property=\"og:type\" content=\"article\" \/>\n<meta property=\"og:title\" content=\"Final da UEFA Champions League \u00e9 a partida de futebol mais assistida na hist\u00f3ria do Facebook | Sobre a Meta\" \/>\n<meta property=\"og:description\" content=\"No \u00faltimo domingo (23), o Bayern de Munique se tornou o grande campe\u00e3o da UEFA Champions League 2019\/2020 em uma final que reuniu, em toda Am\u00e9rica Latina, mais de 13,7 milh\u00f5es de pessoas que assistiram ao menos um minuto da partida, tornando-se o jogo de futebol mais assistido na hist\u00f3ria do Facebook Watch. Em toda regi\u00e3o, a transmiss\u00e3o contou com pico de 7.2 milh\u00f5es de espectadores simult\u00e2neos\u00a0 Em compara\u00e7\u00e3o com o \u00faltimo ano, houve aumento de 170% no n\u00famero de pessoas que assistiram ao menos um minuto do confronto final nos pa\u00edses da Am\u00e9rica Latina. Al\u00e9m disso, mais de 1,1 milh\u00e3o de intera\u00e7\u00f5es foram geradas na regi\u00e3o ao longo da transmiss\u00e3o ao vivo do jogo, levando a experi\u00eancia de visualiza\u00e7\u00e3o social ao m\u00e1ximo com coment\u00e1rios, rea\u00e7\u00f5es e compartilhamentos. &#8220;\u00c9 um marco! A paix\u00e3o pelo futebol na Am\u00e9rica Latina \u00e9 mundialmente conhecida e, quando combinamos conte\u00fado de alta qualidade, como o que temos na parceria com o Esporte Interativo, a uma experi\u00eancia social na plataforma, vemos coisas incr\u00edveis acontecer. Alcan\u00e7amos um p\u00fablico impressionante e ver fam\u00edlias e amigos torcerem juntos enquanto assistiam \u00e0 partida no Facebook Watch \u00e9 o que sempre buscamos&#8220;, comemora Leo Lenz Cesar, diretor de Parcerias Esportivas do Facebook na Am\u00e9rica Latina. A final no Brasil Com a presen\u00e7a de craques em campo, os brasileiros puderam acompanhar a final entre PSG e Bayern em busca do t\u00edtulo. O confronto uniu mais de 7 milh\u00f5es de pessoas que assistiram pelo menos a um minuto da transmiss\u00e3o do evento no pa\u00eds, al\u00e9m de gerar mais de 650 mil intera\u00e7\u00f5es e alcan\u00e7ar um pico de 4.3 milh\u00f5es de torcedores assistindo \u00e0 partida simultaneamente. O Facebook tem os direitos de transmiss\u00e3o das partidas da UEFA Champions League ao vivo at\u00e9 2021. No Brasil, os torcedores podem acompanhar os jogos no Facebook Watch, atrav\u00e9s da P\u00e1gina do Esporte Interativo e pela P\u00e1gina da UEFA Champions League. Fonte: Facebook. Data: 23 de agosto de 2020\u00a0\u00a0 &nbsp;\" \/>\n<meta property=\"og:url\" content=\"https:\/\/about.fb.com\/br\/news\/2020\/08\/final-da-uefa-champions-league-e-a-partida-de-futebol-mais-assistida-na-historia-do-facebook\/\" \/>\n<meta property=\"og:site_name\" content=\"Sobre a Meta\" \/>\n<meta property=\"article:published_time\" content=\"2020-08-27T17:49:49+00:00\" \/>\n<meta property=\"article:modified_time\" content=\"2021-06-17T13:07:40+00:00\" \/>\n<meta property=\"og:image\" content=\"https:\/\/about.fb.com\/br\/wp-content\/uploads\/sites\/11\/2021\/10\/meta-social-16x9-1.jpg?resize=1024,576\" \/>\n\t<meta property=\"og:image:width\" content=\"1024\" \/>\n\t<meta property=\"og:image:height\" content=\"576\" \/>\n\t<meta property=\"og:image:type\" content=\"image\/jpeg\" \/>\n<meta name=\"author\" content=\"facebookbr\" \/>\n<meta name=\"twitter:card\" content=\"summary_large_image\" \/>\n<meta name=\"twitter:label1\" content=\"Written by\" \/>\n\t<meta name=\"twitter:data1\" content=\"Meta\" \/>\n\t<meta name=\"twitter:label2\" content=\"Est. reading time\" \/>\n\t<meta name=\"twitter:data2\" content=\"2 minutos\" \/>\n<script type=\"application\/ld+json\" class=\"yoast-schema-graph\">{\"@context\":\"https:\/\/schema.org\",\"@graph\":[{\"@type\":\"Article\",\"@id\":\"https:\/\/about.fb.com\/br\/news\/2020\/08\/final-da-uefa-champions-league-e-a-partida-de-futebol-mais-assistida-na-historia-do-facebook\/#article\",\"isPartOf\":{\"@id\":\"https:\/\/about.fb.com\/br\/news\/2020\/08\/final-da-uefa-champions-league-e-a-partida-de-futebol-mais-assistida-na-historia-do-facebook\/\"},\"author\":\"Facebook company\",\"headline\":\"Final da UEFA Champions League \u00e9 a partida de futebol mais assistida na hist\u00f3ria do Facebook\",\"datePublished\":\"2020-08-27T17:49:49+00:00\",\"dateModified\":\"2021-06-17T13:07:40+00:00\",\"mainEntityOfPage\":{\"@id\":\"https:\/\/about.fb.com\/br\/news\/2020\/08\/final-da-uefa-champions-league-e-a-partida-de-futebol-mais-assistida-na-historia-do-facebook\/\"},\"wordCount\":365,\"publisher\":{\"@id\":\"https:\/\/about.fb.com\/br\/#organization\"},\"articleSection\":[\"Recent News\"],\"inLanguage\":\"pt-BR\"},{\"@type\":\"WebPage\",\"@id\":\"https:\/\/about.fb.com\/br\/news\/2020\/08\/final-da-uefa-champions-league-e-a-partida-de-futebol-mais-assistida-na-historia-do-facebook\/\",\"url\":\"https:\/\/about.fb.com\/br\/news\/2020\/08\/final-da-uefa-champions-league-e-a-partida-de-futebol-mais-assistida-na-historia-do-facebook\/\",\"name\":\"Final da UEFA Champions League \u00e9 a partida de futebol mais assistida na hist\u00f3ria do Facebook | Sobre a Meta\",\"isPartOf\":{\"@id\":\"https:\/\/about.fb.com\/br\/#website\"},\"datePublished\":\"2020-08-27T17:49:49+00:00\",\"dateModified\":\"2021-06-17T13:07:40+00:00\",\"breadcrumb\":{\"@id\":\"https:\/\/about.fb.com\/br\/news\/2020\/08\/final-da-uefa-champions-league-e-a-partida-de-futebol-mais-assistida-na-historia-do-facebook\/#breadcrumb\"},\"inLanguage\":\"pt-BR\",\"potentialAction\":[{\"@type\":\"ReadAction\",\"target\":[\"https:\/\/about.fb.com\/br\/news\/2020\/08\/final-da-uefa-champions-league-e-a-partida-de-futebol-mais-assistida-na-historia-do-facebook\/\"]}],\"author\":\"Sobre a Meta\"},{\"@type\":\"BreadcrumbList\",\"@id\":\"https:\/\/about.fb.com\/br\/news\/2020\/08\/final-da-uefa-champions-league-e-a-partida-de-futebol-mais-assistida-na-historia-do-facebook\/#breadcrumb\",\"itemListElement\":[{\"@type\":\"ListItem\",\"position\":1,\"name\":\"Home\",\"item\":\"https:\/\/about.fb.com\/br\/\"},{\"@type\":\"ListItem\",\"position\":2,\"name\":\"Final da UEFA Champions League \u00e9 a partida de futebol mais assistida na hist\u00f3ria do Facebook\"}]},{\"@type\":\"WebSite\",\"@id\":\"https:\/\/about.fb.com\/br\/#website\",\"url\":\"https:\/\/about.fb.com\/news\/\",\"name\":\"Sobre a Meta\",\"description\":\"\",\"publisher\":{\"@id\":\"https:\/\/about.fb.com\/br\/#organization\"},\"potentialAction\":[{\"@type\":\"SearchAction\",\"target\":{\"@type\":\"EntryPoint\",\"urlTemplate\":\"https:\/\/about.fb.com\/br\/?s={search_term_string}\"},\"query-input\":{\"@type\":\"PropertyValueSpecification\",\"valueRequired\":true,\"valueName\":\"search_term_string\"}}],\"inLanguage\":\"pt-BR\",\"alternateName\":[\"Meta Newsroom\",\"Meta\"]},{\"@type\":\"Organization\",\"@id\":\"https:\/\/about.fb.com\/br\/#organization\",\"name\":\"Meta\",\"url\":\"https:\/\/about.fb.com\/br\/\",\"logo\":{\"@type\":\"ImageObject\",\"inLanguage\":\"pt-BR\",\"@id\":\"https:\/\/about.fb.com\/br\/#\/schema\/logo\/image\/\",\"url\":\"https:\/\/about.fb.com\/br\/wp-content\/uploads\/sites\/11\/2021\/10\/meta-social-16x9-1.jpg?fit=8000%2C4500\",\"contentUrl\":\"https:\/\/about.fb.com\/br\/wp-content\/uploads\/sites\/11\/2021\/10\/meta-social-16x9-1.jpg?fit=8000%2C4500\",\"width\":8000,\"height\":4500,\"caption\":\"Meta\"},\"image\":{\"@id\":\"https:\/\/about.fb.com\/br\/#\/schema\/logo\/image\/\"}}]}<\/script>\n<!-- \/ Yoast SEO plugin. -->","yoast_head_json":{"title":"Final da UEFA Champions League \u00e9 a partida de futebol mais assistida na hist\u00f3ria do Facebook | Sobre a Meta","robots":{"index":"index","follow":"follow","max-snippet":"max-snippet:-1","max-image-preview":"max-image-preview:large","max-video-preview":"max-video-preview:-1"},"canonical":"https:\/\/about.fb.com\/br\/news\/2020\/08\/final-da-uefa-champions-league-e-a-partida-de-futebol-mais-assistida-na-historia-do-facebook\/","og_locale":"pt_BR","og_type":"article","og_title":"Final da UEFA Champions League \u00e9 a partida de futebol mais assistida na hist\u00f3ria do Facebook | Sobre a Meta","og_description":"No \u00faltimo domingo (23), o Bayern de Munique se tornou o grande campe\u00e3o da UEFA Champions League 2019\/2020 em uma final que reuniu, em toda Am\u00e9rica Latina, mais de 13,7 milh\u00f5es de pessoas que assistiram ao menos um minuto da partida, tornando-se o jogo de futebol mais assistido na hist\u00f3ria do Facebook Watch. Em toda regi\u00e3o, a transmiss\u00e3o contou com pico de 7.2 milh\u00f5es de espectadores simult\u00e2neos\u00a0 Em compara\u00e7\u00e3o com o \u00faltimo ano, houve aumento de 170% no n\u00famero de pessoas que assistiram ao menos um minuto do confronto final nos pa\u00edses da Am\u00e9rica Latina. Al\u00e9m disso, mais de 1,1 milh\u00e3o de intera\u00e7\u00f5es foram geradas na regi\u00e3o ao longo da transmiss\u00e3o ao vivo do jogo, levando a experi\u00eancia de visualiza\u00e7\u00e3o social ao m\u00e1ximo com coment\u00e1rios, rea\u00e7\u00f5es e compartilhamentos. &#8220;\u00c9 um marco! A paix\u00e3o pelo futebol na Am\u00e9rica Latina \u00e9 mundialmente conhecida e, quando combinamos conte\u00fado de alta qualidade, como o que temos na parceria com o Esporte Interativo, a uma experi\u00eancia social na plataforma, vemos coisas incr\u00edveis acontecer. Alcan\u00e7amos um p\u00fablico impressionante e ver fam\u00edlias e amigos torcerem juntos enquanto assistiam \u00e0 partida no Facebook Watch \u00e9 o que sempre buscamos&#8220;, comemora Leo Lenz Cesar, diretor de Parcerias Esportivas do Facebook na Am\u00e9rica Latina. A final no Brasil Com a presen\u00e7a de craques em campo, os brasileiros puderam acompanhar a final entre PSG e Bayern em busca do t\u00edtulo. O confronto uniu mais de 7 milh\u00f5es de pessoas que assistiram pelo menos a um minuto da transmiss\u00e3o do evento no pa\u00eds, al\u00e9m de gerar mais de 650 mil intera\u00e7\u00f5es e alcan\u00e7ar um pico de 4.3 milh\u00f5es de torcedores assistindo \u00e0 partida simultaneamente. O Facebook tem os direitos de transmiss\u00e3o das partidas da UEFA Champions League ao vivo at\u00e9 2021. No Brasil, os torcedores podem acompanhar os jogos no Facebook Watch, atrav\u00e9s da P\u00e1gina do Esporte Interativo e pela P\u00e1gina da UEFA Champions League. Fonte: Facebook. Data: 23 de agosto de 2020\u00a0\u00a0 &nbsp;","og_url":"https:\/\/about.fb.com\/br\/news\/2020\/08\/final-da-uefa-champions-league-e-a-partida-de-futebol-mais-assistida-na-historia-do-facebook\/","og_site_name":"Sobre a Meta","article_published_time":"2020-08-27T17:49:49+00:00","article_modified_time":"2021-06-17T13:07:40+00:00","og_image":[{"width":1024,"height":576,"url":"https:\/\/about.fb.com\/br\/wp-content\/uploads\/sites\/11\/2021\/10\/meta-social-16x9-1.jpg?resize=1024,576","type":"image\/jpeg"}],"author":"facebookbr","twitter_card":"summary_large_image","twitter_misc":{"Written by":"Meta","Est. reading time":"2 minutos"},"schema":{"@context":"https:\/\/schema.org","@graph":[{"@type":"Article","@id":"https:\/\/about.fb.com\/br\/news\/2020\/08\/final-da-uefa-champions-league-e-a-partida-de-futebol-mais-assistida-na-historia-do-facebook\/#article","isPartOf":{"@id":"https:\/\/about.fb.com\/br\/news\/2020\/08\/final-da-uefa-champions-league-e-a-partida-de-futebol-mais-assistida-na-historia-do-facebook\/"},"author":"Facebook company","headline":"Final da UEFA Champions League \u00e9 a partida de futebol mais assistida na hist\u00f3ria do Facebook","datePublished":"2020-08-27T17:49:49+00:00","dateModified":"2021-06-17T13:07:40+00:00","mainEntityOfPage":{"@id":"https:\/\/about.fb.com\/br\/news\/2020\/08\/final-da-uefa-champions-league-e-a-partida-de-futebol-mais-assistida-na-historia-do-facebook\/"},"wordCount":365,"publisher":{"@id":"https:\/\/about.fb.com\/br\/#organization"},"articleSection":["Recent News"],"inLanguage":"pt-BR"},{"@type":"WebPage","@id":"https:\/\/about.fb.com\/br\/news\/2020\/08\/final-da-uefa-champions-league-e-a-partida-de-futebol-mais-assistida-na-historia-do-facebook\/","url":"https:\/\/about.fb.com\/br\/news\/2020\/08\/final-da-uefa-champions-league-e-a-partida-de-futebol-mais-assistida-na-historia-do-facebook\/","name":"Final da UEFA Champions League \u00e9 a partida de futebol mais assistida na hist\u00f3ria do Facebook | Sobre a Meta","isPartOf":{"@id":"https:\/\/about.fb.com\/br\/#website"},"datePublished":"2020-08-27T17:49:49+00:00","dateModified":"2021-06-17T13:07:40+00:00","breadcrumb":{"@id":"https:\/\/about.fb.com\/br\/news\/2020\/08\/final-da-uefa-champions-league-e-a-partida-de-futebol-mais-assistida-na-historia-do-facebook\/#breadcrumb"},"inLanguage":"pt-BR","potentialAction":[{"@type":"ReadAction","target":["https:\/\/about.fb.com\/br\/news\/2020\/08\/final-da-uefa-champions-league-e-a-partida-de-futebol-mais-assistida-na-historia-do-facebook\/"]}],"author":"Sobre a Meta"},{"@type":"BreadcrumbList","@id":"https:\/\/about.fb.com\/br\/news\/2020\/08\/final-da-uefa-champions-league-e-a-partida-de-futebol-mais-assistida-na-historia-do-facebook\/#breadcrumb","itemListElement":[{"@type":"ListItem","position":1,"name":"Home","item":"https:\/\/about.fb.com\/br\/"},{"@type":"ListItem","position":2,"name":"Final da UEFA Champions League \u00e9 a partida de futebol mais assistida na hist\u00f3ria do Facebook"}]},{"@type":"WebSite","@id":"https:\/\/about.fb.com\/br\/#website","url":"https:\/\/about.fb.com\/news\/","name":"Sobre a Meta","description":"","publisher":{"@id":"https:\/\/about.fb.com\/br\/#organization"},"potentialAction":[{"@type":"SearchAction","target":{"@type":"EntryPoint","urlTemplate":"https:\/\/about.fb.com\/br\/?s={search_term_string}"},"query-input":{"@type":"PropertyValueSpecification","valueRequired":true,"valueName":"search_term_string"}}],"inLanguage":"pt-BR","alternateName":["Meta Newsroom","Meta"]},{"@type":"Organization","@id":"https:\/\/about.fb.com\/br\/#organization","name":"Meta","url":"https:\/\/about.fb.com\/br\/","logo":{"@type":"ImageObject","inLanguage":"pt-BR","@id":"https:\/\/about.fb.com\/br\/#\/schema\/logo\/image\/","url":"https:\/\/about.fb.com\/br\/wp-content\/uploads\/sites\/11\/2021\/10\/meta-social-16x9-1.jpg?fit=8000%2C4500","contentUrl":"https:\/\/about.fb.com\/br\/wp-content\/uploads\/sites\/11\/2021\/10\/meta-social-16x9-1.jpg?fit=8000%2C4500","width":8000,"height":4500,"caption":"Meta"},"image":{"@id":"https:\/\/about.fb.com\/br\/#\/schema\/logo\/image\/"}}]}},"jetpack_featured_media_url":"","jetpack-related-posts":[{"id":26720,"url":"https:\/\/about.fb.com\/br\/news\/2025\/10\/descubra-mais-reels-do-mundo-todo-com-traducao-da-meta-ai\/","url_meta":{"origin":21786,"position":0},"title":"Descubra Mais Reels do Mundo Todo com Tradu\u00e7\u00e3o da Meta AI","author":"Meta","date":"09\/10\/2025","format":false,"excerpt":"Imagine descobrir um reel que te faz rir, te inspira ou te ensina algo novo, n\u00e3o importa onde ele foi criado ou em que idioma foi gravado. Esse \u00e9 o futuro que estamos construindo na Meta. No m\u00eas passado, ampliamos o acesso \u00e0s tradu\u00e7\u00f5es entre ingl\u00eas e espanhol (e vice-versa)\u2026","rel":"","context":"In &quot;Facebook&quot;","block_context":{"text":"Facebook","link":"https:\/\/about.fb.com\/br\/news\/category\/technologies\/facebook\/"},"img":{"alt_text":"","src":"https:\/\/about.fb.com\/br\/wp-content\/uploads\/sites\/11\/2025\/10\/Hero-Image_pt_BR.png?fit=1400%2C1000&resize=350%2C200","width":350,"height":200,"srcset":"https:\/\/about.fb.com\/br\/wp-content\/uploads\/sites\/11\/2025\/10\/Hero-Image_pt_BR.png?fit=1400%2C1000&resize=350%2C200 1x, https:\/\/about.fb.com\/br\/wp-content\/uploads\/sites\/11\/2025\/10\/Hero-Image_pt_BR.png?fit=1400%2C1000&resize=525%2C300 1.5x, https:\/\/about.fb.com\/br\/wp-content\/uploads\/sites\/11\/2025\/10\/Hero-Image_pt_BR.png?fit=1400%2C1000&resize=700%2C400 2x, https:\/\/about.fb.com\/br\/wp-content\/uploads\/sites\/11\/2025\/10\/Hero-Image_pt_BR.png?fit=1400%2C1000&resize=1050%2C600 3x, https:\/\/about.fb.com\/br\/wp-content\/uploads\/sites\/11\/2025\/10\/Hero-Image_pt_BR.png?fit=1400%2C1000&resize=1400%2C800 4x"},"classes":[]},{"id":26887,"url":"https:\/\/about.fb.com\/br\/news\/2025\/12\/novo-estudo-revela-o-impacto-potencial-da-inteligencia-artificial-no-brasil-e-na-america-latina\/","url_meta":{"origin":21786,"position":1},"title":"Novo estudo revela o impacto potencial da Intelig\u00eancia Artificial no Brasil e na Am\u00e9rica Latina","author":"Meta","date":"18\/12\/2025","format":false,"excerpt":"Um novo estudo realizado pela Linux Foundation, encomendado pela Meta, apresenta dados e informa\u00e7\u00f5es sobre o cen\u00e1rio do mercado de Intelig\u00eancia Artificial (IA) na Am\u00e9rica Latina, e revela os principais desafios e oportunidades para que a regi\u00e3o possa alavancar essa tecnologia e promover um desenvolvimento tecnol\u00f3gico mais equitativo. Segundo o\u2026","rel":"","context":"In &quot;Impacto Econ\u00f4mico&quot;","block_context":{"text":"Impacto Econ\u00f4mico","link":"https:\/\/about.fb.com\/br\/news\/category\/temas-home\/impacto-economico\/"},"img":{"alt_text":"","src":"https:\/\/about.fb.com\/br\/wp-content\/uploads\/sites\/11\/2025\/12\/Economic-and-Workforce-Impacts-of-OS-AI-Linux-Foundation-paper-1.jpg?fit=1920%2C1080&resize=350%2C200","width":350,"height":200,"srcset":"https:\/\/about.fb.com\/br\/wp-content\/uploads\/sites\/11\/2025\/12\/Economic-and-Workforce-Impacts-of-OS-AI-Linux-Foundation-paper-1.jpg?fit=1920%2C1080&resize=350%2C200 1x, https:\/\/about.fb.com\/br\/wp-content\/uploads\/sites\/11\/2025\/12\/Economic-and-Workforce-Impacts-of-OS-AI-Linux-Foundation-paper-1.jpg?fit=1920%2C1080&resize=525%2C300 1.5x, https:\/\/about.fb.com\/br\/wp-content\/uploads\/sites\/11\/2025\/12\/Economic-and-Workforce-Impacts-of-OS-AI-Linux-Foundation-paper-1.jpg?fit=1920%2C1080&resize=700%2C400 2x, https:\/\/about.fb.com\/br\/wp-content\/uploads\/sites\/11\/2025\/12\/Economic-and-Workforce-Impacts-of-OS-AI-Linux-Foundation-paper-1.jpg?fit=1920%2C1080&resize=1050%2C600 3x, https:\/\/about.fb.com\/br\/wp-content\/uploads\/sites\/11\/2025\/12\/Economic-and-Workforce-Impacts-of-OS-AI-Linux-Foundation-paper-1.jpg?fit=1920%2C1080&resize=1400%2C800 4x"},"classes":[]},{"id":26313,"url":"https:\/\/about.fb.com\/br\/news\/2025\/04\/o-caso-da-ftc-contra-a-meta-e-fragil-e-ignora-a-realidade\/","url_meta":{"origin":21786,"position":2},"title":"O caso da FTC contra a Meta \u00e9 fr\u00e1gil e ignora a realidade","author":"Meta","date":"14\/04\/2025","format":false,"excerpt":"Por Jennifer Newstead, Chief Legal Officer Na segunda-feira, 14 de abril, come\u00e7ar\u00e1 o julgamento do fr\u00e1gil processo antitruste movido pela FTC, tentando desfazer as aquisi\u00e7\u00f5es do Instagram e do WhatsApp que foram aprovadas h\u00e1 mais de 10 anos. O caso da FTC ignora como o mercado realmente funciona e busca\u2026","rel":"","context":"In &quot;Facebook&quot;","block_context":{"text":"Facebook","link":"https:\/\/about.fb.com\/br\/news\/category\/technologies\/facebook\/"},"img":{"alt_text":"","src":"https:\/\/about.fb.com\/br\/wp-content\/uploads\/sites\/11\/2025\/04\/Screenshot-2025-04-14-at-10.35.14.png?fit=1568%2C878&resize=350%2C200","width":350,"height":200,"srcset":"https:\/\/about.fb.com\/br\/wp-content\/uploads\/sites\/11\/2025\/04\/Screenshot-2025-04-14-at-10.35.14.png?fit=1568%2C878&resize=350%2C200 1x, https:\/\/about.fb.com\/br\/wp-content\/uploads\/sites\/11\/2025\/04\/Screenshot-2025-04-14-at-10.35.14.png?fit=1568%2C878&resize=525%2C300 1.5x, https:\/\/about.fb.com\/br\/wp-content\/uploads\/sites\/11\/2025\/04\/Screenshot-2025-04-14-at-10.35.14.png?fit=1568%2C878&resize=700%2C400 2x, https:\/\/about.fb.com\/br\/wp-content\/uploads\/sites\/11\/2025\/04\/Screenshot-2025-04-14-at-10.35.14.png?fit=1568%2C878&resize=1050%2C600 3x, https:\/\/about.fb.com\/br\/wp-content\/uploads\/sites\/11\/2025\/04\/Screenshot-2025-04-14-at-10.35.14.png?fit=1568%2C878&resize=1400%2C800 4x"},"classes":[]},{"id":26413,"url":"https:\/\/about.fb.com\/br\/news\/2025\/05\/expandindo-o-cabo-submarino-malbec-para-o-sul-do-brasil\/","url_meta":{"origin":21786,"position":3},"title":"Expandindo o cabo submarino Malbec para o sul do Brasil","author":"Meta","date":"20\/05\/2025","format":false,"excerpt":"Hoje, estamos animados em anunciar a expans\u00e3o do Malbec, um cabo submarino de 2,5 mil quil\u00f4metros que fornece conectividade entre o Cone Sul da Am\u00e9rica do Sul e o Brasil, at\u00e9 a cidade de Porto Alegre (RS). Desenvolvido pela Meta em conjunto com a empresa de infraestrutura digital neutra V.tal,\u2026","rel":"","context":"In &quot;Recent News&quot;","block_context":{"text":"Recent News","link":"https:\/\/about.fb.com\/br\/news\/category\/recent-news\/"},"img":{"alt_text":"","src":"https:\/\/about.fb.com\/br\/wp-content\/uploads\/sites\/11\/2025\/05\/WhatsApp-Image-2025-05-20-at-09.36.21.jpeg?fit=4160%2C2773&resize=350%2C200","width":350,"height":200,"srcset":"https:\/\/about.fb.com\/br\/wp-content\/uploads\/sites\/11\/2025\/05\/WhatsApp-Image-2025-05-20-at-09.36.21.jpeg?fit=4160%2C2773&resize=350%2C200 1x, https:\/\/about.fb.com\/br\/wp-content\/uploads\/sites\/11\/2025\/05\/WhatsApp-Image-2025-05-20-at-09.36.21.jpeg?fit=4160%2C2773&resize=525%2C300 1.5x, https:\/\/about.fb.com\/br\/wp-content\/uploads\/sites\/11\/2025\/05\/WhatsApp-Image-2025-05-20-at-09.36.21.jpeg?fit=4160%2C2773&resize=700%2C400 2x, https:\/\/about.fb.com\/br\/wp-content\/uploads\/sites\/11\/2025\/05\/WhatsApp-Image-2025-05-20-at-09.36.21.jpeg?fit=4160%2C2773&resize=1050%2C600 3x, https:\/\/about.fb.com\/br\/wp-content\/uploads\/sites\/11\/2025\/05\/WhatsApp-Image-2025-05-20-at-09.36.21.jpeg?fit=4160%2C2773&resize=1400%2C800 4x"},"classes":[]},{"id":26710,"url":"https:\/\/about.fb.com\/br\/news\/2025\/10\/encontrar-e-compartilhar-reels-no-facebook-ficou-mais-facil-e-divertido\/","url_meta":{"origin":21786,"position":4},"title":"Encontrar e compartilhar Reels no Facebook ficou mais f\u00e1cil e divertido","author":"Meta","date":"07\/10\/2025","format":false,"excerpt":"A magia do Facebook sempre esteve em conectar pessoas. Por isso, estamos lan\u00e7ando recursos que tornam ainda mais f\u00e1cil se conectar com amigos atrav\u00e9s do conte\u00fado que voc\u00ea gosta. Atualizamos nosso mecanismo de recomenda\u00e7\u00f5es para que voc\u00ea veja mais do que te interessa e estamos lan\u00e7ando v\u00e1rias funcionalidades que d\u00e3o\u2026","rel":"","context":"In &quot;Facebook&quot;","block_context":{"text":"Facebook","link":"https:\/\/about.fb.com\/br\/news\/category\/technologies\/facebook\/"},"img":{"alt_text":"","src":"https:\/\/about.fb.com\/br\/wp-content\/uploads\/sites\/11\/2025\/10\/Facebooks-upgraded-recommendations_Header.gif?fit=1914%2C1074&resize=350%2C200","width":350,"height":200,"srcset":"https:\/\/about.fb.com\/br\/wp-content\/uploads\/sites\/11\/2025\/10\/Facebooks-upgraded-recommendations_Header.gif?fit=1914%2C1074&resize=350%2C200 1x, https:\/\/about.fb.com\/br\/wp-content\/uploads\/sites\/11\/2025\/10\/Facebooks-upgraded-recommendations_Header.gif?fit=1914%2C1074&resize=525%2C300 1.5x, https:\/\/about.fb.com\/br\/wp-content\/uploads\/sites\/11\/2025\/10\/Facebooks-upgraded-recommendations_Header.gif?fit=1914%2C1074&resize=700%2C400 2x, https:\/\/about.fb.com\/br\/wp-content\/uploads\/sites\/11\/2025\/10\/Facebooks-upgraded-recommendations_Header.gif?fit=1914%2C1074&resize=1050%2C600 3x, https:\/\/about.fb.com\/br\/wp-content\/uploads\/sites\/11\/2025\/10\/Facebooks-upgraded-recommendations_Header.gif?fit=1914%2C1074&resize=1400%2C800 4x"},"classes":[]},{"id":27012,"url":"https:\/\/about.fb.com\/br\/news\/2026\/03\/recompensando-criadores-originais-no-facebook\/","url_meta":{"origin":21786,"position":5},"title":"Recompensando Criadores Originais no Facebook","author":"Meta","date":"13\/03\/2026","format":false,"excerpt":"No \u00faltimo ano, tornamos o Feed e o Reels do Facebook mais relevantes ao reduzir conte\u00fados com caracter\u00edsticas de spam e dificultar que copycats e imitadores abafem as vozes aut\u00eanticas de criadores. Hoje, estamos compartilhando nosso progresso e destacando como criadores que publicam conte\u00fado original est\u00e3o sendo recompensados no Facebook.\u2026","rel":"","context":"In &quot;Facebook&quot;","block_context":{"text":"Facebook","link":"https:\/\/about.fb.com\/br\/news\/category\/technologies\/facebook\/"},"img":{"alt_text":"","src":"https:\/\/about.fb.com\/br\/wp-content\/uploads\/sites\/11\/2026\/03\/Originality-on-Facebook_Header.jpg?fit=1920%2C1080&resize=350%2C200","width":350,"height":200,"srcset":"https:\/\/about.fb.com\/br\/wp-content\/uploads\/sites\/11\/2026\/03\/Originality-on-Facebook_Header.jpg?fit=1920%2C1080&resize=350%2C200 1x, https:\/\/about.fb.com\/br\/wp-content\/uploads\/sites\/11\/2026\/03\/Originality-on-Facebook_Header.jpg?fit=1920%2C1080&resize=525%2C300 1.5x, https:\/\/about.fb.com\/br\/wp-content\/uploads\/sites\/11\/2026\/03\/Originality-on-Facebook_Header.jpg?fit=1920%2C1080&resize=700%2C400 2x, https:\/\/about.fb.com\/br\/wp-content\/uploads\/sites\/11\/2026\/03\/Originality-on-Facebook_Header.jpg?fit=1920%2C1080&resize=1050%2C600 3x, https:\/\/about.fb.com\/br\/wp-content\/uploads\/sites\/11\/2026\/03\/Originality-on-Facebook_Header.jpg?fit=1920%2C1080&resize=1400%2C800 4x"},"classes":[]}],"jetpack_sharing_enabled":true,"amp_enabled":true,"_links":{"self":[{"href":"https:\/\/about.fb.com\/br\/wp-json\/wp\/v2\/posts\/21786","targetHints":{"allow":["GET"]}}],"collection":[{"href":"https:\/\/about.fb.com\/br\/wp-json\/wp\/v2\/posts"}],"about":[{"href":"https:\/\/about.fb.com\/br\/wp-json\/wp\/v2\/types\/post"}],"author":[{"embeddable":true,"href":"https:\/\/about.fb.com\/br\/wp-json\/wp\/v2\/users\/81109636"}],"replies":[{"embeddable":true,"href":"https:\/\/about.fb.com\/br\/wp-json\/wp\/v2\/comments?post=21786"}],"version-history":[{"count":1,"href":"https:\/\/about.fb.com\/br\/wp-json\/wp\/v2\/posts\/21786\/revisions"}],"predecessor-version":[{"id":21787,"href":"https:\/\/about.fb.com\/br\/wp-json\/wp\/v2\/posts\/21786\/revisions\/21787"}],"wp:attachment":[{"href":"https:\/\/about.fb.com\/br\/wp-json\/wp\/v2\/media?parent=21786"}],"wp:term":[{"taxonomy":"category","embeddable":true,"href":"https:\/\/about.fb.com\/br\/wp-json\/wp\/v2\/categories?post=21786"},{"taxonomy":"post_tag","embeddable":true,"href":"https:\/\/about.fb.com\/br\/wp-json\/wp\/v2\/tags?post=21786"}],"curies":[{"name":"wp","href":"https:\/\/api.w.org\/{rel}","templated":true}]}}