{"id":21679,"date":"2020-07-15T10:09:42","date_gmt":"2020-07-15T13:09:42","guid":{"rendered":"https:\/\/about.fb.com\/br\/?p=21679"},"modified":"2021-06-17T10:08:23","modified_gmt":"2021-06-17T13:08:23","slug":"tornando-dados-e-privacidade-mais-compreensiveis-atraves-de-um-design-focado-nas-pessoas","status":"publish","type":"post","link":"https:\/\/about.fb.com\/br\/news\/2020\/07\/tornando-dados-e-privacidade-mais-compreensiveis-atraves-de-um-design-focado-nas-pessoas\/","title":{"rendered":"Tornando Dados e Privacidade mais compreens\u00edveis atrav\u00e9s de um design focado nas pessoas"},"content":{"rendered":"<p><strong><i>Atualiza\u00e7\u00e3o em 7 de dezembro de 2020 \u00e0s 9h PT<\/i><\/strong><\/p>\n<p><span style=\"font-weight: 400\">Desde a publica\u00e7\u00e3o deste <\/span><a href=\"https:\/\/about.fb.com\/wp-content\/uploads\/2020\/07\/Privacy-Transparency-White-Paper.pdf\"><span style=\"font-weight: 400\">white paper<\/span><\/a> <span style=\"font-weight: 400\">sobre design centrado em pessoas para uma comunica\u00e7\u00e3o com foco em privacidade<\/span><span style=\"font-weight: 400\">, temos feito consultas online com especialistas em privacidade dos Estados Unidos, Austr\u00e1lia e Brasil. Nossas discuss\u00f5es se concentraram em como oferecer avisos de privacidade eficazes, f\u00e1ceis de entender e que orientem as pessoas a tomar decis\u00f5es claras sobre seus dados e privacidade. Algumas dessas discuss\u00f5es surgiram em \u00e1reas nas quais podemos melhorar nossos produtos, e agora estamos trabalhando para tornar nossa pol\u00edtica de dados mais f\u00e1cil de entender e acessar com base nesse feedback. Tamb\u00e9m redesenhamos uma de nossas ferramentas de acesso a dados mais utilizadas, chamada \u201cAcessar Sua\u00a0 Informa\u00e7\u00e3o\u201d, com base nas recomenda\u00e7\u00f5es de especialistas. No momento, estamos testando o novo design e lan\u00e7aremos a ferramenta atualizada em breve.<\/span><\/p>\n<p><span style=\"font-weight: 400\">Em nossas consultas, os especialistas tamb\u00e9m defenderam que o Facebook compartilhasse os aprendizados com outras empresas, especialmente as menores, sobre quais m\u00e9todos de comunica\u00e7\u00e3o de privacidade funcionaram de maneira mais eficaz para o Facebook. \u00c9 por isso que estamos compartilhando ideias e pr\u00e1ticas recomendadas por meio do TTC Labs, inclusive por meio de p\u00e1ginas da internet educacionais e interativas chamadas Lenses, que explicam os conceitos de privacidade e dados de uma forma acess\u00edvel e atrativa. Hoje, estamos lan\u00e7ando um novo Lens que informa como os desenvolvedores de aplicativos e da web podem ajudar as pessoas a tomar decis\u00f5es mais informadas sobre escolhas de privacidade espec\u00edficas, fornecendo dados e informa\u00e7\u00f5es de privacidade quando forem mais relevantes. Para um aplicativo de entrega de comida, por exemplo, isso pode significar pedir \u00e0s pessoas que compartilhem dados de localiza\u00e7\u00e3o no momento de procurar restaurantes pr\u00f3ximos, em vez de quando algu\u00e9m inicialmente fizer o download do aplicativo. Leia mais sobre <\/span><a href=\"http:\/\/dev.ttclabs.net\/insight\/making-sense-of-data-disclosures-leveraging-context-in-design\"><span style=\"font-weight: 400\">como aproveitar o contexto no design<\/span><\/a><span style=\"font-weight: 400\">.<\/span><\/p>\n<p><span style=\"font-weight: 400\">Agradecemos a todos que participaram dessas consultas. Continuaremos a faz\u00ea-las em 2021.\u00a0<\/span><\/p>\n<p><strong>Texto publicado originalmente em 15 de julho de 2020<\/strong><\/p>\n<p><span style=\"font-weight: 400\">Queremos garantir que todos entendam como seus dados s\u00e3o coletados, usados \u200b\u200be compartilhados. Por isso, desenvolvemos ferramentas como a <\/span><a href=\"https:\/\/about.fb.com\/news\/2020\/01\/privacy-checkup\/\"><span style=\"font-weight: 400\">Verifica\u00e7\u00e3o de Privacidade<\/span><\/a><span style=\"font-weight: 400\"> e as <\/span><a href=\"https:\/\/www.facebook.com\/about\/basics\"><span style=\"font-weight: 400\">No\u00e7\u00f5es B\u00e1sicas de Privacidade<\/span><\/a><span style=\"font-weight: 400\">, que tornam mais simples para as pessoas checarem e gerenciarem suas configura\u00e7\u00f5es de privacidade. No entanto, aprendemos que explicar nossas pr\u00e1ticas de dados vai muito al\u00e9m de ferramentas criadas especificamente para gerenciar sua privacidade e requer a mesma aten\u00e7\u00e3o aos princ\u00edpios de design que facilitam o uso do Facebook.<\/span><\/p>\n<p><span style=\"font-weight: 400\">Hoje, estamos publicando um <a href=\"https:\/\/about.fb.com\/wp-content\/uploads\/2020\/07\/Privacy-Transparency-White-Paper.pdf\">white paper<\/a> <\/span><span style=\"font-weight: 400\">que destaca a necessidade de as empresas comunicarem melhor as informa\u00e7\u00f5es sobre privacidade, colocando as pessoas no centro das decis\u00f5es de design de privacidade. Se bem feito, podemos capacitar melhor a todos, independentemente do n\u00edvel de conhecimento ou familiaridade com a tecnologia, para fazer escolhas informadas sobre como e quando compartilhar seus dados. Considerando o modo como os dados trafegam pela Internet, garantir que as pessoas entendam suas escolhas quando se trata de dados e privacidade \u00e9 algo que nenhuma empresa ou governo pode resolver sozinho. \u00c9 por isso que o documento tamb\u00e9m destaca a import\u00e2ncia da colabora\u00e7\u00e3o entre empresas, formuladores de pol\u00edticas p\u00fablicas e especialistas.<\/span><\/p>\n<p><span style=\"font-weight: 400\">Nos \u00faltimos anos, houve avan\u00e7os importantes nas leis e regula\u00e7\u00f5es de privacidade e prote\u00e7\u00e3o de dados, como o Regulamento Geral de Prote\u00e7\u00e3o de Dados da Uni\u00e3o Europeia (GDPR) e a Lei de Privacidade do Consumidor da Calif\u00f3rnia (CCPA), que visam tornar as pr\u00e1ticas de dados mais transparentes. No entanto, para que as pessoas entendam o que as pol\u00edticas de privacidade realmente significam, as empresas precisam comunicar com precis\u00e3o suas pr\u00e1ticas de dados e os direitos do usu\u00e1rio, al\u00e9m de adaptar suas pol\u00edticas \u00e0s novas tecnologias. Por isso, <\/span><a href=\"https:\/\/www.facebook.com\/zuck\/posts\/10107013839885441\"><span style=\"font-weight: 400\">pedimos leis de privacidade robustas<\/span><\/a><span style=\"font-weight: 400\"> que exijam que as empresas expliquem claramente as pr\u00e1ticas e escolhas de dados.<\/span><\/p>\n<p><span style=\"font-weight: 400\">Com base em nosso pr\u00f3prio trabalho para iterar e melhorar a maneira como nos comunicamos com as pessoas sobre privacidade ao longo dos anos, o artigo que publicamos hoje tem como objetivo identificar alguns desafios e complexidades comuns para corrigir isso, incentivar mais conversas e colabora\u00e7\u00f5es globais sobre esse assunto, e propor alguns caminhos promissores para o futuro, inclusive atrav\u00e9s da cria\u00e7\u00e3o e co-cria\u00e7\u00e3o de pol\u00edticas.<\/span><\/p>\n<p><b>Design:<\/b><span style=\"font-weight: 400\"> por meio do <\/span><a href=\"https:\/\/www.ttclabs.net\/\"><span style=\"font-weight: 400\">TTC Labs<\/span><\/a><span style=\"font-weight: 400\">, um esfor\u00e7o entre diferentes setores da ind\u00fastria fundado e apoiado pelo Facebook, estamos trabalhando com v\u00e1rios especialistas e empresas para desenvolver solu\u00e7\u00f5es criativas de design para informar melhor as pessoas sobre suas escolhas de dados e privacidade. As melhores solu\u00e7\u00f5es &#8211; que s\u00e3o as mais f\u00e1ceis de entender e as mais abrangentes &#8211; nascem da colabora\u00e7\u00e3o entre especialistas em pol\u00edticas, privacidade e tecnologia. O TTC Labs organiza workshops de um dia de dura\u00e7\u00e3o chamados Design Jams que re\u00fanem designers, desenvolvedores, especialistas em privacidade e reguladores para compartilhar ideias e criar prot\u00f3tipos de avisos de privacidade digital que ser\u00e3o f\u00e1ceis para as pessoas navegarem e entenderem.<\/span><\/p>\n<p><span style=\"font-weight: 400\">A TTC Labs tamb\u00e9m est\u00e1 desenvolvendo uma s\u00e9rie de novas p\u00e1ginas educacionais interativas, chamadas Lenses, que explicam os conceitos de privacidade e dados de maneira acess\u00edvel e envolvente. Hoje, estamos compartilhando o primeiro Lens,<\/span><a href=\"http:\/\/ttclabs.net\/lens\/designing-data-transparency-for-all\"><span style=\"font-weight: 400\"> Projetando Transpar\u00eancia para Todos<\/span><\/a><span style=\"font-weight: 400\">, que destaca algumas das principais considera\u00e7\u00f5es ao projetar a transpar\u00eancia de uma maneira f\u00e1cil para as pessoas entenderem. O Lens tamb\u00e9m possui links para material relevante do <\/span><a href=\"https:\/\/www.ttclabs.net\/\"><span style=\"font-weight: 400\">site da TTC Labs<\/span><\/a><span style=\"font-weight: 400\">, incluindo exemplos pr\u00e1ticos e formas alternativas de abordar essas quest\u00f5es. Amostras de padr\u00f5es de design, blogs de l\u00edderes intelectuais de todo o mundo e design de transpar\u00eancia e ferramentas de trabalho em grupo gratuitos tamb\u00e9m podem ser acessados atrav\u00e9s do Lens. Este \u00e9 o primeiro de uma s\u00e9rie de Lenses que explicam os conceitos de design e como eles podem melhorar a experi\u00eancia das pessoas com dados online. Os pr\u00f3ximos Lenses abordar\u00e3o quest\u00f5es como empoderar as pessoas por meio de controles e otimizar o contexto no design.<\/span><\/p>\n<p><b>Cria\u00e7\u00e3o conjunta de pol\u00edticas:<\/b><span style=\"font-weight: 400\"> continuaremos trabalhando com reguladores, formuladores de pol\u00edticas p\u00fablicas, empresas e outros especialistas para garantir que as pessoas estejam bem informadas sobre as op\u00e7\u00f5es de dados e privacidade. E exploraremos novas maneiras de tornar as empresas, incluindo o Facebook, respons\u00e1veis por comunic\u00e1-las claramente. Acreditamos que, se lidarmos com essas quest\u00f5es complexas agora, podemos ajudar a melhorar regula\u00e7\u00f5es futuras e a facilitar o entendimento e o gerenciamento de dados pelas pessoas.<\/span><\/p>\n<p><span style=\"font-weight: 400\">Nos pr\u00f3ximos meses, realizaremos uma s\u00e9rie de consultas virtuais com especialistas sobre esse assunto. Por meio de pesquisas, discuss\u00f5es e debates, exploraremos \u00e1reas que exigem mais aten\u00e7\u00e3o e apresentaremos as novas solu\u00e7\u00f5es que pretendemos aplicar \u00e0s nossas pr\u00f3prias pr\u00e1ticas aqui no Facebook.<\/span><\/p>\n","protected":false},"excerpt":{"rendered":"Atualiza\u00e7\u00e3o em 7 de dezembro de 2020 \u00e0s 9h PT Desde a publica\u00e7\u00e3o deste white paper sobre design centrado em pessoas para uma comunica\u00e7\u00e3o com foco em privacidade, temos feito consultas online com especialistas em privacidade dos Estados Unidos, Austr\u00e1lia e Brasil. Nossas discuss\u00f5es se concentraram em como oferecer avisos de privacidade eficazes, f\u00e1ceis de entender e que orientem as pessoas a tomar decis\u00f5es claras sobre seus dados e privacidade. Algumas dessas discuss\u00f5es surgiram em \u00e1reas nas quais podemos melhorar nossos produtos, e agora estamos trabalhando para tornar nossa pol\u00edtica de dados mais f\u00e1cil de entender e acessar com base nesse feedback. Tamb\u00e9m redesenhamos uma de nossas ferramentas de acesso a dados mais utilizadas, chamada \u201cAcessar Sua\u00a0 Informa\u00e7\u00e3o\u201d, com base nas recomenda\u00e7\u00f5es de especialistas. No momento, estamos testando o novo design e lan\u00e7aremos a ferramenta atualizada em breve. Em nossas consultas, os especialistas tamb\u00e9m defenderam que o Facebook compartilhasse os aprendizados com outras empresas, especialmente as menores, sobre quais m\u00e9todos de comunica\u00e7\u00e3o de privacidade funcionaram de maneira mais eficaz para o Facebook. \u00c9 por isso que estamos compartilhando ideias e pr\u00e1ticas recomendadas por meio do TTC Labs, inclusive por meio de p\u00e1ginas da internet educacionais e interativas chamadas Lenses, que explicam os conceitos de privacidade e dados de uma forma acess\u00edvel e atrativa. Hoje, estamos lan\u00e7ando um novo Lens que informa como os desenvolvedores de aplicativos e da web podem ajudar as pessoas a tomar decis\u00f5es mais informadas sobre escolhas de privacidade espec\u00edficas, fornecendo dados e informa\u00e7\u00f5es de privacidade quando forem mais relevantes. Para um aplicativo de entrega de comida, por exemplo, isso pode significar pedir \u00e0s pessoas que compartilhem dados de localiza\u00e7\u00e3o no momento de procurar restaurantes pr\u00f3ximos, em vez de quando algu\u00e9m inicialmente fizer o download do aplicativo. Leia mais sobre como aproveitar o contexto no design. Agradecemos a todos que participaram dessas consultas. Continuaremos a faz\u00ea-las em 2021.\u00a0 Texto publicado originalmente em 15 de julho de 2020 Queremos garantir que todos entendam como seus dados s\u00e3o coletados, usados \u200b\u200be compartilhados. Por isso, desenvolvemos ferramentas como a Verifica\u00e7\u00e3o de Privacidade e as No\u00e7\u00f5es B\u00e1sicas de Privacidade, que tornam mais simples para as pessoas checarem e gerenciarem suas configura\u00e7\u00f5es de privacidade. No entanto, aprendemos que explicar nossas pr\u00e1ticas de dados vai muito al\u00e9m de ferramentas criadas especificamente para gerenciar sua privacidade e requer a mesma aten\u00e7\u00e3o aos princ\u00edpios de design que facilitam o uso do Facebook. Hoje, estamos publicando um white paper que destaca a necessidade de as empresas comunicarem melhor as informa\u00e7\u00f5es sobre privacidade, colocando as pessoas no centro das decis\u00f5es de design de privacidade. Se bem feito, podemos capacitar melhor a todos, independentemente do n\u00edvel de conhecimento ou familiaridade com a tecnologia, para fazer escolhas informadas sobre como e quando compartilhar seus dados. Considerando o modo como os dados trafegam pela Internet, garantir que as pessoas entendam suas escolhas quando se trata de dados e privacidade \u00e9 algo que nenhuma empresa ou governo pode resolver sozinho. \u00c9 por isso que o documento tamb\u00e9m destaca a import\u00e2ncia da colabora\u00e7\u00e3o entre empresas, formuladores de pol\u00edticas p\u00fablicas e especialistas. Nos \u00faltimos anos, houve avan\u00e7os importantes nas leis e regula\u00e7\u00f5es de privacidade e prote\u00e7\u00e3o de dados, como o Regulamento Geral de Prote\u00e7\u00e3o de Dados da Uni\u00e3o Europeia (GDPR) e a Lei de Privacidade do Consumidor da Calif\u00f3rnia (CCPA), que visam tornar as pr\u00e1ticas de dados mais transparentes. No entanto, para que as pessoas entendam o que as pol\u00edticas de privacidade realmente significam, as empresas precisam comunicar com precis\u00e3o suas pr\u00e1ticas de dados e os direitos do usu\u00e1rio, al\u00e9m de adaptar suas pol\u00edticas \u00e0s novas tecnologias. Por isso, pedimos leis de privacidade robustas que exijam que as empresas expliquem claramente as pr\u00e1ticas e escolhas de dados. Com base em nosso pr\u00f3prio trabalho para iterar e melhorar a maneira como nos comunicamos com as pessoas sobre privacidade ao longo dos anos, o artigo que publicamos hoje tem como objetivo identificar alguns desafios e complexidades comuns para corrigir isso, incentivar mais conversas e colabora\u00e7\u00f5es globais sobre esse assunto, e propor alguns caminhos promissores para o futuro, inclusive atrav\u00e9s da cria\u00e7\u00e3o e co-cria\u00e7\u00e3o de pol\u00edticas. Design: por meio do TTC Labs, um esfor\u00e7o entre diferentes setores da ind\u00fastria fundado e apoiado pelo Facebook, estamos trabalhando com v\u00e1rios especialistas e empresas para desenvolver solu\u00e7\u00f5es criativas de design para informar melhor as pessoas sobre suas escolhas de dados e privacidade. As melhores solu\u00e7\u00f5es &#8211; que s\u00e3o as mais f\u00e1ceis de entender e as mais abrangentes &#8211; nascem da colabora\u00e7\u00e3o entre especialistas em pol\u00edticas, privacidade e tecnologia. O TTC Labs organiza workshops de um dia de dura\u00e7\u00e3o chamados Design Jams que re\u00fanem designers, desenvolvedores, especialistas em privacidade e reguladores para compartilhar ideias e criar prot\u00f3tipos de avisos de privacidade digital que ser\u00e3o f\u00e1ceis para as pessoas navegarem e entenderem. A TTC Labs tamb\u00e9m est\u00e1 desenvolvendo uma s\u00e9rie de novas p\u00e1ginas educacionais interativas, chamadas Lenses, que explicam os conceitos de privacidade e dados de maneira acess\u00edvel e envolvente. Hoje, estamos compartilhando o primeiro Lens, Projetando Transpar\u00eancia para Todos, que destaca algumas das principais considera\u00e7\u00f5es ao projetar a transpar\u00eancia de uma maneira f\u00e1cil para as pessoas entenderem. O Lens tamb\u00e9m possui links para material relevante do site da TTC Labs, incluindo exemplos pr\u00e1ticos e formas alternativas de abordar essas quest\u00f5es. Amostras de padr\u00f5es de design, blogs de l\u00edderes intelectuais de todo o mundo e design de transpar\u00eancia e ferramentas de trabalho em grupo gratuitos tamb\u00e9m podem ser acessados atrav\u00e9s do Lens. Este \u00e9 o primeiro de uma s\u00e9rie de Lenses que explicam os conceitos de design e como eles podem melhorar a experi\u00eancia das pessoas com dados online. Os pr\u00f3ximos Lenses abordar\u00e3o quest\u00f5es como empoderar as pessoas por meio de controles e otimizar o contexto no design. Cria\u00e7\u00e3o conjunta de pol\u00edticas: continuaremos trabalhando com reguladores, formuladores de pol\u00edticas p\u00fablicas, empresas e outros especialistas para garantir que as pessoas estejam bem informadas sobre as op\u00e7\u00f5es de dados e privacidade. E exploraremos novas maneiras de tornar as empresas, incluindo o Facebook, respons\u00e1veis por comunic\u00e1-las claramente. Acreditamos que, se lidarmos com essas quest\u00f5es complexas agora, podemos ajudar a melhorar regula\u00e7\u00f5es futuras e a facilitar o entendimento e o gerenciamento de dados pelas pessoas. Nos pr\u00f3ximos meses, realizaremos uma s\u00e9rie de consultas virtuais com especialistas sobre esse assunto. Por meio de pesquisas, discuss\u00f5es e debates, exploraremos \u00e1reas que exigem mais aten\u00e7\u00e3o e apresentaremos as novas solu\u00e7\u00f5es que pretendemos aplicar \u00e0s nossas pr\u00f3prias pr\u00e1ticas aqui no Facebook.","protected":false},"author":81109636,"featured_media":21683,"comment_status":"closed","ping_status":"closed","sticky":false,"template":"","format":"standard","meta":{"_jetpack_memberships_contains_paid_content":false,"footnotes":""},"categories":[1],"tags":[396542133],"class_list":["post-21679","post","type-post","status-publish","format-standard","has-post-thumbnail","hentry","category-recent-news","tag-privacidade-importa"],"yoast_head":"<!-- This site is optimized with the Yoast SEO plugin v27.2 - https:\/\/yoast.com\/product\/yoast-seo-wordpress\/ -->\n<title>Tornando Dados e Privacidade mais compreens\u00edveis atrav\u00e9s de um design focado nas pessoas | Sobre a Meta<\/title>\n<meta name=\"robots\" content=\"index, follow, max-snippet:-1, max-image-preview:large, max-video-preview:-1\" \/>\n<link rel=\"canonical\" href=\"https:\/\/about.fb.com\/br\/news\/2020\/07\/tornando-dados-e-privacidade-mais-compreensiveis-atraves-de-um-design-focado-nas-pessoas\/\" \/>\n<meta property=\"og:locale\" content=\"pt_BR\" \/>\n<meta property=\"og:type\" content=\"article\" \/>\n<meta property=\"og:title\" content=\"Tornando Dados e Privacidade mais compreens\u00edveis atrav\u00e9s de um design focado nas pessoas | Sobre a Meta\" \/>\n<meta property=\"og:description\" content=\"Atualiza\u00e7\u00e3o em 7 de dezembro de 2020 \u00e0s 9h PT Desde a publica\u00e7\u00e3o deste white paper sobre design centrado em pessoas para uma comunica\u00e7\u00e3o com foco em privacidade, temos feito consultas online com especialistas em privacidade dos Estados Unidos, Austr\u00e1lia e Brasil. Nossas discuss\u00f5es se concentraram em como oferecer avisos de privacidade eficazes, f\u00e1ceis de entender e que orientem as pessoas a tomar decis\u00f5es claras sobre seus dados e privacidade. Algumas dessas discuss\u00f5es surgiram em \u00e1reas nas quais podemos melhorar nossos produtos, e agora estamos trabalhando para tornar nossa pol\u00edtica de dados mais f\u00e1cil de entender e acessar com base nesse feedback. Tamb\u00e9m redesenhamos uma de nossas ferramentas de acesso a dados mais utilizadas, chamada \u201cAcessar Sua\u00a0 Informa\u00e7\u00e3o\u201d, com base nas recomenda\u00e7\u00f5es de especialistas. No momento, estamos testando o novo design e lan\u00e7aremos a ferramenta atualizada em breve. Em nossas consultas, os especialistas tamb\u00e9m defenderam que o Facebook compartilhasse os aprendizados com outras empresas, especialmente as menores, sobre quais m\u00e9todos de comunica\u00e7\u00e3o de privacidade funcionaram de maneira mais eficaz para o Facebook. \u00c9 por isso que estamos compartilhando ideias e pr\u00e1ticas recomendadas por meio do TTC Labs, inclusive por meio de p\u00e1ginas da internet educacionais e interativas chamadas Lenses, que explicam os conceitos de privacidade e dados de uma forma acess\u00edvel e atrativa. Hoje, estamos lan\u00e7ando um novo Lens que informa como os desenvolvedores de aplicativos e da web podem ajudar as pessoas a tomar decis\u00f5es mais informadas sobre escolhas de privacidade espec\u00edficas, fornecendo dados e informa\u00e7\u00f5es de privacidade quando forem mais relevantes. Para um aplicativo de entrega de comida, por exemplo, isso pode significar pedir \u00e0s pessoas que compartilhem dados de localiza\u00e7\u00e3o no momento de procurar restaurantes pr\u00f3ximos, em vez de quando algu\u00e9m inicialmente fizer o download do aplicativo. Leia mais sobre como aproveitar o contexto no design. Agradecemos a todos que participaram dessas consultas. Continuaremos a faz\u00ea-las em 2021.\u00a0 Texto publicado originalmente em 15 de julho de 2020 Queremos garantir que todos entendam como seus dados s\u00e3o coletados, usados \u200b\u200be compartilhados. Por isso, desenvolvemos ferramentas como a Verifica\u00e7\u00e3o de Privacidade e as No\u00e7\u00f5es B\u00e1sicas de Privacidade, que tornam mais simples para as pessoas checarem e gerenciarem suas configura\u00e7\u00f5es de privacidade. No entanto, aprendemos que explicar nossas pr\u00e1ticas de dados vai muito al\u00e9m de ferramentas criadas especificamente para gerenciar sua privacidade e requer a mesma aten\u00e7\u00e3o aos princ\u00edpios de design que facilitam o uso do Facebook. Hoje, estamos publicando um white paper que destaca a necessidade de as empresas comunicarem melhor as informa\u00e7\u00f5es sobre privacidade, colocando as pessoas no centro das decis\u00f5es de design de privacidade. Se bem feito, podemos capacitar melhor a todos, independentemente do n\u00edvel de conhecimento ou familiaridade com a tecnologia, para fazer escolhas informadas sobre como e quando compartilhar seus dados. Considerando o modo como os dados trafegam pela Internet, garantir que as pessoas entendam suas escolhas quando se trata de dados e privacidade \u00e9 algo que nenhuma empresa ou governo pode resolver sozinho. \u00c9 por isso que o documento tamb\u00e9m destaca a import\u00e2ncia da colabora\u00e7\u00e3o entre empresas, formuladores de pol\u00edticas p\u00fablicas e especialistas. Nos \u00faltimos anos, houve avan\u00e7os importantes nas leis e regula\u00e7\u00f5es de privacidade e prote\u00e7\u00e3o de dados, como o Regulamento Geral de Prote\u00e7\u00e3o de Dados da Uni\u00e3o Europeia (GDPR) e a Lei de Privacidade do Consumidor da Calif\u00f3rnia (CCPA), que visam tornar as pr\u00e1ticas de dados mais transparentes. No entanto, para que as pessoas entendam o que as pol\u00edticas de privacidade realmente significam, as empresas precisam comunicar com precis\u00e3o suas pr\u00e1ticas de dados e os direitos do usu\u00e1rio, al\u00e9m de adaptar suas pol\u00edticas \u00e0s novas tecnologias. Por isso, pedimos leis de privacidade robustas que exijam que as empresas expliquem claramente as pr\u00e1ticas e escolhas de dados. Com base em nosso pr\u00f3prio trabalho para iterar e melhorar a maneira como nos comunicamos com as pessoas sobre privacidade ao longo dos anos, o artigo que publicamos hoje tem como objetivo identificar alguns desafios e complexidades comuns para corrigir isso, incentivar mais conversas e colabora\u00e7\u00f5es globais sobre esse assunto, e propor alguns caminhos promissores para o futuro, inclusive atrav\u00e9s da cria\u00e7\u00e3o e co-cria\u00e7\u00e3o de pol\u00edticas. Design: por meio do TTC Labs, um esfor\u00e7o entre diferentes setores da ind\u00fastria fundado e apoiado pelo Facebook, estamos trabalhando com v\u00e1rios especialistas e empresas para desenvolver solu\u00e7\u00f5es criativas de design para informar melhor as pessoas sobre suas escolhas de dados e privacidade. As melhores solu\u00e7\u00f5es &#8211; que s\u00e3o as mais f\u00e1ceis de entender e as mais abrangentes &#8211; nascem da colabora\u00e7\u00e3o entre especialistas em pol\u00edticas, privacidade e tecnologia. O TTC Labs organiza workshops de um dia de dura\u00e7\u00e3o chamados Design Jams que re\u00fanem designers, desenvolvedores, especialistas em privacidade e reguladores para compartilhar ideias e criar prot\u00f3tipos de avisos de privacidade digital que ser\u00e3o f\u00e1ceis para as pessoas navegarem e entenderem. A TTC Labs tamb\u00e9m est\u00e1 desenvolvendo uma s\u00e9rie de novas p\u00e1ginas educacionais interativas, chamadas Lenses, que explicam os conceitos de privacidade e dados de maneira acess\u00edvel e envolvente. Hoje, estamos compartilhando o primeiro Lens, Projetando Transpar\u00eancia para Todos, que destaca algumas das principais considera\u00e7\u00f5es ao projetar a transpar\u00eancia de uma maneira f\u00e1cil para as pessoas entenderem. O Lens tamb\u00e9m possui links para material relevante do site da TTC Labs, incluindo exemplos pr\u00e1ticos e formas alternativas de abordar essas quest\u00f5es. Amostras de padr\u00f5es de design, blogs de l\u00edderes intelectuais de todo o mundo e design de transpar\u00eancia e ferramentas de trabalho em grupo gratuitos tamb\u00e9m podem ser acessados atrav\u00e9s do Lens. Este \u00e9 o primeiro de uma s\u00e9rie de Lenses que explicam os conceitos de design e como eles podem melhorar a experi\u00eancia das pessoas com dados online. Os pr\u00f3ximos Lenses abordar\u00e3o quest\u00f5es como empoderar as pessoas por meio de controles e otimizar o contexto no design. Cria\u00e7\u00e3o conjunta de pol\u00edticas: continuaremos trabalhando com reguladores, formuladores de pol\u00edticas p\u00fablicas, empresas e outros especialistas para garantir que as pessoas estejam bem informadas sobre as op\u00e7\u00f5es de dados e privacidade. E exploraremos novas maneiras de tornar as empresas, incluindo o Facebook, respons\u00e1veis por comunic\u00e1-las claramente. Acreditamos que, se lidarmos com essas quest\u00f5es complexas agora, podemos ajudar a melhorar regula\u00e7\u00f5es futuras e a facilitar o entendimento e o gerenciamento de dados pelas pessoas. Nos pr\u00f3ximos meses, realizaremos uma s\u00e9rie de consultas virtuais com especialistas sobre esse assunto. Por meio de pesquisas, discuss\u00f5es e debates, exploraremos \u00e1reas que exigem mais aten\u00e7\u00e3o e apresentaremos as novas solu\u00e7\u00f5es que pretendemos aplicar \u00e0s nossas pr\u00f3prias pr\u00e1ticas aqui no Facebook.\" \/>\n<meta property=\"og:url\" content=\"https:\/\/about.fb.com\/br\/news\/2020\/07\/tornando-dados-e-privacidade-mais-compreensiveis-atraves-de-um-design-focado-nas-pessoas\/\" \/>\n<meta property=\"og:site_name\" content=\"Sobre a Meta\" \/>\n<meta property=\"article:published_time\" content=\"2020-07-15T13:09:42+00:00\" \/>\n<meta property=\"article:modified_time\" content=\"2021-06-17T13:08:23+00:00\" \/>\n<meta property=\"og:image\" content=\"https:\/\/about.fb.com\/br\/wp-content\/uploads\/sites\/11\/2020\/07\/NRP-Privacy_by_Design_Whitepaper_FINAL.jpg?fit=768%2C432\" \/>\n\t<meta property=\"og:image:width\" content=\"768\" \/>\n\t<meta property=\"og:image:height\" content=\"432\" \/>\n\t<meta property=\"og:image:type\" content=\"image\/jpeg\" \/>\n<meta name=\"author\" content=\"facebookbr\" \/>\n<meta name=\"twitter:card\" content=\"summary_large_image\" \/>\n<meta name=\"twitter:label1\" content=\"Written by\" \/>\n\t<meta name=\"twitter:data1\" content=\"Meta\" \/>\n\t<meta name=\"twitter:label2\" content=\"Est. reading time\" \/>\n\t<meta name=\"twitter:data2\" content=\"6 minutos\" \/>\n<script type=\"application\/ld+json\" class=\"yoast-schema-graph\">{\"@context\":\"https:\/\/schema.org\",\"@graph\":[{\"@type\":\"Article\",\"@id\":\"https:\/\/about.fb.com\/br\/news\/2020\/07\/tornando-dados-e-privacidade-mais-compreensiveis-atraves-de-um-design-focado-nas-pessoas\/#article\",\"isPartOf\":{\"@id\":\"https:\/\/about.fb.com\/br\/news\/2020\/07\/tornando-dados-e-privacidade-mais-compreensiveis-atraves-de-um-design-focado-nas-pessoas\/\"},\"author\":\"Facebook company\",\"headline\":\"Tornando Dados e Privacidade mais compreens\u00edveis atrav\u00e9s de um design focado nas pessoas\",\"datePublished\":\"2020-07-15T13:09:42+00:00\",\"dateModified\":\"2021-06-17T13:08:23+00:00\",\"mainEntityOfPage\":{\"@id\":\"https:\/\/about.fb.com\/br\/news\/2020\/07\/tornando-dados-e-privacidade-mais-compreensiveis-atraves-de-um-design-focado-nas-pessoas\/\"},\"wordCount\":1184,\"publisher\":{\"@id\":\"https:\/\/about.fb.com\/br\/#organization\"},\"image\":{\"@id\":\"https:\/\/about.fb.com\/br\/news\/2020\/07\/tornando-dados-e-privacidade-mais-compreensiveis-atraves-de-um-design-focado-nas-pessoas\/#primaryimage\"},\"thumbnailUrl\":\"https:\/\/about.fb.com\/br\/wp-content\/uploads\/sites\/11\/2020\/07\/NRP-Privacy_by_Design_Whitepaper_FINAL.jpg?fit=768%2C432\",\"keywords\":[\"Privacidade Importa\"],\"articleSection\":[\"Recent News\"],\"inLanguage\":\"pt-BR\"},{\"@type\":\"WebPage\",\"@id\":\"https:\/\/about.fb.com\/br\/news\/2020\/07\/tornando-dados-e-privacidade-mais-compreensiveis-atraves-de-um-design-focado-nas-pessoas\/\",\"url\":\"https:\/\/about.fb.com\/br\/news\/2020\/07\/tornando-dados-e-privacidade-mais-compreensiveis-atraves-de-um-design-focado-nas-pessoas\/\",\"name\":\"Tornando Dados e Privacidade mais compreens\u00edveis atrav\u00e9s de um design focado nas pessoas | Sobre a Meta\",\"isPartOf\":{\"@id\":\"https:\/\/about.fb.com\/br\/#website\"},\"primaryImageOfPage\":{\"@id\":\"https:\/\/about.fb.com\/br\/news\/2020\/07\/tornando-dados-e-privacidade-mais-compreensiveis-atraves-de-um-design-focado-nas-pessoas\/#primaryimage\"},\"image\":{\"@id\":\"https:\/\/about.fb.com\/br\/news\/2020\/07\/tornando-dados-e-privacidade-mais-compreensiveis-atraves-de-um-design-focado-nas-pessoas\/#primaryimage\"},\"thumbnailUrl\":\"https:\/\/about.fb.com\/br\/wp-content\/uploads\/sites\/11\/2020\/07\/NRP-Privacy_by_Design_Whitepaper_FINAL.jpg?fit=768%2C432\",\"datePublished\":\"2020-07-15T13:09:42+00:00\",\"dateModified\":\"2021-06-17T13:08:23+00:00\",\"breadcrumb\":{\"@id\":\"https:\/\/about.fb.com\/br\/news\/2020\/07\/tornando-dados-e-privacidade-mais-compreensiveis-atraves-de-um-design-focado-nas-pessoas\/#breadcrumb\"},\"inLanguage\":\"pt-BR\",\"potentialAction\":[{\"@type\":\"ReadAction\",\"target\":[\"https:\/\/about.fb.com\/br\/news\/2020\/07\/tornando-dados-e-privacidade-mais-compreensiveis-atraves-de-um-design-focado-nas-pessoas\/\"]}],\"author\":\"Sobre a Meta\"},{\"@type\":\"ImageObject\",\"inLanguage\":\"pt-BR\",\"@id\":\"https:\/\/about.fb.com\/br\/news\/2020\/07\/tornando-dados-e-privacidade-mais-compreensiveis-atraves-de-um-design-focado-nas-pessoas\/#primaryimage\",\"url\":\"https:\/\/about.fb.com\/br\/wp-content\/uploads\/sites\/11\/2020\/07\/NRP-Privacy_by_Design_Whitepaper_FINAL.jpg?fit=768%2C432\",\"contentUrl\":\"https:\/\/about.fb.com\/br\/wp-content\/uploads\/sites\/11\/2020\/07\/NRP-Privacy_by_Design_Whitepaper_FINAL.jpg?fit=768%2C432\",\"width\":768,\"height\":432},{\"@type\":\"BreadcrumbList\",\"@id\":\"https:\/\/about.fb.com\/br\/news\/2020\/07\/tornando-dados-e-privacidade-mais-compreensiveis-atraves-de-um-design-focado-nas-pessoas\/#breadcrumb\",\"itemListElement\":[{\"@type\":\"ListItem\",\"position\":1,\"name\":\"Home\",\"item\":\"https:\/\/about.fb.com\/br\/\"},{\"@type\":\"ListItem\",\"position\":2,\"name\":\"Tornando Dados e Privacidade mais compreens\u00edveis atrav\u00e9s de um design focado nas pessoas\"}]},{\"@type\":\"WebSite\",\"@id\":\"https:\/\/about.fb.com\/br\/#website\",\"url\":\"https:\/\/about.fb.com\/news\/\",\"name\":\"Sobre a Meta\",\"description\":\"\",\"publisher\":{\"@id\":\"https:\/\/about.fb.com\/br\/#organization\"},\"potentialAction\":[{\"@type\":\"SearchAction\",\"target\":{\"@type\":\"EntryPoint\",\"urlTemplate\":\"https:\/\/about.fb.com\/br\/?s={search_term_string}\"},\"query-input\":{\"@type\":\"PropertyValueSpecification\",\"valueRequired\":true,\"valueName\":\"search_term_string\"}}],\"inLanguage\":\"pt-BR\",\"alternateName\":[\"Meta Newsroom\",\"Meta\"]},{\"@type\":\"Organization\",\"@id\":\"https:\/\/about.fb.com\/br\/#organization\",\"name\":\"Meta\",\"url\":\"https:\/\/about.fb.com\/br\/\",\"logo\":{\"@type\":\"ImageObject\",\"inLanguage\":\"pt-BR\",\"@id\":\"https:\/\/about.fb.com\/br\/#\/schema\/logo\/image\/\",\"url\":\"https:\/\/about.fb.com\/br\/wp-content\/uploads\/sites\/11\/2021\/10\/meta-social-16x9-1.jpg?fit=8000%2C4500\",\"contentUrl\":\"https:\/\/about.fb.com\/br\/wp-content\/uploads\/sites\/11\/2021\/10\/meta-social-16x9-1.jpg?fit=8000%2C4500\",\"width\":8000,\"height\":4500,\"caption\":\"Meta\"},\"image\":{\"@id\":\"https:\/\/about.fb.com\/br\/#\/schema\/logo\/image\/\"}}]}<\/script>\n<!-- \/ Yoast SEO plugin. -->","yoast_head_json":{"title":"Tornando Dados e Privacidade mais compreens\u00edveis atrav\u00e9s de um design focado nas pessoas | Sobre a Meta","robots":{"index":"index","follow":"follow","max-snippet":"max-snippet:-1","max-image-preview":"max-image-preview:large","max-video-preview":"max-video-preview:-1"},"canonical":"https:\/\/about.fb.com\/br\/news\/2020\/07\/tornando-dados-e-privacidade-mais-compreensiveis-atraves-de-um-design-focado-nas-pessoas\/","og_locale":"pt_BR","og_type":"article","og_title":"Tornando Dados e Privacidade mais compreens\u00edveis atrav\u00e9s de um design focado nas pessoas | Sobre a Meta","og_description":"Atualiza\u00e7\u00e3o em 7 de dezembro de 2020 \u00e0s 9h PT Desde a publica\u00e7\u00e3o deste white paper sobre design centrado em pessoas para uma comunica\u00e7\u00e3o com foco em privacidade, temos feito consultas online com especialistas em privacidade dos Estados Unidos, Austr\u00e1lia e Brasil. Nossas discuss\u00f5es se concentraram em como oferecer avisos de privacidade eficazes, f\u00e1ceis de entender e que orientem as pessoas a tomar decis\u00f5es claras sobre seus dados e privacidade. Algumas dessas discuss\u00f5es surgiram em \u00e1reas nas quais podemos melhorar nossos produtos, e agora estamos trabalhando para tornar nossa pol\u00edtica de dados mais f\u00e1cil de entender e acessar com base nesse feedback. Tamb\u00e9m redesenhamos uma de nossas ferramentas de acesso a dados mais utilizadas, chamada \u201cAcessar Sua\u00a0 Informa\u00e7\u00e3o\u201d, com base nas recomenda\u00e7\u00f5es de especialistas. No momento, estamos testando o novo design e lan\u00e7aremos a ferramenta atualizada em breve. Em nossas consultas, os especialistas tamb\u00e9m defenderam que o Facebook compartilhasse os aprendizados com outras empresas, especialmente as menores, sobre quais m\u00e9todos de comunica\u00e7\u00e3o de privacidade funcionaram de maneira mais eficaz para o Facebook. \u00c9 por isso que estamos compartilhando ideias e pr\u00e1ticas recomendadas por meio do TTC Labs, inclusive por meio de p\u00e1ginas da internet educacionais e interativas chamadas Lenses, que explicam os conceitos de privacidade e dados de uma forma acess\u00edvel e atrativa. Hoje, estamos lan\u00e7ando um novo Lens que informa como os desenvolvedores de aplicativos e da web podem ajudar as pessoas a tomar decis\u00f5es mais informadas sobre escolhas de privacidade espec\u00edficas, fornecendo dados e informa\u00e7\u00f5es de privacidade quando forem mais relevantes. Para um aplicativo de entrega de comida, por exemplo, isso pode significar pedir \u00e0s pessoas que compartilhem dados de localiza\u00e7\u00e3o no momento de procurar restaurantes pr\u00f3ximos, em vez de quando algu\u00e9m inicialmente fizer o download do aplicativo. Leia mais sobre como aproveitar o contexto no design. Agradecemos a todos que participaram dessas consultas. Continuaremos a faz\u00ea-las em 2021.\u00a0 Texto publicado originalmente em 15 de julho de 2020 Queremos garantir que todos entendam como seus dados s\u00e3o coletados, usados \u200b\u200be compartilhados. Por isso, desenvolvemos ferramentas como a Verifica\u00e7\u00e3o de Privacidade e as No\u00e7\u00f5es B\u00e1sicas de Privacidade, que tornam mais simples para as pessoas checarem e gerenciarem suas configura\u00e7\u00f5es de privacidade. No entanto, aprendemos que explicar nossas pr\u00e1ticas de dados vai muito al\u00e9m de ferramentas criadas especificamente para gerenciar sua privacidade e requer a mesma aten\u00e7\u00e3o aos princ\u00edpios de design que facilitam o uso do Facebook. Hoje, estamos publicando um white paper que destaca a necessidade de as empresas comunicarem melhor as informa\u00e7\u00f5es sobre privacidade, colocando as pessoas no centro das decis\u00f5es de design de privacidade. Se bem feito, podemos capacitar melhor a todos, independentemente do n\u00edvel de conhecimento ou familiaridade com a tecnologia, para fazer escolhas informadas sobre como e quando compartilhar seus dados. Considerando o modo como os dados trafegam pela Internet, garantir que as pessoas entendam suas escolhas quando se trata de dados e privacidade \u00e9 algo que nenhuma empresa ou governo pode resolver sozinho. \u00c9 por isso que o documento tamb\u00e9m destaca a import\u00e2ncia da colabora\u00e7\u00e3o entre empresas, formuladores de pol\u00edticas p\u00fablicas e especialistas. Nos \u00faltimos anos, houve avan\u00e7os importantes nas leis e regula\u00e7\u00f5es de privacidade e prote\u00e7\u00e3o de dados, como o Regulamento Geral de Prote\u00e7\u00e3o de Dados da Uni\u00e3o Europeia (GDPR) e a Lei de Privacidade do Consumidor da Calif\u00f3rnia (CCPA), que visam tornar as pr\u00e1ticas de dados mais transparentes. No entanto, para que as pessoas entendam o que as pol\u00edticas de privacidade realmente significam, as empresas precisam comunicar com precis\u00e3o suas pr\u00e1ticas de dados e os direitos do usu\u00e1rio, al\u00e9m de adaptar suas pol\u00edticas \u00e0s novas tecnologias. Por isso, pedimos leis de privacidade robustas que exijam que as empresas expliquem claramente as pr\u00e1ticas e escolhas de dados. Com base em nosso pr\u00f3prio trabalho para iterar e melhorar a maneira como nos comunicamos com as pessoas sobre privacidade ao longo dos anos, o artigo que publicamos hoje tem como objetivo identificar alguns desafios e complexidades comuns para corrigir isso, incentivar mais conversas e colabora\u00e7\u00f5es globais sobre esse assunto, e propor alguns caminhos promissores para o futuro, inclusive atrav\u00e9s da cria\u00e7\u00e3o e co-cria\u00e7\u00e3o de pol\u00edticas. Design: por meio do TTC Labs, um esfor\u00e7o entre diferentes setores da ind\u00fastria fundado e apoiado pelo Facebook, estamos trabalhando com v\u00e1rios especialistas e empresas para desenvolver solu\u00e7\u00f5es criativas de design para informar melhor as pessoas sobre suas escolhas de dados e privacidade. As melhores solu\u00e7\u00f5es &#8211; que s\u00e3o as mais f\u00e1ceis de entender e as mais abrangentes &#8211; nascem da colabora\u00e7\u00e3o entre especialistas em pol\u00edticas, privacidade e tecnologia. O TTC Labs organiza workshops de um dia de dura\u00e7\u00e3o chamados Design Jams que re\u00fanem designers, desenvolvedores, especialistas em privacidade e reguladores para compartilhar ideias e criar prot\u00f3tipos de avisos de privacidade digital que ser\u00e3o f\u00e1ceis para as pessoas navegarem e entenderem. A TTC Labs tamb\u00e9m est\u00e1 desenvolvendo uma s\u00e9rie de novas p\u00e1ginas educacionais interativas, chamadas Lenses, que explicam os conceitos de privacidade e dados de maneira acess\u00edvel e envolvente. Hoje, estamos compartilhando o primeiro Lens, Projetando Transpar\u00eancia para Todos, que destaca algumas das principais considera\u00e7\u00f5es ao projetar a transpar\u00eancia de uma maneira f\u00e1cil para as pessoas entenderem. O Lens tamb\u00e9m possui links para material relevante do site da TTC Labs, incluindo exemplos pr\u00e1ticos e formas alternativas de abordar essas quest\u00f5es. Amostras de padr\u00f5es de design, blogs de l\u00edderes intelectuais de todo o mundo e design de transpar\u00eancia e ferramentas de trabalho em grupo gratuitos tamb\u00e9m podem ser acessados atrav\u00e9s do Lens. Este \u00e9 o primeiro de uma s\u00e9rie de Lenses que explicam os conceitos de design e como eles podem melhorar a experi\u00eancia das pessoas com dados online. Os pr\u00f3ximos Lenses abordar\u00e3o quest\u00f5es como empoderar as pessoas por meio de controles e otimizar o contexto no design. Cria\u00e7\u00e3o conjunta de pol\u00edticas: continuaremos trabalhando com reguladores, formuladores de pol\u00edticas p\u00fablicas, empresas e outros especialistas para garantir que as pessoas estejam bem informadas sobre as op\u00e7\u00f5es de dados e privacidade. E exploraremos novas maneiras de tornar as empresas, incluindo o Facebook, respons\u00e1veis por comunic\u00e1-las claramente. Acreditamos que, se lidarmos com essas quest\u00f5es complexas agora, podemos ajudar a melhorar regula\u00e7\u00f5es futuras e a facilitar o entendimento e o gerenciamento de dados pelas pessoas. Nos pr\u00f3ximos meses, realizaremos uma s\u00e9rie de consultas virtuais com especialistas sobre esse assunto. Por meio de pesquisas, discuss\u00f5es e debates, exploraremos \u00e1reas que exigem mais aten\u00e7\u00e3o e apresentaremos as novas solu\u00e7\u00f5es que pretendemos aplicar \u00e0s nossas pr\u00f3prias pr\u00e1ticas aqui no Facebook.","og_url":"https:\/\/about.fb.com\/br\/news\/2020\/07\/tornando-dados-e-privacidade-mais-compreensiveis-atraves-de-um-design-focado-nas-pessoas\/","og_site_name":"Sobre a Meta","article_published_time":"2020-07-15T13:09:42+00:00","article_modified_time":"2021-06-17T13:08:23+00:00","og_image":[{"url":"https:\/\/about.fb.com\/br\/wp-content\/uploads\/sites\/11\/2020\/07\/NRP-Privacy_by_Design_Whitepaper_FINAL.jpg?fit=768%2C432","width":768,"height":432,"type":"image\/jpeg"}],"author":"facebookbr","twitter_card":"summary_large_image","twitter_misc":{"Written by":"Meta","Est. reading time":"6 minutos"},"schema":{"@context":"https:\/\/schema.org","@graph":[{"@type":"Article","@id":"https:\/\/about.fb.com\/br\/news\/2020\/07\/tornando-dados-e-privacidade-mais-compreensiveis-atraves-de-um-design-focado-nas-pessoas\/#article","isPartOf":{"@id":"https:\/\/about.fb.com\/br\/news\/2020\/07\/tornando-dados-e-privacidade-mais-compreensiveis-atraves-de-um-design-focado-nas-pessoas\/"},"author":"Facebook company","headline":"Tornando Dados e Privacidade mais compreens\u00edveis atrav\u00e9s de um design focado nas pessoas","datePublished":"2020-07-15T13:09:42+00:00","dateModified":"2021-06-17T13:08:23+00:00","mainEntityOfPage":{"@id":"https:\/\/about.fb.com\/br\/news\/2020\/07\/tornando-dados-e-privacidade-mais-compreensiveis-atraves-de-um-design-focado-nas-pessoas\/"},"wordCount":1184,"publisher":{"@id":"https:\/\/about.fb.com\/br\/#organization"},"image":{"@id":"https:\/\/about.fb.com\/br\/news\/2020\/07\/tornando-dados-e-privacidade-mais-compreensiveis-atraves-de-um-design-focado-nas-pessoas\/#primaryimage"},"thumbnailUrl":"https:\/\/about.fb.com\/br\/wp-content\/uploads\/sites\/11\/2020\/07\/NRP-Privacy_by_Design_Whitepaper_FINAL.jpg?fit=768%2C432","keywords":["Privacidade Importa"],"articleSection":["Recent News"],"inLanguage":"pt-BR"},{"@type":"WebPage","@id":"https:\/\/about.fb.com\/br\/news\/2020\/07\/tornando-dados-e-privacidade-mais-compreensiveis-atraves-de-um-design-focado-nas-pessoas\/","url":"https:\/\/about.fb.com\/br\/news\/2020\/07\/tornando-dados-e-privacidade-mais-compreensiveis-atraves-de-um-design-focado-nas-pessoas\/","name":"Tornando Dados e Privacidade mais compreens\u00edveis atrav\u00e9s de um design focado nas pessoas | Sobre a Meta","isPartOf":{"@id":"https:\/\/about.fb.com\/br\/#website"},"primaryImageOfPage":{"@id":"https:\/\/about.fb.com\/br\/news\/2020\/07\/tornando-dados-e-privacidade-mais-compreensiveis-atraves-de-um-design-focado-nas-pessoas\/#primaryimage"},"image":{"@id":"https:\/\/about.fb.com\/br\/news\/2020\/07\/tornando-dados-e-privacidade-mais-compreensiveis-atraves-de-um-design-focado-nas-pessoas\/#primaryimage"},"thumbnailUrl":"https:\/\/about.fb.com\/br\/wp-content\/uploads\/sites\/11\/2020\/07\/NRP-Privacy_by_Design_Whitepaper_FINAL.jpg?fit=768%2C432","datePublished":"2020-07-15T13:09:42+00:00","dateModified":"2021-06-17T13:08:23+00:00","breadcrumb":{"@id":"https:\/\/about.fb.com\/br\/news\/2020\/07\/tornando-dados-e-privacidade-mais-compreensiveis-atraves-de-um-design-focado-nas-pessoas\/#breadcrumb"},"inLanguage":"pt-BR","potentialAction":[{"@type":"ReadAction","target":["https:\/\/about.fb.com\/br\/news\/2020\/07\/tornando-dados-e-privacidade-mais-compreensiveis-atraves-de-um-design-focado-nas-pessoas\/"]}],"author":"Sobre a Meta"},{"@type":"ImageObject","inLanguage":"pt-BR","@id":"https:\/\/about.fb.com\/br\/news\/2020\/07\/tornando-dados-e-privacidade-mais-compreensiveis-atraves-de-um-design-focado-nas-pessoas\/#primaryimage","url":"https:\/\/about.fb.com\/br\/wp-content\/uploads\/sites\/11\/2020\/07\/NRP-Privacy_by_Design_Whitepaper_FINAL.jpg?fit=768%2C432","contentUrl":"https:\/\/about.fb.com\/br\/wp-content\/uploads\/sites\/11\/2020\/07\/NRP-Privacy_by_Design_Whitepaper_FINAL.jpg?fit=768%2C432","width":768,"height":432},{"@type":"BreadcrumbList","@id":"https:\/\/about.fb.com\/br\/news\/2020\/07\/tornando-dados-e-privacidade-mais-compreensiveis-atraves-de-um-design-focado-nas-pessoas\/#breadcrumb","itemListElement":[{"@type":"ListItem","position":1,"name":"Home","item":"https:\/\/about.fb.com\/br\/"},{"@type":"ListItem","position":2,"name":"Tornando Dados e Privacidade mais compreens\u00edveis atrav\u00e9s de um design focado nas pessoas"}]},{"@type":"WebSite","@id":"https:\/\/about.fb.com\/br\/#website","url":"https:\/\/about.fb.com\/news\/","name":"Sobre a Meta","description":"","publisher":{"@id":"https:\/\/about.fb.com\/br\/#organization"},"potentialAction":[{"@type":"SearchAction","target":{"@type":"EntryPoint","urlTemplate":"https:\/\/about.fb.com\/br\/?s={search_term_string}"},"query-input":{"@type":"PropertyValueSpecification","valueRequired":true,"valueName":"search_term_string"}}],"inLanguage":"pt-BR","alternateName":["Meta Newsroom","Meta"]},{"@type":"Organization","@id":"https:\/\/about.fb.com\/br\/#organization","name":"Meta","url":"https:\/\/about.fb.com\/br\/","logo":{"@type":"ImageObject","inLanguage":"pt-BR","@id":"https:\/\/about.fb.com\/br\/#\/schema\/logo\/image\/","url":"https:\/\/about.fb.com\/br\/wp-content\/uploads\/sites\/11\/2021\/10\/meta-social-16x9-1.jpg?fit=8000%2C4500","contentUrl":"https:\/\/about.fb.com\/br\/wp-content\/uploads\/sites\/11\/2021\/10\/meta-social-16x9-1.jpg?fit=8000%2C4500","width":8000,"height":4500,"caption":"Meta"},"image":{"@id":"https:\/\/about.fb.com\/br\/#\/schema\/logo\/image\/"}}]}},"jetpack_featured_media_url":"https:\/\/about.fb.com\/br\/wp-content\/uploads\/sites\/11\/2020\/07\/NRP-Privacy_by_Design_Whitepaper_FINAL.jpg?fit=768%2C432","jetpack-related-posts":[{"id":26118,"url":"https:\/\/about.fb.com\/br\/news\/2025\/01\/refletindo-sobre-o-investimento-de-us-8-bilhoes-da-meta-em-privacidade\/","url_meta":{"origin":21679,"position":0},"title":"Refletindo sobre o investimento de US$ 8 bilh\u00f5es da Meta em privacidade","author":"Meta","date":"28\/01\/2025","format":false,"excerpt":"Nos \u00faltimos anos, na Meta, destacamos o Dia da Privacidade de Dados com uma retrospectiva de nossos marcos de privacidade do ano anterior. Quando olhamos para tr\u00e1s, para nossas inova\u00e7\u00f5es tecnol\u00f3gicas de 2024, o denominador comum em todas elas \u00e9 uma base s\u00f3lida de privacidade. Essa base s\u00f3 foi poss\u00edvel\u2026","rel":"","context":"In &quot;Recent News&quot;","block_context":{"text":"Recent News","link":"https:\/\/about.fb.com\/br\/news\/category\/recent-news\/"},"img":{"alt_text":"","src":"","width":0,"height":0},"classes":[]},{"id":26470,"url":"https:\/\/about.fb.com\/br\/news\/2025\/06\/ajudamos-voce-a-encontrar-mais-canais-e-empresas-no-whatsapp\/","url_meta":{"origin":21679,"position":1},"title":"Ajudamos voc\u00ea a encontrar mais canais e empresas no WhatsApp","author":"Meta","date":"16\/06\/2025","format":false,"excerpt":"Estamos lan\u00e7ando hoje novos recursos para a aba Atualiza\u00e7\u00f5es, onde voc\u00ea encontra os canais e o status. Nos \u00faltimos dois anos, trabalhamos para que essa aba se tornasse um espa\u00e7o em que voc\u00ea pode encontrar coisas novas no WhatsApp. Agora, ela j\u00e1 \u00e9 usada por 1,5 bilh\u00e3o de pessoas todos\u2026","rel":"","context":"In &quot;Recent News&quot;","block_context":{"text":"Recent News","link":"https:\/\/about.fb.com\/br\/news\/category\/recent-news\/"},"img":{"alt_text":"","src":"https:\/\/about.fb.com\/br\/wp-content\/uploads\/sites\/11\/2025\/06\/Brazilian-Portuguese_helping-you-find-more-channels-and-businesses-on-whatsapp-1.pt_BR.png?fit=1920%2C1080&resize=350%2C200","width":350,"height":200,"srcset":"https:\/\/about.fb.com\/br\/wp-content\/uploads\/sites\/11\/2025\/06\/Brazilian-Portuguese_helping-you-find-more-channels-and-businesses-on-whatsapp-1.pt_BR.png?fit=1920%2C1080&resize=350%2C200 1x, https:\/\/about.fb.com\/br\/wp-content\/uploads\/sites\/11\/2025\/06\/Brazilian-Portuguese_helping-you-find-more-channels-and-businesses-on-whatsapp-1.pt_BR.png?fit=1920%2C1080&resize=525%2C300 1.5x, https:\/\/about.fb.com\/br\/wp-content\/uploads\/sites\/11\/2025\/06\/Brazilian-Portuguese_helping-you-find-more-channels-and-businesses-on-whatsapp-1.pt_BR.png?fit=1920%2C1080&resize=700%2C400 2x, https:\/\/about.fb.com\/br\/wp-content\/uploads\/sites\/11\/2025\/06\/Brazilian-Portuguese_helping-you-find-more-channels-and-businesses-on-whatsapp-1.pt_BR.png?fit=1920%2C1080&resize=1050%2C600 3x, https:\/\/about.fb.com\/br\/wp-content\/uploads\/sites\/11\/2025\/06\/Brazilian-Portuguese_helping-you-find-more-channels-and-businesses-on-whatsapp-1.pt_BR.png?fit=1920%2C1080&resize=1400%2C800 4x"},"classes":[]},{"id":26975,"url":"https:\/\/about.fb.com\/br\/news\/2026\/01\/protecao-de-privacidade-mais-recente-do-whatsapp-configuracoes-rigorosas-da-conta\/","url_meta":{"origin":21679,"position":2},"title":"Prote\u00e7\u00e3o de privacidade mais recente do WhatsApp: configura\u00e7\u00f5es rigorosas da conta","author":"Meta","date":"27\/01\/2026","format":false,"excerpt":"N\u00f3s acreditamos que as pessoas devem conseguir ter conversas privadas no WhatsApp, assim como fazem na vida real. Sempre defenderemos o direito \u00e0 privacidade para todos, come\u00e7ando com a criptografia de ponta a ponta padr\u00e3o. Contudo, para al\u00e9m disso, sabemos que algumas pessoas que usam nossos servi\u00e7os, como jornalistas ou\u2026","rel":"","context":"In &quot;WhatsApp&quot;","block_context":{"text":"WhatsApp","link":"https:\/\/about.fb.com\/br\/news\/category\/technologies\/whatsapp\/"},"img":{"alt_text":"","src":"https:\/\/about.fb.com\/br\/wp-content\/uploads\/sites\/11\/2026\/01\/WhatsApp_Protecao-de-Seguranca.jpg?fit=1920%2C1080&resize=350%2C200","width":350,"height":200,"srcset":"https:\/\/about.fb.com\/br\/wp-content\/uploads\/sites\/11\/2026\/01\/WhatsApp_Protecao-de-Seguranca.jpg?fit=1920%2C1080&resize=350%2C200 1x, https:\/\/about.fb.com\/br\/wp-content\/uploads\/sites\/11\/2026\/01\/WhatsApp_Protecao-de-Seguranca.jpg?fit=1920%2C1080&resize=525%2C300 1.5x, https:\/\/about.fb.com\/br\/wp-content\/uploads\/sites\/11\/2026\/01\/WhatsApp_Protecao-de-Seguranca.jpg?fit=1920%2C1080&resize=700%2C400 2x, https:\/\/about.fb.com\/br\/wp-content\/uploads\/sites\/11\/2026\/01\/WhatsApp_Protecao-de-Seguranca.jpg?fit=1920%2C1080&resize=1050%2C600 3x, https:\/\/about.fb.com\/br\/wp-content\/uploads\/sites\/11\/2026\/01\/WhatsApp_Protecao-de-Seguranca.jpg?fit=1920%2C1080&resize=1400%2C800 4x"},"classes":[]},{"id":26692,"url":"https:\/\/about.fb.com\/br\/news\/2025\/10\/melhorando-suas-recomendacoes-em-nossos-aplicativos-com-ia-na-meta\/","url_meta":{"origin":21679,"position":3},"title":"Melhorando suas recomenda\u00e7\u00f5es em nossos aplicativos com IA na Meta","author":"Meta","date":"01\/10\/2025","format":false,"excerpt":"Mais de 1 bilh\u00e3o de pessoas usam Meta AI todo m\u00eas. Continuamos a melhorar a forma como nossos produtos de IA se mostram relevantes para voc\u00ea, entendem seus objetivos e ajudam a realizar tarefas de maneira mais eficiente. Tamb\u00e9m estamos usando Meta AI, bem como outros recursos de IA para\u2026","rel":"","context":"In &quot;Meta&quot;","block_context":{"text":"Meta","link":"https:\/\/about.fb.com\/br\/news\/category\/temas-home\/meta\/"},"img":{"alt_text":"","src":"https:\/\/about.fb.com\/br\/wp-content\/uploads\/sites\/11\/2025\/10\/Meta-Privacy-Update_Header.jpg?fit=1920%2C1080&resize=350%2C200","width":350,"height":200,"srcset":"https:\/\/about.fb.com\/br\/wp-content\/uploads\/sites\/11\/2025\/10\/Meta-Privacy-Update_Header.jpg?fit=1920%2C1080&resize=350%2C200 1x, https:\/\/about.fb.com\/br\/wp-content\/uploads\/sites\/11\/2025\/10\/Meta-Privacy-Update_Header.jpg?fit=1920%2C1080&resize=525%2C300 1.5x, https:\/\/about.fb.com\/br\/wp-content\/uploads\/sites\/11\/2025\/10\/Meta-Privacy-Update_Header.jpg?fit=1920%2C1080&resize=700%2C400 2x, https:\/\/about.fb.com\/br\/wp-content\/uploads\/sites\/11\/2025\/10\/Meta-Privacy-Update_Header.jpg?fit=1920%2C1080&resize=1050%2C600 3x, https:\/\/about.fb.com\/br\/wp-content\/uploads\/sites\/11\/2025\/10\/Meta-Privacy-Update_Header.jpg?fit=1920%2C1080&resize=1400%2C800 4x"},"classes":[]},{"id":26804,"url":"https:\/\/about.fb.com\/br\/news\/2025\/10\/ficou-ainda-mais-facil-criptografar-o-backup-de-conversas-do-whatsapp\/","url_meta":{"origin":21679,"position":4},"title":"Ficou ainda mais f\u00e1cil criptografar o backup de conversas do WhatsApp","author":"Meta","date":"30\/10\/2025","format":false,"excerpt":"Muitos de n\u00f3s guardamos anos de mem\u00f3rias preciosas em nossas conversas do WhatsApp: fotos, mensagens de voz sinceras e conversas importantes. \u00c9 por esse motivo que \u00e9 t\u00e3o importante proteger suas conversas para caso voc\u00ea perca seu celular ou precise transferi-las para um novo dispositivo. O WhatsApp foi o\u00a0primeiro app\u2026","rel":"","context":"In &quot;Dados e Privacidade&quot;","block_context":{"text":"Dados e Privacidade","link":"https:\/\/about.fb.com\/br\/news\/category\/temas-home\/dados-e-privacidade\/"},"img":{"alt_text":"","src":"https:\/\/about.fb.com\/br\/wp-content\/uploads\/sites\/11\/2025\/11\/573059572_710603812068712_8612268182190540651_n-_1_.png?resize=350%2C200","width":350,"height":200,"srcset":"https:\/\/about.fb.com\/br\/wp-content\/uploads\/sites\/11\/2025\/11\/573059572_710603812068712_8612268182190540651_n-_1_.png?resize=350%2C200 1x, https:\/\/about.fb.com\/br\/wp-content\/uploads\/sites\/11\/2025\/11\/573059572_710603812068712_8612268182190540651_n-_1_.png?resize=525%2C300 1.5x, https:\/\/about.fb.com\/br\/wp-content\/uploads\/sites\/11\/2025\/11\/573059572_710603812068712_8612268182190540651_n-_1_.png?resize=700%2C400 2x, https:\/\/about.fb.com\/br\/wp-content\/uploads\/sites\/11\/2025\/11\/573059572_710603812068712_8612268182190540651_n-_1_.png?resize=1050%2C600 3x, https:\/\/about.fb.com\/br\/wp-content\/uploads\/sites\/11\/2025\/11\/573059572_710603812068712_8612268182190540651_n-_1_.png?resize=1400%2C800 4x"},"classes":[]},{"id":26752,"url":"https:\/\/about.fb.com\/br\/news\/2025\/10\/mes-da-conscientizacao-sobre-ciberseguranca-ajudando-idosos-a-evitar-golpes-online\/","url_meta":{"origin":21679,"position":5},"title":"M\u00eas da Conscientiza\u00e7\u00e3o sobre Ciberseguran\u00e7a: Ajudando idosos a evitar golpes online","author":"Meta","date":"21\/10\/2025","format":false,"excerpt":"O Relat\u00f3rio de Crimes Cibern\u00e9ticos de 2024 do FBI indica que adultos com 60 anos ou mais nos EUA perderam um valor combinado de 4,8 bilh\u00f5es de d\u00f3lares em golpes somente em\u00a0 2024. Criminosos usam uma variedade de t\u00e1ticas para ganhar a confian\u00e7a das pessoas e, em determinadas circunst\u00e2ncias, comprometem\u2026","rel":"","context":"In &quot;Dados e Privacidade&quot;","block_context":{"text":"Dados e Privacidade","link":"https:\/\/about.fb.com\/br\/news\/category\/temas-home\/dados-e-privacidade\/"},"img":{"alt_text":"","src":"https:\/\/about.fb.com\/br\/wp-content\/uploads\/sites\/11\/2025\/10\/Cybersecurity-Awareness-Month_Header.jpg?fit=1920%2C1080&resize=350%2C200","width":350,"height":200,"srcset":"https:\/\/about.fb.com\/br\/wp-content\/uploads\/sites\/11\/2025\/10\/Cybersecurity-Awareness-Month_Header.jpg?fit=1920%2C1080&resize=350%2C200 1x, https:\/\/about.fb.com\/br\/wp-content\/uploads\/sites\/11\/2025\/10\/Cybersecurity-Awareness-Month_Header.jpg?fit=1920%2C1080&resize=525%2C300 1.5x, https:\/\/about.fb.com\/br\/wp-content\/uploads\/sites\/11\/2025\/10\/Cybersecurity-Awareness-Month_Header.jpg?fit=1920%2C1080&resize=700%2C400 2x, https:\/\/about.fb.com\/br\/wp-content\/uploads\/sites\/11\/2025\/10\/Cybersecurity-Awareness-Month_Header.jpg?fit=1920%2C1080&resize=1050%2C600 3x, https:\/\/about.fb.com\/br\/wp-content\/uploads\/sites\/11\/2025\/10\/Cybersecurity-Awareness-Month_Header.jpg?fit=1920%2C1080&resize=1400%2C800 4x"},"classes":[]}],"jetpack_sharing_enabled":true,"amp_enabled":true,"_links":{"self":[{"href":"https:\/\/about.fb.com\/br\/wp-json\/wp\/v2\/posts\/21679","targetHints":{"allow":["GET"]}}],"collection":[{"href":"https:\/\/about.fb.com\/br\/wp-json\/wp\/v2\/posts"}],"about":[{"href":"https:\/\/about.fb.com\/br\/wp-json\/wp\/v2\/types\/post"}],"author":[{"embeddable":true,"href":"https:\/\/about.fb.com\/br\/wp-json\/wp\/v2\/users\/81109636"}],"replies":[{"embeddable":true,"href":"https:\/\/about.fb.com\/br\/wp-json\/wp\/v2\/comments?post=21679"}],"version-history":[{"count":9,"href":"https:\/\/about.fb.com\/br\/wp-json\/wp\/v2\/posts\/21679\/revisions"}],"predecessor-version":[{"id":22155,"href":"https:\/\/about.fb.com\/br\/wp-json\/wp\/v2\/posts\/21679\/revisions\/22155"}],"wp:featuredmedia":[{"embeddable":true,"href":"https:\/\/about.fb.com\/br\/wp-json\/wp\/v2\/media\/21683"}],"wp:attachment":[{"href":"https:\/\/about.fb.com\/br\/wp-json\/wp\/v2\/media?parent=21679"}],"wp:term":[{"taxonomy":"category","embeddable":true,"href":"https:\/\/about.fb.com\/br\/wp-json\/wp\/v2\/categories?post=21679"},{"taxonomy":"post_tag","embeddable":true,"href":"https:\/\/about.fb.com\/br\/wp-json\/wp\/v2\/tags?post=21679"}],"curies":[{"name":"wp","href":"https:\/\/api.w.org\/{rel}","templated":true}]}}