{"id":21563,"date":"2020-06-23T11:24:20","date_gmt":"2020-06-23T14:24:20","guid":{"rendered":"https:\/\/about.fb.com\/br\/?p=21563"},"modified":"2021-06-17T10:08:24","modified_gmt":"2021-06-17T13:08:24","slug":"abraji-abre-nova-turma-para-o-curso-online-jornalismo-local-sustentavel-com-apoio-do-facebook","status":"publish","type":"post","link":"https:\/\/about.fb.com\/br\/news\/2020\/06\/abraji-abre-nova-turma-para-o-curso-online-jornalismo-local-sustentavel-com-apoio-do-facebook\/","title":{"rendered":"Abraji abre nova turma para o curso online Jornalismo Local Sustent\u00e1vel com apoio do Facebook"},"content":{"rendered":"<p><em>O curso Jornalismo Local Sustent\u00e1vel \u00e9 gratuito, ter\u00e1 40 horas\/aula e abranger\u00e1 temas como t\u00e9cnicas de apura\u00e7\u00e3o, novas linguagens, ferramentas digitais, empreendedorismo e modelos de neg\u00f3cios<\/em><\/p>\n<p><span style=\"font-weight: 400\">A <\/span><b>Associa\u00e7\u00e3o Brasileira de Jornalismo Investigativo (Abraji)<\/b><span style=\"font-weight: 400\"> est\u00e1 relan\u00e7ando, com apoio do <\/span><b>Facebook Journalism Project<\/b><span style=\"font-weight: 400\">, o curso online <\/span><a href=\"https:\/\/www.abraji.org.br\/jornalismo-local-sustentavel-2020\"><b>Jornalismo Local Sustent\u00e1vel<\/b><\/a><b>, <\/b><span style=\"font-weight: 400\">destinado a profissionais que trabalhem em meios de comunica\u00e7\u00e3o de abrang\u00eancia local ou que tenham projetos para empreender nesse setor. Gratuito e aberto a jornalistas, o curso \u00e9 uma reedi\u00e7\u00e3o do programa de 2019, que teve 3,5 mil inscritos. A edi\u00e7\u00e3o deste ano ter\u00e1 os mesmos conte\u00fados e ser\u00e1 realizada em oito semanas, entre 6 de julho e 28 de agosto.\u00a0<\/span><\/p>\n<p><span style=\"font-weight: 400\">O conte\u00fado ser\u00e1 desenvolvido em quatro m\u00f3dulos: <\/span><i><span style=\"font-weight: 400\">Jornalismo local de qualidade<\/span><\/i><span style=\"font-weight: 400\">; <\/span><i><span style=\"font-weight: 400\">Territ\u00f3rios e comunidades<\/span><\/i><span style=\"font-weight: 400\">; <\/span><i><span style=\"font-weight: 400\">Ferramentas digitais para jornalistas<\/span><\/i><span style=\"font-weight: 400\">; e <\/span><i><span style=\"font-weight: 400\">Jornalismo economicamente sustent\u00e1vel<\/span><\/i><span style=\"font-weight: 400\">. Nesses m\u00f3dulos, os participantes ser\u00e3o conduzidos por uma equipe de professores experientes para revisar os fundamentos do jornalismo; explorar novas linguagens como dados, podcasts e v\u00eddeo produzido com smartphones; dominar t\u00e9cnicas para analisar redes sociais e fazer gest\u00e3o de comunidades de leitores; conhecer ferramentas digitais que dar\u00e3o produtividade ao trabalho jornal\u00edstico; entender como funciona uma empresa de m\u00eddia e seus modelos de neg\u00f3cios; e aprender a usar t\u00e9cnicas e ferramentas para medi\u00e7\u00e3o de audi\u00eancia.\u00a0\u00a0<\/span><\/p>\n<p><span style=\"font-weight: 400\">Para o presidente da Abraji, <\/span><b>Marcelo Tr\u00e4sel<\/b><span style=\"font-weight: 400\">, &#8220;a exist\u00eancia de ve\u00edculos de imprensa saud\u00e1veis nos munic\u00edpios \u00e9 fundamental para a democracia, porque \u00e9 nos munic\u00edpios que a cidadania acontece todos os dias. Pesquisas mostram que nas cidades onde h\u00e1 jornalismo independente, h\u00e1 menos casos de mau uso do dinheiro p\u00fablico. Al\u00e9m disso, o contato com o jornal, emissora ou website local \u00e9 uma forma do cidad\u00e3o conhecer na pr\u00e1tica o trabalho dos jornalistas, o que pode contribuir para aumentar a credibilidade na imprensa como um todo.&#8221;\u00a0<\/span><\/p>\n<p><span style=\"font-weight: 400\">&#8220;O apoio a projetos que fortale\u00e7am o jornalismo local \u00e9 parte essencial do trabalho realizado pelo <\/span><b>Facebook Journalism Project<\/b><span style=\"font-weight: 400\">. Desde sua primeira edi\u00e7\u00e3o, al\u00e9m de ser um recurso para jornalistas, o curso se tornou um espa\u00e7o para a cria\u00e7\u00e3o de uma comunidade de troca de ideias e solu\u00e7\u00f5es sobre os desafios que a imprensa enfrenta na atualidade. Junto com o Acelerador de Not\u00edcias Locais, em que participam 10 ve\u00edculos de comunica\u00e7\u00e3o de diferentes regi\u00f5es do pa\u00eds, essa iniciativa \u00e9 parte importante do nosso apoio \u00e0 imprensa brasileira&#8221;, afirma a gerente de desenvolvimento de parcerias estrat\u00e9gicas de not\u00edcias do Facebook para a Am\u00e9rica Latina, <\/span><b>Dulce Ramos<\/b><span style=\"font-weight: 400\">.<\/span><\/p>\n<p><span style=\"font-weight: 400\">Os conte\u00fados estar\u00e3o dispon\u00edveis em formato de v\u00eddeo, texto e indica\u00e7\u00f5es de leitura complementar. Al\u00e9m das disciplinas do programa, os participantes ter\u00e3o acesso a conte\u00fados educativos do Facebook.<\/span><\/p>\n<p><span style=\"font-weight: 400\">O n\u00famero de participantes \u00e9 limitado a 1,5 mil profissionais. As <\/span><a href=\"https:\/\/forms.gle\/j4kRNopgWBzwiDXGA\"><b>inscri\u00e7\u00f5es j\u00e1 est\u00e3o abertas<\/b><\/a><span style=\"font-weight: 400\"> e ser\u00e3o aceitas at\u00e9 o dia 30 de junho de 2020. Caso o n\u00famero de profissionais inscritos seja inferior a 1,5 mil, a Abraji abrir\u00e1 a participa\u00e7\u00e3o a uma <\/span><a href=\"https:\/\/forms.gle\/ygzNUihg97N7tfB56\"><span style=\"font-weight: 400\">lista de espera criada para estudantes de jornalismo<\/span><\/a><span style=\"font-weight: 400\">.<\/span><\/p>\n<p><span style=\"font-weight: 400\">A coordena\u00e7\u00e3o acad\u00eamica \u00e9 de S\u00e9rgio L\u00fcdtke, e a lista de professores e suas respectivas disciplinas \u00e9 a seguinte:<\/span><\/p>\n<p><b>Marcelo Beraba<\/b> <span style=\"font-weight: 400\">Fundamentos do Jornalismo<br \/>\n<\/span><b>Angela Pimenta<\/b> <span style=\"font-weight: 400\">\u00c9tica, independ\u00eancia e impacto<br \/>\n<\/span><b>Angelina Nunes<\/b> <span style=\"font-weight: 400\">Planejamento, apura\u00e7\u00e3o e edi\u00e7\u00e3o<br \/>\n<\/span><b>Amanda Rossi<\/b> <span style=\"font-weight: 400\">Jornalismo de dados<br \/>\n<\/span><b>Rodrigo Vizeu<\/b> <span style=\"font-weight: 400\">Podcast<br \/>\n<\/span><b>Arnaldo Carvalho<\/b> <span style=\"font-weight: 400\">V\u00eddeo<br \/>\n<\/span><b>Bruno Scartozzoni<\/b> <span style=\"font-weight: 400\">Storytelling<br \/>\n<\/span><b>Marina Atoji<\/b> <span style=\"font-weight: 400\">Lei de acesso \u00e0 informa\u00e7\u00e3o<br \/>\n<\/span><b>Nina Weingrill<\/b> <span style=\"font-weight: 400\">Jornalismo local<br \/>\n<\/span><b>Reinaldo Chaves<\/b> <span style=\"font-weight: 400\">Ferramentas Abraji<br \/>\n<\/span><b>Ana Brambilla<\/b> <span style=\"font-weight: 400\">Gest\u00e3o de comunidades e Jornalismo e redes sociais<br \/>\n<\/span><b>S\u00e9rgio L\u00fcdtke<\/b> <span style=\"font-weight: 400\">Monitoramento e Desinforma\u00e7\u00e3o<br \/>\n<\/span><b>Ta\u00eds Gasparian<\/b> <span style=\"font-weight: 400\">Quest\u00f5es legais na internet<br \/>\n<\/span><b>Raphael Hernandes<\/b> <span style=\"font-weight: 400\">Seguran\u00e7a digital<br \/>\n<\/span><b>Francisco Belda<\/b> <span style=\"font-weight: 400\">O neg\u00f3cio jornal\u00edstico<br \/>\n<\/span><b>Marco Migliavacca<\/b> <span style=\"font-weight: 400\">Modelos de neg\u00f3cios e No\u00e7\u00f5es de tecnologia para jornalistas<br \/>\n<\/span><b>Luciana Cardoso<\/b> <span style=\"font-weight: 400\">Produtos digitais<br \/>\n<\/span><b>Adriana Garcia<\/b> <span style=\"font-weight: 400\">Vis\u00e3o empreendedora<br \/>\n<\/span><b>Pedro Burgos<\/b> <span style=\"font-weight: 400\">Analytics<br \/>\n<\/span><b>L\u00edvia Vieira<\/b> <span style=\"font-weight: 400\">SEO<br \/>\n<\/span><b>Monica Marques<\/b> <span style=\"font-weight: 400\">Seguran\u00e7a pessoal e comunica\u00e7\u00e3o n\u00e3o-violenta<\/span><\/p>\n<p><span style=\"font-weight: 400\">Para complementar, <\/span><b>Elvira Lobato<\/b><span style=\"font-weight: 400\">, <\/span><b>Gabi Coelho<\/b><span style=\"font-weight: 400\"> e <\/span><b>Vagner de Alencar<\/b><span style=\"font-weight: 400\"> contribuem com depoimentos sobre sua experi\u00eancia com o jornalismo local.<\/span><\/p>\n<p><span style=\"font-weight: 400\">A <\/span><a href=\"http:\/\/www.abraji.org.br\/\"><b>Abraji<\/b><\/a><span style=\"font-weight: 400\"> \u00e9 uma institui\u00e7\u00e3o sem fins lucrativos que trabalha em defesa da liberdade de express\u00e3o e de imprensa, do acesso a informa\u00e7\u00f5es p\u00fablicas e na capacita\u00e7\u00e3o de jornalistas. Sua miss\u00e3o \u00e9 elevar a qualidade do jornalismo brasileiro como forma de contribuir para a consolida\u00e7\u00e3o da democracia no pa\u00eds. Desde 2002, quando a Abraji foi fundada, mais de 9.000 jornalistas j\u00e1 passaram por seus congressos, cursos e treinamentos.<\/span><\/p>\n<p><span style=\"font-weight: 400\">O <\/span><a href=\"https:\/\/facebookjournalismproject.com\/\"><b>Facebook Journalism Project<\/b><\/a><span style=\"font-weight: 400\"> \u00e9 uma iniciativa do Facebook que busca fortalecer as comunidades, conectando as pessoas ao jornalismo que importa para elas por meio de treinamentos, programas e parcerias.<\/span><\/p>\n","protected":false},"excerpt":{"rendered":"O curso Jornalismo Local Sustent\u00e1vel \u00e9 gratuito, ter\u00e1 40 horas\/aula e abranger\u00e1 temas como t\u00e9cnicas de apura\u00e7\u00e3o, novas linguagens, ferramentas digitais, empreendedorismo e modelos de neg\u00f3cios A Associa\u00e7\u00e3o Brasileira de Jornalismo Investigativo (Abraji) est\u00e1 relan\u00e7ando, com apoio do Facebook Journalism Project, o curso online Jornalismo Local Sustent\u00e1vel, destinado a profissionais que trabalhem em meios de comunica\u00e7\u00e3o de abrang\u00eancia local ou que tenham projetos para empreender nesse setor. Gratuito e aberto a jornalistas, o curso \u00e9 uma reedi\u00e7\u00e3o do programa de 2019, que teve 3,5 mil inscritos. A edi\u00e7\u00e3o deste ano ter\u00e1 os mesmos conte\u00fados e ser\u00e1 realizada em oito semanas, entre 6 de julho e 28 de agosto.\u00a0 O conte\u00fado ser\u00e1 desenvolvido em quatro m\u00f3dulos: Jornalismo local de qualidade; Territ\u00f3rios e comunidades; Ferramentas digitais para jornalistas; e Jornalismo economicamente sustent\u00e1vel. Nesses m\u00f3dulos, os participantes ser\u00e3o conduzidos por uma equipe de professores experientes para revisar os fundamentos do jornalismo; explorar novas linguagens como dados, podcasts e v\u00eddeo produzido com smartphones; dominar t\u00e9cnicas para analisar redes sociais e fazer gest\u00e3o de comunidades de leitores; conhecer ferramentas digitais que dar\u00e3o produtividade ao trabalho jornal\u00edstico; entender como funciona uma empresa de m\u00eddia e seus modelos de neg\u00f3cios; e aprender a usar t\u00e9cnicas e ferramentas para medi\u00e7\u00e3o de audi\u00eancia.\u00a0\u00a0 Para o presidente da Abraji, Marcelo Tr\u00e4sel, &#8220;a exist\u00eancia de ve\u00edculos de imprensa saud\u00e1veis nos munic\u00edpios \u00e9 fundamental para a democracia, porque \u00e9 nos munic\u00edpios que a cidadania acontece todos os dias. Pesquisas mostram que nas cidades onde h\u00e1 jornalismo independente, h\u00e1 menos casos de mau uso do dinheiro p\u00fablico. Al\u00e9m disso, o contato com o jornal, emissora ou website local \u00e9 uma forma do cidad\u00e3o conhecer na pr\u00e1tica o trabalho dos jornalistas, o que pode contribuir para aumentar a credibilidade na imprensa como um todo.&#8221;\u00a0 &#8220;O apoio a projetos que fortale\u00e7am o jornalismo local \u00e9 parte essencial do trabalho realizado pelo Facebook Journalism Project. Desde sua primeira edi\u00e7\u00e3o, al\u00e9m de ser um recurso para jornalistas, o curso se tornou um espa\u00e7o para a cria\u00e7\u00e3o de uma comunidade de troca de ideias e solu\u00e7\u00f5es sobre os desafios que a imprensa enfrenta na atualidade. Junto com o Acelerador de Not\u00edcias Locais, em que participam 10 ve\u00edculos de comunica\u00e7\u00e3o de diferentes regi\u00f5es do pa\u00eds, essa iniciativa \u00e9 parte importante do nosso apoio \u00e0 imprensa brasileira&#8221;, afirma a gerente de desenvolvimento de parcerias estrat\u00e9gicas de not\u00edcias do Facebook para a Am\u00e9rica Latina, Dulce Ramos. Os conte\u00fados estar\u00e3o dispon\u00edveis em formato de v\u00eddeo, texto e indica\u00e7\u00f5es de leitura complementar. Al\u00e9m das disciplinas do programa, os participantes ter\u00e3o acesso a conte\u00fados educativos do Facebook. O n\u00famero de participantes \u00e9 limitado a 1,5 mil profissionais. As inscri\u00e7\u00f5es j\u00e1 est\u00e3o abertas e ser\u00e3o aceitas at\u00e9 o dia 30 de junho de 2020. Caso o n\u00famero de profissionais inscritos seja inferior a 1,5 mil, a Abraji abrir\u00e1 a participa\u00e7\u00e3o a uma lista de espera criada para estudantes de jornalismo. A coordena\u00e7\u00e3o acad\u00eamica \u00e9 de S\u00e9rgio L\u00fcdtke, e a lista de professores e suas respectivas disciplinas \u00e9 a seguinte: Marcelo Beraba Fundamentos do Jornalismo Angela Pimenta \u00c9tica, independ\u00eancia e impacto Angelina Nunes Planejamento, apura\u00e7\u00e3o e edi\u00e7\u00e3o Amanda Rossi Jornalismo de dados Rodrigo Vizeu Podcast Arnaldo Carvalho V\u00eddeo Bruno Scartozzoni Storytelling Marina Atoji Lei de acesso \u00e0 informa\u00e7\u00e3o Nina Weingrill Jornalismo local Reinaldo Chaves Ferramentas Abraji Ana Brambilla Gest\u00e3o de comunidades e Jornalismo e redes sociais S\u00e9rgio L\u00fcdtke Monitoramento e Desinforma\u00e7\u00e3o Ta\u00eds Gasparian Quest\u00f5es legais na internet Raphael Hernandes Seguran\u00e7a digital Francisco Belda O neg\u00f3cio jornal\u00edstico Marco Migliavacca Modelos de neg\u00f3cios e No\u00e7\u00f5es de tecnologia para jornalistas Luciana Cardoso Produtos digitais Adriana Garcia Vis\u00e3o empreendedora Pedro Burgos Analytics L\u00edvia Vieira SEO Monica Marques Seguran\u00e7a pessoal e comunica\u00e7\u00e3o n\u00e3o-violenta Para complementar, Elvira Lobato, Gabi Coelho e Vagner de Alencar contribuem com depoimentos sobre sua experi\u00eancia com o jornalismo local. A Abraji \u00e9 uma institui\u00e7\u00e3o sem fins lucrativos que trabalha em defesa da liberdade de express\u00e3o e de imprensa, do acesso a informa\u00e7\u00f5es p\u00fablicas e na capacita\u00e7\u00e3o de jornalistas. Sua miss\u00e3o \u00e9 elevar a qualidade do jornalismo brasileiro como forma de contribuir para a consolida\u00e7\u00e3o da democracia no pa\u00eds. Desde 2002, quando a Abraji foi fundada, mais de 9.000 jornalistas j\u00e1 passaram por seus congressos, cursos e treinamentos. O Facebook Journalism Project \u00e9 uma iniciativa do Facebook que busca fortalecer as comunidades, conectando as pessoas ao jornalismo que importa para elas por meio de treinamentos, programas e parcerias.","protected":false},"author":81109636,"featured_media":0,"comment_status":"closed","ping_status":"closed","sticky":false,"template":"","format":"standard","meta":{"_jetpack_memberships_contains_paid_content":false,"footnotes":""},"categories":[1],"tags":[],"class_list":["post-21563","post","type-post","status-publish","format-standard","hentry","category-recent-news"],"yoast_head":"<!-- This site is optimized with the Yoast SEO plugin v27.2 - https:\/\/yoast.com\/product\/yoast-seo-wordpress\/ -->\n<title>Abraji abre nova turma para o curso online Jornalismo Local Sustent\u00e1vel com apoio do Facebook | Sobre a Meta<\/title>\n<meta name=\"robots\" content=\"index, follow, max-snippet:-1, max-image-preview:large, max-video-preview:-1\" \/>\n<link rel=\"canonical\" href=\"https:\/\/about.fb.com\/br\/news\/2020\/06\/abraji-abre-nova-turma-para-o-curso-online-jornalismo-local-sustentavel-com-apoio-do-facebook\/\" \/>\n<meta property=\"og:locale\" content=\"pt_BR\" \/>\n<meta property=\"og:type\" content=\"article\" \/>\n<meta property=\"og:title\" content=\"Abraji abre nova turma para o curso online Jornalismo Local Sustent\u00e1vel com apoio do Facebook | Sobre a Meta\" \/>\n<meta property=\"og:description\" content=\"O curso Jornalismo Local Sustent\u00e1vel \u00e9 gratuito, ter\u00e1 40 horas\/aula e abranger\u00e1 temas como t\u00e9cnicas de apura\u00e7\u00e3o, novas linguagens, ferramentas digitais, empreendedorismo e modelos de neg\u00f3cios A Associa\u00e7\u00e3o Brasileira de Jornalismo Investigativo (Abraji) est\u00e1 relan\u00e7ando, com apoio do Facebook Journalism Project, o curso online Jornalismo Local Sustent\u00e1vel, destinado a profissionais que trabalhem em meios de comunica\u00e7\u00e3o de abrang\u00eancia local ou que tenham projetos para empreender nesse setor. Gratuito e aberto a jornalistas, o curso \u00e9 uma reedi\u00e7\u00e3o do programa de 2019, que teve 3,5 mil inscritos. A edi\u00e7\u00e3o deste ano ter\u00e1 os mesmos conte\u00fados e ser\u00e1 realizada em oito semanas, entre 6 de julho e 28 de agosto.\u00a0 O conte\u00fado ser\u00e1 desenvolvido em quatro m\u00f3dulos: Jornalismo local de qualidade; Territ\u00f3rios e comunidades; Ferramentas digitais para jornalistas; e Jornalismo economicamente sustent\u00e1vel. Nesses m\u00f3dulos, os participantes ser\u00e3o conduzidos por uma equipe de professores experientes para revisar os fundamentos do jornalismo; explorar novas linguagens como dados, podcasts e v\u00eddeo produzido com smartphones; dominar t\u00e9cnicas para analisar redes sociais e fazer gest\u00e3o de comunidades de leitores; conhecer ferramentas digitais que dar\u00e3o produtividade ao trabalho jornal\u00edstico; entender como funciona uma empresa de m\u00eddia e seus modelos de neg\u00f3cios; e aprender a usar t\u00e9cnicas e ferramentas para medi\u00e7\u00e3o de audi\u00eancia.\u00a0\u00a0 Para o presidente da Abraji, Marcelo Tr\u00e4sel, &#8220;a exist\u00eancia de ve\u00edculos de imprensa saud\u00e1veis nos munic\u00edpios \u00e9 fundamental para a democracia, porque \u00e9 nos munic\u00edpios que a cidadania acontece todos os dias. Pesquisas mostram que nas cidades onde h\u00e1 jornalismo independente, h\u00e1 menos casos de mau uso do dinheiro p\u00fablico. Al\u00e9m disso, o contato com o jornal, emissora ou website local \u00e9 uma forma do cidad\u00e3o conhecer na pr\u00e1tica o trabalho dos jornalistas, o que pode contribuir para aumentar a credibilidade na imprensa como um todo.&#8221;\u00a0 &#8220;O apoio a projetos que fortale\u00e7am o jornalismo local \u00e9 parte essencial do trabalho realizado pelo Facebook Journalism Project. Desde sua primeira edi\u00e7\u00e3o, al\u00e9m de ser um recurso para jornalistas, o curso se tornou um espa\u00e7o para a cria\u00e7\u00e3o de uma comunidade de troca de ideias e solu\u00e7\u00f5es sobre os desafios que a imprensa enfrenta na atualidade. Junto com o Acelerador de Not\u00edcias Locais, em que participam 10 ve\u00edculos de comunica\u00e7\u00e3o de diferentes regi\u00f5es do pa\u00eds, essa iniciativa \u00e9 parte importante do nosso apoio \u00e0 imprensa brasileira&#8221;, afirma a gerente de desenvolvimento de parcerias estrat\u00e9gicas de not\u00edcias do Facebook para a Am\u00e9rica Latina, Dulce Ramos. Os conte\u00fados estar\u00e3o dispon\u00edveis em formato de v\u00eddeo, texto e indica\u00e7\u00f5es de leitura complementar. Al\u00e9m das disciplinas do programa, os participantes ter\u00e3o acesso a conte\u00fados educativos do Facebook. O n\u00famero de participantes \u00e9 limitado a 1,5 mil profissionais. As inscri\u00e7\u00f5es j\u00e1 est\u00e3o abertas e ser\u00e3o aceitas at\u00e9 o dia 30 de junho de 2020. Caso o n\u00famero de profissionais inscritos seja inferior a 1,5 mil, a Abraji abrir\u00e1 a participa\u00e7\u00e3o a uma lista de espera criada para estudantes de jornalismo. A coordena\u00e7\u00e3o acad\u00eamica \u00e9 de S\u00e9rgio L\u00fcdtke, e a lista de professores e suas respectivas disciplinas \u00e9 a seguinte: Marcelo Beraba Fundamentos do Jornalismo Angela Pimenta \u00c9tica, independ\u00eancia e impacto Angelina Nunes Planejamento, apura\u00e7\u00e3o e edi\u00e7\u00e3o Amanda Rossi Jornalismo de dados Rodrigo Vizeu Podcast Arnaldo Carvalho V\u00eddeo Bruno Scartozzoni Storytelling Marina Atoji Lei de acesso \u00e0 informa\u00e7\u00e3o Nina Weingrill Jornalismo local Reinaldo Chaves Ferramentas Abraji Ana Brambilla Gest\u00e3o de comunidades e Jornalismo e redes sociais S\u00e9rgio L\u00fcdtke Monitoramento e Desinforma\u00e7\u00e3o Ta\u00eds Gasparian Quest\u00f5es legais na internet Raphael Hernandes Seguran\u00e7a digital Francisco Belda O neg\u00f3cio jornal\u00edstico Marco Migliavacca Modelos de neg\u00f3cios e No\u00e7\u00f5es de tecnologia para jornalistas Luciana Cardoso Produtos digitais Adriana Garcia Vis\u00e3o empreendedora Pedro Burgos Analytics L\u00edvia Vieira SEO Monica Marques Seguran\u00e7a pessoal e comunica\u00e7\u00e3o n\u00e3o-violenta Para complementar, Elvira Lobato, Gabi Coelho e Vagner de Alencar contribuem com depoimentos sobre sua experi\u00eancia com o jornalismo local. A Abraji \u00e9 uma institui\u00e7\u00e3o sem fins lucrativos que trabalha em defesa da liberdade de express\u00e3o e de imprensa, do acesso a informa\u00e7\u00f5es p\u00fablicas e na capacita\u00e7\u00e3o de jornalistas. Sua miss\u00e3o \u00e9 elevar a qualidade do jornalismo brasileiro como forma de contribuir para a consolida\u00e7\u00e3o da democracia no pa\u00eds. Desde 2002, quando a Abraji foi fundada, mais de 9.000 jornalistas j\u00e1 passaram por seus congressos, cursos e treinamentos. O Facebook Journalism Project \u00e9 uma iniciativa do Facebook que busca fortalecer as comunidades, conectando as pessoas ao jornalismo que importa para elas por meio de treinamentos, programas e parcerias.\" \/>\n<meta property=\"og:url\" content=\"https:\/\/about.fb.com\/br\/news\/2020\/06\/abraji-abre-nova-turma-para-o-curso-online-jornalismo-local-sustentavel-com-apoio-do-facebook\/\" \/>\n<meta property=\"og:site_name\" content=\"Sobre a Meta\" \/>\n<meta property=\"article:published_time\" content=\"2020-06-23T14:24:20+00:00\" \/>\n<meta property=\"article:modified_time\" content=\"2021-06-17T13:08:24+00:00\" \/>\n<meta property=\"og:image\" content=\"https:\/\/about.fb.com\/br\/wp-content\/uploads\/sites\/11\/2021\/10\/meta-social-16x9-1.jpg?resize=1024,576\" \/>\n\t<meta property=\"og:image:width\" content=\"1024\" \/>\n\t<meta property=\"og:image:height\" content=\"576\" \/>\n\t<meta property=\"og:image:type\" content=\"image\/jpeg\" \/>\n<meta name=\"author\" content=\"facebookbr\" \/>\n<meta name=\"twitter:card\" content=\"summary_large_image\" \/>\n<meta name=\"twitter:label1\" content=\"Written by\" \/>\n\t<meta name=\"twitter:data1\" content=\"Meta\" \/>\n\t<meta name=\"twitter:label2\" content=\"Est. reading time\" \/>\n\t<meta name=\"twitter:data2\" content=\"4 minutos\" \/>\n<script type=\"application\/ld+json\" class=\"yoast-schema-graph\">{\"@context\":\"https:\/\/schema.org\",\"@graph\":[{\"@type\":\"Article\",\"@id\":\"https:\/\/about.fb.com\/br\/news\/2020\/06\/abraji-abre-nova-turma-para-o-curso-online-jornalismo-local-sustentavel-com-apoio-do-facebook\/#article\",\"isPartOf\":{\"@id\":\"https:\/\/about.fb.com\/br\/news\/2020\/06\/abraji-abre-nova-turma-para-o-curso-online-jornalismo-local-sustentavel-com-apoio-do-facebook\/\"},\"author\":\"Facebook company\",\"headline\":\"Abraji abre nova turma para o curso online Jornalismo Local Sustent\u00e1vel com apoio do Facebook\",\"datePublished\":\"2020-06-23T14:24:20+00:00\",\"dateModified\":\"2021-06-17T13:08:24+00:00\",\"mainEntityOfPage\":{\"@id\":\"https:\/\/about.fb.com\/br\/news\/2020\/06\/abraji-abre-nova-turma-para-o-curso-online-jornalismo-local-sustentavel-com-apoio-do-facebook\/\"},\"wordCount\":810,\"publisher\":{\"@id\":\"https:\/\/about.fb.com\/br\/#organization\"},\"articleSection\":[\"Recent News\"],\"inLanguage\":\"pt-BR\"},{\"@type\":\"WebPage\",\"@id\":\"https:\/\/about.fb.com\/br\/news\/2020\/06\/abraji-abre-nova-turma-para-o-curso-online-jornalismo-local-sustentavel-com-apoio-do-facebook\/\",\"url\":\"https:\/\/about.fb.com\/br\/news\/2020\/06\/abraji-abre-nova-turma-para-o-curso-online-jornalismo-local-sustentavel-com-apoio-do-facebook\/\",\"name\":\"Abraji abre nova turma para o curso online Jornalismo Local Sustent\u00e1vel com apoio do Facebook | Sobre a Meta\",\"isPartOf\":{\"@id\":\"https:\/\/about.fb.com\/br\/#website\"},\"datePublished\":\"2020-06-23T14:24:20+00:00\",\"dateModified\":\"2021-06-17T13:08:24+00:00\",\"breadcrumb\":{\"@id\":\"https:\/\/about.fb.com\/br\/news\/2020\/06\/abraji-abre-nova-turma-para-o-curso-online-jornalismo-local-sustentavel-com-apoio-do-facebook\/#breadcrumb\"},\"inLanguage\":\"pt-BR\",\"potentialAction\":[{\"@type\":\"ReadAction\",\"target\":[\"https:\/\/about.fb.com\/br\/news\/2020\/06\/abraji-abre-nova-turma-para-o-curso-online-jornalismo-local-sustentavel-com-apoio-do-facebook\/\"]}],\"author\":\"Sobre a Meta\"},{\"@type\":\"BreadcrumbList\",\"@id\":\"https:\/\/about.fb.com\/br\/news\/2020\/06\/abraji-abre-nova-turma-para-o-curso-online-jornalismo-local-sustentavel-com-apoio-do-facebook\/#breadcrumb\",\"itemListElement\":[{\"@type\":\"ListItem\",\"position\":1,\"name\":\"Home\",\"item\":\"https:\/\/about.fb.com\/br\/\"},{\"@type\":\"ListItem\",\"position\":2,\"name\":\"Abraji abre nova turma para o curso online Jornalismo Local Sustent\u00e1vel com apoio do Facebook\"}]},{\"@type\":\"WebSite\",\"@id\":\"https:\/\/about.fb.com\/br\/#website\",\"url\":\"https:\/\/about.fb.com\/news\/\",\"name\":\"Sobre a Meta\",\"description\":\"\",\"publisher\":{\"@id\":\"https:\/\/about.fb.com\/br\/#organization\"},\"potentialAction\":[{\"@type\":\"SearchAction\",\"target\":{\"@type\":\"EntryPoint\",\"urlTemplate\":\"https:\/\/about.fb.com\/br\/?s={search_term_string}\"},\"query-input\":{\"@type\":\"PropertyValueSpecification\",\"valueRequired\":true,\"valueName\":\"search_term_string\"}}],\"inLanguage\":\"pt-BR\",\"alternateName\":[\"Meta Newsroom\",\"Meta\"]},{\"@type\":\"Organization\",\"@id\":\"https:\/\/about.fb.com\/br\/#organization\",\"name\":\"Meta\",\"url\":\"https:\/\/about.fb.com\/br\/\",\"logo\":{\"@type\":\"ImageObject\",\"inLanguage\":\"pt-BR\",\"@id\":\"https:\/\/about.fb.com\/br\/#\/schema\/logo\/image\/\",\"url\":\"https:\/\/about.fb.com\/br\/wp-content\/uploads\/sites\/11\/2021\/10\/meta-social-16x9-1.jpg?fit=8000%2C4500\",\"contentUrl\":\"https:\/\/about.fb.com\/br\/wp-content\/uploads\/sites\/11\/2021\/10\/meta-social-16x9-1.jpg?fit=8000%2C4500\",\"width\":8000,\"height\":4500,\"caption\":\"Meta\"},\"image\":{\"@id\":\"https:\/\/about.fb.com\/br\/#\/schema\/logo\/image\/\"}}]}<\/script>\n<!-- \/ Yoast SEO plugin. -->","yoast_head_json":{"title":"Abraji abre nova turma para o curso online Jornalismo Local Sustent\u00e1vel com apoio do Facebook | Sobre a Meta","robots":{"index":"index","follow":"follow","max-snippet":"max-snippet:-1","max-image-preview":"max-image-preview:large","max-video-preview":"max-video-preview:-1"},"canonical":"https:\/\/about.fb.com\/br\/news\/2020\/06\/abraji-abre-nova-turma-para-o-curso-online-jornalismo-local-sustentavel-com-apoio-do-facebook\/","og_locale":"pt_BR","og_type":"article","og_title":"Abraji abre nova turma para o curso online Jornalismo Local Sustent\u00e1vel com apoio do Facebook | Sobre a Meta","og_description":"O curso Jornalismo Local Sustent\u00e1vel \u00e9 gratuito, ter\u00e1 40 horas\/aula e abranger\u00e1 temas como t\u00e9cnicas de apura\u00e7\u00e3o, novas linguagens, ferramentas digitais, empreendedorismo e modelos de neg\u00f3cios A Associa\u00e7\u00e3o Brasileira de Jornalismo Investigativo (Abraji) est\u00e1 relan\u00e7ando, com apoio do Facebook Journalism Project, o curso online Jornalismo Local Sustent\u00e1vel, destinado a profissionais que trabalhem em meios de comunica\u00e7\u00e3o de abrang\u00eancia local ou que tenham projetos para empreender nesse setor. Gratuito e aberto a jornalistas, o curso \u00e9 uma reedi\u00e7\u00e3o do programa de 2019, que teve 3,5 mil inscritos. A edi\u00e7\u00e3o deste ano ter\u00e1 os mesmos conte\u00fados e ser\u00e1 realizada em oito semanas, entre 6 de julho e 28 de agosto.\u00a0 O conte\u00fado ser\u00e1 desenvolvido em quatro m\u00f3dulos: Jornalismo local de qualidade; Territ\u00f3rios e comunidades; Ferramentas digitais para jornalistas; e Jornalismo economicamente sustent\u00e1vel. Nesses m\u00f3dulos, os participantes ser\u00e3o conduzidos por uma equipe de professores experientes para revisar os fundamentos do jornalismo; explorar novas linguagens como dados, podcasts e v\u00eddeo produzido com smartphones; dominar t\u00e9cnicas para analisar redes sociais e fazer gest\u00e3o de comunidades de leitores; conhecer ferramentas digitais que dar\u00e3o produtividade ao trabalho jornal\u00edstico; entender como funciona uma empresa de m\u00eddia e seus modelos de neg\u00f3cios; e aprender a usar t\u00e9cnicas e ferramentas para medi\u00e7\u00e3o de audi\u00eancia.\u00a0\u00a0 Para o presidente da Abraji, Marcelo Tr\u00e4sel, &#8220;a exist\u00eancia de ve\u00edculos de imprensa saud\u00e1veis nos munic\u00edpios \u00e9 fundamental para a democracia, porque \u00e9 nos munic\u00edpios que a cidadania acontece todos os dias. Pesquisas mostram que nas cidades onde h\u00e1 jornalismo independente, h\u00e1 menos casos de mau uso do dinheiro p\u00fablico. Al\u00e9m disso, o contato com o jornal, emissora ou website local \u00e9 uma forma do cidad\u00e3o conhecer na pr\u00e1tica o trabalho dos jornalistas, o que pode contribuir para aumentar a credibilidade na imprensa como um todo.&#8221;\u00a0 &#8220;O apoio a projetos que fortale\u00e7am o jornalismo local \u00e9 parte essencial do trabalho realizado pelo Facebook Journalism Project. Desde sua primeira edi\u00e7\u00e3o, al\u00e9m de ser um recurso para jornalistas, o curso se tornou um espa\u00e7o para a cria\u00e7\u00e3o de uma comunidade de troca de ideias e solu\u00e7\u00f5es sobre os desafios que a imprensa enfrenta na atualidade. Junto com o Acelerador de Not\u00edcias Locais, em que participam 10 ve\u00edculos de comunica\u00e7\u00e3o de diferentes regi\u00f5es do pa\u00eds, essa iniciativa \u00e9 parte importante do nosso apoio \u00e0 imprensa brasileira&#8221;, afirma a gerente de desenvolvimento de parcerias estrat\u00e9gicas de not\u00edcias do Facebook para a Am\u00e9rica Latina, Dulce Ramos. Os conte\u00fados estar\u00e3o dispon\u00edveis em formato de v\u00eddeo, texto e indica\u00e7\u00f5es de leitura complementar. Al\u00e9m das disciplinas do programa, os participantes ter\u00e3o acesso a conte\u00fados educativos do Facebook. O n\u00famero de participantes \u00e9 limitado a 1,5 mil profissionais. As inscri\u00e7\u00f5es j\u00e1 est\u00e3o abertas e ser\u00e3o aceitas at\u00e9 o dia 30 de junho de 2020. Caso o n\u00famero de profissionais inscritos seja inferior a 1,5 mil, a Abraji abrir\u00e1 a participa\u00e7\u00e3o a uma lista de espera criada para estudantes de jornalismo. A coordena\u00e7\u00e3o acad\u00eamica \u00e9 de S\u00e9rgio L\u00fcdtke, e a lista de professores e suas respectivas disciplinas \u00e9 a seguinte: Marcelo Beraba Fundamentos do Jornalismo Angela Pimenta \u00c9tica, independ\u00eancia e impacto Angelina Nunes Planejamento, apura\u00e7\u00e3o e edi\u00e7\u00e3o Amanda Rossi Jornalismo de dados Rodrigo Vizeu Podcast Arnaldo Carvalho V\u00eddeo Bruno Scartozzoni Storytelling Marina Atoji Lei de acesso \u00e0 informa\u00e7\u00e3o Nina Weingrill Jornalismo local Reinaldo Chaves Ferramentas Abraji Ana Brambilla Gest\u00e3o de comunidades e Jornalismo e redes sociais S\u00e9rgio L\u00fcdtke Monitoramento e Desinforma\u00e7\u00e3o Ta\u00eds Gasparian Quest\u00f5es legais na internet Raphael Hernandes Seguran\u00e7a digital Francisco Belda O neg\u00f3cio jornal\u00edstico Marco Migliavacca Modelos de neg\u00f3cios e No\u00e7\u00f5es de tecnologia para jornalistas Luciana Cardoso Produtos digitais Adriana Garcia Vis\u00e3o empreendedora Pedro Burgos Analytics L\u00edvia Vieira SEO Monica Marques Seguran\u00e7a pessoal e comunica\u00e7\u00e3o n\u00e3o-violenta Para complementar, Elvira Lobato, Gabi Coelho e Vagner de Alencar contribuem com depoimentos sobre sua experi\u00eancia com o jornalismo local. A Abraji \u00e9 uma institui\u00e7\u00e3o sem fins lucrativos que trabalha em defesa da liberdade de express\u00e3o e de imprensa, do acesso a informa\u00e7\u00f5es p\u00fablicas e na capacita\u00e7\u00e3o de jornalistas. Sua miss\u00e3o \u00e9 elevar a qualidade do jornalismo brasileiro como forma de contribuir para a consolida\u00e7\u00e3o da democracia no pa\u00eds. Desde 2002, quando a Abraji foi fundada, mais de 9.000 jornalistas j\u00e1 passaram por seus congressos, cursos e treinamentos. O Facebook Journalism Project \u00e9 uma iniciativa do Facebook que busca fortalecer as comunidades, conectando as pessoas ao jornalismo que importa para elas por meio de treinamentos, programas e parcerias.","og_url":"https:\/\/about.fb.com\/br\/news\/2020\/06\/abraji-abre-nova-turma-para-o-curso-online-jornalismo-local-sustentavel-com-apoio-do-facebook\/","og_site_name":"Sobre a Meta","article_published_time":"2020-06-23T14:24:20+00:00","article_modified_time":"2021-06-17T13:08:24+00:00","og_image":[{"width":1024,"height":576,"url":"https:\/\/about.fb.com\/br\/wp-content\/uploads\/sites\/11\/2021\/10\/meta-social-16x9-1.jpg?resize=1024,576","type":"image\/jpeg"}],"author":"facebookbr","twitter_card":"summary_large_image","twitter_misc":{"Written by":"Meta","Est. reading time":"4 minutos"},"schema":{"@context":"https:\/\/schema.org","@graph":[{"@type":"Article","@id":"https:\/\/about.fb.com\/br\/news\/2020\/06\/abraji-abre-nova-turma-para-o-curso-online-jornalismo-local-sustentavel-com-apoio-do-facebook\/#article","isPartOf":{"@id":"https:\/\/about.fb.com\/br\/news\/2020\/06\/abraji-abre-nova-turma-para-o-curso-online-jornalismo-local-sustentavel-com-apoio-do-facebook\/"},"author":"Facebook company","headline":"Abraji abre nova turma para o curso online Jornalismo Local Sustent\u00e1vel com apoio do Facebook","datePublished":"2020-06-23T14:24:20+00:00","dateModified":"2021-06-17T13:08:24+00:00","mainEntityOfPage":{"@id":"https:\/\/about.fb.com\/br\/news\/2020\/06\/abraji-abre-nova-turma-para-o-curso-online-jornalismo-local-sustentavel-com-apoio-do-facebook\/"},"wordCount":810,"publisher":{"@id":"https:\/\/about.fb.com\/br\/#organization"},"articleSection":["Recent News"],"inLanguage":"pt-BR"},{"@type":"WebPage","@id":"https:\/\/about.fb.com\/br\/news\/2020\/06\/abraji-abre-nova-turma-para-o-curso-online-jornalismo-local-sustentavel-com-apoio-do-facebook\/","url":"https:\/\/about.fb.com\/br\/news\/2020\/06\/abraji-abre-nova-turma-para-o-curso-online-jornalismo-local-sustentavel-com-apoio-do-facebook\/","name":"Abraji abre nova turma para o curso online Jornalismo Local Sustent\u00e1vel com apoio do Facebook | Sobre a Meta","isPartOf":{"@id":"https:\/\/about.fb.com\/br\/#website"},"datePublished":"2020-06-23T14:24:20+00:00","dateModified":"2021-06-17T13:08:24+00:00","breadcrumb":{"@id":"https:\/\/about.fb.com\/br\/news\/2020\/06\/abraji-abre-nova-turma-para-o-curso-online-jornalismo-local-sustentavel-com-apoio-do-facebook\/#breadcrumb"},"inLanguage":"pt-BR","potentialAction":[{"@type":"ReadAction","target":["https:\/\/about.fb.com\/br\/news\/2020\/06\/abraji-abre-nova-turma-para-o-curso-online-jornalismo-local-sustentavel-com-apoio-do-facebook\/"]}],"author":"Sobre a Meta"},{"@type":"BreadcrumbList","@id":"https:\/\/about.fb.com\/br\/news\/2020\/06\/abraji-abre-nova-turma-para-o-curso-online-jornalismo-local-sustentavel-com-apoio-do-facebook\/#breadcrumb","itemListElement":[{"@type":"ListItem","position":1,"name":"Home","item":"https:\/\/about.fb.com\/br\/"},{"@type":"ListItem","position":2,"name":"Abraji abre nova turma para o curso online Jornalismo Local Sustent\u00e1vel com apoio do Facebook"}]},{"@type":"WebSite","@id":"https:\/\/about.fb.com\/br\/#website","url":"https:\/\/about.fb.com\/news\/","name":"Sobre a Meta","description":"","publisher":{"@id":"https:\/\/about.fb.com\/br\/#organization"},"potentialAction":[{"@type":"SearchAction","target":{"@type":"EntryPoint","urlTemplate":"https:\/\/about.fb.com\/br\/?s={search_term_string}"},"query-input":{"@type":"PropertyValueSpecification","valueRequired":true,"valueName":"search_term_string"}}],"inLanguage":"pt-BR","alternateName":["Meta Newsroom","Meta"]},{"@type":"Organization","@id":"https:\/\/about.fb.com\/br\/#organization","name":"Meta","url":"https:\/\/about.fb.com\/br\/","logo":{"@type":"ImageObject","inLanguage":"pt-BR","@id":"https:\/\/about.fb.com\/br\/#\/schema\/logo\/image\/","url":"https:\/\/about.fb.com\/br\/wp-content\/uploads\/sites\/11\/2021\/10\/meta-social-16x9-1.jpg?fit=8000%2C4500","contentUrl":"https:\/\/about.fb.com\/br\/wp-content\/uploads\/sites\/11\/2021\/10\/meta-social-16x9-1.jpg?fit=8000%2C4500","width":8000,"height":4500,"caption":"Meta"},"image":{"@id":"https:\/\/about.fb.com\/br\/#\/schema\/logo\/image\/"}}]}},"jetpack_featured_media_url":"","jetpack-related-posts":[{"id":26975,"url":"https:\/\/about.fb.com\/br\/news\/2026\/01\/protecao-de-privacidade-mais-recente-do-whatsapp-configuracoes-rigorosas-da-conta\/","url_meta":{"origin":21563,"position":0},"title":"Prote\u00e7\u00e3o de privacidade mais recente do WhatsApp: configura\u00e7\u00f5es rigorosas da conta","author":"Meta","date":"27\/01\/2026","format":false,"excerpt":"N\u00f3s acreditamos que as pessoas devem conseguir ter conversas privadas no WhatsApp, assim como fazem na vida real. Sempre defenderemos o direito \u00e0 privacidade para todos, come\u00e7ando com a criptografia de ponta a ponta padr\u00e3o. Contudo, para al\u00e9m disso, sabemos que algumas pessoas que usam nossos servi\u00e7os, como jornalistas ou\u2026","rel":"","context":"In &quot;WhatsApp&quot;","block_context":{"text":"WhatsApp","link":"https:\/\/about.fb.com\/br\/news\/category\/technologies\/whatsapp\/"},"img":{"alt_text":"","src":"https:\/\/about.fb.com\/br\/wp-content\/uploads\/sites\/11\/2026\/01\/WhatsApp_Protecao-de-Seguranca.jpg?fit=1920%2C1080&resize=350%2C200","width":350,"height":200,"srcset":"https:\/\/about.fb.com\/br\/wp-content\/uploads\/sites\/11\/2026\/01\/WhatsApp_Protecao-de-Seguranca.jpg?fit=1920%2C1080&resize=350%2C200 1x, https:\/\/about.fb.com\/br\/wp-content\/uploads\/sites\/11\/2026\/01\/WhatsApp_Protecao-de-Seguranca.jpg?fit=1920%2C1080&resize=525%2C300 1.5x, https:\/\/about.fb.com\/br\/wp-content\/uploads\/sites\/11\/2026\/01\/WhatsApp_Protecao-de-Seguranca.jpg?fit=1920%2C1080&resize=700%2C400 2x, https:\/\/about.fb.com\/br\/wp-content\/uploads\/sites\/11\/2026\/01\/WhatsApp_Protecao-de-Seguranca.jpg?fit=1920%2C1080&resize=1050%2C600 3x, https:\/\/about.fb.com\/br\/wp-content\/uploads\/sites\/11\/2026\/01\/WhatsApp_Protecao-de-Seguranca.jpg?fit=1920%2C1080&resize=1400%2C800 4x"},"classes":[]},{"id":26313,"url":"https:\/\/about.fb.com\/br\/news\/2025\/04\/o-caso-da-ftc-contra-a-meta-e-fragil-e-ignora-a-realidade\/","url_meta":{"origin":21563,"position":1},"title":"O caso da FTC contra a Meta \u00e9 fr\u00e1gil e ignora a realidade","author":"Meta","date":"14\/04\/2025","format":false,"excerpt":"Por Jennifer Newstead, Chief Legal Officer Na segunda-feira, 14 de abril, come\u00e7ar\u00e1 o julgamento do fr\u00e1gil processo antitruste movido pela FTC, tentando desfazer as aquisi\u00e7\u00f5es do Instagram e do WhatsApp que foram aprovadas h\u00e1 mais de 10 anos. O caso da FTC ignora como o mercado realmente funciona e busca\u2026","rel":"","context":"In &quot;Facebook&quot;","block_context":{"text":"Facebook","link":"https:\/\/about.fb.com\/br\/news\/category\/technologies\/facebook\/"},"img":{"alt_text":"","src":"https:\/\/about.fb.com\/br\/wp-content\/uploads\/sites\/11\/2025\/04\/Screenshot-2025-04-14-at-10.35.14.png?fit=1568%2C878&resize=350%2C200","width":350,"height":200,"srcset":"https:\/\/about.fb.com\/br\/wp-content\/uploads\/sites\/11\/2025\/04\/Screenshot-2025-04-14-at-10.35.14.png?fit=1568%2C878&resize=350%2C200 1x, https:\/\/about.fb.com\/br\/wp-content\/uploads\/sites\/11\/2025\/04\/Screenshot-2025-04-14-at-10.35.14.png?fit=1568%2C878&resize=525%2C300 1.5x, https:\/\/about.fb.com\/br\/wp-content\/uploads\/sites\/11\/2025\/04\/Screenshot-2025-04-14-at-10.35.14.png?fit=1568%2C878&resize=700%2C400 2x, https:\/\/about.fb.com\/br\/wp-content\/uploads\/sites\/11\/2025\/04\/Screenshot-2025-04-14-at-10.35.14.png?fit=1568%2C878&resize=1050%2C600 3x, https:\/\/about.fb.com\/br\/wp-content\/uploads\/sites\/11\/2025\/04\/Screenshot-2025-04-14-at-10.35.14.png?fit=1568%2C878&resize=1400%2C800 4x"},"classes":[]},{"id":27012,"url":"https:\/\/about.fb.com\/br\/news\/2026\/03\/recompensando-criadores-originais-no-facebook\/","url_meta":{"origin":21563,"position":2},"title":"Recompensando Criadores Originais no Facebook","author":"Meta","date":"13\/03\/2026","format":false,"excerpt":"No \u00faltimo ano, tornamos o Feed e o Reels do Facebook mais relevantes ao reduzir conte\u00fados com caracter\u00edsticas de spam e dificultar que copycats e imitadores abafem as vozes aut\u00eanticas de criadores. Hoje, estamos compartilhando nosso progresso e destacando como criadores que publicam conte\u00fado original est\u00e3o sendo recompensados no Facebook.\u2026","rel":"","context":"In &quot;Facebook&quot;","block_context":{"text":"Facebook","link":"https:\/\/about.fb.com\/br\/news\/category\/technologies\/facebook\/"},"img":{"alt_text":"","src":"https:\/\/about.fb.com\/br\/wp-content\/uploads\/sites\/11\/2026\/03\/Originality-on-Facebook_Header.jpg?fit=1920%2C1080&resize=350%2C200","width":350,"height":200,"srcset":"https:\/\/about.fb.com\/br\/wp-content\/uploads\/sites\/11\/2026\/03\/Originality-on-Facebook_Header.jpg?fit=1920%2C1080&resize=350%2C200 1x, https:\/\/about.fb.com\/br\/wp-content\/uploads\/sites\/11\/2026\/03\/Originality-on-Facebook_Header.jpg?fit=1920%2C1080&resize=525%2C300 1.5x, https:\/\/about.fb.com\/br\/wp-content\/uploads\/sites\/11\/2026\/03\/Originality-on-Facebook_Header.jpg?fit=1920%2C1080&resize=700%2C400 2x, https:\/\/about.fb.com\/br\/wp-content\/uploads\/sites\/11\/2026\/03\/Originality-on-Facebook_Header.jpg?fit=1920%2C1080&resize=1050%2C600 3x, https:\/\/about.fb.com\/br\/wp-content\/uploads\/sites\/11\/2026\/03\/Originality-on-Facebook_Header.jpg?fit=1920%2C1080&resize=1400%2C800 4x"},"classes":[]},{"id":26432,"url":"https:\/\/about.fb.com\/br\/news\/2025\/05\/pais-brasileiros-apoiam-aprovacao-parental-para-download-de-apps-via-lojas-de-aplicativos\/","url_meta":{"origin":21563,"position":3},"title":"Pais brasileiros apoiam aprova\u00e7\u00e3o parental para download de apps via lojas de aplicativos","author":"Meta","date":"27\/05\/2025","format":false,"excerpt":"Criar filhos adolescentes no mundo digital n\u00e3o \u00e9 uma tarefa f\u00e1cil. Estudos recentes feitos nos Estados Unidos mostram que os adolescentes hoje usam, em m\u00e9dia, 40 aplicativos por semana, mudando de um para o outro com fluidez. Pode parecer imposs\u00edvel para os pais acompanhar todos os aplicativos que seus filhos\u2026","rel":"","context":"In &quot;Recent News&quot;","block_context":{"text":"Recent News","link":"https:\/\/about.fb.com\/br\/news\/category\/recent-news\/"},"img":{"alt_text":"","src":"","width":0,"height":0},"classes":[]},{"id":26407,"url":"https:\/\/about.fb.com\/br\/news\/2025\/05\/mais-de-meio-trilhao-de-dolares-e-34-milhoes-de-empregos-nos-eua-estao-ligados-as-tecnologias-de-anuncios-com-ia-da-meta\/","url_meta":{"origin":21563,"position":4},"title":"Mais de meio trilh\u00e3o de d\u00f3lares e 3,4 milh\u00f5es de empregos nos EUA est\u00e3o ligados \u00e0s tecnologias de publicidade com IA da Meta","author":"Meta","date":"13\/05\/2025","format":false,"excerpt":"Milh\u00f5es de empresas nos Estados Unidos - desde com\u00e9rcios familiares at\u00e9 grandes marcas globais - usam nossas ferramentas de publicidade personalizada para alcan\u00e7ar clientes e crescer. Nos \u00faltimos anos, temos aprimorado os sistemas de Intelig\u00eancia Artificial (IA) que alimentam essas ferramentas para torn\u00e1-las mais simples e eficientes de usar e\u2026","rel":"","context":"In &quot;Recent News&quot;","block_context":{"text":"Recent News","link":"https:\/\/about.fb.com\/br\/news\/category\/recent-news\/"},"img":{"alt_text":"","src":"","width":0,"height":0},"classes":[]},{"id":26413,"url":"https:\/\/about.fb.com\/br\/news\/2025\/05\/expandindo-o-cabo-submarino-malbec-para-o-sul-do-brasil\/","url_meta":{"origin":21563,"position":5},"title":"Expandindo o cabo submarino Malbec para o sul do Brasil","author":"Meta","date":"20\/05\/2025","format":false,"excerpt":"Hoje, estamos animados em anunciar a expans\u00e3o do Malbec, um cabo submarino de 2,5 mil quil\u00f4metros que fornece conectividade entre o Cone Sul da Am\u00e9rica do Sul e o Brasil, at\u00e9 a cidade de Porto Alegre (RS). Desenvolvido pela Meta em conjunto com a empresa de infraestrutura digital neutra V.tal,\u2026","rel":"","context":"In &quot;Recent News&quot;","block_context":{"text":"Recent News","link":"https:\/\/about.fb.com\/br\/news\/category\/recent-news\/"},"img":{"alt_text":"","src":"https:\/\/about.fb.com\/br\/wp-content\/uploads\/sites\/11\/2025\/05\/WhatsApp-Image-2025-05-20-at-09.36.21.jpeg?fit=4160%2C2773&resize=350%2C200","width":350,"height":200,"srcset":"https:\/\/about.fb.com\/br\/wp-content\/uploads\/sites\/11\/2025\/05\/WhatsApp-Image-2025-05-20-at-09.36.21.jpeg?fit=4160%2C2773&resize=350%2C200 1x, https:\/\/about.fb.com\/br\/wp-content\/uploads\/sites\/11\/2025\/05\/WhatsApp-Image-2025-05-20-at-09.36.21.jpeg?fit=4160%2C2773&resize=525%2C300 1.5x, https:\/\/about.fb.com\/br\/wp-content\/uploads\/sites\/11\/2025\/05\/WhatsApp-Image-2025-05-20-at-09.36.21.jpeg?fit=4160%2C2773&resize=700%2C400 2x, https:\/\/about.fb.com\/br\/wp-content\/uploads\/sites\/11\/2025\/05\/WhatsApp-Image-2025-05-20-at-09.36.21.jpeg?fit=4160%2C2773&resize=1050%2C600 3x, https:\/\/about.fb.com\/br\/wp-content\/uploads\/sites\/11\/2025\/05\/WhatsApp-Image-2025-05-20-at-09.36.21.jpeg?fit=4160%2C2773&resize=1400%2C800 4x"},"classes":[]}],"jetpack_sharing_enabled":true,"amp_enabled":true,"_links":{"self":[{"href":"https:\/\/about.fb.com\/br\/wp-json\/wp\/v2\/posts\/21563","targetHints":{"allow":["GET"]}}],"collection":[{"href":"https:\/\/about.fb.com\/br\/wp-json\/wp\/v2\/posts"}],"about":[{"href":"https:\/\/about.fb.com\/br\/wp-json\/wp\/v2\/types\/post"}],"author":[{"embeddable":true,"href":"https:\/\/about.fb.com\/br\/wp-json\/wp\/v2\/users\/81109636"}],"replies":[{"embeddable":true,"href":"https:\/\/about.fb.com\/br\/wp-json\/wp\/v2\/comments?post=21563"}],"version-history":[{"count":1,"href":"https:\/\/about.fb.com\/br\/wp-json\/wp\/v2\/posts\/21563\/revisions"}],"predecessor-version":[{"id":21564,"href":"https:\/\/about.fb.com\/br\/wp-json\/wp\/v2\/posts\/21563\/revisions\/21564"}],"wp:attachment":[{"href":"https:\/\/about.fb.com\/br\/wp-json\/wp\/v2\/media?parent=21563"}],"wp:term":[{"taxonomy":"category","embeddable":true,"href":"https:\/\/about.fb.com\/br\/wp-json\/wp\/v2\/categories?post=21563"},{"taxonomy":"post_tag","embeddable":true,"href":"https:\/\/about.fb.com\/br\/wp-json\/wp\/v2\/tags?post=21563"}],"curies":[{"name":"wp","href":"https:\/\/api.w.org\/{rel}","templated":true}]}}