{"id":21454,"date":"2020-05-19T15:14:17","date_gmt":"2020-05-19T18:14:17","guid":{"rendered":"https:\/\/about.fb.com\/br\/?p=21454"},"modified":"2021-06-17T10:08:24","modified_gmt":"2021-06-17T13:08:24","slug":"lancando-lojas-do-facebook-ajudando-pequenos-negocios-a-vender-online","status":"publish","type":"post","link":"https:\/\/about.fb.com\/br\/news\/2020\/05\/lancando-lojas-do-facebook-ajudando-pequenos-negocios-a-vender-online\/","title":{"rendered":"Lan\u00e7ando Lojas do Facebook: ajudando pequenos neg\u00f3cios a vender online"},"content":{"rendered":"<p>O Facebook sempre foi sobre te conectar com o que voc\u00ea ama. Isso significa amigos e fam\u00edlia, mas tamb\u00e9m produtos, marcas e neg\u00f3cios. Por anos as pessoas t\u00eam usado nossos aplicativos para vender e comprar &#8211; antes, postando uma foto de uma bicicleta com a legenda &#8220;\u00e0 venda&#8221; ou oferecendo sua mesinha de caf\u00e9 no Marketplace, e agora, comprando de suas marcas e influenciadores favoritos no Instagram. Foram as pessoas que usam nossos produtos que definiram o &#8220;social commerce&#8221;. N\u00f3s estamos trabalhando para transformar isso em realidade.<\/p>\n<p>V\u00e1rios pequenos neg\u00f3cios est\u00e3o passando por um momento desafiador, com lojas fechando, e, cada vez mais, est\u00e3o focados em se digitalizar. Nosso objetivo \u00e9 fazer a compra ser intuitiva e empoderar todos &#8211; dos donos de pequenos neg\u00f3cios \u00e0 marcas globais &#8211; a usarem nossos aplicativos para se conectar com os clientes. Por isso, estamos lan\u00e7ando as Lojas do Facebook e investindo em ferramentas nos aplicativos para inspirar pessoas a comprar e fazer o processo de compra e venda mais f\u00e1cil.<\/p>\n<p><strong>Lan\u00e7ando Lojas do Facebook<\/strong><\/p>\n<p>O recurso Lojas do Facebook facilita aos neg\u00f3cios montar uma loja online para que os clientes acessem via Facebook ou Instagram. Criar uma Loja do\u00a0 Facebook Shop \u00e9 simples e gratuito. Empresas podem escolher os produtos que desejam colocar no cat\u00e1logo e ent\u00e3o customizar a apar\u00eancia da loja com uma foto de capa, assim como definir cores que tenham mais a ver com a sua marca. Isso significa que qualquer vendedor, n\u00e3o importa o tamanho do seu or\u00e7amento, pode digitalizar seu neg\u00f3cio e se conectar com clientes onde e da maneira que for mais conveniente para eles.<\/p>\n<p>As pessoas conseguem encontrar as Lojas do Facebook na P\u00e1gina de uma empresa no Facebook ou na conta do Instagram, assim como podem descobri-las por meio de Stories ou an\u00fancios. A partir da loja, \u00e9 poss\u00edvel passar por toda a cole\u00e7\u00e3o, salvar produtos que voc\u00ea esteja interessado e fazer um pedido &#8211; no website do neg\u00f3cio ou sem sair do aplicativo, se a loja tiver habilitado o checkout (dispon\u00edvel apenas nos Estados Unidos).<\/p>\n<p><img data-recalc-dims=\"1\" loading=\"lazy\" decoding=\"async\" class=\"aligncenter size-large wp-image-21464\" src=\"https:\/\/about.fb.com\/br\/wp-content\/uploads\/sites\/11\/2020\/05\/Spearmint-Baby-Theme-Editing-pt_BR-1.png?w=890&#038;resize=890%2C500\" alt=\"\" width=\"890\" height=\"500\" srcset=\"https:\/\/about.fb.com\/br\/wp-content\/uploads\/sites\/11\/2020\/05\/Spearmint-Baby-Theme-Editing-pt_BR-1.png?w=1366 1366w, https:\/\/about.fb.com\/br\/wp-content\/uploads\/sites\/11\/2020\/05\/Spearmint-Baby-Theme-Editing-pt_BR-1.png?w=600 600w, https:\/\/about.fb.com\/br\/wp-content\/uploads\/sites\/11\/2020\/05\/Spearmint-Baby-Theme-Editing-pt_BR-1.png?w=300 300w, https:\/\/about.fb.com\/br\/wp-content\/uploads\/sites\/11\/2020\/05\/Spearmint-Baby-Theme-Editing-pt_BR-1.png?w=768 768w, https:\/\/about.fb.com\/br\/wp-content\/uploads\/sites\/11\/2020\/05\/Spearmint-Baby-Theme-Editing-pt_BR-1.png?w=1024 1024w, https:\/\/about.fb.com\/br\/wp-content\/uploads\/sites\/11\/2020\/05\/Spearmint-Baby-Theme-Editing-pt_BR-1.png?w=800 800w\" sizes=\"auto, (max-width: 890px) 100vw, 890px\" \/><\/p>\n<p>E, assim como em uma loja f\u00edsica, quando voc\u00ea precisar de ajuda, no recurso Lojas do Facebook voc\u00ea poder\u00e1 mandar uma mensagem para o neg\u00f3cio pelo WhatsApp, Messenger ou Instagram Direct para tirar uma d\u00favida, receber suporte, monitorar a entrega e mais. No futuro, ser\u00e1 poss\u00edvel ver a loja de uma empresa e comprar diretamente no chat &#8211; seja no WhatsApp, Messenger ou Instagram Direct.<\/p>\n<div id='gallery-1' class='gallery galleryid-21454 gallery-columns-3 gallery-size-thumbnail'><figure class='gallery-item'>\n\t\t\t<div class='gallery-icon portrait'>\n\t\t\t\t<a href='https:\/\/about.fb.com\/br\/news\/2020\/05\/lancando-lojas-do-facebook-ajudando-pequenos-negocios-a-vender-online\/facebook-business-page_pt_br\/'><img data-recalc-dims=\"1\" loading=\"lazy\" decoding=\"async\" width=\"185\" height=\"400\" src=\"https:\/\/about.fb.com\/br\/wp-content\/uploads\/sites\/11\/2020\/05\/Facebook-Business-Page_pt_BR.png?fit=185%2C400&#038;resize=185%2C400\" class=\"attachment-thumbnail size-thumbnail\" alt=\"\" srcset=\"https:\/\/about.fb.com\/br\/wp-content\/uploads\/sites\/11\/2020\/05\/Facebook-Business-Page_pt_BR.png?w=375 375w, https:\/\/about.fb.com\/br\/wp-content\/uploads\/sites\/11\/2020\/05\/Facebook-Business-Page_pt_BR.png?w=185 185w, https:\/\/about.fb.com\/br\/wp-content\/uploads\/sites\/11\/2020\/05\/Facebook-Business-Page_pt_BR.png?w=139 139w, https:\/\/about.fb.com\/br\/wp-content\/uploads\/sites\/11\/2020\/05\/Facebook-Business-Page_pt_BR.png?w=277 277w\" sizes=\"auto, (max-width: 185px) 100vw, 185px\" \/><\/a>\n\t\t\t<\/div><\/figure><figure class='gallery-item'>\n\t\t\t<div class='gallery-icon portrait'>\n\t\t\t\t<a href='https:\/\/about.fb.com\/br\/news\/2020\/05\/lancando-lojas-do-facebook-ajudando-pequenos-negocios-a-vender-online\/facebook-collection-ad_pt_br\/'><img data-recalc-dims=\"1\" loading=\"lazy\" decoding=\"async\" width=\"185\" height=\"400\" src=\"https:\/\/about.fb.com\/br\/wp-content\/uploads\/sites\/11\/2020\/05\/Facebook-Collection-Ad_pt_BR.png?fit=185%2C400&#038;resize=185%2C400\" class=\"attachment-thumbnail size-thumbnail\" alt=\"\" srcset=\"https:\/\/about.fb.com\/br\/wp-content\/uploads\/sites\/11\/2020\/05\/Facebook-Collection-Ad_pt_BR.png?w=375 375w, https:\/\/about.fb.com\/br\/wp-content\/uploads\/sites\/11\/2020\/05\/Facebook-Collection-Ad_pt_BR.png?w=185 185w, https:\/\/about.fb.com\/br\/wp-content\/uploads\/sites\/11\/2020\/05\/Facebook-Collection-Ad_pt_BR.png?w=139 139w, https:\/\/about.fb.com\/br\/wp-content\/uploads\/sites\/11\/2020\/05\/Facebook-Collection-Ad_pt_BR.png?w=277 277w\" sizes=\"auto, (max-width: 185px) 100vw, 185px\" \/><\/a>\n\t\t\t<\/div><\/figure><figure class='gallery-item'>\n\t\t\t<div class='gallery-icon portrait'>\n\t\t\t\t<a href='https:\/\/about.fb.com\/br\/news\/2020\/05\/lancando-lojas-do-facebook-ajudando-pequenos-negocios-a-vender-online\/facebook-shop_pt_br\/'><img data-recalc-dims=\"1\" loading=\"lazy\" decoding=\"async\" width=\"185\" height=\"400\" src=\"https:\/\/about.fb.com\/br\/wp-content\/uploads\/sites\/11\/2020\/05\/Facebook-Shop_pt_BR.png?fit=185%2C400&#038;resize=185%2C400\" class=\"attachment-thumbnail size-thumbnail\" alt=\"\" srcset=\"https:\/\/about.fb.com\/br\/wp-content\/uploads\/sites\/11\/2020\/05\/Facebook-Shop_pt_BR.png?w=375 375w, https:\/\/about.fb.com\/br\/wp-content\/uploads\/sites\/11\/2020\/05\/Facebook-Shop_pt_BR.png?w=185 185w, https:\/\/about.fb.com\/br\/wp-content\/uploads\/sites\/11\/2020\/05\/Facebook-Shop_pt_BR.png?w=139 139w, https:\/\/about.fb.com\/br\/wp-content\/uploads\/sites\/11\/2020\/05\/Facebook-Shop_pt_BR.png?w=277 277w\" sizes=\"auto, (max-width: 185px) 100vw, 185px\" \/><\/a>\n\t\t\t<\/div><\/figure>\n\t\t<\/div>\n\n<p>Come\u00e7amos a lan\u00e7ar as Lojas do Facebook hoje, e o recurso estar\u00e1 dispon\u00edvel de forma mais ampla nos pr\u00f3ximos meses.<\/p>\n<p>Tamb\u00e9m estamos investindo em novos recursos em nossos apps como o Instagram Shop, compras Ao Vivo, entre outros, que ser\u00e3o integrados com as Lojas do Facebook para ajudar clientes a descobrir produtos de seu interesse e tornar a experi\u00eancia de compra ainda mais f\u00e1cil.<\/p>\n<p><strong>Instagram Shop: Um novo lugar para descobrir produtos e marcas<\/strong><\/p>\n<p>Nos pr\u00f3ximos meses, come\u00e7ando pelos EUA, vamos lan\u00e7ar o Instagram Shop, uma nova maneira de descobrir e comprar os produtos que voc\u00ea ama por meio da aba Explorar. Voc\u00ea vai poder se inspirar pelas cole\u00e7\u00f5es do <a href=\"https:\/\/www.instagram.com\/shop\/\">@shop<\/a> e pesquisar por itens selecionados de suas marcas e criadores favoritos. E, ainda neste ano, tamb\u00e9m vamos adicionar uma nova aba de compras na barra de navega\u00e7\u00e3o que permitir\u00e1 acessar o Instagram Shop com apenas um clique.<\/p>\n<div id='gallery-2' class='gallery galleryid-21454 gallery-columns-3 gallery-size-thumbnail'><figure class='gallery-item'>\n\t\t\t<div class='gallery-icon portrait'>\n\t\t\t\t<a href='https:\/\/about.fb.com\/br\/news\/2020\/05\/lancando-lojas-do-facebook-ajudando-pequenos-negocios-a-vender-online\/instagram-business-profile_pt_br\/'><img data-recalc-dims=\"1\" loading=\"lazy\" decoding=\"async\" width=\"185\" height=\"400\" src=\"https:\/\/about.fb.com\/br\/wp-content\/uploads\/sites\/11\/2020\/05\/Instagram-Business-Profile_pt_BR.png?fit=185%2C400&#038;resize=185%2C400\" class=\"attachment-thumbnail size-thumbnail\" alt=\"\" srcset=\"https:\/\/about.fb.com\/br\/wp-content\/uploads\/sites\/11\/2020\/05\/Instagram-Business-Profile_pt_BR.png?w=375 375w, https:\/\/about.fb.com\/br\/wp-content\/uploads\/sites\/11\/2020\/05\/Instagram-Business-Profile_pt_BR.png?w=185 185w, https:\/\/about.fb.com\/br\/wp-content\/uploads\/sites\/11\/2020\/05\/Instagram-Business-Profile_pt_BR.png?w=139 139w, https:\/\/about.fb.com\/br\/wp-content\/uploads\/sites\/11\/2020\/05\/Instagram-Business-Profile_pt_BR.png?w=277 277w\" sizes=\"auto, (max-width: 185px) 100vw, 185px\" \/><\/a>\n\t\t\t<\/div><\/figure><figure class='gallery-item'>\n\t\t\t<div class='gallery-icon portrait'>\n\t\t\t\t<a href='https:\/\/about.fb.com\/br\/news\/2020\/05\/lancando-lojas-do-facebook-ajudando-pequenos-negocios-a-vender-online\/instagram-collection-ad_pt_br\/'><img data-recalc-dims=\"1\" loading=\"lazy\" decoding=\"async\" width=\"185\" height=\"400\" src=\"https:\/\/about.fb.com\/br\/wp-content\/uploads\/sites\/11\/2020\/05\/Instagram-Collection-Ad_pt_BR.png?fit=185%2C400&#038;resize=185%2C400\" class=\"attachment-thumbnail size-thumbnail\" alt=\"\" srcset=\"https:\/\/about.fb.com\/br\/wp-content\/uploads\/sites\/11\/2020\/05\/Instagram-Collection-Ad_pt_BR.png?w=1125 1125w, https:\/\/about.fb.com\/br\/wp-content\/uploads\/sites\/11\/2020\/05\/Instagram-Collection-Ad_pt_BR.png?w=185 185w, https:\/\/about.fb.com\/br\/wp-content\/uploads\/sites\/11\/2020\/05\/Instagram-Collection-Ad_pt_BR.png?w=139 139w, https:\/\/about.fb.com\/br\/wp-content\/uploads\/sites\/11\/2020\/05\/Instagram-Collection-Ad_pt_BR.png?w=768 768w, https:\/\/about.fb.com\/br\/wp-content\/uploads\/sites\/11\/2020\/05\/Instagram-Collection-Ad_pt_BR.png?w=473 473w, https:\/\/about.fb.com\/br\/wp-content\/uploads\/sites\/11\/2020\/05\/Instagram-Collection-Ad_pt_BR.png?w=709 709w, https:\/\/about.fb.com\/br\/wp-content\/uploads\/sites\/11\/2020\/05\/Instagram-Collection-Ad_pt_BR.png?w=946 946w, https:\/\/about.fb.com\/br\/wp-content\/uploads\/sites\/11\/2020\/05\/Instagram-Collection-Ad_pt_BR.png?w=499 499w, https:\/\/about.fb.com\/br\/wp-content\/uploads\/sites\/11\/2020\/05\/Instagram-Collection-Ad_pt_BR.png?w=998 998w, https:\/\/about.fb.com\/br\/wp-content\/uploads\/sites\/11\/2020\/05\/Instagram-Collection-Ad_pt_BR.png?w=277 277w\" sizes=\"auto, (max-width: 185px) 100vw, 185px\" \/><\/a>\n\t\t\t<\/div><\/figure><figure class='gallery-item'>\n\t\t\t<div class='gallery-icon portrait'>\n\t\t\t\t<a href='https:\/\/about.fb.com\/br\/news\/2020\/05\/lancando-lojas-do-facebook-ajudando-pequenos-negocios-a-vender-online\/instagram-shop_pt_br\/'><img data-recalc-dims=\"1\" loading=\"lazy\" decoding=\"async\" width=\"185\" height=\"400\" src=\"https:\/\/about.fb.com\/br\/wp-content\/uploads\/sites\/11\/2020\/05\/Instagram-Shop_pt_BR.png?fit=185%2C400&#038;resize=185%2C400\" class=\"attachment-thumbnail size-thumbnail\" alt=\"\" srcset=\"https:\/\/about.fb.com\/br\/wp-content\/uploads\/sites\/11\/2020\/05\/Instagram-Shop_pt_BR.png?w=375 375w, https:\/\/about.fb.com\/br\/wp-content\/uploads\/sites\/11\/2020\/05\/Instagram-Shop_pt_BR.png?w=185 185w, https:\/\/about.fb.com\/br\/wp-content\/uploads\/sites\/11\/2020\/05\/Instagram-Shop_pt_BR.png?w=139 139w, https:\/\/about.fb.com\/br\/wp-content\/uploads\/sites\/11\/2020\/05\/Instagram-Shop_pt_BR.png?w=277 277w\" sizes=\"auto, (max-width: 185px) 100vw, 185px\" \/><\/a>\n\t\t\t<\/div><\/figure>\n\t\t<\/div>\n\n<p><strong>Recursos de compras ao vivo<\/strong><\/p>\n<p>As pessoas est\u00e3o fazendo lives em nossos aplicativos para apresentar produtos h\u00e1 anos, desde lojas de cal\u00e7ados anunciando novos sapatos at\u00e9 influenciadores de beleza testando diferentes tipos de batons. Agora, estamos tornando mais f\u00e1cil a compra de produtos em tempo real. Em breve, vendedores, marcas e criadores poder\u00e3o marcar produtos em suas Lojas do Facebook ou cat\u00e1logo antes de fazerem uma live e esses produtos ser\u00e3o mostrados na parte inferior do v\u00eddeo para que as pessoas possam clicar facilmente para ter mais informa\u00e7\u00f5es sobre o produto e efetuar a compra. Estamos come\u00e7ando a testar isso com algumas marcas no Facebook e Instagram, e vamos disponibilizar a ferramenta de forma mais abrangente nos pr\u00f3ximos meses.<\/p>\n<p><img data-recalc-dims=\"1\" loading=\"lazy\" decoding=\"async\" class=\"aligncenter wp-image-21458 size-large\" src=\"https:\/\/about.fb.com\/br\/wp-content\/uploads\/sites\/11\/2020\/05\/Live-Shopping_pt_BR.png?w=473&#038;resize=473%2C1024\" alt=\"\" width=\"473\" height=\"1024\" srcset=\"https:\/\/about.fb.com\/br\/wp-content\/uploads\/sites\/11\/2020\/05\/Live-Shopping_pt_BR.png?w=750 750w, https:\/\/about.fb.com\/br\/wp-content\/uploads\/sites\/11\/2020\/05\/Live-Shopping_pt_BR.png?w=185 185w, https:\/\/about.fb.com\/br\/wp-content\/uploads\/sites\/11\/2020\/05\/Live-Shopping_pt_BR.png?w=139 139w, https:\/\/about.fb.com\/br\/wp-content\/uploads\/sites\/11\/2020\/05\/Live-Shopping_pt_BR.png?w=473 473w, https:\/\/about.fb.com\/br\/wp-content\/uploads\/sites\/11\/2020\/05\/Live-Shopping_pt_BR.png?w=709 709w, https:\/\/about.fb.com\/br\/wp-content\/uploads\/sites\/11\/2020\/05\/Live-Shopping_pt_BR.png?w=499 499w, https:\/\/about.fb.com\/br\/wp-content\/uploads\/sites\/11\/2020\/05\/Live-Shopping_pt_BR.png?w=277 277w\" sizes=\"auto, (max-width: 473px) 100vw, 473px\" \/><\/p>\n<p><strong>Conectando programas de fidelidade \u00e0 sua conta do Facebook<br \/>\n<\/strong>Tamb\u00e9m estamos testando maneiras para tornar mais f\u00e1cil ganhar recompensas dos estabelecimentos e marcas que voc\u00ea ama, permitindo que voc\u00ea conecte seus programas de fidelidade, como o programa de pontos da livraria do seu bairro, com sua conta do Facebook. Estamos explorando ainda maneiras de ajudar pequenos neg\u00f3cios a criar, gerenciar e oferecer um programa de fidelidade nas Lojas do Facebook.<\/p>\n<p>No Brasil, o Grupo Agilit\u00e0, que conta com diferentes marcas de moda feminina, est\u00e1 testando as Lojas do Facebook. Segundo Gabriel Rabelo, coordenador de conte\u00fado de marketing da Agilit\u00e0, o\u00a0 processo de implementa\u00e7\u00e3o da ferramenta foi simples e bastante intuitivo: &#8220;em poucos passos conseguimos deixar a loja pronta e funcionando nas Lojas do Facebook&#8221;. Ele ainda destaca que o Grupo aceitou o convite para testar o novo produto por entender que poderia ser uma boa oportunidade de incrementar vendas. &#8220;Estamos animados em testar as Lojas do Facebook, pois acreditamos que essa seja uma maneira pr\u00e1tica para que as nossas clientes conhe\u00e7am as diferentes cole\u00e7\u00f5es da Agilit\u00e1 e incluam itens diversos em suas compras, a partir do Facebook e do Instagram&#8221;, finaliza.<\/p>\n","protected":false},"excerpt":{"rendered":"O Facebook sempre foi sobre te conectar com o que voc\u00ea ama. Isso significa amigos e fam\u00edlia, mas tamb\u00e9m produtos, marcas e neg\u00f3cios. Por anos as pessoas t\u00eam usado nossos aplicativos para vender e comprar &#8211; antes, postando uma foto de uma bicicleta com a legenda &#8220;\u00e0 venda&#8221; ou oferecendo sua mesinha de caf\u00e9 no Marketplace, e agora, comprando de suas marcas e influenciadores favoritos no Instagram. Foram as pessoas que usam nossos produtos que definiram o &#8220;social commerce&#8221;. N\u00f3s estamos trabalhando para transformar isso em realidade. V\u00e1rios pequenos neg\u00f3cios est\u00e3o passando por um momento desafiador, com lojas fechando, e, cada vez mais, est\u00e3o focados em se digitalizar. Nosso objetivo \u00e9 fazer a compra ser intuitiva e empoderar todos &#8211; dos donos de pequenos neg\u00f3cios \u00e0 marcas globais &#8211; a usarem nossos aplicativos para se conectar com os clientes. Por isso, estamos lan\u00e7ando as Lojas do Facebook e investindo em ferramentas nos aplicativos para inspirar pessoas a comprar e fazer o processo de compra e venda mais f\u00e1cil. Lan\u00e7ando Lojas do Facebook O recurso Lojas do Facebook facilita aos neg\u00f3cios montar uma loja online para que os clientes acessem via Facebook ou Instagram. Criar uma Loja do\u00a0 Facebook Shop \u00e9 simples e gratuito. Empresas podem escolher os produtos que desejam colocar no cat\u00e1logo e ent\u00e3o customizar a apar\u00eancia da loja com uma foto de capa, assim como definir cores que tenham mais a ver com a sua marca. Isso significa que qualquer vendedor, n\u00e3o importa o tamanho do seu or\u00e7amento, pode digitalizar seu neg\u00f3cio e se conectar com clientes onde e da maneira que for mais conveniente para eles. As pessoas conseguem encontrar as Lojas do Facebook na P\u00e1gina de uma empresa no Facebook ou na conta do Instagram, assim como podem descobri-las por meio de Stories ou an\u00fancios. A partir da loja, \u00e9 poss\u00edvel passar por toda a cole\u00e7\u00e3o, salvar produtos que voc\u00ea esteja interessado e fazer um pedido &#8211; no website do neg\u00f3cio ou sem sair do aplicativo, se a loja tiver habilitado o checkout (dispon\u00edvel apenas nos Estados Unidos). E, assim como em uma loja f\u00edsica, quando voc\u00ea precisar de ajuda, no recurso Lojas do Facebook voc\u00ea poder\u00e1 mandar uma mensagem para o neg\u00f3cio pelo WhatsApp, Messenger ou Instagram Direct para tirar uma d\u00favida, receber suporte, monitorar a entrega e mais. No futuro, ser\u00e1 poss\u00edvel ver a loja de uma empresa e comprar diretamente no chat &#8211; seja no WhatsApp, Messenger ou Instagram Direct. Come\u00e7amos a lan\u00e7ar as Lojas do Facebook hoje, e o recurso estar\u00e1 dispon\u00edvel de forma mais ampla nos pr\u00f3ximos meses. Tamb\u00e9m estamos investindo em novos recursos em nossos apps como o Instagram Shop, compras Ao Vivo, entre outros, que ser\u00e3o integrados com as Lojas do Facebook para ajudar clientes a descobrir produtos de seu interesse e tornar a experi\u00eancia de compra ainda mais f\u00e1cil. Instagram Shop: Um novo lugar para descobrir produtos e marcas Nos pr\u00f3ximos meses, come\u00e7ando pelos EUA, vamos lan\u00e7ar o Instagram Shop, uma nova maneira de descobrir e comprar os produtos que voc\u00ea ama por meio da aba Explorar. Voc\u00ea vai poder se inspirar pelas cole\u00e7\u00f5es do @shop e pesquisar por itens selecionados de suas marcas e criadores favoritos. E, ainda neste ano, tamb\u00e9m vamos adicionar uma nova aba de compras na barra de navega\u00e7\u00e3o que permitir\u00e1 acessar o Instagram Shop com apenas um clique. Recursos de compras ao vivo As pessoas est\u00e3o fazendo lives em nossos aplicativos para apresentar produtos h\u00e1 anos, desde lojas de cal\u00e7ados anunciando novos sapatos at\u00e9 influenciadores de beleza testando diferentes tipos de batons. Agora, estamos tornando mais f\u00e1cil a compra de produtos em tempo real. Em breve, vendedores, marcas e criadores poder\u00e3o marcar produtos em suas Lojas do Facebook ou cat\u00e1logo antes de fazerem uma live e esses produtos ser\u00e3o mostrados na parte inferior do v\u00eddeo para que as pessoas possam clicar facilmente para ter mais informa\u00e7\u00f5es sobre o produto e efetuar a compra. Estamos come\u00e7ando a testar isso com algumas marcas no Facebook e Instagram, e vamos disponibilizar a ferramenta de forma mais abrangente nos pr\u00f3ximos meses. Conectando programas de fidelidade \u00e0 sua conta do Facebook Tamb\u00e9m estamos testando maneiras para tornar mais f\u00e1cil ganhar recompensas dos estabelecimentos e marcas que voc\u00ea ama, permitindo que voc\u00ea conecte seus programas de fidelidade, como o programa de pontos da livraria do seu bairro, com sua conta do Facebook. Estamos explorando ainda maneiras de ajudar pequenos neg\u00f3cios a criar, gerenciar e oferecer um programa de fidelidade nas Lojas do Facebook. No Brasil, o Grupo Agilit\u00e0, que conta com diferentes marcas de moda feminina, est\u00e1 testando as Lojas do Facebook. Segundo Gabriel Rabelo, coordenador de conte\u00fado de marketing da Agilit\u00e0, o\u00a0 processo de implementa\u00e7\u00e3o da ferramenta foi simples e bastante intuitivo: &#8220;em poucos passos conseguimos deixar a loja pronta e funcionando nas Lojas do Facebook&#8221;. Ele ainda destaca que o Grupo aceitou o convite para testar o novo produto por entender que poderia ser uma boa oportunidade de incrementar vendas. &#8220;Estamos animados em testar as Lojas do Facebook, pois acreditamos que essa seja uma maneira pr\u00e1tica para que as nossas clientes conhe\u00e7am as diferentes cole\u00e7\u00f5es da Agilit\u00e1 e incluam itens diversos em suas compras, a partir do Facebook e do Instagram&#8221;, finaliza.","protected":false},"author":81109636,"featured_media":0,"comment_status":"closed","ping_status":"closed","sticky":false,"template":"","format":"standard","meta":{"_jetpack_memberships_contains_paid_content":false,"footnotes":""},"categories":[1],"tags":[],"class_list":["post-21454","post","type-post","status-publish","format-standard","hentry","category-recent-news"],"yoast_head":"<!-- This site is optimized with the Yoast SEO plugin v27.2 - https:\/\/yoast.com\/product\/yoast-seo-wordpress\/ -->\n<title>Lan\u00e7ando Lojas do Facebook: ajudando pequenos neg\u00f3cios a vender online | Sobre a Meta<\/title>\n<meta name=\"robots\" content=\"index, follow, max-snippet:-1, max-image-preview:large, max-video-preview:-1\" \/>\n<link rel=\"canonical\" href=\"https:\/\/about.fb.com\/br\/news\/2020\/05\/lancando-lojas-do-facebook-ajudando-pequenos-negocios-a-vender-online\/\" \/>\n<meta property=\"og:locale\" content=\"pt_BR\" \/>\n<meta property=\"og:type\" content=\"article\" \/>\n<meta property=\"og:title\" content=\"Lan\u00e7ando Lojas do Facebook: ajudando pequenos neg\u00f3cios a vender online | Sobre a Meta\" \/>\n<meta property=\"og:description\" content=\"O Facebook sempre foi sobre te conectar com o que voc\u00ea ama. Isso significa amigos e fam\u00edlia, mas tamb\u00e9m produtos, marcas e neg\u00f3cios. Por anos as pessoas t\u00eam usado nossos aplicativos para vender e comprar &#8211; antes, postando uma foto de uma bicicleta com a legenda &#8220;\u00e0 venda&#8221; ou oferecendo sua mesinha de caf\u00e9 no Marketplace, e agora, comprando de suas marcas e influenciadores favoritos no Instagram. Foram as pessoas que usam nossos produtos que definiram o &#8220;social commerce&#8221;. N\u00f3s estamos trabalhando para transformar isso em realidade. V\u00e1rios pequenos neg\u00f3cios est\u00e3o passando por um momento desafiador, com lojas fechando, e, cada vez mais, est\u00e3o focados em se digitalizar. Nosso objetivo \u00e9 fazer a compra ser intuitiva e empoderar todos &#8211; dos donos de pequenos neg\u00f3cios \u00e0 marcas globais &#8211; a usarem nossos aplicativos para se conectar com os clientes. Por isso, estamos lan\u00e7ando as Lojas do Facebook e investindo em ferramentas nos aplicativos para inspirar pessoas a comprar e fazer o processo de compra e venda mais f\u00e1cil. Lan\u00e7ando Lojas do Facebook O recurso Lojas do Facebook facilita aos neg\u00f3cios montar uma loja online para que os clientes acessem via Facebook ou Instagram. Criar uma Loja do\u00a0 Facebook Shop \u00e9 simples e gratuito. Empresas podem escolher os produtos que desejam colocar no cat\u00e1logo e ent\u00e3o customizar a apar\u00eancia da loja com uma foto de capa, assim como definir cores que tenham mais a ver com a sua marca. Isso significa que qualquer vendedor, n\u00e3o importa o tamanho do seu or\u00e7amento, pode digitalizar seu neg\u00f3cio e se conectar com clientes onde e da maneira que for mais conveniente para eles. As pessoas conseguem encontrar as Lojas do Facebook na P\u00e1gina de uma empresa no Facebook ou na conta do Instagram, assim como podem descobri-las por meio de Stories ou an\u00fancios. A partir da loja, \u00e9 poss\u00edvel passar por toda a cole\u00e7\u00e3o, salvar produtos que voc\u00ea esteja interessado e fazer um pedido &#8211; no website do neg\u00f3cio ou sem sair do aplicativo, se a loja tiver habilitado o checkout (dispon\u00edvel apenas nos Estados Unidos). E, assim como em uma loja f\u00edsica, quando voc\u00ea precisar de ajuda, no recurso Lojas do Facebook voc\u00ea poder\u00e1 mandar uma mensagem para o neg\u00f3cio pelo WhatsApp, Messenger ou Instagram Direct para tirar uma d\u00favida, receber suporte, monitorar a entrega e mais. No futuro, ser\u00e1 poss\u00edvel ver a loja de uma empresa e comprar diretamente no chat &#8211; seja no WhatsApp, Messenger ou Instagram Direct. Come\u00e7amos a lan\u00e7ar as Lojas do Facebook hoje, e o recurso estar\u00e1 dispon\u00edvel de forma mais ampla nos pr\u00f3ximos meses. Tamb\u00e9m estamos investindo em novos recursos em nossos apps como o Instagram Shop, compras Ao Vivo, entre outros, que ser\u00e3o integrados com as Lojas do Facebook para ajudar clientes a descobrir produtos de seu interesse e tornar a experi\u00eancia de compra ainda mais f\u00e1cil. Instagram Shop: Um novo lugar para descobrir produtos e marcas Nos pr\u00f3ximos meses, come\u00e7ando pelos EUA, vamos lan\u00e7ar o Instagram Shop, uma nova maneira de descobrir e comprar os produtos que voc\u00ea ama por meio da aba Explorar. Voc\u00ea vai poder se inspirar pelas cole\u00e7\u00f5es do @shop e pesquisar por itens selecionados de suas marcas e criadores favoritos. E, ainda neste ano, tamb\u00e9m vamos adicionar uma nova aba de compras na barra de navega\u00e7\u00e3o que permitir\u00e1 acessar o Instagram Shop com apenas um clique. Recursos de compras ao vivo As pessoas est\u00e3o fazendo lives em nossos aplicativos para apresentar produtos h\u00e1 anos, desde lojas de cal\u00e7ados anunciando novos sapatos at\u00e9 influenciadores de beleza testando diferentes tipos de batons. Agora, estamos tornando mais f\u00e1cil a compra de produtos em tempo real. Em breve, vendedores, marcas e criadores poder\u00e3o marcar produtos em suas Lojas do Facebook ou cat\u00e1logo antes de fazerem uma live e esses produtos ser\u00e3o mostrados na parte inferior do v\u00eddeo para que as pessoas possam clicar facilmente para ter mais informa\u00e7\u00f5es sobre o produto e efetuar a compra. Estamos come\u00e7ando a testar isso com algumas marcas no Facebook e Instagram, e vamos disponibilizar a ferramenta de forma mais abrangente nos pr\u00f3ximos meses. Conectando programas de fidelidade \u00e0 sua conta do Facebook Tamb\u00e9m estamos testando maneiras para tornar mais f\u00e1cil ganhar recompensas dos estabelecimentos e marcas que voc\u00ea ama, permitindo que voc\u00ea conecte seus programas de fidelidade, como o programa de pontos da livraria do seu bairro, com sua conta do Facebook. Estamos explorando ainda maneiras de ajudar pequenos neg\u00f3cios a criar, gerenciar e oferecer um programa de fidelidade nas Lojas do Facebook. No Brasil, o Grupo Agilit\u00e0, que conta com diferentes marcas de moda feminina, est\u00e1 testando as Lojas do Facebook. Segundo Gabriel Rabelo, coordenador de conte\u00fado de marketing da Agilit\u00e0, o\u00a0 processo de implementa\u00e7\u00e3o da ferramenta foi simples e bastante intuitivo: &#8220;em poucos passos conseguimos deixar a loja pronta e funcionando nas Lojas do Facebook&#8221;. Ele ainda destaca que o Grupo aceitou o convite para testar o novo produto por entender que poderia ser uma boa oportunidade de incrementar vendas. &#8220;Estamos animados em testar as Lojas do Facebook, pois acreditamos que essa seja uma maneira pr\u00e1tica para que as nossas clientes conhe\u00e7am as diferentes cole\u00e7\u00f5es da Agilit\u00e1 e incluam itens diversos em suas compras, a partir do Facebook e do Instagram&#8221;, finaliza.\" \/>\n<meta property=\"og:url\" content=\"https:\/\/about.fb.com\/br\/news\/2020\/05\/lancando-lojas-do-facebook-ajudando-pequenos-negocios-a-vender-online\/\" \/>\n<meta property=\"og:site_name\" content=\"Sobre a Meta\" \/>\n<meta property=\"article:published_time\" content=\"2020-05-19T18:14:17+00:00\" \/>\n<meta property=\"article:modified_time\" content=\"2021-06-17T13:08:24+00:00\" \/>\n<meta property=\"og:image\" content=\"https:\/\/about.fb.com\/br\/wp-content\/uploads\/sites\/11\/2020\/05\/Facebook-Business-Page_pt_BR.png?fit=185%2C400\" \/>\n<meta name=\"author\" content=\"facebookbr\" \/>\n<meta name=\"twitter:card\" content=\"summary_large_image\" \/>\n<meta name=\"twitter:label1\" content=\"Written by\" \/>\n\t<meta name=\"twitter:data1\" content=\"Meta\" \/>\n\t<meta name=\"twitter:label2\" content=\"Est. reading time\" \/>\n\t<meta name=\"twitter:data2\" content=\"5 minutos\" \/>\n<script type=\"application\/ld+json\" class=\"yoast-schema-graph\">{\"@context\":\"https:\/\/schema.org\",\"@graph\":[{\"@type\":\"Article\",\"@id\":\"https:\/\/about.fb.com\/br\/news\/2020\/05\/lancando-lojas-do-facebook-ajudando-pequenos-negocios-a-vender-online\/#article\",\"isPartOf\":{\"@id\":\"https:\/\/about.fb.com\/br\/news\/2020\/05\/lancando-lojas-do-facebook-ajudando-pequenos-negocios-a-vender-online\/\"},\"author\":\"Facebook company\",\"headline\":\"Lan\u00e7ando Lojas do Facebook: ajudando pequenos neg\u00f3cios a vender online\",\"datePublished\":\"2020-05-19T18:14:17+00:00\",\"dateModified\":\"2021-06-17T13:08:24+00:00\",\"mainEntityOfPage\":{\"@id\":\"https:\/\/about.fb.com\/br\/news\/2020\/05\/lancando-lojas-do-facebook-ajudando-pequenos-negocios-a-vender-online\/\"},\"wordCount\":937,\"publisher\":{\"@id\":\"https:\/\/about.fb.com\/br\/#organization\"},\"image\":{\"@id\":\"https:\/\/about.fb.com\/br\/news\/2020\/05\/lancando-lojas-do-facebook-ajudando-pequenos-negocios-a-vender-online\/#primaryimage\"},\"thumbnailUrl\":\"https:\/\/about.fb.com\/br\/wp-content\/uploads\/sites\/11\/2020\/05\/Spearmint-Baby-Theme-Editing-pt_BR-1.png?w=890\",\"articleSection\":[\"Recent News\"],\"inLanguage\":\"pt-BR\"},{\"@type\":\"WebPage\",\"@id\":\"https:\/\/about.fb.com\/br\/news\/2020\/05\/lancando-lojas-do-facebook-ajudando-pequenos-negocios-a-vender-online\/\",\"url\":\"https:\/\/about.fb.com\/br\/news\/2020\/05\/lancando-lojas-do-facebook-ajudando-pequenos-negocios-a-vender-online\/\",\"name\":\"Lan\u00e7ando Lojas do Facebook: ajudando pequenos neg\u00f3cios a vender online | Sobre a Meta\",\"isPartOf\":{\"@id\":\"https:\/\/about.fb.com\/br\/#website\"},\"primaryImageOfPage\":{\"@id\":\"https:\/\/about.fb.com\/br\/news\/2020\/05\/lancando-lojas-do-facebook-ajudando-pequenos-negocios-a-vender-online\/#primaryimage\"},\"image\":{\"@id\":\"https:\/\/about.fb.com\/br\/news\/2020\/05\/lancando-lojas-do-facebook-ajudando-pequenos-negocios-a-vender-online\/#primaryimage\"},\"thumbnailUrl\":\"https:\/\/about.fb.com\/br\/wp-content\/uploads\/sites\/11\/2020\/05\/Spearmint-Baby-Theme-Editing-pt_BR-1.png?w=890\",\"datePublished\":\"2020-05-19T18:14:17+00:00\",\"dateModified\":\"2021-06-17T13:08:24+00:00\",\"breadcrumb\":{\"@id\":\"https:\/\/about.fb.com\/br\/news\/2020\/05\/lancando-lojas-do-facebook-ajudando-pequenos-negocios-a-vender-online\/#breadcrumb\"},\"inLanguage\":\"pt-BR\",\"potentialAction\":[{\"@type\":\"ReadAction\",\"target\":[\"https:\/\/about.fb.com\/br\/news\/2020\/05\/lancando-lojas-do-facebook-ajudando-pequenos-negocios-a-vender-online\/\"]}],\"author\":\"Sobre a Meta\"},{\"@type\":\"ImageObject\",\"inLanguage\":\"pt-BR\",\"@id\":\"https:\/\/about.fb.com\/br\/news\/2020\/05\/lancando-lojas-do-facebook-ajudando-pequenos-negocios-a-vender-online\/#primaryimage\",\"url\":\"https:\/\/about.fb.com\/br\/wp-content\/uploads\/sites\/11\/2020\/05\/Spearmint-Baby-Theme-Editing-pt_BR-1.png?w=890\",\"contentUrl\":\"https:\/\/about.fb.com\/br\/wp-content\/uploads\/sites\/11\/2020\/05\/Spearmint-Baby-Theme-Editing-pt_BR-1.png?w=890\"},{\"@type\":\"BreadcrumbList\",\"@id\":\"https:\/\/about.fb.com\/br\/news\/2020\/05\/lancando-lojas-do-facebook-ajudando-pequenos-negocios-a-vender-online\/#breadcrumb\",\"itemListElement\":[{\"@type\":\"ListItem\",\"position\":1,\"name\":\"Home\",\"item\":\"https:\/\/about.fb.com\/br\/\"},{\"@type\":\"ListItem\",\"position\":2,\"name\":\"Lan\u00e7ando Lojas do Facebook: ajudando pequenos neg\u00f3cios a vender online\"}]},{\"@type\":\"WebSite\",\"@id\":\"https:\/\/about.fb.com\/br\/#website\",\"url\":\"https:\/\/about.fb.com\/news\/\",\"name\":\"Sobre a Meta\",\"description\":\"\",\"publisher\":{\"@id\":\"https:\/\/about.fb.com\/br\/#organization\"},\"potentialAction\":[{\"@type\":\"SearchAction\",\"target\":{\"@type\":\"EntryPoint\",\"urlTemplate\":\"https:\/\/about.fb.com\/br\/?s={search_term_string}\"},\"query-input\":{\"@type\":\"PropertyValueSpecification\",\"valueRequired\":true,\"valueName\":\"search_term_string\"}}],\"inLanguage\":\"pt-BR\",\"alternateName\":[\"Meta Newsroom\",\"Meta\"]},{\"@type\":\"Organization\",\"@id\":\"https:\/\/about.fb.com\/br\/#organization\",\"name\":\"Meta\",\"url\":\"https:\/\/about.fb.com\/br\/\",\"logo\":{\"@type\":\"ImageObject\",\"inLanguage\":\"pt-BR\",\"@id\":\"https:\/\/about.fb.com\/br\/#\/schema\/logo\/image\/\",\"url\":\"https:\/\/about.fb.com\/br\/wp-content\/uploads\/sites\/11\/2021\/10\/meta-social-16x9-1.jpg?fit=8000%2C4500\",\"contentUrl\":\"https:\/\/about.fb.com\/br\/wp-content\/uploads\/sites\/11\/2021\/10\/meta-social-16x9-1.jpg?fit=8000%2C4500\",\"width\":8000,\"height\":4500,\"caption\":\"Meta\"},\"image\":{\"@id\":\"https:\/\/about.fb.com\/br\/#\/schema\/logo\/image\/\"}}]}<\/script>\n<!-- \/ Yoast SEO plugin. -->","yoast_head_json":{"title":"Lan\u00e7ando Lojas do Facebook: ajudando pequenos neg\u00f3cios a vender online | Sobre a Meta","robots":{"index":"index","follow":"follow","max-snippet":"max-snippet:-1","max-image-preview":"max-image-preview:large","max-video-preview":"max-video-preview:-1"},"canonical":"https:\/\/about.fb.com\/br\/news\/2020\/05\/lancando-lojas-do-facebook-ajudando-pequenos-negocios-a-vender-online\/","og_locale":"pt_BR","og_type":"article","og_title":"Lan\u00e7ando Lojas do Facebook: ajudando pequenos neg\u00f3cios a vender online | Sobre a Meta","og_description":"O Facebook sempre foi sobre te conectar com o que voc\u00ea ama. Isso significa amigos e fam\u00edlia, mas tamb\u00e9m produtos, marcas e neg\u00f3cios. Por anos as pessoas t\u00eam usado nossos aplicativos para vender e comprar &#8211; antes, postando uma foto de uma bicicleta com a legenda &#8220;\u00e0 venda&#8221; ou oferecendo sua mesinha de caf\u00e9 no Marketplace, e agora, comprando de suas marcas e influenciadores favoritos no Instagram. Foram as pessoas que usam nossos produtos que definiram o &#8220;social commerce&#8221;. N\u00f3s estamos trabalhando para transformar isso em realidade. V\u00e1rios pequenos neg\u00f3cios est\u00e3o passando por um momento desafiador, com lojas fechando, e, cada vez mais, est\u00e3o focados em se digitalizar. Nosso objetivo \u00e9 fazer a compra ser intuitiva e empoderar todos &#8211; dos donos de pequenos neg\u00f3cios \u00e0 marcas globais &#8211; a usarem nossos aplicativos para se conectar com os clientes. Por isso, estamos lan\u00e7ando as Lojas do Facebook e investindo em ferramentas nos aplicativos para inspirar pessoas a comprar e fazer o processo de compra e venda mais f\u00e1cil. Lan\u00e7ando Lojas do Facebook O recurso Lojas do Facebook facilita aos neg\u00f3cios montar uma loja online para que os clientes acessem via Facebook ou Instagram. Criar uma Loja do\u00a0 Facebook Shop \u00e9 simples e gratuito. Empresas podem escolher os produtos que desejam colocar no cat\u00e1logo e ent\u00e3o customizar a apar\u00eancia da loja com uma foto de capa, assim como definir cores que tenham mais a ver com a sua marca. Isso significa que qualquer vendedor, n\u00e3o importa o tamanho do seu or\u00e7amento, pode digitalizar seu neg\u00f3cio e se conectar com clientes onde e da maneira que for mais conveniente para eles. As pessoas conseguem encontrar as Lojas do Facebook na P\u00e1gina de uma empresa no Facebook ou na conta do Instagram, assim como podem descobri-las por meio de Stories ou an\u00fancios. A partir da loja, \u00e9 poss\u00edvel passar por toda a cole\u00e7\u00e3o, salvar produtos que voc\u00ea esteja interessado e fazer um pedido &#8211; no website do neg\u00f3cio ou sem sair do aplicativo, se a loja tiver habilitado o checkout (dispon\u00edvel apenas nos Estados Unidos). E, assim como em uma loja f\u00edsica, quando voc\u00ea precisar de ajuda, no recurso Lojas do Facebook voc\u00ea poder\u00e1 mandar uma mensagem para o neg\u00f3cio pelo WhatsApp, Messenger ou Instagram Direct para tirar uma d\u00favida, receber suporte, monitorar a entrega e mais. No futuro, ser\u00e1 poss\u00edvel ver a loja de uma empresa e comprar diretamente no chat &#8211; seja no WhatsApp, Messenger ou Instagram Direct. Come\u00e7amos a lan\u00e7ar as Lojas do Facebook hoje, e o recurso estar\u00e1 dispon\u00edvel de forma mais ampla nos pr\u00f3ximos meses. Tamb\u00e9m estamos investindo em novos recursos em nossos apps como o Instagram Shop, compras Ao Vivo, entre outros, que ser\u00e3o integrados com as Lojas do Facebook para ajudar clientes a descobrir produtos de seu interesse e tornar a experi\u00eancia de compra ainda mais f\u00e1cil. Instagram Shop: Um novo lugar para descobrir produtos e marcas Nos pr\u00f3ximos meses, come\u00e7ando pelos EUA, vamos lan\u00e7ar o Instagram Shop, uma nova maneira de descobrir e comprar os produtos que voc\u00ea ama por meio da aba Explorar. Voc\u00ea vai poder se inspirar pelas cole\u00e7\u00f5es do @shop e pesquisar por itens selecionados de suas marcas e criadores favoritos. E, ainda neste ano, tamb\u00e9m vamos adicionar uma nova aba de compras na barra de navega\u00e7\u00e3o que permitir\u00e1 acessar o Instagram Shop com apenas um clique. Recursos de compras ao vivo As pessoas est\u00e3o fazendo lives em nossos aplicativos para apresentar produtos h\u00e1 anos, desde lojas de cal\u00e7ados anunciando novos sapatos at\u00e9 influenciadores de beleza testando diferentes tipos de batons. Agora, estamos tornando mais f\u00e1cil a compra de produtos em tempo real. Em breve, vendedores, marcas e criadores poder\u00e3o marcar produtos em suas Lojas do Facebook ou cat\u00e1logo antes de fazerem uma live e esses produtos ser\u00e3o mostrados na parte inferior do v\u00eddeo para que as pessoas possam clicar facilmente para ter mais informa\u00e7\u00f5es sobre o produto e efetuar a compra. Estamos come\u00e7ando a testar isso com algumas marcas no Facebook e Instagram, e vamos disponibilizar a ferramenta de forma mais abrangente nos pr\u00f3ximos meses. Conectando programas de fidelidade \u00e0 sua conta do Facebook Tamb\u00e9m estamos testando maneiras para tornar mais f\u00e1cil ganhar recompensas dos estabelecimentos e marcas que voc\u00ea ama, permitindo que voc\u00ea conecte seus programas de fidelidade, como o programa de pontos da livraria do seu bairro, com sua conta do Facebook. Estamos explorando ainda maneiras de ajudar pequenos neg\u00f3cios a criar, gerenciar e oferecer um programa de fidelidade nas Lojas do Facebook. No Brasil, o Grupo Agilit\u00e0, que conta com diferentes marcas de moda feminina, est\u00e1 testando as Lojas do Facebook. Segundo Gabriel Rabelo, coordenador de conte\u00fado de marketing da Agilit\u00e0, o\u00a0 processo de implementa\u00e7\u00e3o da ferramenta foi simples e bastante intuitivo: &#8220;em poucos passos conseguimos deixar a loja pronta e funcionando nas Lojas do Facebook&#8221;. Ele ainda destaca que o Grupo aceitou o convite para testar o novo produto por entender que poderia ser uma boa oportunidade de incrementar vendas. &#8220;Estamos animados em testar as Lojas do Facebook, pois acreditamos que essa seja uma maneira pr\u00e1tica para que as nossas clientes conhe\u00e7am as diferentes cole\u00e7\u00f5es da Agilit\u00e1 e incluam itens diversos em suas compras, a partir do Facebook e do Instagram&#8221;, finaliza.","og_url":"https:\/\/about.fb.com\/br\/news\/2020\/05\/lancando-lojas-do-facebook-ajudando-pequenos-negocios-a-vender-online\/","og_site_name":"Sobre a Meta","article_published_time":"2020-05-19T18:14:17+00:00","article_modified_time":"2021-06-17T13:08:24+00:00","og_image":[{"url":"https:\/\/about.fb.com\/br\/wp-content\/uploads\/sites\/11\/2020\/05\/Facebook-Business-Page_pt_BR.png?fit=185%2C400","type":"","width":"","height":""}],"author":"facebookbr","twitter_card":"summary_large_image","twitter_misc":{"Written by":"Meta","Est. reading time":"5 minutos"},"schema":{"@context":"https:\/\/schema.org","@graph":[{"@type":"Article","@id":"https:\/\/about.fb.com\/br\/news\/2020\/05\/lancando-lojas-do-facebook-ajudando-pequenos-negocios-a-vender-online\/#article","isPartOf":{"@id":"https:\/\/about.fb.com\/br\/news\/2020\/05\/lancando-lojas-do-facebook-ajudando-pequenos-negocios-a-vender-online\/"},"author":"Facebook company","headline":"Lan\u00e7ando Lojas do Facebook: ajudando pequenos neg\u00f3cios a vender online","datePublished":"2020-05-19T18:14:17+00:00","dateModified":"2021-06-17T13:08:24+00:00","mainEntityOfPage":{"@id":"https:\/\/about.fb.com\/br\/news\/2020\/05\/lancando-lojas-do-facebook-ajudando-pequenos-negocios-a-vender-online\/"},"wordCount":937,"publisher":{"@id":"https:\/\/about.fb.com\/br\/#organization"},"image":{"@id":"https:\/\/about.fb.com\/br\/news\/2020\/05\/lancando-lojas-do-facebook-ajudando-pequenos-negocios-a-vender-online\/#primaryimage"},"thumbnailUrl":"https:\/\/about.fb.com\/br\/wp-content\/uploads\/sites\/11\/2020\/05\/Spearmint-Baby-Theme-Editing-pt_BR-1.png?w=890","articleSection":["Recent News"],"inLanguage":"pt-BR"},{"@type":"WebPage","@id":"https:\/\/about.fb.com\/br\/news\/2020\/05\/lancando-lojas-do-facebook-ajudando-pequenos-negocios-a-vender-online\/","url":"https:\/\/about.fb.com\/br\/news\/2020\/05\/lancando-lojas-do-facebook-ajudando-pequenos-negocios-a-vender-online\/","name":"Lan\u00e7ando Lojas do Facebook: ajudando pequenos neg\u00f3cios a vender online | Sobre a Meta","isPartOf":{"@id":"https:\/\/about.fb.com\/br\/#website"},"primaryImageOfPage":{"@id":"https:\/\/about.fb.com\/br\/news\/2020\/05\/lancando-lojas-do-facebook-ajudando-pequenos-negocios-a-vender-online\/#primaryimage"},"image":{"@id":"https:\/\/about.fb.com\/br\/news\/2020\/05\/lancando-lojas-do-facebook-ajudando-pequenos-negocios-a-vender-online\/#primaryimage"},"thumbnailUrl":"https:\/\/about.fb.com\/br\/wp-content\/uploads\/sites\/11\/2020\/05\/Spearmint-Baby-Theme-Editing-pt_BR-1.png?w=890","datePublished":"2020-05-19T18:14:17+00:00","dateModified":"2021-06-17T13:08:24+00:00","breadcrumb":{"@id":"https:\/\/about.fb.com\/br\/news\/2020\/05\/lancando-lojas-do-facebook-ajudando-pequenos-negocios-a-vender-online\/#breadcrumb"},"inLanguage":"pt-BR","potentialAction":[{"@type":"ReadAction","target":["https:\/\/about.fb.com\/br\/news\/2020\/05\/lancando-lojas-do-facebook-ajudando-pequenos-negocios-a-vender-online\/"]}],"author":"Sobre a Meta"},{"@type":"ImageObject","inLanguage":"pt-BR","@id":"https:\/\/about.fb.com\/br\/news\/2020\/05\/lancando-lojas-do-facebook-ajudando-pequenos-negocios-a-vender-online\/#primaryimage","url":"https:\/\/about.fb.com\/br\/wp-content\/uploads\/sites\/11\/2020\/05\/Spearmint-Baby-Theme-Editing-pt_BR-1.png?w=890","contentUrl":"https:\/\/about.fb.com\/br\/wp-content\/uploads\/sites\/11\/2020\/05\/Spearmint-Baby-Theme-Editing-pt_BR-1.png?w=890"},{"@type":"BreadcrumbList","@id":"https:\/\/about.fb.com\/br\/news\/2020\/05\/lancando-lojas-do-facebook-ajudando-pequenos-negocios-a-vender-online\/#breadcrumb","itemListElement":[{"@type":"ListItem","position":1,"name":"Home","item":"https:\/\/about.fb.com\/br\/"},{"@type":"ListItem","position":2,"name":"Lan\u00e7ando Lojas do Facebook: ajudando pequenos neg\u00f3cios a vender online"}]},{"@type":"WebSite","@id":"https:\/\/about.fb.com\/br\/#website","url":"https:\/\/about.fb.com\/news\/","name":"Sobre a Meta","description":"","publisher":{"@id":"https:\/\/about.fb.com\/br\/#organization"},"potentialAction":[{"@type":"SearchAction","target":{"@type":"EntryPoint","urlTemplate":"https:\/\/about.fb.com\/br\/?s={search_term_string}"},"query-input":{"@type":"PropertyValueSpecification","valueRequired":true,"valueName":"search_term_string"}}],"inLanguage":"pt-BR","alternateName":["Meta Newsroom","Meta"]},{"@type":"Organization","@id":"https:\/\/about.fb.com\/br\/#organization","name":"Meta","url":"https:\/\/about.fb.com\/br\/","logo":{"@type":"ImageObject","inLanguage":"pt-BR","@id":"https:\/\/about.fb.com\/br\/#\/schema\/logo\/image\/","url":"https:\/\/about.fb.com\/br\/wp-content\/uploads\/sites\/11\/2021\/10\/meta-social-16x9-1.jpg?fit=8000%2C4500","contentUrl":"https:\/\/about.fb.com\/br\/wp-content\/uploads\/sites\/11\/2021\/10\/meta-social-16x9-1.jpg?fit=8000%2C4500","width":8000,"height":4500,"caption":"Meta"},"image":{"@id":"https:\/\/about.fb.com\/br\/#\/schema\/logo\/image\/"}}]}},"jetpack_featured_media_url":"","jetpack-related-posts":[{"id":26583,"url":"https:\/\/about.fb.com\/br\/news\/2025\/08\/maximize-seus-resultados-com-novas-formas-de-impulsionar-as-vendas-nesta-temporada-de-compras\/","url_meta":{"origin":21454,"position":0},"title":"Maximize seus resultados com novas formas de impulsionar as vendas nesta temporada de compras","author":"Meta","date":"21\/08\/2025","format":false,"excerpt":"O ritmo da inova\u00e7\u00e3o em IA continua acelerando, e na Meta estamos investindo em pessoas, infraestrutura e ferramentas para levar a superintelig\u00eancia pessoal a todos. Para as empresas no ecossistema da Meta, isso significa investimentos em infraestruturas como Andromeda, GEM, Lattice, a su\u00edte Advantage+ e ferramentas de an\u00fancios com IA\u2026","rel":"","context":"In &quot;Meta&quot;","block_context":{"text":"Meta","link":"https:\/\/about.fb.com\/br\/news\/category\/temas-home\/meta\/"},"img":{"alt_text":"","src":"https:\/\/about.fb.com\/br\/wp-content\/uploads\/sites\/11\/2025\/07\/Logo-Meta-1.jpg?fit=633%2C356&resize=350%2C200","width":350,"height":200,"srcset":"https:\/\/about.fb.com\/br\/wp-content\/uploads\/sites\/11\/2025\/07\/Logo-Meta-1.jpg?fit=633%2C356&resize=350%2C200 1x, https:\/\/about.fb.com\/br\/wp-content\/uploads\/sites\/11\/2025\/07\/Logo-Meta-1.jpg?fit=633%2C356&resize=525%2C300 1.5x"},"classes":[]},{"id":26275,"url":"https:\/\/about.fb.com\/br\/news\/2025\/04\/aproveitando-o-poder-da-ia-para-alcancar-os-clientes-onde-quer-que-eles-estejam\/","url_meta":{"origin":21454,"position":1},"title":"Aproveitando o poder da IA para alcan\u00e7ar os clientes onde quer que eles estejam","author":"Meta","date":"03\/04\/2025","format":false,"excerpt":"O crescimento de qualquer neg\u00f3cio de varejo ou e-commerce depende da capacidade de manter suas margens conforme o neg\u00f3cio cresce. Por isso, os profissionais de marketing precisam estar sempre em busca de ganhos incrementais de performance. Para ajudar cada empresa a crescer de forma lucrativa, continuamos investindo em modelos de\u2026","rel":"","context":"In &quot;Meta&quot;","block_context":{"text":"Meta","link":"https:\/\/about.fb.com\/br\/news\/category\/temas-home\/meta\/"},"img":{"alt_text":"","src":"https:\/\/about.fb.com\/br\/wp-content\/uploads\/sites\/11\/2025\/04\/485121855_1189326955964321_7014225153082356620_n.gif?resize=350%2C200","width":350,"height":200,"srcset":"https:\/\/about.fb.com\/br\/wp-content\/uploads\/sites\/11\/2025\/04\/485121855_1189326955964321_7014225153082356620_n.gif?resize=350%2C200 1x, https:\/\/about.fb.com\/br\/wp-content\/uploads\/sites\/11\/2025\/04\/485121855_1189326955964321_7014225153082356620_n.gif?resize=525%2C300 1.5x, https:\/\/about.fb.com\/br\/wp-content\/uploads\/sites\/11\/2025\/04\/485121855_1189326955964321_7014225153082356620_n.gif?resize=700%2C400 2x"},"classes":[]},{"id":26476,"url":"https:\/\/about.fb.com\/br\/news\/2025\/06\/cannes-lions-2025-a-nova-era-da-ia-generativa-para-anunciantes-e-agencias-com-foco-em-personalizacao-em-escala\/","url_meta":{"origin":21454,"position":2},"title":"Cannes Lions 2025: A nova era da IA generativa para anunciantes e ag\u00eancias com foco em personaliza\u00e7\u00e3o em escala","author":"Meta","date":"17\/06\/2025","format":false,"excerpt":"Nesta semana, durante o Festival Internacional de Criatividade Cannes Lions, estamos apresentando a nova era das solu\u00e7\u00f5es de IA generativa para anunciantes e ag\u00eancias, com o objetivo de melhorar o desempenho das campanhas publicit\u00e1rias e impulsionar o crescimento dos neg\u00f3cios. \u00c0 medida que a IA continua evoluindo, ela abre novos\u2026","rel":"","context":"In &quot;Meta&quot;","block_context":{"text":"Meta","link":"https:\/\/about.fb.com\/br\/news\/category\/temas-home\/meta\/"},"img":{"alt_text":"","src":"https:\/\/about.fb.com\/br\/wp-content\/uploads\/sites\/11\/2025\/07\/Logo-Meta-1.jpg?fit=633%2C356&resize=350%2C200","width":350,"height":200,"srcset":"https:\/\/about.fb.com\/br\/wp-content\/uploads\/sites\/11\/2025\/07\/Logo-Meta-1.jpg?fit=633%2C356&resize=350%2C200 1x, https:\/\/about.fb.com\/br\/wp-content\/uploads\/sites\/11\/2025\/07\/Logo-Meta-1.jpg?fit=633%2C356&resize=525%2C300 1.5x"},"classes":[]},{"id":27073,"url":"https:\/\/about.fb.com\/br\/news\/2026\/04\/destaque-em-performance-tendencias-globais\/","url_meta":{"origin":21454,"position":3},"title":"Destaque em performance: tend\u00eancias globais","author":"Meta","date":"09\/04\/2026","format":false,"excerpt":"De Berlim a Taip\u00e9, os anunciantes est\u00e3o utilizando as ferramentas habilitadas por IA da Meta para alcan\u00e7ar novos clientes, fortalecer a conex\u00e3o com a marca e gerar resultados mensur\u00e1veis. Seja escalando conte\u00fado de criadores em an\u00fancios, diversificando o seu criativo para recrutar os melhores talentos ou integrando as vendas on-line\u2026","rel":"","context":"In &quot;Recent News&quot;","block_context":{"text":"Recent News","link":"https:\/\/about.fb.com\/br\/news\/category\/recent-news\/"},"img":{"alt_text":"","src":"https:\/\/about.fb.com\/br\/wp-content\/uploads\/sites\/11\/2026\/04\/Destaque-em-performance-tendencias-globais-1.png?resize=350%2C200","width":350,"height":200,"srcset":"https:\/\/about.fb.com\/br\/wp-content\/uploads\/sites\/11\/2026\/04\/Destaque-em-performance-tendencias-globais-1.png?resize=350%2C200 1x, https:\/\/about.fb.com\/br\/wp-content\/uploads\/sites\/11\/2026\/04\/Destaque-em-performance-tendencias-globais-1.png?resize=525%2C300 1.5x, https:\/\/about.fb.com\/br\/wp-content\/uploads\/sites\/11\/2026\/04\/Destaque-em-performance-tendencias-globais-1.png?resize=700%2C400 2x"},"classes":[]},{"id":27025,"url":"https:\/\/about.fb.com\/br\/news\/2026\/03\/apresentando-uma-nova-era-de-descoberta-de-produtos-impulsionada-por-ia-e-criadores\/","url_meta":{"origin":21454,"position":4},"title":"Apresentando uma nova era de descoberta de produtos impulsionada por IA e criadores","author":"Meta","date":"25\/03\/2026","format":false,"excerpt":"Todos os dias, bilh\u00f5es de pessoas acessam os aplicativos da Meta para descobrir algo novo \u2014 um produto que um criador adora, uma marca que chama sua aten\u00e7\u00e3o ou um estilo que elas nem sabiam que estavam procurando.A IA est\u00e1 ajudando a impulsionar esses momentos de descoberta, seja exibindo conte\u00fados\u2026","rel":"","context":"In &quot;Recent News&quot;","block_context":{"text":"Recent News","link":"https:\/\/about.fb.com\/br\/news\/category\/recent-news\/"},"img":{"alt_text":"","src":"https:\/\/about.fb.com\/br\/wp-content\/uploads\/sites\/11\/2026\/03\/newsroom-shoptalk.gif?w=312&resize=350%2C200","width":350,"height":200},"classes":[]},{"id":26367,"url":"https:\/\/about.fb.com\/br\/news\/2025\/05\/insights-dos-resultados-do-1o-trimestre-da-meta-para-impulsionar-o-desempenho-dos-negocios\/","url_meta":{"origin":21454,"position":5},"title":"Insights dos resultados do 1\u00ba trimestre da Meta para impulsionar o desempenho dos neg\u00f3cios","author":"Meta","date":"02\/05\/2025","format":false,"excerpt":"Hoje, estamos compartilhando alguns insights importantes sobre ganhos de performance com o uso de produtos de an\u00fancios baseados em intelig\u00eancia artificial, v\u00eddeos e Reels, al\u00e9m de a\u00e7\u00f5es que as empresas podem adotar para atrair mais clientes e aproveitar ao m\u00e1ximo cada investimento em marketing. As dicas se baseiam nos destaques\u2026","rel":"","context":"In &quot;Meta&quot;","block_context":{"text":"Meta","link":"https:\/\/about.fb.com\/br\/news\/category\/temas-home\/meta\/"},"img":{"alt_text":"","src":"https:\/\/about.fb.com\/br\/wp-content\/uploads\/sites\/11\/2025\/05\/capa.png?fit=1920%2C1080&resize=350%2C200","width":350,"height":200,"srcset":"https:\/\/about.fb.com\/br\/wp-content\/uploads\/sites\/11\/2025\/05\/capa.png?fit=1920%2C1080&resize=350%2C200 1x, https:\/\/about.fb.com\/br\/wp-content\/uploads\/sites\/11\/2025\/05\/capa.png?fit=1920%2C1080&resize=525%2C300 1.5x, https:\/\/about.fb.com\/br\/wp-content\/uploads\/sites\/11\/2025\/05\/capa.png?fit=1920%2C1080&resize=700%2C400 2x, https:\/\/about.fb.com\/br\/wp-content\/uploads\/sites\/11\/2025\/05\/capa.png?fit=1920%2C1080&resize=1050%2C600 3x, https:\/\/about.fb.com\/br\/wp-content\/uploads\/sites\/11\/2025\/05\/capa.png?fit=1920%2C1080&resize=1400%2C800 4x"},"classes":[]}],"jetpack_sharing_enabled":true,"amp_enabled":true,"_links":{"self":[{"href":"https:\/\/about.fb.com\/br\/wp-json\/wp\/v2\/posts\/21454","targetHints":{"allow":["GET"]}}],"collection":[{"href":"https:\/\/about.fb.com\/br\/wp-json\/wp\/v2\/posts"}],"about":[{"href":"https:\/\/about.fb.com\/br\/wp-json\/wp\/v2\/types\/post"}],"author":[{"embeddable":true,"href":"https:\/\/about.fb.com\/br\/wp-json\/wp\/v2\/users\/81109636"}],"replies":[{"embeddable":true,"href":"https:\/\/about.fb.com\/br\/wp-json\/wp\/v2\/comments?post=21454"}],"version-history":[{"count":8,"href":"https:\/\/about.fb.com\/br\/wp-json\/wp\/v2\/posts\/21454\/revisions"}],"predecessor-version":[{"id":21456,"href":"https:\/\/about.fb.com\/br\/wp-json\/wp\/v2\/posts\/21454\/revisions\/21456"}],"wp:attachment":[{"href":"https:\/\/about.fb.com\/br\/wp-json\/wp\/v2\/media?parent=21454"}],"wp:term":[{"taxonomy":"category","embeddable":true,"href":"https:\/\/about.fb.com\/br\/wp-json\/wp\/v2\/categories?post=21454"},{"taxonomy":"post_tag","embeddable":true,"href":"https:\/\/about.fb.com\/br\/wp-json\/wp\/v2\/tags?post=21454"}],"curies":[{"name":"wp","href":"https:\/\/api.w.org\/{rel}","templated":true}]}}