{"id":21252,"date":"2020-03-25T11:35:32","date_gmt":"2020-03-25T14:35:32","guid":{"rendered":"https:\/\/about.fb.com\/br\/?p=21252"},"modified":"2021-06-17T10:09:42","modified_gmt":"2021-06-17T13:09:42","slug":"facebook-apoia-ministerio-da-saude-no-combate-ao-coronavirus","status":"publish","type":"post","link":"https:\/\/about.fb.com\/br\/news\/2020\/03\/facebook-apoia-ministerio-da-saude-no-combate-ao-coronavirus\/","title":{"rendered":"Facebook apoia Minist\u00e9rio da Sa\u00fade no combate ao coronav\u00edrus"},"content":{"rendered":"<p>Hoje estamos anunciando medidas para apoiar o trabalho que o Minist\u00e9rio da Sa\u00fade est\u00e1 fazendo para conter a dissemina\u00e7\u00e3o do coronav\u00edrus e manter as pessoas seguras no Brasil.<\/p>\n<p>O Facebook est\u00e1 fornecendo cr\u00e9ditos para que o Minist\u00e9rio da Sa\u00fade possa promover suas campanhas no Facebook e no Instagram para informar as pessoas sobre como elas podem se proteger, \u00e0 medida em que cresce o n\u00famero de casos confirmados de infec\u00e7\u00f5es pelo COVID-19 no pa\u00eds.<\/p>\n<p>Tamb\u00e9m vamos ajudar milh\u00f5es de pessoas no pa\u00eds a receber informa\u00e7\u00f5es atualizadas sobre o coronav\u00edrus em parceria com o Minist\u00e9rio da Sa\u00fade, atrav\u00e9s de notifica\u00e7\u00f5es no topo dos feeds do Facebook e do Instagram a partir dos pr\u00f3ximos dias.<\/p>\n<p><img data-recalc-dims=\"1\" loading=\"lazy\" decoding=\"async\" class=\"aligncenter size-large wp-image-21253\" src=\"https:\/\/about.fb.com\/br\/wp-content\/uploads\/sites\/11\/2020\/03\/QP-BR.jpg?w=890&#038;resize=890%2C877\" alt=\"\" width=\"890\" height=\"877\" srcset=\"https:\/\/about.fb.com\/br\/wp-content\/uploads\/sites\/11\/2020\/03\/QP-BR.jpg?w=1125 1125w, https:\/\/about.fb.com\/br\/wp-content\/uploads\/sites\/11\/2020\/03\/QP-BR.jpg?w=406 406w, https:\/\/about.fb.com\/br\/wp-content\/uploads\/sites\/11\/2020\/03\/QP-BR.jpg?w=300 300w, https:\/\/about.fb.com\/br\/wp-content\/uploads\/sites\/11\/2020\/03\/QP-BR.jpg?w=768 768w, https:\/\/about.fb.com\/br\/wp-content\/uploads\/sites\/11\/2020\/03\/QP-BR.jpg?w=1024 1024w, https:\/\/about.fb.com\/br\/wp-content\/uploads\/sites\/11\/2020\/03\/QP-BR.jpg?w=1097 1097w, https:\/\/about.fb.com\/br\/wp-content\/uploads\/sites\/11\/2020\/03\/QP-BR.jpg?w=609 609w\" sizes=\"auto, (max-width: 890px) 100vw, 890px\" \/><\/p>\n<hr \/>\n<p>&nbsp;<\/p>\n<p><img data-recalc-dims=\"1\" loading=\"lazy\" decoding=\"async\" class=\"aligncenter size-large wp-image-21254\" src=\"https:\/\/about.fb.com\/br\/wp-content\/uploads\/sites\/11\/2020\/03\/90748539_520267322200103_8339626054062702592_n.png?w=678&#038;resize=678%2C436\" alt=\"\" width=\"678\" height=\"436\" srcset=\"https:\/\/about.fb.com\/br\/wp-content\/uploads\/sites\/11\/2020\/03\/90748539_520267322200103_8339626054062702592_n.png?w=678 678w, https:\/\/about.fb.com\/br\/wp-content\/uploads\/sites\/11\/2020\/03\/90748539_520267322200103_8339626054062702592_n.png?w=600 600w, https:\/\/about.fb.com\/br\/wp-content\/uploads\/sites\/11\/2020\/03\/90748539_520267322200103_8339626054062702592_n.png?w=300 300w\" sizes=\"auto, (max-width: 678px) 100vw, 678px\" \/><\/p>\n<p>Al\u00e9m disso, estamos fornecendo ao Minist\u00e9rio da Sa\u00fade acesso a uma tela customizada de CrowdTangle, uma ferramenta do Facebook usada para mensurar como conte\u00fados p\u00fablicos online est\u00e3o se disseminando. O CrowdTangle j\u00e1 foi usado por ag\u00eancias de checagem e governos locais antes de eventos importantes como elei\u00e7\u00f5es, e estamos usando a ferramenta agora para monitorar conte\u00fados sobre o coronav\u00edrus sendo publicados no Facebook e Instagram. Sabendo quais tipos de informa\u00e7\u00f5es est\u00e3o sendo disseminadas online, as autoridades podem construir campanhas informativas mais efetivas.<\/p>\n<p>&#8220;A parceria com o Facebook refor\u00e7a a estrat\u00e9gia do Minist\u00e9rio da Sa\u00fade desde o in\u00edcio da crise: comunicar com a sociedade de forma clara, transparente e sistem\u00e1tica. O tr\u00e1fego de informa\u00e7\u00f5es sobre o tema coronav\u00edrus tem sido intenso, ent\u00e3o \u00e9 importante canalizar a opini\u00e3o p\u00fablica para fontes confi\u00e1veis, o Facebook vai nos ajudar nisso&#8221;, afirma o diretor de Comunica\u00e7\u00e3o Social do Minist\u00e9rio da Sa\u00fade, Ugo Braga.<\/p>\n<p>\u201cA habilidade de se comunicar e encontrar informa\u00e7\u00f5es confi\u00e1veis s\u00e3o ainda mais importantes durante uma crise global de sa\u00fade, e por isso o Facebook est\u00e1 trabalhando com o Minist\u00e9rio da Sa\u00fade no Brasil e organiza\u00e7\u00f5es globais de sa\u00fade para ajudar a conter o coronav\u00edrus&#8221;, afirma o diretor-geral do Facebook no Brasil, Conrado Leister.<\/p>\n<p>Al\u00e9m do trabalho em parceria com autoridades do Brasil, anunciamos uma s\u00e9rie de a\u00e7\u00f5es globais para que as pessoas tenham informa\u00e7\u00f5es confi\u00e1veis sobre o coronav\u00edrus quando elas est\u00e3o no Facebook e no Instagram, incluindo:<\/p>\n<ul>\n<li>Quando as pessoas fazem buscas no Facebook relacionadas ao v\u00edrus ou por uma hashtag no Instagram, elas veem um pop-up com informa\u00e7\u00f5es confi\u00e1veis &#8211; no Brasil, estamos direcionando as pessoas para o site do Minist\u00e9rio da Sa\u00fade sobre COVID-19.<\/li>\n<li>Estamos removendo falsas promessas de cura ou teorias da conspira\u00e7\u00e3o sobre o v\u00edrus que poderiam causar dano real \u00e0s pessoas, quando somos alertados sobre esses conte\u00fados por organiza\u00e7\u00f5es de sa\u00fade globais e locais.<\/li>\n<li>Banimos temporariamente an\u00fancios publicit\u00e1rios e listagem de produtos, como aquelas no Marketplace, de venda de m\u00e1scaras respirat\u00f3rias.<\/li>\n<li>Implementamos uma nova pol\u00edtica para proteger as pessoas daqueles tentando tirar proveito de uma emerg\u00eancia global de sa\u00fade para obter ganhos financeiros. Isso significa que estamos proibindo an\u00fancios que buscam criar p\u00e2nico ou de produtos prometendo a cura ou a preven\u00e7\u00e3o do v\u00edrus.<\/li>\n<\/ul>\n","protected":false},"excerpt":{"rendered":"Hoje estamos anunciando medidas para apoiar o trabalho que o Minist\u00e9rio da Sa\u00fade est\u00e1 fazendo para conter a dissemina\u00e7\u00e3o do coronav\u00edrus e manter as pessoas seguras no Brasil. O Facebook est\u00e1 fornecendo cr\u00e9ditos para que o Minist\u00e9rio da Sa\u00fade possa promover suas campanhas no Facebook e no Instagram para informar as pessoas sobre como elas podem se proteger, \u00e0 medida em que cresce o n\u00famero de casos confirmados de infec\u00e7\u00f5es pelo COVID-19 no pa\u00eds. Tamb\u00e9m vamos ajudar milh\u00f5es de pessoas no pa\u00eds a receber informa\u00e7\u00f5es atualizadas sobre o coronav\u00edrus em parceria com o Minist\u00e9rio da Sa\u00fade, atrav\u00e9s de notifica\u00e7\u00f5es no topo dos feeds do Facebook e do Instagram a partir dos pr\u00f3ximos dias. &nbsp; Al\u00e9m disso, estamos fornecendo ao Minist\u00e9rio da Sa\u00fade acesso a uma tela customizada de CrowdTangle, uma ferramenta do Facebook usada para mensurar como conte\u00fados p\u00fablicos online est\u00e3o se disseminando. O CrowdTangle j\u00e1 foi usado por ag\u00eancias de checagem e governos locais antes de eventos importantes como elei\u00e7\u00f5es, e estamos usando a ferramenta agora para monitorar conte\u00fados sobre o coronav\u00edrus sendo publicados no Facebook e Instagram. Sabendo quais tipos de informa\u00e7\u00f5es est\u00e3o sendo disseminadas online, as autoridades podem construir campanhas informativas mais efetivas. &#8220;A parceria com o Facebook refor\u00e7a a estrat\u00e9gia do Minist\u00e9rio da Sa\u00fade desde o in\u00edcio da crise: comunicar com a sociedade de forma clara, transparente e sistem\u00e1tica. O tr\u00e1fego de informa\u00e7\u00f5es sobre o tema coronav\u00edrus tem sido intenso, ent\u00e3o \u00e9 importante canalizar a opini\u00e3o p\u00fablica para fontes confi\u00e1veis, o Facebook vai nos ajudar nisso&#8221;, afirma o diretor de Comunica\u00e7\u00e3o Social do Minist\u00e9rio da Sa\u00fade, Ugo Braga. \u201cA habilidade de se comunicar e encontrar informa\u00e7\u00f5es confi\u00e1veis s\u00e3o ainda mais importantes durante uma crise global de sa\u00fade, e por isso o Facebook est\u00e1 trabalhando com o Minist\u00e9rio da Sa\u00fade no Brasil e organiza\u00e7\u00f5es globais de sa\u00fade para ajudar a conter o coronav\u00edrus&#8221;, afirma o diretor-geral do Facebook no Brasil, Conrado Leister. Al\u00e9m do trabalho em parceria com autoridades do Brasil, anunciamos uma s\u00e9rie de a\u00e7\u00f5es globais para que as pessoas tenham informa\u00e7\u00f5es confi\u00e1veis sobre o coronav\u00edrus quando elas est\u00e3o no Facebook e no Instagram, incluindo: Quando as pessoas fazem buscas no Facebook relacionadas ao v\u00edrus ou por uma hashtag no Instagram, elas veem um pop-up com informa\u00e7\u00f5es confi\u00e1veis &#8211; no Brasil, estamos direcionando as pessoas para o site do Minist\u00e9rio da Sa\u00fade sobre COVID-19. Estamos removendo falsas promessas de cura ou teorias da conspira\u00e7\u00e3o sobre o v\u00edrus que poderiam causar dano real \u00e0s pessoas, quando somos alertados sobre esses conte\u00fados por organiza\u00e7\u00f5es de sa\u00fade globais e locais. Banimos temporariamente an\u00fancios publicit\u00e1rios e listagem de produtos, como aquelas no Marketplace, de venda de m\u00e1scaras respirat\u00f3rias. Implementamos uma nova pol\u00edtica para proteger as pessoas daqueles tentando tirar proveito de uma emerg\u00eancia global de sa\u00fade para obter ganhos financeiros. Isso significa que estamos proibindo an\u00fancios que buscam criar p\u00e2nico ou de produtos prometendo a cura ou a preven\u00e7\u00e3o do v\u00edrus.","protected":false},"author":123719055,"featured_media":0,"comment_status":"closed","ping_status":"closed","sticky":false,"template":"","format":"standard","meta":{"_jetpack_memberships_contains_paid_content":false,"footnotes":""},"categories":[1],"tags":[],"class_list":["post-21252","post","type-post","status-publish","format-standard","hentry","category-recent-news"],"yoast_head":"<!-- This site is optimized with the Yoast SEO plugin v27.2 - https:\/\/yoast.com\/product\/yoast-seo-wordpress\/ -->\n<title>Facebook apoia Minist\u00e9rio da Sa\u00fade no combate ao coronav\u00edrus | Sobre a Meta<\/title>\n<meta name=\"robots\" content=\"index, follow, max-snippet:-1, max-image-preview:large, max-video-preview:-1\" \/>\n<link rel=\"canonical\" href=\"https:\/\/about.fb.com\/br\/news\/2020\/03\/facebook-apoia-ministerio-da-saude-no-combate-ao-coronavirus\/\" \/>\n<meta property=\"og:locale\" content=\"pt_BR\" \/>\n<meta property=\"og:type\" content=\"article\" \/>\n<meta property=\"og:title\" content=\"Facebook apoia Minist\u00e9rio da Sa\u00fade no combate ao coronav\u00edrus | Sobre a Meta\" \/>\n<meta property=\"og:description\" content=\"Hoje estamos anunciando medidas para apoiar o trabalho que o Minist\u00e9rio da Sa\u00fade est\u00e1 fazendo para conter a dissemina\u00e7\u00e3o do coronav\u00edrus e manter as pessoas seguras no Brasil. O Facebook est\u00e1 fornecendo cr\u00e9ditos para que o Minist\u00e9rio da Sa\u00fade possa promover suas campanhas no Facebook e no Instagram para informar as pessoas sobre como elas podem se proteger, \u00e0 medida em que cresce o n\u00famero de casos confirmados de infec\u00e7\u00f5es pelo COVID-19 no pa\u00eds. Tamb\u00e9m vamos ajudar milh\u00f5es de pessoas no pa\u00eds a receber informa\u00e7\u00f5es atualizadas sobre o coronav\u00edrus em parceria com o Minist\u00e9rio da Sa\u00fade, atrav\u00e9s de notifica\u00e7\u00f5es no topo dos feeds do Facebook e do Instagram a partir dos pr\u00f3ximos dias. &nbsp; Al\u00e9m disso, estamos fornecendo ao Minist\u00e9rio da Sa\u00fade acesso a uma tela customizada de CrowdTangle, uma ferramenta do Facebook usada para mensurar como conte\u00fados p\u00fablicos online est\u00e3o se disseminando. O CrowdTangle j\u00e1 foi usado por ag\u00eancias de checagem e governos locais antes de eventos importantes como elei\u00e7\u00f5es, e estamos usando a ferramenta agora para monitorar conte\u00fados sobre o coronav\u00edrus sendo publicados no Facebook e Instagram. Sabendo quais tipos de informa\u00e7\u00f5es est\u00e3o sendo disseminadas online, as autoridades podem construir campanhas informativas mais efetivas. &#8220;A parceria com o Facebook refor\u00e7a a estrat\u00e9gia do Minist\u00e9rio da Sa\u00fade desde o in\u00edcio da crise: comunicar com a sociedade de forma clara, transparente e sistem\u00e1tica. O tr\u00e1fego de informa\u00e7\u00f5es sobre o tema coronav\u00edrus tem sido intenso, ent\u00e3o \u00e9 importante canalizar a opini\u00e3o p\u00fablica para fontes confi\u00e1veis, o Facebook vai nos ajudar nisso&#8221;, afirma o diretor de Comunica\u00e7\u00e3o Social do Minist\u00e9rio da Sa\u00fade, Ugo Braga. \u201cA habilidade de se comunicar e encontrar informa\u00e7\u00f5es confi\u00e1veis s\u00e3o ainda mais importantes durante uma crise global de sa\u00fade, e por isso o Facebook est\u00e1 trabalhando com o Minist\u00e9rio da Sa\u00fade no Brasil e organiza\u00e7\u00f5es globais de sa\u00fade para ajudar a conter o coronav\u00edrus&#8221;, afirma o diretor-geral do Facebook no Brasil, Conrado Leister. Al\u00e9m do trabalho em parceria com autoridades do Brasil, anunciamos uma s\u00e9rie de a\u00e7\u00f5es globais para que as pessoas tenham informa\u00e7\u00f5es confi\u00e1veis sobre o coronav\u00edrus quando elas est\u00e3o no Facebook e no Instagram, incluindo: Quando as pessoas fazem buscas no Facebook relacionadas ao v\u00edrus ou por uma hashtag no Instagram, elas veem um pop-up com informa\u00e7\u00f5es confi\u00e1veis &#8211; no Brasil, estamos direcionando as pessoas para o site do Minist\u00e9rio da Sa\u00fade sobre COVID-19. Estamos removendo falsas promessas de cura ou teorias da conspira\u00e7\u00e3o sobre o v\u00edrus que poderiam causar dano real \u00e0s pessoas, quando somos alertados sobre esses conte\u00fados por organiza\u00e7\u00f5es de sa\u00fade globais e locais. Banimos temporariamente an\u00fancios publicit\u00e1rios e listagem de produtos, como aquelas no Marketplace, de venda de m\u00e1scaras respirat\u00f3rias. Implementamos uma nova pol\u00edtica para proteger as pessoas daqueles tentando tirar proveito de uma emerg\u00eancia global de sa\u00fade para obter ganhos financeiros. Isso significa que estamos proibindo an\u00fancios que buscam criar p\u00e2nico ou de produtos prometendo a cura ou a preven\u00e7\u00e3o do v\u00edrus.\" \/>\n<meta property=\"og:url\" content=\"https:\/\/about.fb.com\/br\/news\/2020\/03\/facebook-apoia-ministerio-da-saude-no-combate-ao-coronavirus\/\" \/>\n<meta property=\"og:site_name\" content=\"Sobre a Meta\" \/>\n<meta property=\"article:published_time\" content=\"2020-03-25T14:35:32+00:00\" \/>\n<meta property=\"article:modified_time\" content=\"2021-06-17T13:09:42+00:00\" \/>\n<meta property=\"og:image\" content=\"https:\/\/about.fb.com\/br\/wp-content\/uploads\/sites\/11\/2020\/03\/QP-BR.jpg?w=890\" \/>\n<meta name=\"author\" content=\"cesarbianconi\" \/>\n<meta name=\"twitter:card\" content=\"summary_large_image\" \/>\n<meta name=\"twitter:label1\" content=\"Written by\" \/>\n\t<meta name=\"twitter:data1\" content=\"Meta\" \/>\n\t<meta name=\"twitter:label2\" content=\"Est. reading time\" \/>\n\t<meta name=\"twitter:data2\" content=\"3 minutos\" \/>\n<script type=\"application\/ld+json\" class=\"yoast-schema-graph\">{\"@context\":\"https:\/\/schema.org\",\"@graph\":[{\"@type\":\"Article\",\"@id\":\"https:\/\/about.fb.com\/br\/news\/2020\/03\/facebook-apoia-ministerio-da-saude-no-combate-ao-coronavirus\/#article\",\"isPartOf\":{\"@id\":\"https:\/\/about.fb.com\/br\/news\/2020\/03\/facebook-apoia-ministerio-da-saude-no-combate-ao-coronavirus\/\"},\"author\":\"Facebook company\",\"headline\":\"Facebook apoia Minist\u00e9rio da Sa\u00fade no combate ao coronav\u00edrus\",\"datePublished\":\"2020-03-25T14:35:32+00:00\",\"dateModified\":\"2021-06-17T13:09:42+00:00\",\"mainEntityOfPage\":{\"@id\":\"https:\/\/about.fb.com\/br\/news\/2020\/03\/facebook-apoia-ministerio-da-saude-no-combate-ao-coronavirus\/\"},\"wordCount\":576,\"publisher\":{\"@id\":\"https:\/\/about.fb.com\/br\/#organization\"},\"image\":{\"@id\":\"https:\/\/about.fb.com\/br\/news\/2020\/03\/facebook-apoia-ministerio-da-saude-no-combate-ao-coronavirus\/#primaryimage\"},\"thumbnailUrl\":\"https:\/\/about.fb.com\/br\/wp-content\/uploads\/sites\/11\/2020\/03\/QP-BR.jpg?w=890\",\"articleSection\":[\"Recent News\"],\"inLanguage\":\"pt-BR\"},{\"@type\":\"WebPage\",\"@id\":\"https:\/\/about.fb.com\/br\/news\/2020\/03\/facebook-apoia-ministerio-da-saude-no-combate-ao-coronavirus\/\",\"url\":\"https:\/\/about.fb.com\/br\/news\/2020\/03\/facebook-apoia-ministerio-da-saude-no-combate-ao-coronavirus\/\",\"name\":\"Facebook apoia Minist\u00e9rio da Sa\u00fade no combate ao coronav\u00edrus | Sobre a Meta\",\"isPartOf\":{\"@id\":\"https:\/\/about.fb.com\/br\/#website\"},\"primaryImageOfPage\":{\"@id\":\"https:\/\/about.fb.com\/br\/news\/2020\/03\/facebook-apoia-ministerio-da-saude-no-combate-ao-coronavirus\/#primaryimage\"},\"image\":{\"@id\":\"https:\/\/about.fb.com\/br\/news\/2020\/03\/facebook-apoia-ministerio-da-saude-no-combate-ao-coronavirus\/#primaryimage\"},\"thumbnailUrl\":\"https:\/\/about.fb.com\/br\/wp-content\/uploads\/sites\/11\/2020\/03\/QP-BR.jpg?w=890\",\"datePublished\":\"2020-03-25T14:35:32+00:00\",\"dateModified\":\"2021-06-17T13:09:42+00:00\",\"breadcrumb\":{\"@id\":\"https:\/\/about.fb.com\/br\/news\/2020\/03\/facebook-apoia-ministerio-da-saude-no-combate-ao-coronavirus\/#breadcrumb\"},\"inLanguage\":\"pt-BR\",\"potentialAction\":[{\"@type\":\"ReadAction\",\"target\":[\"https:\/\/about.fb.com\/br\/news\/2020\/03\/facebook-apoia-ministerio-da-saude-no-combate-ao-coronavirus\/\"]}],\"author\":\"Sobre a Meta\"},{\"@type\":\"ImageObject\",\"inLanguage\":\"pt-BR\",\"@id\":\"https:\/\/about.fb.com\/br\/news\/2020\/03\/facebook-apoia-ministerio-da-saude-no-combate-ao-coronavirus\/#primaryimage\",\"url\":\"https:\/\/about.fb.com\/br\/wp-content\/uploads\/sites\/11\/2020\/03\/QP-BR.jpg?w=890\",\"contentUrl\":\"https:\/\/about.fb.com\/br\/wp-content\/uploads\/sites\/11\/2020\/03\/QP-BR.jpg?w=890\"},{\"@type\":\"BreadcrumbList\",\"@id\":\"https:\/\/about.fb.com\/br\/news\/2020\/03\/facebook-apoia-ministerio-da-saude-no-combate-ao-coronavirus\/#breadcrumb\",\"itemListElement\":[{\"@type\":\"ListItem\",\"position\":1,\"name\":\"Home\",\"item\":\"https:\/\/about.fb.com\/br\/\"},{\"@type\":\"ListItem\",\"position\":2,\"name\":\"Facebook apoia Minist\u00e9rio da Sa\u00fade no combate ao coronav\u00edrus\"}]},{\"@type\":\"WebSite\",\"@id\":\"https:\/\/about.fb.com\/br\/#website\",\"url\":\"https:\/\/about.fb.com\/news\/\",\"name\":\"Sobre a Meta\",\"description\":\"\",\"publisher\":{\"@id\":\"https:\/\/about.fb.com\/br\/#organization\"},\"potentialAction\":[{\"@type\":\"SearchAction\",\"target\":{\"@type\":\"EntryPoint\",\"urlTemplate\":\"https:\/\/about.fb.com\/br\/?s={search_term_string}\"},\"query-input\":{\"@type\":\"PropertyValueSpecification\",\"valueRequired\":true,\"valueName\":\"search_term_string\"}}],\"inLanguage\":\"pt-BR\",\"alternateName\":[\"Meta Newsroom\",\"Meta\"]},{\"@type\":\"Organization\",\"@id\":\"https:\/\/about.fb.com\/br\/#organization\",\"name\":\"Meta\",\"url\":\"https:\/\/about.fb.com\/br\/\",\"logo\":{\"@type\":\"ImageObject\",\"inLanguage\":\"pt-BR\",\"@id\":\"https:\/\/about.fb.com\/br\/#\/schema\/logo\/image\/\",\"url\":\"https:\/\/about.fb.com\/br\/wp-content\/uploads\/sites\/11\/2021\/10\/meta-social-16x9-1.jpg?fit=8000%2C4500\",\"contentUrl\":\"https:\/\/about.fb.com\/br\/wp-content\/uploads\/sites\/11\/2021\/10\/meta-social-16x9-1.jpg?fit=8000%2C4500\",\"width\":8000,\"height\":4500,\"caption\":\"Meta\"},\"image\":{\"@id\":\"https:\/\/about.fb.com\/br\/#\/schema\/logo\/image\/\"}}]}<\/script>\n<!-- \/ Yoast SEO plugin. -->","yoast_head_json":{"title":"Facebook apoia Minist\u00e9rio da Sa\u00fade no combate ao coronav\u00edrus | Sobre a Meta","robots":{"index":"index","follow":"follow","max-snippet":"max-snippet:-1","max-image-preview":"max-image-preview:large","max-video-preview":"max-video-preview:-1"},"canonical":"https:\/\/about.fb.com\/br\/news\/2020\/03\/facebook-apoia-ministerio-da-saude-no-combate-ao-coronavirus\/","og_locale":"pt_BR","og_type":"article","og_title":"Facebook apoia Minist\u00e9rio da Sa\u00fade no combate ao coronav\u00edrus | Sobre a Meta","og_description":"Hoje estamos anunciando medidas para apoiar o trabalho que o Minist\u00e9rio da Sa\u00fade est\u00e1 fazendo para conter a dissemina\u00e7\u00e3o do coronav\u00edrus e manter as pessoas seguras no Brasil. O Facebook est\u00e1 fornecendo cr\u00e9ditos para que o Minist\u00e9rio da Sa\u00fade possa promover suas campanhas no Facebook e no Instagram para informar as pessoas sobre como elas podem se proteger, \u00e0 medida em que cresce o n\u00famero de casos confirmados de infec\u00e7\u00f5es pelo COVID-19 no pa\u00eds. Tamb\u00e9m vamos ajudar milh\u00f5es de pessoas no pa\u00eds a receber informa\u00e7\u00f5es atualizadas sobre o coronav\u00edrus em parceria com o Minist\u00e9rio da Sa\u00fade, atrav\u00e9s de notifica\u00e7\u00f5es no topo dos feeds do Facebook e do Instagram a partir dos pr\u00f3ximos dias. &nbsp; Al\u00e9m disso, estamos fornecendo ao Minist\u00e9rio da Sa\u00fade acesso a uma tela customizada de CrowdTangle, uma ferramenta do Facebook usada para mensurar como conte\u00fados p\u00fablicos online est\u00e3o se disseminando. O CrowdTangle j\u00e1 foi usado por ag\u00eancias de checagem e governos locais antes de eventos importantes como elei\u00e7\u00f5es, e estamos usando a ferramenta agora para monitorar conte\u00fados sobre o coronav\u00edrus sendo publicados no Facebook e Instagram. Sabendo quais tipos de informa\u00e7\u00f5es est\u00e3o sendo disseminadas online, as autoridades podem construir campanhas informativas mais efetivas. &#8220;A parceria com o Facebook refor\u00e7a a estrat\u00e9gia do Minist\u00e9rio da Sa\u00fade desde o in\u00edcio da crise: comunicar com a sociedade de forma clara, transparente e sistem\u00e1tica. O tr\u00e1fego de informa\u00e7\u00f5es sobre o tema coronav\u00edrus tem sido intenso, ent\u00e3o \u00e9 importante canalizar a opini\u00e3o p\u00fablica para fontes confi\u00e1veis, o Facebook vai nos ajudar nisso&#8221;, afirma o diretor de Comunica\u00e7\u00e3o Social do Minist\u00e9rio da Sa\u00fade, Ugo Braga. \u201cA habilidade de se comunicar e encontrar informa\u00e7\u00f5es confi\u00e1veis s\u00e3o ainda mais importantes durante uma crise global de sa\u00fade, e por isso o Facebook est\u00e1 trabalhando com o Minist\u00e9rio da Sa\u00fade no Brasil e organiza\u00e7\u00f5es globais de sa\u00fade para ajudar a conter o coronav\u00edrus&#8221;, afirma o diretor-geral do Facebook no Brasil, Conrado Leister. Al\u00e9m do trabalho em parceria com autoridades do Brasil, anunciamos uma s\u00e9rie de a\u00e7\u00f5es globais para que as pessoas tenham informa\u00e7\u00f5es confi\u00e1veis sobre o coronav\u00edrus quando elas est\u00e3o no Facebook e no Instagram, incluindo: Quando as pessoas fazem buscas no Facebook relacionadas ao v\u00edrus ou por uma hashtag no Instagram, elas veem um pop-up com informa\u00e7\u00f5es confi\u00e1veis &#8211; no Brasil, estamos direcionando as pessoas para o site do Minist\u00e9rio da Sa\u00fade sobre COVID-19. Estamos removendo falsas promessas de cura ou teorias da conspira\u00e7\u00e3o sobre o v\u00edrus que poderiam causar dano real \u00e0s pessoas, quando somos alertados sobre esses conte\u00fados por organiza\u00e7\u00f5es de sa\u00fade globais e locais. Banimos temporariamente an\u00fancios publicit\u00e1rios e listagem de produtos, como aquelas no Marketplace, de venda de m\u00e1scaras respirat\u00f3rias. Implementamos uma nova pol\u00edtica para proteger as pessoas daqueles tentando tirar proveito de uma emerg\u00eancia global de sa\u00fade para obter ganhos financeiros. Isso significa que estamos proibindo an\u00fancios que buscam criar p\u00e2nico ou de produtos prometendo a cura ou a preven\u00e7\u00e3o do v\u00edrus.","og_url":"https:\/\/about.fb.com\/br\/news\/2020\/03\/facebook-apoia-ministerio-da-saude-no-combate-ao-coronavirus\/","og_site_name":"Sobre a Meta","article_published_time":"2020-03-25T14:35:32+00:00","article_modified_time":"2021-06-17T13:09:42+00:00","og_image":[{"url":"https:\/\/about.fb.com\/br\/wp-content\/uploads\/sites\/11\/2020\/03\/QP-BR.jpg?w=890","type":"","width":"","height":""}],"author":"cesarbianconi","twitter_card":"summary_large_image","twitter_misc":{"Written by":"Meta","Est. reading time":"3 minutos"},"schema":{"@context":"https:\/\/schema.org","@graph":[{"@type":"Article","@id":"https:\/\/about.fb.com\/br\/news\/2020\/03\/facebook-apoia-ministerio-da-saude-no-combate-ao-coronavirus\/#article","isPartOf":{"@id":"https:\/\/about.fb.com\/br\/news\/2020\/03\/facebook-apoia-ministerio-da-saude-no-combate-ao-coronavirus\/"},"author":"Facebook company","headline":"Facebook apoia Minist\u00e9rio da Sa\u00fade no combate ao coronav\u00edrus","datePublished":"2020-03-25T14:35:32+00:00","dateModified":"2021-06-17T13:09:42+00:00","mainEntityOfPage":{"@id":"https:\/\/about.fb.com\/br\/news\/2020\/03\/facebook-apoia-ministerio-da-saude-no-combate-ao-coronavirus\/"},"wordCount":576,"publisher":{"@id":"https:\/\/about.fb.com\/br\/#organization"},"image":{"@id":"https:\/\/about.fb.com\/br\/news\/2020\/03\/facebook-apoia-ministerio-da-saude-no-combate-ao-coronavirus\/#primaryimage"},"thumbnailUrl":"https:\/\/about.fb.com\/br\/wp-content\/uploads\/sites\/11\/2020\/03\/QP-BR.jpg?w=890","articleSection":["Recent News"],"inLanguage":"pt-BR"},{"@type":"WebPage","@id":"https:\/\/about.fb.com\/br\/news\/2020\/03\/facebook-apoia-ministerio-da-saude-no-combate-ao-coronavirus\/","url":"https:\/\/about.fb.com\/br\/news\/2020\/03\/facebook-apoia-ministerio-da-saude-no-combate-ao-coronavirus\/","name":"Facebook apoia Minist\u00e9rio da Sa\u00fade no combate ao coronav\u00edrus | Sobre a Meta","isPartOf":{"@id":"https:\/\/about.fb.com\/br\/#website"},"primaryImageOfPage":{"@id":"https:\/\/about.fb.com\/br\/news\/2020\/03\/facebook-apoia-ministerio-da-saude-no-combate-ao-coronavirus\/#primaryimage"},"image":{"@id":"https:\/\/about.fb.com\/br\/news\/2020\/03\/facebook-apoia-ministerio-da-saude-no-combate-ao-coronavirus\/#primaryimage"},"thumbnailUrl":"https:\/\/about.fb.com\/br\/wp-content\/uploads\/sites\/11\/2020\/03\/QP-BR.jpg?w=890","datePublished":"2020-03-25T14:35:32+00:00","dateModified":"2021-06-17T13:09:42+00:00","breadcrumb":{"@id":"https:\/\/about.fb.com\/br\/news\/2020\/03\/facebook-apoia-ministerio-da-saude-no-combate-ao-coronavirus\/#breadcrumb"},"inLanguage":"pt-BR","potentialAction":[{"@type":"ReadAction","target":["https:\/\/about.fb.com\/br\/news\/2020\/03\/facebook-apoia-ministerio-da-saude-no-combate-ao-coronavirus\/"]}],"author":"Sobre a Meta"},{"@type":"ImageObject","inLanguage":"pt-BR","@id":"https:\/\/about.fb.com\/br\/news\/2020\/03\/facebook-apoia-ministerio-da-saude-no-combate-ao-coronavirus\/#primaryimage","url":"https:\/\/about.fb.com\/br\/wp-content\/uploads\/sites\/11\/2020\/03\/QP-BR.jpg?w=890","contentUrl":"https:\/\/about.fb.com\/br\/wp-content\/uploads\/sites\/11\/2020\/03\/QP-BR.jpg?w=890"},{"@type":"BreadcrumbList","@id":"https:\/\/about.fb.com\/br\/news\/2020\/03\/facebook-apoia-ministerio-da-saude-no-combate-ao-coronavirus\/#breadcrumb","itemListElement":[{"@type":"ListItem","position":1,"name":"Home","item":"https:\/\/about.fb.com\/br\/"},{"@type":"ListItem","position":2,"name":"Facebook apoia Minist\u00e9rio da Sa\u00fade no combate ao coronav\u00edrus"}]},{"@type":"WebSite","@id":"https:\/\/about.fb.com\/br\/#website","url":"https:\/\/about.fb.com\/news\/","name":"Sobre a Meta","description":"","publisher":{"@id":"https:\/\/about.fb.com\/br\/#organization"},"potentialAction":[{"@type":"SearchAction","target":{"@type":"EntryPoint","urlTemplate":"https:\/\/about.fb.com\/br\/?s={search_term_string}"},"query-input":{"@type":"PropertyValueSpecification","valueRequired":true,"valueName":"search_term_string"}}],"inLanguage":"pt-BR","alternateName":["Meta Newsroom","Meta"]},{"@type":"Organization","@id":"https:\/\/about.fb.com\/br\/#organization","name":"Meta","url":"https:\/\/about.fb.com\/br\/","logo":{"@type":"ImageObject","inLanguage":"pt-BR","@id":"https:\/\/about.fb.com\/br\/#\/schema\/logo\/image\/","url":"https:\/\/about.fb.com\/br\/wp-content\/uploads\/sites\/11\/2021\/10\/meta-social-16x9-1.jpg?fit=8000%2C4500","contentUrl":"https:\/\/about.fb.com\/br\/wp-content\/uploads\/sites\/11\/2021\/10\/meta-social-16x9-1.jpg?fit=8000%2C4500","width":8000,"height":4500,"caption":"Meta"},"image":{"@id":"https:\/\/about.fb.com\/br\/#\/schema\/logo\/image\/"}}]}},"jetpack_featured_media_url":"","jetpack-related-posts":[{"id":27097,"url":"https:\/\/about.fb.com\/br\/news\/2026\/04\/ajudando-pais-a-entender-as-conversas-que-seus-adolescentes-estao-tendo-com-ia\/","url_meta":{"origin":21252,"position":0},"title":"Ajudando pais a entender as conversas que seus adolescentes est\u00e3o tendo com IA","author":"Meta","date":"23\/04\/2026","format":false,"excerpt":"Em outubro do ano passado, anunciamos que est\u00e1vamos desenvolvendo novas formas de apoiar os pais na miss\u00e3o de acompanhar e orientar seus filhos adolescentes no universo da Intelig\u00eancia Artificial. Isso inclui fornecer aos pais informa\u00e7\u00f5es sobre os t\u00f3picos a respeito dos quais seus adolescentes t\u00eam interagido com o assistente de\u2026","rel":"","context":"In &quot;Facebook&quot;","block_context":{"text":"Facebook","link":"https:\/\/about.fb.com\/br\/news\/category\/technologies\/facebook\/"},"img":{"alt_text":"","src":"https:\/\/about.fb.com\/br\/wp-content\/uploads\/sites\/11\/2026\/04\/AI-Youth-Saftey_Header.jpg?fit=1920%2C1080&resize=350%2C200","width":350,"height":200,"srcset":"https:\/\/about.fb.com\/br\/wp-content\/uploads\/sites\/11\/2026\/04\/AI-Youth-Saftey_Header.jpg?fit=1920%2C1080&resize=350%2C200 1x, https:\/\/about.fb.com\/br\/wp-content\/uploads\/sites\/11\/2026\/04\/AI-Youth-Saftey_Header.jpg?fit=1920%2C1080&resize=525%2C300 1.5x, https:\/\/about.fb.com\/br\/wp-content\/uploads\/sites\/11\/2026\/04\/AI-Youth-Saftey_Header.jpg?fit=1920%2C1080&resize=700%2C400 2x, https:\/\/about.fb.com\/br\/wp-content\/uploads\/sites\/11\/2026\/04\/AI-Youth-Saftey_Header.jpg?fit=1920%2C1080&resize=1050%2C600 3x, https:\/\/about.fb.com\/br\/wp-content\/uploads\/sites\/11\/2026\/04\/AI-Youth-Saftey_Header.jpg?fit=1920%2C1080&resize=1400%2C800 4x"},"classes":[]},{"id":26919,"url":"https:\/\/about.fb.com\/br\/news\/2026\/01\/a-trajetoria-da-meta-na-protecao-dos-adolescentes-e-no-apoio-aos-pais\/","url_meta":{"origin":21252,"position":1},"title":"A trajet\u00f3ria da Meta na prote\u00e7\u00e3o dos adolescentes e no apoio aos pais","author":"Meta","date":"16\/01\/2026","format":false,"excerpt":"Recentemente, v\u00e1rias a\u00e7\u00f5es judiciais nos Estados Unidos tentaram colocar a culpa pelos problemas de sa\u00fade mental dos adolescentes exclusivamente nas empresas de redes sociais. Mas isso simplifica demais uma quest\u00e3o s\u00e9ria. Cl\u00ednicos e pesquisadores afirmam que a sa\u00fade mental \u00e9 um tema profundamente complexo e multifacetado, e as tend\u00eancias sobre\u2026","rel":"","context":"In &quot;Fortalecendo Comunidades&quot;","block_context":{"text":"Fortalecendo Comunidades","link":"https:\/\/about.fb.com\/br\/news\/category\/temas-home\/comunidades\/"},"img":{"alt_text":"","src":"https:\/\/about.fb.com\/br\/wp-content\/uploads\/sites\/11\/2026\/01\/Metas-Record-of-Protecting-Teens-and-Supporting-Parents_Header.jpg?fit=1920%2C1080&resize=350%2C200","width":350,"height":200,"srcset":"https:\/\/about.fb.com\/br\/wp-content\/uploads\/sites\/11\/2026\/01\/Metas-Record-of-Protecting-Teens-and-Supporting-Parents_Header.jpg?fit=1920%2C1080&resize=350%2C200 1x, https:\/\/about.fb.com\/br\/wp-content\/uploads\/sites\/11\/2026\/01\/Metas-Record-of-Protecting-Teens-and-Supporting-Parents_Header.jpg?fit=1920%2C1080&resize=525%2C300 1.5x, https:\/\/about.fb.com\/br\/wp-content\/uploads\/sites\/11\/2026\/01\/Metas-Record-of-Protecting-Teens-and-Supporting-Parents_Header.jpg?fit=1920%2C1080&resize=700%2C400 2x, https:\/\/about.fb.com\/br\/wp-content\/uploads\/sites\/11\/2026\/01\/Metas-Record-of-Protecting-Teens-and-Supporting-Parents_Header.jpg?fit=1920%2C1080&resize=1050%2C600 3x, https:\/\/about.fb.com\/br\/wp-content\/uploads\/sites\/11\/2026\/01\/Metas-Record-of-Protecting-Teens-and-Supporting-Parents_Header.jpg?fit=1920%2C1080&resize=1400%2C800 4x"},"classes":[]},{"id":27074,"url":"https:\/\/about.fb.com\/br\/news\/2026\/04\/apresentamos-o-muse-spark-o-primeiro-modelo-do-msl-desenvolvido-para-priorizar-as-pessoas\/","url_meta":{"origin":21252,"position":2},"title":"Apresentamos o Muse Spark: O Primeiro Modelo do MSL, Desenvolvido para Priorizar as Pessoas","author":"Meta","date":"08\/04\/2026","format":false,"excerpt":"Hoje anunciamos o Muse Spark, o primeiro de uma nova s\u00e9rie de grandes modelos de linguagem criados pelo Meta Superintelligence Labs. Estamos a caminho da superintelig\u00eancia pessoal: um assistente capaz de ajudar qualquer pessoa, em qualquer lugar, com o que mais importa para ela. Um Novo Modelo: Muse Spark Nos\u2026","rel":"","context":"In &quot;Meta&quot;","block_context":{"text":"Meta","link":"https:\/\/about.fb.com\/br\/news\/category\/temas-home\/meta\/"},"img":{"alt_text":"","src":"https:\/\/about.fb.com\/br\/wp-content\/uploads\/sites\/11\/2026\/04\/Introducing-Muse-Spark_Header.gif?fit=1920%2C1080&resize=350%2C200","width":350,"height":200,"srcset":"https:\/\/about.fb.com\/br\/wp-content\/uploads\/sites\/11\/2026\/04\/Introducing-Muse-Spark_Header.gif?fit=1920%2C1080&resize=350%2C200 1x, https:\/\/about.fb.com\/br\/wp-content\/uploads\/sites\/11\/2026\/04\/Introducing-Muse-Spark_Header.gif?fit=1920%2C1080&resize=525%2C300 1.5x, https:\/\/about.fb.com\/br\/wp-content\/uploads\/sites\/11\/2026\/04\/Introducing-Muse-Spark_Header.gif?fit=1920%2C1080&resize=700%2C400 2x, https:\/\/about.fb.com\/br\/wp-content\/uploads\/sites\/11\/2026\/04\/Introducing-Muse-Spark_Header.gif?fit=1920%2C1080&resize=1050%2C600 3x, https:\/\/about.fb.com\/br\/wp-content\/uploads\/sites\/11\/2026\/04\/Introducing-Muse-Spark_Header.gif?fit=1920%2C1080&resize=1400%2C800 4x"},"classes":[]},{"id":26491,"url":"https:\/\/about.fb.com\/br\/news\/2025\/06\/tela-consciente-em-brasilia-caminhos-para-facilitar-a-supervisao-parental-online-de-adolescentes\/","url_meta":{"origin":21252,"position":3},"title":"Tela Consciente em Bras\u00edlia: caminhos para facilitar a supervis\u00e3o parental online de adolescentes","author":"Meta","date":"17\/06\/2025","format":false,"excerpt":"Em 12 de junho, a Meta reuniu em Bras\u00edlia autoridades, executivos de empresas e representantes da academia e sociedade civil para a segunda edi\u00e7\u00e3o do Tela Consciente, um debate sobre como apoiar as fam\u00edlias no uso consciente das plataformas digitais por adolescentes. O evento teve como foco os desafios e\u2026","rel":"","context":"In &quot;Recent News&quot;","block_context":{"text":"Recent News","link":"https:\/\/about.fb.com\/br\/news\/category\/recent-news\/"},"img":{"alt_text":"","src":"https:\/\/about.fb.com\/br\/wp-content\/uploads\/sites\/11\/2025\/06\/@leannabdon-1.jpg?fit=4500%2C3000&resize=350%2C200","width":350,"height":200,"srcset":"https:\/\/about.fb.com\/br\/wp-content\/uploads\/sites\/11\/2025\/06\/@leannabdon-1.jpg?fit=4500%2C3000&resize=350%2C200 1x, https:\/\/about.fb.com\/br\/wp-content\/uploads\/sites\/11\/2025\/06\/@leannabdon-1.jpg?fit=4500%2C3000&resize=525%2C300 1.5x, https:\/\/about.fb.com\/br\/wp-content\/uploads\/sites\/11\/2025\/06\/@leannabdon-1.jpg?fit=4500%2C3000&resize=700%2C400 2x, https:\/\/about.fb.com\/br\/wp-content\/uploads\/sites\/11\/2025\/06\/@leannabdon-1.jpg?fit=4500%2C3000&resize=1050%2C600 3x, https:\/\/about.fb.com\/br\/wp-content\/uploads\/sites\/11\/2025\/06\/@leannabdon-1.jpg?fit=4500%2C3000&resize=1400%2C800 4x"},"classes":[]},{"id":26752,"url":"https:\/\/about.fb.com\/br\/news\/2025\/10\/mes-da-conscientizacao-sobre-ciberseguranca-ajudando-idosos-a-evitar-golpes-online\/","url_meta":{"origin":21252,"position":4},"title":"M\u00eas da Conscientiza\u00e7\u00e3o sobre Ciberseguran\u00e7a: Ajudando idosos a evitar golpes online","author":"Meta","date":"21\/10\/2025","format":false,"excerpt":"O Relat\u00f3rio de Crimes Cibern\u00e9ticos de 2024 do FBI indica que adultos com 60 anos ou mais nos EUA perderam um valor combinado de 4,8 bilh\u00f5es de d\u00f3lares em golpes somente em\u00a0 2024. Criminosos usam uma variedade de t\u00e1ticas para ganhar a confian\u00e7a das pessoas e, em determinadas circunst\u00e2ncias, comprometem\u2026","rel":"","context":"In &quot;Dados e Privacidade&quot;","block_context":{"text":"Dados e Privacidade","link":"https:\/\/about.fb.com\/br\/news\/category\/temas-home\/dados-e-privacidade\/"},"img":{"alt_text":"","src":"https:\/\/about.fb.com\/br\/wp-content\/uploads\/sites\/11\/2025\/10\/Cybersecurity-Awareness-Month_Header.jpg?fit=1920%2C1080&resize=350%2C200","width":350,"height":200,"srcset":"https:\/\/about.fb.com\/br\/wp-content\/uploads\/sites\/11\/2025\/10\/Cybersecurity-Awareness-Month_Header.jpg?fit=1920%2C1080&resize=350%2C200 1x, https:\/\/about.fb.com\/br\/wp-content\/uploads\/sites\/11\/2025\/10\/Cybersecurity-Awareness-Month_Header.jpg?fit=1920%2C1080&resize=525%2C300 1.5x, https:\/\/about.fb.com\/br\/wp-content\/uploads\/sites\/11\/2025\/10\/Cybersecurity-Awareness-Month_Header.jpg?fit=1920%2C1080&resize=700%2C400 2x, https:\/\/about.fb.com\/br\/wp-content\/uploads\/sites\/11\/2025\/10\/Cybersecurity-Awareness-Month_Header.jpg?fit=1920%2C1080&resize=1050%2C600 3x, https:\/\/about.fb.com\/br\/wp-content\/uploads\/sites\/11\/2025\/10\/Cybersecurity-Awareness-Month_Header.jpg?fit=1920%2C1080&resize=1400%2C800 4x"},"classes":[]},{"id":26295,"url":"https:\/\/about.fb.com\/br\/news\/2025\/04\/conta-de-adolescente-no-instagram-tera-novas-restricoes-e-chega-ao-facebook-e-o-messenger\/","url_meta":{"origin":21252,"position":5},"title":"Conta de Adolescente no Instagram ter\u00e1 novas restri\u00e7\u00f5es e chega ao Facebook e o Messenger","author":"Meta","date":"08\/04\/2025","format":false,"excerpt":"Atualiza\u00e7\u00e3o 25\/09\/2025: H\u00e1 um ano, lan\u00e7amos as Contas de Adolescente \u2014 um passo significativo para ajudar a manter os adolescentes seguros em nossos aplicativos. As Contas de Adolescente j\u00e1 foram implementadas globalmente no Instagram e est\u00e3o se expandindo tamb\u00e9m para adolescentes em todo o mundo no Facebook e Messenger. As\u2026","rel":"","context":"In &quot;Recent News&quot;","block_context":{"text":"Recent News","link":"https:\/\/about.fb.com\/br\/news\/category\/recent-news\/"},"img":{"alt_text":"","src":"https:\/\/about.fb.com\/br\/wp-content\/uploads\/sites\/11\/2025\/04\/05_pt_BR.png?resize=350%2C200","width":350,"height":200},"classes":[]}],"jetpack_sharing_enabled":true,"amp_enabled":true,"_links":{"self":[{"href":"https:\/\/about.fb.com\/br\/wp-json\/wp\/v2\/posts\/21252","targetHints":{"allow":["GET"]}}],"collection":[{"href":"https:\/\/about.fb.com\/br\/wp-json\/wp\/v2\/posts"}],"about":[{"href":"https:\/\/about.fb.com\/br\/wp-json\/wp\/v2\/types\/post"}],"author":[{"embeddable":true,"href":"https:\/\/about.fb.com\/br\/wp-json\/wp\/v2\/users\/123719055"}],"replies":[{"embeddable":true,"href":"https:\/\/about.fb.com\/br\/wp-json\/wp\/v2\/comments?post=21252"}],"version-history":[{"count":2,"href":"https:\/\/about.fb.com\/br\/wp-json\/wp\/v2\/posts\/21252\/revisions"}],"predecessor-version":[{"id":21256,"href":"https:\/\/about.fb.com\/br\/wp-json\/wp\/v2\/posts\/21252\/revisions\/21256"}],"wp:attachment":[{"href":"https:\/\/about.fb.com\/br\/wp-json\/wp\/v2\/media?parent=21252"}],"wp:term":[{"taxonomy":"category","embeddable":true,"href":"https:\/\/about.fb.com\/br\/wp-json\/wp\/v2\/categories?post=21252"},{"taxonomy":"post_tag","embeddable":true,"href":"https:\/\/about.fb.com\/br\/wp-json\/wp\/v2\/tags?post=21252"}],"curies":[{"name":"wp","href":"https:\/\/api.w.org\/{rel}","templated":true}]}}