{"id":21133,"date":"2019-08-26T19:24:21","date_gmt":"2019-08-26T22:24:21","guid":{"rendered":"https:\/\/about.fb.com\/br\/?p=21133"},"modified":"2021-06-17T10:09:51","modified_gmt":"2021-06-17T13:09:51","slug":"cinco-minutos-com-joshua-m-gerente-de-produto-de-ar-vr","status":"publish","type":"post","link":"https:\/\/about.fb.com\/br\/news\/2019\/08\/cinco-minutos-com-joshua-m-gerente-de-produto-de-ar-vr\/","title":{"rendered":"Cinco minutos com: Joshua M., gerente de produto de AR\/VR"},"content":{"rendered":"<p>Em nossa s\u00e9rie, \u201cCinco minutos com\u201d, apresentaremos a voc\u00ea membros inspiradores da equipe do Facebook e da nossa fam\u00edlia de aplicativos e servi\u00e7os, compartilhando as respostas deles a cinco perguntas. Hoje, vamos conversar com Joshua M., gerente de produto da equipe de experi\u00eancias de AR\/VR no Facebook. Saiba como ele se interessou pela carreira de realidade aumentada\/virtual (AR\/VR), o conselho dele para pessoas interessadas em trabalhar na \u00e1rea e por que ele \u00e9 apaixonado por criar para todos.<\/p>\n<p><strong>Como surgiu seu interesse por AR\/VR?<\/strong><\/p>\n<p>Eu era gerente de produto no Instagram quando me reuni com alguns colegas da equipe de AR\/VR. Eles fizeram uma demonstra\u00e7\u00e3o do Facebook Spaces, um aplicativo de VR que permite interagir com seus amigos do Facebook em um espa\u00e7o virtual totalmente imersivo. Fiquei surpreso. Quando acabou a conversa, fui imediatamente comprar meu pr\u00f3prio Oculus Rift.<\/p>\n<p><img data-recalc-dims=\"1\" loading=\"lazy\" decoding=\"async\" class=\"aligncenter size-full wp-image-21106\" src=\"https:\/\/about-fb-preprod.go-vip.net\/br\/wp-content\/uploads\/sites\/3\/2020\/02\/Joshua-M-.jpg?resize=890%2C424\" alt=\"\" width=\"890\" height=\"424\" \/><\/p>\n<p><strong>Em que voc\u00ea est\u00e1 trabalhando agora?<\/strong><br \/>\nHoje, trabalho com a equipe de experi\u00eancias de AR\/VR, onde criamos o software que ajudar\u00e1 as pessoas a se conectar por meio dessa nova tecnologia. Com a realidade virtual, h\u00e1 espa\u00e7os e interfaces infinitos para interagir. Buscamos constantemente maneiras de dar \u00e0s pessoas autonomia para controlar a pr\u00f3pria experi\u00eancia da maneira que desejarem. Isso envolve muita experimenta\u00e7\u00e3o. Trabalhamos com engenheiros, designers e profissionais de marketing para criar os melhores produtos poss\u00edveis.<\/p>\n<p><strong>O que significa inova\u00e7\u00e3o em sua equipe?<\/strong><\/p>\n<p>A nossa miss\u00e3o de aproximar as pessoas impulsiona a inova\u00e7\u00e3o. Buscamos constantemente novas maneiras de conectar as pessoas. Vemos a realidade virtual e aumentada como outro passo em dire\u00e7\u00e3o \u00e0 cria\u00e7\u00e3o de comunidades mais seguras e protegidas. O Facebook est\u00e1 na vanguarda dessa tecnologia de ponta. Criamos nossos pr\u00f3prios softwares e hardwares. Em nossa equipe, inova\u00e7\u00e3o \u00e9 como resolver problemas dif\u00edceis que n\u00e3o foram abordados anteriormente. Fazer parte dessa equipe significa ter a oportunidade de estar no come\u00e7o de algo que tem o potencial de transformar nossa maneira de interagir.<\/p>\n<p><strong>Que conselho voc\u00ea d\u00e1 a outras pessoas que t\u00eam interesse em come\u00e7ar uma carreira em AR\/VR?<\/strong><\/p>\n<p>N\u00e3o se preocupe em se encaixar perfeitamente em uma \u00e1rea ou molde espec\u00edfico. Estamos criando tecnologia para todos. Precisamos de todos representados em nossa equipe. \u00c9 importante ser realmente apaixonado pelo nosso trabalho para se manter \u00e0 frente. Somos pioneiros em uma nova forma de tecnologia e n\u00e3o existe um manual concreto de funcionamento das coisas. \u00c9 um territ\u00f3rio inexplorado. Temos de aprender rapidamente e nos adaptar ao processo criativo.<\/p>\n<p><strong>O que mant\u00e9m voc\u00ea no Facebook?<\/strong><\/p>\n<p>\u00c9 por tentativa e erro que aprendemos que o produto que criamos reflete as tend\u00eancias e as pessoas que trabalham nele. Meu otimismo em rela\u00e7\u00e3o ao trabalho que estamos fazendo e um forte desejo de criar coisas da melhor forma que pudermos s\u00e3o o que me motivam a permanecer no Facebook.<\/p>\n<p>Seja garantindo que o headset que criamos se encaixe perfeitamente em uma cabe\u00e7a como a minha, seja pensando em como podemos ajustar uma interface para que todos possam entend\u00ea-la, \u00e9 uma honra para mim ter a responsabilidade que temos.<\/p>\n","protected":false},"excerpt":{"rendered":"Em nossa s\u00e9rie, \u201cCinco minutos com\u201d, apresentaremos a voc\u00ea membros inspiradores da equipe do Facebook e da nossa fam\u00edlia de aplicativos e servi\u00e7os, compartilhando as respostas deles a cinco perguntas.","protected":false},"author":136784655,"featured_media":21137,"comment_status":"closed","ping_status":"closed","sticky":false,"template":"","format":"standard","meta":{"_jetpack_memberships_contains_paid_content":false,"footnotes":""},"categories":[396542119,1],"tags":[],"class_list":["post-21133","post","type-post","status-publish","format-standard","has-post-thumbnail","hentry","category-oculus","category-recent-news"],"yoast_head":"<!-- This site is optimized with the Yoast SEO plugin v27.2 - https:\/\/yoast.com\/product\/yoast-seo-wordpress\/ -->\n<title>Cinco minutos com: Joshua M., gerente de produto de AR\/VR | Sobre a Meta<\/title>\n<meta name=\"robots\" content=\"index, follow, max-snippet:-1, max-image-preview:large, max-video-preview:-1\" \/>\n<link rel=\"canonical\" href=\"https:\/\/about.fb.com\/br\/news\/2019\/08\/cinco-minutos-com-joshua-m-gerente-de-produto-de-ar-vr\/\" \/>\n<meta property=\"og:locale\" content=\"pt_BR\" \/>\n<meta property=\"og:type\" content=\"article\" \/>\n<meta property=\"og:title\" content=\"Cinco minutos com: Joshua M., gerente de produto de AR\/VR | Sobre a Meta\" \/>\n<meta property=\"og:description\" content=\"Em nossa s\u00e9rie, \u201cCinco minutos com\u201d, apresentaremos a voc\u00ea membros inspiradores da equipe do Facebook e da nossa fam\u00edlia de aplicativos e servi\u00e7os, compartilhando as respostas deles a cinco perguntas.\" \/>\n<meta property=\"og:url\" content=\"https:\/\/about.fb.com\/br\/news\/2019\/08\/cinco-minutos-com-joshua-m-gerente-de-produto-de-ar-vr\/\" \/>\n<meta property=\"og:site_name\" content=\"Sobre a Meta\" \/>\n<meta property=\"article:published_time\" content=\"2019-08-26T22:24:21+00:00\" \/>\n<meta property=\"article:modified_time\" content=\"2021-06-17T13:09:51+00:00\" \/>\n<meta property=\"og:image\" content=\"https:\/\/about.fb.com\/br\/wp-content\/uploads\/sites\/11\/2020\/02\/Joshua-M.jpg?fit=616%2C317\" \/>\n\t<meta property=\"og:image:width\" content=\"616\" \/>\n\t<meta property=\"og:image:height\" content=\"317\" \/>\n\t<meta property=\"og:image:type\" content=\"image\/jpeg\" \/>\n<meta name=\"author\" content=\"stevensondoughty\" \/>\n<meta name=\"twitter:card\" content=\"summary_large_image\" \/>\n<meta name=\"twitter:label1\" content=\"Written by\" \/>\n\t<meta name=\"twitter:data1\" content=\"Meta\" \/>\n\t<meta name=\"twitter:label2\" content=\"Est. reading time\" \/>\n\t<meta name=\"twitter:data2\" content=\"3 minutos\" \/>\n<script type=\"application\/ld+json\" class=\"yoast-schema-graph\">{\"@context\":\"https:\/\/schema.org\",\"@graph\":[{\"@type\":\"Article\",\"@id\":\"https:\/\/about.fb.com\/br\/news\/2019\/08\/cinco-minutos-com-joshua-m-gerente-de-produto-de-ar-vr\/#article\",\"isPartOf\":{\"@id\":\"https:\/\/about.fb.com\/br\/news\/2019\/08\/cinco-minutos-com-joshua-m-gerente-de-produto-de-ar-vr\/\"},\"author\":\"Facebook company\",\"headline\":\"Cinco minutos com: Joshua M., gerente de produto de AR\/VR\",\"datePublished\":\"2019-08-26T22:24:21+00:00\",\"dateModified\":\"2021-06-17T13:09:51+00:00\",\"mainEntityOfPage\":{\"@id\":\"https:\/\/about.fb.com\/br\/news\/2019\/08\/cinco-minutos-com-joshua-m-gerente-de-produto-de-ar-vr\/\"},\"wordCount\":540,\"publisher\":{\"@id\":\"https:\/\/about.fb.com\/br\/#organization\"},\"image\":{\"@id\":\"https:\/\/about.fb.com\/br\/news\/2019\/08\/cinco-minutos-com-joshua-m-gerente-de-produto-de-ar-vr\/#primaryimage\"},\"thumbnailUrl\":\"https:\/\/about.fb.com\/br\/wp-content\/uploads\/sites\/11\/2020\/02\/Joshua-M.jpg?fit=616%2C317\",\"articleSection\":[\"Meta Quest\",\"Recent News\"],\"inLanguage\":\"pt-BR\"},{\"@type\":\"WebPage\",\"@id\":\"https:\/\/about.fb.com\/br\/news\/2019\/08\/cinco-minutos-com-joshua-m-gerente-de-produto-de-ar-vr\/\",\"url\":\"https:\/\/about.fb.com\/br\/news\/2019\/08\/cinco-minutos-com-joshua-m-gerente-de-produto-de-ar-vr\/\",\"name\":\"Cinco minutos com: Joshua M., gerente de produto de AR\/VR | Sobre a Meta\",\"isPartOf\":{\"@id\":\"https:\/\/about.fb.com\/br\/#website\"},\"primaryImageOfPage\":{\"@id\":\"https:\/\/about.fb.com\/br\/news\/2019\/08\/cinco-minutos-com-joshua-m-gerente-de-produto-de-ar-vr\/#primaryimage\"},\"image\":{\"@id\":\"https:\/\/about.fb.com\/br\/news\/2019\/08\/cinco-minutos-com-joshua-m-gerente-de-produto-de-ar-vr\/#primaryimage\"},\"thumbnailUrl\":\"https:\/\/about.fb.com\/br\/wp-content\/uploads\/sites\/11\/2020\/02\/Joshua-M.jpg?fit=616%2C317\",\"datePublished\":\"2019-08-26T22:24:21+00:00\",\"dateModified\":\"2021-06-17T13:09:51+00:00\",\"breadcrumb\":{\"@id\":\"https:\/\/about.fb.com\/br\/news\/2019\/08\/cinco-minutos-com-joshua-m-gerente-de-produto-de-ar-vr\/#breadcrumb\"},\"inLanguage\":\"pt-BR\",\"potentialAction\":[{\"@type\":\"ReadAction\",\"target\":[\"https:\/\/about.fb.com\/br\/news\/2019\/08\/cinco-minutos-com-joshua-m-gerente-de-produto-de-ar-vr\/\"]}],\"author\":\"Sobre a Meta\"},{\"@type\":\"ImageObject\",\"inLanguage\":\"pt-BR\",\"@id\":\"https:\/\/about.fb.com\/br\/news\/2019\/08\/cinco-minutos-com-joshua-m-gerente-de-produto-de-ar-vr\/#primaryimage\",\"url\":\"https:\/\/about.fb.com\/br\/wp-content\/uploads\/sites\/11\/2020\/02\/Joshua-M.jpg?fit=616%2C317\",\"contentUrl\":\"https:\/\/about.fb.com\/br\/wp-content\/uploads\/sites\/11\/2020\/02\/Joshua-M.jpg?fit=616%2C317\",\"width\":616,\"height\":317},{\"@type\":\"BreadcrumbList\",\"@id\":\"https:\/\/about.fb.com\/br\/news\/2019\/08\/cinco-minutos-com-joshua-m-gerente-de-produto-de-ar-vr\/#breadcrumb\",\"itemListElement\":[{\"@type\":\"ListItem\",\"position\":1,\"name\":\"Home\",\"item\":\"https:\/\/about.fb.com\/br\/\"},{\"@type\":\"ListItem\",\"position\":2,\"name\":\"Cinco minutos com: Joshua M., gerente de produto de AR\/VR\"}]},{\"@type\":\"WebSite\",\"@id\":\"https:\/\/about.fb.com\/br\/#website\",\"url\":\"https:\/\/about.fb.com\/news\/\",\"name\":\"Sobre a Meta\",\"description\":\"\",\"publisher\":{\"@id\":\"https:\/\/about.fb.com\/br\/#organization\"},\"potentialAction\":[{\"@type\":\"SearchAction\",\"target\":{\"@type\":\"EntryPoint\",\"urlTemplate\":\"https:\/\/about.fb.com\/br\/?s={search_term_string}\"},\"query-input\":{\"@type\":\"PropertyValueSpecification\",\"valueRequired\":true,\"valueName\":\"search_term_string\"}}],\"inLanguage\":\"pt-BR\",\"alternateName\":[\"Meta Newsroom\",\"Meta\"]},{\"@type\":\"Organization\",\"@id\":\"https:\/\/about.fb.com\/br\/#organization\",\"name\":\"Meta\",\"url\":\"https:\/\/about.fb.com\/br\/\",\"logo\":{\"@type\":\"ImageObject\",\"inLanguage\":\"pt-BR\",\"@id\":\"https:\/\/about.fb.com\/br\/#\/schema\/logo\/image\/\",\"url\":\"https:\/\/about.fb.com\/br\/wp-content\/uploads\/sites\/11\/2021\/10\/meta-social-16x9-1.jpg?fit=8000%2C4500\",\"contentUrl\":\"https:\/\/about.fb.com\/br\/wp-content\/uploads\/sites\/11\/2021\/10\/meta-social-16x9-1.jpg?fit=8000%2C4500\",\"width\":8000,\"height\":4500,\"caption\":\"Meta\"},\"image\":{\"@id\":\"https:\/\/about.fb.com\/br\/#\/schema\/logo\/image\/\"}}]}<\/script>\n<!-- \/ Yoast SEO plugin. -->","yoast_head_json":{"title":"Cinco minutos com: Joshua M., gerente de produto de AR\/VR | Sobre a Meta","robots":{"index":"index","follow":"follow","max-snippet":"max-snippet:-1","max-image-preview":"max-image-preview:large","max-video-preview":"max-video-preview:-1"},"canonical":"https:\/\/about.fb.com\/br\/news\/2019\/08\/cinco-minutos-com-joshua-m-gerente-de-produto-de-ar-vr\/","og_locale":"pt_BR","og_type":"article","og_title":"Cinco minutos com: Joshua M., gerente de produto de AR\/VR | Sobre a Meta","og_description":"Em nossa s\u00e9rie, \u201cCinco minutos com\u201d, apresentaremos a voc\u00ea membros inspiradores da equipe do Facebook e da nossa fam\u00edlia de aplicativos e servi\u00e7os, compartilhando as respostas deles a cinco perguntas.","og_url":"https:\/\/about.fb.com\/br\/news\/2019\/08\/cinco-minutos-com-joshua-m-gerente-de-produto-de-ar-vr\/","og_site_name":"Sobre a Meta","article_published_time":"2019-08-26T22:24:21+00:00","article_modified_time":"2021-06-17T13:09:51+00:00","og_image":[{"url":"https:\/\/about.fb.com\/br\/wp-content\/uploads\/sites\/11\/2020\/02\/Joshua-M.jpg?fit=616%2C317","width":616,"height":317,"type":"image\/jpeg"}],"author":"stevensondoughty","twitter_card":"summary_large_image","twitter_misc":{"Written by":"Meta","Est. reading time":"3 minutos"},"schema":{"@context":"https:\/\/schema.org","@graph":[{"@type":"Article","@id":"https:\/\/about.fb.com\/br\/news\/2019\/08\/cinco-minutos-com-joshua-m-gerente-de-produto-de-ar-vr\/#article","isPartOf":{"@id":"https:\/\/about.fb.com\/br\/news\/2019\/08\/cinco-minutos-com-joshua-m-gerente-de-produto-de-ar-vr\/"},"author":"Facebook company","headline":"Cinco minutos com: Joshua M., gerente de produto de AR\/VR","datePublished":"2019-08-26T22:24:21+00:00","dateModified":"2021-06-17T13:09:51+00:00","mainEntityOfPage":{"@id":"https:\/\/about.fb.com\/br\/news\/2019\/08\/cinco-minutos-com-joshua-m-gerente-de-produto-de-ar-vr\/"},"wordCount":540,"publisher":{"@id":"https:\/\/about.fb.com\/br\/#organization"},"image":{"@id":"https:\/\/about.fb.com\/br\/news\/2019\/08\/cinco-minutos-com-joshua-m-gerente-de-produto-de-ar-vr\/#primaryimage"},"thumbnailUrl":"https:\/\/about.fb.com\/br\/wp-content\/uploads\/sites\/11\/2020\/02\/Joshua-M.jpg?fit=616%2C317","articleSection":["Meta Quest","Recent News"],"inLanguage":"pt-BR"},{"@type":"WebPage","@id":"https:\/\/about.fb.com\/br\/news\/2019\/08\/cinco-minutos-com-joshua-m-gerente-de-produto-de-ar-vr\/","url":"https:\/\/about.fb.com\/br\/news\/2019\/08\/cinco-minutos-com-joshua-m-gerente-de-produto-de-ar-vr\/","name":"Cinco minutos com: Joshua M., gerente de produto de AR\/VR | Sobre a Meta","isPartOf":{"@id":"https:\/\/about.fb.com\/br\/#website"},"primaryImageOfPage":{"@id":"https:\/\/about.fb.com\/br\/news\/2019\/08\/cinco-minutos-com-joshua-m-gerente-de-produto-de-ar-vr\/#primaryimage"},"image":{"@id":"https:\/\/about.fb.com\/br\/news\/2019\/08\/cinco-minutos-com-joshua-m-gerente-de-produto-de-ar-vr\/#primaryimage"},"thumbnailUrl":"https:\/\/about.fb.com\/br\/wp-content\/uploads\/sites\/11\/2020\/02\/Joshua-M.jpg?fit=616%2C317","datePublished":"2019-08-26T22:24:21+00:00","dateModified":"2021-06-17T13:09:51+00:00","breadcrumb":{"@id":"https:\/\/about.fb.com\/br\/news\/2019\/08\/cinco-minutos-com-joshua-m-gerente-de-produto-de-ar-vr\/#breadcrumb"},"inLanguage":"pt-BR","potentialAction":[{"@type":"ReadAction","target":["https:\/\/about.fb.com\/br\/news\/2019\/08\/cinco-minutos-com-joshua-m-gerente-de-produto-de-ar-vr\/"]}],"author":"Sobre a Meta"},{"@type":"ImageObject","inLanguage":"pt-BR","@id":"https:\/\/about.fb.com\/br\/news\/2019\/08\/cinco-minutos-com-joshua-m-gerente-de-produto-de-ar-vr\/#primaryimage","url":"https:\/\/about.fb.com\/br\/wp-content\/uploads\/sites\/11\/2020\/02\/Joshua-M.jpg?fit=616%2C317","contentUrl":"https:\/\/about.fb.com\/br\/wp-content\/uploads\/sites\/11\/2020\/02\/Joshua-M.jpg?fit=616%2C317","width":616,"height":317},{"@type":"BreadcrumbList","@id":"https:\/\/about.fb.com\/br\/news\/2019\/08\/cinco-minutos-com-joshua-m-gerente-de-produto-de-ar-vr\/#breadcrumb","itemListElement":[{"@type":"ListItem","position":1,"name":"Home","item":"https:\/\/about.fb.com\/br\/"},{"@type":"ListItem","position":2,"name":"Cinco minutos com: Joshua M., gerente de produto de AR\/VR"}]},{"@type":"WebSite","@id":"https:\/\/about.fb.com\/br\/#website","url":"https:\/\/about.fb.com\/news\/","name":"Sobre a Meta","description":"","publisher":{"@id":"https:\/\/about.fb.com\/br\/#organization"},"potentialAction":[{"@type":"SearchAction","target":{"@type":"EntryPoint","urlTemplate":"https:\/\/about.fb.com\/br\/?s={search_term_string}"},"query-input":{"@type":"PropertyValueSpecification","valueRequired":true,"valueName":"search_term_string"}}],"inLanguage":"pt-BR","alternateName":["Meta Newsroom","Meta"]},{"@type":"Organization","@id":"https:\/\/about.fb.com\/br\/#organization","name":"Meta","url":"https:\/\/about.fb.com\/br\/","logo":{"@type":"ImageObject","inLanguage":"pt-BR","@id":"https:\/\/about.fb.com\/br\/#\/schema\/logo\/image\/","url":"https:\/\/about.fb.com\/br\/wp-content\/uploads\/sites\/11\/2021\/10\/meta-social-16x9-1.jpg?fit=8000%2C4500","contentUrl":"https:\/\/about.fb.com\/br\/wp-content\/uploads\/sites\/11\/2021\/10\/meta-social-16x9-1.jpg?fit=8000%2C4500","width":8000,"height":4500,"caption":"Meta"},"image":{"@id":"https:\/\/about.fb.com\/br\/#\/schema\/logo\/image\/"}}]}},"jetpack_featured_media_url":"https:\/\/about.fb.com\/br\/wp-content\/uploads\/sites\/11\/2020\/02\/Joshua-M.jpg?fit=616%2C317","jetpack-related-posts":[{"id":26491,"url":"https:\/\/about.fb.com\/br\/news\/2025\/06\/tela-consciente-em-brasilia-caminhos-para-facilitar-a-supervisao-parental-online-de-adolescentes\/","url_meta":{"origin":21133,"position":0},"title":"Tela Consciente em Bras\u00edlia: caminhos para facilitar a supervis\u00e3o parental online de adolescentes","author":"Meta","date":"17\/06\/2025","format":false,"excerpt":"Em 12 de junho, a Meta reuniu em Bras\u00edlia autoridades, executivos de empresas e representantes da academia e sociedade civil para a segunda edi\u00e7\u00e3o do Tela Consciente, um debate sobre como apoiar as fam\u00edlias no uso consciente das plataformas digitais por adolescentes. O evento teve como foco os desafios e\u2026","rel":"","context":"In &quot;Recent News&quot;","block_context":{"text":"Recent News","link":"https:\/\/about.fb.com\/br\/news\/category\/recent-news\/"},"img":{"alt_text":"","src":"https:\/\/about.fb.com\/br\/wp-content\/uploads\/sites\/11\/2025\/06\/@leannabdon-1.jpg?fit=4500%2C3000&resize=350%2C200","width":350,"height":200,"srcset":"https:\/\/about.fb.com\/br\/wp-content\/uploads\/sites\/11\/2025\/06\/@leannabdon-1.jpg?fit=4500%2C3000&resize=350%2C200 1x, https:\/\/about.fb.com\/br\/wp-content\/uploads\/sites\/11\/2025\/06\/@leannabdon-1.jpg?fit=4500%2C3000&resize=525%2C300 1.5x, https:\/\/about.fb.com\/br\/wp-content\/uploads\/sites\/11\/2025\/06\/@leannabdon-1.jpg?fit=4500%2C3000&resize=700%2C400 2x, https:\/\/about.fb.com\/br\/wp-content\/uploads\/sites\/11\/2025\/06\/@leannabdon-1.jpg?fit=4500%2C3000&resize=1050%2C600 3x, https:\/\/about.fb.com\/br\/wp-content\/uploads\/sites\/11\/2025\/06\/@leannabdon-1.jpg?fit=4500%2C3000&resize=1400%2C800 4x"},"classes":[]},{"id":26634,"url":"https:\/\/about.fb.com\/br\/news\/2025\/09\/meta-connect-2025-a-evolucao-dos-oculos-inteligentes-o-avanco-do-metaverso-e-muito-mais\/","url_meta":{"origin":21133,"position":1},"title":"Meta Connect 2025: A Evolu\u00e7\u00e3o dos \u00d3culos Inteligentes, o Avan\u00e7o do Metaverso e Muito Mais","author":"Meta","date":"17\/09\/2025","format":false,"excerpt":"Mark Zuckerberg e Diplo sa\u00edram correndo do palco do Connect \u2013 literalmente \u2013 para dar in\u00edcio \u00e0 after party, e n\u00f3s estamos aqui para recapitular todas as novidades que voc\u00ea pode ter perdido. Mas antes, vamos falar sobre outra dupla din\u00e2mica que est\u00e1 conquistando o mundo: \u00f3culos e intelig\u00eancia artificial.\u2026","rel":"","context":"In &quot;Meta&quot;","block_context":{"text":"Meta","link":"https:\/\/about.fb.com\/br\/news\/category\/temas-home\/meta\/"},"img":{"alt_text":"","src":"https:\/\/about.fb.com\/br\/wp-content\/uploads\/sites\/11\/2025\/09\/Meta-Connect-2025-Dark-background-1x1-1.png?fit=4500%2C4500&resize=350%2C200","width":350,"height":200,"srcset":"https:\/\/about.fb.com\/br\/wp-content\/uploads\/sites\/11\/2025\/09\/Meta-Connect-2025-Dark-background-1x1-1.png?fit=4500%2C4500&resize=350%2C200 1x, https:\/\/about.fb.com\/br\/wp-content\/uploads\/sites\/11\/2025\/09\/Meta-Connect-2025-Dark-background-1x1-1.png?fit=4500%2C4500&resize=525%2C300 1.5x, https:\/\/about.fb.com\/br\/wp-content\/uploads\/sites\/11\/2025\/09\/Meta-Connect-2025-Dark-background-1x1-1.png?fit=4500%2C4500&resize=700%2C400 2x, https:\/\/about.fb.com\/br\/wp-content\/uploads\/sites\/11\/2025\/09\/Meta-Connect-2025-Dark-background-1x1-1.png?fit=4500%2C4500&resize=1050%2C600 3x, https:\/\/about.fb.com\/br\/wp-content\/uploads\/sites\/11\/2025\/09\/Meta-Connect-2025-Dark-background-1x1-1.png?fit=4500%2C4500&resize=1400%2C800 4x"},"classes":[]},{"id":26476,"url":"https:\/\/about.fb.com\/br\/news\/2025\/06\/cannes-lions-2025-a-nova-era-da-ia-generativa-para-anunciantes-e-agencias-com-foco-em-personalizacao-em-escala\/","url_meta":{"origin":21133,"position":2},"title":"Cannes Lions 2025: A nova era da IA generativa para anunciantes e ag\u00eancias com foco em personaliza\u00e7\u00e3o em escala","author":"Meta","date":"17\/06\/2025","format":false,"excerpt":"Nesta semana, durante o Festival Internacional de Criatividade Cannes Lions, estamos apresentando a nova era das solu\u00e7\u00f5es de IA generativa para anunciantes e ag\u00eancias, com o objetivo de melhorar o desempenho das campanhas publicit\u00e1rias e impulsionar o crescimento dos neg\u00f3cios. \u00c0 medida que a IA continua evoluindo, ela abre novos\u2026","rel":"","context":"In &quot;Meta&quot;","block_context":{"text":"Meta","link":"https:\/\/about.fb.com\/br\/news\/category\/temas-home\/meta\/"},"img":{"alt_text":"","src":"https:\/\/about.fb.com\/br\/wp-content\/uploads\/sites\/11\/2025\/07\/Logo-Meta-1.jpg?fit=633%2C356&resize=350%2C200","width":350,"height":200,"srcset":"https:\/\/about.fb.com\/br\/wp-content\/uploads\/sites\/11\/2025\/07\/Logo-Meta-1.jpg?fit=633%2C356&resize=350%2C200 1x, https:\/\/about.fb.com\/br\/wp-content\/uploads\/sites\/11\/2025\/07\/Logo-Meta-1.jpg?fit=633%2C356&resize=525%2C300 1.5x"},"classes":[]},{"id":26710,"url":"https:\/\/about.fb.com\/br\/news\/2025\/10\/encontrar-e-compartilhar-reels-no-facebook-ficou-mais-facil-e-divertido\/","url_meta":{"origin":21133,"position":3},"title":"Encontrar e compartilhar Reels no Facebook ficou mais f\u00e1cil e divertido","author":"Meta","date":"07\/10\/2025","format":false,"excerpt":"A magia do Facebook sempre esteve em conectar pessoas. Por isso, estamos lan\u00e7ando recursos que tornam ainda mais f\u00e1cil se conectar com amigos atrav\u00e9s do conte\u00fado que voc\u00ea gosta. Atualizamos nosso mecanismo de recomenda\u00e7\u00f5es para que voc\u00ea veja mais do que te interessa e estamos lan\u00e7ando v\u00e1rias funcionalidades que d\u00e3o\u2026","rel":"","context":"In &quot;Facebook&quot;","block_context":{"text":"Facebook","link":"https:\/\/about.fb.com\/br\/news\/category\/technologies\/facebook\/"},"img":{"alt_text":"","src":"https:\/\/about.fb.com\/br\/wp-content\/uploads\/sites\/11\/2025\/10\/Facebooks-upgraded-recommendations_Header.gif?fit=1914%2C1074&resize=350%2C200","width":350,"height":200,"srcset":"https:\/\/about.fb.com\/br\/wp-content\/uploads\/sites\/11\/2025\/10\/Facebooks-upgraded-recommendations_Header.gif?fit=1914%2C1074&resize=350%2C200 1x, https:\/\/about.fb.com\/br\/wp-content\/uploads\/sites\/11\/2025\/10\/Facebooks-upgraded-recommendations_Header.gif?fit=1914%2C1074&resize=525%2C300 1.5x, https:\/\/about.fb.com\/br\/wp-content\/uploads\/sites\/11\/2025\/10\/Facebooks-upgraded-recommendations_Header.gif?fit=1914%2C1074&resize=700%2C400 2x, https:\/\/about.fb.com\/br\/wp-content\/uploads\/sites\/11\/2025\/10\/Facebooks-upgraded-recommendations_Header.gif?fit=1914%2C1074&resize=1050%2C600 3x, https:\/\/about.fb.com\/br\/wp-content\/uploads\/sites\/11\/2025\/10\/Facebooks-upgraded-recommendations_Header.gif?fit=1914%2C1074&resize=1400%2C800 4x"},"classes":[]},{"id":26252,"url":"https:\/\/about.fb.com\/br\/news\/2025\/03\/celebrando-1-bilhao-de-downloads-do-llama\/","url_meta":{"origin":21133,"position":4},"title":"Celebrando 1 bilh\u00e3o de downloads do Llama","author":"Meta","date":"18\/03\/2025","format":false,"excerpt":"Llama, a nossa cole\u00e7\u00e3o de modelos de Intelig\u00eancia Artificial (IA) com enfoque aberto, acaba de atingir 1 bilh\u00e3o de downloads. A IA de enfoque aberto \u00e9 crucial para garantir que pessoas em todos os lugares tenham acesso aos benef\u00edcios da IA, e cada download do Llama nos aproxima dessa meta.\u2026","rel":"","context":"In &quot;Meta&quot;","block_context":{"text":"Meta","link":"https:\/\/about.fb.com\/br\/news\/category\/temas-home\/meta\/"},"img":{"alt_text":"","src":"https:\/\/about.fb.com\/br\/wp-content\/uploads\/sites\/11\/2025\/03\/Imagem-Llama.gif?fit=853%2C480&resize=350%2C200","width":350,"height":200,"srcset":"https:\/\/about.fb.com\/br\/wp-content\/uploads\/sites\/11\/2025\/03\/Imagem-Llama.gif?fit=853%2C480&resize=350%2C200 1x, https:\/\/about.fb.com\/br\/wp-content\/uploads\/sites\/11\/2025\/03\/Imagem-Llama.gif?fit=853%2C480&resize=525%2C300 1.5x, https:\/\/about.fb.com\/br\/wp-content\/uploads\/sites\/11\/2025\/03\/Imagem-Llama.gif?fit=853%2C480&resize=700%2C400 2x"},"classes":[]},{"id":27026,"url":"https:\/\/about.fb.com\/br\/news\/2026\/03\/reforcando-seu-suporte-e-sua-seguranca-nos-aplicativos-da-meta-com-ia\/","url_meta":{"origin":21133,"position":5},"title":"Refor\u00e7ando seu suporte e sua seguran\u00e7a nos aplicativos da Meta com IA","author":"Meta","date":"19\/03\/2026","format":false,"excerpt":"Hoje, estamos lan\u00e7ando novas ferramentas de IA para suporte e fiscaliza\u00e7\u00e3o de conte\u00fado em nossos aplicativos para que eles funcionem melhor para voc\u00ea. \u00c0 medida que a tecnologia avan\u00e7a, estamos aplicando IA de mais maneiras para que voc\u00ea tenha ajuda confi\u00e1vel e pr\u00e1tica quando precisar, e para que possamos identificar\u2026","rel":"","context":"In &quot;Recent News&quot;","block_context":{"text":"Recent News","link":"https:\/\/about.fb.com\/br\/news\/category\/recent-news\/"},"img":{"alt_text":"","src":"https:\/\/about.fb.com\/br\/wp-content\/uploads\/sites\/11\/2026\/03\/Boosting-Your-Support-and-Safety-on-Metas-Apps-With-AI_Header.jpg?fit=1920%2C1080&resize=350%2C200","width":350,"height":200,"srcset":"https:\/\/about.fb.com\/br\/wp-content\/uploads\/sites\/11\/2026\/03\/Boosting-Your-Support-and-Safety-on-Metas-Apps-With-AI_Header.jpg?fit=1920%2C1080&resize=350%2C200 1x, https:\/\/about.fb.com\/br\/wp-content\/uploads\/sites\/11\/2026\/03\/Boosting-Your-Support-and-Safety-on-Metas-Apps-With-AI_Header.jpg?fit=1920%2C1080&resize=525%2C300 1.5x, https:\/\/about.fb.com\/br\/wp-content\/uploads\/sites\/11\/2026\/03\/Boosting-Your-Support-and-Safety-on-Metas-Apps-With-AI_Header.jpg?fit=1920%2C1080&resize=700%2C400 2x, https:\/\/about.fb.com\/br\/wp-content\/uploads\/sites\/11\/2026\/03\/Boosting-Your-Support-and-Safety-on-Metas-Apps-With-AI_Header.jpg?fit=1920%2C1080&resize=1050%2C600 3x, https:\/\/about.fb.com\/br\/wp-content\/uploads\/sites\/11\/2026\/03\/Boosting-Your-Support-and-Safety-on-Metas-Apps-With-AI_Header.jpg?fit=1920%2C1080&resize=1400%2C800 4x"},"classes":[]}],"jetpack_sharing_enabled":true,"amp_enabled":true,"_links":{"self":[{"href":"https:\/\/about.fb.com\/br\/wp-json\/wp\/v2\/posts\/21133","targetHints":{"allow":["GET"]}}],"collection":[{"href":"https:\/\/about.fb.com\/br\/wp-json\/wp\/v2\/posts"}],"about":[{"href":"https:\/\/about.fb.com\/br\/wp-json\/wp\/v2\/types\/post"}],"author":[{"embeddable":true,"href":"https:\/\/about.fb.com\/br\/wp-json\/wp\/v2\/users\/136784655"}],"replies":[{"embeddable":true,"href":"https:\/\/about.fb.com\/br\/wp-json\/wp\/v2\/comments?post=21133"}],"version-history":[{"count":1,"href":"https:\/\/about.fb.com\/br\/wp-json\/wp\/v2\/posts\/21133\/revisions"}],"predecessor-version":[{"id":21138,"href":"https:\/\/about.fb.com\/br\/wp-json\/wp\/v2\/posts\/21133\/revisions\/21138"}],"wp:featuredmedia":[{"embeddable":true,"href":"https:\/\/about.fb.com\/br\/wp-json\/wp\/v2\/media\/21137"}],"wp:attachment":[{"href":"https:\/\/about.fb.com\/br\/wp-json\/wp\/v2\/media?parent=21133"}],"wp:term":[{"taxonomy":"category","embeddable":true,"href":"https:\/\/about.fb.com\/br\/wp-json\/wp\/v2\/categories?post=21133"},{"taxonomy":"post_tag","embeddable":true,"href":"https:\/\/about.fb.com\/br\/wp-json\/wp\/v2\/tags?post=21133"}],"curies":[{"name":"wp","href":"https:\/\/api.w.org\/{rel}","templated":true}]}}