{"id":21105,"date":"2020-02-20T12:28:04","date_gmt":"2020-02-20T15:28:04","guid":{"rendered":"https:\/\/about.fb.com\/br\/?p=21105"},"modified":"2021-06-17T10:09:42","modified_gmt":"2021-06-17T13:09:42","slug":"impulsionando-a-inovacao-em-portabilidade-de-dados-com-uma-nova-ferramenta-de-transferencia-de-imagens","status":"publish","type":"post","link":"https:\/\/about.fb.com\/br\/news\/2020\/02\/impulsionando-a-inovacao-em-portabilidade-de-dados-com-uma-nova-ferramenta-de-transferencia-de-imagens\/","title":{"rendered":"Impulsionando a inova\u00e7\u00e3o em portabilidade de dados com uma nova ferramenta de transfer\u00eancia de imagens"},"content":{"rendered":"<p><i><span style=\"font-weight: 400\">Por Steve Satterfield, diretor de Privacidade e Pol\u00edticas P\u00fablicas<\/span><\/i><\/p>\n<p><span style=\"font-weight: 400\">No Facebook, acreditamos que se voc\u00ea compartilha dados com um servi\u00e7o, voc\u00ea deveria ter a possibilidade de mov\u00ea-los para outro. Esse \u00e9 o princ\u00edpio da portabilidade de dados, que d\u00e1\u00a0 \u00e0s pessoas controle e escolha, ao mesmo tempo que incentiva a inova\u00e7\u00e3o. Hoje, estamos lan\u00e7ando uma nova <\/span><a href=\"https:\/\/www.facebook.com\/dtp\"><span style=\"font-weight: 400\">ferramenta<\/span><\/a><span style=\"font-weight: 400\"> que permite \u00e0s pessoas no Facebook transferirem suas fotos e v\u00eddeos na plataforma diretamente para outros servi\u00e7os, come\u00e7ando pelo Google Fotos.<\/span><\/p>\n<p><span style=\"font-weight: 400\">Em setembro, publicamos um <\/span><a href=\"https:\/\/about.fb.com\/wp-content\/uploads\/2019\/09\/data-portability-privacy-white-paper.pdf\"><span style=\"font-weight: 400\">white paper<\/span><\/a><span style=\"font-weight: 400\"> que explora as quest\u00f5es de privacidade que estamos discutindo enquanto constru\u00edmos uma nova gera\u00e7\u00e3o de ferramentas de portabilidade de dados. Desde ent\u00e3o, conversamos com interlocutores do mundo todo &#8212; do Reino Unido e Alemanha, ao Brasil e Singapura &#8212; para ter um feedback sobre quais dados deveriam ser port\u00e1veis e como assegurar a prote\u00e7\u00e3o da privacidade ao possibilitarmos a transfer\u00eancias de dados.<\/span><\/p>\n<p><span style=\"font-weight: 400\">Aprendemos nas nossas conversas com legisladores, reguladores, acad\u00eamicos, especialistas e outros que casos e ferramentas reais ajudar\u00e3o a avan\u00e7ar as discuss\u00f5es sobre pol\u00edticas. \u00c9 por isso que estamos desenvolvendo novos produtos que levam em considera\u00e7\u00e3o o feedback que recebemos e que contribuir\u00e3o com o avan\u00e7o de pol\u00edticas de portabilidade de dados, fornecendo \u00e0s pessoas e especialistas uma ferramenta para avaliar.<\/span><\/p>\n<p><span style=\"font-weight: 400\">H\u00e1 quase uma d\u00e9cada, permitimos que as pessoas <\/span><a href=\"https:\/\/www.facebook.com\/help\/1701730696756992?helpref=hc_global_nav\"><span style=\"font-weight: 400\">baixem suas informa\u00e7\u00f5es<\/span><\/a><span style=\"font-weight: 400\"> do Facebook. A ferramenta de transfer\u00eancia de fotos que estamos lan\u00e7ando \u00e9 baseada no c\u00f3digo desenvolvido por meio da nossa participa\u00e7\u00e3o no c\u00f3digo aberto <\/span><a href=\"https:\/\/datatransferproject.dev\/\"><span style=\"font-weight: 400\">Data Transfer Project<\/span><\/a><span style=\"font-weight: 400\"> e estar\u00e1 dispon\u00edvel globalmente nos pr\u00f3ximos meses. As pessoas podem acessar essa nova ferramenta nas configura\u00e7\u00f5es do Facebook, em Suas Informa\u00e7\u00f5es do Facebook, o mesmo local em que voc\u00ea pode baixar suas informa\u00e7\u00f5es. Mantivemos a privacidade e a seguran\u00e7a como prioridade, ent\u00e3o todos os dados transferidos s\u00e3o criptografados e, antes que uma transfer\u00eancia seja iniciada, \u00e9 solicitado \u00e0s pessoas que digitem suas senhas.<\/span><\/p>\n<p><span style=\"font-weight: 400\">Come\u00e7amos a testar essa ferramenta na Irlanda, em dezembro de 2019, e continuaremos refinando-a com base no feedback das pessoas que a utilizam, bem como em nossas conversas com as diversas partes interessadas.<\/span><\/p>\n<p><span style=\"font-weight: 400\">Queremos criar solu\u00e7\u00f5es pr\u00e1ticas de portabilidade em que as pessoas possam confiar e usar de maneira eficaz. Para conquistar essa confian\u00e7a, as pessoas e os servi\u00e7os on-line precisam de regras claras sobre quais tipos de dados devem ser port\u00e1veis e quem ser\u00e1 respons\u00e1vel por proteger esses dados \u00e0 medida que eles se deslocam para diferentes servi\u00e7os. Esperamos que este produto possa ajudar a levar adiante o di\u00e1logo em torno das quest\u00f5es de privacidade que identificamos em nosso white paper. Sabemos que n\u00e3o podemos fazer isso sozinhos, por isso incentivamos outras empresas a participar do Data Transfer Project para expandir op\u00e7\u00f5es para as pessoas e continuar a impulsionar a inova\u00e7\u00e3o na portabilidade de dados.<\/span><\/p>\n","protected":false},"excerpt":{"rendered":"Por Steve Satterfield, diretor de Privacidade e Pol\u00edticas P\u00fablicas No Facebook, acreditamos que se voc\u00ea compartilha dados com um servi\u00e7o, voc\u00ea deveria ter a possibilidade de mov\u00ea-los para outro. Esse \u00e9 o princ\u00edpio da portabilidade de dados, que d\u00e1\u00a0 \u00e0s pessoas controle e escolha, ao mesmo tempo que incentiva a inova\u00e7\u00e3o. Hoje, estamos lan\u00e7ando uma nova ferramenta que permite \u00e0s pessoas no Facebook transferirem suas fotos e v\u00eddeos na plataforma diretamente para outros servi\u00e7os, come\u00e7ando pelo Google Fotos. Em setembro, publicamos um white paper que explora as quest\u00f5es de privacidade que estamos discutindo enquanto constru\u00edmos uma nova gera\u00e7\u00e3o de ferramentas de portabilidade de dados. Desde ent\u00e3o, conversamos com interlocutores do mundo todo &#8212; do Reino Unido e Alemanha, ao Brasil e Singapura &#8212; para ter um feedback sobre quais dados deveriam ser port\u00e1veis e como assegurar a prote\u00e7\u00e3o da privacidade ao possibilitarmos a transfer\u00eancias de dados. Aprendemos nas nossas conversas com legisladores, reguladores, acad\u00eamicos, especialistas e outros que casos e ferramentas reais ajudar\u00e3o a avan\u00e7ar as discuss\u00f5es sobre pol\u00edticas. \u00c9 por isso que estamos desenvolvendo novos produtos que levam em considera\u00e7\u00e3o o feedback que recebemos e que contribuir\u00e3o com o avan\u00e7o de pol\u00edticas de portabilidade de dados, fornecendo \u00e0s pessoas e especialistas uma ferramenta para avaliar. H\u00e1 quase uma d\u00e9cada, permitimos que as pessoas baixem suas informa\u00e7\u00f5es do Facebook. A ferramenta de transfer\u00eancia de fotos que estamos lan\u00e7ando \u00e9 baseada no c\u00f3digo desenvolvido por meio da nossa participa\u00e7\u00e3o no c\u00f3digo aberto Data Transfer Project e estar\u00e1 dispon\u00edvel globalmente nos pr\u00f3ximos meses. As pessoas podem acessar essa nova ferramenta nas configura\u00e7\u00f5es do Facebook, em Suas Informa\u00e7\u00f5es do Facebook, o mesmo local em que voc\u00ea pode baixar suas informa\u00e7\u00f5es. Mantivemos a privacidade e a seguran\u00e7a como prioridade, ent\u00e3o todos os dados transferidos s\u00e3o criptografados e, antes que uma transfer\u00eancia seja iniciada, \u00e9 solicitado \u00e0s pessoas que digitem suas senhas. Come\u00e7amos a testar essa ferramenta na Irlanda, em dezembro de 2019, e continuaremos refinando-a com base no feedback das pessoas que a utilizam, bem como em nossas conversas com as diversas partes interessadas. Queremos criar solu\u00e7\u00f5es pr\u00e1ticas de portabilidade em que as pessoas possam confiar e usar de maneira eficaz. Para conquistar essa confian\u00e7a, as pessoas e os servi\u00e7os on-line precisam de regras claras sobre quais tipos de dados devem ser port\u00e1veis e quem ser\u00e1 respons\u00e1vel por proteger esses dados \u00e0 medida que eles se deslocam para diferentes servi\u00e7os. Esperamos que este produto possa ajudar a levar adiante o di\u00e1logo em torno das quest\u00f5es de privacidade que identificamos em nosso white paper. Sabemos que n\u00e3o podemos fazer isso sozinhos, por isso incentivamos outras empresas a participar do Data Transfer Project para expandir op\u00e7\u00f5es para as pessoas e continuar a impulsionar a inova\u00e7\u00e3o na portabilidade de dados.","protected":false},"author":136784655,"featured_media":21113,"comment_status":"closed","ping_status":"closed","sticky":false,"template":"","format":"standard","meta":{"_jetpack_memberships_contains_paid_content":false,"footnotes":""},"categories":[1],"tags":[],"class_list":["post-21105","post","type-post","status-publish","format-standard","has-post-thumbnail","hentry","category-recent-news"],"yoast_head":"<!-- This site is optimized with the Yoast SEO plugin v27.2 - https:\/\/yoast.com\/product\/yoast-seo-wordpress\/ -->\n<title>Impulsionando a inova\u00e7\u00e3o em portabilidade de dados com uma nova ferramenta de transfer\u00eancia de imagens | Sobre a Meta<\/title>\n<meta name=\"robots\" content=\"index, follow, max-snippet:-1, max-image-preview:large, max-video-preview:-1\" \/>\n<link rel=\"canonical\" href=\"https:\/\/about.fb.com\/br\/news\/2020\/02\/impulsionando-a-inovacao-em-portabilidade-de-dados-com-uma-nova-ferramenta-de-transferencia-de-imagens\/\" \/>\n<meta property=\"og:locale\" content=\"pt_BR\" \/>\n<meta property=\"og:type\" content=\"article\" \/>\n<meta property=\"og:title\" content=\"Impulsionando a inova\u00e7\u00e3o em portabilidade de dados com uma nova ferramenta de transfer\u00eancia de imagens | Sobre a Meta\" \/>\n<meta property=\"og:description\" content=\"Por Steve Satterfield, diretor de Privacidade e Pol\u00edticas P\u00fablicas No Facebook, acreditamos que se voc\u00ea compartilha dados com um servi\u00e7o, voc\u00ea deveria ter a possibilidade de mov\u00ea-los para outro. Esse \u00e9 o princ\u00edpio da portabilidade de dados, que d\u00e1\u00a0 \u00e0s pessoas controle e escolha, ao mesmo tempo que incentiva a inova\u00e7\u00e3o. Hoje, estamos lan\u00e7ando uma nova ferramenta que permite \u00e0s pessoas no Facebook transferirem suas fotos e v\u00eddeos na plataforma diretamente para outros servi\u00e7os, come\u00e7ando pelo Google Fotos. Em setembro, publicamos um white paper que explora as quest\u00f5es de privacidade que estamos discutindo enquanto constru\u00edmos uma nova gera\u00e7\u00e3o de ferramentas de portabilidade de dados. Desde ent\u00e3o, conversamos com interlocutores do mundo todo &#8212; do Reino Unido e Alemanha, ao Brasil e Singapura &#8212; para ter um feedback sobre quais dados deveriam ser port\u00e1veis e como assegurar a prote\u00e7\u00e3o da privacidade ao possibilitarmos a transfer\u00eancias de dados. Aprendemos nas nossas conversas com legisladores, reguladores, acad\u00eamicos, especialistas e outros que casos e ferramentas reais ajudar\u00e3o a avan\u00e7ar as discuss\u00f5es sobre pol\u00edticas. \u00c9 por isso que estamos desenvolvendo novos produtos que levam em considera\u00e7\u00e3o o feedback que recebemos e que contribuir\u00e3o com o avan\u00e7o de pol\u00edticas de portabilidade de dados, fornecendo \u00e0s pessoas e especialistas uma ferramenta para avaliar. H\u00e1 quase uma d\u00e9cada, permitimos que as pessoas baixem suas informa\u00e7\u00f5es do Facebook. A ferramenta de transfer\u00eancia de fotos que estamos lan\u00e7ando \u00e9 baseada no c\u00f3digo desenvolvido por meio da nossa participa\u00e7\u00e3o no c\u00f3digo aberto Data Transfer Project e estar\u00e1 dispon\u00edvel globalmente nos pr\u00f3ximos meses. As pessoas podem acessar essa nova ferramenta nas configura\u00e7\u00f5es do Facebook, em Suas Informa\u00e7\u00f5es do Facebook, o mesmo local em que voc\u00ea pode baixar suas informa\u00e7\u00f5es. Mantivemos a privacidade e a seguran\u00e7a como prioridade, ent\u00e3o todos os dados transferidos s\u00e3o criptografados e, antes que uma transfer\u00eancia seja iniciada, \u00e9 solicitado \u00e0s pessoas que digitem suas senhas. Come\u00e7amos a testar essa ferramenta na Irlanda, em dezembro de 2019, e continuaremos refinando-a com base no feedback das pessoas que a utilizam, bem como em nossas conversas com as diversas partes interessadas. Queremos criar solu\u00e7\u00f5es pr\u00e1ticas de portabilidade em que as pessoas possam confiar e usar de maneira eficaz. Para conquistar essa confian\u00e7a, as pessoas e os servi\u00e7os on-line precisam de regras claras sobre quais tipos de dados devem ser port\u00e1veis e quem ser\u00e1 respons\u00e1vel por proteger esses dados \u00e0 medida que eles se deslocam para diferentes servi\u00e7os. Esperamos que este produto possa ajudar a levar adiante o di\u00e1logo em torno das quest\u00f5es de privacidade que identificamos em nosso white paper. Sabemos que n\u00e3o podemos fazer isso sozinhos, por isso incentivamos outras empresas a participar do Data Transfer Project para expandir op\u00e7\u00f5es para as pessoas e continuar a impulsionar a inova\u00e7\u00e3o na portabilidade de dados.\" \/>\n<meta property=\"og:url\" content=\"https:\/\/about.fb.com\/br\/news\/2020\/02\/impulsionando-a-inovacao-em-portabilidade-de-dados-com-uma-nova-ferramenta-de-transferencia-de-imagens\/\" \/>\n<meta property=\"og:site_name\" content=\"Sobre a Meta\" \/>\n<meta property=\"article:published_time\" content=\"2020-02-20T15:28:04+00:00\" \/>\n<meta property=\"article:modified_time\" content=\"2021-06-17T13:09:42+00:00\" \/>\n<meta property=\"og:image\" content=\"https:\/\/about.fb.com\/br\/wp-content\/uploads\/sites\/11\/2020\/02\/DTP_Portuguese_v3-1.gif?fit=960%2C720\" \/>\n\t<meta property=\"og:image:width\" content=\"960\" \/>\n\t<meta property=\"og:image:height\" content=\"720\" \/>\n\t<meta property=\"og:image:type\" content=\"image\/gif\" \/>\n<meta name=\"author\" content=\"stevensondoughty\" \/>\n<meta name=\"twitter:card\" content=\"summary_large_image\" \/>\n<meta name=\"twitter:label1\" content=\"Written by\" \/>\n\t<meta name=\"twitter:data1\" content=\"Meta\" \/>\n\t<meta name=\"twitter:label2\" content=\"Est. reading time\" \/>\n\t<meta name=\"twitter:data2\" content=\"3 minutos\" \/>\n<script type=\"application\/ld+json\" class=\"yoast-schema-graph\">{\"@context\":\"https:\/\/schema.org\",\"@graph\":[{\"@type\":\"Article\",\"@id\":\"https:\/\/about.fb.com\/br\/news\/2020\/02\/impulsionando-a-inovacao-em-portabilidade-de-dados-com-uma-nova-ferramenta-de-transferencia-de-imagens\/#article\",\"isPartOf\":{\"@id\":\"https:\/\/about.fb.com\/br\/news\/2020\/02\/impulsionando-a-inovacao-em-portabilidade-de-dados-com-uma-nova-ferramenta-de-transferencia-de-imagens\/\"},\"author\":\"Facebook company\",\"headline\":\"Impulsionando a inova\u00e7\u00e3o em portabilidade de dados com uma nova ferramenta de transfer\u00eancia de imagens\",\"datePublished\":\"2020-02-20T15:28:04+00:00\",\"dateModified\":\"2021-06-17T13:09:42+00:00\",\"mainEntityOfPage\":{\"@id\":\"https:\/\/about.fb.com\/br\/news\/2020\/02\/impulsionando-a-inovacao-em-portabilidade-de-dados-com-uma-nova-ferramenta-de-transferencia-de-imagens\/\"},\"wordCount\":519,\"publisher\":{\"@id\":\"https:\/\/about.fb.com\/br\/#organization\"},\"image\":{\"@id\":\"https:\/\/about.fb.com\/br\/news\/2020\/02\/impulsionando-a-inovacao-em-portabilidade-de-dados-com-uma-nova-ferramenta-de-transferencia-de-imagens\/#primaryimage\"},\"thumbnailUrl\":\"https:\/\/about.fb.com\/br\/wp-content\/uploads\/sites\/11\/2020\/02\/DTP_Portuguese_v3-1.gif?fit=1200%2C900\",\"articleSection\":[\"Recent News\"],\"inLanguage\":\"pt-BR\"},{\"@type\":\"WebPage\",\"@id\":\"https:\/\/about.fb.com\/br\/news\/2020\/02\/impulsionando-a-inovacao-em-portabilidade-de-dados-com-uma-nova-ferramenta-de-transferencia-de-imagens\/\",\"url\":\"https:\/\/about.fb.com\/br\/news\/2020\/02\/impulsionando-a-inovacao-em-portabilidade-de-dados-com-uma-nova-ferramenta-de-transferencia-de-imagens\/\",\"name\":\"Impulsionando a inova\u00e7\u00e3o em portabilidade de dados com uma nova ferramenta de transfer\u00eancia de imagens | Sobre a Meta\",\"isPartOf\":{\"@id\":\"https:\/\/about.fb.com\/br\/#website\"},\"primaryImageOfPage\":{\"@id\":\"https:\/\/about.fb.com\/br\/news\/2020\/02\/impulsionando-a-inovacao-em-portabilidade-de-dados-com-uma-nova-ferramenta-de-transferencia-de-imagens\/#primaryimage\"},\"image\":{\"@id\":\"https:\/\/about.fb.com\/br\/news\/2020\/02\/impulsionando-a-inovacao-em-portabilidade-de-dados-com-uma-nova-ferramenta-de-transferencia-de-imagens\/#primaryimage\"},\"thumbnailUrl\":\"https:\/\/about.fb.com\/br\/wp-content\/uploads\/sites\/11\/2020\/02\/DTP_Portuguese_v3-1.gif?fit=1200%2C900\",\"datePublished\":\"2020-02-20T15:28:04+00:00\",\"dateModified\":\"2021-06-17T13:09:42+00:00\",\"breadcrumb\":{\"@id\":\"https:\/\/about.fb.com\/br\/news\/2020\/02\/impulsionando-a-inovacao-em-portabilidade-de-dados-com-uma-nova-ferramenta-de-transferencia-de-imagens\/#breadcrumb\"},\"inLanguage\":\"pt-BR\",\"potentialAction\":[{\"@type\":\"ReadAction\",\"target\":[\"https:\/\/about.fb.com\/br\/news\/2020\/02\/impulsionando-a-inovacao-em-portabilidade-de-dados-com-uma-nova-ferramenta-de-transferencia-de-imagens\/\"]}],\"author\":\"Sobre a Meta\"},{\"@type\":\"ImageObject\",\"inLanguage\":\"pt-BR\",\"@id\":\"https:\/\/about.fb.com\/br\/news\/2020\/02\/impulsionando-a-inovacao-em-portabilidade-de-dados-com-uma-nova-ferramenta-de-transferencia-de-imagens\/#primaryimage\",\"url\":\"https:\/\/about.fb.com\/br\/wp-content\/uploads\/sites\/11\/2020\/02\/DTP_Portuguese_v3-1.gif?fit=1200%2C900\",\"contentUrl\":\"https:\/\/about.fb.com\/br\/wp-content\/uploads\/sites\/11\/2020\/02\/DTP_Portuguese_v3-1.gif?fit=1200%2C900\",\"width\":1200,\"height\":900},{\"@type\":\"BreadcrumbList\",\"@id\":\"https:\/\/about.fb.com\/br\/news\/2020\/02\/impulsionando-a-inovacao-em-portabilidade-de-dados-com-uma-nova-ferramenta-de-transferencia-de-imagens\/#breadcrumb\",\"itemListElement\":[{\"@type\":\"ListItem\",\"position\":1,\"name\":\"Home\",\"item\":\"https:\/\/about.fb.com\/br\/\"},{\"@type\":\"ListItem\",\"position\":2,\"name\":\"Impulsionando a inova\u00e7\u00e3o em portabilidade de dados com uma nova ferramenta de transfer\u00eancia de imagens\"}]},{\"@type\":\"WebSite\",\"@id\":\"https:\/\/about.fb.com\/br\/#website\",\"url\":\"https:\/\/about.fb.com\/news\/\",\"name\":\"Sobre a Meta\",\"description\":\"\",\"publisher\":{\"@id\":\"https:\/\/about.fb.com\/br\/#organization\"},\"potentialAction\":[{\"@type\":\"SearchAction\",\"target\":{\"@type\":\"EntryPoint\",\"urlTemplate\":\"https:\/\/about.fb.com\/br\/?s={search_term_string}\"},\"query-input\":{\"@type\":\"PropertyValueSpecification\",\"valueRequired\":true,\"valueName\":\"search_term_string\"}}],\"inLanguage\":\"pt-BR\",\"alternateName\":[\"Meta Newsroom\",\"Meta\"]},{\"@type\":\"Organization\",\"@id\":\"https:\/\/about.fb.com\/br\/#organization\",\"name\":\"Meta\",\"url\":\"https:\/\/about.fb.com\/br\/\",\"logo\":{\"@type\":\"ImageObject\",\"inLanguage\":\"pt-BR\",\"@id\":\"https:\/\/about.fb.com\/br\/#\/schema\/logo\/image\/\",\"url\":\"https:\/\/about.fb.com\/br\/wp-content\/uploads\/sites\/11\/2021\/10\/meta-social-16x9-1.jpg?fit=8000%2C4500\",\"contentUrl\":\"https:\/\/about.fb.com\/br\/wp-content\/uploads\/sites\/11\/2021\/10\/meta-social-16x9-1.jpg?fit=8000%2C4500\",\"width\":8000,\"height\":4500,\"caption\":\"Meta\"},\"image\":{\"@id\":\"https:\/\/about.fb.com\/br\/#\/schema\/logo\/image\/\"}}]}<\/script>\n<!-- \/ Yoast SEO plugin. -->","yoast_head_json":{"title":"Impulsionando a inova\u00e7\u00e3o em portabilidade de dados com uma nova ferramenta de transfer\u00eancia de imagens | Sobre a Meta","robots":{"index":"index","follow":"follow","max-snippet":"max-snippet:-1","max-image-preview":"max-image-preview:large","max-video-preview":"max-video-preview:-1"},"canonical":"https:\/\/about.fb.com\/br\/news\/2020\/02\/impulsionando-a-inovacao-em-portabilidade-de-dados-com-uma-nova-ferramenta-de-transferencia-de-imagens\/","og_locale":"pt_BR","og_type":"article","og_title":"Impulsionando a inova\u00e7\u00e3o em portabilidade de dados com uma nova ferramenta de transfer\u00eancia de imagens | Sobre a Meta","og_description":"Por Steve Satterfield, diretor de Privacidade e Pol\u00edticas P\u00fablicas No Facebook, acreditamos que se voc\u00ea compartilha dados com um servi\u00e7o, voc\u00ea deveria ter a possibilidade de mov\u00ea-los para outro. Esse \u00e9 o princ\u00edpio da portabilidade de dados, que d\u00e1\u00a0 \u00e0s pessoas controle e escolha, ao mesmo tempo que incentiva a inova\u00e7\u00e3o. Hoje, estamos lan\u00e7ando uma nova ferramenta que permite \u00e0s pessoas no Facebook transferirem suas fotos e v\u00eddeos na plataforma diretamente para outros servi\u00e7os, come\u00e7ando pelo Google Fotos. Em setembro, publicamos um white paper que explora as quest\u00f5es de privacidade que estamos discutindo enquanto constru\u00edmos uma nova gera\u00e7\u00e3o de ferramentas de portabilidade de dados. Desde ent\u00e3o, conversamos com interlocutores do mundo todo &#8212; do Reino Unido e Alemanha, ao Brasil e Singapura &#8212; para ter um feedback sobre quais dados deveriam ser port\u00e1veis e como assegurar a prote\u00e7\u00e3o da privacidade ao possibilitarmos a transfer\u00eancias de dados. Aprendemos nas nossas conversas com legisladores, reguladores, acad\u00eamicos, especialistas e outros que casos e ferramentas reais ajudar\u00e3o a avan\u00e7ar as discuss\u00f5es sobre pol\u00edticas. \u00c9 por isso que estamos desenvolvendo novos produtos que levam em considera\u00e7\u00e3o o feedback que recebemos e que contribuir\u00e3o com o avan\u00e7o de pol\u00edticas de portabilidade de dados, fornecendo \u00e0s pessoas e especialistas uma ferramenta para avaliar. H\u00e1 quase uma d\u00e9cada, permitimos que as pessoas baixem suas informa\u00e7\u00f5es do Facebook. A ferramenta de transfer\u00eancia de fotos que estamos lan\u00e7ando \u00e9 baseada no c\u00f3digo desenvolvido por meio da nossa participa\u00e7\u00e3o no c\u00f3digo aberto Data Transfer Project e estar\u00e1 dispon\u00edvel globalmente nos pr\u00f3ximos meses. As pessoas podem acessar essa nova ferramenta nas configura\u00e7\u00f5es do Facebook, em Suas Informa\u00e7\u00f5es do Facebook, o mesmo local em que voc\u00ea pode baixar suas informa\u00e7\u00f5es. Mantivemos a privacidade e a seguran\u00e7a como prioridade, ent\u00e3o todos os dados transferidos s\u00e3o criptografados e, antes que uma transfer\u00eancia seja iniciada, \u00e9 solicitado \u00e0s pessoas que digitem suas senhas. Come\u00e7amos a testar essa ferramenta na Irlanda, em dezembro de 2019, e continuaremos refinando-a com base no feedback das pessoas que a utilizam, bem como em nossas conversas com as diversas partes interessadas. Queremos criar solu\u00e7\u00f5es pr\u00e1ticas de portabilidade em que as pessoas possam confiar e usar de maneira eficaz. Para conquistar essa confian\u00e7a, as pessoas e os servi\u00e7os on-line precisam de regras claras sobre quais tipos de dados devem ser port\u00e1veis e quem ser\u00e1 respons\u00e1vel por proteger esses dados \u00e0 medida que eles se deslocam para diferentes servi\u00e7os. Esperamos que este produto possa ajudar a levar adiante o di\u00e1logo em torno das quest\u00f5es de privacidade que identificamos em nosso white paper. Sabemos que n\u00e3o podemos fazer isso sozinhos, por isso incentivamos outras empresas a participar do Data Transfer Project para expandir op\u00e7\u00f5es para as pessoas e continuar a impulsionar a inova\u00e7\u00e3o na portabilidade de dados.","og_url":"https:\/\/about.fb.com\/br\/news\/2020\/02\/impulsionando-a-inovacao-em-portabilidade-de-dados-com-uma-nova-ferramenta-de-transferencia-de-imagens\/","og_site_name":"Sobre a Meta","article_published_time":"2020-02-20T15:28:04+00:00","article_modified_time":"2021-06-17T13:09:42+00:00","og_image":[{"url":"https:\/\/about.fb.com\/br\/wp-content\/uploads\/sites\/11\/2020\/02\/DTP_Portuguese_v3-1.gif?fit=960%2C720","width":960,"height":720,"type":"image\/gif"}],"author":"stevensondoughty","twitter_card":"summary_large_image","twitter_misc":{"Written by":"Meta","Est. reading time":"3 minutos"},"schema":{"@context":"https:\/\/schema.org","@graph":[{"@type":"Article","@id":"https:\/\/about.fb.com\/br\/news\/2020\/02\/impulsionando-a-inovacao-em-portabilidade-de-dados-com-uma-nova-ferramenta-de-transferencia-de-imagens\/#article","isPartOf":{"@id":"https:\/\/about.fb.com\/br\/news\/2020\/02\/impulsionando-a-inovacao-em-portabilidade-de-dados-com-uma-nova-ferramenta-de-transferencia-de-imagens\/"},"author":"Facebook company","headline":"Impulsionando a inova\u00e7\u00e3o em portabilidade de dados com uma nova ferramenta de transfer\u00eancia de imagens","datePublished":"2020-02-20T15:28:04+00:00","dateModified":"2021-06-17T13:09:42+00:00","mainEntityOfPage":{"@id":"https:\/\/about.fb.com\/br\/news\/2020\/02\/impulsionando-a-inovacao-em-portabilidade-de-dados-com-uma-nova-ferramenta-de-transferencia-de-imagens\/"},"wordCount":519,"publisher":{"@id":"https:\/\/about.fb.com\/br\/#organization"},"image":{"@id":"https:\/\/about.fb.com\/br\/news\/2020\/02\/impulsionando-a-inovacao-em-portabilidade-de-dados-com-uma-nova-ferramenta-de-transferencia-de-imagens\/#primaryimage"},"thumbnailUrl":"https:\/\/about.fb.com\/br\/wp-content\/uploads\/sites\/11\/2020\/02\/DTP_Portuguese_v3-1.gif?fit=1200%2C900","articleSection":["Recent News"],"inLanguage":"pt-BR"},{"@type":"WebPage","@id":"https:\/\/about.fb.com\/br\/news\/2020\/02\/impulsionando-a-inovacao-em-portabilidade-de-dados-com-uma-nova-ferramenta-de-transferencia-de-imagens\/","url":"https:\/\/about.fb.com\/br\/news\/2020\/02\/impulsionando-a-inovacao-em-portabilidade-de-dados-com-uma-nova-ferramenta-de-transferencia-de-imagens\/","name":"Impulsionando a inova\u00e7\u00e3o em portabilidade de dados com uma nova ferramenta de transfer\u00eancia de imagens | Sobre a Meta","isPartOf":{"@id":"https:\/\/about.fb.com\/br\/#website"},"primaryImageOfPage":{"@id":"https:\/\/about.fb.com\/br\/news\/2020\/02\/impulsionando-a-inovacao-em-portabilidade-de-dados-com-uma-nova-ferramenta-de-transferencia-de-imagens\/#primaryimage"},"image":{"@id":"https:\/\/about.fb.com\/br\/news\/2020\/02\/impulsionando-a-inovacao-em-portabilidade-de-dados-com-uma-nova-ferramenta-de-transferencia-de-imagens\/#primaryimage"},"thumbnailUrl":"https:\/\/about.fb.com\/br\/wp-content\/uploads\/sites\/11\/2020\/02\/DTP_Portuguese_v3-1.gif?fit=1200%2C900","datePublished":"2020-02-20T15:28:04+00:00","dateModified":"2021-06-17T13:09:42+00:00","breadcrumb":{"@id":"https:\/\/about.fb.com\/br\/news\/2020\/02\/impulsionando-a-inovacao-em-portabilidade-de-dados-com-uma-nova-ferramenta-de-transferencia-de-imagens\/#breadcrumb"},"inLanguage":"pt-BR","potentialAction":[{"@type":"ReadAction","target":["https:\/\/about.fb.com\/br\/news\/2020\/02\/impulsionando-a-inovacao-em-portabilidade-de-dados-com-uma-nova-ferramenta-de-transferencia-de-imagens\/"]}],"author":"Sobre a Meta"},{"@type":"ImageObject","inLanguage":"pt-BR","@id":"https:\/\/about.fb.com\/br\/news\/2020\/02\/impulsionando-a-inovacao-em-portabilidade-de-dados-com-uma-nova-ferramenta-de-transferencia-de-imagens\/#primaryimage","url":"https:\/\/about.fb.com\/br\/wp-content\/uploads\/sites\/11\/2020\/02\/DTP_Portuguese_v3-1.gif?fit=1200%2C900","contentUrl":"https:\/\/about.fb.com\/br\/wp-content\/uploads\/sites\/11\/2020\/02\/DTP_Portuguese_v3-1.gif?fit=1200%2C900","width":1200,"height":900},{"@type":"BreadcrumbList","@id":"https:\/\/about.fb.com\/br\/news\/2020\/02\/impulsionando-a-inovacao-em-portabilidade-de-dados-com-uma-nova-ferramenta-de-transferencia-de-imagens\/#breadcrumb","itemListElement":[{"@type":"ListItem","position":1,"name":"Home","item":"https:\/\/about.fb.com\/br\/"},{"@type":"ListItem","position":2,"name":"Impulsionando a inova\u00e7\u00e3o em portabilidade de dados com uma nova ferramenta de transfer\u00eancia de imagens"}]},{"@type":"WebSite","@id":"https:\/\/about.fb.com\/br\/#website","url":"https:\/\/about.fb.com\/news\/","name":"Sobre a Meta","description":"","publisher":{"@id":"https:\/\/about.fb.com\/br\/#organization"},"potentialAction":[{"@type":"SearchAction","target":{"@type":"EntryPoint","urlTemplate":"https:\/\/about.fb.com\/br\/?s={search_term_string}"},"query-input":{"@type":"PropertyValueSpecification","valueRequired":true,"valueName":"search_term_string"}}],"inLanguage":"pt-BR","alternateName":["Meta Newsroom","Meta"]},{"@type":"Organization","@id":"https:\/\/about.fb.com\/br\/#organization","name":"Meta","url":"https:\/\/about.fb.com\/br\/","logo":{"@type":"ImageObject","inLanguage":"pt-BR","@id":"https:\/\/about.fb.com\/br\/#\/schema\/logo\/image\/","url":"https:\/\/about.fb.com\/br\/wp-content\/uploads\/sites\/11\/2021\/10\/meta-social-16x9-1.jpg?fit=8000%2C4500","contentUrl":"https:\/\/about.fb.com\/br\/wp-content\/uploads\/sites\/11\/2021\/10\/meta-social-16x9-1.jpg?fit=8000%2C4500","width":8000,"height":4500,"caption":"Meta"},"image":{"@id":"https:\/\/about.fb.com\/br\/#\/schema\/logo\/image\/"}}]}},"jetpack_featured_media_url":"https:\/\/about.fb.com\/br\/wp-content\/uploads\/sites\/11\/2020\/02\/DTP_Portuguese_v3-1.gif?fit=1200%2C900","jetpack-related-posts":[{"id":26118,"url":"https:\/\/about.fb.com\/br\/news\/2025\/01\/refletindo-sobre-o-investimento-de-us-8-bilhoes-da-meta-em-privacidade\/","url_meta":{"origin":21105,"position":0},"title":"Refletindo sobre o investimento de US$ 8 bilh\u00f5es da Meta em privacidade","author":"Meta","date":"28\/01\/2025","format":false,"excerpt":"Nos \u00faltimos anos, na Meta, destacamos o Dia da Privacidade de Dados com uma retrospectiva de nossos marcos de privacidade do ano anterior. Quando olhamos para tr\u00e1s, para nossas inova\u00e7\u00f5es tecnol\u00f3gicas de 2024, o denominador comum em todas elas \u00e9 uma base s\u00f3lida de privacidade. Essa base s\u00f3 foi poss\u00edvel\u2026","rel":"","context":"In &quot;Recent News&quot;","block_context":{"text":"Recent News","link":"https:\/\/about.fb.com\/br\/news\/category\/recent-news\/"},"img":{"alt_text":"","src":"","width":0,"height":0},"classes":[]},{"id":26358,"url":"https:\/\/about.fb.com\/br\/news\/2025\/04\/tudo-o-que-anunciamos-no-nosso-primeiro-llamacon\/","url_meta":{"origin":21105,"position":1},"title":"Tudo o que anunciamos no nosso primeiro LlamaCon","author":"Meta","date":"29\/04\/2025","format":false,"excerpt":"O LlamaCon come\u00e7ou oficialmente. Nosso evento inaugural integra desenvolvedores do mundo todo que t\u00eam algo em comum: a paix\u00e3o por construir com o Llama. J\u00e1 se passaram pouco mais de dois anos desde o lan\u00e7amento do Llama. Nesse per\u00edodo, ultrapassamos a marca de um bilh\u00e3o de downloads e, o mais\u2026","rel":"","context":"In &quot;Recent News&quot;","block_context":{"text":"Recent News","link":"https:\/\/about.fb.com\/br\/news\/category\/recent-news\/"},"img":{"alt_text":"","src":"https:\/\/about.fb.com\/br\/wp-content\/uploads\/sites\/11\/2025\/04\/493340882_1363289474727356_6058337847885698893_n.png?fit=1920%2C1080&resize=350%2C200","width":350,"height":200,"srcset":"https:\/\/about.fb.com\/br\/wp-content\/uploads\/sites\/11\/2025\/04\/493340882_1363289474727356_6058337847885698893_n.png?fit=1920%2C1080&resize=350%2C200 1x, https:\/\/about.fb.com\/br\/wp-content\/uploads\/sites\/11\/2025\/04\/493340882_1363289474727356_6058337847885698893_n.png?fit=1920%2C1080&resize=525%2C300 1.5x, https:\/\/about.fb.com\/br\/wp-content\/uploads\/sites\/11\/2025\/04\/493340882_1363289474727356_6058337847885698893_n.png?fit=1920%2C1080&resize=700%2C400 2x, https:\/\/about.fb.com\/br\/wp-content\/uploads\/sites\/11\/2025\/04\/493340882_1363289474727356_6058337847885698893_n.png?fit=1920%2C1080&resize=1050%2C600 3x, https:\/\/about.fb.com\/br\/wp-content\/uploads\/sites\/11\/2025\/04\/493340882_1363289474727356_6058337847885698893_n.png?fit=1920%2C1080&resize=1400%2C800 4x"},"classes":[]},{"id":26854,"url":"https:\/\/about.fb.com\/br\/news\/2025\/12\/facilitando-a-criacao-descoberta-e-compartilhamento-de-conteudo-no-facebook\/","url_meta":{"origin":21105,"position":2},"title":"Facilitando a cria\u00e7\u00e3o, descoberta e compartilhamento de conte\u00fado no Facebook","author":"Meta","date":"09\/12\/2025","format":false,"excerpt":"O foco do Facebook sempre foi facilitar a conex\u00e3o com as pessoas e coisas que voc\u00ea ama. Hoje, apresentamos melhorias que ajudam a eliminar distra\u00e7\u00f5es, permitindo que voc\u00ea atualize seu perfil, encontre novos conte\u00fados pela busca e aproveite fotos e v\u00eddeos no Feed. Feed mais inteligente, limpo e navega\u00e7\u00e3o simplificada\u2026","rel":"","context":"In &quot;Facebook&quot;","block_context":{"text":"Facebook","link":"https:\/\/about.fb.com\/br\/news\/category\/technologies\/facebook\/"},"img":{"alt_text":"","src":"https:\/\/about.fb.com\/br\/wp-content\/uploads\/sites\/11\/2025\/12\/Facebook-Profile-Simplification_Header.png?fit=1920%2C1080&resize=350%2C200","width":350,"height":200,"srcset":"https:\/\/about.fb.com\/br\/wp-content\/uploads\/sites\/11\/2025\/12\/Facebook-Profile-Simplification_Header.png?fit=1920%2C1080&resize=350%2C200 1x, https:\/\/about.fb.com\/br\/wp-content\/uploads\/sites\/11\/2025\/12\/Facebook-Profile-Simplification_Header.png?fit=1920%2C1080&resize=525%2C300 1.5x, https:\/\/about.fb.com\/br\/wp-content\/uploads\/sites\/11\/2025\/12\/Facebook-Profile-Simplification_Header.png?fit=1920%2C1080&resize=700%2C400 2x, https:\/\/about.fb.com\/br\/wp-content\/uploads\/sites\/11\/2025\/12\/Facebook-Profile-Simplification_Header.png?fit=1920%2C1080&resize=1050%2C600 3x, https:\/\/about.fb.com\/br\/wp-content\/uploads\/sites\/11\/2025\/12\/Facebook-Profile-Simplification_Header.png?fit=1920%2C1080&resize=1400%2C800 4x"},"classes":[]},{"id":26470,"url":"https:\/\/about.fb.com\/br\/news\/2025\/06\/ajudamos-voce-a-encontrar-mais-canais-e-empresas-no-whatsapp\/","url_meta":{"origin":21105,"position":3},"title":"Ajudamos voc\u00ea a encontrar mais canais e empresas no WhatsApp","author":"Meta","date":"16\/06\/2025","format":false,"excerpt":"Estamos lan\u00e7ando hoje novos recursos para a aba Atualiza\u00e7\u00f5es, onde voc\u00ea encontra os canais e o status. Nos \u00faltimos dois anos, trabalhamos para que essa aba se tornasse um espa\u00e7o em que voc\u00ea pode encontrar coisas novas no WhatsApp. Agora, ela j\u00e1 \u00e9 usada por 1,5 bilh\u00e3o de pessoas todos\u2026","rel":"","context":"In &quot;Recent News&quot;","block_context":{"text":"Recent News","link":"https:\/\/about.fb.com\/br\/news\/category\/recent-news\/"},"img":{"alt_text":"","src":"https:\/\/about.fb.com\/br\/wp-content\/uploads\/sites\/11\/2025\/06\/Brazilian-Portuguese_helping-you-find-more-channels-and-businesses-on-whatsapp-1.pt_BR.png?fit=1920%2C1080&resize=350%2C200","width":350,"height":200,"srcset":"https:\/\/about.fb.com\/br\/wp-content\/uploads\/sites\/11\/2025\/06\/Brazilian-Portuguese_helping-you-find-more-channels-and-businesses-on-whatsapp-1.pt_BR.png?fit=1920%2C1080&resize=350%2C200 1x, https:\/\/about.fb.com\/br\/wp-content\/uploads\/sites\/11\/2025\/06\/Brazilian-Portuguese_helping-you-find-more-channels-and-businesses-on-whatsapp-1.pt_BR.png?fit=1920%2C1080&resize=525%2C300 1.5x, https:\/\/about.fb.com\/br\/wp-content\/uploads\/sites\/11\/2025\/06\/Brazilian-Portuguese_helping-you-find-more-channels-and-businesses-on-whatsapp-1.pt_BR.png?fit=1920%2C1080&resize=700%2C400 2x, https:\/\/about.fb.com\/br\/wp-content\/uploads\/sites\/11\/2025\/06\/Brazilian-Portuguese_helping-you-find-more-channels-and-businesses-on-whatsapp-1.pt_BR.png?fit=1920%2C1080&resize=1050%2C600 3x, https:\/\/about.fb.com\/br\/wp-content\/uploads\/sites\/11\/2025\/06\/Brazilian-Portuguese_helping-you-find-more-channels-and-businesses-on-whatsapp-1.pt_BR.png?fit=1920%2C1080&resize=1400%2C800 4x"},"classes":[]},{"id":26752,"url":"https:\/\/about.fb.com\/br\/news\/2025\/10\/mes-da-conscientizacao-sobre-ciberseguranca-ajudando-idosos-a-evitar-golpes-online\/","url_meta":{"origin":21105,"position":4},"title":"M\u00eas da Conscientiza\u00e7\u00e3o sobre Ciberseguran\u00e7a: Ajudando idosos a evitar golpes online","author":"Meta","date":"21\/10\/2025","format":false,"excerpt":"O Relat\u00f3rio de Crimes Cibern\u00e9ticos de 2024 do FBI indica que adultos com 60 anos ou mais nos EUA perderam um valor combinado de 4,8 bilh\u00f5es de d\u00f3lares em golpes somente em\u00a0 2024. Criminosos usam uma variedade de t\u00e1ticas para ganhar a confian\u00e7a das pessoas e, em determinadas circunst\u00e2ncias, comprometem\u2026","rel":"","context":"In &quot;Dados e Privacidade&quot;","block_context":{"text":"Dados e Privacidade","link":"https:\/\/about.fb.com\/br\/news\/category\/temas-home\/dados-e-privacidade\/"},"img":{"alt_text":"","src":"https:\/\/about.fb.com\/br\/wp-content\/uploads\/sites\/11\/2025\/10\/Cybersecurity-Awareness-Month_Header.jpg?fit=1920%2C1080&resize=350%2C200","width":350,"height":200,"srcset":"https:\/\/about.fb.com\/br\/wp-content\/uploads\/sites\/11\/2025\/10\/Cybersecurity-Awareness-Month_Header.jpg?fit=1920%2C1080&resize=350%2C200 1x, https:\/\/about.fb.com\/br\/wp-content\/uploads\/sites\/11\/2025\/10\/Cybersecurity-Awareness-Month_Header.jpg?fit=1920%2C1080&resize=525%2C300 1.5x, https:\/\/about.fb.com\/br\/wp-content\/uploads\/sites\/11\/2025\/10\/Cybersecurity-Awareness-Month_Header.jpg?fit=1920%2C1080&resize=700%2C400 2x, https:\/\/about.fb.com\/br\/wp-content\/uploads\/sites\/11\/2025\/10\/Cybersecurity-Awareness-Month_Header.jpg?fit=1920%2C1080&resize=1050%2C600 3x, https:\/\/about.fb.com\/br\/wp-content\/uploads\/sites\/11\/2025\/10\/Cybersecurity-Awareness-Month_Header.jpg?fit=1920%2C1080&resize=1400%2C800 4x"},"classes":[]},{"id":26696,"url":"https:\/\/about.fb.com\/br\/news\/2025\/10\/desempenho-potencializado-por-ia-para-o-agora-e-o-futuro\/","url_meta":{"origin":21105,"position":5},"title":"Desempenho potencializado por IA para o agora e o futuro","author":"Meta","date":"02\/10\/2025","format":false,"excerpt":"Para os profissionais de marketing, cada ponto de desempenho incremental pode significar a diferen\u00e7a entre empatar e bater recordes. Por isso, a Meta continua investindo em solu\u00e7\u00f5es l\u00edderes com IA, incluindo o Advantage+ e a infraestrutura que o sustenta, para ajudar empresas, anunciantes e ag\u00eancias a expandirem rapidamente. Estamos escrevendo\u2026","rel":"","context":"In &quot;Meta&quot;","block_context":{"text":"Meta","link":"https:\/\/about.fb.com\/br\/news\/category\/temas-home\/meta\/"},"img":{"alt_text":"","src":"https:\/\/about.fb.com\/br\/wp-content\/uploads\/sites\/11\/2025\/07\/Logo-Meta-1.jpg?fit=633%2C356&resize=350%2C200","width":350,"height":200,"srcset":"https:\/\/about.fb.com\/br\/wp-content\/uploads\/sites\/11\/2025\/07\/Logo-Meta-1.jpg?fit=633%2C356&resize=350%2C200 1x, https:\/\/about.fb.com\/br\/wp-content\/uploads\/sites\/11\/2025\/07\/Logo-Meta-1.jpg?fit=633%2C356&resize=525%2C300 1.5x"},"classes":[]}],"jetpack_sharing_enabled":true,"amp_enabled":true,"_links":{"self":[{"href":"https:\/\/about.fb.com\/br\/wp-json\/wp\/v2\/posts\/21105","targetHints":{"allow":["GET"]}}],"collection":[{"href":"https:\/\/about.fb.com\/br\/wp-json\/wp\/v2\/posts"}],"about":[{"href":"https:\/\/about.fb.com\/br\/wp-json\/wp\/v2\/types\/post"}],"author":[{"embeddable":true,"href":"https:\/\/about.fb.com\/br\/wp-json\/wp\/v2\/users\/136784655"}],"replies":[{"embeddable":true,"href":"https:\/\/about.fb.com\/br\/wp-json\/wp\/v2\/comments?post=21105"}],"version-history":[{"count":1,"href":"https:\/\/about.fb.com\/br\/wp-json\/wp\/v2\/posts\/21105\/revisions"}],"predecessor-version":[{"id":21114,"href":"https:\/\/about.fb.com\/br\/wp-json\/wp\/v2\/posts\/21105\/revisions\/21114"}],"wp:featuredmedia":[{"embeddable":true,"href":"https:\/\/about.fb.com\/br\/wp-json\/wp\/v2\/media\/21113"}],"wp:attachment":[{"href":"https:\/\/about.fb.com\/br\/wp-json\/wp\/v2\/media?parent=21105"}],"wp:term":[{"taxonomy":"category","embeddable":true,"href":"https:\/\/about.fb.com\/br\/wp-json\/wp\/v2\/categories?post=21105"},{"taxonomy":"post_tag","embeddable":true,"href":"https:\/\/about.fb.com\/br\/wp-json\/wp\/v2\/tags?post=21105"}],"curies":[{"name":"wp","href":"https:\/\/api.w.org\/{rel}","templated":true}]}}